{"id":4323,"date":"2020-01-03T02:06:07","date_gmt":"2020-01-03T02:06:07","guid":{"rendered":"http:\/\/blgnoticiassantodomingo.net\/?p=4323"},"modified":"2020-01-03T02:06:07","modified_gmt":"2020-01-03T02:06:07","slug":"al-menos-18-muertos-se-registran-en-accidente-de-avion-militar-en-sudan","status":"publish","type":"post","link":"https:\/\/blgnoticiassantodomingo.net\/index.php\/2020\/01\/03\/al-menos-18-muertos-se-registran-en-accidente-de-avion-militar-en-sudan\/","title":{"rendered":"Al menos 18 muertos se registran en accidente de avi\u00f3n militar en Sud\u00e1n"},"content":{"rendered":"\n<p><strong>Globovision<\/strong><\/p>\n\n\n\n<p>Dieciocho personas, incluidos cuatro ni\u00f1os, murieron este jueves en el accidente de un avi\u00f3n militar sudan\u00e9s tras despegar de\u00a0<strong>Darfur<\/strong>, en el<strong>\u00a0oeste de Sud\u00e1n<\/strong>, adonde hab\u00eda llevado ayuda humanitaria, indic\u00f3 el ej\u00e9rcito en un comunicado.<\/p>\n\n\n\n<blockquote class=\"wp-block-quote is-layout-flow wp-block-quote-is-layout-flow\"><p>El avi\u00f3n se estrell\u00f3 cinco minutos despu\u00e9s del despegue en el aeropuerto de&nbsp;<strong>Geneina<\/strong>, capital del estado de&nbsp;<strong>Darfur-Oeste<\/strong>, escenario en los \u00faltimos d\u00edas de unos combates entre tribus que dejaron cerca de 50 muertos. Se est\u00e1n investigando las causas del accidente, se\u00f1al\u00f3 el ej\u00e9rcito.<\/p><\/blockquote>\n\n\n\n<p>\u201cUn avi\u00f3n militar&nbsp;<strong>Antonov 12<\/strong>&nbsp;se estrell\u00f3 despu\u00e9s de haber despegado de&nbsp;<strong>Geneina<\/strong>. Todos sus ocupantes, siete miembros de la tripulaci\u00f3n, tres jueces y ocho civiles, incluyendo cuatro ni\u00f1os, murieron\u201d, afirm\u00f3 el portavoz militar&nbsp;<strong>Amer Mohammed Al Hasan<\/strong>, en el comunicado.<\/p>\n\n\n\n<p>Previamente, una fuente militar hab\u00eda informado del accidente de un avi\u00f3n que hab\u00eda transportado ayuda humanitaria a los habitantes afectados por la violencia en&nbsp;<strong>Geneina<\/strong>, aunque no aport\u00f3 m\u00e1s detalles, rese\u00f1\u00f3 la agencia de noticias&nbsp;<strong>EFE<\/strong>.&nbsp;<\/p>\n\n\n\n<p>Seg\u00fan la&nbsp;<strong>Media Luna Roja<\/strong>&nbsp;local, al menos 48 personas murieron y 241 resultaron heridas el domingo y el lunes durante unos combates entre tribus rivales, \u00e1rabe y africana, en&nbsp;<strong>Geneina, Darfur<\/strong>, una regi\u00f3n devastada por la violencia desde 2003.<\/p>\n\n\n\n<blockquote class=\"wp-block-quote is-layout-flow wp-block-quote-is-layout-flow\"><p>Diecinueve heridos est\u00e1n en estado cr\u00edtico y fueron trasladados a Jartum, a 1.100 km al este de Geneina.<\/p><\/blockquote>\n","protected":false},"excerpt":{"rendered":"<p>Globovision Dieciocho personas, incluidos cuatro ni\u00f1os, murieron este jueves en el accidente de un avi\u00f3n militar sudan\u00e9s tras despegar de\u00a0Darfur, en el\u00a0oeste de Sud\u00e1n, adonde hab\u00eda llevado ayuda humanitaria, indic\u00f3 el ej\u00e9rcito en un comunicado. El avi\u00f3n se estrell\u00f3 cinco minutos despu\u00e9s del despegue en el aeropuerto de&nbsp;Geneina, capital del estado de&nbsp;Darfur-Oeste, escenario en los [&hellip;]<\/p>\n","protected":false},"author":2,"featured_media":4324,"comment_status":"open","ping_status":"open","sticky":false,"template":"","format":"standard","meta":{"footnotes":""},"categories":[221],"tags":[697,1053,1052],"class_list":{"0":"post-4323","1":"post","2":"type-post","3":"status-publish","4":"format-standard","5":"has-post-thumbnail","7":"category-internacionales","8":"tag-accidente","9":"tag-avion-militar","10":"tag-sudan"},"yoast_head":"<!-- This site is optimized with the Yoast SEO plugin v24.9 - https:\/\/yoast.com\/wordpress\/plugins\/seo\/ -->\n<title>Al menos 18 muertos se registran en accidente de avi\u00f3n militar en Sud\u00e1n - BLG Noticias<\/title>\n<meta name=\"robots\" content=\"index, follow, max-snippet:-1, max-image-preview:large, max-video-preview:-1\" \/>\n<link rel=\"canonical\" href=\"https:\/\/blgnoticiassantodomingo.net\/index.php\/2020\/01\/03\/al-menos-18-muertos-se-registran-en-accidente-de-avion-militar-en-sudan\/\" \/>\n<meta property=\"og:locale\" content=\"es_ES\" \/>\n<meta property=\"og:type\" content=\"article\" \/>\n<meta property=\"og:title\" content=\"Al menos 18 muertos se registran en accidente de avi\u00f3n militar en Sud\u00e1n - BLG Noticias\" \/>\n<meta property=\"og:description\" content=\"Globovision Dieciocho personas, incluidos cuatro ni\u00f1os, murieron este jueves en el accidente de un avi\u00f3n militar sudan\u00e9s tras despegar de\u00a0Darfur, en el\u00a0oeste de Sud\u00e1n, adonde hab\u00eda llevado ayuda humanitaria, indic\u00f3 el ej\u00e9rcito en un comunicado. El avi\u00f3n se estrell\u00f3 cinco minutos despu\u00e9s del despegue en el aeropuerto de&nbsp;Geneina, capital del estado de&nbsp;Darfur-Oeste, escenario en los [&hellip;]\" \/>\n<meta property=\"og:url\" content=\"https:\/\/blgnoticiassantodomingo.net\/index.php\/2020\/01\/03\/al-menos-18-muertos-se-registran-en-accidente-de-avion-militar-en-sudan\/\" \/>\n<meta property=\"og:site_name\" content=\"BLG Noticias\" \/>\n<meta property=\"article:publisher\" content=\"https:\/\/web.facebook.com\/BlgNoticias\/?locale=es_LA&amp;_rdc=1&amp;_rdr\" \/>\n<meta property=\"article:published_time\" content=\"2020-01-03T02:06:07+00:00\" \/>\n<meta property=\"og:image\" content=\"https:\/\/blgnoticiassantodomingo.net\/wp-content\/uploads\/2020\/01\/d45a0aedef9343349c8d8d2104c0e24d.jpg\" \/>\n\t<meta property=\"og:image:width\" content=\"847\" \/>\n\t<meta property=\"og:image:height\" content=\"477\" \/>\n\t<meta property=\"og:image:type\" content=\"image\/jpeg\" \/>\n<meta name=\"author\" content=\"Brenda Guerrero\" \/>\n<meta name=\"twitter:card\" content=\"summary_large_image\" \/>\n<meta name=\"twitter:creator\" content=\"@BlgNoticias\" \/>\n<meta name=\"twitter:site\" content=\"@BlgNoticias\" \/>\n<meta name=\"twitter:label1\" content=\"Escrito por\" \/>\n\t<meta name=\"twitter:data1\" content=\"Brenda Guerrero\" \/>\n\t<meta name=\"twitter:label2\" content=\"Tiempo de lectura\" \/>\n\t<meta name=\"twitter:data2\" content=\"1 minuto\" \/>\n<script type=\"application\/ld+json\" class=\"yoast-schema-graph\">{\"@context\":\"https:\/\/schema.org\",\"@graph\":[{\"@type\":\"Article\",\"@id\":\"https:\/\/blgnoticiassantodomingo.net\/index.php\/2020\/01\/03\/al-menos-18-muertos-se-registran-en-accidente-de-avion-militar-en-sudan\/#article\",\"isPartOf\":{\"@id\":\"https:\/\/blgnoticiassantodomingo.net\/index.php\/2020\/01\/03\/al-menos-18-muertos-se-registran-en-accidente-de-avion-militar-en-sudan\/\"},\"author\":{\"name\":\"Brenda Guerrero\",\"@id\":\"https:\/\/blgnoticiassantodomingo.net\/#\/schema\/person\/e2fc21cf88acc63dbd134be981bff374\"},\"headline\":\"Al menos 18 muertos se registran en accidente de avi\u00f3n militar en Sud\u00e1n\",\"datePublished\":\"2020-01-03T02:06:07+00:00\",\"mainEntityOfPage\":{\"@id\":\"https:\/\/blgnoticiassantodomingo.net\/index.php\/2020\/01\/03\/al-menos-18-muertos-se-registran-en-accidente-de-avion-militar-en-sudan\/\"},\"wordCount\":261,\"commentCount\":0,\"publisher\":{\"@id\":\"https:\/\/blgnoticiassantodomingo.net\/#organization\"},\"image\":{\"@id\":\"https:\/\/blgnoticiassantodomingo.net\/index.php\/2020\/01\/03\/al-menos-18-muertos-se-registran-en-accidente-de-avion-militar-en-sudan\/#primaryimage\"},\"thumbnailUrl\":\"https:\/\/blgnoticiassantodomingo.net\/wp-content\/uploads\/2020\/01\/d45a0aedef9343349c8d8d2104c0e24d.jpg\",\"keywords\":[\"Accidente\",\"Avion Militar\",\"Sud\u00e1n\"],\"articleSection\":[\"Internacionales\"],\"inLanguage\":\"es\",\"potentialAction\":[{\"@type\":\"CommentAction\",\"name\":\"Comment\",\"target\":[\"https:\/\/blgnoticiassantodomingo.net\/index.php\/2020\/01\/03\/al-menos-18-muertos-se-registran-en-accidente-de-avion-militar-en-sudan\/#respond\"]}]},{\"@type\":\"WebPage\",\"@id\":\"https:\/\/blgnoticiassantodomingo.net\/index.php\/2020\/01\/03\/al-menos-18-muertos-se-registran-en-accidente-de-avion-militar-en-sudan\/\",\"url\":\"https:\/\/blgnoticiassantodomingo.net\/index.php\/2020\/01\/03\/al-menos-18-muertos-se-registran-en-accidente-de-avion-militar-en-sudan\/\",\"name\":\"Al menos 18 muertos se registran en accidente de avi\u00f3n militar en Sud\u00e1n - BLG Noticias\",\"isPartOf\":{\"@id\":\"https:\/\/blgnoticiassantodomingo.net\/#website\"},\"primaryImageOfPage\":{\"@id\":\"https:\/\/blgnoticiassantodomingo.net\/index.php\/2020\/01\/03\/al-menos-18-muertos-se-registran-en-accidente-de-avion-militar-en-sudan\/#primaryimage\"},\"image\":{\"@id\":\"https:\/\/blgnoticiassantodomingo.net\/index.php\/2020\/01\/03\/al-menos-18-muertos-se-registran-en-accidente-de-avion-militar-en-sudan\/#primaryimage\"},\"thumbnailUrl\":\"https:\/\/blgnoticiassantodomingo.net\/wp-content\/uploads\/2020\/01\/d45a0aedef9343349c8d8d2104c0e24d.jpg\",\"datePublished\":\"2020-01-03T02:06:07+00:00\",\"breadcrumb\":{\"@id\":\"https:\/\/blgnoticiassantodomingo.net\/index.php\/2020\/01\/03\/al-menos-18-muertos-se-registran-en-accidente-de-avion-militar-en-sudan\/#breadcrumb\"},\"inLanguage\":\"es\",\"potentialAction\":[{\"@type\":\"ReadAction\",\"target\":[\"https:\/\/blgnoticiassantodomingo.net\/index.php\/2020\/01\/03\/al-menos-18-muertos-se-registran-en-accidente-de-avion-militar-en-sudan\/\"]}]},{\"@type\":\"ImageObject\",\"inLanguage\":\"es\",\"@id\":\"https:\/\/blgnoticiassantodomingo.net\/index.php\/2020\/01\/03\/al-menos-18-muertos-se-registran-en-accidente-de-avion-militar-en-sudan\/#primaryimage\",\"url\":\"https:\/\/blgnoticiassantodomingo.net\/wp-content\/uploads\/2020\/01\/d45a0aedef9343349c8d8d2104c0e24d.jpg\",\"contentUrl\":\"https:\/\/blgnoticiassantodomingo.net\/wp-content\/uploads\/2020\/01\/d45a0aedef9343349c8d8d2104c0e24d.jpg\",\"width\":847,\"height\":477},{\"@type\":\"BreadcrumbList\",\"@id\":\"https:\/\/blgnoticiassantodomingo.net\/index.php\/2020\/01\/03\/al-menos-18-muertos-se-registran-en-accidente-de-avion-militar-en-sudan\/#breadcrumb\",\"itemListElement\":[{\"@type\":\"ListItem\",\"position\":1,\"name\":\"Portada\",\"item\":\"https:\/\/blgnoticiassantodomingo.net\/\"},{\"@type\":\"ListItem\",\"position\":2,\"name\":\"Al menos 18 muertos se registran en accidente de avi\u00f3n militar en Sud\u00e1n\"}]},{\"@type\":\"WebSite\",\"@id\":\"https:\/\/blgnoticiassantodomingo.net\/#website\",\"url\":\"https:\/\/blgnoticiassantodomingo.net\/\",\"name\":\"BLG Noticias\",\"description\":\"Esto es Noticias\",\"publisher\":{\"@id\":\"https:\/\/blgnoticiassantodomingo.net\/#organization\"},\"potentialAction\":[{\"@type\":\"SearchAction\",\"target\":{\"@type\":\"EntryPoint\",\"urlTemplate\":\"https:\/\/blgnoticiassantodomingo.net\/?s={search_term_string}\"},\"query-input\":{\"@type\":\"PropertyValueSpecification\",\"valueRequired\":true,\"valueName\":\"search_term_string\"}}],\"inLanguage\":\"es\"},{\"@type\":\"Organization\",\"@id\":\"https:\/\/blgnoticiassantodomingo.net\/#organization\",\"name\":\"BLG Noticias\",\"url\":\"https:\/\/blgnoticiassantodomingo.net\/\",\"logo\":{\"@type\":\"ImageObject\",\"inLanguage\":\"es\",\"@id\":\"https:\/\/blgnoticiassantodomingo.net\/#\/schema\/logo\/image\/\",\"url\":\"https:\/\/blgnoticiassantodomingo.net\/wp-content\/uploads\/2023\/12\/Diseno-sin-titulo-3.jpg\",\"contentUrl\":\"https:\/\/blgnoticiassantodomingo.net\/wp-content\/uploads\/2023\/12\/Diseno-sin-titulo-3.jpg\",\"width\":500,\"height\":500,\"caption\":\"BLG Noticias\"},\"image\":{\"@id\":\"https:\/\/blgnoticiassantodomingo.net\/#\/schema\/logo\/image\/\"},\"sameAs\":[\"https:\/\/web.facebook.com\/BlgNoticias\/?locale=es_LA&_rdc=1&_rdr\",\"https:\/\/x.com\/BlgNoticias\",\"https:\/\/www.linkedin.com\/in\/brenda-l-santana-aa846279\/\"]},{\"@type\":\"Person\",\"@id\":\"https:\/\/blgnoticiassantodomingo.net\/#\/schema\/person\/e2fc21cf88acc63dbd134be981bff374\",\"name\":\"Brenda Guerrero\",\"image\":{\"@type\":\"ImageObject\",\"inLanguage\":\"es\",\"@id\":\"https:\/\/blgnoticiassantodomingo.net\/#\/schema\/person\/image\/\",\"url\":\"https:\/\/secure.gravatar.com\/avatar\/2f7fc4c3e3655be1580cb684bfd8ab19be702ae20879da1e072021daa02f9b8b?s=96&d=wp_user_avatar&r=g\",\"contentUrl\":\"https:\/\/secure.gravatar.com\/avatar\/2f7fc4c3e3655be1580cb684bfd8ab19be702ae20879da1e072021daa02f9b8b?s=96&d=wp_user_avatar&r=g\",\"caption\":\"Brenda Guerrero\"},\"description\":\"Periodista\",\"url\":\"https:\/\/blgnoticiassantodomingo.net\/index.php\/author\/brenda-guerrero\/\"}]}<\/script>\n<!-- \/ Yoast SEO plugin. -->","yoast_head_json":{"title":"Al menos 18 muertos se registran en accidente de avi\u00f3n militar en Sud\u00e1n - BLG Noticias","robots":{"index":"index","follow":"follow","max-snippet":"max-snippet:-1","max-image-preview":"max-image-preview:large","max-video-preview":"max-video-preview:-1"},"canonical":"https:\/\/blgnoticiassantodomingo.net\/index.php\/2020\/01\/03\/al-menos-18-muertos-se-registran-en-accidente-de-avion-militar-en-sudan\/","og_locale":"es_ES","og_type":"article","og_title":"Al menos 18 muertos se registran en accidente de avi\u00f3n militar en Sud\u00e1n - BLG Noticias","og_description":"Globovision Dieciocho personas, incluidos cuatro ni\u00f1os, murieron este jueves en el accidente de un avi\u00f3n militar sudan\u00e9s tras despegar de\u00a0Darfur, en el\u00a0oeste de Sud\u00e1n, adonde hab\u00eda llevado ayuda humanitaria, indic\u00f3 el ej\u00e9rcito en un comunicado. El avi\u00f3n se estrell\u00f3 cinco minutos despu\u00e9s del despegue en el aeropuerto de&nbsp;Geneina, capital del estado de&nbsp;Darfur-Oeste, escenario en los [&hellip;]","og_url":"https:\/\/blgnoticiassantodomingo.net\/index.php\/2020\/01\/03\/al-menos-18-muertos-se-registran-en-accidente-de-avion-militar-en-sudan\/","og_site_name":"BLG Noticias","article_publisher":"https:\/\/web.facebook.com\/BlgNoticias\/?locale=es_LA&_rdc=1&_rdr","article_published_time":"2020-01-03T02:06:07+00:00","og_image":[{"width":847,"height":477,"url":"https:\/\/blgnoticiassantodomingo.net\/wp-content\/uploads\/2020\/01\/d45a0aedef9343349c8d8d2104c0e24d.jpg","type":"image\/jpeg"}],"author":"Brenda Guerrero","twitter_card":"summary_large_image","twitter_creator":"@BlgNoticias","twitter_site":"@BlgNoticias","twitter_misc":{"Escrito por":"Brenda Guerrero","Tiempo de lectura":"1 minuto"},"schema":{"@context":"https:\/\/schema.org","@graph":[{"@type":"Article","@id":"https:\/\/blgnoticiassantodomingo.net\/index.php\/2020\/01\/03\/al-menos-18-muertos-se-registran-en-accidente-de-avion-militar-en-sudan\/#article","isPartOf":{"@id":"https:\/\/blgnoticiassantodomingo.net\/index.php\/2020\/01\/03\/al-menos-18-muertos-se-registran-en-accidente-de-avion-militar-en-sudan\/"},"author":{"name":"Brenda Guerrero","@id":"https:\/\/blgnoticiassantodomingo.net\/#\/schema\/person\/e2fc21cf88acc63dbd134be981bff374"},"headline":"Al menos 18 muertos se registran en accidente de avi\u00f3n militar en Sud\u00e1n","datePublished":"2020-01-03T02:06:07+00:00","mainEntityOfPage":{"@id":"https:\/\/blgnoticiassantodomingo.net\/index.php\/2020\/01\/03\/al-menos-18-muertos-se-registran-en-accidente-de-avion-militar-en-sudan\/"},"wordCount":261,"commentCount":0,"publisher":{"@id":"https:\/\/blgnoticiassantodomingo.net\/#organization"},"image":{"@id":"https:\/\/blgnoticiassantodomingo.net\/index.php\/2020\/01\/03\/al-menos-18-muertos-se-registran-en-accidente-de-avion-militar-en-sudan\/#primaryimage"},"thumbnailUrl":"https:\/\/blgnoticiassantodomingo.net\/wp-content\/uploads\/2020\/01\/d45a0aedef9343349c8d8d2104c0e24d.jpg","keywords":["Accidente","Avion Militar","Sud\u00e1n"],"articleSection":["Internacionales"],"inLanguage":"es","potentialAction":[{"@type":"CommentAction","name":"Comment","target":["https:\/\/blgnoticiassantodomingo.net\/index.php\/2020\/01\/03\/al-menos-18-muertos-se-registran-en-accidente-de-avion-militar-en-sudan\/#respond"]}]},{"@type":"WebPage","@id":"https:\/\/blgnoticiassantodomingo.net\/index.php\/2020\/01\/03\/al-menos-18-muertos-se-registran-en-accidente-de-avion-militar-en-sudan\/","url":"https:\/\/blgnoticiassantodomingo.net\/index.php\/2020\/01\/03\/al-menos-18-muertos-se-registran-en-accidente-de-avion-militar-en-sudan\/","name":"Al menos 18 muertos se registran en accidente de avi\u00f3n militar en Sud\u00e1n - BLG Noticias","isPartOf":{"@id":"https:\/\/blgnoticiassantodomingo.net\/#website"},"primaryImageOfPage":{"@id":"https:\/\/blgnoticiassantodomingo.net\/index.php\/2020\/01\/03\/al-menos-18-muertos-se-registran-en-accidente-de-avion-militar-en-sudan\/#primaryimage"},"image":{"@id":"https:\/\/blgnoticiassantodomingo.net\/index.php\/2020\/01\/03\/al-menos-18-muertos-se-registran-en-accidente-de-avion-militar-en-sudan\/#primaryimage"},"thumbnailUrl":"https:\/\/blgnoticiassantodomingo.net\/wp-content\/uploads\/2020\/01\/d45a0aedef9343349c8d8d2104c0e24d.jpg","datePublished":"2020-01-03T02:06:07+00:00","breadcrumb":{"@id":"https:\/\/blgnoticiassantodomingo.net\/index.php\/2020\/01\/03\/al-menos-18-muertos-se-registran-en-accidente-de-avion-militar-en-sudan\/#breadcrumb"},"inLanguage":"es","potentialAction":[{"@type":"ReadAction","target":["https:\/\/blgnoticiassantodomingo.net\/index.php\/2020\/01\/03\/al-menos-18-muertos-se-registran-en-accidente-de-avion-militar-en-sudan\/"]}]},{"@type":"ImageObject","inLanguage":"es","@id":"https:\/\/blgnoticiassantodomingo.net\/index.php\/2020\/01\/03\/al-menos-18-muertos-se-registran-en-accidente-de-avion-militar-en-sudan\/#primaryimage","url":"https:\/\/blgnoticiassantodomingo.net\/wp-content\/uploads\/2020\/01\/d45a0aedef9343349c8d8d2104c0e24d.jpg","contentUrl":"https:\/\/blgnoticiassantodomingo.net\/wp-content\/uploads\/2020\/01\/d45a0aedef9343349c8d8d2104c0e24d.jpg","width":847,"height":477},{"@type":"BreadcrumbList","@id":"https:\/\/blgnoticiassantodomingo.net\/index.php\/2020\/01\/03\/al-menos-18-muertos-se-registran-en-accidente-de-avion-militar-en-sudan\/#breadcrumb","itemListElement":[{"@type":"ListItem","position":1,"name":"Portada","item":"https:\/\/blgnoticiassantodomingo.net\/"},{"@type":"ListItem","position":2,"name":"Al menos 18 muertos se registran en accidente de avi\u00f3n militar en Sud\u00e1n"}]},{"@type":"WebSite","@id":"https:\/\/blgnoticiassantodomingo.net\/#website","url":"https:\/\/blgnoticiassantodomingo.net\/","name":"BLG Noticias","description":"Esto es Noticias","publisher":{"@id":"https:\/\/blgnoticiassantodomingo.net\/#organization"},"potentialAction":[{"@type":"SearchAction","target":{"@type":"EntryPoint","urlTemplate":"https:\/\/blgnoticiassantodomingo.net\/?s={search_term_string}"},"query-input":{"@type":"PropertyValueSpecification","valueRequired":true,"valueName":"search_term_string"}}],"inLanguage":"es"},{"@type":"Organization","@id":"https:\/\/blgnoticiassantodomingo.net\/#organization","name":"BLG Noticias","url":"https:\/\/blgnoticiassantodomingo.net\/","logo":{"@type":"ImageObject","inLanguage":"es","@id":"https:\/\/blgnoticiassantodomingo.net\/#\/schema\/logo\/image\/","url":"https:\/\/blgnoticiassantodomingo.net\/wp-content\/uploads\/2023\/12\/Diseno-sin-titulo-3.jpg","contentUrl":"https:\/\/blgnoticiassantodomingo.net\/wp-content\/uploads\/2023\/12\/Diseno-sin-titulo-3.jpg","width":500,"height":500,"caption":"BLG Noticias"},"image":{"@id":"https:\/\/blgnoticiassantodomingo.net\/#\/schema\/logo\/image\/"},"sameAs":["https:\/\/web.facebook.com\/BlgNoticias\/?locale=es_LA&_rdc=1&_rdr","https:\/\/x.com\/BlgNoticias","https:\/\/www.linkedin.com\/in\/brenda-l-santana-aa846279\/"]},{"@type":"Person","@id":"https:\/\/blgnoticiassantodomingo.net\/#\/schema\/person\/e2fc21cf88acc63dbd134be981bff374","name":"Brenda Guerrero","image":{"@type":"ImageObject","inLanguage":"es","@id":"https:\/\/blgnoticiassantodomingo.net\/#\/schema\/person\/image\/","url":"https:\/\/secure.gravatar.com\/avatar\/2f7fc4c3e3655be1580cb684bfd8ab19be702ae20879da1e072021daa02f9b8b?s=96&d=wp_user_avatar&r=g","contentUrl":"https:\/\/secure.gravatar.com\/avatar\/2f7fc4c3e3655be1580cb684bfd8ab19be702ae20879da1e072021daa02f9b8b?s=96&d=wp_user_avatar&r=g","caption":"Brenda Guerrero"},"description":"Periodista","url":"https:\/\/blgnoticiassantodomingo.net\/index.php\/author\/brenda-guerrero\/"}]}},"jetpack_featured_media_url":"https:\/\/blgnoticiassantodomingo.net\/wp-content\/uploads\/2020\/01\/d45a0aedef9343349c8d8d2104c0e24d.jpg","_links":{"self":[{"href":"https:\/\/blgnoticiassantodomingo.net\/index.php\/wp-json\/wp\/v2\/posts\/4323","targetHints":{"allow":["GET"]}}],"collection":[{"href":"https:\/\/blgnoticiassantodomingo.net\/index.php\/wp-json\/wp\/v2\/posts"}],"about":[{"href":"https:\/\/blgnoticiassantodomingo.net\/index.php\/wp-json\/wp\/v2\/types\/post"}],"author":[{"embeddable":true,"href":"https:\/\/blgnoticiassantodomingo.net\/index.php\/wp-json\/wp\/v2\/users\/2"}],"replies":[{"embeddable":true,"href":"https:\/\/blgnoticiassantodomingo.net\/index.php\/wp-json\/wp\/v2\/comments?post=4323"}],"version-history":[{"count":1,"href":"https:\/\/blgnoticiassantodomingo.net\/index.php\/wp-json\/wp\/v2\/posts\/4323\/revisions"}],"predecessor-version":[{"id":4325,"href":"https:\/\/blgnoticiassantodomingo.net\/index.php\/wp-json\/wp\/v2\/posts\/4323\/revisions\/4325"}],"wp:featuredmedia":[{"embeddable":true,"href":"https:\/\/blgnoticiassantodomingo.net\/index.php\/wp-json\/wp\/v2\/media\/4324"}],"wp:attachment":[{"href":"https:\/\/blgnoticiassantodomingo.net\/index.php\/wp-json\/wp\/v2\/media?parent=4323"}],"wp:term":[{"taxonomy":"category","embeddable":true,"href":"https:\/\/blgnoticiassantodomingo.net\/index.php\/wp-json\/wp\/v2\/categories?post=4323"},{"taxonomy":"post_tag","embeddable":true,"href":"https:\/\/blgnoticiassantodomingo.net\/index.php\/wp-json\/wp\/v2\/tags?post=4323"}],"curies":[{"name":"wp","href":"https:\/\/api.w.org\/{rel}","templated":true}]}}