{"id":39981,"date":"2024-04-09T12:20:45","date_gmt":"2024-04-09T16:20:45","guid":{"rendered":"https:\/\/blgnoticiassantodomingo.net\/?p=39981"},"modified":"2024-04-09T12:20:46","modified_gmt":"2024-04-09T16:20:46","slug":"alcaldesa-carolina-mejia-viaja-a-europa-para-fortalecer-lazos-internacionales-y-promover-el-desarrollo-local","status":"publish","type":"post","link":"https:\/\/blgnoticiassantodomingo.net\/index.php\/2024\/04\/09\/alcaldesa-carolina-mejia-viaja-a-europa-para-fortalecer-lazos-internacionales-y-promover-el-desarrollo-local\/","title":{"rendered":"Alcaldesa Carolina Mej\u00eda viaja a Europa para fortalecer lazos internacionales y promover el desarrollo local"},"content":{"rendered":"\n<p>Santo Domingo D.N.- La alcaldesa del Distrito Nacional, Carolina Mej\u00eda, viaj\u00f3 ayer lunes hacia Madrid para cumplir con una agenda oficial municipal, acad\u00e9mica y pol\u00edtica, que incluye reuniones bilaterales y firma de acuerdos, as\u00ed como su investidura como Acad\u00e9mica de Honor en la Real Academia de Doctores de Espa\u00f1a (RAED).<\/p>\n\n\n\n<p>Carolina tiene agenda en Sevilla, Lugo y Barcelona, donde sostendr\u00e1 reuniones con alcaldes y autoridades locales para discutir temas de cooperaci\u00f3n intermunicipal y desarrollo urbano.<\/p>\n\n\n\n<p><strong>Firma de acuerdo<\/strong><\/p>\n\n\n\n<p>Este martes, la alcaldesa Carolina Mej\u00eda lleg\u00f3 a Sevilla, donde se reuni\u00f3 con el alcalde, Jos\u00e9 Luis Sanz y sostendr\u00e1 un encuentro con el arzobispo Jos\u00e9 \u00c1ngel Saiz Meneses en el Palacio Arzobispal. Durante la tarde, firmar\u00e1 un convenio con la Universidad de Sevilla con el objetivo de fortalecer la cooperaci\u00f3n acad\u00e9mica y cultural.&nbsp;<\/p>\n\n\n\n<p>El mi\u00e9rcoles, la alcaldesa continuar\u00e1 su agenda en Sevilla donde sostendr\u00e1 reuniones con autoridades locales y empresarios de la ciudad. Tambi\u00e9n firmar\u00e1 acuerdos con representantes del sector empresarial y realizar\u00e1 visitas a hermandades locales, adem\u00e1s de una reuni\u00f3n con la domunidad dominicana.<\/p>\n\n\n\n<p>La agenda de la alcaldesa continuar\u00e1 el jueves en Galicia, donde tiene previsto participar en actividades con empresarios, autoridades locales y la comunidad dominicana. Sostendr\u00e1 un encuentro con la Confederaci\u00f3n de Empresarios de Galicia, el arzobispo de Santiago y la alcaldesa de Lugo, entre otros.<\/p>\n\n\n\n<p>El viernes, la alcaldesa partir\u00e1 hacia Milano donde sostendr\u00e1 una visita al Parlamento y al ayuntamiento. La agenda de Mej\u00eda continuar\u00e1 en Barcelona, donde tiene previsto participar en actividades pol\u00edticas y acad\u00e9micas, as\u00ed como en encuentros con la comunidad dominicana y autoridades locales.<\/p>\n\n\n\n<p>La alcaldesa, quien adem\u00e1s es Secretaria General del Partido Revolucionario Moderno (PRM), partido de Gobierno de Rep\u00fablica Dominicana, ha sido invitada &nbsp;a encuentros con l\u00edderes del Partido Socialista Obrero Espa\u00f1ol (PSOE) en Madrid, Andaluc\u00eda y Galicia.<\/p>\n\n\n\n<p><strong>Investidura Acad\u00e9mica<\/strong><\/p>\n\n\n\n<p>Durante su viaje, la alcaldesa ser\u00e1 investida como Acad\u00e9mica de Honor en la Real Academia de Doctores de Espa\u00f1a (RAED) en Barcelona, en reconocimiento a su labor y contribuci\u00f3n al desarrollo acad\u00e9mico y cultural.<\/p>\n","protected":false},"excerpt":{"rendered":"<p>Santo Domingo D.N.- La alcaldesa del Distrito Nacional, Carolina Mej\u00eda, viaj\u00f3 ayer lunes hacia Madrid para cumplir con una agenda oficial municipal, acad\u00e9mica y pol\u00edtica, que incluye reuniones bilaterales y firma de acuerdos, as\u00ed como su investidura como Acad\u00e9mica de Honor en la Real Academia de Doctores de Espa\u00f1a (RAED). Carolina tiene agenda en Sevilla, [&hellip;]<\/p>\n","protected":false},"author":2,"featured_media":39982,"comment_status":"open","ping_status":"open","sticky":true,"template":"","format":"standard","meta":{"footnotes":""},"categories":[220],"tags":[9796,9797],"class_list":{"0":"post-39981","1":"post","2":"type-post","3":"status-publish","4":"format-standard","5":"has-post-thumbnail","7":"category-nacionales","9":"tag-real-academia-de-doctores-de-espana"},"yoast_head":"<!-- This site is optimized with the Yoast SEO plugin v24.9 - https:\/\/yoast.com\/wordpress\/plugins\/seo\/ -->\n<title>Alcaldesa Carolina Mej\u00eda viaja a Europa para fortalecer lazos internacionales y promover el desarrollo local - BLG Noticias<\/title>\n<meta name=\"robots\" content=\"index, follow, max-snippet:-1, max-image-preview:large, max-video-preview:-1\" \/>\n<link rel=\"canonical\" href=\"https:\/\/blgnoticiassantodomingo.net\/index.php\/2024\/04\/09\/alcaldesa-carolina-mejia-viaja-a-europa-para-fortalecer-lazos-internacionales-y-promover-el-desarrollo-local\/\" \/>\n<meta property=\"og:locale\" content=\"es_ES\" \/>\n<meta property=\"og:type\" content=\"article\" \/>\n<meta property=\"og:title\" content=\"Alcaldesa Carolina Mej\u00eda viaja a Europa para fortalecer lazos internacionales y promover el desarrollo local - BLG Noticias\" \/>\n<meta property=\"og:description\" content=\"Santo Domingo D.N.- La alcaldesa del Distrito Nacional, Carolina Mej\u00eda, viaj\u00f3 ayer lunes hacia Madrid para cumplir con una agenda oficial municipal, acad\u00e9mica y pol\u00edtica, que incluye reuniones bilaterales y firma de acuerdos, as\u00ed como su investidura como Acad\u00e9mica de Honor en la Real Academia de Doctores de Espa\u00f1a (RAED). Carolina tiene agenda en Sevilla, [&hellip;]\" \/>\n<meta property=\"og:url\" content=\"https:\/\/blgnoticiassantodomingo.net\/index.php\/2024\/04\/09\/alcaldesa-carolina-mejia-viaja-a-europa-para-fortalecer-lazos-internacionales-y-promover-el-desarrollo-local\/\" \/>\n<meta property=\"og:site_name\" content=\"BLG Noticias\" \/>\n<meta property=\"article:publisher\" content=\"https:\/\/web.facebook.com\/BlgNoticias\/?locale=es_LA&amp;_rdc=1&amp;_rdr\" \/>\n<meta property=\"article:published_time\" content=\"2024-04-09T16:20:45+00:00\" \/>\n<meta property=\"article:modified_time\" content=\"2024-04-09T16:20:46+00:00\" \/>\n<meta property=\"og:image\" content=\"http:\/\/blgnoticiassantodomingo.net\/wp-content\/uploads\/2024\/04\/WhatsApp-Image-2024-04-09-at-10.50.44-AM.jpeg\" \/>\n\t<meta property=\"og:image:width\" content=\"598\" \/>\n\t<meta property=\"og:image:height\" content=\"1280\" \/>\n\t<meta property=\"og:image:type\" content=\"image\/jpeg\" \/>\n<meta name=\"author\" content=\"Brenda Guerrero\" \/>\n<meta name=\"twitter:card\" content=\"summary_large_image\" \/>\n<meta name=\"twitter:creator\" content=\"@BlgNoticias\" \/>\n<meta name=\"twitter:site\" content=\"@BlgNoticias\" \/>\n<meta name=\"twitter:label1\" content=\"Escrito por\" \/>\n\t<meta name=\"twitter:data1\" content=\"Brenda Guerrero\" \/>\n\t<meta name=\"twitter:label2\" content=\"Tiempo de lectura\" \/>\n\t<meta name=\"twitter:data2\" content=\"2 minutos\" \/>\n<script type=\"application\/ld+json\" class=\"yoast-schema-graph\">{\"@context\":\"https:\/\/schema.org\",\"@graph\":[{\"@type\":\"Article\",\"@id\":\"https:\/\/blgnoticiassantodomingo.net\/index.php\/2024\/04\/09\/alcaldesa-carolina-mejia-viaja-a-europa-para-fortalecer-lazos-internacionales-y-promover-el-desarrollo-local\/#article\",\"isPartOf\":{\"@id\":\"https:\/\/blgnoticiassantodomingo.net\/index.php\/2024\/04\/09\/alcaldesa-carolina-mejia-viaja-a-europa-para-fortalecer-lazos-internacionales-y-promover-el-desarrollo-local\/\"},\"author\":{\"name\":\"Brenda Guerrero\",\"@id\":\"https:\/\/blgnoticiassantodomingo.net\/#\/schema\/person\/e2fc21cf88acc63dbd134be981bff374\"},\"headline\":\"Alcaldesa Carolina Mej\u00eda viaja a Europa para fortalecer lazos internacionales y promover el desarrollo local\",\"datePublished\":\"2024-04-09T16:20:45+00:00\",\"dateModified\":\"2024-04-09T16:20:46+00:00\",\"mainEntityOfPage\":{\"@id\":\"https:\/\/blgnoticiassantodomingo.net\/index.php\/2024\/04\/09\/alcaldesa-carolina-mejia-viaja-a-europa-para-fortalecer-lazos-internacionales-y-promover-el-desarrollo-local\/\"},\"wordCount\":381,\"commentCount\":0,\"publisher\":{\"@id\":\"https:\/\/blgnoticiassantodomingo.net\/#organization\"},\"image\":{\"@id\":\"https:\/\/blgnoticiassantodomingo.net\/index.php\/2024\/04\/09\/alcaldesa-carolina-mejia-viaja-a-europa-para-fortalecer-lazos-internacionales-y-promover-el-desarrollo-local\/#primaryimage\"},\"thumbnailUrl\":\"https:\/\/blgnoticiassantodomingo.net\/wp-content\/uploads\/2024\/04\/WhatsApp-Image-2024-04-09-at-10.50.44-AM.jpeg\",\"keywords\":[\"Alcaldesa Carolina Mej\u00eda\",\"Real Academia de Doctores de Espa\u00f1a\"],\"articleSection\":[\"Nacionales\"],\"inLanguage\":\"es\",\"potentialAction\":[{\"@type\":\"CommentAction\",\"name\":\"Comment\",\"target\":[\"https:\/\/blgnoticiassantodomingo.net\/index.php\/2024\/04\/09\/alcaldesa-carolina-mejia-viaja-a-europa-para-fortalecer-lazos-internacionales-y-promover-el-desarrollo-local\/#respond\"]}]},{\"@type\":\"WebPage\",\"@id\":\"https:\/\/blgnoticiassantodomingo.net\/index.php\/2024\/04\/09\/alcaldesa-carolina-mejia-viaja-a-europa-para-fortalecer-lazos-internacionales-y-promover-el-desarrollo-local\/\",\"url\":\"https:\/\/blgnoticiassantodomingo.net\/index.php\/2024\/04\/09\/alcaldesa-carolina-mejia-viaja-a-europa-para-fortalecer-lazos-internacionales-y-promover-el-desarrollo-local\/\",\"name\":\"Alcaldesa Carolina Mej\u00eda viaja a Europa para fortalecer lazos internacionales y promover el desarrollo local - BLG Noticias\",\"isPartOf\":{\"@id\":\"https:\/\/blgnoticiassantodomingo.net\/#website\"},\"primaryImageOfPage\":{\"@id\":\"https:\/\/blgnoticiassantodomingo.net\/index.php\/2024\/04\/09\/alcaldesa-carolina-mejia-viaja-a-europa-para-fortalecer-lazos-internacionales-y-promover-el-desarrollo-local\/#primaryimage\"},\"image\":{\"@id\":\"https:\/\/blgnoticiassantodomingo.net\/index.php\/2024\/04\/09\/alcaldesa-carolina-mejia-viaja-a-europa-para-fortalecer-lazos-internacionales-y-promover-el-desarrollo-local\/#primaryimage\"},\"thumbnailUrl\":\"https:\/\/blgnoticiassantodomingo.net\/wp-content\/uploads\/2024\/04\/WhatsApp-Image-2024-04-09-at-10.50.44-AM.jpeg\",\"datePublished\":\"2024-04-09T16:20:45+00:00\",\"dateModified\":\"2024-04-09T16:20:46+00:00\",\"breadcrumb\":{\"@id\":\"https:\/\/blgnoticiassantodomingo.net\/index.php\/2024\/04\/09\/alcaldesa-carolina-mejia-viaja-a-europa-para-fortalecer-lazos-internacionales-y-promover-el-desarrollo-local\/#breadcrumb\"},\"inLanguage\":\"es\",\"potentialAction\":[{\"@type\":\"ReadAction\",\"target\":[\"https:\/\/blgnoticiassantodomingo.net\/index.php\/2024\/04\/09\/alcaldesa-carolina-mejia-viaja-a-europa-para-fortalecer-lazos-internacionales-y-promover-el-desarrollo-local\/\"]}]},{\"@type\":\"ImageObject\",\"inLanguage\":\"es\",\"@id\":\"https:\/\/blgnoticiassantodomingo.net\/index.php\/2024\/04\/09\/alcaldesa-carolina-mejia-viaja-a-europa-para-fortalecer-lazos-internacionales-y-promover-el-desarrollo-local\/#primaryimage\",\"url\":\"https:\/\/blgnoticiassantodomingo.net\/wp-content\/uploads\/2024\/04\/WhatsApp-Image-2024-04-09-at-10.50.44-AM.jpeg\",\"contentUrl\":\"https:\/\/blgnoticiassantodomingo.net\/wp-content\/uploads\/2024\/04\/WhatsApp-Image-2024-04-09-at-10.50.44-AM.jpeg\",\"width\":598,\"height\":1280},{\"@type\":\"BreadcrumbList\",\"@id\":\"https:\/\/blgnoticiassantodomingo.net\/index.php\/2024\/04\/09\/alcaldesa-carolina-mejia-viaja-a-europa-para-fortalecer-lazos-internacionales-y-promover-el-desarrollo-local\/#breadcrumb\",\"itemListElement\":[{\"@type\":\"ListItem\",\"position\":1,\"name\":\"Portada\",\"item\":\"https:\/\/blgnoticiassantodomingo.net\/\"},{\"@type\":\"ListItem\",\"position\":2,\"name\":\"Alcaldesa Carolina Mej\u00eda viaja a Europa para fortalecer lazos internacionales y promover el desarrollo local\"}]},{\"@type\":\"WebSite\",\"@id\":\"https:\/\/blgnoticiassantodomingo.net\/#website\",\"url\":\"https:\/\/blgnoticiassantodomingo.net\/\",\"name\":\"BLG Noticias\",\"description\":\"Esto es Noticias\",\"publisher\":{\"@id\":\"https:\/\/blgnoticiassantodomingo.net\/#organization\"},\"potentialAction\":[{\"@type\":\"SearchAction\",\"target\":{\"@type\":\"EntryPoint\",\"urlTemplate\":\"https:\/\/blgnoticiassantodomingo.net\/?s={search_term_string}\"},\"query-input\":{\"@type\":\"PropertyValueSpecification\",\"valueRequired\":true,\"valueName\":\"search_term_string\"}}],\"inLanguage\":\"es\"},{\"@type\":\"Organization\",\"@id\":\"https:\/\/blgnoticiassantodomingo.net\/#organization\",\"name\":\"BLG Noticias\",\"url\":\"https:\/\/blgnoticiassantodomingo.net\/\",\"logo\":{\"@type\":\"ImageObject\",\"inLanguage\":\"es\",\"@id\":\"https:\/\/blgnoticiassantodomingo.net\/#\/schema\/logo\/image\/\",\"url\":\"https:\/\/blgnoticiassantodomingo.net\/wp-content\/uploads\/2023\/12\/Diseno-sin-titulo-3.jpg\",\"contentUrl\":\"https:\/\/blgnoticiassantodomingo.net\/wp-content\/uploads\/2023\/12\/Diseno-sin-titulo-3.jpg\",\"width\":500,\"height\":500,\"caption\":\"BLG Noticias\"},\"image\":{\"@id\":\"https:\/\/blgnoticiassantodomingo.net\/#\/schema\/logo\/image\/\"},\"sameAs\":[\"https:\/\/web.facebook.com\/BlgNoticias\/?locale=es_LA&_rdc=1&_rdr\",\"https:\/\/x.com\/BlgNoticias\",\"https:\/\/www.linkedin.com\/in\/brenda-l-santana-aa846279\/\"]},{\"@type\":\"Person\",\"@id\":\"https:\/\/blgnoticiassantodomingo.net\/#\/schema\/person\/e2fc21cf88acc63dbd134be981bff374\",\"name\":\"Brenda Guerrero\",\"image\":{\"@type\":\"ImageObject\",\"inLanguage\":\"es\",\"@id\":\"https:\/\/blgnoticiassantodomingo.net\/#\/schema\/person\/image\/\",\"url\":\"https:\/\/secure.gravatar.com\/avatar\/2f7fc4c3e3655be1580cb684bfd8ab19be702ae20879da1e072021daa02f9b8b?s=96&d=wp_user_avatar&r=g\",\"contentUrl\":\"https:\/\/secure.gravatar.com\/avatar\/2f7fc4c3e3655be1580cb684bfd8ab19be702ae20879da1e072021daa02f9b8b?s=96&d=wp_user_avatar&r=g\",\"caption\":\"Brenda Guerrero\"},\"description\":\"Periodista\",\"url\":\"https:\/\/blgnoticiassantodomingo.net\/index.php\/author\/brenda-guerrero\/\"}]}<\/script>\n<!-- \/ Yoast SEO plugin. -->","yoast_head_json":{"title":"Alcaldesa Carolina Mej\u00eda viaja a Europa para fortalecer lazos internacionales y promover el desarrollo local - BLG Noticias","robots":{"index":"index","follow":"follow","max-snippet":"max-snippet:-1","max-image-preview":"max-image-preview:large","max-video-preview":"max-video-preview:-1"},"canonical":"https:\/\/blgnoticiassantodomingo.net\/index.php\/2024\/04\/09\/alcaldesa-carolina-mejia-viaja-a-europa-para-fortalecer-lazos-internacionales-y-promover-el-desarrollo-local\/","og_locale":"es_ES","og_type":"article","og_title":"Alcaldesa Carolina Mej\u00eda viaja a Europa para fortalecer lazos internacionales y promover el desarrollo local - BLG Noticias","og_description":"Santo Domingo D.N.- La alcaldesa del Distrito Nacional, Carolina Mej\u00eda, viaj\u00f3 ayer lunes hacia Madrid para cumplir con una agenda oficial municipal, acad\u00e9mica y pol\u00edtica, que incluye reuniones bilaterales y firma de acuerdos, as\u00ed como su investidura como Acad\u00e9mica de Honor en la Real Academia de Doctores de Espa\u00f1a (RAED). Carolina tiene agenda en Sevilla, [&hellip;]","og_url":"https:\/\/blgnoticiassantodomingo.net\/index.php\/2024\/04\/09\/alcaldesa-carolina-mejia-viaja-a-europa-para-fortalecer-lazos-internacionales-y-promover-el-desarrollo-local\/","og_site_name":"BLG Noticias","article_publisher":"https:\/\/web.facebook.com\/BlgNoticias\/?locale=es_LA&_rdc=1&_rdr","article_published_time":"2024-04-09T16:20:45+00:00","article_modified_time":"2024-04-09T16:20:46+00:00","og_image":[{"width":598,"height":1280,"url":"http:\/\/blgnoticiassantodomingo.net\/wp-content\/uploads\/2024\/04\/WhatsApp-Image-2024-04-09-at-10.50.44-AM.jpeg","type":"image\/jpeg"}],"author":"Brenda Guerrero","twitter_card":"summary_large_image","twitter_creator":"@BlgNoticias","twitter_site":"@BlgNoticias","twitter_misc":{"Escrito por":"Brenda Guerrero","Tiempo de lectura":"2 minutos"},"schema":{"@context":"https:\/\/schema.org","@graph":[{"@type":"Article","@id":"https:\/\/blgnoticiassantodomingo.net\/index.php\/2024\/04\/09\/alcaldesa-carolina-mejia-viaja-a-europa-para-fortalecer-lazos-internacionales-y-promover-el-desarrollo-local\/#article","isPartOf":{"@id":"https:\/\/blgnoticiassantodomingo.net\/index.php\/2024\/04\/09\/alcaldesa-carolina-mejia-viaja-a-europa-para-fortalecer-lazos-internacionales-y-promover-el-desarrollo-local\/"},"author":{"name":"Brenda Guerrero","@id":"https:\/\/blgnoticiassantodomingo.net\/#\/schema\/person\/e2fc21cf88acc63dbd134be981bff374"},"headline":"Alcaldesa Carolina Mej\u00eda viaja a Europa para fortalecer lazos internacionales y promover el desarrollo local","datePublished":"2024-04-09T16:20:45+00:00","dateModified":"2024-04-09T16:20:46+00:00","mainEntityOfPage":{"@id":"https:\/\/blgnoticiassantodomingo.net\/index.php\/2024\/04\/09\/alcaldesa-carolina-mejia-viaja-a-europa-para-fortalecer-lazos-internacionales-y-promover-el-desarrollo-local\/"},"wordCount":381,"commentCount":0,"publisher":{"@id":"https:\/\/blgnoticiassantodomingo.net\/#organization"},"image":{"@id":"https:\/\/blgnoticiassantodomingo.net\/index.php\/2024\/04\/09\/alcaldesa-carolina-mejia-viaja-a-europa-para-fortalecer-lazos-internacionales-y-promover-el-desarrollo-local\/#primaryimage"},"thumbnailUrl":"https:\/\/blgnoticiassantodomingo.net\/wp-content\/uploads\/2024\/04\/WhatsApp-Image-2024-04-09-at-10.50.44-AM.jpeg","keywords":["Alcaldesa Carolina Mej\u00eda","Real Academia de Doctores de Espa\u00f1a"],"articleSection":["Nacionales"],"inLanguage":"es","potentialAction":[{"@type":"CommentAction","name":"Comment","target":["https:\/\/blgnoticiassantodomingo.net\/index.php\/2024\/04\/09\/alcaldesa-carolina-mejia-viaja-a-europa-para-fortalecer-lazos-internacionales-y-promover-el-desarrollo-local\/#respond"]}]},{"@type":"WebPage","@id":"https:\/\/blgnoticiassantodomingo.net\/index.php\/2024\/04\/09\/alcaldesa-carolina-mejia-viaja-a-europa-para-fortalecer-lazos-internacionales-y-promover-el-desarrollo-local\/","url":"https:\/\/blgnoticiassantodomingo.net\/index.php\/2024\/04\/09\/alcaldesa-carolina-mejia-viaja-a-europa-para-fortalecer-lazos-internacionales-y-promover-el-desarrollo-local\/","name":"Alcaldesa Carolina Mej\u00eda viaja a Europa para fortalecer lazos internacionales y promover el desarrollo local - BLG Noticias","isPartOf":{"@id":"https:\/\/blgnoticiassantodomingo.net\/#website"},"primaryImageOfPage":{"@id":"https:\/\/blgnoticiassantodomingo.net\/index.php\/2024\/04\/09\/alcaldesa-carolina-mejia-viaja-a-europa-para-fortalecer-lazos-internacionales-y-promover-el-desarrollo-local\/#primaryimage"},"image":{"@id":"https:\/\/blgnoticiassantodomingo.net\/index.php\/2024\/04\/09\/alcaldesa-carolina-mejia-viaja-a-europa-para-fortalecer-lazos-internacionales-y-promover-el-desarrollo-local\/#primaryimage"},"thumbnailUrl":"https:\/\/blgnoticiassantodomingo.net\/wp-content\/uploads\/2024\/04\/WhatsApp-Image-2024-04-09-at-10.50.44-AM.jpeg","datePublished":"2024-04-09T16:20:45+00:00","dateModified":"2024-04-09T16:20:46+00:00","breadcrumb":{"@id":"https:\/\/blgnoticiassantodomingo.net\/index.php\/2024\/04\/09\/alcaldesa-carolina-mejia-viaja-a-europa-para-fortalecer-lazos-internacionales-y-promover-el-desarrollo-local\/#breadcrumb"},"inLanguage":"es","potentialAction":[{"@type":"ReadAction","target":["https:\/\/blgnoticiassantodomingo.net\/index.php\/2024\/04\/09\/alcaldesa-carolina-mejia-viaja-a-europa-para-fortalecer-lazos-internacionales-y-promover-el-desarrollo-local\/"]}]},{"@type":"ImageObject","inLanguage":"es","@id":"https:\/\/blgnoticiassantodomingo.net\/index.php\/2024\/04\/09\/alcaldesa-carolina-mejia-viaja-a-europa-para-fortalecer-lazos-internacionales-y-promover-el-desarrollo-local\/#primaryimage","url":"https:\/\/blgnoticiassantodomingo.net\/wp-content\/uploads\/2024\/04\/WhatsApp-Image-2024-04-09-at-10.50.44-AM.jpeg","contentUrl":"https:\/\/blgnoticiassantodomingo.net\/wp-content\/uploads\/2024\/04\/WhatsApp-Image-2024-04-09-at-10.50.44-AM.jpeg","width":598,"height":1280},{"@type":"BreadcrumbList","@id":"https:\/\/blgnoticiassantodomingo.net\/index.php\/2024\/04\/09\/alcaldesa-carolina-mejia-viaja-a-europa-para-fortalecer-lazos-internacionales-y-promover-el-desarrollo-local\/#breadcrumb","itemListElement":[{"@type":"ListItem","position":1,"name":"Portada","item":"https:\/\/blgnoticiassantodomingo.net\/"},{"@type":"ListItem","position":2,"name":"Alcaldesa Carolina Mej\u00eda viaja a Europa para fortalecer lazos internacionales y promover el desarrollo local"}]},{"@type":"WebSite","@id":"https:\/\/blgnoticiassantodomingo.net\/#website","url":"https:\/\/blgnoticiassantodomingo.net\/","name":"BLG Noticias","description":"Esto es Noticias","publisher":{"@id":"https:\/\/blgnoticiassantodomingo.net\/#organization"},"potentialAction":[{"@type":"SearchAction","target":{"@type":"EntryPoint","urlTemplate":"https:\/\/blgnoticiassantodomingo.net\/?s={search_term_string}"},"query-input":{"@type":"PropertyValueSpecification","valueRequired":true,"valueName":"search_term_string"}}],"inLanguage":"es"},{"@type":"Organization","@id":"https:\/\/blgnoticiassantodomingo.net\/#organization","name":"BLG Noticias","url":"https:\/\/blgnoticiassantodomingo.net\/","logo":{"@type":"ImageObject","inLanguage":"es","@id":"https:\/\/blgnoticiassantodomingo.net\/#\/schema\/logo\/image\/","url":"https:\/\/blgnoticiassantodomingo.net\/wp-content\/uploads\/2023\/12\/Diseno-sin-titulo-3.jpg","contentUrl":"https:\/\/blgnoticiassantodomingo.net\/wp-content\/uploads\/2023\/12\/Diseno-sin-titulo-3.jpg","width":500,"height":500,"caption":"BLG Noticias"},"image":{"@id":"https:\/\/blgnoticiassantodomingo.net\/#\/schema\/logo\/image\/"},"sameAs":["https:\/\/web.facebook.com\/BlgNoticias\/?locale=es_LA&_rdc=1&_rdr","https:\/\/x.com\/BlgNoticias","https:\/\/www.linkedin.com\/in\/brenda-l-santana-aa846279\/"]},{"@type":"Person","@id":"https:\/\/blgnoticiassantodomingo.net\/#\/schema\/person\/e2fc21cf88acc63dbd134be981bff374","name":"Brenda Guerrero","image":{"@type":"ImageObject","inLanguage":"es","@id":"https:\/\/blgnoticiassantodomingo.net\/#\/schema\/person\/image\/","url":"https:\/\/secure.gravatar.com\/avatar\/2f7fc4c3e3655be1580cb684bfd8ab19be702ae20879da1e072021daa02f9b8b?s=96&d=wp_user_avatar&r=g","contentUrl":"https:\/\/secure.gravatar.com\/avatar\/2f7fc4c3e3655be1580cb684bfd8ab19be702ae20879da1e072021daa02f9b8b?s=96&d=wp_user_avatar&r=g","caption":"Brenda Guerrero"},"description":"Periodista","url":"https:\/\/blgnoticiassantodomingo.net\/index.php\/author\/brenda-guerrero\/"}]}},"jetpack_featured_media_url":"https:\/\/blgnoticiassantodomingo.net\/wp-content\/uploads\/2024\/04\/WhatsApp-Image-2024-04-09-at-10.50.44-AM.jpeg","_links":{"self":[{"href":"https:\/\/blgnoticiassantodomingo.net\/index.php\/wp-json\/wp\/v2\/posts\/39981","targetHints":{"allow":["GET"]}}],"collection":[{"href":"https:\/\/blgnoticiassantodomingo.net\/index.php\/wp-json\/wp\/v2\/posts"}],"about":[{"href":"https:\/\/blgnoticiassantodomingo.net\/index.php\/wp-json\/wp\/v2\/types\/post"}],"author":[{"embeddable":true,"href":"https:\/\/blgnoticiassantodomingo.net\/index.php\/wp-json\/wp\/v2\/users\/2"}],"replies":[{"embeddable":true,"href":"https:\/\/blgnoticiassantodomingo.net\/index.php\/wp-json\/wp\/v2\/comments?post=39981"}],"version-history":[{"count":1,"href":"https:\/\/blgnoticiassantodomingo.net\/index.php\/wp-json\/wp\/v2\/posts\/39981\/revisions"}],"predecessor-version":[{"id":39983,"href":"https:\/\/blgnoticiassantodomingo.net\/index.php\/wp-json\/wp\/v2\/posts\/39981\/revisions\/39983"}],"wp:featuredmedia":[{"embeddable":true,"href":"https:\/\/blgnoticiassantodomingo.net\/index.php\/wp-json\/wp\/v2\/media\/39982"}],"wp:attachment":[{"href":"https:\/\/blgnoticiassantodomingo.net\/index.php\/wp-json\/wp\/v2\/media?parent=39981"}],"wp:term":[{"taxonomy":"category","embeddable":true,"href":"https:\/\/blgnoticiassantodomingo.net\/index.php\/wp-json\/wp\/v2\/categories?post=39981"},{"taxonomy":"post_tag","embeddable":true,"href":"https:\/\/blgnoticiassantodomingo.net\/index.php\/wp-json\/wp\/v2\/tags?post=39981"}],"curies":[{"name":"wp","href":"https:\/\/api.w.org\/{rel}","templated":true}]}}