{"id":39845,"date":"2024-04-07T19:11:16","date_gmt":"2024-04-07T23:11:16","guid":{"rendered":"https:\/\/blgnoticiassantodomingo.net\/?p=39845"},"modified":"2024-04-07T19:11:17","modified_gmt":"2024-04-07T23:11:17","slug":"presidente-abinader-revela-que-de-743-cooperativas-que-encontro-al-inicio-de-gobierno-ya-van-2309-registrada-en-el-idecoop","status":"publish","type":"post","link":"https:\/\/blgnoticiassantodomingo.net\/index.php\/2024\/04\/07\/presidente-abinader-revela-que-de-743-cooperativas-que-encontro-al-inicio-de-gobierno-ya-van-2309-registrada-en-el-idecoop\/","title":{"rendered":"Presidente Abinader  revela que de 743 cooperativas que encontr\u00f3 al inicio de gobierno, ya van 2,309 registrada en el IDECOOP"},"content":{"rendered":"\n<p>Asiste, junto a la vicepresidenta Raquel Pe\u00f1a, a Asamblea General de la Cooperativa Vega Real.<\/p>\n\n\n\n<p><em>La Vega.-<\/em> El presidente Luis Abinader particip\u00f3 este domingo en la Asamblea General de Delegados de la Cooperativa Vega Real, celebrada en la Casa Club de Bayacanes de esta provincia, donde se identific\u00f3 como fiel creyente en el cooperativismo.<\/p>\n\n\n\n<p>El mandatario, acompa\u00f1ado de la vicepresidenta de la Rep\u00fablica, Raquel Pe\u00f1a, afirm\u00f3 que a su llegada al gobierno se convirti\u00f3 en un objetivo principal impulsar las cooperativas y resalt\u00f3 que de 743 cooperativas que encontr\u00f3 en el a\u00f1o 2020, hoy el pa\u00eds cuenta con 2,309 aumentando significativamente la participaci\u00f3n de los dominicanos en las cooperativas.<\/p>\n\n\n\n<figure class=\"wp-block-gallery has-nested-images columns-default is-cropped wp-block-gallery-1 is-layout-flex wp-block-gallery-is-layout-flex\">\n<figure class=\"wp-block-image size-large\"><img decoding=\"async\" width=\"1024\" height=\"863\" data-id=\"39847\" src=\"https:\/\/blgnoticiassantodomingo.net\/wp-content\/uploads\/2024\/04\/IMG-20240407-WA0041-1024x863.jpg\" alt=\"\" class=\"wp-image-39847\" srcset=\"https:\/\/blgnoticiassantodomingo.net\/wp-content\/uploads\/2024\/04\/IMG-20240407-WA0041-1024x863.jpg 1024w, https:\/\/blgnoticiassantodomingo.net\/wp-content\/uploads\/2024\/04\/IMG-20240407-WA0041-300x253.jpg 300w, https:\/\/blgnoticiassantodomingo.net\/wp-content\/uploads\/2024\/04\/IMG-20240407-WA0041-768x647.jpg 768w, https:\/\/blgnoticiassantodomingo.net\/wp-content\/uploads\/2024\/04\/IMG-20240407-WA0041-1536x1294.jpg 1536w, https:\/\/blgnoticiassantodomingo.net\/wp-content\/uploads\/2024\/04\/IMG-20240407-WA0041-499x420.jpg 499w, https:\/\/blgnoticiassantodomingo.net\/wp-content\/uploads\/2024\/04\/IMG-20240407-WA0041-150x126.jpg 150w, https:\/\/blgnoticiassantodomingo.net\/wp-content\/uploads\/2024\/04\/IMG-20240407-WA0041-696x586.jpg 696w, https:\/\/blgnoticiassantodomingo.net\/wp-content\/uploads\/2024\/04\/IMG-20240407-WA0041-1068x900.jpg 1068w, https:\/\/blgnoticiassantodomingo.net\/wp-content\/uploads\/2024\/04\/IMG-20240407-WA0041.jpg 1600w\" sizes=\"(max-width: 1024px) 100vw, 1024px\" \/><\/figure>\n<\/figure>\n\n\n\n<p>El jefe de Estado, reafirm\u00f3 su creencia en el cooperativismo y en la econom\u00eda asociativa y record\u00f3 su historia del por qu\u00e9 cree en el cooperativismo la cual est\u00e1 asociada a su padre.<\/p>\n\n\n\n<p>El gobernante invit\u00f3 a todos los peque\u00f1os comerciantes a asociarse en las cooperativas que contar\u00e1n con todo su apoyo.<\/p>\n\n\n\n<p>La Cooperativa Vega Real, reconoci\u00f3 al presidente Abinader por su extraordinario apoyo al cooperativismo dominicano de su gesti\u00f3n 2020-2024.<\/p>\n\n\n\n<p>De su lado, presidente ejecutivo de la Cooperativa, el Lic. Yanio Concepci\u00f3n, al rendir cuenta de la labor realizada en el a\u00f1o 2023, destac\u00f3 que el presidente Abinader siempre ha sido un cooperativista donde hizo referencia de las acciones realizadas por Abinader cuando fue presidente de la Asociaci\u00f3n de Peque\u00f1os Hoteles de Puerto Plata.<\/p>\n\n\n\n<p>El presidente de la entidad expuso que hoy no solamente estamos ante un presidente de la Rep\u00fablica, se est\u00e1 ante un economista, un dominicano que siente el cooperativismo.<\/p>\n\n\n\n<p>En tanto, el presidente administrador del Instituto de Desarrollo y Credito Cooperativo (IDECOOP), Franco de los Santos, destac\u00f3 las palabras del presidente Abinader al llegar al poder sobre el cooperativismo, donde la defini\u00f3 como un veh\u00edculo de transformaci\u00f3n y de desarrollo como una iniciativa para que la econom\u00eda social y solidaria fluya hacia los sectores m\u00e1s desfavorecidos.<\/p>\n\n\n\n<p>Apunt\u00f3 adem\u00e1s, que el cooperativos creci\u00f3 un 66 por ciento en t\u00e9rminos de cooperativa y un 33 por ciento en t\u00e9rminos financieros en los tres a\u00f1os de la gesti\u00f3n del presidente Abinader.<\/p>\n\n\n\n<p>De igual forma, el alcalde del municipio de La Vega, Kelvin Cruz, expres\u00f3 su orgullo de tener a la Cooperativa Vega Real en La Vega por los diferentes aportes que realiza esta a la provincia.<\/p>\n\n\n\n<p>Tambi\u00e9n, la gerente general de Vega Real, Mar\u00eda Eugenia Acosta con las palabras de bienvenida, agradeci\u00f3 al presidente Abinader por el inter\u00e9s del desarrollo del sector cooperativo del pa\u00eds.<\/p>\n\n\n\n<p>La bendici\u00f3n del acto estuvo a cargo de monse\u00f1or Carlos Tom\u00e1s Morel Dipl\u00e1n, obispo auxiliar de la Arquidi\u00f3cesis de Santiago.<\/p>\n\n\n\n<p>Asistieron al acto, el ministro de Agricultura, Limber Cruz; los senadores, por la provincia de La Vega, Rogelio Genao; de la provincia de Santiago, Eduardo Estrella; la gobernadora provincial, Luisa Jim\u00e9nez; la presidenta del Consejo de Vigilancia de Cooperativa de Vega Real, Yris Mercedes Lopez.<\/p>\n","protected":false},"excerpt":{"rendered":"<p>Asiste, junto a la vicepresidenta Raquel Pe\u00f1a, a Asamblea General de la Cooperativa Vega Real. La Vega.- El presidente Luis Abinader particip\u00f3 este domingo en la Asamblea General de Delegados de la Cooperativa Vega Real, celebrada en la Casa Club de Bayacanes de esta provincia, donde se identific\u00f3 como fiel creyente en el cooperativismo. El [&hellip;]<\/p>\n","protected":false},"author":2,"featured_media":39846,"comment_status":"open","ping_status":"open","sticky":true,"template":"","format":"standard","meta":{"footnotes":""},"categories":[220],"tags":[732,380,6285],"class_list":{"0":"post-39845","1":"post","2":"type-post","3":"status-publish","4":"format-standard","5":"has-post-thumbnail","7":"category-nacionales","8":"tag-cooperativas","9":"tag-la-vega","10":"tag-presidente-abinader"},"yoast_head":"<!-- This site is optimized with the Yoast SEO plugin v24.9 - https:\/\/yoast.com\/wordpress\/plugins\/seo\/ -->\n<title>Presidente Abinader revela que de 743 cooperativas que encontr\u00f3 al inicio de gobierno, ya van 2,309 registrada en el IDECOOP - BLG Noticias<\/title>\n<meta name=\"robots\" content=\"index, follow, max-snippet:-1, max-image-preview:large, max-video-preview:-1\" \/>\n<link rel=\"canonical\" href=\"https:\/\/blgnoticiassantodomingo.net\/index.php\/2024\/04\/07\/presidente-abinader-revela-que-de-743-cooperativas-que-encontro-al-inicio-de-gobierno-ya-van-2309-registrada-en-el-idecoop\/\" \/>\n<meta property=\"og:locale\" content=\"es_ES\" \/>\n<meta property=\"og:type\" content=\"article\" \/>\n<meta property=\"og:title\" content=\"Presidente Abinader revela que de 743 cooperativas que encontr\u00f3 al inicio de gobierno, ya van 2,309 registrada en el IDECOOP - BLG Noticias\" \/>\n<meta property=\"og:description\" content=\"Asiste, junto a la vicepresidenta Raquel Pe\u00f1a, a Asamblea General de la Cooperativa Vega Real. La Vega.- El presidente Luis Abinader particip\u00f3 este domingo en la Asamblea General de Delegados de la Cooperativa Vega Real, celebrada en la Casa Club de Bayacanes de esta provincia, donde se identific\u00f3 como fiel creyente en el cooperativismo. El [&hellip;]\" \/>\n<meta property=\"og:url\" content=\"https:\/\/blgnoticiassantodomingo.net\/index.php\/2024\/04\/07\/presidente-abinader-revela-que-de-743-cooperativas-que-encontro-al-inicio-de-gobierno-ya-van-2309-registrada-en-el-idecoop\/\" \/>\n<meta property=\"og:site_name\" content=\"BLG Noticias\" \/>\n<meta property=\"article:publisher\" content=\"https:\/\/web.facebook.com\/BlgNoticias\/?locale=es_LA&amp;_rdc=1&amp;_rdr\" \/>\n<meta property=\"article:published_time\" content=\"2024-04-07T23:11:16+00:00\" \/>\n<meta property=\"article:modified_time\" content=\"2024-04-07T23:11:17+00:00\" \/>\n<meta property=\"og:image\" content=\"http:\/\/blgnoticiassantodomingo.net\/wp-content\/uploads\/2024\/04\/IMG-20240407-WA0039.jpg\" \/>\n\t<meta property=\"og:image:width\" content=\"1600\" \/>\n\t<meta property=\"og:image:height\" content=\"1066\" \/>\n\t<meta property=\"og:image:type\" content=\"image\/jpeg\" \/>\n<meta name=\"author\" content=\"Brenda Guerrero\" \/>\n<meta name=\"twitter:card\" content=\"summary_large_image\" \/>\n<meta name=\"twitter:creator\" content=\"@BlgNoticias\" \/>\n<meta name=\"twitter:site\" content=\"@BlgNoticias\" \/>\n<meta name=\"twitter:label1\" content=\"Escrito por\" \/>\n\t<meta name=\"twitter:data1\" content=\"Brenda Guerrero\" \/>\n\t<meta name=\"twitter:label2\" content=\"Tiempo de lectura\" \/>\n\t<meta name=\"twitter:data2\" content=\"3 minutos\" \/>\n<script type=\"application\/ld+json\" class=\"yoast-schema-graph\">{\"@context\":\"https:\/\/schema.org\",\"@graph\":[{\"@type\":\"Article\",\"@id\":\"https:\/\/blgnoticiassantodomingo.net\/index.php\/2024\/04\/07\/presidente-abinader-revela-que-de-743-cooperativas-que-encontro-al-inicio-de-gobierno-ya-van-2309-registrada-en-el-idecoop\/#article\",\"isPartOf\":{\"@id\":\"https:\/\/blgnoticiassantodomingo.net\/index.php\/2024\/04\/07\/presidente-abinader-revela-que-de-743-cooperativas-que-encontro-al-inicio-de-gobierno-ya-van-2309-registrada-en-el-idecoop\/\"},\"author\":{\"name\":\"Brenda Guerrero\",\"@id\":\"https:\/\/blgnoticiassantodomingo.net\/#\/schema\/person\/e2fc21cf88acc63dbd134be981bff374\"},\"headline\":\"Presidente Abinader revela que de 743 cooperativas que encontr\u00f3 al inicio de gobierno, ya van 2,309 registrada en el IDECOOP\",\"datePublished\":\"2024-04-07T23:11:16+00:00\",\"dateModified\":\"2024-04-07T23:11:17+00:00\",\"mainEntityOfPage\":{\"@id\":\"https:\/\/blgnoticiassantodomingo.net\/index.php\/2024\/04\/07\/presidente-abinader-revela-que-de-743-cooperativas-que-encontro-al-inicio-de-gobierno-ya-van-2309-registrada-en-el-idecoop\/\"},\"wordCount\":528,\"commentCount\":0,\"publisher\":{\"@id\":\"https:\/\/blgnoticiassantodomingo.net\/#organization\"},\"image\":{\"@id\":\"https:\/\/blgnoticiassantodomingo.net\/index.php\/2024\/04\/07\/presidente-abinader-revela-que-de-743-cooperativas-que-encontro-al-inicio-de-gobierno-ya-van-2309-registrada-en-el-idecoop\/#primaryimage\"},\"thumbnailUrl\":\"https:\/\/blgnoticiassantodomingo.net\/wp-content\/uploads\/2024\/04\/IMG-20240407-WA0039.jpg\",\"keywords\":[\"Cooperativas\",\"La Vega\",\"Presidente Abinader\"],\"articleSection\":[\"Nacionales\"],\"inLanguage\":\"es\",\"potentialAction\":[{\"@type\":\"CommentAction\",\"name\":\"Comment\",\"target\":[\"https:\/\/blgnoticiassantodomingo.net\/index.php\/2024\/04\/07\/presidente-abinader-revela-que-de-743-cooperativas-que-encontro-al-inicio-de-gobierno-ya-van-2309-registrada-en-el-idecoop\/#respond\"]}]},{\"@type\":\"WebPage\",\"@id\":\"https:\/\/blgnoticiassantodomingo.net\/index.php\/2024\/04\/07\/presidente-abinader-revela-que-de-743-cooperativas-que-encontro-al-inicio-de-gobierno-ya-van-2309-registrada-en-el-idecoop\/\",\"url\":\"https:\/\/blgnoticiassantodomingo.net\/index.php\/2024\/04\/07\/presidente-abinader-revela-que-de-743-cooperativas-que-encontro-al-inicio-de-gobierno-ya-van-2309-registrada-en-el-idecoop\/\",\"name\":\"Presidente Abinader revela que de 743 cooperativas que encontr\u00f3 al inicio de gobierno, ya van 2,309 registrada en el IDECOOP - BLG Noticias\",\"isPartOf\":{\"@id\":\"https:\/\/blgnoticiassantodomingo.net\/#website\"},\"primaryImageOfPage\":{\"@id\":\"https:\/\/blgnoticiassantodomingo.net\/index.php\/2024\/04\/07\/presidente-abinader-revela-que-de-743-cooperativas-que-encontro-al-inicio-de-gobierno-ya-van-2309-registrada-en-el-idecoop\/#primaryimage\"},\"image\":{\"@id\":\"https:\/\/blgnoticiassantodomingo.net\/index.php\/2024\/04\/07\/presidente-abinader-revela-que-de-743-cooperativas-que-encontro-al-inicio-de-gobierno-ya-van-2309-registrada-en-el-idecoop\/#primaryimage\"},\"thumbnailUrl\":\"https:\/\/blgnoticiassantodomingo.net\/wp-content\/uploads\/2024\/04\/IMG-20240407-WA0039.jpg\",\"datePublished\":\"2024-04-07T23:11:16+00:00\",\"dateModified\":\"2024-04-07T23:11:17+00:00\",\"breadcrumb\":{\"@id\":\"https:\/\/blgnoticiassantodomingo.net\/index.php\/2024\/04\/07\/presidente-abinader-revela-que-de-743-cooperativas-que-encontro-al-inicio-de-gobierno-ya-van-2309-registrada-en-el-idecoop\/#breadcrumb\"},\"inLanguage\":\"es\",\"potentialAction\":[{\"@type\":\"ReadAction\",\"target\":[\"https:\/\/blgnoticiassantodomingo.net\/index.php\/2024\/04\/07\/presidente-abinader-revela-que-de-743-cooperativas-que-encontro-al-inicio-de-gobierno-ya-van-2309-registrada-en-el-idecoop\/\"]}]},{\"@type\":\"ImageObject\",\"inLanguage\":\"es\",\"@id\":\"https:\/\/blgnoticiassantodomingo.net\/index.php\/2024\/04\/07\/presidente-abinader-revela-que-de-743-cooperativas-que-encontro-al-inicio-de-gobierno-ya-van-2309-registrada-en-el-idecoop\/#primaryimage\",\"url\":\"https:\/\/blgnoticiassantodomingo.net\/wp-content\/uploads\/2024\/04\/IMG-20240407-WA0039.jpg\",\"contentUrl\":\"https:\/\/blgnoticiassantodomingo.net\/wp-content\/uploads\/2024\/04\/IMG-20240407-WA0039.jpg\",\"width\":1600,\"height\":1066},{\"@type\":\"BreadcrumbList\",\"@id\":\"https:\/\/blgnoticiassantodomingo.net\/index.php\/2024\/04\/07\/presidente-abinader-revela-que-de-743-cooperativas-que-encontro-al-inicio-de-gobierno-ya-van-2309-registrada-en-el-idecoop\/#breadcrumb\",\"itemListElement\":[{\"@type\":\"ListItem\",\"position\":1,\"name\":\"Portada\",\"item\":\"https:\/\/blgnoticiassantodomingo.net\/\"},{\"@type\":\"ListItem\",\"position\":2,\"name\":\"Presidente Abinader revela que de 743 cooperativas que encontr\u00f3 al inicio de gobierno, ya van 2,309 registrada en el IDECOOP\"}]},{\"@type\":\"WebSite\",\"@id\":\"https:\/\/blgnoticiassantodomingo.net\/#website\",\"url\":\"https:\/\/blgnoticiassantodomingo.net\/\",\"name\":\"BLG Noticias\",\"description\":\"Esto es Noticias\",\"publisher\":{\"@id\":\"https:\/\/blgnoticiassantodomingo.net\/#organization\"},\"potentialAction\":[{\"@type\":\"SearchAction\",\"target\":{\"@type\":\"EntryPoint\",\"urlTemplate\":\"https:\/\/blgnoticiassantodomingo.net\/?s={search_term_string}\"},\"query-input\":{\"@type\":\"PropertyValueSpecification\",\"valueRequired\":true,\"valueName\":\"search_term_string\"}}],\"inLanguage\":\"es\"},{\"@type\":\"Organization\",\"@id\":\"https:\/\/blgnoticiassantodomingo.net\/#organization\",\"name\":\"BLG Noticias\",\"url\":\"https:\/\/blgnoticiassantodomingo.net\/\",\"logo\":{\"@type\":\"ImageObject\",\"inLanguage\":\"es\",\"@id\":\"https:\/\/blgnoticiassantodomingo.net\/#\/schema\/logo\/image\/\",\"url\":\"https:\/\/blgnoticiassantodomingo.net\/wp-content\/uploads\/2023\/12\/Diseno-sin-titulo-3.jpg\",\"contentUrl\":\"https:\/\/blgnoticiassantodomingo.net\/wp-content\/uploads\/2023\/12\/Diseno-sin-titulo-3.jpg\",\"width\":500,\"height\":500,\"caption\":\"BLG Noticias\"},\"image\":{\"@id\":\"https:\/\/blgnoticiassantodomingo.net\/#\/schema\/logo\/image\/\"},\"sameAs\":[\"https:\/\/web.facebook.com\/BlgNoticias\/?locale=es_LA&_rdc=1&_rdr\",\"https:\/\/x.com\/BlgNoticias\",\"https:\/\/www.linkedin.com\/in\/brenda-l-santana-aa846279\/\"]},{\"@type\":\"Person\",\"@id\":\"https:\/\/blgnoticiassantodomingo.net\/#\/schema\/person\/e2fc21cf88acc63dbd134be981bff374\",\"name\":\"Brenda Guerrero\",\"image\":{\"@type\":\"ImageObject\",\"inLanguage\":\"es\",\"@id\":\"https:\/\/blgnoticiassantodomingo.net\/#\/schema\/person\/image\/\",\"url\":\"https:\/\/secure.gravatar.com\/avatar\/2f7fc4c3e3655be1580cb684bfd8ab19be702ae20879da1e072021daa02f9b8b?s=96&d=wp_user_avatar&r=g\",\"contentUrl\":\"https:\/\/secure.gravatar.com\/avatar\/2f7fc4c3e3655be1580cb684bfd8ab19be702ae20879da1e072021daa02f9b8b?s=96&d=wp_user_avatar&r=g\",\"caption\":\"Brenda Guerrero\"},\"description\":\"Periodista\",\"url\":\"https:\/\/blgnoticiassantodomingo.net\/index.php\/author\/brenda-guerrero\/\"}]}<\/script>\n<!-- \/ Yoast SEO plugin. -->","yoast_head_json":{"title":"Presidente Abinader revela que de 743 cooperativas que encontr\u00f3 al inicio de gobierno, ya van 2,309 registrada en el IDECOOP - BLG Noticias","robots":{"index":"index","follow":"follow","max-snippet":"max-snippet:-1","max-image-preview":"max-image-preview:large","max-video-preview":"max-video-preview:-1"},"canonical":"https:\/\/blgnoticiassantodomingo.net\/index.php\/2024\/04\/07\/presidente-abinader-revela-que-de-743-cooperativas-que-encontro-al-inicio-de-gobierno-ya-van-2309-registrada-en-el-idecoop\/","og_locale":"es_ES","og_type":"article","og_title":"Presidente Abinader revela que de 743 cooperativas que encontr\u00f3 al inicio de gobierno, ya van 2,309 registrada en el IDECOOP - BLG Noticias","og_description":"Asiste, junto a la vicepresidenta Raquel Pe\u00f1a, a Asamblea General de la Cooperativa Vega Real. La Vega.- El presidente Luis Abinader particip\u00f3 este domingo en la Asamblea General de Delegados de la Cooperativa Vega Real, celebrada en la Casa Club de Bayacanes de esta provincia, donde se identific\u00f3 como fiel creyente en el cooperativismo. El [&hellip;]","og_url":"https:\/\/blgnoticiassantodomingo.net\/index.php\/2024\/04\/07\/presidente-abinader-revela-que-de-743-cooperativas-que-encontro-al-inicio-de-gobierno-ya-van-2309-registrada-en-el-idecoop\/","og_site_name":"BLG Noticias","article_publisher":"https:\/\/web.facebook.com\/BlgNoticias\/?locale=es_LA&_rdc=1&_rdr","article_published_time":"2024-04-07T23:11:16+00:00","article_modified_time":"2024-04-07T23:11:17+00:00","og_image":[{"width":1600,"height":1066,"url":"http:\/\/blgnoticiassantodomingo.net\/wp-content\/uploads\/2024\/04\/IMG-20240407-WA0039.jpg","type":"image\/jpeg"}],"author":"Brenda Guerrero","twitter_card":"summary_large_image","twitter_creator":"@BlgNoticias","twitter_site":"@BlgNoticias","twitter_misc":{"Escrito por":"Brenda Guerrero","Tiempo de lectura":"3 minutos"},"schema":{"@context":"https:\/\/schema.org","@graph":[{"@type":"Article","@id":"https:\/\/blgnoticiassantodomingo.net\/index.php\/2024\/04\/07\/presidente-abinader-revela-que-de-743-cooperativas-que-encontro-al-inicio-de-gobierno-ya-van-2309-registrada-en-el-idecoop\/#article","isPartOf":{"@id":"https:\/\/blgnoticiassantodomingo.net\/index.php\/2024\/04\/07\/presidente-abinader-revela-que-de-743-cooperativas-que-encontro-al-inicio-de-gobierno-ya-van-2309-registrada-en-el-idecoop\/"},"author":{"name":"Brenda Guerrero","@id":"https:\/\/blgnoticiassantodomingo.net\/#\/schema\/person\/e2fc21cf88acc63dbd134be981bff374"},"headline":"Presidente Abinader revela que de 743 cooperativas que encontr\u00f3 al inicio de gobierno, ya van 2,309 registrada en el IDECOOP","datePublished":"2024-04-07T23:11:16+00:00","dateModified":"2024-04-07T23:11:17+00:00","mainEntityOfPage":{"@id":"https:\/\/blgnoticiassantodomingo.net\/index.php\/2024\/04\/07\/presidente-abinader-revela-que-de-743-cooperativas-que-encontro-al-inicio-de-gobierno-ya-van-2309-registrada-en-el-idecoop\/"},"wordCount":528,"commentCount":0,"publisher":{"@id":"https:\/\/blgnoticiassantodomingo.net\/#organization"},"image":{"@id":"https:\/\/blgnoticiassantodomingo.net\/index.php\/2024\/04\/07\/presidente-abinader-revela-que-de-743-cooperativas-que-encontro-al-inicio-de-gobierno-ya-van-2309-registrada-en-el-idecoop\/#primaryimage"},"thumbnailUrl":"https:\/\/blgnoticiassantodomingo.net\/wp-content\/uploads\/2024\/04\/IMG-20240407-WA0039.jpg","keywords":["Cooperativas","La Vega","Presidente Abinader"],"articleSection":["Nacionales"],"inLanguage":"es","potentialAction":[{"@type":"CommentAction","name":"Comment","target":["https:\/\/blgnoticiassantodomingo.net\/index.php\/2024\/04\/07\/presidente-abinader-revela-que-de-743-cooperativas-que-encontro-al-inicio-de-gobierno-ya-van-2309-registrada-en-el-idecoop\/#respond"]}]},{"@type":"WebPage","@id":"https:\/\/blgnoticiassantodomingo.net\/index.php\/2024\/04\/07\/presidente-abinader-revela-que-de-743-cooperativas-que-encontro-al-inicio-de-gobierno-ya-van-2309-registrada-en-el-idecoop\/","url":"https:\/\/blgnoticiassantodomingo.net\/index.php\/2024\/04\/07\/presidente-abinader-revela-que-de-743-cooperativas-que-encontro-al-inicio-de-gobierno-ya-van-2309-registrada-en-el-idecoop\/","name":"Presidente Abinader revela que de 743 cooperativas que encontr\u00f3 al inicio de gobierno, ya van 2,309 registrada en el IDECOOP - BLG Noticias","isPartOf":{"@id":"https:\/\/blgnoticiassantodomingo.net\/#website"},"primaryImageOfPage":{"@id":"https:\/\/blgnoticiassantodomingo.net\/index.php\/2024\/04\/07\/presidente-abinader-revela-que-de-743-cooperativas-que-encontro-al-inicio-de-gobierno-ya-van-2309-registrada-en-el-idecoop\/#primaryimage"},"image":{"@id":"https:\/\/blgnoticiassantodomingo.net\/index.php\/2024\/04\/07\/presidente-abinader-revela-que-de-743-cooperativas-que-encontro-al-inicio-de-gobierno-ya-van-2309-registrada-en-el-idecoop\/#primaryimage"},"thumbnailUrl":"https:\/\/blgnoticiassantodomingo.net\/wp-content\/uploads\/2024\/04\/IMG-20240407-WA0039.jpg","datePublished":"2024-04-07T23:11:16+00:00","dateModified":"2024-04-07T23:11:17+00:00","breadcrumb":{"@id":"https:\/\/blgnoticiassantodomingo.net\/index.php\/2024\/04\/07\/presidente-abinader-revela-que-de-743-cooperativas-que-encontro-al-inicio-de-gobierno-ya-van-2309-registrada-en-el-idecoop\/#breadcrumb"},"inLanguage":"es","potentialAction":[{"@type":"ReadAction","target":["https:\/\/blgnoticiassantodomingo.net\/index.php\/2024\/04\/07\/presidente-abinader-revela-que-de-743-cooperativas-que-encontro-al-inicio-de-gobierno-ya-van-2309-registrada-en-el-idecoop\/"]}]},{"@type":"ImageObject","inLanguage":"es","@id":"https:\/\/blgnoticiassantodomingo.net\/index.php\/2024\/04\/07\/presidente-abinader-revela-que-de-743-cooperativas-que-encontro-al-inicio-de-gobierno-ya-van-2309-registrada-en-el-idecoop\/#primaryimage","url":"https:\/\/blgnoticiassantodomingo.net\/wp-content\/uploads\/2024\/04\/IMG-20240407-WA0039.jpg","contentUrl":"https:\/\/blgnoticiassantodomingo.net\/wp-content\/uploads\/2024\/04\/IMG-20240407-WA0039.jpg","width":1600,"height":1066},{"@type":"BreadcrumbList","@id":"https:\/\/blgnoticiassantodomingo.net\/index.php\/2024\/04\/07\/presidente-abinader-revela-que-de-743-cooperativas-que-encontro-al-inicio-de-gobierno-ya-van-2309-registrada-en-el-idecoop\/#breadcrumb","itemListElement":[{"@type":"ListItem","position":1,"name":"Portada","item":"https:\/\/blgnoticiassantodomingo.net\/"},{"@type":"ListItem","position":2,"name":"Presidente Abinader revela que de 743 cooperativas que encontr\u00f3 al inicio de gobierno, ya van 2,309 registrada en el IDECOOP"}]},{"@type":"WebSite","@id":"https:\/\/blgnoticiassantodomingo.net\/#website","url":"https:\/\/blgnoticiassantodomingo.net\/","name":"BLG Noticias","description":"Esto es Noticias","publisher":{"@id":"https:\/\/blgnoticiassantodomingo.net\/#organization"},"potentialAction":[{"@type":"SearchAction","target":{"@type":"EntryPoint","urlTemplate":"https:\/\/blgnoticiassantodomingo.net\/?s={search_term_string}"},"query-input":{"@type":"PropertyValueSpecification","valueRequired":true,"valueName":"search_term_string"}}],"inLanguage":"es"},{"@type":"Organization","@id":"https:\/\/blgnoticiassantodomingo.net\/#organization","name":"BLG Noticias","url":"https:\/\/blgnoticiassantodomingo.net\/","logo":{"@type":"ImageObject","inLanguage":"es","@id":"https:\/\/blgnoticiassantodomingo.net\/#\/schema\/logo\/image\/","url":"https:\/\/blgnoticiassantodomingo.net\/wp-content\/uploads\/2023\/12\/Diseno-sin-titulo-3.jpg","contentUrl":"https:\/\/blgnoticiassantodomingo.net\/wp-content\/uploads\/2023\/12\/Diseno-sin-titulo-3.jpg","width":500,"height":500,"caption":"BLG Noticias"},"image":{"@id":"https:\/\/blgnoticiassantodomingo.net\/#\/schema\/logo\/image\/"},"sameAs":["https:\/\/web.facebook.com\/BlgNoticias\/?locale=es_LA&_rdc=1&_rdr","https:\/\/x.com\/BlgNoticias","https:\/\/www.linkedin.com\/in\/brenda-l-santana-aa846279\/"]},{"@type":"Person","@id":"https:\/\/blgnoticiassantodomingo.net\/#\/schema\/person\/e2fc21cf88acc63dbd134be981bff374","name":"Brenda Guerrero","image":{"@type":"ImageObject","inLanguage":"es","@id":"https:\/\/blgnoticiassantodomingo.net\/#\/schema\/person\/image\/","url":"https:\/\/secure.gravatar.com\/avatar\/2f7fc4c3e3655be1580cb684bfd8ab19be702ae20879da1e072021daa02f9b8b?s=96&d=wp_user_avatar&r=g","contentUrl":"https:\/\/secure.gravatar.com\/avatar\/2f7fc4c3e3655be1580cb684bfd8ab19be702ae20879da1e072021daa02f9b8b?s=96&d=wp_user_avatar&r=g","caption":"Brenda Guerrero"},"description":"Periodista","url":"https:\/\/blgnoticiassantodomingo.net\/index.php\/author\/brenda-guerrero\/"}]}},"jetpack_featured_media_url":"https:\/\/blgnoticiassantodomingo.net\/wp-content\/uploads\/2024\/04\/IMG-20240407-WA0039.jpg","_links":{"self":[{"href":"https:\/\/blgnoticiassantodomingo.net\/index.php\/wp-json\/wp\/v2\/posts\/39845","targetHints":{"allow":["GET"]}}],"collection":[{"href":"https:\/\/blgnoticiassantodomingo.net\/index.php\/wp-json\/wp\/v2\/posts"}],"about":[{"href":"https:\/\/blgnoticiassantodomingo.net\/index.php\/wp-json\/wp\/v2\/types\/post"}],"author":[{"embeddable":true,"href":"https:\/\/blgnoticiassantodomingo.net\/index.php\/wp-json\/wp\/v2\/users\/2"}],"replies":[{"embeddable":true,"href":"https:\/\/blgnoticiassantodomingo.net\/index.php\/wp-json\/wp\/v2\/comments?post=39845"}],"version-history":[{"count":1,"href":"https:\/\/blgnoticiassantodomingo.net\/index.php\/wp-json\/wp\/v2\/posts\/39845\/revisions"}],"predecessor-version":[{"id":39848,"href":"https:\/\/blgnoticiassantodomingo.net\/index.php\/wp-json\/wp\/v2\/posts\/39845\/revisions\/39848"}],"wp:featuredmedia":[{"embeddable":true,"href":"https:\/\/blgnoticiassantodomingo.net\/index.php\/wp-json\/wp\/v2\/media\/39846"}],"wp:attachment":[{"href":"https:\/\/blgnoticiassantodomingo.net\/index.php\/wp-json\/wp\/v2\/media?parent=39845"}],"wp:term":[{"taxonomy":"category","embeddable":true,"href":"https:\/\/blgnoticiassantodomingo.net\/index.php\/wp-json\/wp\/v2\/categories?post=39845"},{"taxonomy":"post_tag","embeddable":true,"href":"https:\/\/blgnoticiassantodomingo.net\/index.php\/wp-json\/wp\/v2\/tags?post=39845"}],"curies":[{"name":"wp","href":"https:\/\/api.w.org\/{rel}","templated":true}]}}