{"id":39069,"date":"2024-03-14T10:09:29","date_gmt":"2024-03-14T14:09:29","guid":{"rendered":"https:\/\/blgnoticiassantodomingo.net\/?p=39069"},"modified":"2024-03-14T10:09:32","modified_gmt":"2024-03-14T14:09:32","slug":"ministros-de-salud-y-educacion-acuerdan-incluir-estudiantes-en-la-lucha-contra-el-dengue","status":"publish","type":"post","link":"https:\/\/blgnoticiassantodomingo.net\/index.php\/2024\/03\/14\/ministros-de-salud-y-educacion-acuerdan-incluir-estudiantes-en-la-lucha-contra-el-dengue\/","title":{"rendered":"Ministros de Salud y Educaci\u00f3n acuerdan incluir estudiantes en la Lucha contra el Dengue"},"content":{"rendered":"\n<p>Santo Domingo, Rep\u00fablica Dominicana \u2013. Los ministros de Salud P\u00fablica doctor V\u00edctor Atallah y de Educaci\u00f3n \u00c1ngel Hern\u00e1ndez, acordaron incluir a los estudiantes de 6to de secundaria de los centros de educaci\u00f3n p\u00fablicos en el pa\u00eds, en el Plan Nacional contra el Dengue que se desarrolla para prevenir la enfermedad.<\/p>\n\n\n\n<p>En una reuni\u00f3n realizada en el despacho del ministro Atallah, han acordado una colaboraci\u00f3n estrat\u00e9gica en la que los estudiantes de 6to de secundaria participar\u00e1n en el trabajo social obligatorio de 60 horas en apoyo al sector salud, con el objetivo de orientar en aras de mitigar los efectos nocivos de la enfermedad.<\/p>\n\n\n\n<p>Este acuerdo se produce como parte de una iniciativa impulsada por el presidente de la Rep\u00fablica, Luis Abinader, cuya raz\u00f3n principal es fortalecer por medio de campa\u00f1as de prevenci\u00f3n y promoci\u00f3n de la salud la lucha contra el dengue, ya que, es una preocupaci\u00f3n creciente en la salud p\u00fablica del pa\u00eds.<\/p>\n\n\n\n<p>El acuerdo sostiene que, estos estudiantes, tendr\u00e1n la oportunidad de contribuir significativamente a la comunidad en diversas actividades que forman parte del programa de salud escolar y las iniciativas de prevenci\u00f3n del dengue.<\/p>\n\n\n\n<figure class=\"wp-block-image size-large\"><img decoding=\"async\" width=\"1024\" height=\"682\" src=\"https:\/\/blgnoticiassantodomingo.net\/wp-content\/uploads\/2024\/03\/WhatsApp-Image-2024-03-14-at-9.10.56-AM-1024x682.jpeg\" alt=\"\" class=\"wp-image-39072\" srcset=\"https:\/\/blgnoticiassantodomingo.net\/wp-content\/uploads\/2024\/03\/WhatsApp-Image-2024-03-14-at-9.10.56-AM-1024x682.jpeg 1024w, https:\/\/blgnoticiassantodomingo.net\/wp-content\/uploads\/2024\/03\/WhatsApp-Image-2024-03-14-at-9.10.56-AM-300x200.jpeg 300w, https:\/\/blgnoticiassantodomingo.net\/wp-content\/uploads\/2024\/03\/WhatsApp-Image-2024-03-14-at-9.10.56-AM-768x512.jpeg 768w, https:\/\/blgnoticiassantodomingo.net\/wp-content\/uploads\/2024\/03\/WhatsApp-Image-2024-03-14-at-9.10.56-AM-1536x1023.jpeg 1536w, https:\/\/blgnoticiassantodomingo.net\/wp-content\/uploads\/2024\/03\/WhatsApp-Image-2024-03-14-at-9.10.56-AM.jpeg 1600w\" sizes=\"(max-width: 1024px) 100vw, 1024px\" \/><\/figure>\n\n\n\n<p>El ministro de Educaci\u00f3n, \u00c1ngel Hern\u00e1ndez, destac\u00f3 la importancia de esta colaboraci\u00f3n, afirmando que \u00abesta es una excelente oportunidad para que nuestros j\u00f3venes contribuyan al bienestar de nuestra comunidad, mientras aprenden el valor del trabajo en equipo y el compromiso con la salud p\u00fablica\u00bb.<\/p>\n\n\n\n<p>De su lado, el ministro de Salud P\u00fablica, V\u00edctor Atallah, expres\u00f3 su agradecimiento al Ministerio de Educaci\u00f3n por su disposici\u00f3n a colaborar y subray\u00f3 la importancia de esta iniciativa en la lucha contra el dengue, valorando como positiva la colaboraci\u00f3n, pues con ello, seg\u00fan dijo, ampl\u00eda el alcance y eficacia en la prevenci\u00f3n del dengue, promoviendo h\u00e1bitos de vida saludables en las comunidades.<\/p>\n\n\n\n<p>\u201cEsta colaboraci\u00f3n intersectorial no s\u00f3lo representa un paso significativo en la lucha contra la enfermedad, sino que tambi\u00e9n refuerza el compromiso de ambos ministerios con la promoci\u00f3n de la salud y el bienestar de todos los dominicanos\u201d concluy\u00f3 Victor Atallah..<\/p>\n\n\n\n<p>Estuvieron presentes, la viceministra de Educaci\u00f3n Ancel Scheker, la encargada de Gabinete Clara Joa, el viceministro de Salud Colectiva doctor Eladio P\u00e9rez y el director de Gabinete de Salud, Misael D\u00edaz y otras autoridades de ambas instituciones.<\/p>\n","protected":false},"excerpt":{"rendered":"<p>Santo Domingo, Rep\u00fablica Dominicana \u2013. Los ministros de Salud P\u00fablica doctor V\u00edctor Atallah y de Educaci\u00f3n \u00c1ngel Hern\u00e1ndez, acordaron incluir a los estudiantes de 6to de secundaria de los centros de educaci\u00f3n p\u00fablicos en el pa\u00eds, en el Plan Nacional contra el Dengue que se desarrolla para prevenir la enfermedad. En una reuni\u00f3n realizada en [&hellip;]<\/p>\n","protected":false},"author":2,"featured_media":39070,"comment_status":"open","ping_status":"open","sticky":true,"template":"","format":"standard","meta":{"footnotes":""},"categories":[224],"tags":[7352,9453,1764,9096],"class_list":{"0":"post-39069","1":"post","2":"type-post","3":"status-publish","4":"format-standard","5":"has-post-thumbnail","7":"category-salud","8":"tag-angel-hernandez","9":"tag-lucha-contra-el-dengue","10":"tag-salud-publica-2","11":"tag-victor-atallah"},"yoast_head":"<!-- This site is optimized with the Yoast SEO plugin v24.9 - https:\/\/yoast.com\/wordpress\/plugins\/seo\/ -->\n<title>Ministros de Salud y Educaci\u00f3n acuerdan incluir estudiantes en la Lucha contra el Dengue - BLG Noticias<\/title>\n<meta name=\"robots\" content=\"index, follow, max-snippet:-1, max-image-preview:large, max-video-preview:-1\" \/>\n<link rel=\"canonical\" href=\"https:\/\/blgnoticiassantodomingo.net\/index.php\/2024\/03\/14\/ministros-de-salud-y-educacion-acuerdan-incluir-estudiantes-en-la-lucha-contra-el-dengue\/\" \/>\n<meta property=\"og:locale\" content=\"es_ES\" \/>\n<meta property=\"og:type\" content=\"article\" \/>\n<meta property=\"og:title\" content=\"Ministros de Salud y Educaci\u00f3n acuerdan incluir estudiantes en la Lucha contra el Dengue - BLG Noticias\" \/>\n<meta property=\"og:description\" content=\"Santo Domingo, Rep\u00fablica Dominicana \u2013. Los ministros de Salud P\u00fablica doctor V\u00edctor Atallah y de Educaci\u00f3n \u00c1ngel Hern\u00e1ndez, acordaron incluir a los estudiantes de 6to de secundaria de los centros de educaci\u00f3n p\u00fablicos en el pa\u00eds, en el Plan Nacional contra el Dengue que se desarrolla para prevenir la enfermedad. En una reuni\u00f3n realizada en [&hellip;]\" \/>\n<meta property=\"og:url\" content=\"https:\/\/blgnoticiassantodomingo.net\/index.php\/2024\/03\/14\/ministros-de-salud-y-educacion-acuerdan-incluir-estudiantes-en-la-lucha-contra-el-dengue\/\" \/>\n<meta property=\"og:site_name\" content=\"BLG Noticias\" \/>\n<meta property=\"article:publisher\" content=\"https:\/\/web.facebook.com\/BlgNoticias\/?locale=es_LA&amp;_rdc=1&amp;_rdr\" \/>\n<meta property=\"article:published_time\" content=\"2024-03-14T14:09:29+00:00\" \/>\n<meta property=\"article:modified_time\" content=\"2024-03-14T14:09:32+00:00\" \/>\n<meta property=\"og:image\" content=\"http:\/\/blgnoticiassantodomingo.net\/wp-content\/uploads\/2024\/03\/WhatsApp-Image-2024-03-14-at-9.10.57-AM.jpeg\" \/>\n\t<meta property=\"og:image:width\" content=\"1600\" \/>\n\t<meta property=\"og:image:height\" content=\"1066\" \/>\n\t<meta property=\"og:image:type\" content=\"image\/jpeg\" \/>\n<meta name=\"author\" content=\"Brenda Guerrero\" \/>\n<meta name=\"twitter:card\" content=\"summary_large_image\" \/>\n<meta name=\"twitter:creator\" content=\"@BlgNoticias\" \/>\n<meta name=\"twitter:site\" content=\"@BlgNoticias\" \/>\n<meta name=\"twitter:label1\" content=\"Escrito por\" \/>\n\t<meta name=\"twitter:data1\" content=\"Brenda Guerrero\" \/>\n\t<meta name=\"twitter:label2\" content=\"Tiempo de lectura\" \/>\n\t<meta name=\"twitter:data2\" content=\"3 minutos\" \/>\n<script type=\"application\/ld+json\" class=\"yoast-schema-graph\">{\"@context\":\"https:\/\/schema.org\",\"@graph\":[{\"@type\":\"Article\",\"@id\":\"https:\/\/blgnoticiassantodomingo.net\/index.php\/2024\/03\/14\/ministros-de-salud-y-educacion-acuerdan-incluir-estudiantes-en-la-lucha-contra-el-dengue\/#article\",\"isPartOf\":{\"@id\":\"https:\/\/blgnoticiassantodomingo.net\/index.php\/2024\/03\/14\/ministros-de-salud-y-educacion-acuerdan-incluir-estudiantes-en-la-lucha-contra-el-dengue\/\"},\"author\":{\"name\":\"Brenda Guerrero\",\"@id\":\"https:\/\/blgnoticiassantodomingo.net\/#\/schema\/person\/e2fc21cf88acc63dbd134be981bff374\"},\"headline\":\"Ministros de Salud y Educaci\u00f3n acuerdan incluir estudiantes en la Lucha contra el Dengue\",\"datePublished\":\"2024-03-14T14:09:29+00:00\",\"dateModified\":\"2024-03-14T14:09:32+00:00\",\"mainEntityOfPage\":{\"@id\":\"https:\/\/blgnoticiassantodomingo.net\/index.php\/2024\/03\/14\/ministros-de-salud-y-educacion-acuerdan-incluir-estudiantes-en-la-lucha-contra-el-dengue\/\"},\"wordCount\":427,\"commentCount\":0,\"publisher\":{\"@id\":\"https:\/\/blgnoticiassantodomingo.net\/#organization\"},\"image\":{\"@id\":\"https:\/\/blgnoticiassantodomingo.net\/index.php\/2024\/03\/14\/ministros-de-salud-y-educacion-acuerdan-incluir-estudiantes-en-la-lucha-contra-el-dengue\/#primaryimage\"},\"thumbnailUrl\":\"https:\/\/blgnoticiassantodomingo.net\/wp-content\/uploads\/2024\/03\/WhatsApp-Image-2024-03-14-at-9.10.57-AM.jpeg\",\"keywords\":[\"\u00c1ngel Hern\u00e1ndez\",\"Lucha contra el Dengue\",\"salud p\u00fablica\",\"V\u00edctor Atallah\"],\"articleSection\":[\"Salud\"],\"inLanguage\":\"es\",\"potentialAction\":[{\"@type\":\"CommentAction\",\"name\":\"Comment\",\"target\":[\"https:\/\/blgnoticiassantodomingo.net\/index.php\/2024\/03\/14\/ministros-de-salud-y-educacion-acuerdan-incluir-estudiantes-en-la-lucha-contra-el-dengue\/#respond\"]}]},{\"@type\":\"WebPage\",\"@id\":\"https:\/\/blgnoticiassantodomingo.net\/index.php\/2024\/03\/14\/ministros-de-salud-y-educacion-acuerdan-incluir-estudiantes-en-la-lucha-contra-el-dengue\/\",\"url\":\"https:\/\/blgnoticiassantodomingo.net\/index.php\/2024\/03\/14\/ministros-de-salud-y-educacion-acuerdan-incluir-estudiantes-en-la-lucha-contra-el-dengue\/\",\"name\":\"Ministros de Salud y Educaci\u00f3n acuerdan incluir estudiantes en la Lucha contra el Dengue - BLG Noticias\",\"isPartOf\":{\"@id\":\"https:\/\/blgnoticiassantodomingo.net\/#website\"},\"primaryImageOfPage\":{\"@id\":\"https:\/\/blgnoticiassantodomingo.net\/index.php\/2024\/03\/14\/ministros-de-salud-y-educacion-acuerdan-incluir-estudiantes-en-la-lucha-contra-el-dengue\/#primaryimage\"},\"image\":{\"@id\":\"https:\/\/blgnoticiassantodomingo.net\/index.php\/2024\/03\/14\/ministros-de-salud-y-educacion-acuerdan-incluir-estudiantes-en-la-lucha-contra-el-dengue\/#primaryimage\"},\"thumbnailUrl\":\"https:\/\/blgnoticiassantodomingo.net\/wp-content\/uploads\/2024\/03\/WhatsApp-Image-2024-03-14-at-9.10.57-AM.jpeg\",\"datePublished\":\"2024-03-14T14:09:29+00:00\",\"dateModified\":\"2024-03-14T14:09:32+00:00\",\"breadcrumb\":{\"@id\":\"https:\/\/blgnoticiassantodomingo.net\/index.php\/2024\/03\/14\/ministros-de-salud-y-educacion-acuerdan-incluir-estudiantes-en-la-lucha-contra-el-dengue\/#breadcrumb\"},\"inLanguage\":\"es\",\"potentialAction\":[{\"@type\":\"ReadAction\",\"target\":[\"https:\/\/blgnoticiassantodomingo.net\/index.php\/2024\/03\/14\/ministros-de-salud-y-educacion-acuerdan-incluir-estudiantes-en-la-lucha-contra-el-dengue\/\"]}]},{\"@type\":\"ImageObject\",\"inLanguage\":\"es\",\"@id\":\"https:\/\/blgnoticiassantodomingo.net\/index.php\/2024\/03\/14\/ministros-de-salud-y-educacion-acuerdan-incluir-estudiantes-en-la-lucha-contra-el-dengue\/#primaryimage\",\"url\":\"https:\/\/blgnoticiassantodomingo.net\/wp-content\/uploads\/2024\/03\/WhatsApp-Image-2024-03-14-at-9.10.57-AM.jpeg\",\"contentUrl\":\"https:\/\/blgnoticiassantodomingo.net\/wp-content\/uploads\/2024\/03\/WhatsApp-Image-2024-03-14-at-9.10.57-AM.jpeg\",\"width\":1600,\"height\":1066},{\"@type\":\"BreadcrumbList\",\"@id\":\"https:\/\/blgnoticiassantodomingo.net\/index.php\/2024\/03\/14\/ministros-de-salud-y-educacion-acuerdan-incluir-estudiantes-en-la-lucha-contra-el-dengue\/#breadcrumb\",\"itemListElement\":[{\"@type\":\"ListItem\",\"position\":1,\"name\":\"Portada\",\"item\":\"https:\/\/blgnoticiassantodomingo.net\/\"},{\"@type\":\"ListItem\",\"position\":2,\"name\":\"Ministros de Salud y Educaci\u00f3n acuerdan incluir estudiantes en la Lucha contra el Dengue\"}]},{\"@type\":\"WebSite\",\"@id\":\"https:\/\/blgnoticiassantodomingo.net\/#website\",\"url\":\"https:\/\/blgnoticiassantodomingo.net\/\",\"name\":\"BLG Noticias\",\"description\":\"Esto es Noticias\",\"publisher\":{\"@id\":\"https:\/\/blgnoticiassantodomingo.net\/#organization\"},\"potentialAction\":[{\"@type\":\"SearchAction\",\"target\":{\"@type\":\"EntryPoint\",\"urlTemplate\":\"https:\/\/blgnoticiassantodomingo.net\/?s={search_term_string}\"},\"query-input\":{\"@type\":\"PropertyValueSpecification\",\"valueRequired\":true,\"valueName\":\"search_term_string\"}}],\"inLanguage\":\"es\"},{\"@type\":\"Organization\",\"@id\":\"https:\/\/blgnoticiassantodomingo.net\/#organization\",\"name\":\"BLG Noticias\",\"url\":\"https:\/\/blgnoticiassantodomingo.net\/\",\"logo\":{\"@type\":\"ImageObject\",\"inLanguage\":\"es\",\"@id\":\"https:\/\/blgnoticiassantodomingo.net\/#\/schema\/logo\/image\/\",\"url\":\"https:\/\/blgnoticiassantodomingo.net\/wp-content\/uploads\/2023\/12\/Diseno-sin-titulo-3.jpg\",\"contentUrl\":\"https:\/\/blgnoticiassantodomingo.net\/wp-content\/uploads\/2023\/12\/Diseno-sin-titulo-3.jpg\",\"width\":500,\"height\":500,\"caption\":\"BLG Noticias\"},\"image\":{\"@id\":\"https:\/\/blgnoticiassantodomingo.net\/#\/schema\/logo\/image\/\"},\"sameAs\":[\"https:\/\/web.facebook.com\/BlgNoticias\/?locale=es_LA&_rdc=1&_rdr\",\"https:\/\/x.com\/BlgNoticias\",\"https:\/\/www.linkedin.com\/in\/brenda-l-santana-aa846279\/\"]},{\"@type\":\"Person\",\"@id\":\"https:\/\/blgnoticiassantodomingo.net\/#\/schema\/person\/e2fc21cf88acc63dbd134be981bff374\",\"name\":\"Brenda Guerrero\",\"image\":{\"@type\":\"ImageObject\",\"inLanguage\":\"es\",\"@id\":\"https:\/\/blgnoticiassantodomingo.net\/#\/schema\/person\/image\/\",\"url\":\"https:\/\/secure.gravatar.com\/avatar\/2f7fc4c3e3655be1580cb684bfd8ab19be702ae20879da1e072021daa02f9b8b?s=96&d=wp_user_avatar&r=g\",\"contentUrl\":\"https:\/\/secure.gravatar.com\/avatar\/2f7fc4c3e3655be1580cb684bfd8ab19be702ae20879da1e072021daa02f9b8b?s=96&d=wp_user_avatar&r=g\",\"caption\":\"Brenda Guerrero\"},\"description\":\"Periodista\",\"url\":\"https:\/\/blgnoticiassantodomingo.net\/index.php\/author\/brenda-guerrero\/\"}]}<\/script>\n<!-- \/ Yoast SEO plugin. -->","yoast_head_json":{"title":"Ministros de Salud y Educaci\u00f3n acuerdan incluir estudiantes en la Lucha contra el Dengue - BLG Noticias","robots":{"index":"index","follow":"follow","max-snippet":"max-snippet:-1","max-image-preview":"max-image-preview:large","max-video-preview":"max-video-preview:-1"},"canonical":"https:\/\/blgnoticiassantodomingo.net\/index.php\/2024\/03\/14\/ministros-de-salud-y-educacion-acuerdan-incluir-estudiantes-en-la-lucha-contra-el-dengue\/","og_locale":"es_ES","og_type":"article","og_title":"Ministros de Salud y Educaci\u00f3n acuerdan incluir estudiantes en la Lucha contra el Dengue - BLG Noticias","og_description":"Santo Domingo, Rep\u00fablica Dominicana \u2013. Los ministros de Salud P\u00fablica doctor V\u00edctor Atallah y de Educaci\u00f3n \u00c1ngel Hern\u00e1ndez, acordaron incluir a los estudiantes de 6to de secundaria de los centros de educaci\u00f3n p\u00fablicos en el pa\u00eds, en el Plan Nacional contra el Dengue que se desarrolla para prevenir la enfermedad. En una reuni\u00f3n realizada en [&hellip;]","og_url":"https:\/\/blgnoticiassantodomingo.net\/index.php\/2024\/03\/14\/ministros-de-salud-y-educacion-acuerdan-incluir-estudiantes-en-la-lucha-contra-el-dengue\/","og_site_name":"BLG Noticias","article_publisher":"https:\/\/web.facebook.com\/BlgNoticias\/?locale=es_LA&_rdc=1&_rdr","article_published_time":"2024-03-14T14:09:29+00:00","article_modified_time":"2024-03-14T14:09:32+00:00","og_image":[{"width":1600,"height":1066,"url":"http:\/\/blgnoticiassantodomingo.net\/wp-content\/uploads\/2024\/03\/WhatsApp-Image-2024-03-14-at-9.10.57-AM.jpeg","type":"image\/jpeg"}],"author":"Brenda Guerrero","twitter_card":"summary_large_image","twitter_creator":"@BlgNoticias","twitter_site":"@BlgNoticias","twitter_misc":{"Escrito por":"Brenda Guerrero","Tiempo de lectura":"3 minutos"},"schema":{"@context":"https:\/\/schema.org","@graph":[{"@type":"Article","@id":"https:\/\/blgnoticiassantodomingo.net\/index.php\/2024\/03\/14\/ministros-de-salud-y-educacion-acuerdan-incluir-estudiantes-en-la-lucha-contra-el-dengue\/#article","isPartOf":{"@id":"https:\/\/blgnoticiassantodomingo.net\/index.php\/2024\/03\/14\/ministros-de-salud-y-educacion-acuerdan-incluir-estudiantes-en-la-lucha-contra-el-dengue\/"},"author":{"name":"Brenda Guerrero","@id":"https:\/\/blgnoticiassantodomingo.net\/#\/schema\/person\/e2fc21cf88acc63dbd134be981bff374"},"headline":"Ministros de Salud y Educaci\u00f3n acuerdan incluir estudiantes en la Lucha contra el Dengue","datePublished":"2024-03-14T14:09:29+00:00","dateModified":"2024-03-14T14:09:32+00:00","mainEntityOfPage":{"@id":"https:\/\/blgnoticiassantodomingo.net\/index.php\/2024\/03\/14\/ministros-de-salud-y-educacion-acuerdan-incluir-estudiantes-en-la-lucha-contra-el-dengue\/"},"wordCount":427,"commentCount":0,"publisher":{"@id":"https:\/\/blgnoticiassantodomingo.net\/#organization"},"image":{"@id":"https:\/\/blgnoticiassantodomingo.net\/index.php\/2024\/03\/14\/ministros-de-salud-y-educacion-acuerdan-incluir-estudiantes-en-la-lucha-contra-el-dengue\/#primaryimage"},"thumbnailUrl":"https:\/\/blgnoticiassantodomingo.net\/wp-content\/uploads\/2024\/03\/WhatsApp-Image-2024-03-14-at-9.10.57-AM.jpeg","keywords":["\u00c1ngel Hern\u00e1ndez","Lucha contra el Dengue","salud p\u00fablica","V\u00edctor Atallah"],"articleSection":["Salud"],"inLanguage":"es","potentialAction":[{"@type":"CommentAction","name":"Comment","target":["https:\/\/blgnoticiassantodomingo.net\/index.php\/2024\/03\/14\/ministros-de-salud-y-educacion-acuerdan-incluir-estudiantes-en-la-lucha-contra-el-dengue\/#respond"]}]},{"@type":"WebPage","@id":"https:\/\/blgnoticiassantodomingo.net\/index.php\/2024\/03\/14\/ministros-de-salud-y-educacion-acuerdan-incluir-estudiantes-en-la-lucha-contra-el-dengue\/","url":"https:\/\/blgnoticiassantodomingo.net\/index.php\/2024\/03\/14\/ministros-de-salud-y-educacion-acuerdan-incluir-estudiantes-en-la-lucha-contra-el-dengue\/","name":"Ministros de Salud y Educaci\u00f3n acuerdan incluir estudiantes en la Lucha contra el Dengue - BLG Noticias","isPartOf":{"@id":"https:\/\/blgnoticiassantodomingo.net\/#website"},"primaryImageOfPage":{"@id":"https:\/\/blgnoticiassantodomingo.net\/index.php\/2024\/03\/14\/ministros-de-salud-y-educacion-acuerdan-incluir-estudiantes-en-la-lucha-contra-el-dengue\/#primaryimage"},"image":{"@id":"https:\/\/blgnoticiassantodomingo.net\/index.php\/2024\/03\/14\/ministros-de-salud-y-educacion-acuerdan-incluir-estudiantes-en-la-lucha-contra-el-dengue\/#primaryimage"},"thumbnailUrl":"https:\/\/blgnoticiassantodomingo.net\/wp-content\/uploads\/2024\/03\/WhatsApp-Image-2024-03-14-at-9.10.57-AM.jpeg","datePublished":"2024-03-14T14:09:29+00:00","dateModified":"2024-03-14T14:09:32+00:00","breadcrumb":{"@id":"https:\/\/blgnoticiassantodomingo.net\/index.php\/2024\/03\/14\/ministros-de-salud-y-educacion-acuerdan-incluir-estudiantes-en-la-lucha-contra-el-dengue\/#breadcrumb"},"inLanguage":"es","potentialAction":[{"@type":"ReadAction","target":["https:\/\/blgnoticiassantodomingo.net\/index.php\/2024\/03\/14\/ministros-de-salud-y-educacion-acuerdan-incluir-estudiantes-en-la-lucha-contra-el-dengue\/"]}]},{"@type":"ImageObject","inLanguage":"es","@id":"https:\/\/blgnoticiassantodomingo.net\/index.php\/2024\/03\/14\/ministros-de-salud-y-educacion-acuerdan-incluir-estudiantes-en-la-lucha-contra-el-dengue\/#primaryimage","url":"https:\/\/blgnoticiassantodomingo.net\/wp-content\/uploads\/2024\/03\/WhatsApp-Image-2024-03-14-at-9.10.57-AM.jpeg","contentUrl":"https:\/\/blgnoticiassantodomingo.net\/wp-content\/uploads\/2024\/03\/WhatsApp-Image-2024-03-14-at-9.10.57-AM.jpeg","width":1600,"height":1066},{"@type":"BreadcrumbList","@id":"https:\/\/blgnoticiassantodomingo.net\/index.php\/2024\/03\/14\/ministros-de-salud-y-educacion-acuerdan-incluir-estudiantes-en-la-lucha-contra-el-dengue\/#breadcrumb","itemListElement":[{"@type":"ListItem","position":1,"name":"Portada","item":"https:\/\/blgnoticiassantodomingo.net\/"},{"@type":"ListItem","position":2,"name":"Ministros de Salud y Educaci\u00f3n acuerdan incluir estudiantes en la Lucha contra el Dengue"}]},{"@type":"WebSite","@id":"https:\/\/blgnoticiassantodomingo.net\/#website","url":"https:\/\/blgnoticiassantodomingo.net\/","name":"BLG Noticias","description":"Esto es Noticias","publisher":{"@id":"https:\/\/blgnoticiassantodomingo.net\/#organization"},"potentialAction":[{"@type":"SearchAction","target":{"@type":"EntryPoint","urlTemplate":"https:\/\/blgnoticiassantodomingo.net\/?s={search_term_string}"},"query-input":{"@type":"PropertyValueSpecification","valueRequired":true,"valueName":"search_term_string"}}],"inLanguage":"es"},{"@type":"Organization","@id":"https:\/\/blgnoticiassantodomingo.net\/#organization","name":"BLG Noticias","url":"https:\/\/blgnoticiassantodomingo.net\/","logo":{"@type":"ImageObject","inLanguage":"es","@id":"https:\/\/blgnoticiassantodomingo.net\/#\/schema\/logo\/image\/","url":"https:\/\/blgnoticiassantodomingo.net\/wp-content\/uploads\/2023\/12\/Diseno-sin-titulo-3.jpg","contentUrl":"https:\/\/blgnoticiassantodomingo.net\/wp-content\/uploads\/2023\/12\/Diseno-sin-titulo-3.jpg","width":500,"height":500,"caption":"BLG Noticias"},"image":{"@id":"https:\/\/blgnoticiassantodomingo.net\/#\/schema\/logo\/image\/"},"sameAs":["https:\/\/web.facebook.com\/BlgNoticias\/?locale=es_LA&_rdc=1&_rdr","https:\/\/x.com\/BlgNoticias","https:\/\/www.linkedin.com\/in\/brenda-l-santana-aa846279\/"]},{"@type":"Person","@id":"https:\/\/blgnoticiassantodomingo.net\/#\/schema\/person\/e2fc21cf88acc63dbd134be981bff374","name":"Brenda Guerrero","image":{"@type":"ImageObject","inLanguage":"es","@id":"https:\/\/blgnoticiassantodomingo.net\/#\/schema\/person\/image\/","url":"https:\/\/secure.gravatar.com\/avatar\/2f7fc4c3e3655be1580cb684bfd8ab19be702ae20879da1e072021daa02f9b8b?s=96&d=wp_user_avatar&r=g","contentUrl":"https:\/\/secure.gravatar.com\/avatar\/2f7fc4c3e3655be1580cb684bfd8ab19be702ae20879da1e072021daa02f9b8b?s=96&d=wp_user_avatar&r=g","caption":"Brenda Guerrero"},"description":"Periodista","url":"https:\/\/blgnoticiassantodomingo.net\/index.php\/author\/brenda-guerrero\/"}]}},"jetpack_featured_media_url":"https:\/\/blgnoticiassantodomingo.net\/wp-content\/uploads\/2024\/03\/WhatsApp-Image-2024-03-14-at-9.10.57-AM.jpeg","_links":{"self":[{"href":"https:\/\/blgnoticiassantodomingo.net\/index.php\/wp-json\/wp\/v2\/posts\/39069","targetHints":{"allow":["GET"]}}],"collection":[{"href":"https:\/\/blgnoticiassantodomingo.net\/index.php\/wp-json\/wp\/v2\/posts"}],"about":[{"href":"https:\/\/blgnoticiassantodomingo.net\/index.php\/wp-json\/wp\/v2\/types\/post"}],"author":[{"embeddable":true,"href":"https:\/\/blgnoticiassantodomingo.net\/index.php\/wp-json\/wp\/v2\/users\/2"}],"replies":[{"embeddable":true,"href":"https:\/\/blgnoticiassantodomingo.net\/index.php\/wp-json\/wp\/v2\/comments?post=39069"}],"version-history":[{"count":1,"href":"https:\/\/blgnoticiassantodomingo.net\/index.php\/wp-json\/wp\/v2\/posts\/39069\/revisions"}],"predecessor-version":[{"id":39073,"href":"https:\/\/blgnoticiassantodomingo.net\/index.php\/wp-json\/wp\/v2\/posts\/39069\/revisions\/39073"}],"wp:featuredmedia":[{"embeddable":true,"href":"https:\/\/blgnoticiassantodomingo.net\/index.php\/wp-json\/wp\/v2\/media\/39070"}],"wp:attachment":[{"href":"https:\/\/blgnoticiassantodomingo.net\/index.php\/wp-json\/wp\/v2\/media?parent=39069"}],"wp:term":[{"taxonomy":"category","embeddable":true,"href":"https:\/\/blgnoticiassantodomingo.net\/index.php\/wp-json\/wp\/v2\/categories?post=39069"},{"taxonomy":"post_tag","embeddable":true,"href":"https:\/\/blgnoticiassantodomingo.net\/index.php\/wp-json\/wp\/v2\/tags?post=39069"}],"curies":[{"name":"wp","href":"https:\/\/api.w.org\/{rel}","templated":true}]}}