{"id":39049,"date":"2024-03-13T12:04:30","date_gmt":"2024-03-13T16:04:30","guid":{"rendered":"https:\/\/blgnoticiassantodomingo.net\/?p=39049"},"modified":"2024-03-13T12:04:41","modified_gmt":"2024-03-13T16:04:41","slug":"digera-lleva-el-seguro-agropecuario-a-feria-nacional-agropecuaria-2024","status":"publish","type":"post","link":"https:\/\/blgnoticiassantodomingo.net\/index.php\/2024\/03\/13\/digera-lleva-el-seguro-agropecuario-a-feria-nacional-agropecuaria-2024\/","title":{"rendered":"DIGERA lleva el Seguro Agropecuario a Feria Nacional Agropecuaria 2024"},"content":{"rendered":"\n<p>La Direcci\u00f3n General de Riesgos Agropecuarios (DIGERA) est\u00e1 participando en la Feria Nacional Agropecuaria 2024 celebr\u00e1ndose del 8 al 17 de marzo en la ciudad ganadera.<\/p>\n\n\n\n<p>Desde su stand, \u00abest\u00e1 ofreciendo todas las informaciones que necesitan saber los productores agropecuarios en cuanto al Seguro de su cultivo se refiere. \u00abAs\u00ed lo expres\u00f3 el director Kohuris Henrriquez Disla a trav\u00e9s de una nota de prensa enviada a los medios, quien tambi\u00e9n sostuvo que la DIGERA es una direcci\u00f3n que trabaja arduamente por bienestar de los productores dominicanos y desde asumir esa direcci\u00f3n han trabajado para arrojar luz sobre este mundo del seguro agropecuario, que necesita ser promovido ampliamente.<\/p>\n\n\n\n<p>Los visitantes pueden obtener de la mano de t\u00e9cnicos especializados informaci\u00f3n sobre; p\u00f3lizas, cobertura, rubros, asesor\u00eda t\u00e9cnica, entre otros.<\/p>\n\n\n\n<p>En el sal\u00f3n de conferencias, habilitado en el Pabell\u00f3n del Ministerio de Agricultura, la DIGERA estar\u00e1 impartiendo diferentes charlas: el lunes 11 de marzo a las 4; 00 pm con la charla: Avances del Seguro Agropecuario en la Rep\u00fablica Dominicana; L\u00edneas de Seguros y coberturas, el martes 12 a las 6 :00 pm, Cambio clim\u00e1tico el jueves 14 a las 10:00 am.<\/p>\n\n\n\n<p>La gesti\u00f3n del presidente Luis Abinader Corona enfatizada en el cambio ha permitido mejoras significativas en campo para todos los productores y en materia de seguro agropecuario a trav\u00e9s de la Digera se han podido lograr m\u00faltiples avances.<\/p>\n\n\n\n<p>La implementaci\u00f3n de las juntas solidarias como elemento de conexi\u00f3n primaria entre productores y DIGERA ha permitido niveles de respuestas en tiempo record para quienes presentan alg\u00fan tipo de inconveniente con su p\u00f3liza de seguro; adem\u00e1s los acuerdos interinstitucionales con instituciones como SENASA. ITLA, IAD, AGRODOSA, y otras m\u00e1s han logrado una interacci\u00f3n y niveles de cooperaci\u00f3n que comienzan a reflejar sus frutos, concluy\u00f3 el director.<\/p>\n\n\n\n<p>Este a\u00f1o la Feria Agropecuaria 2024 se celebrar\u00e1 bajo el lema \u201cUnidos hacia un Desarrollo Agropecuario Sostenible\u201d. \u201cEn el contexto actual, la Rep\u00fablica Dominicana se enfrenta a desaf\u00edos significativos relacionados con la sostenibilidad agr\u00edcola. La presi\u00f3n sobre los recursos naturales, eventos clim\u00e1ticos extremos y la necesidad de garantizar la seguridad alimentaria, por ello la adopci\u00f3n de pr\u00e1cticas agr\u00edcolas sostenibles es imperativa.<\/p>\n","protected":false},"excerpt":{"rendered":"<p>La Direcci\u00f3n General de Riesgos Agropecuarios (DIGERA) est\u00e1 participando en la Feria Nacional Agropecuaria 2024 celebr\u00e1ndose del 8 al 17 de marzo en la ciudad ganadera. Desde su stand, \u00abest\u00e1 ofreciendo todas las informaciones que necesitan saber los productores agropecuarios en cuanto al Seguro de su cultivo se refiere. \u00abAs\u00ed lo expres\u00f3 el director Kohuris [&hellip;]<\/p>\n","protected":false},"author":2,"featured_media":39050,"comment_status":"open","ping_status":"open","sticky":true,"template":"","format":"standard","meta":{"footnotes":""},"categories":[220],"tags":[5945,9443],"class_list":{"0":"post-39049","1":"post","2":"type-post","3":"status-publish","4":"format-standard","5":"has-post-thumbnail","7":"category-nacionales","8":"tag-digera","9":"tag-feria-nacional-agropecuaria-2024"},"yoast_head":"<!-- This site is optimized with the Yoast SEO plugin v24.9 - https:\/\/yoast.com\/wordpress\/plugins\/seo\/ -->\n<title>DIGERA lleva el Seguro Agropecuario a Feria Nacional Agropecuaria 2024 - BLG Noticias<\/title>\n<meta name=\"robots\" content=\"index, follow, max-snippet:-1, max-image-preview:large, max-video-preview:-1\" \/>\n<link rel=\"canonical\" href=\"https:\/\/blgnoticiassantodomingo.net\/index.php\/2024\/03\/13\/digera-lleva-el-seguro-agropecuario-a-feria-nacional-agropecuaria-2024\/\" \/>\n<meta property=\"og:locale\" content=\"es_ES\" \/>\n<meta property=\"og:type\" content=\"article\" \/>\n<meta property=\"og:title\" content=\"DIGERA lleva el Seguro Agropecuario a Feria Nacional Agropecuaria 2024 - BLG Noticias\" \/>\n<meta property=\"og:description\" content=\"La Direcci\u00f3n General de Riesgos Agropecuarios (DIGERA) est\u00e1 participando en la Feria Nacional Agropecuaria 2024 celebr\u00e1ndose del 8 al 17 de marzo en la ciudad ganadera. Desde su stand, \u00abest\u00e1 ofreciendo todas las informaciones que necesitan saber los productores agropecuarios en cuanto al Seguro de su cultivo se refiere. \u00abAs\u00ed lo expres\u00f3 el director Kohuris [&hellip;]\" \/>\n<meta property=\"og:url\" content=\"https:\/\/blgnoticiassantodomingo.net\/index.php\/2024\/03\/13\/digera-lleva-el-seguro-agropecuario-a-feria-nacional-agropecuaria-2024\/\" \/>\n<meta property=\"og:site_name\" content=\"BLG Noticias\" \/>\n<meta property=\"article:publisher\" content=\"https:\/\/web.facebook.com\/BlgNoticias\/?locale=es_LA&amp;_rdc=1&amp;_rdr\" \/>\n<meta property=\"article:published_time\" content=\"2024-03-13T16:04:30+00:00\" \/>\n<meta property=\"article:modified_time\" content=\"2024-03-13T16:04:41+00:00\" \/>\n<meta property=\"og:image\" content=\"http:\/\/blgnoticiassantodomingo.net\/wp-content\/uploads\/2024\/03\/WhatsApp-Image-2024-03-12-at-9.23.22-AM.jpeg\" \/>\n\t<meta property=\"og:image:width\" content=\"1600\" \/>\n\t<meta property=\"og:image:height\" content=\"1066\" \/>\n\t<meta property=\"og:image:type\" content=\"image\/jpeg\" \/>\n<meta name=\"author\" content=\"Brenda Guerrero\" \/>\n<meta name=\"twitter:card\" content=\"summary_large_image\" \/>\n<meta name=\"twitter:creator\" content=\"@BlgNoticias\" \/>\n<meta name=\"twitter:site\" content=\"@BlgNoticias\" \/>\n<meta name=\"twitter:label1\" content=\"Escrito por\" \/>\n\t<meta name=\"twitter:data1\" content=\"Brenda Guerrero\" \/>\n\t<meta name=\"twitter:label2\" content=\"Tiempo de lectura\" \/>\n\t<meta name=\"twitter:data2\" content=\"2 minutos\" \/>\n<script type=\"application\/ld+json\" class=\"yoast-schema-graph\">{\"@context\":\"https:\/\/schema.org\",\"@graph\":[{\"@type\":\"Article\",\"@id\":\"https:\/\/blgnoticiassantodomingo.net\/index.php\/2024\/03\/13\/digera-lleva-el-seguro-agropecuario-a-feria-nacional-agropecuaria-2024\/#article\",\"isPartOf\":{\"@id\":\"https:\/\/blgnoticiassantodomingo.net\/index.php\/2024\/03\/13\/digera-lleva-el-seguro-agropecuario-a-feria-nacional-agropecuaria-2024\/\"},\"author\":{\"name\":\"Brenda Guerrero\",\"@id\":\"https:\/\/blgnoticiassantodomingo.net\/#\/schema\/person\/e2fc21cf88acc63dbd134be981bff374\"},\"headline\":\"DIGERA lleva el Seguro Agropecuario a Feria Nacional Agropecuaria 2024\",\"datePublished\":\"2024-03-13T16:04:30+00:00\",\"dateModified\":\"2024-03-13T16:04:41+00:00\",\"mainEntityOfPage\":{\"@id\":\"https:\/\/blgnoticiassantodomingo.net\/index.php\/2024\/03\/13\/digera-lleva-el-seguro-agropecuario-a-feria-nacional-agropecuaria-2024\/\"},\"wordCount\":386,\"commentCount\":0,\"publisher\":{\"@id\":\"https:\/\/blgnoticiassantodomingo.net\/#organization\"},\"image\":{\"@id\":\"https:\/\/blgnoticiassantodomingo.net\/index.php\/2024\/03\/13\/digera-lleva-el-seguro-agropecuario-a-feria-nacional-agropecuaria-2024\/#primaryimage\"},\"thumbnailUrl\":\"https:\/\/blgnoticiassantodomingo.net\/wp-content\/uploads\/2024\/03\/WhatsApp-Image-2024-03-12-at-9.23.22-AM.jpeg\",\"keywords\":[\"DIGERA\",\"Feria Nacional Agropecuaria 2024\"],\"articleSection\":[\"Nacionales\"],\"inLanguage\":\"es\",\"potentialAction\":[{\"@type\":\"CommentAction\",\"name\":\"Comment\",\"target\":[\"https:\/\/blgnoticiassantodomingo.net\/index.php\/2024\/03\/13\/digera-lleva-el-seguro-agropecuario-a-feria-nacional-agropecuaria-2024\/#respond\"]}]},{\"@type\":\"WebPage\",\"@id\":\"https:\/\/blgnoticiassantodomingo.net\/index.php\/2024\/03\/13\/digera-lleva-el-seguro-agropecuario-a-feria-nacional-agropecuaria-2024\/\",\"url\":\"https:\/\/blgnoticiassantodomingo.net\/index.php\/2024\/03\/13\/digera-lleva-el-seguro-agropecuario-a-feria-nacional-agropecuaria-2024\/\",\"name\":\"DIGERA lleva el Seguro Agropecuario a Feria Nacional Agropecuaria 2024 - BLG Noticias\",\"isPartOf\":{\"@id\":\"https:\/\/blgnoticiassantodomingo.net\/#website\"},\"primaryImageOfPage\":{\"@id\":\"https:\/\/blgnoticiassantodomingo.net\/index.php\/2024\/03\/13\/digera-lleva-el-seguro-agropecuario-a-feria-nacional-agropecuaria-2024\/#primaryimage\"},\"image\":{\"@id\":\"https:\/\/blgnoticiassantodomingo.net\/index.php\/2024\/03\/13\/digera-lleva-el-seguro-agropecuario-a-feria-nacional-agropecuaria-2024\/#primaryimage\"},\"thumbnailUrl\":\"https:\/\/blgnoticiassantodomingo.net\/wp-content\/uploads\/2024\/03\/WhatsApp-Image-2024-03-12-at-9.23.22-AM.jpeg\",\"datePublished\":\"2024-03-13T16:04:30+00:00\",\"dateModified\":\"2024-03-13T16:04:41+00:00\",\"breadcrumb\":{\"@id\":\"https:\/\/blgnoticiassantodomingo.net\/index.php\/2024\/03\/13\/digera-lleva-el-seguro-agropecuario-a-feria-nacional-agropecuaria-2024\/#breadcrumb\"},\"inLanguage\":\"es\",\"potentialAction\":[{\"@type\":\"ReadAction\",\"target\":[\"https:\/\/blgnoticiassantodomingo.net\/index.php\/2024\/03\/13\/digera-lleva-el-seguro-agropecuario-a-feria-nacional-agropecuaria-2024\/\"]}]},{\"@type\":\"ImageObject\",\"inLanguage\":\"es\",\"@id\":\"https:\/\/blgnoticiassantodomingo.net\/index.php\/2024\/03\/13\/digera-lleva-el-seguro-agropecuario-a-feria-nacional-agropecuaria-2024\/#primaryimage\",\"url\":\"https:\/\/blgnoticiassantodomingo.net\/wp-content\/uploads\/2024\/03\/WhatsApp-Image-2024-03-12-at-9.23.22-AM.jpeg\",\"contentUrl\":\"https:\/\/blgnoticiassantodomingo.net\/wp-content\/uploads\/2024\/03\/WhatsApp-Image-2024-03-12-at-9.23.22-AM.jpeg\",\"width\":1600,\"height\":1066},{\"@type\":\"BreadcrumbList\",\"@id\":\"https:\/\/blgnoticiassantodomingo.net\/index.php\/2024\/03\/13\/digera-lleva-el-seguro-agropecuario-a-feria-nacional-agropecuaria-2024\/#breadcrumb\",\"itemListElement\":[{\"@type\":\"ListItem\",\"position\":1,\"name\":\"Portada\",\"item\":\"https:\/\/blgnoticiassantodomingo.net\/\"},{\"@type\":\"ListItem\",\"position\":2,\"name\":\"DIGERA lleva el Seguro Agropecuario a Feria Nacional Agropecuaria 2024\"}]},{\"@type\":\"WebSite\",\"@id\":\"https:\/\/blgnoticiassantodomingo.net\/#website\",\"url\":\"https:\/\/blgnoticiassantodomingo.net\/\",\"name\":\"BLG Noticias\",\"description\":\"Esto es Noticias\",\"publisher\":{\"@id\":\"https:\/\/blgnoticiassantodomingo.net\/#organization\"},\"potentialAction\":[{\"@type\":\"SearchAction\",\"target\":{\"@type\":\"EntryPoint\",\"urlTemplate\":\"https:\/\/blgnoticiassantodomingo.net\/?s={search_term_string}\"},\"query-input\":{\"@type\":\"PropertyValueSpecification\",\"valueRequired\":true,\"valueName\":\"search_term_string\"}}],\"inLanguage\":\"es\"},{\"@type\":\"Organization\",\"@id\":\"https:\/\/blgnoticiassantodomingo.net\/#organization\",\"name\":\"BLG Noticias\",\"url\":\"https:\/\/blgnoticiassantodomingo.net\/\",\"logo\":{\"@type\":\"ImageObject\",\"inLanguage\":\"es\",\"@id\":\"https:\/\/blgnoticiassantodomingo.net\/#\/schema\/logo\/image\/\",\"url\":\"https:\/\/blgnoticiassantodomingo.net\/wp-content\/uploads\/2023\/12\/Diseno-sin-titulo-3.jpg\",\"contentUrl\":\"https:\/\/blgnoticiassantodomingo.net\/wp-content\/uploads\/2023\/12\/Diseno-sin-titulo-3.jpg\",\"width\":500,\"height\":500,\"caption\":\"BLG Noticias\"},\"image\":{\"@id\":\"https:\/\/blgnoticiassantodomingo.net\/#\/schema\/logo\/image\/\"},\"sameAs\":[\"https:\/\/web.facebook.com\/BlgNoticias\/?locale=es_LA&_rdc=1&_rdr\",\"https:\/\/x.com\/BlgNoticias\",\"https:\/\/www.linkedin.com\/in\/brenda-l-santana-aa846279\/\"]},{\"@type\":\"Person\",\"@id\":\"https:\/\/blgnoticiassantodomingo.net\/#\/schema\/person\/e2fc21cf88acc63dbd134be981bff374\",\"name\":\"Brenda Guerrero\",\"image\":{\"@type\":\"ImageObject\",\"inLanguage\":\"es\",\"@id\":\"https:\/\/blgnoticiassantodomingo.net\/#\/schema\/person\/image\/\",\"url\":\"https:\/\/secure.gravatar.com\/avatar\/2f7fc4c3e3655be1580cb684bfd8ab19be702ae20879da1e072021daa02f9b8b?s=96&d=wp_user_avatar&r=g\",\"contentUrl\":\"https:\/\/secure.gravatar.com\/avatar\/2f7fc4c3e3655be1580cb684bfd8ab19be702ae20879da1e072021daa02f9b8b?s=96&d=wp_user_avatar&r=g\",\"caption\":\"Brenda Guerrero\"},\"description\":\"Periodista\",\"url\":\"https:\/\/blgnoticiassantodomingo.net\/index.php\/author\/brenda-guerrero\/\"}]}<\/script>\n<!-- \/ Yoast SEO plugin. -->","yoast_head_json":{"title":"DIGERA lleva el Seguro Agropecuario a Feria Nacional Agropecuaria 2024 - BLG Noticias","robots":{"index":"index","follow":"follow","max-snippet":"max-snippet:-1","max-image-preview":"max-image-preview:large","max-video-preview":"max-video-preview:-1"},"canonical":"https:\/\/blgnoticiassantodomingo.net\/index.php\/2024\/03\/13\/digera-lleva-el-seguro-agropecuario-a-feria-nacional-agropecuaria-2024\/","og_locale":"es_ES","og_type":"article","og_title":"DIGERA lleva el Seguro Agropecuario a Feria Nacional Agropecuaria 2024 - BLG Noticias","og_description":"La Direcci\u00f3n General de Riesgos Agropecuarios (DIGERA) est\u00e1 participando en la Feria Nacional Agropecuaria 2024 celebr\u00e1ndose del 8 al 17 de marzo en la ciudad ganadera. Desde su stand, \u00abest\u00e1 ofreciendo todas las informaciones que necesitan saber los productores agropecuarios en cuanto al Seguro de su cultivo se refiere. \u00abAs\u00ed lo expres\u00f3 el director Kohuris [&hellip;]","og_url":"https:\/\/blgnoticiassantodomingo.net\/index.php\/2024\/03\/13\/digera-lleva-el-seguro-agropecuario-a-feria-nacional-agropecuaria-2024\/","og_site_name":"BLG Noticias","article_publisher":"https:\/\/web.facebook.com\/BlgNoticias\/?locale=es_LA&_rdc=1&_rdr","article_published_time":"2024-03-13T16:04:30+00:00","article_modified_time":"2024-03-13T16:04:41+00:00","og_image":[{"width":1600,"height":1066,"url":"http:\/\/blgnoticiassantodomingo.net\/wp-content\/uploads\/2024\/03\/WhatsApp-Image-2024-03-12-at-9.23.22-AM.jpeg","type":"image\/jpeg"}],"author":"Brenda Guerrero","twitter_card":"summary_large_image","twitter_creator":"@BlgNoticias","twitter_site":"@BlgNoticias","twitter_misc":{"Escrito por":"Brenda Guerrero","Tiempo de lectura":"2 minutos"},"schema":{"@context":"https:\/\/schema.org","@graph":[{"@type":"Article","@id":"https:\/\/blgnoticiassantodomingo.net\/index.php\/2024\/03\/13\/digera-lleva-el-seguro-agropecuario-a-feria-nacional-agropecuaria-2024\/#article","isPartOf":{"@id":"https:\/\/blgnoticiassantodomingo.net\/index.php\/2024\/03\/13\/digera-lleva-el-seguro-agropecuario-a-feria-nacional-agropecuaria-2024\/"},"author":{"name":"Brenda Guerrero","@id":"https:\/\/blgnoticiassantodomingo.net\/#\/schema\/person\/e2fc21cf88acc63dbd134be981bff374"},"headline":"DIGERA lleva el Seguro Agropecuario a Feria Nacional Agropecuaria 2024","datePublished":"2024-03-13T16:04:30+00:00","dateModified":"2024-03-13T16:04:41+00:00","mainEntityOfPage":{"@id":"https:\/\/blgnoticiassantodomingo.net\/index.php\/2024\/03\/13\/digera-lleva-el-seguro-agropecuario-a-feria-nacional-agropecuaria-2024\/"},"wordCount":386,"commentCount":0,"publisher":{"@id":"https:\/\/blgnoticiassantodomingo.net\/#organization"},"image":{"@id":"https:\/\/blgnoticiassantodomingo.net\/index.php\/2024\/03\/13\/digera-lleva-el-seguro-agropecuario-a-feria-nacional-agropecuaria-2024\/#primaryimage"},"thumbnailUrl":"https:\/\/blgnoticiassantodomingo.net\/wp-content\/uploads\/2024\/03\/WhatsApp-Image-2024-03-12-at-9.23.22-AM.jpeg","keywords":["DIGERA","Feria Nacional Agropecuaria 2024"],"articleSection":["Nacionales"],"inLanguage":"es","potentialAction":[{"@type":"CommentAction","name":"Comment","target":["https:\/\/blgnoticiassantodomingo.net\/index.php\/2024\/03\/13\/digera-lleva-el-seguro-agropecuario-a-feria-nacional-agropecuaria-2024\/#respond"]}]},{"@type":"WebPage","@id":"https:\/\/blgnoticiassantodomingo.net\/index.php\/2024\/03\/13\/digera-lleva-el-seguro-agropecuario-a-feria-nacional-agropecuaria-2024\/","url":"https:\/\/blgnoticiassantodomingo.net\/index.php\/2024\/03\/13\/digera-lleva-el-seguro-agropecuario-a-feria-nacional-agropecuaria-2024\/","name":"DIGERA lleva el Seguro Agropecuario a Feria Nacional Agropecuaria 2024 - BLG Noticias","isPartOf":{"@id":"https:\/\/blgnoticiassantodomingo.net\/#website"},"primaryImageOfPage":{"@id":"https:\/\/blgnoticiassantodomingo.net\/index.php\/2024\/03\/13\/digera-lleva-el-seguro-agropecuario-a-feria-nacional-agropecuaria-2024\/#primaryimage"},"image":{"@id":"https:\/\/blgnoticiassantodomingo.net\/index.php\/2024\/03\/13\/digera-lleva-el-seguro-agropecuario-a-feria-nacional-agropecuaria-2024\/#primaryimage"},"thumbnailUrl":"https:\/\/blgnoticiassantodomingo.net\/wp-content\/uploads\/2024\/03\/WhatsApp-Image-2024-03-12-at-9.23.22-AM.jpeg","datePublished":"2024-03-13T16:04:30+00:00","dateModified":"2024-03-13T16:04:41+00:00","breadcrumb":{"@id":"https:\/\/blgnoticiassantodomingo.net\/index.php\/2024\/03\/13\/digera-lleva-el-seguro-agropecuario-a-feria-nacional-agropecuaria-2024\/#breadcrumb"},"inLanguage":"es","potentialAction":[{"@type":"ReadAction","target":["https:\/\/blgnoticiassantodomingo.net\/index.php\/2024\/03\/13\/digera-lleva-el-seguro-agropecuario-a-feria-nacional-agropecuaria-2024\/"]}]},{"@type":"ImageObject","inLanguage":"es","@id":"https:\/\/blgnoticiassantodomingo.net\/index.php\/2024\/03\/13\/digera-lleva-el-seguro-agropecuario-a-feria-nacional-agropecuaria-2024\/#primaryimage","url":"https:\/\/blgnoticiassantodomingo.net\/wp-content\/uploads\/2024\/03\/WhatsApp-Image-2024-03-12-at-9.23.22-AM.jpeg","contentUrl":"https:\/\/blgnoticiassantodomingo.net\/wp-content\/uploads\/2024\/03\/WhatsApp-Image-2024-03-12-at-9.23.22-AM.jpeg","width":1600,"height":1066},{"@type":"BreadcrumbList","@id":"https:\/\/blgnoticiassantodomingo.net\/index.php\/2024\/03\/13\/digera-lleva-el-seguro-agropecuario-a-feria-nacional-agropecuaria-2024\/#breadcrumb","itemListElement":[{"@type":"ListItem","position":1,"name":"Portada","item":"https:\/\/blgnoticiassantodomingo.net\/"},{"@type":"ListItem","position":2,"name":"DIGERA lleva el Seguro Agropecuario a Feria Nacional Agropecuaria 2024"}]},{"@type":"WebSite","@id":"https:\/\/blgnoticiassantodomingo.net\/#website","url":"https:\/\/blgnoticiassantodomingo.net\/","name":"BLG Noticias","description":"Esto es Noticias","publisher":{"@id":"https:\/\/blgnoticiassantodomingo.net\/#organization"},"potentialAction":[{"@type":"SearchAction","target":{"@type":"EntryPoint","urlTemplate":"https:\/\/blgnoticiassantodomingo.net\/?s={search_term_string}"},"query-input":{"@type":"PropertyValueSpecification","valueRequired":true,"valueName":"search_term_string"}}],"inLanguage":"es"},{"@type":"Organization","@id":"https:\/\/blgnoticiassantodomingo.net\/#organization","name":"BLG Noticias","url":"https:\/\/blgnoticiassantodomingo.net\/","logo":{"@type":"ImageObject","inLanguage":"es","@id":"https:\/\/blgnoticiassantodomingo.net\/#\/schema\/logo\/image\/","url":"https:\/\/blgnoticiassantodomingo.net\/wp-content\/uploads\/2023\/12\/Diseno-sin-titulo-3.jpg","contentUrl":"https:\/\/blgnoticiassantodomingo.net\/wp-content\/uploads\/2023\/12\/Diseno-sin-titulo-3.jpg","width":500,"height":500,"caption":"BLG Noticias"},"image":{"@id":"https:\/\/blgnoticiassantodomingo.net\/#\/schema\/logo\/image\/"},"sameAs":["https:\/\/web.facebook.com\/BlgNoticias\/?locale=es_LA&_rdc=1&_rdr","https:\/\/x.com\/BlgNoticias","https:\/\/www.linkedin.com\/in\/brenda-l-santana-aa846279\/"]},{"@type":"Person","@id":"https:\/\/blgnoticiassantodomingo.net\/#\/schema\/person\/e2fc21cf88acc63dbd134be981bff374","name":"Brenda Guerrero","image":{"@type":"ImageObject","inLanguage":"es","@id":"https:\/\/blgnoticiassantodomingo.net\/#\/schema\/person\/image\/","url":"https:\/\/secure.gravatar.com\/avatar\/2f7fc4c3e3655be1580cb684bfd8ab19be702ae20879da1e072021daa02f9b8b?s=96&d=wp_user_avatar&r=g","contentUrl":"https:\/\/secure.gravatar.com\/avatar\/2f7fc4c3e3655be1580cb684bfd8ab19be702ae20879da1e072021daa02f9b8b?s=96&d=wp_user_avatar&r=g","caption":"Brenda Guerrero"},"description":"Periodista","url":"https:\/\/blgnoticiassantodomingo.net\/index.php\/author\/brenda-guerrero\/"}]}},"jetpack_featured_media_url":"https:\/\/blgnoticiassantodomingo.net\/wp-content\/uploads\/2024\/03\/WhatsApp-Image-2024-03-12-at-9.23.22-AM.jpeg","_links":{"self":[{"href":"https:\/\/blgnoticiassantodomingo.net\/index.php\/wp-json\/wp\/v2\/posts\/39049","targetHints":{"allow":["GET"]}}],"collection":[{"href":"https:\/\/blgnoticiassantodomingo.net\/index.php\/wp-json\/wp\/v2\/posts"}],"about":[{"href":"https:\/\/blgnoticiassantodomingo.net\/index.php\/wp-json\/wp\/v2\/types\/post"}],"author":[{"embeddable":true,"href":"https:\/\/blgnoticiassantodomingo.net\/index.php\/wp-json\/wp\/v2\/users\/2"}],"replies":[{"embeddable":true,"href":"https:\/\/blgnoticiassantodomingo.net\/index.php\/wp-json\/wp\/v2\/comments?post=39049"}],"version-history":[{"count":1,"href":"https:\/\/blgnoticiassantodomingo.net\/index.php\/wp-json\/wp\/v2\/posts\/39049\/revisions"}],"predecessor-version":[{"id":39051,"href":"https:\/\/blgnoticiassantodomingo.net\/index.php\/wp-json\/wp\/v2\/posts\/39049\/revisions\/39051"}],"wp:featuredmedia":[{"embeddable":true,"href":"https:\/\/blgnoticiassantodomingo.net\/index.php\/wp-json\/wp\/v2\/media\/39050"}],"wp:attachment":[{"href":"https:\/\/blgnoticiassantodomingo.net\/index.php\/wp-json\/wp\/v2\/media?parent=39049"}],"wp:term":[{"taxonomy":"category","embeddable":true,"href":"https:\/\/blgnoticiassantodomingo.net\/index.php\/wp-json\/wp\/v2\/categories?post=39049"},{"taxonomy":"post_tag","embeddable":true,"href":"https:\/\/blgnoticiassantodomingo.net\/index.php\/wp-json\/wp\/v2\/tags?post=39049"}],"curies":[{"name":"wp","href":"https:\/\/api.w.org\/{rel}","templated":true}]}}