{"id":38905,"date":"2024-03-05T11:43:12","date_gmt":"2024-03-05T15:43:12","guid":{"rendered":"https:\/\/blgnoticiassantodomingo.net\/?p=38905"},"modified":"2024-03-05T11:43:24","modified_gmt":"2024-03-05T15:43:24","slug":"inicia-y-la-alcaldia-del-dn-inauguran-exhibicion-fotografica-del-libro-aqui-y-alla-en-el-monumento-fray-antonio-de-montesinos","status":"publish","type":"post","link":"https:\/\/blgnoticiassantodomingo.net\/index.php\/2024\/03\/05\/inicia-y-la-alcaldia-del-dn-inauguran-exhibicion-fotografica-del-libro-aqui-y-alla-en-el-monumento-fray-antonio-de-montesinos\/","title":{"rendered":"INICIA y la Alcald\u00eda del DN inauguran exhibici\u00f3n fotogr\u00e1fica del libro \u201cAqu\u00ed y All\u00e1\u201d en el monumento Fray Antonio de Montesinos"},"content":{"rendered":"\n<p>Santo Domingo D.N.- La firma INICIA y la Alcald\u00eda del Distrito Nacional, dejaron inaugurada este lunes 4 de marzo en el Monumento Fray Antonio de Montesinos, la exposici\u00f3n fotogr\u00e1fica del libro Aqu\u00ed y All\u00e1, que compila las fotograf\u00edas del dominicano Winston Vargas, donde se muestra la evoluci\u00f3n de la di\u00e1spora dominicana en Washington Heights.&nbsp;<\/p>\n\n\n\n<p>Aqu\u00ed y All\u00e1 es el t\u00edtulo &nbsp;del libro institucional n\u00famero doce de la Colecci\u00f3n INICIA, donde se presenta a trav\u00e9s de im\u00e1genes c\u00f3mo este barrio de Nueva York pas\u00f3 a ser el enclave de la identidad dominicana en el extranjero, que se ha ido adaptando a su entorno sin perder su esencia. Esto fue plasmado tambi\u00e9n en un documental que acompa\u00f1a al proyecto editorial, con fotograf\u00edas in\u00e9ditas desde el 1960 a la actualidad. &nbsp;<\/p>\n\n\n\n<figure class=\"wp-block-image size-large\"><img decoding=\"async\" width=\"1024\" height=\"669\" src=\"https:\/\/blgnoticiassantodomingo.net\/wp-content\/uploads\/2024\/03\/WhatsApp-Image-2024-03-04-at-7.42.14-PM-3-1024x669.jpeg\" alt=\"\" class=\"wp-image-38907\" srcset=\"https:\/\/blgnoticiassantodomingo.net\/wp-content\/uploads\/2024\/03\/WhatsApp-Image-2024-03-04-at-7.42.14-PM-3-1024x669.jpeg 1024w, https:\/\/blgnoticiassantodomingo.net\/wp-content\/uploads\/2024\/03\/WhatsApp-Image-2024-03-04-at-7.42.14-PM-3-300x196.jpeg 300w, https:\/\/blgnoticiassantodomingo.net\/wp-content\/uploads\/2024\/03\/WhatsApp-Image-2024-03-04-at-7.42.14-PM-3-768x502.jpeg 768w, https:\/\/blgnoticiassantodomingo.net\/wp-content\/uploads\/2024\/03\/WhatsApp-Image-2024-03-04-at-7.42.14-PM-3-1536x1003.jpeg 1536w, https:\/\/blgnoticiassantodomingo.net\/wp-content\/uploads\/2024\/03\/WhatsApp-Image-2024-03-04-at-7.42.14-PM-3.jpeg 1600w\" sizes=\"(max-width: 1024px) 100vw, 1024px\" \/><\/figure>\n\n\n\n<p>Felipe Vicini, presidente ejecutivo de INICIA, durante la inauguraci\u00f3n expres\u00f3 que, \u201cel objetivo de esta exhibici\u00f3n es poner a disposici\u00f3n de todos los dominicanos, una muestra visual del libro Aqu\u00ed y All\u00e1, de forma que haciendo un recorrido por el Monumento de Montesinos los visitantes puedan apreciar y celebrar la dominicanidad y a todos los dominicanos que, desde otras tierras, mantienen nuestra identidad en constante evoluci\u00f3n\u201d.<\/p>\n\n\n\n<p>Por su parte, Carolina Mej\u00eda, alcaldesa del Distrito Nacional, indic\u00f3 que: \u201cQuiero agradecer p\u00fablicamente el trabajo que hace INICIA, ayer yo disfrutaba del Carnaval de Santo Domingo, y pensaba en lo necesario que es promover actividades culturales, art\u00edsticas, educativas, que presenten nuestra esencia, que promuevan la dominicanidad, y este grupo, esta familia, se ha dedicado no solamente aqu\u00ed sino tambi\u00e9n donde hay dominicanos, a preservarlos, y en nombre de esos dominicanos de aqu\u00ed y de all\u00e1 much\u00edsimas gracias por ayudarnos a mantener lo que somos\u201d.\u00a0<\/p>\n\n\n\n<figure class=\"wp-block-image size-large\"><img decoding=\"async\" width=\"682\" height=\"1024\" src=\"https:\/\/blgnoticiassantodomingo.net\/wp-content\/uploads\/2024\/03\/WhatsApp-Image-2024-03-04-at-7.42.15-PM-1-682x1024.jpeg\" alt=\"\" class=\"wp-image-38908\" srcset=\"https:\/\/blgnoticiassantodomingo.net\/wp-content\/uploads\/2024\/03\/WhatsApp-Image-2024-03-04-at-7.42.15-PM-1-682x1024.jpeg 682w, https:\/\/blgnoticiassantodomingo.net\/wp-content\/uploads\/2024\/03\/WhatsApp-Image-2024-03-04-at-7.42.15-PM-1-200x300.jpeg 200w, https:\/\/blgnoticiassantodomingo.net\/wp-content\/uploads\/2024\/03\/WhatsApp-Image-2024-03-04-at-7.42.15-PM-1-768x1153.jpeg 768w, https:\/\/blgnoticiassantodomingo.net\/wp-content\/uploads\/2024\/03\/WhatsApp-Image-2024-03-04-at-7.42.15-PM-1-1023x1536.jpeg 1023w, https:\/\/blgnoticiassantodomingo.net\/wp-content\/uploads\/2024\/03\/WhatsApp-Image-2024-03-04-at-7.42.15-PM-1-1024x1537.jpeg 1024w, https:\/\/blgnoticiassantodomingo.net\/wp-content\/uploads\/2024\/03\/WhatsApp-Image-2024-03-04-at-7.42.15-PM-1.jpeg 1066w\" sizes=\"(max-width: 682px) 100vw, 682px\" \/><\/figure>\n\n\n\n<p>Meji\u00e1 invit\u00f3 a que vayan a la exposici\u00f3n y aprecien detenidamente cada una de las &nbsp;im\u00e1genes, que cuentan con detalle la escencia del dominicano.&nbsp;<\/p>\n\n\n\n<p>La exhibici\u00f3n estar\u00e1 presente en el Monumento de Fray Antonio de Montesinos, desde este lunes 4 de marzo al mi\u00e9rcoles 13 de marzo del a\u00f1o en curso, gracias a la Alcald\u00eda del Distrito Nacional.&nbsp;<\/p>\n\n\n\n<p><strong>Sobre la Colecci\u00f3n INICIA<\/strong><\/p>\n\n\n\n<p>Colecci\u00f3n INICIA es una biblioteca virtual que recoge todos los proyectos editoriales de INICIA. Una celebraci\u00f3n de lo que somos, que resalta las riquezas que nos unen como dominicanos y que a partir de hoy compartimos con el mundo. Todos los libros de la colecci\u00f3n se encuentran totalmente gratis y descargables en <a href=\"http:\/\/www.coleccioninicia.com\" target=\"_blank\" rel=\"noreferrer noopener\">www.coleccioninicia.com<\/a> &nbsp;en formato Kindle y epub para Apple Books.<\/p>\n","protected":false},"excerpt":{"rendered":"<p>Santo Domingo D.N.- La firma INICIA y la Alcald\u00eda del Distrito Nacional, dejaron inaugurada este lunes 4 de marzo en el Monumento Fray Antonio de Montesinos, la exposici\u00f3n fotogr\u00e1fica del libro Aqu\u00ed y All\u00e1, que compila las fotograf\u00edas del dominicano Winston Vargas, donde se muestra la evoluci\u00f3n de la di\u00e1spora dominicana en Washington Heights.&nbsp; Aqu\u00ed [&hellip;]<\/p>\n","protected":false},"author":2,"featured_media":38906,"comment_status":"open","ping_status":"open","sticky":true,"template":"","format":"standard","meta":{"footnotes":""},"categories":[220],"tags":[9397,9398,9399,9396,9400],"class_list":{"0":"post-38905","1":"post","2":"type-post","3":"status-publish","4":"format-standard","5":"has-post-thumbnail","7":"category-nacionales","8":"tag-alcaldia-del-dn","9":"tag-aqui-y-alla","10":"tag-fray-antonio-de-montesinos","11":"tag-inicia","12":"tag-winston-vargas"},"yoast_head":"<!-- This site is optimized with the Yoast SEO plugin v24.9 - https:\/\/yoast.com\/wordpress\/plugins\/seo\/ -->\n<title>INICIA y la Alcald\u00eda del DN inauguran exhibici\u00f3n fotogr\u00e1fica del libro \u201cAqu\u00ed y All\u00e1\u201d en el monumento Fray Antonio de Montesinos - BLG Noticias<\/title>\n<meta name=\"robots\" content=\"index, follow, max-snippet:-1, max-image-preview:large, max-video-preview:-1\" \/>\n<link rel=\"canonical\" href=\"https:\/\/blgnoticiassantodomingo.net\/index.php\/2024\/03\/05\/inicia-y-la-alcaldia-del-dn-inauguran-exhibicion-fotografica-del-libro-aqui-y-alla-en-el-monumento-fray-antonio-de-montesinos\/\" \/>\n<meta property=\"og:locale\" content=\"es_ES\" \/>\n<meta property=\"og:type\" content=\"article\" \/>\n<meta property=\"og:title\" content=\"INICIA y la Alcald\u00eda del DN inauguran exhibici\u00f3n fotogr\u00e1fica del libro \u201cAqu\u00ed y All\u00e1\u201d en el monumento Fray Antonio de Montesinos - BLG Noticias\" \/>\n<meta property=\"og:description\" content=\"Santo Domingo D.N.- La firma INICIA y la Alcald\u00eda del Distrito Nacional, dejaron inaugurada este lunes 4 de marzo en el Monumento Fray Antonio de Montesinos, la exposici\u00f3n fotogr\u00e1fica del libro Aqu\u00ed y All\u00e1, que compila las fotograf\u00edas del dominicano Winston Vargas, donde se muestra la evoluci\u00f3n de la di\u00e1spora dominicana en Washington Heights.&nbsp; Aqu\u00ed [&hellip;]\" \/>\n<meta property=\"og:url\" content=\"https:\/\/blgnoticiassantodomingo.net\/index.php\/2024\/03\/05\/inicia-y-la-alcaldia-del-dn-inauguran-exhibicion-fotografica-del-libro-aqui-y-alla-en-el-monumento-fray-antonio-de-montesinos\/\" \/>\n<meta property=\"og:site_name\" content=\"BLG Noticias\" \/>\n<meta property=\"article:publisher\" content=\"https:\/\/web.facebook.com\/BlgNoticias\/?locale=es_LA&amp;_rdc=1&amp;_rdr\" \/>\n<meta property=\"article:published_time\" content=\"2024-03-05T15:43:12+00:00\" \/>\n<meta property=\"article:modified_time\" content=\"2024-03-05T15:43:24+00:00\" \/>\n<meta property=\"og:image\" content=\"http:\/\/blgnoticiassantodomingo.net\/wp-content\/uploads\/2024\/03\/WhatsApp-Image-2024-03-04-at-7.42.14-PM.jpeg\" \/>\n\t<meta property=\"og:image:width\" content=\"1600\" \/>\n\t<meta property=\"og:image:height\" content=\"1066\" \/>\n\t<meta property=\"og:image:type\" content=\"image\/jpeg\" \/>\n<meta name=\"author\" content=\"Brenda Guerrero\" \/>\n<meta name=\"twitter:card\" content=\"summary_large_image\" \/>\n<meta name=\"twitter:creator\" content=\"@BlgNoticias\" \/>\n<meta name=\"twitter:site\" content=\"@BlgNoticias\" \/>\n<meta name=\"twitter:label1\" content=\"Escrito por\" \/>\n\t<meta name=\"twitter:data1\" content=\"Brenda Guerrero\" \/>\n\t<meta name=\"twitter:label2\" content=\"Tiempo de lectura\" \/>\n\t<meta name=\"twitter:data2\" content=\"3 minutos\" \/>\n<script type=\"application\/ld+json\" class=\"yoast-schema-graph\">{\"@context\":\"https:\/\/schema.org\",\"@graph\":[{\"@type\":\"Article\",\"@id\":\"https:\/\/blgnoticiassantodomingo.net\/index.php\/2024\/03\/05\/inicia-y-la-alcaldia-del-dn-inauguran-exhibicion-fotografica-del-libro-aqui-y-alla-en-el-monumento-fray-antonio-de-montesinos\/#article\",\"isPartOf\":{\"@id\":\"https:\/\/blgnoticiassantodomingo.net\/index.php\/2024\/03\/05\/inicia-y-la-alcaldia-del-dn-inauguran-exhibicion-fotografica-del-libro-aqui-y-alla-en-el-monumento-fray-antonio-de-montesinos\/\"},\"author\":{\"name\":\"Brenda Guerrero\",\"@id\":\"https:\/\/blgnoticiassantodomingo.net\/#\/schema\/person\/e2fc21cf88acc63dbd134be981bff374\"},\"headline\":\"INICIA y la Alcald\u00eda del DN inauguran exhibici\u00f3n fotogr\u00e1fica del libro \u201cAqu\u00ed y All\u00e1\u201d en el monumento Fray Antonio de Montesinos\",\"datePublished\":\"2024-03-05T15:43:12+00:00\",\"dateModified\":\"2024-03-05T15:43:24+00:00\",\"mainEntityOfPage\":{\"@id\":\"https:\/\/blgnoticiassantodomingo.net\/index.php\/2024\/03\/05\/inicia-y-la-alcaldia-del-dn-inauguran-exhibicion-fotografica-del-libro-aqui-y-alla-en-el-monumento-fray-antonio-de-montesinos\/\"},\"wordCount\":467,\"commentCount\":0,\"publisher\":{\"@id\":\"https:\/\/blgnoticiassantodomingo.net\/#organization\"},\"image\":{\"@id\":\"https:\/\/blgnoticiassantodomingo.net\/index.php\/2024\/03\/05\/inicia-y-la-alcaldia-del-dn-inauguran-exhibicion-fotografica-del-libro-aqui-y-alla-en-el-monumento-fray-antonio-de-montesinos\/#primaryimage\"},\"thumbnailUrl\":\"https:\/\/blgnoticiassantodomingo.net\/wp-content\/uploads\/2024\/03\/WhatsApp-Image-2024-03-04-at-7.42.14-PM.jpeg\",\"keywords\":[\"Alcald\u00eda del DN\",\"Aqu\u00ed y All\u00e1\",\"Fray Antonio de Montesinos\",\"INICIA\",\"Winston Vargas\"],\"articleSection\":[\"Nacionales\"],\"inLanguage\":\"es\",\"potentialAction\":[{\"@type\":\"CommentAction\",\"name\":\"Comment\",\"target\":[\"https:\/\/blgnoticiassantodomingo.net\/index.php\/2024\/03\/05\/inicia-y-la-alcaldia-del-dn-inauguran-exhibicion-fotografica-del-libro-aqui-y-alla-en-el-monumento-fray-antonio-de-montesinos\/#respond\"]}]},{\"@type\":\"WebPage\",\"@id\":\"https:\/\/blgnoticiassantodomingo.net\/index.php\/2024\/03\/05\/inicia-y-la-alcaldia-del-dn-inauguran-exhibicion-fotografica-del-libro-aqui-y-alla-en-el-monumento-fray-antonio-de-montesinos\/\",\"url\":\"https:\/\/blgnoticiassantodomingo.net\/index.php\/2024\/03\/05\/inicia-y-la-alcaldia-del-dn-inauguran-exhibicion-fotografica-del-libro-aqui-y-alla-en-el-monumento-fray-antonio-de-montesinos\/\",\"name\":\"INICIA y la Alcald\u00eda del DN inauguran exhibici\u00f3n fotogr\u00e1fica del libro \u201cAqu\u00ed y All\u00e1\u201d en el monumento Fray Antonio de Montesinos - BLG Noticias\",\"isPartOf\":{\"@id\":\"https:\/\/blgnoticiassantodomingo.net\/#website\"},\"primaryImageOfPage\":{\"@id\":\"https:\/\/blgnoticiassantodomingo.net\/index.php\/2024\/03\/05\/inicia-y-la-alcaldia-del-dn-inauguran-exhibicion-fotografica-del-libro-aqui-y-alla-en-el-monumento-fray-antonio-de-montesinos\/#primaryimage\"},\"image\":{\"@id\":\"https:\/\/blgnoticiassantodomingo.net\/index.php\/2024\/03\/05\/inicia-y-la-alcaldia-del-dn-inauguran-exhibicion-fotografica-del-libro-aqui-y-alla-en-el-monumento-fray-antonio-de-montesinos\/#primaryimage\"},\"thumbnailUrl\":\"https:\/\/blgnoticiassantodomingo.net\/wp-content\/uploads\/2024\/03\/WhatsApp-Image-2024-03-04-at-7.42.14-PM.jpeg\",\"datePublished\":\"2024-03-05T15:43:12+00:00\",\"dateModified\":\"2024-03-05T15:43:24+00:00\",\"breadcrumb\":{\"@id\":\"https:\/\/blgnoticiassantodomingo.net\/index.php\/2024\/03\/05\/inicia-y-la-alcaldia-del-dn-inauguran-exhibicion-fotografica-del-libro-aqui-y-alla-en-el-monumento-fray-antonio-de-montesinos\/#breadcrumb\"},\"inLanguage\":\"es\",\"potentialAction\":[{\"@type\":\"ReadAction\",\"target\":[\"https:\/\/blgnoticiassantodomingo.net\/index.php\/2024\/03\/05\/inicia-y-la-alcaldia-del-dn-inauguran-exhibicion-fotografica-del-libro-aqui-y-alla-en-el-monumento-fray-antonio-de-montesinos\/\"]}]},{\"@type\":\"ImageObject\",\"inLanguage\":\"es\",\"@id\":\"https:\/\/blgnoticiassantodomingo.net\/index.php\/2024\/03\/05\/inicia-y-la-alcaldia-del-dn-inauguran-exhibicion-fotografica-del-libro-aqui-y-alla-en-el-monumento-fray-antonio-de-montesinos\/#primaryimage\",\"url\":\"https:\/\/blgnoticiassantodomingo.net\/wp-content\/uploads\/2024\/03\/WhatsApp-Image-2024-03-04-at-7.42.14-PM.jpeg\",\"contentUrl\":\"https:\/\/blgnoticiassantodomingo.net\/wp-content\/uploads\/2024\/03\/WhatsApp-Image-2024-03-04-at-7.42.14-PM.jpeg\",\"width\":1600,\"height\":1066},{\"@type\":\"BreadcrumbList\",\"@id\":\"https:\/\/blgnoticiassantodomingo.net\/index.php\/2024\/03\/05\/inicia-y-la-alcaldia-del-dn-inauguran-exhibicion-fotografica-del-libro-aqui-y-alla-en-el-monumento-fray-antonio-de-montesinos\/#breadcrumb\",\"itemListElement\":[{\"@type\":\"ListItem\",\"position\":1,\"name\":\"Portada\",\"item\":\"https:\/\/blgnoticiassantodomingo.net\/\"},{\"@type\":\"ListItem\",\"position\":2,\"name\":\"INICIA y la Alcald\u00eda del DN inauguran exhibici\u00f3n fotogr\u00e1fica del libro \u201cAqu\u00ed y All\u00e1\u201d en el monumento Fray Antonio de Montesinos\"}]},{\"@type\":\"WebSite\",\"@id\":\"https:\/\/blgnoticiassantodomingo.net\/#website\",\"url\":\"https:\/\/blgnoticiassantodomingo.net\/\",\"name\":\"BLG Noticias\",\"description\":\"Esto es Noticias\",\"publisher\":{\"@id\":\"https:\/\/blgnoticiassantodomingo.net\/#organization\"},\"potentialAction\":[{\"@type\":\"SearchAction\",\"target\":{\"@type\":\"EntryPoint\",\"urlTemplate\":\"https:\/\/blgnoticiassantodomingo.net\/?s={search_term_string}\"},\"query-input\":{\"@type\":\"PropertyValueSpecification\",\"valueRequired\":true,\"valueName\":\"search_term_string\"}}],\"inLanguage\":\"es\"},{\"@type\":\"Organization\",\"@id\":\"https:\/\/blgnoticiassantodomingo.net\/#organization\",\"name\":\"BLG Noticias\",\"url\":\"https:\/\/blgnoticiassantodomingo.net\/\",\"logo\":{\"@type\":\"ImageObject\",\"inLanguage\":\"es\",\"@id\":\"https:\/\/blgnoticiassantodomingo.net\/#\/schema\/logo\/image\/\",\"url\":\"https:\/\/blgnoticiassantodomingo.net\/wp-content\/uploads\/2023\/12\/Diseno-sin-titulo-3.jpg\",\"contentUrl\":\"https:\/\/blgnoticiassantodomingo.net\/wp-content\/uploads\/2023\/12\/Diseno-sin-titulo-3.jpg\",\"width\":500,\"height\":500,\"caption\":\"BLG Noticias\"},\"image\":{\"@id\":\"https:\/\/blgnoticiassantodomingo.net\/#\/schema\/logo\/image\/\"},\"sameAs\":[\"https:\/\/web.facebook.com\/BlgNoticias\/?locale=es_LA&_rdc=1&_rdr\",\"https:\/\/x.com\/BlgNoticias\",\"https:\/\/www.linkedin.com\/in\/brenda-l-santana-aa846279\/\"]},{\"@type\":\"Person\",\"@id\":\"https:\/\/blgnoticiassantodomingo.net\/#\/schema\/person\/e2fc21cf88acc63dbd134be981bff374\",\"name\":\"Brenda Guerrero\",\"image\":{\"@type\":\"ImageObject\",\"inLanguage\":\"es\",\"@id\":\"https:\/\/blgnoticiassantodomingo.net\/#\/schema\/person\/image\/\",\"url\":\"https:\/\/secure.gravatar.com\/avatar\/2f7fc4c3e3655be1580cb684bfd8ab19be702ae20879da1e072021daa02f9b8b?s=96&d=wp_user_avatar&r=g\",\"contentUrl\":\"https:\/\/secure.gravatar.com\/avatar\/2f7fc4c3e3655be1580cb684bfd8ab19be702ae20879da1e072021daa02f9b8b?s=96&d=wp_user_avatar&r=g\",\"caption\":\"Brenda Guerrero\"},\"description\":\"Periodista\",\"url\":\"https:\/\/blgnoticiassantodomingo.net\/index.php\/author\/brenda-guerrero\/\"}]}<\/script>\n<!-- \/ Yoast SEO plugin. -->","yoast_head_json":{"title":"INICIA y la Alcald\u00eda del DN inauguran exhibici\u00f3n fotogr\u00e1fica del libro \u201cAqu\u00ed y All\u00e1\u201d en el monumento Fray Antonio de Montesinos - BLG Noticias","robots":{"index":"index","follow":"follow","max-snippet":"max-snippet:-1","max-image-preview":"max-image-preview:large","max-video-preview":"max-video-preview:-1"},"canonical":"https:\/\/blgnoticiassantodomingo.net\/index.php\/2024\/03\/05\/inicia-y-la-alcaldia-del-dn-inauguran-exhibicion-fotografica-del-libro-aqui-y-alla-en-el-monumento-fray-antonio-de-montesinos\/","og_locale":"es_ES","og_type":"article","og_title":"INICIA y la Alcald\u00eda del DN inauguran exhibici\u00f3n fotogr\u00e1fica del libro \u201cAqu\u00ed y All\u00e1\u201d en el monumento Fray Antonio de Montesinos - BLG Noticias","og_description":"Santo Domingo D.N.- La firma INICIA y la Alcald\u00eda del Distrito Nacional, dejaron inaugurada este lunes 4 de marzo en el Monumento Fray Antonio de Montesinos, la exposici\u00f3n fotogr\u00e1fica del libro Aqu\u00ed y All\u00e1, que compila las fotograf\u00edas del dominicano Winston Vargas, donde se muestra la evoluci\u00f3n de la di\u00e1spora dominicana en Washington Heights.&nbsp; Aqu\u00ed [&hellip;]","og_url":"https:\/\/blgnoticiassantodomingo.net\/index.php\/2024\/03\/05\/inicia-y-la-alcaldia-del-dn-inauguran-exhibicion-fotografica-del-libro-aqui-y-alla-en-el-monumento-fray-antonio-de-montesinos\/","og_site_name":"BLG Noticias","article_publisher":"https:\/\/web.facebook.com\/BlgNoticias\/?locale=es_LA&_rdc=1&_rdr","article_published_time":"2024-03-05T15:43:12+00:00","article_modified_time":"2024-03-05T15:43:24+00:00","og_image":[{"width":1600,"height":1066,"url":"http:\/\/blgnoticiassantodomingo.net\/wp-content\/uploads\/2024\/03\/WhatsApp-Image-2024-03-04-at-7.42.14-PM.jpeg","type":"image\/jpeg"}],"author":"Brenda Guerrero","twitter_card":"summary_large_image","twitter_creator":"@BlgNoticias","twitter_site":"@BlgNoticias","twitter_misc":{"Escrito por":"Brenda Guerrero","Tiempo de lectura":"3 minutos"},"schema":{"@context":"https:\/\/schema.org","@graph":[{"@type":"Article","@id":"https:\/\/blgnoticiassantodomingo.net\/index.php\/2024\/03\/05\/inicia-y-la-alcaldia-del-dn-inauguran-exhibicion-fotografica-del-libro-aqui-y-alla-en-el-monumento-fray-antonio-de-montesinos\/#article","isPartOf":{"@id":"https:\/\/blgnoticiassantodomingo.net\/index.php\/2024\/03\/05\/inicia-y-la-alcaldia-del-dn-inauguran-exhibicion-fotografica-del-libro-aqui-y-alla-en-el-monumento-fray-antonio-de-montesinos\/"},"author":{"name":"Brenda Guerrero","@id":"https:\/\/blgnoticiassantodomingo.net\/#\/schema\/person\/e2fc21cf88acc63dbd134be981bff374"},"headline":"INICIA y la Alcald\u00eda del DN inauguran exhibici\u00f3n fotogr\u00e1fica del libro \u201cAqu\u00ed y All\u00e1\u201d en el monumento Fray Antonio de Montesinos","datePublished":"2024-03-05T15:43:12+00:00","dateModified":"2024-03-05T15:43:24+00:00","mainEntityOfPage":{"@id":"https:\/\/blgnoticiassantodomingo.net\/index.php\/2024\/03\/05\/inicia-y-la-alcaldia-del-dn-inauguran-exhibicion-fotografica-del-libro-aqui-y-alla-en-el-monumento-fray-antonio-de-montesinos\/"},"wordCount":467,"commentCount":0,"publisher":{"@id":"https:\/\/blgnoticiassantodomingo.net\/#organization"},"image":{"@id":"https:\/\/blgnoticiassantodomingo.net\/index.php\/2024\/03\/05\/inicia-y-la-alcaldia-del-dn-inauguran-exhibicion-fotografica-del-libro-aqui-y-alla-en-el-monumento-fray-antonio-de-montesinos\/#primaryimage"},"thumbnailUrl":"https:\/\/blgnoticiassantodomingo.net\/wp-content\/uploads\/2024\/03\/WhatsApp-Image-2024-03-04-at-7.42.14-PM.jpeg","keywords":["Alcald\u00eda del DN","Aqu\u00ed y All\u00e1","Fray Antonio de Montesinos","INICIA","Winston Vargas"],"articleSection":["Nacionales"],"inLanguage":"es","potentialAction":[{"@type":"CommentAction","name":"Comment","target":["https:\/\/blgnoticiassantodomingo.net\/index.php\/2024\/03\/05\/inicia-y-la-alcaldia-del-dn-inauguran-exhibicion-fotografica-del-libro-aqui-y-alla-en-el-monumento-fray-antonio-de-montesinos\/#respond"]}]},{"@type":"WebPage","@id":"https:\/\/blgnoticiassantodomingo.net\/index.php\/2024\/03\/05\/inicia-y-la-alcaldia-del-dn-inauguran-exhibicion-fotografica-del-libro-aqui-y-alla-en-el-monumento-fray-antonio-de-montesinos\/","url":"https:\/\/blgnoticiassantodomingo.net\/index.php\/2024\/03\/05\/inicia-y-la-alcaldia-del-dn-inauguran-exhibicion-fotografica-del-libro-aqui-y-alla-en-el-monumento-fray-antonio-de-montesinos\/","name":"INICIA y la Alcald\u00eda del DN inauguran exhibici\u00f3n fotogr\u00e1fica del libro \u201cAqu\u00ed y All\u00e1\u201d en el monumento Fray Antonio de Montesinos - BLG Noticias","isPartOf":{"@id":"https:\/\/blgnoticiassantodomingo.net\/#website"},"primaryImageOfPage":{"@id":"https:\/\/blgnoticiassantodomingo.net\/index.php\/2024\/03\/05\/inicia-y-la-alcaldia-del-dn-inauguran-exhibicion-fotografica-del-libro-aqui-y-alla-en-el-monumento-fray-antonio-de-montesinos\/#primaryimage"},"image":{"@id":"https:\/\/blgnoticiassantodomingo.net\/index.php\/2024\/03\/05\/inicia-y-la-alcaldia-del-dn-inauguran-exhibicion-fotografica-del-libro-aqui-y-alla-en-el-monumento-fray-antonio-de-montesinos\/#primaryimage"},"thumbnailUrl":"https:\/\/blgnoticiassantodomingo.net\/wp-content\/uploads\/2024\/03\/WhatsApp-Image-2024-03-04-at-7.42.14-PM.jpeg","datePublished":"2024-03-05T15:43:12+00:00","dateModified":"2024-03-05T15:43:24+00:00","breadcrumb":{"@id":"https:\/\/blgnoticiassantodomingo.net\/index.php\/2024\/03\/05\/inicia-y-la-alcaldia-del-dn-inauguran-exhibicion-fotografica-del-libro-aqui-y-alla-en-el-monumento-fray-antonio-de-montesinos\/#breadcrumb"},"inLanguage":"es","potentialAction":[{"@type":"ReadAction","target":["https:\/\/blgnoticiassantodomingo.net\/index.php\/2024\/03\/05\/inicia-y-la-alcaldia-del-dn-inauguran-exhibicion-fotografica-del-libro-aqui-y-alla-en-el-monumento-fray-antonio-de-montesinos\/"]}]},{"@type":"ImageObject","inLanguage":"es","@id":"https:\/\/blgnoticiassantodomingo.net\/index.php\/2024\/03\/05\/inicia-y-la-alcaldia-del-dn-inauguran-exhibicion-fotografica-del-libro-aqui-y-alla-en-el-monumento-fray-antonio-de-montesinos\/#primaryimage","url":"https:\/\/blgnoticiassantodomingo.net\/wp-content\/uploads\/2024\/03\/WhatsApp-Image-2024-03-04-at-7.42.14-PM.jpeg","contentUrl":"https:\/\/blgnoticiassantodomingo.net\/wp-content\/uploads\/2024\/03\/WhatsApp-Image-2024-03-04-at-7.42.14-PM.jpeg","width":1600,"height":1066},{"@type":"BreadcrumbList","@id":"https:\/\/blgnoticiassantodomingo.net\/index.php\/2024\/03\/05\/inicia-y-la-alcaldia-del-dn-inauguran-exhibicion-fotografica-del-libro-aqui-y-alla-en-el-monumento-fray-antonio-de-montesinos\/#breadcrumb","itemListElement":[{"@type":"ListItem","position":1,"name":"Portada","item":"https:\/\/blgnoticiassantodomingo.net\/"},{"@type":"ListItem","position":2,"name":"INICIA y la Alcald\u00eda del DN inauguran exhibici\u00f3n fotogr\u00e1fica del libro \u201cAqu\u00ed y All\u00e1\u201d en el monumento Fray Antonio de Montesinos"}]},{"@type":"WebSite","@id":"https:\/\/blgnoticiassantodomingo.net\/#website","url":"https:\/\/blgnoticiassantodomingo.net\/","name":"BLG Noticias","description":"Esto es Noticias","publisher":{"@id":"https:\/\/blgnoticiassantodomingo.net\/#organization"},"potentialAction":[{"@type":"SearchAction","target":{"@type":"EntryPoint","urlTemplate":"https:\/\/blgnoticiassantodomingo.net\/?s={search_term_string}"},"query-input":{"@type":"PropertyValueSpecification","valueRequired":true,"valueName":"search_term_string"}}],"inLanguage":"es"},{"@type":"Organization","@id":"https:\/\/blgnoticiassantodomingo.net\/#organization","name":"BLG Noticias","url":"https:\/\/blgnoticiassantodomingo.net\/","logo":{"@type":"ImageObject","inLanguage":"es","@id":"https:\/\/blgnoticiassantodomingo.net\/#\/schema\/logo\/image\/","url":"https:\/\/blgnoticiassantodomingo.net\/wp-content\/uploads\/2023\/12\/Diseno-sin-titulo-3.jpg","contentUrl":"https:\/\/blgnoticiassantodomingo.net\/wp-content\/uploads\/2023\/12\/Diseno-sin-titulo-3.jpg","width":500,"height":500,"caption":"BLG Noticias"},"image":{"@id":"https:\/\/blgnoticiassantodomingo.net\/#\/schema\/logo\/image\/"},"sameAs":["https:\/\/web.facebook.com\/BlgNoticias\/?locale=es_LA&_rdc=1&_rdr","https:\/\/x.com\/BlgNoticias","https:\/\/www.linkedin.com\/in\/brenda-l-santana-aa846279\/"]},{"@type":"Person","@id":"https:\/\/blgnoticiassantodomingo.net\/#\/schema\/person\/e2fc21cf88acc63dbd134be981bff374","name":"Brenda Guerrero","image":{"@type":"ImageObject","inLanguage":"es","@id":"https:\/\/blgnoticiassantodomingo.net\/#\/schema\/person\/image\/","url":"https:\/\/secure.gravatar.com\/avatar\/2f7fc4c3e3655be1580cb684bfd8ab19be702ae20879da1e072021daa02f9b8b?s=96&d=wp_user_avatar&r=g","contentUrl":"https:\/\/secure.gravatar.com\/avatar\/2f7fc4c3e3655be1580cb684bfd8ab19be702ae20879da1e072021daa02f9b8b?s=96&d=wp_user_avatar&r=g","caption":"Brenda Guerrero"},"description":"Periodista","url":"https:\/\/blgnoticiassantodomingo.net\/index.php\/author\/brenda-guerrero\/"}]}},"jetpack_featured_media_url":"https:\/\/blgnoticiassantodomingo.net\/wp-content\/uploads\/2024\/03\/WhatsApp-Image-2024-03-04-at-7.42.14-PM.jpeg","_links":{"self":[{"href":"https:\/\/blgnoticiassantodomingo.net\/index.php\/wp-json\/wp\/v2\/posts\/38905","targetHints":{"allow":["GET"]}}],"collection":[{"href":"https:\/\/blgnoticiassantodomingo.net\/index.php\/wp-json\/wp\/v2\/posts"}],"about":[{"href":"https:\/\/blgnoticiassantodomingo.net\/index.php\/wp-json\/wp\/v2\/types\/post"}],"author":[{"embeddable":true,"href":"https:\/\/blgnoticiassantodomingo.net\/index.php\/wp-json\/wp\/v2\/users\/2"}],"replies":[{"embeddable":true,"href":"https:\/\/blgnoticiassantodomingo.net\/index.php\/wp-json\/wp\/v2\/comments?post=38905"}],"version-history":[{"count":1,"href":"https:\/\/blgnoticiassantodomingo.net\/index.php\/wp-json\/wp\/v2\/posts\/38905\/revisions"}],"predecessor-version":[{"id":38909,"href":"https:\/\/blgnoticiassantodomingo.net\/index.php\/wp-json\/wp\/v2\/posts\/38905\/revisions\/38909"}],"wp:featuredmedia":[{"embeddable":true,"href":"https:\/\/blgnoticiassantodomingo.net\/index.php\/wp-json\/wp\/v2\/media\/38906"}],"wp:attachment":[{"href":"https:\/\/blgnoticiassantodomingo.net\/index.php\/wp-json\/wp\/v2\/media?parent=38905"}],"wp:term":[{"taxonomy":"category","embeddable":true,"href":"https:\/\/blgnoticiassantodomingo.net\/index.php\/wp-json\/wp\/v2\/categories?post=38905"},{"taxonomy":"post_tag","embeddable":true,"href":"https:\/\/blgnoticiassantodomingo.net\/index.php\/wp-json\/wp\/v2\/tags?post=38905"}],"curies":[{"name":"wp","href":"https:\/\/api.w.org\/{rel}","templated":true}]}}