{"id":38791,"date":"2024-02-23T11:27:17","date_gmt":"2024-02-23T15:27:17","guid":{"rendered":"https:\/\/blgnoticiassantodomingo.net\/?p=38791"},"modified":"2024-02-23T12:25:48","modified_gmt":"2024-02-23T16:25:48","slug":"abogados-de-trump-piden-desestimar-caso-de-documentos-clasificados-por-inmunidad-presidencial","status":"publish","type":"post","link":"https:\/\/blgnoticiassantodomingo.net\/index.php\/2024\/02\/23\/abogados-de-trump-piden-desestimar-caso-de-documentos-clasificados-por-inmunidad-presidencial\/","title":{"rendered":"Abogados de Trump piden desestimar caso de documentos clasificados por inmunidad presidencial"},"content":{"rendered":"\n<p>BY\u00a0ASSOCIATED PRESSU <\/p>\n\n\n\n<p>WASHINGTON (AP) \u2014 El equipo legal del expresidente de Estados Unidos Donald Trump present\u00f3 m\u00faltiples mociones el jueves en la noche instando a un juez de Florida a desestimar la causa penal que lo acusa de retener ilegalmente documentos clasificados, alegando en parte que la inmunidad presidencial lo protege de ser procesado, un argumento que ya presentaron ante la Corte Suprema en un caso por presunta interferencia electoral.<\/p>\n\n\n\n<p>Los abogados Christopher Kise y Todd Blanche apuntaron que los cargos \u201cgiran en torno a su supuesta decisi\u00f3n de designar los registros como personales en virtud de la Ley de Registros Presidenciales y hacer que los registros se trasladaran de la Casa Blanca a Mar-a-Lago\u201d. Dado que cuando tom\u00f3 la decisi\u00f3n todav\u00eda ostentaba el cargo, \u201dfue un acto oficial y, como tal, est\u00e1 sujeto a la inmunidad presidencial\u201d, escribieron.<\/p>\n\n\n\n<p>Trump enfrenta docenas de cargos en una corte federal de Florida que lo acusan de acaparar ilegalmente documentos clasificados en su mansi\u00f3n de Mar-a-Lago y de obstaculizar los esfuerzos del gobierno para recuperarlos. El juicio est\u00e1 previsto para el 20 de mayo, pero podr\u00eda demorarse.<\/p>\n\n\n\n<p>Los letrados alegaron tambi\u00e9n que el nombramiento del fiscal especial Jack Smith por parte del secretario de Justicia, Merrick Garland, para investigar al expresidente fue \u201cilegal\u201d y es motiva para desestimar el caso de los documentos.<\/p>\n\n\n\n<p>El otro caso de Smith contra Trump se destap\u00f3 en agosto cuando el exmandatario fue acusado en Washington por trabajar para anular los resultados de las elecciones de 2020 antes del violento asalto de sus partidarios al Capitolio estadounidense el 6 de enero de 2021.<\/p>\n\n\n\n<p>Ese juicio estaba previsto para el 4 de marzo en una corte federal en Washington. Pero la fecha se cancel\u00f3 por la apelaci\u00f3n de Trump sobre la cuesti\u00f3n jur\u00eddicamente no probada de si un expresidente es inmune a ser procesado por actos oficiales realizados en la Casa Blanca. El equipo legal de Trump ha solicitado la intervenci\u00f3n de la Corte Suprema, pero no est\u00e1 claro si los magistrados se pronunciar\u00e1n al respecto.<\/p>\n\n\n\n<p>Una acusaci\u00f3n de junio de 2023 imput\u00f3 a Trump en docenas de delitos graves al afirmar que los investigadores encontraron cajas de documentos confidenciales almacenados de forma imprudente en distintos puntos de la vivienda de Mar-a-Lago, incluyendo una sala de baile, un ba\u00f1o y una ducha, su dormitorio y un trastero. La fiscal\u00eda sostiene que los documentos que guardaba, se neg\u00f3 a devolver y que en algunas ocasiones ense\u00f1aba a sus invitados, pon\u00edan en peligro no solo las relaciones con naciones extranjeras sino tambi\u00e9n la seguridad de las tropas y de fuentes confidenciales.<\/p>\n\n\n\n<p>Trump enfrenta cuatro acusaciones penales en cuatro ciudades diferentes mientras trata de regresar a la Casa Blanca. En total, esos procesos suponen 91 cargos.<\/p>\n","protected":false},"excerpt":{"rendered":"<p>BY\u00a0ASSOCIATED PRESSU WASHINGTON (AP) \u2014 El equipo legal del expresidente de Estados Unidos Donald Trump present\u00f3 m\u00faltiples mociones el jueves en la noche instando a un juez de Florida a desestimar la causa penal que lo acusa de retener ilegalmente documentos clasificados, alegando en parte que la inmunidad presidencial lo protege de ser procesado, un [&hellip;]<\/p>\n","protected":false},"author":2,"featured_media":38792,"comment_status":"open","ping_status":"open","sticky":true,"template":"","format":"standard","meta":{"footnotes":""},"categories":[220],"tags":[323,9370],"class_list":{"0":"post-38791","1":"post","2":"type-post","3":"status-publish","4":"format-standard","5":"has-post-thumbnail","7":"category-nacionales","8":"tag-donald-trump","9":"tag-inmunidad-presidencial"},"yoast_head":"<!-- This site is optimized with the Yoast SEO plugin v24.9 - https:\/\/yoast.com\/wordpress\/plugins\/seo\/ -->\n<title>Abogados de Trump piden desestimar caso de documentos clasificados por inmunidad presidencial - BLG Noticias<\/title>\n<meta name=\"robots\" content=\"index, follow, max-snippet:-1, max-image-preview:large, max-video-preview:-1\" \/>\n<link rel=\"canonical\" href=\"https:\/\/blgnoticiassantodomingo.net\/index.php\/2024\/02\/23\/abogados-de-trump-piden-desestimar-caso-de-documentos-clasificados-por-inmunidad-presidencial\/\" \/>\n<meta property=\"og:locale\" content=\"es_ES\" \/>\n<meta property=\"og:type\" content=\"article\" \/>\n<meta property=\"og:title\" content=\"Abogados de Trump piden desestimar caso de documentos clasificados por inmunidad presidencial - BLG Noticias\" \/>\n<meta property=\"og:description\" content=\"BY\u00a0ASSOCIATED PRESSU WASHINGTON (AP) \u2014 El equipo legal del expresidente de Estados Unidos Donald Trump present\u00f3 m\u00faltiples mociones el jueves en la noche instando a un juez de Florida a desestimar la causa penal que lo acusa de retener ilegalmente documentos clasificados, alegando en parte que la inmunidad presidencial lo protege de ser procesado, un [&hellip;]\" \/>\n<meta property=\"og:url\" content=\"https:\/\/blgnoticiassantodomingo.net\/index.php\/2024\/02\/23\/abogados-de-trump-piden-desestimar-caso-de-documentos-clasificados-por-inmunidad-presidencial\/\" \/>\n<meta property=\"og:site_name\" content=\"BLG Noticias\" \/>\n<meta property=\"article:publisher\" content=\"https:\/\/web.facebook.com\/BlgNoticias\/?locale=es_LA&amp;_rdc=1&amp;_rdr\" \/>\n<meta property=\"article:published_time\" content=\"2024-02-23T15:27:17+00:00\" \/>\n<meta property=\"article:modified_time\" content=\"2024-02-23T16:25:48+00:00\" \/>\n<meta property=\"og:image\" content=\"http:\/\/blgnoticiassantodomingo.net\/wp-content\/uploads\/2024\/02\/Screenshot_1-8.jpg\" \/>\n\t<meta property=\"og:image:width\" content=\"981\" \/>\n\t<meta property=\"og:image:height\" content=\"673\" \/>\n\t<meta property=\"og:image:type\" content=\"image\/jpeg\" \/>\n<meta name=\"author\" content=\"Brenda Guerrero\" \/>\n<meta name=\"twitter:card\" content=\"summary_large_image\" \/>\n<meta name=\"twitter:creator\" content=\"@BlgNoticias\" \/>\n<meta name=\"twitter:site\" content=\"@BlgNoticias\" \/>\n<meta name=\"twitter:label1\" content=\"Escrito por\" \/>\n\t<meta name=\"twitter:data1\" content=\"Brenda Guerrero\" \/>\n\t<meta name=\"twitter:label2\" content=\"Tiempo de lectura\" \/>\n\t<meta name=\"twitter:data2\" content=\"3 minutos\" \/>\n<script type=\"application\/ld+json\" class=\"yoast-schema-graph\">{\"@context\":\"https:\/\/schema.org\",\"@graph\":[{\"@type\":\"Article\",\"@id\":\"https:\/\/blgnoticiassantodomingo.net\/index.php\/2024\/02\/23\/abogados-de-trump-piden-desestimar-caso-de-documentos-clasificados-por-inmunidad-presidencial\/#article\",\"isPartOf\":{\"@id\":\"https:\/\/blgnoticiassantodomingo.net\/index.php\/2024\/02\/23\/abogados-de-trump-piden-desestimar-caso-de-documentos-clasificados-por-inmunidad-presidencial\/\"},\"author\":{\"name\":\"Brenda Guerrero\",\"@id\":\"https:\/\/blgnoticiassantodomingo.net\/#\/schema\/person\/e2fc21cf88acc63dbd134be981bff374\"},\"headline\":\"Abogados de Trump piden desestimar caso de documentos clasificados por inmunidad presidencial\",\"datePublished\":\"2024-02-23T15:27:17+00:00\",\"dateModified\":\"2024-02-23T16:25:48+00:00\",\"mainEntityOfPage\":{\"@id\":\"https:\/\/blgnoticiassantodomingo.net\/index.php\/2024\/02\/23\/abogados-de-trump-piden-desestimar-caso-de-documentos-clasificados-por-inmunidad-presidencial\/\"},\"wordCount\":477,\"commentCount\":0,\"publisher\":{\"@id\":\"https:\/\/blgnoticiassantodomingo.net\/#organization\"},\"image\":{\"@id\":\"https:\/\/blgnoticiassantodomingo.net\/index.php\/2024\/02\/23\/abogados-de-trump-piden-desestimar-caso-de-documentos-clasificados-por-inmunidad-presidencial\/#primaryimage\"},\"thumbnailUrl\":\"https:\/\/blgnoticiassantodomingo.net\/wp-content\/uploads\/2024\/02\/Screenshot_1-8.jpg\",\"keywords\":[\"Donald Trump\",\"inmunidad presidencial\"],\"articleSection\":[\"Nacionales\"],\"inLanguage\":\"es\",\"potentialAction\":[{\"@type\":\"CommentAction\",\"name\":\"Comment\",\"target\":[\"https:\/\/blgnoticiassantodomingo.net\/index.php\/2024\/02\/23\/abogados-de-trump-piden-desestimar-caso-de-documentos-clasificados-por-inmunidad-presidencial\/#respond\"]}]},{\"@type\":\"WebPage\",\"@id\":\"https:\/\/blgnoticiassantodomingo.net\/index.php\/2024\/02\/23\/abogados-de-trump-piden-desestimar-caso-de-documentos-clasificados-por-inmunidad-presidencial\/\",\"url\":\"https:\/\/blgnoticiassantodomingo.net\/index.php\/2024\/02\/23\/abogados-de-trump-piden-desestimar-caso-de-documentos-clasificados-por-inmunidad-presidencial\/\",\"name\":\"Abogados de Trump piden desestimar caso de documentos clasificados por inmunidad presidencial - BLG Noticias\",\"isPartOf\":{\"@id\":\"https:\/\/blgnoticiassantodomingo.net\/#website\"},\"primaryImageOfPage\":{\"@id\":\"https:\/\/blgnoticiassantodomingo.net\/index.php\/2024\/02\/23\/abogados-de-trump-piden-desestimar-caso-de-documentos-clasificados-por-inmunidad-presidencial\/#primaryimage\"},\"image\":{\"@id\":\"https:\/\/blgnoticiassantodomingo.net\/index.php\/2024\/02\/23\/abogados-de-trump-piden-desestimar-caso-de-documentos-clasificados-por-inmunidad-presidencial\/#primaryimage\"},\"thumbnailUrl\":\"https:\/\/blgnoticiassantodomingo.net\/wp-content\/uploads\/2024\/02\/Screenshot_1-8.jpg\",\"datePublished\":\"2024-02-23T15:27:17+00:00\",\"dateModified\":\"2024-02-23T16:25:48+00:00\",\"breadcrumb\":{\"@id\":\"https:\/\/blgnoticiassantodomingo.net\/index.php\/2024\/02\/23\/abogados-de-trump-piden-desestimar-caso-de-documentos-clasificados-por-inmunidad-presidencial\/#breadcrumb\"},\"inLanguage\":\"es\",\"potentialAction\":[{\"@type\":\"ReadAction\",\"target\":[\"https:\/\/blgnoticiassantodomingo.net\/index.php\/2024\/02\/23\/abogados-de-trump-piden-desestimar-caso-de-documentos-clasificados-por-inmunidad-presidencial\/\"]}]},{\"@type\":\"ImageObject\",\"inLanguage\":\"es\",\"@id\":\"https:\/\/blgnoticiassantodomingo.net\/index.php\/2024\/02\/23\/abogados-de-trump-piden-desestimar-caso-de-documentos-clasificados-por-inmunidad-presidencial\/#primaryimage\",\"url\":\"https:\/\/blgnoticiassantodomingo.net\/wp-content\/uploads\/2024\/02\/Screenshot_1-8.jpg\",\"contentUrl\":\"https:\/\/blgnoticiassantodomingo.net\/wp-content\/uploads\/2024\/02\/Screenshot_1-8.jpg\",\"width\":981,\"height\":673},{\"@type\":\"BreadcrumbList\",\"@id\":\"https:\/\/blgnoticiassantodomingo.net\/index.php\/2024\/02\/23\/abogados-de-trump-piden-desestimar-caso-de-documentos-clasificados-por-inmunidad-presidencial\/#breadcrumb\",\"itemListElement\":[{\"@type\":\"ListItem\",\"position\":1,\"name\":\"Portada\",\"item\":\"https:\/\/blgnoticiassantodomingo.net\/\"},{\"@type\":\"ListItem\",\"position\":2,\"name\":\"Abogados de Trump piden desestimar caso de documentos clasificados por inmunidad presidencial\"}]},{\"@type\":\"WebSite\",\"@id\":\"https:\/\/blgnoticiassantodomingo.net\/#website\",\"url\":\"https:\/\/blgnoticiassantodomingo.net\/\",\"name\":\"BLG Noticias\",\"description\":\"Esto es Noticias\",\"publisher\":{\"@id\":\"https:\/\/blgnoticiassantodomingo.net\/#organization\"},\"potentialAction\":[{\"@type\":\"SearchAction\",\"target\":{\"@type\":\"EntryPoint\",\"urlTemplate\":\"https:\/\/blgnoticiassantodomingo.net\/?s={search_term_string}\"},\"query-input\":{\"@type\":\"PropertyValueSpecification\",\"valueRequired\":true,\"valueName\":\"search_term_string\"}}],\"inLanguage\":\"es\"},{\"@type\":\"Organization\",\"@id\":\"https:\/\/blgnoticiassantodomingo.net\/#organization\",\"name\":\"BLG Noticias\",\"url\":\"https:\/\/blgnoticiassantodomingo.net\/\",\"logo\":{\"@type\":\"ImageObject\",\"inLanguage\":\"es\",\"@id\":\"https:\/\/blgnoticiassantodomingo.net\/#\/schema\/logo\/image\/\",\"url\":\"https:\/\/blgnoticiassantodomingo.net\/wp-content\/uploads\/2023\/12\/Diseno-sin-titulo-3.jpg\",\"contentUrl\":\"https:\/\/blgnoticiassantodomingo.net\/wp-content\/uploads\/2023\/12\/Diseno-sin-titulo-3.jpg\",\"width\":500,\"height\":500,\"caption\":\"BLG Noticias\"},\"image\":{\"@id\":\"https:\/\/blgnoticiassantodomingo.net\/#\/schema\/logo\/image\/\"},\"sameAs\":[\"https:\/\/web.facebook.com\/BlgNoticias\/?locale=es_LA&_rdc=1&_rdr\",\"https:\/\/x.com\/BlgNoticias\",\"https:\/\/www.linkedin.com\/in\/brenda-l-santana-aa846279\/\"]},{\"@type\":\"Person\",\"@id\":\"https:\/\/blgnoticiassantodomingo.net\/#\/schema\/person\/e2fc21cf88acc63dbd134be981bff374\",\"name\":\"Brenda Guerrero\",\"image\":{\"@type\":\"ImageObject\",\"inLanguage\":\"es\",\"@id\":\"https:\/\/blgnoticiassantodomingo.net\/#\/schema\/person\/image\/\",\"url\":\"https:\/\/secure.gravatar.com\/avatar\/2f7fc4c3e3655be1580cb684bfd8ab19be702ae20879da1e072021daa02f9b8b?s=96&d=wp_user_avatar&r=g\",\"contentUrl\":\"https:\/\/secure.gravatar.com\/avatar\/2f7fc4c3e3655be1580cb684bfd8ab19be702ae20879da1e072021daa02f9b8b?s=96&d=wp_user_avatar&r=g\",\"caption\":\"Brenda Guerrero\"},\"description\":\"Periodista\",\"url\":\"https:\/\/blgnoticiassantodomingo.net\/index.php\/author\/brenda-guerrero\/\"}]}<\/script>\n<!-- \/ Yoast SEO plugin. -->","yoast_head_json":{"title":"Abogados de Trump piden desestimar caso de documentos clasificados por inmunidad presidencial - BLG Noticias","robots":{"index":"index","follow":"follow","max-snippet":"max-snippet:-1","max-image-preview":"max-image-preview:large","max-video-preview":"max-video-preview:-1"},"canonical":"https:\/\/blgnoticiassantodomingo.net\/index.php\/2024\/02\/23\/abogados-de-trump-piden-desestimar-caso-de-documentos-clasificados-por-inmunidad-presidencial\/","og_locale":"es_ES","og_type":"article","og_title":"Abogados de Trump piden desestimar caso de documentos clasificados por inmunidad presidencial - BLG Noticias","og_description":"BY\u00a0ASSOCIATED PRESSU WASHINGTON (AP) \u2014 El equipo legal del expresidente de Estados Unidos Donald Trump present\u00f3 m\u00faltiples mociones el jueves en la noche instando a un juez de Florida a desestimar la causa penal que lo acusa de retener ilegalmente documentos clasificados, alegando en parte que la inmunidad presidencial lo protege de ser procesado, un [&hellip;]","og_url":"https:\/\/blgnoticiassantodomingo.net\/index.php\/2024\/02\/23\/abogados-de-trump-piden-desestimar-caso-de-documentos-clasificados-por-inmunidad-presidencial\/","og_site_name":"BLG Noticias","article_publisher":"https:\/\/web.facebook.com\/BlgNoticias\/?locale=es_LA&_rdc=1&_rdr","article_published_time":"2024-02-23T15:27:17+00:00","article_modified_time":"2024-02-23T16:25:48+00:00","og_image":[{"width":981,"height":673,"url":"http:\/\/blgnoticiassantodomingo.net\/wp-content\/uploads\/2024\/02\/Screenshot_1-8.jpg","type":"image\/jpeg"}],"author":"Brenda Guerrero","twitter_card":"summary_large_image","twitter_creator":"@BlgNoticias","twitter_site":"@BlgNoticias","twitter_misc":{"Escrito por":"Brenda Guerrero","Tiempo de lectura":"3 minutos"},"schema":{"@context":"https:\/\/schema.org","@graph":[{"@type":"Article","@id":"https:\/\/blgnoticiassantodomingo.net\/index.php\/2024\/02\/23\/abogados-de-trump-piden-desestimar-caso-de-documentos-clasificados-por-inmunidad-presidencial\/#article","isPartOf":{"@id":"https:\/\/blgnoticiassantodomingo.net\/index.php\/2024\/02\/23\/abogados-de-trump-piden-desestimar-caso-de-documentos-clasificados-por-inmunidad-presidencial\/"},"author":{"name":"Brenda Guerrero","@id":"https:\/\/blgnoticiassantodomingo.net\/#\/schema\/person\/e2fc21cf88acc63dbd134be981bff374"},"headline":"Abogados de Trump piden desestimar caso de documentos clasificados por inmunidad presidencial","datePublished":"2024-02-23T15:27:17+00:00","dateModified":"2024-02-23T16:25:48+00:00","mainEntityOfPage":{"@id":"https:\/\/blgnoticiassantodomingo.net\/index.php\/2024\/02\/23\/abogados-de-trump-piden-desestimar-caso-de-documentos-clasificados-por-inmunidad-presidencial\/"},"wordCount":477,"commentCount":0,"publisher":{"@id":"https:\/\/blgnoticiassantodomingo.net\/#organization"},"image":{"@id":"https:\/\/blgnoticiassantodomingo.net\/index.php\/2024\/02\/23\/abogados-de-trump-piden-desestimar-caso-de-documentos-clasificados-por-inmunidad-presidencial\/#primaryimage"},"thumbnailUrl":"https:\/\/blgnoticiassantodomingo.net\/wp-content\/uploads\/2024\/02\/Screenshot_1-8.jpg","keywords":["Donald Trump","inmunidad presidencial"],"articleSection":["Nacionales"],"inLanguage":"es","potentialAction":[{"@type":"CommentAction","name":"Comment","target":["https:\/\/blgnoticiassantodomingo.net\/index.php\/2024\/02\/23\/abogados-de-trump-piden-desestimar-caso-de-documentos-clasificados-por-inmunidad-presidencial\/#respond"]}]},{"@type":"WebPage","@id":"https:\/\/blgnoticiassantodomingo.net\/index.php\/2024\/02\/23\/abogados-de-trump-piden-desestimar-caso-de-documentos-clasificados-por-inmunidad-presidencial\/","url":"https:\/\/blgnoticiassantodomingo.net\/index.php\/2024\/02\/23\/abogados-de-trump-piden-desestimar-caso-de-documentos-clasificados-por-inmunidad-presidencial\/","name":"Abogados de Trump piden desestimar caso de documentos clasificados por inmunidad presidencial - BLG Noticias","isPartOf":{"@id":"https:\/\/blgnoticiassantodomingo.net\/#website"},"primaryImageOfPage":{"@id":"https:\/\/blgnoticiassantodomingo.net\/index.php\/2024\/02\/23\/abogados-de-trump-piden-desestimar-caso-de-documentos-clasificados-por-inmunidad-presidencial\/#primaryimage"},"image":{"@id":"https:\/\/blgnoticiassantodomingo.net\/index.php\/2024\/02\/23\/abogados-de-trump-piden-desestimar-caso-de-documentos-clasificados-por-inmunidad-presidencial\/#primaryimage"},"thumbnailUrl":"https:\/\/blgnoticiassantodomingo.net\/wp-content\/uploads\/2024\/02\/Screenshot_1-8.jpg","datePublished":"2024-02-23T15:27:17+00:00","dateModified":"2024-02-23T16:25:48+00:00","breadcrumb":{"@id":"https:\/\/blgnoticiassantodomingo.net\/index.php\/2024\/02\/23\/abogados-de-trump-piden-desestimar-caso-de-documentos-clasificados-por-inmunidad-presidencial\/#breadcrumb"},"inLanguage":"es","potentialAction":[{"@type":"ReadAction","target":["https:\/\/blgnoticiassantodomingo.net\/index.php\/2024\/02\/23\/abogados-de-trump-piden-desestimar-caso-de-documentos-clasificados-por-inmunidad-presidencial\/"]}]},{"@type":"ImageObject","inLanguage":"es","@id":"https:\/\/blgnoticiassantodomingo.net\/index.php\/2024\/02\/23\/abogados-de-trump-piden-desestimar-caso-de-documentos-clasificados-por-inmunidad-presidencial\/#primaryimage","url":"https:\/\/blgnoticiassantodomingo.net\/wp-content\/uploads\/2024\/02\/Screenshot_1-8.jpg","contentUrl":"https:\/\/blgnoticiassantodomingo.net\/wp-content\/uploads\/2024\/02\/Screenshot_1-8.jpg","width":981,"height":673},{"@type":"BreadcrumbList","@id":"https:\/\/blgnoticiassantodomingo.net\/index.php\/2024\/02\/23\/abogados-de-trump-piden-desestimar-caso-de-documentos-clasificados-por-inmunidad-presidencial\/#breadcrumb","itemListElement":[{"@type":"ListItem","position":1,"name":"Portada","item":"https:\/\/blgnoticiassantodomingo.net\/"},{"@type":"ListItem","position":2,"name":"Abogados de Trump piden desestimar caso de documentos clasificados por inmunidad presidencial"}]},{"@type":"WebSite","@id":"https:\/\/blgnoticiassantodomingo.net\/#website","url":"https:\/\/blgnoticiassantodomingo.net\/","name":"BLG Noticias","description":"Esto es Noticias","publisher":{"@id":"https:\/\/blgnoticiassantodomingo.net\/#organization"},"potentialAction":[{"@type":"SearchAction","target":{"@type":"EntryPoint","urlTemplate":"https:\/\/blgnoticiassantodomingo.net\/?s={search_term_string}"},"query-input":{"@type":"PropertyValueSpecification","valueRequired":true,"valueName":"search_term_string"}}],"inLanguage":"es"},{"@type":"Organization","@id":"https:\/\/blgnoticiassantodomingo.net\/#organization","name":"BLG Noticias","url":"https:\/\/blgnoticiassantodomingo.net\/","logo":{"@type":"ImageObject","inLanguage":"es","@id":"https:\/\/blgnoticiassantodomingo.net\/#\/schema\/logo\/image\/","url":"https:\/\/blgnoticiassantodomingo.net\/wp-content\/uploads\/2023\/12\/Diseno-sin-titulo-3.jpg","contentUrl":"https:\/\/blgnoticiassantodomingo.net\/wp-content\/uploads\/2023\/12\/Diseno-sin-titulo-3.jpg","width":500,"height":500,"caption":"BLG Noticias"},"image":{"@id":"https:\/\/blgnoticiassantodomingo.net\/#\/schema\/logo\/image\/"},"sameAs":["https:\/\/web.facebook.com\/BlgNoticias\/?locale=es_LA&_rdc=1&_rdr","https:\/\/x.com\/BlgNoticias","https:\/\/www.linkedin.com\/in\/brenda-l-santana-aa846279\/"]},{"@type":"Person","@id":"https:\/\/blgnoticiassantodomingo.net\/#\/schema\/person\/e2fc21cf88acc63dbd134be981bff374","name":"Brenda Guerrero","image":{"@type":"ImageObject","inLanguage":"es","@id":"https:\/\/blgnoticiassantodomingo.net\/#\/schema\/person\/image\/","url":"https:\/\/secure.gravatar.com\/avatar\/2f7fc4c3e3655be1580cb684bfd8ab19be702ae20879da1e072021daa02f9b8b?s=96&d=wp_user_avatar&r=g","contentUrl":"https:\/\/secure.gravatar.com\/avatar\/2f7fc4c3e3655be1580cb684bfd8ab19be702ae20879da1e072021daa02f9b8b?s=96&d=wp_user_avatar&r=g","caption":"Brenda Guerrero"},"description":"Periodista","url":"https:\/\/blgnoticiassantodomingo.net\/index.php\/author\/brenda-guerrero\/"}]}},"jetpack_featured_media_url":"https:\/\/blgnoticiassantodomingo.net\/wp-content\/uploads\/2024\/02\/Screenshot_1-8.jpg","_links":{"self":[{"href":"https:\/\/blgnoticiassantodomingo.net\/index.php\/wp-json\/wp\/v2\/posts\/38791","targetHints":{"allow":["GET"]}}],"collection":[{"href":"https:\/\/blgnoticiassantodomingo.net\/index.php\/wp-json\/wp\/v2\/posts"}],"about":[{"href":"https:\/\/blgnoticiassantodomingo.net\/index.php\/wp-json\/wp\/v2\/types\/post"}],"author":[{"embeddable":true,"href":"https:\/\/blgnoticiassantodomingo.net\/index.php\/wp-json\/wp\/v2\/users\/2"}],"replies":[{"embeddable":true,"href":"https:\/\/blgnoticiassantodomingo.net\/index.php\/wp-json\/wp\/v2\/comments?post=38791"}],"version-history":[{"count":2,"href":"https:\/\/blgnoticiassantodomingo.net\/index.php\/wp-json\/wp\/v2\/posts\/38791\/revisions"}],"predecessor-version":[{"id":38794,"href":"https:\/\/blgnoticiassantodomingo.net\/index.php\/wp-json\/wp\/v2\/posts\/38791\/revisions\/38794"}],"wp:featuredmedia":[{"embeddable":true,"href":"https:\/\/blgnoticiassantodomingo.net\/index.php\/wp-json\/wp\/v2\/media\/38792"}],"wp:attachment":[{"href":"https:\/\/blgnoticiassantodomingo.net\/index.php\/wp-json\/wp\/v2\/media?parent=38791"}],"wp:term":[{"taxonomy":"category","embeddable":true,"href":"https:\/\/blgnoticiassantodomingo.net\/index.php\/wp-json\/wp\/v2\/categories?post=38791"},{"taxonomy":"post_tag","embeddable":true,"href":"https:\/\/blgnoticiassantodomingo.net\/index.php\/wp-json\/wp\/v2\/tags?post=38791"}],"curies":[{"name":"wp","href":"https:\/\/api.w.org\/{rel}","templated":true}]}}