{"id":38058,"date":"2024-01-18T15:45:21","date_gmt":"2024-01-18T19:45:21","guid":{"rendered":"https:\/\/blgnoticiassantodomingo.net\/?p=38058"},"modified":"2024-01-18T15:45:33","modified_gmt":"2024-01-18T19:45:33","slug":"campana-alza-tu-voz-presento-el-tema-ya-no-aguanto-mas","status":"publish","type":"post","link":"https:\/\/blgnoticiassantodomingo.net\/index.php\/2024\/01\/18\/campana-alza-tu-voz-presento-el-tema-ya-no-aguanto-mas\/","title":{"rendered":"Campa\u00f1a \u201cAlza tu voz\u201d present\u00f3 el tema \u201cYa no aguanto m\u00e1s\u201d"},"content":{"rendered":"\n<p>Campa\u00f1a Internacional que Afianza lazos de amistad y solidaridad demostrando que todos somos un mismo pueblo\u201d. Con este lema nace la campa\u00f1a art\u00edstica nacional e internacional, Alza tu voz, liderada por Abigail Tobar, CEO, productora y directora de medios Internacionales de la empresa Ditokado Kf de la ciudad de Guayaquil, Ecuador.<\/p>\n\n\n\n<p>El objetivo de esta campa\u00f1a art\u00edstica internacional, seg\u00fan lo explica la Ceo es llevar un mensaje de concienciaci\u00f3n uniendo 10 voces de varios artistas internacionales para cantarle a la paz, a la uni\u00f3n y hacer un llamado a las naciones y al mundo de que paren la violencia.&nbsp;<\/p>\n\n\n\n<p>Para la Ceo y todos los que conforman est\u00e1 gran Familia de Alza Tu Voz destacan a nuestro mentor Dios,&nbsp; quien es parte fundamental de todo est\u00e1s fases.<\/p>\n\n\n\n<p>Abigail siente que Dios le ha permitido&nbsp; dirigir y guiar este gran tim\u00f3n de valios\u00edsimo grupo art\u00edstico a trav\u00e9s de la empresa Ditokado Kreativos Films haciendo posible que este prop\u00f3sito se cumpla\u201d.<\/p>\n\n\n\n<p>La canci\u00f3n es compuesta por Abigail Tobar, Ceo productora y mentora de esta campa\u00f1a Internacional Alza tu voz,&nbsp; la producci\u00f3n fue echa por Darren D\u00edaz de (M\u00e9xico), La direcci\u00f3n musical la realiz\u00f3 Omar Ramos (Ecuador), la producci\u00f3n y el arreglo de voces estuvo a cargo de Le\u00f3n Vinttage (M\u00e9xico).<\/p>\n\n\n\n<p>La campa\u00f1a de prensa es realizada por Alfredo Rojas Promotor de medios @alfredorojas_promotor<\/p>\n\n\n\n<p>Tambi\u00e9n contamos con el&nbsp; representante Art\u00edstico Eduardo Villaquir\u00e1n, Ecuador&nbsp;<\/p>\n","protected":false},"excerpt":{"rendered":"<p>Campa\u00f1a Internacional que Afianza lazos de amistad y solidaridad demostrando que todos somos un mismo pueblo\u201d. Con este lema nace la campa\u00f1a art\u00edstica nacional e internacional, Alza tu voz, liderada por Abigail Tobar, CEO, productora y directora de medios Internacionales de la empresa Ditokado Kf de la ciudad de Guayaquil, Ecuador. El objetivo de esta [&hellip;]<\/p>\n","protected":false},"author":2,"featured_media":38059,"comment_status":"open","ping_status":"open","sticky":true,"template":"","format":"standard","meta":{"footnotes":""},"categories":[220],"tags":[9121,9118,2698,9120,1412,9046,9119],"class_list":{"0":"post-38058","1":"post","2":"type-post","3":"status-publish","4":"format-standard","5":"has-post-thumbnail","7":"category-nacionales","8":"tag-abigail-tobar","9":"tag-alza-tu-voz","10":"tag-ceo","11":"tag-ditokado-kf","12":"tag-ecuador","13":"tag-guayaquil","14":"tag-ya-no-aguanto-mas"},"yoast_head":"<!-- This site is optimized with the Yoast SEO plugin v24.9 - https:\/\/yoast.com\/wordpress\/plugins\/seo\/ -->\n<title>Campa\u00f1a \u201cAlza tu voz\u201d present\u00f3 el tema \u201cYa no aguanto m\u00e1s\u201d - BLG Noticias<\/title>\n<meta name=\"robots\" content=\"index, follow, max-snippet:-1, max-image-preview:large, max-video-preview:-1\" \/>\n<link rel=\"canonical\" href=\"https:\/\/blgnoticiassantodomingo.net\/index.php\/2024\/01\/18\/campana-alza-tu-voz-presento-el-tema-ya-no-aguanto-mas\/\" \/>\n<meta property=\"og:locale\" content=\"es_ES\" \/>\n<meta property=\"og:type\" content=\"article\" \/>\n<meta property=\"og:title\" content=\"Campa\u00f1a \u201cAlza tu voz\u201d present\u00f3 el tema \u201cYa no aguanto m\u00e1s\u201d - BLG Noticias\" \/>\n<meta property=\"og:description\" content=\"Campa\u00f1a Internacional que Afianza lazos de amistad y solidaridad demostrando que todos somos un mismo pueblo\u201d. Con este lema nace la campa\u00f1a art\u00edstica nacional e internacional, Alza tu voz, liderada por Abigail Tobar, CEO, productora y directora de medios Internacionales de la empresa Ditokado Kf de la ciudad de Guayaquil, Ecuador. El objetivo de esta [&hellip;]\" \/>\n<meta property=\"og:url\" content=\"https:\/\/blgnoticiassantodomingo.net\/index.php\/2024\/01\/18\/campana-alza-tu-voz-presento-el-tema-ya-no-aguanto-mas\/\" \/>\n<meta property=\"og:site_name\" content=\"BLG Noticias\" \/>\n<meta property=\"article:publisher\" content=\"https:\/\/web.facebook.com\/BlgNoticias\/?locale=es_LA&amp;_rdc=1&amp;_rdr\" \/>\n<meta property=\"article:published_time\" content=\"2024-01-18T19:45:21+00:00\" \/>\n<meta property=\"article:modified_time\" content=\"2024-01-18T19:45:33+00:00\" \/>\n<meta property=\"og:image\" content=\"http:\/\/blgnoticiassantodomingo.net\/wp-content\/uploads\/2024\/01\/IMG-20240117-WA0363.jpg\" \/>\n\t<meta property=\"og:image:width\" content=\"1079\" \/>\n\t<meta property=\"og:image:height\" content=\"1527\" \/>\n\t<meta property=\"og:image:type\" content=\"image\/jpeg\" \/>\n<meta name=\"author\" content=\"Brenda Guerrero\" \/>\n<meta name=\"twitter:card\" content=\"summary_large_image\" \/>\n<meta name=\"twitter:creator\" content=\"@BlgNoticias\" \/>\n<meta name=\"twitter:site\" content=\"@BlgNoticias\" \/>\n<meta name=\"twitter:label1\" content=\"Escrito por\" \/>\n\t<meta name=\"twitter:data1\" content=\"Brenda Guerrero\" \/>\n\t<meta name=\"twitter:label2\" content=\"Tiempo de lectura\" \/>\n\t<meta name=\"twitter:data2\" content=\"2 minutos\" \/>\n<script type=\"application\/ld+json\" class=\"yoast-schema-graph\">{\"@context\":\"https:\/\/schema.org\",\"@graph\":[{\"@type\":\"Article\",\"@id\":\"https:\/\/blgnoticiassantodomingo.net\/index.php\/2024\/01\/18\/campana-alza-tu-voz-presento-el-tema-ya-no-aguanto-mas\/#article\",\"isPartOf\":{\"@id\":\"https:\/\/blgnoticiassantodomingo.net\/index.php\/2024\/01\/18\/campana-alza-tu-voz-presento-el-tema-ya-no-aguanto-mas\/\"},\"author\":{\"name\":\"Brenda Guerrero\",\"@id\":\"https:\/\/blgnoticiassantodomingo.net\/#\/schema\/person\/e2fc21cf88acc63dbd134be981bff374\"},\"headline\":\"Campa\u00f1a \u201cAlza tu voz\u201d present\u00f3 el tema \u201cYa no aguanto m\u00e1s\u201d\",\"datePublished\":\"2024-01-18T19:45:21+00:00\",\"dateModified\":\"2024-01-18T19:45:33+00:00\",\"mainEntityOfPage\":{\"@id\":\"https:\/\/blgnoticiassantodomingo.net\/index.php\/2024\/01\/18\/campana-alza-tu-voz-presento-el-tema-ya-no-aguanto-mas\/\"},\"wordCount\":276,\"commentCount\":0,\"publisher\":{\"@id\":\"https:\/\/blgnoticiassantodomingo.net\/#organization\"},\"image\":{\"@id\":\"https:\/\/blgnoticiassantodomingo.net\/index.php\/2024\/01\/18\/campana-alza-tu-voz-presento-el-tema-ya-no-aguanto-mas\/#primaryimage\"},\"thumbnailUrl\":\"https:\/\/blgnoticiassantodomingo.net\/wp-content\/uploads\/2024\/01\/IMG-20240117-WA0363.jpg\",\"keywords\":[\"Abigail Tobar\",\"Alza tu voz\",\"CEO\",\"Ditokado Kf\",\"Ecuador\",\"Guayaquil\",\"Ya no aguanto m\u00e1s\"],\"articleSection\":[\"Nacionales\"],\"inLanguage\":\"es\",\"potentialAction\":[{\"@type\":\"CommentAction\",\"name\":\"Comment\",\"target\":[\"https:\/\/blgnoticiassantodomingo.net\/index.php\/2024\/01\/18\/campana-alza-tu-voz-presento-el-tema-ya-no-aguanto-mas\/#respond\"]}]},{\"@type\":\"WebPage\",\"@id\":\"https:\/\/blgnoticiassantodomingo.net\/index.php\/2024\/01\/18\/campana-alza-tu-voz-presento-el-tema-ya-no-aguanto-mas\/\",\"url\":\"https:\/\/blgnoticiassantodomingo.net\/index.php\/2024\/01\/18\/campana-alza-tu-voz-presento-el-tema-ya-no-aguanto-mas\/\",\"name\":\"Campa\u00f1a \u201cAlza tu voz\u201d present\u00f3 el tema \u201cYa no aguanto m\u00e1s\u201d - BLG Noticias\",\"isPartOf\":{\"@id\":\"https:\/\/blgnoticiassantodomingo.net\/#website\"},\"primaryImageOfPage\":{\"@id\":\"https:\/\/blgnoticiassantodomingo.net\/index.php\/2024\/01\/18\/campana-alza-tu-voz-presento-el-tema-ya-no-aguanto-mas\/#primaryimage\"},\"image\":{\"@id\":\"https:\/\/blgnoticiassantodomingo.net\/index.php\/2024\/01\/18\/campana-alza-tu-voz-presento-el-tema-ya-no-aguanto-mas\/#primaryimage\"},\"thumbnailUrl\":\"https:\/\/blgnoticiassantodomingo.net\/wp-content\/uploads\/2024\/01\/IMG-20240117-WA0363.jpg\",\"datePublished\":\"2024-01-18T19:45:21+00:00\",\"dateModified\":\"2024-01-18T19:45:33+00:00\",\"breadcrumb\":{\"@id\":\"https:\/\/blgnoticiassantodomingo.net\/index.php\/2024\/01\/18\/campana-alza-tu-voz-presento-el-tema-ya-no-aguanto-mas\/#breadcrumb\"},\"inLanguage\":\"es\",\"potentialAction\":[{\"@type\":\"ReadAction\",\"target\":[\"https:\/\/blgnoticiassantodomingo.net\/index.php\/2024\/01\/18\/campana-alza-tu-voz-presento-el-tema-ya-no-aguanto-mas\/\"]}]},{\"@type\":\"ImageObject\",\"inLanguage\":\"es\",\"@id\":\"https:\/\/blgnoticiassantodomingo.net\/index.php\/2024\/01\/18\/campana-alza-tu-voz-presento-el-tema-ya-no-aguanto-mas\/#primaryimage\",\"url\":\"https:\/\/blgnoticiassantodomingo.net\/wp-content\/uploads\/2024\/01\/IMG-20240117-WA0363.jpg\",\"contentUrl\":\"https:\/\/blgnoticiassantodomingo.net\/wp-content\/uploads\/2024\/01\/IMG-20240117-WA0363.jpg\",\"width\":1079,\"height\":1527},{\"@type\":\"BreadcrumbList\",\"@id\":\"https:\/\/blgnoticiassantodomingo.net\/index.php\/2024\/01\/18\/campana-alza-tu-voz-presento-el-tema-ya-no-aguanto-mas\/#breadcrumb\",\"itemListElement\":[{\"@type\":\"ListItem\",\"position\":1,\"name\":\"Portada\",\"item\":\"https:\/\/blgnoticiassantodomingo.net\/\"},{\"@type\":\"ListItem\",\"position\":2,\"name\":\"Campa\u00f1a \u201cAlza tu voz\u201d present\u00f3 el tema \u201cYa no aguanto m\u00e1s\u201d\"}]},{\"@type\":\"WebSite\",\"@id\":\"https:\/\/blgnoticiassantodomingo.net\/#website\",\"url\":\"https:\/\/blgnoticiassantodomingo.net\/\",\"name\":\"BLG Noticias\",\"description\":\"Esto es Noticias\",\"publisher\":{\"@id\":\"https:\/\/blgnoticiassantodomingo.net\/#organization\"},\"potentialAction\":[{\"@type\":\"SearchAction\",\"target\":{\"@type\":\"EntryPoint\",\"urlTemplate\":\"https:\/\/blgnoticiassantodomingo.net\/?s={search_term_string}\"},\"query-input\":{\"@type\":\"PropertyValueSpecification\",\"valueRequired\":true,\"valueName\":\"search_term_string\"}}],\"inLanguage\":\"es\"},{\"@type\":\"Organization\",\"@id\":\"https:\/\/blgnoticiassantodomingo.net\/#organization\",\"name\":\"BLG Noticias\",\"url\":\"https:\/\/blgnoticiassantodomingo.net\/\",\"logo\":{\"@type\":\"ImageObject\",\"inLanguage\":\"es\",\"@id\":\"https:\/\/blgnoticiassantodomingo.net\/#\/schema\/logo\/image\/\",\"url\":\"https:\/\/blgnoticiassantodomingo.net\/wp-content\/uploads\/2023\/12\/Diseno-sin-titulo-3.jpg\",\"contentUrl\":\"https:\/\/blgnoticiassantodomingo.net\/wp-content\/uploads\/2023\/12\/Diseno-sin-titulo-3.jpg\",\"width\":500,\"height\":500,\"caption\":\"BLG Noticias\"},\"image\":{\"@id\":\"https:\/\/blgnoticiassantodomingo.net\/#\/schema\/logo\/image\/\"},\"sameAs\":[\"https:\/\/web.facebook.com\/BlgNoticias\/?locale=es_LA&_rdc=1&_rdr\",\"https:\/\/x.com\/BlgNoticias\",\"https:\/\/www.linkedin.com\/in\/brenda-l-santana-aa846279\/\"]},{\"@type\":\"Person\",\"@id\":\"https:\/\/blgnoticiassantodomingo.net\/#\/schema\/person\/e2fc21cf88acc63dbd134be981bff374\",\"name\":\"Brenda Guerrero\",\"image\":{\"@type\":\"ImageObject\",\"inLanguage\":\"es\",\"@id\":\"https:\/\/blgnoticiassantodomingo.net\/#\/schema\/person\/image\/\",\"url\":\"https:\/\/secure.gravatar.com\/avatar\/2f7fc4c3e3655be1580cb684bfd8ab19be702ae20879da1e072021daa02f9b8b?s=96&d=wp_user_avatar&r=g\",\"contentUrl\":\"https:\/\/secure.gravatar.com\/avatar\/2f7fc4c3e3655be1580cb684bfd8ab19be702ae20879da1e072021daa02f9b8b?s=96&d=wp_user_avatar&r=g\",\"caption\":\"Brenda Guerrero\"},\"description\":\"Periodista\",\"url\":\"https:\/\/blgnoticiassantodomingo.net\/index.php\/author\/brenda-guerrero\/\"}]}<\/script>\n<!-- \/ Yoast SEO plugin. -->","yoast_head_json":{"title":"Campa\u00f1a \u201cAlza tu voz\u201d present\u00f3 el tema \u201cYa no aguanto m\u00e1s\u201d - BLG Noticias","robots":{"index":"index","follow":"follow","max-snippet":"max-snippet:-1","max-image-preview":"max-image-preview:large","max-video-preview":"max-video-preview:-1"},"canonical":"https:\/\/blgnoticiassantodomingo.net\/index.php\/2024\/01\/18\/campana-alza-tu-voz-presento-el-tema-ya-no-aguanto-mas\/","og_locale":"es_ES","og_type":"article","og_title":"Campa\u00f1a \u201cAlza tu voz\u201d present\u00f3 el tema \u201cYa no aguanto m\u00e1s\u201d - BLG Noticias","og_description":"Campa\u00f1a Internacional que Afianza lazos de amistad y solidaridad demostrando que todos somos un mismo pueblo\u201d. Con este lema nace la campa\u00f1a art\u00edstica nacional e internacional, Alza tu voz, liderada por Abigail Tobar, CEO, productora y directora de medios Internacionales de la empresa Ditokado Kf de la ciudad de Guayaquil, Ecuador. El objetivo de esta [&hellip;]","og_url":"https:\/\/blgnoticiassantodomingo.net\/index.php\/2024\/01\/18\/campana-alza-tu-voz-presento-el-tema-ya-no-aguanto-mas\/","og_site_name":"BLG Noticias","article_publisher":"https:\/\/web.facebook.com\/BlgNoticias\/?locale=es_LA&_rdc=1&_rdr","article_published_time":"2024-01-18T19:45:21+00:00","article_modified_time":"2024-01-18T19:45:33+00:00","og_image":[{"width":1079,"height":1527,"url":"http:\/\/blgnoticiassantodomingo.net\/wp-content\/uploads\/2024\/01\/IMG-20240117-WA0363.jpg","type":"image\/jpeg"}],"author":"Brenda Guerrero","twitter_card":"summary_large_image","twitter_creator":"@BlgNoticias","twitter_site":"@BlgNoticias","twitter_misc":{"Escrito por":"Brenda Guerrero","Tiempo de lectura":"2 minutos"},"schema":{"@context":"https:\/\/schema.org","@graph":[{"@type":"Article","@id":"https:\/\/blgnoticiassantodomingo.net\/index.php\/2024\/01\/18\/campana-alza-tu-voz-presento-el-tema-ya-no-aguanto-mas\/#article","isPartOf":{"@id":"https:\/\/blgnoticiassantodomingo.net\/index.php\/2024\/01\/18\/campana-alza-tu-voz-presento-el-tema-ya-no-aguanto-mas\/"},"author":{"name":"Brenda Guerrero","@id":"https:\/\/blgnoticiassantodomingo.net\/#\/schema\/person\/e2fc21cf88acc63dbd134be981bff374"},"headline":"Campa\u00f1a \u201cAlza tu voz\u201d present\u00f3 el tema \u201cYa no aguanto m\u00e1s\u201d","datePublished":"2024-01-18T19:45:21+00:00","dateModified":"2024-01-18T19:45:33+00:00","mainEntityOfPage":{"@id":"https:\/\/blgnoticiassantodomingo.net\/index.php\/2024\/01\/18\/campana-alza-tu-voz-presento-el-tema-ya-no-aguanto-mas\/"},"wordCount":276,"commentCount":0,"publisher":{"@id":"https:\/\/blgnoticiassantodomingo.net\/#organization"},"image":{"@id":"https:\/\/blgnoticiassantodomingo.net\/index.php\/2024\/01\/18\/campana-alza-tu-voz-presento-el-tema-ya-no-aguanto-mas\/#primaryimage"},"thumbnailUrl":"https:\/\/blgnoticiassantodomingo.net\/wp-content\/uploads\/2024\/01\/IMG-20240117-WA0363.jpg","keywords":["Abigail Tobar","Alza tu voz","CEO","Ditokado Kf","Ecuador","Guayaquil","Ya no aguanto m\u00e1s"],"articleSection":["Nacionales"],"inLanguage":"es","potentialAction":[{"@type":"CommentAction","name":"Comment","target":["https:\/\/blgnoticiassantodomingo.net\/index.php\/2024\/01\/18\/campana-alza-tu-voz-presento-el-tema-ya-no-aguanto-mas\/#respond"]}]},{"@type":"WebPage","@id":"https:\/\/blgnoticiassantodomingo.net\/index.php\/2024\/01\/18\/campana-alza-tu-voz-presento-el-tema-ya-no-aguanto-mas\/","url":"https:\/\/blgnoticiassantodomingo.net\/index.php\/2024\/01\/18\/campana-alza-tu-voz-presento-el-tema-ya-no-aguanto-mas\/","name":"Campa\u00f1a \u201cAlza tu voz\u201d present\u00f3 el tema \u201cYa no aguanto m\u00e1s\u201d - BLG Noticias","isPartOf":{"@id":"https:\/\/blgnoticiassantodomingo.net\/#website"},"primaryImageOfPage":{"@id":"https:\/\/blgnoticiassantodomingo.net\/index.php\/2024\/01\/18\/campana-alza-tu-voz-presento-el-tema-ya-no-aguanto-mas\/#primaryimage"},"image":{"@id":"https:\/\/blgnoticiassantodomingo.net\/index.php\/2024\/01\/18\/campana-alza-tu-voz-presento-el-tema-ya-no-aguanto-mas\/#primaryimage"},"thumbnailUrl":"https:\/\/blgnoticiassantodomingo.net\/wp-content\/uploads\/2024\/01\/IMG-20240117-WA0363.jpg","datePublished":"2024-01-18T19:45:21+00:00","dateModified":"2024-01-18T19:45:33+00:00","breadcrumb":{"@id":"https:\/\/blgnoticiassantodomingo.net\/index.php\/2024\/01\/18\/campana-alza-tu-voz-presento-el-tema-ya-no-aguanto-mas\/#breadcrumb"},"inLanguage":"es","potentialAction":[{"@type":"ReadAction","target":["https:\/\/blgnoticiassantodomingo.net\/index.php\/2024\/01\/18\/campana-alza-tu-voz-presento-el-tema-ya-no-aguanto-mas\/"]}]},{"@type":"ImageObject","inLanguage":"es","@id":"https:\/\/blgnoticiassantodomingo.net\/index.php\/2024\/01\/18\/campana-alza-tu-voz-presento-el-tema-ya-no-aguanto-mas\/#primaryimage","url":"https:\/\/blgnoticiassantodomingo.net\/wp-content\/uploads\/2024\/01\/IMG-20240117-WA0363.jpg","contentUrl":"https:\/\/blgnoticiassantodomingo.net\/wp-content\/uploads\/2024\/01\/IMG-20240117-WA0363.jpg","width":1079,"height":1527},{"@type":"BreadcrumbList","@id":"https:\/\/blgnoticiassantodomingo.net\/index.php\/2024\/01\/18\/campana-alza-tu-voz-presento-el-tema-ya-no-aguanto-mas\/#breadcrumb","itemListElement":[{"@type":"ListItem","position":1,"name":"Portada","item":"https:\/\/blgnoticiassantodomingo.net\/"},{"@type":"ListItem","position":2,"name":"Campa\u00f1a \u201cAlza tu voz\u201d present\u00f3 el tema \u201cYa no aguanto m\u00e1s\u201d"}]},{"@type":"WebSite","@id":"https:\/\/blgnoticiassantodomingo.net\/#website","url":"https:\/\/blgnoticiassantodomingo.net\/","name":"BLG Noticias","description":"Esto es Noticias","publisher":{"@id":"https:\/\/blgnoticiassantodomingo.net\/#organization"},"potentialAction":[{"@type":"SearchAction","target":{"@type":"EntryPoint","urlTemplate":"https:\/\/blgnoticiassantodomingo.net\/?s={search_term_string}"},"query-input":{"@type":"PropertyValueSpecification","valueRequired":true,"valueName":"search_term_string"}}],"inLanguage":"es"},{"@type":"Organization","@id":"https:\/\/blgnoticiassantodomingo.net\/#organization","name":"BLG Noticias","url":"https:\/\/blgnoticiassantodomingo.net\/","logo":{"@type":"ImageObject","inLanguage":"es","@id":"https:\/\/blgnoticiassantodomingo.net\/#\/schema\/logo\/image\/","url":"https:\/\/blgnoticiassantodomingo.net\/wp-content\/uploads\/2023\/12\/Diseno-sin-titulo-3.jpg","contentUrl":"https:\/\/blgnoticiassantodomingo.net\/wp-content\/uploads\/2023\/12\/Diseno-sin-titulo-3.jpg","width":500,"height":500,"caption":"BLG Noticias"},"image":{"@id":"https:\/\/blgnoticiassantodomingo.net\/#\/schema\/logo\/image\/"},"sameAs":["https:\/\/web.facebook.com\/BlgNoticias\/?locale=es_LA&_rdc=1&_rdr","https:\/\/x.com\/BlgNoticias","https:\/\/www.linkedin.com\/in\/brenda-l-santana-aa846279\/"]},{"@type":"Person","@id":"https:\/\/blgnoticiassantodomingo.net\/#\/schema\/person\/e2fc21cf88acc63dbd134be981bff374","name":"Brenda Guerrero","image":{"@type":"ImageObject","inLanguage":"es","@id":"https:\/\/blgnoticiassantodomingo.net\/#\/schema\/person\/image\/","url":"https:\/\/secure.gravatar.com\/avatar\/2f7fc4c3e3655be1580cb684bfd8ab19be702ae20879da1e072021daa02f9b8b?s=96&d=wp_user_avatar&r=g","contentUrl":"https:\/\/secure.gravatar.com\/avatar\/2f7fc4c3e3655be1580cb684bfd8ab19be702ae20879da1e072021daa02f9b8b?s=96&d=wp_user_avatar&r=g","caption":"Brenda Guerrero"},"description":"Periodista","url":"https:\/\/blgnoticiassantodomingo.net\/index.php\/author\/brenda-guerrero\/"}]}},"jetpack_featured_media_url":"https:\/\/blgnoticiassantodomingo.net\/wp-content\/uploads\/2024\/01\/IMG-20240117-WA0363.jpg","_links":{"self":[{"href":"https:\/\/blgnoticiassantodomingo.net\/index.php\/wp-json\/wp\/v2\/posts\/38058","targetHints":{"allow":["GET"]}}],"collection":[{"href":"https:\/\/blgnoticiassantodomingo.net\/index.php\/wp-json\/wp\/v2\/posts"}],"about":[{"href":"https:\/\/blgnoticiassantodomingo.net\/index.php\/wp-json\/wp\/v2\/types\/post"}],"author":[{"embeddable":true,"href":"https:\/\/blgnoticiassantodomingo.net\/index.php\/wp-json\/wp\/v2\/users\/2"}],"replies":[{"embeddable":true,"href":"https:\/\/blgnoticiassantodomingo.net\/index.php\/wp-json\/wp\/v2\/comments?post=38058"}],"version-history":[{"count":1,"href":"https:\/\/blgnoticiassantodomingo.net\/index.php\/wp-json\/wp\/v2\/posts\/38058\/revisions"}],"predecessor-version":[{"id":38060,"href":"https:\/\/blgnoticiassantodomingo.net\/index.php\/wp-json\/wp\/v2\/posts\/38058\/revisions\/38060"}],"wp:featuredmedia":[{"embeddable":true,"href":"https:\/\/blgnoticiassantodomingo.net\/index.php\/wp-json\/wp\/v2\/media\/38059"}],"wp:attachment":[{"href":"https:\/\/blgnoticiassantodomingo.net\/index.php\/wp-json\/wp\/v2\/media?parent=38058"}],"wp:term":[{"taxonomy":"category","embeddable":true,"href":"https:\/\/blgnoticiassantodomingo.net\/index.php\/wp-json\/wp\/v2\/categories?post=38058"},{"taxonomy":"post_tag","embeddable":true,"href":"https:\/\/blgnoticiassantodomingo.net\/index.php\/wp-json\/wp\/v2\/tags?post=38058"}],"curies":[{"name":"wp","href":"https:\/\/api.w.org\/{rel}","templated":true}]}}