{"id":37262,"date":"2023-11-17T10:04:09","date_gmt":"2023-11-17T14:04:09","guid":{"rendered":"https:\/\/blgnoticiassantodomingo.net\/?p=37262"},"modified":"2023-11-17T10:04:13","modified_gmt":"2023-11-17T14:04:13","slug":"ministerio-publico-obtiene-condenas-en-caso-de-corrupcion-contra-exalcalde-y-exencargado-de-nomina-de-la-alcaldia-de-san-francisco-de-macoris","status":"publish","type":"post","link":"https:\/\/blgnoticiassantodomingo.net\/index.php\/2023\/11\/17\/ministerio-publico-obtiene-condenas-en-caso-de-corrupcion-contra-exalcalde-y-exencargado-de-nomina-de-la-alcaldia-de-san-francisco-de-macoris\/","title":{"rendered":"Ministerio P\u00fablico obtiene condenas en caso de corrupci\u00f3n contra exalcalde y exencargado de N\u00f3mina de la Alcald\u00eda de San Francisco de Macor\u00eds"},"content":{"rendered":"\n<p>Esta es la segunda condena en contra de ambos funcionarios, luego de que la Corte de Apelaci\u00f3n de Santo Domingo Este ordenara la celebraci\u00f3n de un nuevo juicio<br>SANTO DOMINGO (Rep\u00fablica Dominicana).- El Segundo Tribunal Colegiado de Santo Domingo Este conden\u00f3 al exacalde y al exencargado de N\u00f3mina de la Alcald\u00eda de San Francisco de Macor\u00eds, F\u00e9lix Manuel Rodr\u00edguez Grull\u00f3n y Jerson Lizardo P\u00e9rez a penas de 3 y 5 a\u00f1os de prisi\u00f3n respectivamente, quienes fueron procesados por incurrir en corrupci\u00f3n administrativa.<\/p>\n\n\n\n<p>Los jueces Josefina Ubiera, Yury Alexandra Cuevas y Jos\u00e9 Leonel Ascencio declararon a los exfuncionarios culpables de cometer los delitos de desfalco y prevaricaci\u00f3n y de violar la Ley de Ayuntamientos, en perjuicio del Estado dominicano, por los hechos cometidos en la gesti\u00f3n del exalcalde durante el per\u00edodo del 2007 al 2011.<\/p>\n\n\n\n<p>El Ministerio P\u00fablico estuvo representado en el juicio por los fiscales Jos\u00e9 Miguel Marmolejos y Wagner Cubilete Garc\u00eda, de la Procuradur\u00eda Especializada de Persecuci\u00f3n de la Corrupci\u00f3n Administrativa, (PEPCA).<\/p>\n\n\n\n<p>En un comunicado de prensa el Ministerio P\u00fablico indic\u00f3 que se trata de la segunda condena en contra de ambos funcionarios, luego de que la Corte de Apelaci\u00f3n de Santo Domingo Este ordenar\u00e1 la celebraci\u00f3n de un nuevo juicio para conocer la acusaci\u00f3n formulada por el Ministerio P\u00fablico y por la cual resultaron nuevamente condenados.<\/p>\n\n\n\n<p>El caso se conoci\u00f3 en Santo Domingo Este porque al inicio del proceso la Suprema Corte de Justicia lo declin\u00f3 a esta jurisdicci\u00f3n por situaciones de violencia que se registraron en San Francisco de Macor\u00eds, en la provincia Duarte.<\/p>\n","protected":false},"excerpt":{"rendered":"<p>Esta es la segunda condena en contra de ambos funcionarios, luego de que la Corte de Apelaci\u00f3n de Santo Domingo Este ordenara la celebraci\u00f3n de un nuevo juicioSANTO DOMINGO (Rep\u00fablica Dominicana).- El Segundo Tribunal Colegiado de Santo Domingo Este conden\u00f3 al exacalde y al exencargado de N\u00f3mina de la Alcald\u00eda de San Francisco de Macor\u00eds, [&hellip;]<\/p>\n","protected":false},"author":2,"featured_media":37258,"comment_status":"open","ping_status":"open","sticky":true,"template":"","format":"standard","meta":{"footnotes":""},"categories":[220],"tags":[8805,8806,8807,1341,1760],"class_list":{"0":"post-37262","1":"post","2":"type-post","3":"status-publish","4":"format-standard","5":"has-post-thumbnail","7":"category-nacionales","8":"tag-alcaldia-de-san-francisco-de-macoris","9":"tag-felix-manuel-rodriguez-grullon","10":"tag-jerson-lizardo-perez","11":"tag-ministerio-publico","12":"tag-pepca"},"yoast_head":"<!-- This site is optimized with the Yoast SEO plugin v24.9 - https:\/\/yoast.com\/wordpress\/plugins\/seo\/ -->\n<title>Ministerio P\u00fablico obtiene condenas en caso de corrupci\u00f3n contra exalcalde y exencargado de N\u00f3mina de la Alcald\u00eda de San Francisco de Macor\u00eds - BLG Noticias<\/title>\n<meta name=\"robots\" content=\"index, follow, max-snippet:-1, max-image-preview:large, max-video-preview:-1\" \/>\n<link rel=\"canonical\" href=\"https:\/\/blgnoticiassantodomingo.net\/index.php\/2023\/11\/17\/ministerio-publico-obtiene-condenas-en-caso-de-corrupcion-contra-exalcalde-y-exencargado-de-nomina-de-la-alcaldia-de-san-francisco-de-macoris\/\" \/>\n<meta property=\"og:locale\" content=\"es_ES\" \/>\n<meta property=\"og:type\" content=\"article\" \/>\n<meta property=\"og:title\" content=\"Ministerio P\u00fablico obtiene condenas en caso de corrupci\u00f3n contra exalcalde y exencargado de N\u00f3mina de la Alcald\u00eda de San Francisco de Macor\u00eds - BLG Noticias\" \/>\n<meta property=\"og:description\" content=\"Esta es la segunda condena en contra de ambos funcionarios, luego de que la Corte de Apelaci\u00f3n de Santo Domingo Este ordenara la celebraci\u00f3n de un nuevo juicioSANTO DOMINGO (Rep\u00fablica Dominicana).- El Segundo Tribunal Colegiado de Santo Domingo Este conden\u00f3 al exacalde y al exencargado de N\u00f3mina de la Alcald\u00eda de San Francisco de Macor\u00eds, [&hellip;]\" \/>\n<meta property=\"og:url\" content=\"https:\/\/blgnoticiassantodomingo.net\/index.php\/2023\/11\/17\/ministerio-publico-obtiene-condenas-en-caso-de-corrupcion-contra-exalcalde-y-exencargado-de-nomina-de-la-alcaldia-de-san-francisco-de-macoris\/\" \/>\n<meta property=\"og:site_name\" content=\"BLG Noticias\" \/>\n<meta property=\"article:publisher\" content=\"https:\/\/web.facebook.com\/BlgNoticias\/?locale=es_LA&amp;_rdc=1&amp;_rdr\" \/>\n<meta property=\"article:published_time\" content=\"2023-11-17T14:04:09+00:00\" \/>\n<meta property=\"article:modified_time\" content=\"2023-11-17T14:04:13+00:00\" \/>\n<meta property=\"og:image\" content=\"https:\/\/blgnoticiassantodomingo.net\/wp-content\/uploads\/2023\/11\/Edificio-PGR-1.jpg\" \/>\n\t<meta property=\"og:image:width\" content=\"1200\" \/>\n\t<meta property=\"og:image:height\" content=\"650\" \/>\n\t<meta property=\"og:image:type\" content=\"image\/jpeg\" \/>\n<meta name=\"author\" content=\"Brenda Guerrero\" \/>\n<meta name=\"twitter:card\" content=\"summary_large_image\" \/>\n<meta name=\"twitter:creator\" content=\"@BlgNoticias\" \/>\n<meta name=\"twitter:site\" content=\"@BlgNoticias\" \/>\n<meta name=\"twitter:label1\" content=\"Escrito por\" \/>\n\t<meta name=\"twitter:data1\" content=\"Brenda Guerrero\" \/>\n\t<meta name=\"twitter:label2\" content=\"Tiempo de lectura\" \/>\n\t<meta name=\"twitter:data2\" content=\"2 minutos\" \/>\n<script type=\"application\/ld+json\" class=\"yoast-schema-graph\">{\"@context\":\"https:\/\/schema.org\",\"@graph\":[{\"@type\":\"Article\",\"@id\":\"https:\/\/blgnoticiassantodomingo.net\/index.php\/2023\/11\/17\/ministerio-publico-obtiene-condenas-en-caso-de-corrupcion-contra-exalcalde-y-exencargado-de-nomina-de-la-alcaldia-de-san-francisco-de-macoris\/#article\",\"isPartOf\":{\"@id\":\"https:\/\/blgnoticiassantodomingo.net\/index.php\/2023\/11\/17\/ministerio-publico-obtiene-condenas-en-caso-de-corrupcion-contra-exalcalde-y-exencargado-de-nomina-de-la-alcaldia-de-san-francisco-de-macoris\/\"},\"author\":{\"name\":\"Brenda Guerrero\",\"@id\":\"https:\/\/blgnoticiassantodomingo.net\/#\/schema\/person\/e2fc21cf88acc63dbd134be981bff374\"},\"headline\":\"Ministerio P\u00fablico obtiene condenas en caso de corrupci\u00f3n contra exalcalde y exencargado de N\u00f3mina de la Alcald\u00eda de San Francisco de Macor\u00eds\",\"datePublished\":\"2023-11-17T14:04:09+00:00\",\"dateModified\":\"2023-11-17T14:04:13+00:00\",\"mainEntityOfPage\":{\"@id\":\"https:\/\/blgnoticiassantodomingo.net\/index.php\/2023\/11\/17\/ministerio-publico-obtiene-condenas-en-caso-de-corrupcion-contra-exalcalde-y-exencargado-de-nomina-de-la-alcaldia-de-san-francisco-de-macoris\/\"},\"wordCount\":308,\"commentCount\":0,\"publisher\":{\"@id\":\"https:\/\/blgnoticiassantodomingo.net\/#organization\"},\"image\":{\"@id\":\"https:\/\/blgnoticiassantodomingo.net\/index.php\/2023\/11\/17\/ministerio-publico-obtiene-condenas-en-caso-de-corrupcion-contra-exalcalde-y-exencargado-de-nomina-de-la-alcaldia-de-san-francisco-de-macoris\/#primaryimage\"},\"thumbnailUrl\":\"https:\/\/blgnoticiassantodomingo.net\/wp-content\/uploads\/2023\/11\/Edificio-PGR-1.jpg\",\"keywords\":[\"Alcald\u00eda de San Francisco de Macor\u00eds\",\"F\u00e9lix Manuel Rodr\u00edguez Grull\u00f3n\",\"Jerson Lizardo P\u00e9rez\",\"Ministerio P\u00fablico\",\"PEPCA\"],\"articleSection\":[\"Nacionales\"],\"inLanguage\":\"es\",\"potentialAction\":[{\"@type\":\"CommentAction\",\"name\":\"Comment\",\"target\":[\"https:\/\/blgnoticiassantodomingo.net\/index.php\/2023\/11\/17\/ministerio-publico-obtiene-condenas-en-caso-de-corrupcion-contra-exalcalde-y-exencargado-de-nomina-de-la-alcaldia-de-san-francisco-de-macoris\/#respond\"]}]},{\"@type\":\"WebPage\",\"@id\":\"https:\/\/blgnoticiassantodomingo.net\/index.php\/2023\/11\/17\/ministerio-publico-obtiene-condenas-en-caso-de-corrupcion-contra-exalcalde-y-exencargado-de-nomina-de-la-alcaldia-de-san-francisco-de-macoris\/\",\"url\":\"https:\/\/blgnoticiassantodomingo.net\/index.php\/2023\/11\/17\/ministerio-publico-obtiene-condenas-en-caso-de-corrupcion-contra-exalcalde-y-exencargado-de-nomina-de-la-alcaldia-de-san-francisco-de-macoris\/\",\"name\":\"Ministerio P\u00fablico obtiene condenas en caso de corrupci\u00f3n contra exalcalde y exencargado de N\u00f3mina de la Alcald\u00eda de San Francisco de Macor\u00eds - BLG Noticias\",\"isPartOf\":{\"@id\":\"https:\/\/blgnoticiassantodomingo.net\/#website\"},\"primaryImageOfPage\":{\"@id\":\"https:\/\/blgnoticiassantodomingo.net\/index.php\/2023\/11\/17\/ministerio-publico-obtiene-condenas-en-caso-de-corrupcion-contra-exalcalde-y-exencargado-de-nomina-de-la-alcaldia-de-san-francisco-de-macoris\/#primaryimage\"},\"image\":{\"@id\":\"https:\/\/blgnoticiassantodomingo.net\/index.php\/2023\/11\/17\/ministerio-publico-obtiene-condenas-en-caso-de-corrupcion-contra-exalcalde-y-exencargado-de-nomina-de-la-alcaldia-de-san-francisco-de-macoris\/#primaryimage\"},\"thumbnailUrl\":\"https:\/\/blgnoticiassantodomingo.net\/wp-content\/uploads\/2023\/11\/Edificio-PGR-1.jpg\",\"datePublished\":\"2023-11-17T14:04:09+00:00\",\"dateModified\":\"2023-11-17T14:04:13+00:00\",\"breadcrumb\":{\"@id\":\"https:\/\/blgnoticiassantodomingo.net\/index.php\/2023\/11\/17\/ministerio-publico-obtiene-condenas-en-caso-de-corrupcion-contra-exalcalde-y-exencargado-de-nomina-de-la-alcaldia-de-san-francisco-de-macoris\/#breadcrumb\"},\"inLanguage\":\"es\",\"potentialAction\":[{\"@type\":\"ReadAction\",\"target\":[\"https:\/\/blgnoticiassantodomingo.net\/index.php\/2023\/11\/17\/ministerio-publico-obtiene-condenas-en-caso-de-corrupcion-contra-exalcalde-y-exencargado-de-nomina-de-la-alcaldia-de-san-francisco-de-macoris\/\"]}]},{\"@type\":\"ImageObject\",\"inLanguage\":\"es\",\"@id\":\"https:\/\/blgnoticiassantodomingo.net\/index.php\/2023\/11\/17\/ministerio-publico-obtiene-condenas-en-caso-de-corrupcion-contra-exalcalde-y-exencargado-de-nomina-de-la-alcaldia-de-san-francisco-de-macoris\/#primaryimage\",\"url\":\"https:\/\/blgnoticiassantodomingo.net\/wp-content\/uploads\/2023\/11\/Edificio-PGR-1.jpg\",\"contentUrl\":\"https:\/\/blgnoticiassantodomingo.net\/wp-content\/uploads\/2023\/11\/Edificio-PGR-1.jpg\",\"width\":1200,\"height\":650},{\"@type\":\"BreadcrumbList\",\"@id\":\"https:\/\/blgnoticiassantodomingo.net\/index.php\/2023\/11\/17\/ministerio-publico-obtiene-condenas-en-caso-de-corrupcion-contra-exalcalde-y-exencargado-de-nomina-de-la-alcaldia-de-san-francisco-de-macoris\/#breadcrumb\",\"itemListElement\":[{\"@type\":\"ListItem\",\"position\":1,\"name\":\"Portada\",\"item\":\"https:\/\/blgnoticiassantodomingo.net\/\"},{\"@type\":\"ListItem\",\"position\":2,\"name\":\"Ministerio P\u00fablico obtiene condenas en caso de corrupci\u00f3n contra exalcalde y exencargado de N\u00f3mina de la Alcald\u00eda de San Francisco de Macor\u00eds\"}]},{\"@type\":\"WebSite\",\"@id\":\"https:\/\/blgnoticiassantodomingo.net\/#website\",\"url\":\"https:\/\/blgnoticiassantodomingo.net\/\",\"name\":\"BLG Noticias\",\"description\":\"Esto es Noticias\",\"publisher\":{\"@id\":\"https:\/\/blgnoticiassantodomingo.net\/#organization\"},\"potentialAction\":[{\"@type\":\"SearchAction\",\"target\":{\"@type\":\"EntryPoint\",\"urlTemplate\":\"https:\/\/blgnoticiassantodomingo.net\/?s={search_term_string}\"},\"query-input\":{\"@type\":\"PropertyValueSpecification\",\"valueRequired\":true,\"valueName\":\"search_term_string\"}}],\"inLanguage\":\"es\"},{\"@type\":\"Organization\",\"@id\":\"https:\/\/blgnoticiassantodomingo.net\/#organization\",\"name\":\"BLG Noticias\",\"url\":\"https:\/\/blgnoticiassantodomingo.net\/\",\"logo\":{\"@type\":\"ImageObject\",\"inLanguage\":\"es\",\"@id\":\"https:\/\/blgnoticiassantodomingo.net\/#\/schema\/logo\/image\/\",\"url\":\"https:\/\/blgnoticiassantodomingo.net\/wp-content\/uploads\/2023\/12\/Diseno-sin-titulo-3.jpg\",\"contentUrl\":\"https:\/\/blgnoticiassantodomingo.net\/wp-content\/uploads\/2023\/12\/Diseno-sin-titulo-3.jpg\",\"width\":500,\"height\":500,\"caption\":\"BLG Noticias\"},\"image\":{\"@id\":\"https:\/\/blgnoticiassantodomingo.net\/#\/schema\/logo\/image\/\"},\"sameAs\":[\"https:\/\/web.facebook.com\/BlgNoticias\/?locale=es_LA&_rdc=1&_rdr\",\"https:\/\/x.com\/BlgNoticias\",\"https:\/\/www.linkedin.com\/in\/brenda-l-santana-aa846279\/\"]},{\"@type\":\"Person\",\"@id\":\"https:\/\/blgnoticiassantodomingo.net\/#\/schema\/person\/e2fc21cf88acc63dbd134be981bff374\",\"name\":\"Brenda Guerrero\",\"image\":{\"@type\":\"ImageObject\",\"inLanguage\":\"es\",\"@id\":\"https:\/\/blgnoticiassantodomingo.net\/#\/schema\/person\/image\/\",\"url\":\"https:\/\/secure.gravatar.com\/avatar\/2f7fc4c3e3655be1580cb684bfd8ab19be702ae20879da1e072021daa02f9b8b?s=96&d=wp_user_avatar&r=g\",\"contentUrl\":\"https:\/\/secure.gravatar.com\/avatar\/2f7fc4c3e3655be1580cb684bfd8ab19be702ae20879da1e072021daa02f9b8b?s=96&d=wp_user_avatar&r=g\",\"caption\":\"Brenda Guerrero\"},\"description\":\"Periodista\",\"url\":\"https:\/\/blgnoticiassantodomingo.net\/index.php\/author\/brenda-guerrero\/\"}]}<\/script>\n<!-- \/ Yoast SEO plugin. -->","yoast_head_json":{"title":"Ministerio P\u00fablico obtiene condenas en caso de corrupci\u00f3n contra exalcalde y exencargado de N\u00f3mina de la Alcald\u00eda de San Francisco de Macor\u00eds - BLG Noticias","robots":{"index":"index","follow":"follow","max-snippet":"max-snippet:-1","max-image-preview":"max-image-preview:large","max-video-preview":"max-video-preview:-1"},"canonical":"https:\/\/blgnoticiassantodomingo.net\/index.php\/2023\/11\/17\/ministerio-publico-obtiene-condenas-en-caso-de-corrupcion-contra-exalcalde-y-exencargado-de-nomina-de-la-alcaldia-de-san-francisco-de-macoris\/","og_locale":"es_ES","og_type":"article","og_title":"Ministerio P\u00fablico obtiene condenas en caso de corrupci\u00f3n contra exalcalde y exencargado de N\u00f3mina de la Alcald\u00eda de San Francisco de Macor\u00eds - BLG Noticias","og_description":"Esta es la segunda condena en contra de ambos funcionarios, luego de que la Corte de Apelaci\u00f3n de Santo Domingo Este ordenara la celebraci\u00f3n de un nuevo juicioSANTO DOMINGO (Rep\u00fablica Dominicana).- El Segundo Tribunal Colegiado de Santo Domingo Este conden\u00f3 al exacalde y al exencargado de N\u00f3mina de la Alcald\u00eda de San Francisco de Macor\u00eds, [&hellip;]","og_url":"https:\/\/blgnoticiassantodomingo.net\/index.php\/2023\/11\/17\/ministerio-publico-obtiene-condenas-en-caso-de-corrupcion-contra-exalcalde-y-exencargado-de-nomina-de-la-alcaldia-de-san-francisco-de-macoris\/","og_site_name":"BLG Noticias","article_publisher":"https:\/\/web.facebook.com\/BlgNoticias\/?locale=es_LA&_rdc=1&_rdr","article_published_time":"2023-11-17T14:04:09+00:00","article_modified_time":"2023-11-17T14:04:13+00:00","og_image":[{"width":1200,"height":650,"url":"https:\/\/blgnoticiassantodomingo.net\/wp-content\/uploads\/2023\/11\/Edificio-PGR-1.jpg","type":"image\/jpeg"}],"author":"Brenda Guerrero","twitter_card":"summary_large_image","twitter_creator":"@BlgNoticias","twitter_site":"@BlgNoticias","twitter_misc":{"Escrito por":"Brenda Guerrero","Tiempo de lectura":"2 minutos"},"schema":{"@context":"https:\/\/schema.org","@graph":[{"@type":"Article","@id":"https:\/\/blgnoticiassantodomingo.net\/index.php\/2023\/11\/17\/ministerio-publico-obtiene-condenas-en-caso-de-corrupcion-contra-exalcalde-y-exencargado-de-nomina-de-la-alcaldia-de-san-francisco-de-macoris\/#article","isPartOf":{"@id":"https:\/\/blgnoticiassantodomingo.net\/index.php\/2023\/11\/17\/ministerio-publico-obtiene-condenas-en-caso-de-corrupcion-contra-exalcalde-y-exencargado-de-nomina-de-la-alcaldia-de-san-francisco-de-macoris\/"},"author":{"name":"Brenda Guerrero","@id":"https:\/\/blgnoticiassantodomingo.net\/#\/schema\/person\/e2fc21cf88acc63dbd134be981bff374"},"headline":"Ministerio P\u00fablico obtiene condenas en caso de corrupci\u00f3n contra exalcalde y exencargado de N\u00f3mina de la Alcald\u00eda de San Francisco de Macor\u00eds","datePublished":"2023-11-17T14:04:09+00:00","dateModified":"2023-11-17T14:04:13+00:00","mainEntityOfPage":{"@id":"https:\/\/blgnoticiassantodomingo.net\/index.php\/2023\/11\/17\/ministerio-publico-obtiene-condenas-en-caso-de-corrupcion-contra-exalcalde-y-exencargado-de-nomina-de-la-alcaldia-de-san-francisco-de-macoris\/"},"wordCount":308,"commentCount":0,"publisher":{"@id":"https:\/\/blgnoticiassantodomingo.net\/#organization"},"image":{"@id":"https:\/\/blgnoticiassantodomingo.net\/index.php\/2023\/11\/17\/ministerio-publico-obtiene-condenas-en-caso-de-corrupcion-contra-exalcalde-y-exencargado-de-nomina-de-la-alcaldia-de-san-francisco-de-macoris\/#primaryimage"},"thumbnailUrl":"https:\/\/blgnoticiassantodomingo.net\/wp-content\/uploads\/2023\/11\/Edificio-PGR-1.jpg","keywords":["Alcald\u00eda de San Francisco de Macor\u00eds","F\u00e9lix Manuel Rodr\u00edguez Grull\u00f3n","Jerson Lizardo P\u00e9rez","Ministerio P\u00fablico","PEPCA"],"articleSection":["Nacionales"],"inLanguage":"es","potentialAction":[{"@type":"CommentAction","name":"Comment","target":["https:\/\/blgnoticiassantodomingo.net\/index.php\/2023\/11\/17\/ministerio-publico-obtiene-condenas-en-caso-de-corrupcion-contra-exalcalde-y-exencargado-de-nomina-de-la-alcaldia-de-san-francisco-de-macoris\/#respond"]}]},{"@type":"WebPage","@id":"https:\/\/blgnoticiassantodomingo.net\/index.php\/2023\/11\/17\/ministerio-publico-obtiene-condenas-en-caso-de-corrupcion-contra-exalcalde-y-exencargado-de-nomina-de-la-alcaldia-de-san-francisco-de-macoris\/","url":"https:\/\/blgnoticiassantodomingo.net\/index.php\/2023\/11\/17\/ministerio-publico-obtiene-condenas-en-caso-de-corrupcion-contra-exalcalde-y-exencargado-de-nomina-de-la-alcaldia-de-san-francisco-de-macoris\/","name":"Ministerio P\u00fablico obtiene condenas en caso de corrupci\u00f3n contra exalcalde y exencargado de N\u00f3mina de la Alcald\u00eda de San Francisco de Macor\u00eds - BLG Noticias","isPartOf":{"@id":"https:\/\/blgnoticiassantodomingo.net\/#website"},"primaryImageOfPage":{"@id":"https:\/\/blgnoticiassantodomingo.net\/index.php\/2023\/11\/17\/ministerio-publico-obtiene-condenas-en-caso-de-corrupcion-contra-exalcalde-y-exencargado-de-nomina-de-la-alcaldia-de-san-francisco-de-macoris\/#primaryimage"},"image":{"@id":"https:\/\/blgnoticiassantodomingo.net\/index.php\/2023\/11\/17\/ministerio-publico-obtiene-condenas-en-caso-de-corrupcion-contra-exalcalde-y-exencargado-de-nomina-de-la-alcaldia-de-san-francisco-de-macoris\/#primaryimage"},"thumbnailUrl":"https:\/\/blgnoticiassantodomingo.net\/wp-content\/uploads\/2023\/11\/Edificio-PGR-1.jpg","datePublished":"2023-11-17T14:04:09+00:00","dateModified":"2023-11-17T14:04:13+00:00","breadcrumb":{"@id":"https:\/\/blgnoticiassantodomingo.net\/index.php\/2023\/11\/17\/ministerio-publico-obtiene-condenas-en-caso-de-corrupcion-contra-exalcalde-y-exencargado-de-nomina-de-la-alcaldia-de-san-francisco-de-macoris\/#breadcrumb"},"inLanguage":"es","potentialAction":[{"@type":"ReadAction","target":["https:\/\/blgnoticiassantodomingo.net\/index.php\/2023\/11\/17\/ministerio-publico-obtiene-condenas-en-caso-de-corrupcion-contra-exalcalde-y-exencargado-de-nomina-de-la-alcaldia-de-san-francisco-de-macoris\/"]}]},{"@type":"ImageObject","inLanguage":"es","@id":"https:\/\/blgnoticiassantodomingo.net\/index.php\/2023\/11\/17\/ministerio-publico-obtiene-condenas-en-caso-de-corrupcion-contra-exalcalde-y-exencargado-de-nomina-de-la-alcaldia-de-san-francisco-de-macoris\/#primaryimage","url":"https:\/\/blgnoticiassantodomingo.net\/wp-content\/uploads\/2023\/11\/Edificio-PGR-1.jpg","contentUrl":"https:\/\/blgnoticiassantodomingo.net\/wp-content\/uploads\/2023\/11\/Edificio-PGR-1.jpg","width":1200,"height":650},{"@type":"BreadcrumbList","@id":"https:\/\/blgnoticiassantodomingo.net\/index.php\/2023\/11\/17\/ministerio-publico-obtiene-condenas-en-caso-de-corrupcion-contra-exalcalde-y-exencargado-de-nomina-de-la-alcaldia-de-san-francisco-de-macoris\/#breadcrumb","itemListElement":[{"@type":"ListItem","position":1,"name":"Portada","item":"https:\/\/blgnoticiassantodomingo.net\/"},{"@type":"ListItem","position":2,"name":"Ministerio P\u00fablico obtiene condenas en caso de corrupci\u00f3n contra exalcalde y exencargado de N\u00f3mina de la Alcald\u00eda de San Francisco de Macor\u00eds"}]},{"@type":"WebSite","@id":"https:\/\/blgnoticiassantodomingo.net\/#website","url":"https:\/\/blgnoticiassantodomingo.net\/","name":"BLG Noticias","description":"Esto es Noticias","publisher":{"@id":"https:\/\/blgnoticiassantodomingo.net\/#organization"},"potentialAction":[{"@type":"SearchAction","target":{"@type":"EntryPoint","urlTemplate":"https:\/\/blgnoticiassantodomingo.net\/?s={search_term_string}"},"query-input":{"@type":"PropertyValueSpecification","valueRequired":true,"valueName":"search_term_string"}}],"inLanguage":"es"},{"@type":"Organization","@id":"https:\/\/blgnoticiassantodomingo.net\/#organization","name":"BLG Noticias","url":"https:\/\/blgnoticiassantodomingo.net\/","logo":{"@type":"ImageObject","inLanguage":"es","@id":"https:\/\/blgnoticiassantodomingo.net\/#\/schema\/logo\/image\/","url":"https:\/\/blgnoticiassantodomingo.net\/wp-content\/uploads\/2023\/12\/Diseno-sin-titulo-3.jpg","contentUrl":"https:\/\/blgnoticiassantodomingo.net\/wp-content\/uploads\/2023\/12\/Diseno-sin-titulo-3.jpg","width":500,"height":500,"caption":"BLG Noticias"},"image":{"@id":"https:\/\/blgnoticiassantodomingo.net\/#\/schema\/logo\/image\/"},"sameAs":["https:\/\/web.facebook.com\/BlgNoticias\/?locale=es_LA&_rdc=1&_rdr","https:\/\/x.com\/BlgNoticias","https:\/\/www.linkedin.com\/in\/brenda-l-santana-aa846279\/"]},{"@type":"Person","@id":"https:\/\/blgnoticiassantodomingo.net\/#\/schema\/person\/e2fc21cf88acc63dbd134be981bff374","name":"Brenda Guerrero","image":{"@type":"ImageObject","inLanguage":"es","@id":"https:\/\/blgnoticiassantodomingo.net\/#\/schema\/person\/image\/","url":"https:\/\/secure.gravatar.com\/avatar\/2f7fc4c3e3655be1580cb684bfd8ab19be702ae20879da1e072021daa02f9b8b?s=96&d=wp_user_avatar&r=g","contentUrl":"https:\/\/secure.gravatar.com\/avatar\/2f7fc4c3e3655be1580cb684bfd8ab19be702ae20879da1e072021daa02f9b8b?s=96&d=wp_user_avatar&r=g","caption":"Brenda Guerrero"},"description":"Periodista","url":"https:\/\/blgnoticiassantodomingo.net\/index.php\/author\/brenda-guerrero\/"}]}},"jetpack_featured_media_url":"https:\/\/blgnoticiassantodomingo.net\/wp-content\/uploads\/2023\/11\/Edificio-PGR-1.jpg","_links":{"self":[{"href":"https:\/\/blgnoticiassantodomingo.net\/index.php\/wp-json\/wp\/v2\/posts\/37262","targetHints":{"allow":["GET"]}}],"collection":[{"href":"https:\/\/blgnoticiassantodomingo.net\/index.php\/wp-json\/wp\/v2\/posts"}],"about":[{"href":"https:\/\/blgnoticiassantodomingo.net\/index.php\/wp-json\/wp\/v2\/types\/post"}],"author":[{"embeddable":true,"href":"https:\/\/blgnoticiassantodomingo.net\/index.php\/wp-json\/wp\/v2\/users\/2"}],"replies":[{"embeddable":true,"href":"https:\/\/blgnoticiassantodomingo.net\/index.php\/wp-json\/wp\/v2\/comments?post=37262"}],"version-history":[{"count":1,"href":"https:\/\/blgnoticiassantodomingo.net\/index.php\/wp-json\/wp\/v2\/posts\/37262\/revisions"}],"predecessor-version":[{"id":37263,"href":"https:\/\/blgnoticiassantodomingo.net\/index.php\/wp-json\/wp\/v2\/posts\/37262\/revisions\/37263"}],"wp:featuredmedia":[{"embeddable":true,"href":"https:\/\/blgnoticiassantodomingo.net\/index.php\/wp-json\/wp\/v2\/media\/37258"}],"wp:attachment":[{"href":"https:\/\/blgnoticiassantodomingo.net\/index.php\/wp-json\/wp\/v2\/media?parent=37262"}],"wp:term":[{"taxonomy":"category","embeddable":true,"href":"https:\/\/blgnoticiassantodomingo.net\/index.php\/wp-json\/wp\/v2\/categories?post=37262"},{"taxonomy":"post_tag","embeddable":true,"href":"https:\/\/blgnoticiassantodomingo.net\/index.php\/wp-json\/wp\/v2\/tags?post=37262"}],"curies":[{"name":"wp","href":"https:\/\/api.w.org\/{rel}","templated":true}]}}