{"id":37224,"date":"2023-11-14T10:34:34","date_gmt":"2023-11-14T14:34:34","guid":{"rendered":"https:\/\/blgnoticiassantodomingo.net\/?p=37224"},"modified":"2023-11-14T10:34:46","modified_gmt":"2023-11-14T14:34:46","slug":"mexico-miles-piden-justicia-tras-muerte-de-lider-de-la-comunidad-lgbtq","status":"publish","type":"post","link":"https:\/\/blgnoticiassantodomingo.net\/index.php\/2023\/11\/14\/mexico-miles-piden-justicia-tras-muerte-de-lider-de-la-comunidad-lgbtq\/","title":{"rendered":"M\u00e9xico: Miles piden justicia tras muerte de l\u00edder de la comunidad LGBTQ"},"content":{"rendered":"\n<p>BY\u00a0MEGAN JANETSKY<\/p>\n\n\n\n<p>CIUDAD DE M\u00c9XICO (AP) \u2014 Miles de personas se manifestaron el lunes por la noche en la capital de M\u00e9xico para exigir justicia para Jes\u00fas Ociel Baena, una influyente figura LGBTQ+ que pareci\u00f3 muerta en su casa en la ciudad de Aguascalientes, en el centro del pa\u00eds, tras recibir amenazas de muerte.<\/p>\n\n\n\n<p>Baena fue la primera persona abiertamente no binaria en asumir un cargo judicial en M\u00e9xico, en el Tribunal Electoral estatal de Aguascalientes, y rompi\u00f3 otras barreras en un pa\u00eds donde los miembros de la comunidad LGBTQ+ son a menudo objeto de violencia.<\/p>\n\n\n\n<p>La fiscal\u00eda general estatal confirm\u00f3 que Baena fue encontrado muerto el lunes por la ma\u00f1ana junto a otra persona, a la que la prensa local y grupos defensores de la comunidad LGBTQ+ identificaron como su pareja, Dorian Herrera.<\/p>\n\n\n\n<p>El fiscal estatal Jes\u00fas Figueroa Ortega dijo en una conferencia de prensa que las v\u00edctimas presentaban heridas aparentemente causadas por un cuchillo o alg\u00fan otro objeto afilado.<\/p>\n\n\n\n<p><strong><em>\u201cNo hay huellas ni indicios para poder determinar que una tercera persona diferente a los fallecidos estuviera en el lugar del crimen\u201d, declar\u00f3.<\/em><\/strong><\/p>\n\n\n\n<p>La sugerencia del suicidio como una posible hip\u00f3tesis en las muertes desat\u00f3 r\u00e1pidamente la indignaci\u00f3n y los grupos LGBTQ+ apuntaron que se trataba de otro intento de las autoridades de ocultar la violencia contra la comunidad. Personas que conoc\u00edan a Baena dijeron que en las \u00faltimas semanas se mostraba alegre y hablaba con pasi\u00f3n sobre el futuro.<\/p>\n\n\n\n<p>La secretaria de Seguridad y Protecci\u00f3n Ciudadana del pa\u00eds, Rosa Icela Rodr\u00edguez, se\u00f1al\u00f3 en conferencia de prensa que las autoridades investigaban los hechos y a\u00fan se desconoc\u00eda \u201csi se trata de un homicidio o fue un accidente\u201d. Algunas investigaciones de homicidios en M\u00e9xico han sido minimizadas r\u00e1pidamente por las autoridades, que las han calificado como cr\u00edmenes pasionales.<\/p>\n\n\n\n<p>Alejandro Brito \u2014 director del grupo Letra S, que defiende los derechos de la comunidad LGBTQ+ \u2014 dijo que la presencia de Baena en redes sociales lo convirti\u00f3 en un blanco, e hizo un llamado a las autoridades para que tomen en consideraci\u00f3n ese contexto durante su investigaci\u00f3n.<\/p>\n\n\n\n<p>\u201cFue una persona que recibi\u00f3 muchos mensajes de odio, de amenazas de violencia, hasta de muerte. Entonces, es imposible investigar estos hechos violentos sin tomar en cuenta el contexto\u201d, dijo Brito. \u201cElle, magistrade, estaba rompiendo ese c\u00edrculo de invisibilidad en que estaba encerrada esta comunidad\u201d.<\/p>\n\n\n\n<p>Miles de personas se reunieron en el coraz\u00f3n de la Ciudad de M\u00e9xico y encendieron velas sobre im\u00e1genes de Baena y de otras v\u00edctimas de la violencia contra las personas LGBTQ+. Gritaron frases como \u201cJusticia\u201d y \u201cNo nos quedaremos callados\u201d, y exigieron una investigaci\u00f3n exhaustiva de los decesos.<\/p>\n\n\n\n<p>Baena hizo historia en octubre de 2022 al asumir el cargo de magistrade del tribunal electoral del estado de Aguascalientes. Se cree que fue la primera persona no binaria en Latinoam\u00e9rica en asumir un cargo judicial. Baena rompi\u00f3 otra barrera en junio pasado, cuando form\u00f3 parte de un peque\u00f1o grupo de personas en recibir los primeros pasaportes no binarios emitidos en M\u00e9xico.<\/p>\n\n\n\n<p>Baena publicaba con cierta regularidad fotograf\u00edas en las que aparec\u00eda con falda, zapatos de tac\u00f3n alto o con un abanico con los colores del arco\u00edris dentro de las oficinas del tribunal, adem\u00e1s de realizar labores de activismo en redes sociales, donde ten\u00eda cientos de miles de seguidores.<\/p>\n\n\n\n<p>\u201cSoy persona no binaria, no me interesa verme mujer ni tampoco hombre, esa es una identidad, es m\u00eda y para m\u00ed, para nadie m\u00e1s\u201d, escribi\u00f3 Baena en la plataforma X, anteriormente conocida como Twitter, en junio pasado. \u201cSoporten\u201d.<\/p>\n\n\n\n<p>El mes pasado, Baena recibi\u00f3 un certificado del tribunal electoral en el que se le reconoc\u00eda con el pronombre de g\u00e9nero neutro \u201cmaestre\u201d, un importante paso en el idioma espa\u00f1ol, que tradicionalmente tiene pronombres masculinos y femeninos.<\/p>\n\n\n\n<p>Aunque Brito dijo que M\u00e9xico hab\u00eda dado pasos importantes para reducir los niveles de violencia contra la comunidad LGBTQ+ en las \u00faltimas d\u00e9cadas, su grupo registr\u00f3 un repunte de actos violentos en 2019, documentando al menos 117 asesinatos de lesbianas, homosexuales, bisexuales o personas transg\u00e9nero en el pa\u00eds. Muchos de ellos fueron homicidios grotescos, incluidos apu\u00f1alamientos y asesinatos en p\u00fablico.<\/p>\n\n\n\n<p>El Observatorio Nacional de Cr\u00edmenes de Odio contra personas LGBT registr\u00f3 305 cr\u00edmenes violentos de odio contra minor\u00edas sexuales entre 2019 y 2022, incluyendo asesinatos y desapariciones, entre otros.<\/p>\n\n\n\n<p>Brito dijo que le preocupaba que la muerte de Baena pueda provocar m\u00e1s violencia contra la comunidad LGBTQ+.<\/p>\n\n\n\n<p>\u201cSi se trat\u00f3 de un crimen motivado por el prejuicio, ese tipo de cr\u00edmenes siempre tienen la intenci\u00f3n de lanzar un mensaje a las comunidades a las que pertenec\u00edan las v\u00edctimas. Siempre\u201d, dijo Brito. \u201cY el mensaje es de intimidaci\u00f3n. Para decir: miren lo que les puede pasar si se hacen p\u00fablicas sus identidades\u201d.<\/p>\n","protected":false},"excerpt":{"rendered":"<p>BY\u00a0MEGAN JANETSKY CIUDAD DE M\u00c9XICO (AP) \u2014 Miles de personas se manifestaron el lunes por la noche en la capital de M\u00e9xico para exigir justicia para Jes\u00fas Ociel Baena, una influyente figura LGBTQ+ que pareci\u00f3 muerta en su casa en la ciudad de Aguascalientes, en el centro del pa\u00eds, tras recibir amenazas de muerte. Baena [&hellip;]<\/p>\n","protected":false},"author":2,"featured_media":37225,"comment_status":"open","ping_status":"open","sticky":true,"template":"","format":"standard","meta":{"footnotes":""},"categories":[221],"tags":[8791,8790,8789,2695,8792],"class_list":{"0":"post-37224","1":"post","2":"type-post","3":"status-publish","4":"format-standard","5":"has-post-thumbnail","7":"category-internacionales","8":"tag-aguascalientes","9":"tag-jesus-ociel-baena","10":"tag-lgbtq-2","11":"tag-mexico-2","12":"tag-tribunal-electoral-estatal"},"yoast_head":"<!-- This site is optimized with the Yoast SEO plugin v24.9 - https:\/\/yoast.com\/wordpress\/plugins\/seo\/ -->\n<title>M\u00e9xico: Miles piden justicia tras muerte de l\u00edder de la comunidad LGBTQ - BLG Noticias<\/title>\n<meta name=\"robots\" content=\"index, follow, max-snippet:-1, max-image-preview:large, max-video-preview:-1\" \/>\n<link rel=\"canonical\" href=\"https:\/\/blgnoticiassantodomingo.net\/index.php\/2023\/11\/14\/mexico-miles-piden-justicia-tras-muerte-de-lider-de-la-comunidad-lgbtq\/\" \/>\n<meta property=\"og:locale\" content=\"es_ES\" \/>\n<meta property=\"og:type\" content=\"article\" \/>\n<meta property=\"og:title\" content=\"M\u00e9xico: Miles piden justicia tras muerte de l\u00edder de la comunidad LGBTQ - BLG Noticias\" \/>\n<meta property=\"og:description\" content=\"BY\u00a0MEGAN JANETSKY CIUDAD DE M\u00c9XICO (AP) \u2014 Miles de personas se manifestaron el lunes por la noche en la capital de M\u00e9xico para exigir justicia para Jes\u00fas Ociel Baena, una influyente figura LGBTQ+ que pareci\u00f3 muerta en su casa en la ciudad de Aguascalientes, en el centro del pa\u00eds, tras recibir amenazas de muerte. Baena [&hellip;]\" \/>\n<meta property=\"og:url\" content=\"https:\/\/blgnoticiassantodomingo.net\/index.php\/2023\/11\/14\/mexico-miles-piden-justicia-tras-muerte-de-lider-de-la-comunidad-lgbtq\/\" \/>\n<meta property=\"og:site_name\" content=\"BLG Noticias\" \/>\n<meta property=\"article:publisher\" content=\"https:\/\/web.facebook.com\/BlgNoticias\/?locale=es_LA&amp;_rdc=1&amp;_rdr\" \/>\n<meta property=\"article:published_time\" content=\"2023-11-14T14:34:34+00:00\" \/>\n<meta property=\"article:modified_time\" content=\"2023-11-14T14:34:46+00:00\" \/>\n<meta property=\"og:image\" content=\"https:\/\/blgnoticiassantodomingo.net\/wp-content\/uploads\/2023\/11\/descarga-1.webp\" \/>\n\t<meta property=\"og:image:width\" content=\"1440\" \/>\n\t<meta property=\"og:image:height\" content=\"960\" \/>\n\t<meta property=\"og:image:type\" content=\"image\/webp\" \/>\n<meta name=\"author\" content=\"Brenda Guerrero\" \/>\n<meta name=\"twitter:card\" content=\"summary_large_image\" \/>\n<meta name=\"twitter:creator\" content=\"@BlgNoticias\" \/>\n<meta name=\"twitter:site\" content=\"@BlgNoticias\" \/>\n<meta name=\"twitter:label1\" content=\"Escrito por\" \/>\n\t<meta name=\"twitter:data1\" content=\"Brenda Guerrero\" \/>\n\t<meta name=\"twitter:label2\" content=\"Tiempo de lectura\" \/>\n\t<meta name=\"twitter:data2\" content=\"4 minutos\" \/>\n<script type=\"application\/ld+json\" class=\"yoast-schema-graph\">{\"@context\":\"https:\/\/schema.org\",\"@graph\":[{\"@type\":\"Article\",\"@id\":\"https:\/\/blgnoticiassantodomingo.net\/index.php\/2023\/11\/14\/mexico-miles-piden-justicia-tras-muerte-de-lider-de-la-comunidad-lgbtq\/#article\",\"isPartOf\":{\"@id\":\"https:\/\/blgnoticiassantodomingo.net\/index.php\/2023\/11\/14\/mexico-miles-piden-justicia-tras-muerte-de-lider-de-la-comunidad-lgbtq\/\"},\"author\":{\"name\":\"Brenda Guerrero\",\"@id\":\"https:\/\/blgnoticiassantodomingo.net\/#\/schema\/person\/e2fc21cf88acc63dbd134be981bff374\"},\"headline\":\"M\u00e9xico: Miles piden justicia tras muerte de l\u00edder de la comunidad LGBTQ\",\"datePublished\":\"2023-11-14T14:34:34+00:00\",\"dateModified\":\"2023-11-14T14:34:46+00:00\",\"mainEntityOfPage\":{\"@id\":\"https:\/\/blgnoticiassantodomingo.net\/index.php\/2023\/11\/14\/mexico-miles-piden-justicia-tras-muerte-de-lider-de-la-comunidad-lgbtq\/\"},\"wordCount\":854,\"commentCount\":0,\"publisher\":{\"@id\":\"https:\/\/blgnoticiassantodomingo.net\/#organization\"},\"image\":{\"@id\":\"https:\/\/blgnoticiassantodomingo.net\/index.php\/2023\/11\/14\/mexico-miles-piden-justicia-tras-muerte-de-lider-de-la-comunidad-lgbtq\/#primaryimage\"},\"thumbnailUrl\":\"https:\/\/blgnoticiassantodomingo.net\/wp-content\/uploads\/2023\/11\/descarga-1.webp\",\"keywords\":[\"Aguascalientes\",\"Jes\u00fas Ociel Baena\",\"LGBTQ\",\"M\u00e9xico\",\"Tribunal Electoral estatal\"],\"articleSection\":[\"Internacionales\"],\"inLanguage\":\"es\",\"potentialAction\":[{\"@type\":\"CommentAction\",\"name\":\"Comment\",\"target\":[\"https:\/\/blgnoticiassantodomingo.net\/index.php\/2023\/11\/14\/mexico-miles-piden-justicia-tras-muerte-de-lider-de-la-comunidad-lgbtq\/#respond\"]}]},{\"@type\":\"WebPage\",\"@id\":\"https:\/\/blgnoticiassantodomingo.net\/index.php\/2023\/11\/14\/mexico-miles-piden-justicia-tras-muerte-de-lider-de-la-comunidad-lgbtq\/\",\"url\":\"https:\/\/blgnoticiassantodomingo.net\/index.php\/2023\/11\/14\/mexico-miles-piden-justicia-tras-muerte-de-lider-de-la-comunidad-lgbtq\/\",\"name\":\"M\u00e9xico: Miles piden justicia tras muerte de l\u00edder de la comunidad LGBTQ - BLG Noticias\",\"isPartOf\":{\"@id\":\"https:\/\/blgnoticiassantodomingo.net\/#website\"},\"primaryImageOfPage\":{\"@id\":\"https:\/\/blgnoticiassantodomingo.net\/index.php\/2023\/11\/14\/mexico-miles-piden-justicia-tras-muerte-de-lider-de-la-comunidad-lgbtq\/#primaryimage\"},\"image\":{\"@id\":\"https:\/\/blgnoticiassantodomingo.net\/index.php\/2023\/11\/14\/mexico-miles-piden-justicia-tras-muerte-de-lider-de-la-comunidad-lgbtq\/#primaryimage\"},\"thumbnailUrl\":\"https:\/\/blgnoticiassantodomingo.net\/wp-content\/uploads\/2023\/11\/descarga-1.webp\",\"datePublished\":\"2023-11-14T14:34:34+00:00\",\"dateModified\":\"2023-11-14T14:34:46+00:00\",\"breadcrumb\":{\"@id\":\"https:\/\/blgnoticiassantodomingo.net\/index.php\/2023\/11\/14\/mexico-miles-piden-justicia-tras-muerte-de-lider-de-la-comunidad-lgbtq\/#breadcrumb\"},\"inLanguage\":\"es\",\"potentialAction\":[{\"@type\":\"ReadAction\",\"target\":[\"https:\/\/blgnoticiassantodomingo.net\/index.php\/2023\/11\/14\/mexico-miles-piden-justicia-tras-muerte-de-lider-de-la-comunidad-lgbtq\/\"]}]},{\"@type\":\"ImageObject\",\"inLanguage\":\"es\",\"@id\":\"https:\/\/blgnoticiassantodomingo.net\/index.php\/2023\/11\/14\/mexico-miles-piden-justicia-tras-muerte-de-lider-de-la-comunidad-lgbtq\/#primaryimage\",\"url\":\"https:\/\/blgnoticiassantodomingo.net\/wp-content\/uploads\/2023\/11\/descarga-1.webp\",\"contentUrl\":\"https:\/\/blgnoticiassantodomingo.net\/wp-content\/uploads\/2023\/11\/descarga-1.webp\",\"width\":1440,\"height\":960},{\"@type\":\"BreadcrumbList\",\"@id\":\"https:\/\/blgnoticiassantodomingo.net\/index.php\/2023\/11\/14\/mexico-miles-piden-justicia-tras-muerte-de-lider-de-la-comunidad-lgbtq\/#breadcrumb\",\"itemListElement\":[{\"@type\":\"ListItem\",\"position\":1,\"name\":\"Portada\",\"item\":\"https:\/\/blgnoticiassantodomingo.net\/\"},{\"@type\":\"ListItem\",\"position\":2,\"name\":\"M\u00e9xico: Miles piden justicia tras muerte de l\u00edder de la comunidad LGBTQ\"}]},{\"@type\":\"WebSite\",\"@id\":\"https:\/\/blgnoticiassantodomingo.net\/#website\",\"url\":\"https:\/\/blgnoticiassantodomingo.net\/\",\"name\":\"BLG Noticias\",\"description\":\"Esto es Noticias\",\"publisher\":{\"@id\":\"https:\/\/blgnoticiassantodomingo.net\/#organization\"},\"potentialAction\":[{\"@type\":\"SearchAction\",\"target\":{\"@type\":\"EntryPoint\",\"urlTemplate\":\"https:\/\/blgnoticiassantodomingo.net\/?s={search_term_string}\"},\"query-input\":{\"@type\":\"PropertyValueSpecification\",\"valueRequired\":true,\"valueName\":\"search_term_string\"}}],\"inLanguage\":\"es\"},{\"@type\":\"Organization\",\"@id\":\"https:\/\/blgnoticiassantodomingo.net\/#organization\",\"name\":\"BLG Noticias\",\"url\":\"https:\/\/blgnoticiassantodomingo.net\/\",\"logo\":{\"@type\":\"ImageObject\",\"inLanguage\":\"es\",\"@id\":\"https:\/\/blgnoticiassantodomingo.net\/#\/schema\/logo\/image\/\",\"url\":\"https:\/\/blgnoticiassantodomingo.net\/wp-content\/uploads\/2023\/12\/Diseno-sin-titulo-3.jpg\",\"contentUrl\":\"https:\/\/blgnoticiassantodomingo.net\/wp-content\/uploads\/2023\/12\/Diseno-sin-titulo-3.jpg\",\"width\":500,\"height\":500,\"caption\":\"BLG Noticias\"},\"image\":{\"@id\":\"https:\/\/blgnoticiassantodomingo.net\/#\/schema\/logo\/image\/\"},\"sameAs\":[\"https:\/\/web.facebook.com\/BlgNoticias\/?locale=es_LA&_rdc=1&_rdr\",\"https:\/\/x.com\/BlgNoticias\",\"https:\/\/www.linkedin.com\/in\/brenda-l-santana-aa846279\/\"]},{\"@type\":\"Person\",\"@id\":\"https:\/\/blgnoticiassantodomingo.net\/#\/schema\/person\/e2fc21cf88acc63dbd134be981bff374\",\"name\":\"Brenda Guerrero\",\"image\":{\"@type\":\"ImageObject\",\"inLanguage\":\"es\",\"@id\":\"https:\/\/blgnoticiassantodomingo.net\/#\/schema\/person\/image\/\",\"url\":\"https:\/\/secure.gravatar.com\/avatar\/2f7fc4c3e3655be1580cb684bfd8ab19be702ae20879da1e072021daa02f9b8b?s=96&d=wp_user_avatar&r=g\",\"contentUrl\":\"https:\/\/secure.gravatar.com\/avatar\/2f7fc4c3e3655be1580cb684bfd8ab19be702ae20879da1e072021daa02f9b8b?s=96&d=wp_user_avatar&r=g\",\"caption\":\"Brenda Guerrero\"},\"description\":\"Periodista\",\"url\":\"https:\/\/blgnoticiassantodomingo.net\/index.php\/author\/brenda-guerrero\/\"}]}<\/script>\n<!-- \/ Yoast SEO plugin. -->","yoast_head_json":{"title":"M\u00e9xico: Miles piden justicia tras muerte de l\u00edder de la comunidad LGBTQ - BLG Noticias","robots":{"index":"index","follow":"follow","max-snippet":"max-snippet:-1","max-image-preview":"max-image-preview:large","max-video-preview":"max-video-preview:-1"},"canonical":"https:\/\/blgnoticiassantodomingo.net\/index.php\/2023\/11\/14\/mexico-miles-piden-justicia-tras-muerte-de-lider-de-la-comunidad-lgbtq\/","og_locale":"es_ES","og_type":"article","og_title":"M\u00e9xico: Miles piden justicia tras muerte de l\u00edder de la comunidad LGBTQ - BLG Noticias","og_description":"BY\u00a0MEGAN JANETSKY CIUDAD DE M\u00c9XICO (AP) \u2014 Miles de personas se manifestaron el lunes por la noche en la capital de M\u00e9xico para exigir justicia para Jes\u00fas Ociel Baena, una influyente figura LGBTQ+ que pareci\u00f3 muerta en su casa en la ciudad de Aguascalientes, en el centro del pa\u00eds, tras recibir amenazas de muerte. Baena [&hellip;]","og_url":"https:\/\/blgnoticiassantodomingo.net\/index.php\/2023\/11\/14\/mexico-miles-piden-justicia-tras-muerte-de-lider-de-la-comunidad-lgbtq\/","og_site_name":"BLG Noticias","article_publisher":"https:\/\/web.facebook.com\/BlgNoticias\/?locale=es_LA&_rdc=1&_rdr","article_published_time":"2023-11-14T14:34:34+00:00","article_modified_time":"2023-11-14T14:34:46+00:00","og_image":[{"width":1440,"height":960,"url":"https:\/\/blgnoticiassantodomingo.net\/wp-content\/uploads\/2023\/11\/descarga-1.webp","type":"image\/webp"}],"author":"Brenda Guerrero","twitter_card":"summary_large_image","twitter_creator":"@BlgNoticias","twitter_site":"@BlgNoticias","twitter_misc":{"Escrito por":"Brenda Guerrero","Tiempo de lectura":"4 minutos"},"schema":{"@context":"https:\/\/schema.org","@graph":[{"@type":"Article","@id":"https:\/\/blgnoticiassantodomingo.net\/index.php\/2023\/11\/14\/mexico-miles-piden-justicia-tras-muerte-de-lider-de-la-comunidad-lgbtq\/#article","isPartOf":{"@id":"https:\/\/blgnoticiassantodomingo.net\/index.php\/2023\/11\/14\/mexico-miles-piden-justicia-tras-muerte-de-lider-de-la-comunidad-lgbtq\/"},"author":{"name":"Brenda Guerrero","@id":"https:\/\/blgnoticiassantodomingo.net\/#\/schema\/person\/e2fc21cf88acc63dbd134be981bff374"},"headline":"M\u00e9xico: Miles piden justicia tras muerte de l\u00edder de la comunidad LGBTQ","datePublished":"2023-11-14T14:34:34+00:00","dateModified":"2023-11-14T14:34:46+00:00","mainEntityOfPage":{"@id":"https:\/\/blgnoticiassantodomingo.net\/index.php\/2023\/11\/14\/mexico-miles-piden-justicia-tras-muerte-de-lider-de-la-comunidad-lgbtq\/"},"wordCount":854,"commentCount":0,"publisher":{"@id":"https:\/\/blgnoticiassantodomingo.net\/#organization"},"image":{"@id":"https:\/\/blgnoticiassantodomingo.net\/index.php\/2023\/11\/14\/mexico-miles-piden-justicia-tras-muerte-de-lider-de-la-comunidad-lgbtq\/#primaryimage"},"thumbnailUrl":"https:\/\/blgnoticiassantodomingo.net\/wp-content\/uploads\/2023\/11\/descarga-1.webp","keywords":["Aguascalientes","Jes\u00fas Ociel Baena","LGBTQ","M\u00e9xico","Tribunal Electoral estatal"],"articleSection":["Internacionales"],"inLanguage":"es","potentialAction":[{"@type":"CommentAction","name":"Comment","target":["https:\/\/blgnoticiassantodomingo.net\/index.php\/2023\/11\/14\/mexico-miles-piden-justicia-tras-muerte-de-lider-de-la-comunidad-lgbtq\/#respond"]}]},{"@type":"WebPage","@id":"https:\/\/blgnoticiassantodomingo.net\/index.php\/2023\/11\/14\/mexico-miles-piden-justicia-tras-muerte-de-lider-de-la-comunidad-lgbtq\/","url":"https:\/\/blgnoticiassantodomingo.net\/index.php\/2023\/11\/14\/mexico-miles-piden-justicia-tras-muerte-de-lider-de-la-comunidad-lgbtq\/","name":"M\u00e9xico: Miles piden justicia tras muerte de l\u00edder de la comunidad LGBTQ - BLG Noticias","isPartOf":{"@id":"https:\/\/blgnoticiassantodomingo.net\/#website"},"primaryImageOfPage":{"@id":"https:\/\/blgnoticiassantodomingo.net\/index.php\/2023\/11\/14\/mexico-miles-piden-justicia-tras-muerte-de-lider-de-la-comunidad-lgbtq\/#primaryimage"},"image":{"@id":"https:\/\/blgnoticiassantodomingo.net\/index.php\/2023\/11\/14\/mexico-miles-piden-justicia-tras-muerte-de-lider-de-la-comunidad-lgbtq\/#primaryimage"},"thumbnailUrl":"https:\/\/blgnoticiassantodomingo.net\/wp-content\/uploads\/2023\/11\/descarga-1.webp","datePublished":"2023-11-14T14:34:34+00:00","dateModified":"2023-11-14T14:34:46+00:00","breadcrumb":{"@id":"https:\/\/blgnoticiassantodomingo.net\/index.php\/2023\/11\/14\/mexico-miles-piden-justicia-tras-muerte-de-lider-de-la-comunidad-lgbtq\/#breadcrumb"},"inLanguage":"es","potentialAction":[{"@type":"ReadAction","target":["https:\/\/blgnoticiassantodomingo.net\/index.php\/2023\/11\/14\/mexico-miles-piden-justicia-tras-muerte-de-lider-de-la-comunidad-lgbtq\/"]}]},{"@type":"ImageObject","inLanguage":"es","@id":"https:\/\/blgnoticiassantodomingo.net\/index.php\/2023\/11\/14\/mexico-miles-piden-justicia-tras-muerte-de-lider-de-la-comunidad-lgbtq\/#primaryimage","url":"https:\/\/blgnoticiassantodomingo.net\/wp-content\/uploads\/2023\/11\/descarga-1.webp","contentUrl":"https:\/\/blgnoticiassantodomingo.net\/wp-content\/uploads\/2023\/11\/descarga-1.webp","width":1440,"height":960},{"@type":"BreadcrumbList","@id":"https:\/\/blgnoticiassantodomingo.net\/index.php\/2023\/11\/14\/mexico-miles-piden-justicia-tras-muerte-de-lider-de-la-comunidad-lgbtq\/#breadcrumb","itemListElement":[{"@type":"ListItem","position":1,"name":"Portada","item":"https:\/\/blgnoticiassantodomingo.net\/"},{"@type":"ListItem","position":2,"name":"M\u00e9xico: Miles piden justicia tras muerte de l\u00edder de la comunidad LGBTQ"}]},{"@type":"WebSite","@id":"https:\/\/blgnoticiassantodomingo.net\/#website","url":"https:\/\/blgnoticiassantodomingo.net\/","name":"BLG Noticias","description":"Esto es Noticias","publisher":{"@id":"https:\/\/blgnoticiassantodomingo.net\/#organization"},"potentialAction":[{"@type":"SearchAction","target":{"@type":"EntryPoint","urlTemplate":"https:\/\/blgnoticiassantodomingo.net\/?s={search_term_string}"},"query-input":{"@type":"PropertyValueSpecification","valueRequired":true,"valueName":"search_term_string"}}],"inLanguage":"es"},{"@type":"Organization","@id":"https:\/\/blgnoticiassantodomingo.net\/#organization","name":"BLG Noticias","url":"https:\/\/blgnoticiassantodomingo.net\/","logo":{"@type":"ImageObject","inLanguage":"es","@id":"https:\/\/blgnoticiassantodomingo.net\/#\/schema\/logo\/image\/","url":"https:\/\/blgnoticiassantodomingo.net\/wp-content\/uploads\/2023\/12\/Diseno-sin-titulo-3.jpg","contentUrl":"https:\/\/blgnoticiassantodomingo.net\/wp-content\/uploads\/2023\/12\/Diseno-sin-titulo-3.jpg","width":500,"height":500,"caption":"BLG Noticias"},"image":{"@id":"https:\/\/blgnoticiassantodomingo.net\/#\/schema\/logo\/image\/"},"sameAs":["https:\/\/web.facebook.com\/BlgNoticias\/?locale=es_LA&_rdc=1&_rdr","https:\/\/x.com\/BlgNoticias","https:\/\/www.linkedin.com\/in\/brenda-l-santana-aa846279\/"]},{"@type":"Person","@id":"https:\/\/blgnoticiassantodomingo.net\/#\/schema\/person\/e2fc21cf88acc63dbd134be981bff374","name":"Brenda Guerrero","image":{"@type":"ImageObject","inLanguage":"es","@id":"https:\/\/blgnoticiassantodomingo.net\/#\/schema\/person\/image\/","url":"https:\/\/secure.gravatar.com\/avatar\/2f7fc4c3e3655be1580cb684bfd8ab19be702ae20879da1e072021daa02f9b8b?s=96&d=wp_user_avatar&r=g","contentUrl":"https:\/\/secure.gravatar.com\/avatar\/2f7fc4c3e3655be1580cb684bfd8ab19be702ae20879da1e072021daa02f9b8b?s=96&d=wp_user_avatar&r=g","caption":"Brenda Guerrero"},"description":"Periodista","url":"https:\/\/blgnoticiassantodomingo.net\/index.php\/author\/brenda-guerrero\/"}]}},"jetpack_featured_media_url":"https:\/\/blgnoticiassantodomingo.net\/wp-content\/uploads\/2023\/11\/descarga-1.webp","_links":{"self":[{"href":"https:\/\/blgnoticiassantodomingo.net\/index.php\/wp-json\/wp\/v2\/posts\/37224","targetHints":{"allow":["GET"]}}],"collection":[{"href":"https:\/\/blgnoticiassantodomingo.net\/index.php\/wp-json\/wp\/v2\/posts"}],"about":[{"href":"https:\/\/blgnoticiassantodomingo.net\/index.php\/wp-json\/wp\/v2\/types\/post"}],"author":[{"embeddable":true,"href":"https:\/\/blgnoticiassantodomingo.net\/index.php\/wp-json\/wp\/v2\/users\/2"}],"replies":[{"embeddable":true,"href":"https:\/\/blgnoticiassantodomingo.net\/index.php\/wp-json\/wp\/v2\/comments?post=37224"}],"version-history":[{"count":1,"href":"https:\/\/blgnoticiassantodomingo.net\/index.php\/wp-json\/wp\/v2\/posts\/37224\/revisions"}],"predecessor-version":[{"id":37226,"href":"https:\/\/blgnoticiassantodomingo.net\/index.php\/wp-json\/wp\/v2\/posts\/37224\/revisions\/37226"}],"wp:featuredmedia":[{"embeddable":true,"href":"https:\/\/blgnoticiassantodomingo.net\/index.php\/wp-json\/wp\/v2\/media\/37225"}],"wp:attachment":[{"href":"https:\/\/blgnoticiassantodomingo.net\/index.php\/wp-json\/wp\/v2\/media?parent=37224"}],"wp:term":[{"taxonomy":"category","embeddable":true,"href":"https:\/\/blgnoticiassantodomingo.net\/index.php\/wp-json\/wp\/v2\/categories?post=37224"},{"taxonomy":"post_tag","embeddable":true,"href":"https:\/\/blgnoticiassantodomingo.net\/index.php\/wp-json\/wp\/v2\/tags?post=37224"}],"curies":[{"name":"wp","href":"https:\/\/api.w.org\/{rel}","templated":true}]}}