{"id":37162,"date":"2023-11-10T15:08:46","date_gmt":"2023-11-10T19:08:46","guid":{"rendered":"https:\/\/blgnoticiassantodomingo.net\/?p=37162"},"modified":"2024-04-02T12:43:24","modified_gmt":"2024-04-02T16:43:24","slug":"cortinas-blancas-10-razones-para-amarlas","status":"publish","type":"post","link":"https:\/\/blgnoticiassantodomingo.net\/index.php\/2023\/11\/10\/cortinas-blancas-10-razones-para-amarlas\/","title":{"rendered":"Cortinas blancas: 10 razones para amarlas"},"content":{"rendered":"\n<p><strong><em>Apu\u00e9stalo todo al blanco y ganar\u00e1s. Al menos en lo que a cortinas se refiere. Y es que las cortinas blancas, adem\u00e1s de encajar en cualquier estilo decorativo, ayudan a ampliar el espacio y dejan pasar la luz. Descubre por qu\u00e9 apostar por el blanco ser\u00e1 s\u00ed o s\u00ed un acierto<\/em><\/strong><\/p>\n\n\n\n<figure class=\"wp-block-image is-resized\"><img decoding=\"async\" src=\"https:\/\/www.elmueble.com\/medio\/2021\/10\/22\/natalia-bosch_a35add52_600x600.jpg\" alt=\"Nat\u00e0lia Bosch\" style=\"width:130px;height:auto\"\/><\/figure>\n\n\n\n<p><a href=\"https:\/\/www.elmueble.com\/autores\/natalia-bosch_144\">Nat\u00e0lia Bosch<\/a><\/p>\n\n\n\n<p>Periodista especializada en decoraci\u00f3n<\/p>\n\n\n\n<p>1.&nbsp;<\/p>\n\n\n\n<h3 class=\"wp-block-heading\">AGRANDAN VISUALMENTE EL ESPACIO<\/h3>\n\n\n\n<p>Unas cortinas blancas son un aliado en\u00a0pisos peque\u00f1os, porque el blanco contribuye a ampliar visualmente. Adem\u00e1s, si has pintado las paredes tambi\u00e9n de blanco, como en este sal\u00f3n, las cortinas se integrar\u00e1n mejor en la decoraci\u00f3n y un espacio sin grandes saltos crom\u00e1ticos siempre parece m\u00e1s amplio.\u00a0<\/p>\n\n\n\n<p>Sof\u00e1 dise\u00f1o de las arquitectas Irma Aleu y Rosa Vi\u00f1ets. Cortinas, similares de Gancedo.&nbsp;<\/p>\n\n\n\n<figure class=\"wp-block-image\"><a href=\"https:\/\/www.elmueble.com\/decoracion\/cortinas-blancas-10-razones-para-amarlas_43511\/2\"><img decoding=\"async\" src=\"https:\/\/www.elmueble.com\/medio\/2019\/06\/28\/00485131_964fd145_2000x1360.jpg\" alt=\"00485131\"\/><\/a><\/figure>\n\n\n\n<p>2.&nbsp;<\/p>\n\n\n\n<h3 class=\"wp-block-heading\">DEJAN QUE PASE LA LUZ<\/h3>\n\n\n\n<p>Incluso en verano, se agradece tener sensaci\u00f3n de claridad en casa. \u00abY unos visillos blancos permiten que pase la luz, te dejan ver el exterior pero a la vez te ofrecen intimidad\u00bb, explican desde Gancedo.&nbsp;<\/p>\n\n\n\n<p>Cortinas de Ferrer &amp; Ponce, con la tela Litoral 03 de Yutes.<\/p>\n\n\n\n<figure class=\"wp-block-image\"><a href=\"https:\/\/www.elmueble.com\/decoracion\/cortinas-blancas-10-razones-para-amarlas_43511\/3\"><img decoding=\"async\" src=\"https:\/\/www.elmueble.com\/medio\/2019\/06\/28\/00485191_e4e86d6e_2000x1447.jpg\" alt=\"00485191\"\/><\/a><\/figure>\n\n\n\n<p>3.&nbsp;<\/p>\n\n\n\n<h3 class=\"wp-block-heading\">ENCAJAN EN CUALQUIER ESTILO DECORATIVO<\/h3>\n\n\n\n<p>Unas cortinas blancas valen para un roto y descosido. Y es que quedan bien desde en decoraciones contempor\u00e1neas de corte minimalista hasta las cl\u00e1sicas, como en este sal\u00f3n. Con la ventaja de que puedas renovar la decoraci\u00f3n sin necesidad de tocar las cortinas.&nbsp;<\/p>\n\n\n\n<p>Cortinas, en Coton et Bois.&nbsp;<\/p>\n\n\n\n<figure class=\"wp-block-image\"><a href=\"https:\/\/www.elmueble.com\/decoracion\/cortinas-blancas-10-razones-para-amarlas_43511\/4\"><img decoding=\"async\" src=\"https:\/\/www.elmueble.com\/medio\/2019\/06\/28\/cama-con-dosel-blanco-00487040_fc429106_1800x2000.jpg\" alt=\"Cama con dosel blanco 00487040\"\/><\/a><\/figure>\n\n\n\n<p>4.&nbsp;<\/p>\n\n\n\n<h3 class=\"wp-block-heading\">DAN SENSACI\u00d3N DE FRESCOR<\/h3>\n\n\n\n<p>El\u00a0blanco\u00a0refleja la luz, de hecho es el color que tiene mayor capacidad de reflexi\u00f3n de la luz \u2013cerca del 96%\u2013. Todo lo contrario que los colores oscuros, que la retienen. De ah\u00ed que unas cortinas blancas siempre resulten m\u00e1s frescas que unas de color oscuro, siendo una opci\u00f3n ideal en\u00a0apartamentos de verano.\u00a0<\/p>\n\n\n\n<p>Cama con dosel de Aquitania.&nbsp;<\/p>\n\n\n\n<figure class=\"wp-block-image\"><a href=\"https:\/\/www.elmueble.com\/decoracion\/cortinas-blancas-10-razones-para-amarlas_43511\/5\"><img decoding=\"async\" src=\"https:\/\/www.elmueble.com\/medio\/2019\/06\/28\/00500453_45be2908_1853x2000.jpg\" alt=\"00500453\"\/><\/a><\/figure>\n\n\n\n<p>5.&nbsp;<\/p>\n\n\n\n<h3 class=\"wp-block-heading\">ALARGAN LA ALTURA DE LA HABITACI\u00d3N<\/h3>\n\n\n\n<p>Cualquier espacio en blanco parece m\u00e1s amplio de lo que realmente es, por lo que si optas por unas cortinas en blanco y las colocas a ras de techo, como se ha hecho en este dormitorio, estirar\u00e1s visualmente la altura de las paredes. Adem\u00e1s, lograr\u00e1s que las\u00a0ventanas parezcan m\u00e1s grandes.\u00a0<\/p>\n\n\n\n<p>Cortinas, en Filocolore.&nbsp;Cabecero, banco y l\u00e1mpara, de Sacum.&nbsp;<\/p>\n\n\n\n<figure class=\"wp-block-image is-resized\"><a href=\"https:\/\/www.elmueble.com\/decoracion\/cortinas-blancas-10-razones-para-amarlas_43511\/6\"><img decoding=\"async\" src=\"https:\/\/www.elmueble.com\/medio\/2019\/06\/28\/00493792_be6b02dd_2000x1335.jpg\" alt=\"00493792\" style=\"width:739px;height:auto\"\/><\/a><\/figure>\n\n\n\n<p>6.&nbsp;<\/p>\n\n\n\n<h3 class=\"wp-block-heading\">SON F\u00c1CILES DE COMBINAR<\/h3>\n\n\n\n<p>\u00abEl blanco es un tono neutro que te permite mezclar muchos otros colores sin que las cortinas acaben condicionando la decoraci\u00f3n\u00bb, explican desde Gancedo. En este sal\u00f3n, por ejemplo, se ha optado por un intenso color topo para las paredes mientras que las cortinas se han elegido en blanco, creando un contraste visual muy atractivo.&nbsp;<\/p>\n\n\n\n<p>&nbsp;Sof\u00e1, en Blanc d&#8217;Ivoire y cortinas de Ridox. &nbsp;<\/p>\n\n\n\n<figure class=\"wp-block-image is-resized\"><a href=\"https:\/\/www.elmueble.com\/decoracion\/cortinas-blancas-10-razones-para-amarlas_43511\/7\"><img decoding=\"async\" src=\"https:\/\/www.elmueble.com\/medio\/2019\/06\/28\/pintar-el-techo-00495534_fb09f535_2000x1500.jpg\" alt=\"pintar-el-techo-00495534\" style=\"width:779px;height:auto\"\/><\/a><\/figure>\n\n\n\n<p>7.&nbsp;<\/p>\n\n\n\n<h3 class=\"wp-block-heading\">REALZAN LA DECORACI\u00d3N<\/h3>\n\n\n\n<p>Unas cortinas en blanco van a resaltar todos los elementos decorativos que hayas elegido. Es decir, que si tienes un mueble de color oscuro o unas butacas tapizadas, como en este sal\u00f3n, le dar\u00e1 mayor visibilidad. En cambio, si optaras por unas cortinas de colores muy fuertes o con motivos, har\u00edas que las miradas se fijaran en ellas&nbsp;y no en el resto de la decoraci\u00f3n.&nbsp;<\/p>\n\n\n\n<p>Butacas, en Nathurai Cotton.&nbsp;<\/p>\n\n\n\n<figure class=\"wp-block-image is-resized\"><a href=\"https:\/\/www.elmueble.com\/decoracion\/cortinas-blancas-10-razones-para-amarlas_43511\/8\"><img decoding=\"async\" src=\"https:\/\/www.elmueble.com\/medio\/2019\/06\/28\/00500526_a21f0be7_1473x2000.jpg\" alt=\"00500526\" style=\"width:785px;height:auto\"\/><\/a><\/figure>\n\n\n\n<p>8.&nbsp;<\/p>\n\n\n\n<h3 class=\"wp-block-heading\">NO PASAN DE MODA<\/h3>\n\n\n\n<p>Unas cortinas blancas son atemporales. Se ven actuales hoy y dentro de 10 a\u00f1os y adem\u00e1s realzan el resto de elementos decorativos que las rodean. Con sencillos cambios en otros detalles, como los textiles o los complementos, podr\u00e1s renovar f\u00e1cilmente la decoraci\u00f3n.<\/p>\n\n\n\n<p>Cortinas blancas, similares de Gancedo.&nbsp;<\/p>\n\n\n\n<figure class=\"wp-block-image is-resized\"><a href=\"https:\/\/www.elmueble.com\/decoracion\/cortinas-blancas-10-razones-para-amarlas_43511\/9\"><img decoding=\"async\" src=\"https:\/\/www.elmueble.com\/medio\/2019\/06\/28\/00501703_bfb10bc3_1380x2000.jpg\" alt=\"00501703\" style=\"width:866px;height:auto\"\/><\/a><\/figure>\n\n\n\n<p>9.&nbsp;<\/p>\n\n\n\n<h3 class=\"wp-block-heading\">SON EL COMPA\u00d1ERO IDEAL EN CORTINAS DOBLES<\/h3>\n\n\n\n<p>Si apuestas por instalar doble cortina, como en este dormitorio, no lo dudes: reserva una tela ligera y en blanco para la cortina de base, as\u00ed dejar\u00e1s que pase la luz y la claridad. Mientras que la sobrecortina el\u00edgela con una tela m\u00e1s tupida y de colores intensos, porque su funci\u00f3n es la de tapar la luz.<\/p>\n\n\n\n<p>Cortinas de Natalia G\u00f3mez Angelats.&nbsp;<\/p>\n\n\n\n<figure class=\"wp-block-image is-resized\"><a href=\"https:\/\/www.elmueble.com\/decoracion\/cortinas-blancas-10-razones-para-amarlas_43511\/10\"><img decoding=\"async\" src=\"https:\/\/www.elmueble.com\/medio\/2019\/06\/28\/00501959_c4c51c20_2000x1805.jpg\" alt=\"Decoraci\u00f3n\" style=\"width:681px;height:auto\"\/><\/a><\/figure>\n\n\n\n<p>10.&nbsp;<\/p>\n\n\n\n<h3 class=\"wp-block-heading\">TRANSMITEN SENSACI\u00d3N DE CALMA Y RELAX<\/h3>\n\n\n\n<p>El blanco es un color que se asocia con la pureza, la paz, la bondad y transmite, adem\u00e1s, sensaci\u00f3n de limpieza. Por lo que unas cortinas blancas contribuyen a crear ambientes serenos, relajados y tranquilos.&nbsp;<\/p>\n\n\n\n<p>Cortinas de Irma Aleu y Rosa Vi\u00f1ets.\u00a0<\/p>\n\n\n\n<p>Otro punto a favor de las cortinas blancas es que es la decisi\u00f3n m\u00e1s f\u00e1cil y sin correr riesgos, como explican desde Gancedo. Si dudas entre qu\u00e9 color elegir, si lisas o estampados, y si despu\u00e9s van a combinar con el mobiliario y complementos textiles, apuesta por el blanco y acertar\u00e1s seguro. Adem\u00e1s, es importante tener en cuenta que de blancos hay muchos, por lo que si no quieres un blanco puro, puedes optar por uno roto, que resulta m\u00e1s c\u00e1lido.<\/p>\n\n\n\n<p>Fuente: El Mueble<\/p>\n","protected":false},"excerpt":{"rendered":"<p>Apu\u00e9stalo todo al blanco y ganar\u00e1s. Al menos en lo que a cortinas se refiere. Y es que las cortinas blancas, adem\u00e1s de encajar en cualquier estilo decorativo, ayudan a ampliar el espacio y dejan pasar la luz. Descubre por qu\u00e9 apostar por el blanco ser\u00e1 s\u00ed o s\u00ed un acierto Nat\u00e0lia Bosch Periodista especializada [&hellip;]<\/p>\n","protected":false},"author":2,"featured_media":37163,"comment_status":"open","ping_status":"open","sticky":true,"template":"","format":"standard","meta":{"footnotes":""},"categories":[9575],"tags":[8757,8756],"class_list":{"0":"post-37162","1":"post","2":"type-post","3":"status-publish","4":"format-standard","5":"has-post-thumbnail","7":"category-la-vida","8":"tag-cortina-blanca","9":"tag-decoracion"},"yoast_head":"<!-- This site is optimized with the Yoast SEO plugin v24.9 - https:\/\/yoast.com\/wordpress\/plugins\/seo\/ -->\n<title>Cortinas blancas: 10 razones para amarlas - BLG Noticias<\/title>\n<meta name=\"robots\" content=\"index, follow, max-snippet:-1, max-image-preview:large, max-video-preview:-1\" \/>\n<link rel=\"canonical\" href=\"https:\/\/blgnoticiassantodomingo.net\/index.php\/2023\/11\/10\/cortinas-blancas-10-razones-para-amarlas\/\" \/>\n<meta property=\"og:locale\" content=\"es_ES\" \/>\n<meta property=\"og:type\" content=\"article\" \/>\n<meta property=\"og:title\" content=\"Cortinas blancas: 10 razones para amarlas - BLG Noticias\" \/>\n<meta property=\"og:description\" content=\"Apu\u00e9stalo todo al blanco y ganar\u00e1s. Al menos en lo que a cortinas se refiere. Y es que las cortinas blancas, adem\u00e1s de encajar en cualquier estilo decorativo, ayudan a ampliar el espacio y dejan pasar la luz. Descubre por qu\u00e9 apostar por el blanco ser\u00e1 s\u00ed o s\u00ed un acierto Nat\u00e0lia Bosch Periodista especializada [&hellip;]\" \/>\n<meta property=\"og:url\" content=\"https:\/\/blgnoticiassantodomingo.net\/index.php\/2023\/11\/10\/cortinas-blancas-10-razones-para-amarlas\/\" \/>\n<meta property=\"og:site_name\" content=\"BLG Noticias\" \/>\n<meta property=\"article:publisher\" content=\"https:\/\/web.facebook.com\/BlgNoticias\/?locale=es_LA&amp;_rdc=1&amp;_rdr\" \/>\n<meta property=\"article:published_time\" content=\"2023-11-10T19:08:46+00:00\" \/>\n<meta property=\"article:modified_time\" content=\"2024-04-02T16:43:24+00:00\" \/>\n<meta property=\"og:image\" content=\"http:\/\/blgnoticiassantodomingo.net\/wp-content\/uploads\/2023\/11\/00503932_a106ad0f_1335x2000.jpg\" \/>\n\t<meta property=\"og:image:width\" content=\"1335\" \/>\n\t<meta property=\"og:image:height\" content=\"2000\" \/>\n\t<meta property=\"og:image:type\" content=\"image\/jpeg\" \/>\n<meta name=\"author\" content=\"Brenda Guerrero\" \/>\n<meta name=\"twitter:card\" content=\"summary_large_image\" \/>\n<meta name=\"twitter:creator\" content=\"@BlgNoticias\" \/>\n<meta name=\"twitter:site\" content=\"@BlgNoticias\" \/>\n<meta name=\"twitter:label1\" content=\"Escrito por\" \/>\n\t<meta name=\"twitter:data1\" content=\"Brenda Guerrero\" \/>\n\t<meta name=\"twitter:label2\" content=\"Tiempo de lectura\" \/>\n\t<meta name=\"twitter:data2\" content=\"6 minutos\" \/>\n<script type=\"application\/ld+json\" class=\"yoast-schema-graph\">{\"@context\":\"https:\/\/schema.org\",\"@graph\":[{\"@type\":\"Article\",\"@id\":\"https:\/\/blgnoticiassantodomingo.net\/index.php\/2023\/11\/10\/cortinas-blancas-10-razones-para-amarlas\/#article\",\"isPartOf\":{\"@id\":\"https:\/\/blgnoticiassantodomingo.net\/index.php\/2023\/11\/10\/cortinas-blancas-10-razones-para-amarlas\/\"},\"author\":{\"name\":\"Brenda Guerrero\",\"@id\":\"https:\/\/blgnoticiassantodomingo.net\/#\/schema\/person\/e2fc21cf88acc63dbd134be981bff374\"},\"headline\":\"Cortinas blancas: 10 razones para amarlas\",\"datePublished\":\"2023-11-10T19:08:46+00:00\",\"dateModified\":\"2024-04-02T16:43:24+00:00\",\"mainEntityOfPage\":{\"@id\":\"https:\/\/blgnoticiassantodomingo.net\/index.php\/2023\/11\/10\/cortinas-blancas-10-razones-para-amarlas\/\"},\"wordCount\":840,\"commentCount\":2,\"publisher\":{\"@id\":\"https:\/\/blgnoticiassantodomingo.net\/#organization\"},\"image\":{\"@id\":\"https:\/\/blgnoticiassantodomingo.net\/index.php\/2023\/11\/10\/cortinas-blancas-10-razones-para-amarlas\/#primaryimage\"},\"thumbnailUrl\":\"https:\/\/blgnoticiassantodomingo.net\/wp-content\/uploads\/2023\/11\/00503932_a106ad0f_1335x2000.jpg\",\"keywords\":[\"Cortina Blanca\",\"Decoraci\u00f3n\"],\"articleSection\":[\"La vida\"],\"inLanguage\":\"es\",\"potentialAction\":[{\"@type\":\"CommentAction\",\"name\":\"Comment\",\"target\":[\"https:\/\/blgnoticiassantodomingo.net\/index.php\/2023\/11\/10\/cortinas-blancas-10-razones-para-amarlas\/#respond\"]}]},{\"@type\":\"WebPage\",\"@id\":\"https:\/\/blgnoticiassantodomingo.net\/index.php\/2023\/11\/10\/cortinas-blancas-10-razones-para-amarlas\/\",\"url\":\"https:\/\/blgnoticiassantodomingo.net\/index.php\/2023\/11\/10\/cortinas-blancas-10-razones-para-amarlas\/\",\"name\":\"Cortinas blancas: 10 razones para amarlas - BLG Noticias\",\"isPartOf\":{\"@id\":\"https:\/\/blgnoticiassantodomingo.net\/#website\"},\"primaryImageOfPage\":{\"@id\":\"https:\/\/blgnoticiassantodomingo.net\/index.php\/2023\/11\/10\/cortinas-blancas-10-razones-para-amarlas\/#primaryimage\"},\"image\":{\"@id\":\"https:\/\/blgnoticiassantodomingo.net\/index.php\/2023\/11\/10\/cortinas-blancas-10-razones-para-amarlas\/#primaryimage\"},\"thumbnailUrl\":\"https:\/\/blgnoticiassantodomingo.net\/wp-content\/uploads\/2023\/11\/00503932_a106ad0f_1335x2000.jpg\",\"datePublished\":\"2023-11-10T19:08:46+00:00\",\"dateModified\":\"2024-04-02T16:43:24+00:00\",\"breadcrumb\":{\"@id\":\"https:\/\/blgnoticiassantodomingo.net\/index.php\/2023\/11\/10\/cortinas-blancas-10-razones-para-amarlas\/#breadcrumb\"},\"inLanguage\":\"es\",\"potentialAction\":[{\"@type\":\"ReadAction\",\"target\":[\"https:\/\/blgnoticiassantodomingo.net\/index.php\/2023\/11\/10\/cortinas-blancas-10-razones-para-amarlas\/\"]}]},{\"@type\":\"ImageObject\",\"inLanguage\":\"es\",\"@id\":\"https:\/\/blgnoticiassantodomingo.net\/index.php\/2023\/11\/10\/cortinas-blancas-10-razones-para-amarlas\/#primaryimage\",\"url\":\"https:\/\/blgnoticiassantodomingo.net\/wp-content\/uploads\/2023\/11\/00503932_a106ad0f_1335x2000.jpg\",\"contentUrl\":\"https:\/\/blgnoticiassantodomingo.net\/wp-content\/uploads\/2023\/11\/00503932_a106ad0f_1335x2000.jpg\",\"width\":1335,\"height\":2000},{\"@type\":\"BreadcrumbList\",\"@id\":\"https:\/\/blgnoticiassantodomingo.net\/index.php\/2023\/11\/10\/cortinas-blancas-10-razones-para-amarlas\/#breadcrumb\",\"itemListElement\":[{\"@type\":\"ListItem\",\"position\":1,\"name\":\"Portada\",\"item\":\"https:\/\/blgnoticiassantodomingo.net\/\"},{\"@type\":\"ListItem\",\"position\":2,\"name\":\"Cortinas blancas: 10 razones para amarlas\"}]},{\"@type\":\"WebSite\",\"@id\":\"https:\/\/blgnoticiassantodomingo.net\/#website\",\"url\":\"https:\/\/blgnoticiassantodomingo.net\/\",\"name\":\"BLG Noticias\",\"description\":\"Esto es Noticias\",\"publisher\":{\"@id\":\"https:\/\/blgnoticiassantodomingo.net\/#organization\"},\"potentialAction\":[{\"@type\":\"SearchAction\",\"target\":{\"@type\":\"EntryPoint\",\"urlTemplate\":\"https:\/\/blgnoticiassantodomingo.net\/?s={search_term_string}\"},\"query-input\":{\"@type\":\"PropertyValueSpecification\",\"valueRequired\":true,\"valueName\":\"search_term_string\"}}],\"inLanguage\":\"es\"},{\"@type\":\"Organization\",\"@id\":\"https:\/\/blgnoticiassantodomingo.net\/#organization\",\"name\":\"BLG Noticias\",\"url\":\"https:\/\/blgnoticiassantodomingo.net\/\",\"logo\":{\"@type\":\"ImageObject\",\"inLanguage\":\"es\",\"@id\":\"https:\/\/blgnoticiassantodomingo.net\/#\/schema\/logo\/image\/\",\"url\":\"https:\/\/blgnoticiassantodomingo.net\/wp-content\/uploads\/2023\/12\/Diseno-sin-titulo-3.jpg\",\"contentUrl\":\"https:\/\/blgnoticiassantodomingo.net\/wp-content\/uploads\/2023\/12\/Diseno-sin-titulo-3.jpg\",\"width\":500,\"height\":500,\"caption\":\"BLG Noticias\"},\"image\":{\"@id\":\"https:\/\/blgnoticiassantodomingo.net\/#\/schema\/logo\/image\/\"},\"sameAs\":[\"https:\/\/web.facebook.com\/BlgNoticias\/?locale=es_LA&_rdc=1&_rdr\",\"https:\/\/x.com\/BlgNoticias\",\"https:\/\/www.linkedin.com\/in\/brenda-l-santana-aa846279\/\"]},{\"@type\":\"Person\",\"@id\":\"https:\/\/blgnoticiassantodomingo.net\/#\/schema\/person\/e2fc21cf88acc63dbd134be981bff374\",\"name\":\"Brenda Guerrero\",\"image\":{\"@type\":\"ImageObject\",\"inLanguage\":\"es\",\"@id\":\"https:\/\/blgnoticiassantodomingo.net\/#\/schema\/person\/image\/\",\"url\":\"https:\/\/secure.gravatar.com\/avatar\/2f7fc4c3e3655be1580cb684bfd8ab19be702ae20879da1e072021daa02f9b8b?s=96&d=wp_user_avatar&r=g\",\"contentUrl\":\"https:\/\/secure.gravatar.com\/avatar\/2f7fc4c3e3655be1580cb684bfd8ab19be702ae20879da1e072021daa02f9b8b?s=96&d=wp_user_avatar&r=g\",\"caption\":\"Brenda Guerrero\"},\"description\":\"Periodista\",\"url\":\"https:\/\/blgnoticiassantodomingo.net\/index.php\/author\/brenda-guerrero\/\"}]}<\/script>\n<!-- \/ Yoast SEO plugin. -->","yoast_head_json":{"title":"Cortinas blancas: 10 razones para amarlas - BLG Noticias","robots":{"index":"index","follow":"follow","max-snippet":"max-snippet:-1","max-image-preview":"max-image-preview:large","max-video-preview":"max-video-preview:-1"},"canonical":"https:\/\/blgnoticiassantodomingo.net\/index.php\/2023\/11\/10\/cortinas-blancas-10-razones-para-amarlas\/","og_locale":"es_ES","og_type":"article","og_title":"Cortinas blancas: 10 razones para amarlas - BLG Noticias","og_description":"Apu\u00e9stalo todo al blanco y ganar\u00e1s. Al menos en lo que a cortinas se refiere. Y es que las cortinas blancas, adem\u00e1s de encajar en cualquier estilo decorativo, ayudan a ampliar el espacio y dejan pasar la luz. Descubre por qu\u00e9 apostar por el blanco ser\u00e1 s\u00ed o s\u00ed un acierto Nat\u00e0lia Bosch Periodista especializada [&hellip;]","og_url":"https:\/\/blgnoticiassantodomingo.net\/index.php\/2023\/11\/10\/cortinas-blancas-10-razones-para-amarlas\/","og_site_name":"BLG Noticias","article_publisher":"https:\/\/web.facebook.com\/BlgNoticias\/?locale=es_LA&_rdc=1&_rdr","article_published_time":"2023-11-10T19:08:46+00:00","article_modified_time":"2024-04-02T16:43:24+00:00","og_image":[{"width":1335,"height":2000,"url":"http:\/\/blgnoticiassantodomingo.net\/wp-content\/uploads\/2023\/11\/00503932_a106ad0f_1335x2000.jpg","type":"image\/jpeg"}],"author":"Brenda Guerrero","twitter_card":"summary_large_image","twitter_creator":"@BlgNoticias","twitter_site":"@BlgNoticias","twitter_misc":{"Escrito por":"Brenda Guerrero","Tiempo de lectura":"6 minutos"},"schema":{"@context":"https:\/\/schema.org","@graph":[{"@type":"Article","@id":"https:\/\/blgnoticiassantodomingo.net\/index.php\/2023\/11\/10\/cortinas-blancas-10-razones-para-amarlas\/#article","isPartOf":{"@id":"https:\/\/blgnoticiassantodomingo.net\/index.php\/2023\/11\/10\/cortinas-blancas-10-razones-para-amarlas\/"},"author":{"name":"Brenda Guerrero","@id":"https:\/\/blgnoticiassantodomingo.net\/#\/schema\/person\/e2fc21cf88acc63dbd134be981bff374"},"headline":"Cortinas blancas: 10 razones para amarlas","datePublished":"2023-11-10T19:08:46+00:00","dateModified":"2024-04-02T16:43:24+00:00","mainEntityOfPage":{"@id":"https:\/\/blgnoticiassantodomingo.net\/index.php\/2023\/11\/10\/cortinas-blancas-10-razones-para-amarlas\/"},"wordCount":840,"commentCount":2,"publisher":{"@id":"https:\/\/blgnoticiassantodomingo.net\/#organization"},"image":{"@id":"https:\/\/blgnoticiassantodomingo.net\/index.php\/2023\/11\/10\/cortinas-blancas-10-razones-para-amarlas\/#primaryimage"},"thumbnailUrl":"https:\/\/blgnoticiassantodomingo.net\/wp-content\/uploads\/2023\/11\/00503932_a106ad0f_1335x2000.jpg","keywords":["Cortina Blanca","Decoraci\u00f3n"],"articleSection":["La vida"],"inLanguage":"es","potentialAction":[{"@type":"CommentAction","name":"Comment","target":["https:\/\/blgnoticiassantodomingo.net\/index.php\/2023\/11\/10\/cortinas-blancas-10-razones-para-amarlas\/#respond"]}]},{"@type":"WebPage","@id":"https:\/\/blgnoticiassantodomingo.net\/index.php\/2023\/11\/10\/cortinas-blancas-10-razones-para-amarlas\/","url":"https:\/\/blgnoticiassantodomingo.net\/index.php\/2023\/11\/10\/cortinas-blancas-10-razones-para-amarlas\/","name":"Cortinas blancas: 10 razones para amarlas - BLG Noticias","isPartOf":{"@id":"https:\/\/blgnoticiassantodomingo.net\/#website"},"primaryImageOfPage":{"@id":"https:\/\/blgnoticiassantodomingo.net\/index.php\/2023\/11\/10\/cortinas-blancas-10-razones-para-amarlas\/#primaryimage"},"image":{"@id":"https:\/\/blgnoticiassantodomingo.net\/index.php\/2023\/11\/10\/cortinas-blancas-10-razones-para-amarlas\/#primaryimage"},"thumbnailUrl":"https:\/\/blgnoticiassantodomingo.net\/wp-content\/uploads\/2023\/11\/00503932_a106ad0f_1335x2000.jpg","datePublished":"2023-11-10T19:08:46+00:00","dateModified":"2024-04-02T16:43:24+00:00","breadcrumb":{"@id":"https:\/\/blgnoticiassantodomingo.net\/index.php\/2023\/11\/10\/cortinas-blancas-10-razones-para-amarlas\/#breadcrumb"},"inLanguage":"es","potentialAction":[{"@type":"ReadAction","target":["https:\/\/blgnoticiassantodomingo.net\/index.php\/2023\/11\/10\/cortinas-blancas-10-razones-para-amarlas\/"]}]},{"@type":"ImageObject","inLanguage":"es","@id":"https:\/\/blgnoticiassantodomingo.net\/index.php\/2023\/11\/10\/cortinas-blancas-10-razones-para-amarlas\/#primaryimage","url":"https:\/\/blgnoticiassantodomingo.net\/wp-content\/uploads\/2023\/11\/00503932_a106ad0f_1335x2000.jpg","contentUrl":"https:\/\/blgnoticiassantodomingo.net\/wp-content\/uploads\/2023\/11\/00503932_a106ad0f_1335x2000.jpg","width":1335,"height":2000},{"@type":"BreadcrumbList","@id":"https:\/\/blgnoticiassantodomingo.net\/index.php\/2023\/11\/10\/cortinas-blancas-10-razones-para-amarlas\/#breadcrumb","itemListElement":[{"@type":"ListItem","position":1,"name":"Portada","item":"https:\/\/blgnoticiassantodomingo.net\/"},{"@type":"ListItem","position":2,"name":"Cortinas blancas: 10 razones para amarlas"}]},{"@type":"WebSite","@id":"https:\/\/blgnoticiassantodomingo.net\/#website","url":"https:\/\/blgnoticiassantodomingo.net\/","name":"BLG Noticias","description":"Esto es Noticias","publisher":{"@id":"https:\/\/blgnoticiassantodomingo.net\/#organization"},"potentialAction":[{"@type":"SearchAction","target":{"@type":"EntryPoint","urlTemplate":"https:\/\/blgnoticiassantodomingo.net\/?s={search_term_string}"},"query-input":{"@type":"PropertyValueSpecification","valueRequired":true,"valueName":"search_term_string"}}],"inLanguage":"es"},{"@type":"Organization","@id":"https:\/\/blgnoticiassantodomingo.net\/#organization","name":"BLG Noticias","url":"https:\/\/blgnoticiassantodomingo.net\/","logo":{"@type":"ImageObject","inLanguage":"es","@id":"https:\/\/blgnoticiassantodomingo.net\/#\/schema\/logo\/image\/","url":"https:\/\/blgnoticiassantodomingo.net\/wp-content\/uploads\/2023\/12\/Diseno-sin-titulo-3.jpg","contentUrl":"https:\/\/blgnoticiassantodomingo.net\/wp-content\/uploads\/2023\/12\/Diseno-sin-titulo-3.jpg","width":500,"height":500,"caption":"BLG Noticias"},"image":{"@id":"https:\/\/blgnoticiassantodomingo.net\/#\/schema\/logo\/image\/"},"sameAs":["https:\/\/web.facebook.com\/BlgNoticias\/?locale=es_LA&_rdc=1&_rdr","https:\/\/x.com\/BlgNoticias","https:\/\/www.linkedin.com\/in\/brenda-l-santana-aa846279\/"]},{"@type":"Person","@id":"https:\/\/blgnoticiassantodomingo.net\/#\/schema\/person\/e2fc21cf88acc63dbd134be981bff374","name":"Brenda Guerrero","image":{"@type":"ImageObject","inLanguage":"es","@id":"https:\/\/blgnoticiassantodomingo.net\/#\/schema\/person\/image\/","url":"https:\/\/secure.gravatar.com\/avatar\/2f7fc4c3e3655be1580cb684bfd8ab19be702ae20879da1e072021daa02f9b8b?s=96&d=wp_user_avatar&r=g","contentUrl":"https:\/\/secure.gravatar.com\/avatar\/2f7fc4c3e3655be1580cb684bfd8ab19be702ae20879da1e072021daa02f9b8b?s=96&d=wp_user_avatar&r=g","caption":"Brenda Guerrero"},"description":"Periodista","url":"https:\/\/blgnoticiassantodomingo.net\/index.php\/author\/brenda-guerrero\/"}]}},"jetpack_featured_media_url":"https:\/\/blgnoticiassantodomingo.net\/wp-content\/uploads\/2023\/11\/00503932_a106ad0f_1335x2000.jpg","_links":{"self":[{"href":"https:\/\/blgnoticiassantodomingo.net\/index.php\/wp-json\/wp\/v2\/posts\/37162","targetHints":{"allow":["GET"]}}],"collection":[{"href":"https:\/\/blgnoticiassantodomingo.net\/index.php\/wp-json\/wp\/v2\/posts"}],"about":[{"href":"https:\/\/blgnoticiassantodomingo.net\/index.php\/wp-json\/wp\/v2\/types\/post"}],"author":[{"embeddable":true,"href":"https:\/\/blgnoticiassantodomingo.net\/index.php\/wp-json\/wp\/v2\/users\/2"}],"replies":[{"embeddable":true,"href":"https:\/\/blgnoticiassantodomingo.net\/index.php\/wp-json\/wp\/v2\/comments?post=37162"}],"version-history":[{"count":1,"href":"https:\/\/blgnoticiassantodomingo.net\/index.php\/wp-json\/wp\/v2\/posts\/37162\/revisions"}],"predecessor-version":[{"id":37164,"href":"https:\/\/blgnoticiassantodomingo.net\/index.php\/wp-json\/wp\/v2\/posts\/37162\/revisions\/37164"}],"wp:featuredmedia":[{"embeddable":true,"href":"https:\/\/blgnoticiassantodomingo.net\/index.php\/wp-json\/wp\/v2\/media\/37163"}],"wp:attachment":[{"href":"https:\/\/blgnoticiassantodomingo.net\/index.php\/wp-json\/wp\/v2\/media?parent=37162"}],"wp:term":[{"taxonomy":"category","embeddable":true,"href":"https:\/\/blgnoticiassantodomingo.net\/index.php\/wp-json\/wp\/v2\/categories?post=37162"},{"taxonomy":"post_tag","embeddable":true,"href":"https:\/\/blgnoticiassantodomingo.net\/index.php\/wp-json\/wp\/v2\/tags?post=37162"}],"curies":[{"name":"wp","href":"https:\/\/api.w.org\/{rel}","templated":true}]}}