{"id":37155,"date":"2023-11-09T16:01:31","date_gmt":"2023-11-09T20:01:31","guid":{"rendered":"https:\/\/blgnoticiassantodomingo.net\/?p=37155"},"modified":"2023-11-09T16:01:34","modified_gmt":"2023-11-09T20:01:34","slug":"ministerio-de-salud-publica-destaca-reduccion-de-casos-de-dengue-en-ultimas-cuatro-semanas-virus-respiratorios-aumentan","status":"publish","type":"post","link":"https:\/\/blgnoticiassantodomingo.net\/index.php\/2023\/11\/09\/ministerio-de-salud-publica-destaca-reduccion-de-casos-de-dengue-en-ultimas-cuatro-semanas-virus-respiratorios-aumentan\/","title":{"rendered":"Ministerio de Salud P\u00fablica destaca reducci\u00f3n de casos de dengue en \u00faltimas cuatro semanas; virus respiratorios aumentan"},"content":{"rendered":"\n<p><strong><em>La instituci\u00f3n reporta 19 defunciones por dengue y 1,248 nuevos casos.<\/em><\/strong><\/p>\n\n\n\n<p>SANTIAGO DE LOS CABALLEROS El Ministerio de Salud P\u00fablica (MSP), inform\u00f3 este mi\u00e9rcoles que en las \u00faltimas cuatro semanas los casos de dengue han experimentado una reducci\u00f3n sostenida, mientras que los virus respiratorios aumentan.<\/p>\n\n\n\n<p>El ministro de Salud P\u00fablica, doctor Daniel Rivera, destac\u00f3 que esta tendencia a la baja en los casos de dengue, obedece a las acciones de prevenci\u00f3n que desarrolla el Ministerio y otras instituciones del Estado, que ya ha impactado m\u00e1s de cuatro millones de personas, sumado a que levemente la temperatura tambien ha ido bajando en el pa\u00eds.<\/p>\n\n\n\n<p>El informe presentado en la Rueda de Prensa que se realiz\u00f3 hoy en la cuidad de Santiago,se precisa que en la presente Semana Epidemiol\u00f3gica n\u00famero 43 se registraron 1,248 casos de dengue, para un total de 17,360 a la semana 43, un total de 19 defunciones y la letalidad se coloca en 0.1 por ciento.<\/p>\n\n\n\n<p>El titular de Salud, felicit\u00f3 al staff de m\u00e9dicos y personal de salud del Hospital Arturo Grull\u00f3n por el gran trabajo que est\u00e1n haciendo, \u201cEl buen manejo de los casos de dengue, est\u00e1n registrando entre 20 a 22 pacientes diarios, y se manejan muy bien\u201d.<\/p>\n\n\n\n<p>Record\u00f3 que es importante acudir a los centros de salud a tiempo, cuando se presenten s\u00edntomas similares al dengue, como es fiebre y malestar general. Dijo que \u201c Nos interesa brindar buena atenci\u00f3n por ello pedimos asistir con tiempo a las consultas a las emergencias, para evitar complicaciones con esta y otras enfermedades\u201d.<\/p>\n\n\n\n<p>El ministro insisti\u00f3 en inmunizar a los ni\u00f1os contra influenza, ya que debido a la temporada y el clima las complicaciones respiratorias aumentan. \u201c Invitamos a las madres, padres y tutores a que nos colaboren en esta jornada de inmunizaci\u00f3n donde los ni\u00f1os todav\u00eda est\u00e1n rezagados con su vacuna\u201d.<\/p>\n\n\n\n<p>Anunci\u00f3 jornada de vacunaci\u00f3n contra Influenza en el Colegio de Periodistas de Santiago (CDP), por tanto invit\u00f3 a todos los comunicadores a acudir masivamente y colocar su dosis para prevenir complicaciones respiratorias.<\/p>\n\n\n\n<p>De su lado, la doctora Gina Estrella, directora de Gesti\u00f3n de Riesgo, dijo por medio a la \u00abJornada de Acci\u00f3n Contra Dengue\u00bb se han impactado unos cuatro millones de pesonas, se han realizado 3,420 fumigaciones, y unas 437 intervenciones, se han eliminado m\u00e1s de 187 mil criaderos de mosquitos.<\/p>\n\n\n\n<p>La doctora Estrella pidi\u00f3 a la prensa seguir siendo multiplicadores de estos trabajos. \u201c Los criaderos est\u00e1n en los patios, en las casas, hay que tener los tanques tapados correctamente , para que tengamos un diciembre tranquilo y podremos decir lo logramos\u201d.<\/p>\n\n\n\n<p>En cuanto a la situaci\u00f3n en Barahona, Gina Estrella dijo que 18 casos diarre\u00edcos fueron analizados de laboratorio todos resultaron con shiguella y ameba. Esto se debi\u00f3 a una situaci\u00f3n con el acueducto por ello INAPA y la CORA est\u00e1n trabajando en su soluci\u00f3n .<\/p>\n\n\n\n<p>En tanto que el doctor Ronald Skwes, director de Epidemiolog\u00eda precis\u00f3 que unos 124 municipios del pa\u00eds est\u00e1n disminuyendo los casos, \u201chay 80 municipios que no notificaron casos en la SE 43, esto gracias a las acciones de prevenci\u00f3n, 151 municipios con incidencia a la baja\u201d.<\/p>\n\n\n\n<p>Se\u00f1al\u00f3 que desde la Semana Epidemiol\u00f3gica n\u00famero 40 cuando se registraron 1,473 casos de dengue, la tendencia a la baja ha sido sostenida, (SE. 41: 1,301, SE 42: 1,256 y en la presente SE 43 1,248 nuevos casos), lo que demuestra una reducci\u00f3n gradual.<\/p>\n","protected":false},"excerpt":{"rendered":"<p>La instituci\u00f3n reporta 19 defunciones por dengue y 1,248 nuevos casos. SANTIAGO DE LOS CABALLEROS El Ministerio de Salud P\u00fablica (MSP), inform\u00f3 este mi\u00e9rcoles que en las \u00faltimas cuatro semanas los casos de dengue han experimentado una reducci\u00f3n sostenida, mientras que los virus respiratorios aumentan. El ministro de Salud P\u00fablica, doctor Daniel Rivera, destac\u00f3 que [&hellip;]<\/p>\n","protected":false},"author":2,"featured_media":37156,"comment_status":"open","ping_status":"open","sticky":true,"template":"","format":"standard","meta":{"footnotes":""},"categories":[224],"tags":[288,8434,881,8753],"class_list":{"0":"post-37155","1":"post","2":"type-post","3":"status-publish","4":"format-standard","5":"has-post-thumbnail","7":"category-salud","8":"tag-dengue","9":"tag-doctor-daniel-rivera","10":"tag-ministerio-de-salud-publica","11":"tag-virus-respiratorios"},"yoast_head":"<!-- This site is optimized with the Yoast SEO plugin v24.9 - https:\/\/yoast.com\/wordpress\/plugins\/seo\/ -->\n<title>Ministerio de Salud P\u00fablica destaca reducci\u00f3n de casos de dengue en \u00faltimas cuatro semanas; virus respiratorios aumentan - BLG Noticias<\/title>\n<meta name=\"robots\" content=\"index, follow, max-snippet:-1, max-image-preview:large, max-video-preview:-1\" \/>\n<link rel=\"canonical\" href=\"https:\/\/blgnoticiassantodomingo.net\/index.php\/2023\/11\/09\/ministerio-de-salud-publica-destaca-reduccion-de-casos-de-dengue-en-ultimas-cuatro-semanas-virus-respiratorios-aumentan\/\" \/>\n<meta property=\"og:locale\" content=\"es_ES\" \/>\n<meta property=\"og:type\" content=\"article\" \/>\n<meta property=\"og:title\" content=\"Ministerio de Salud P\u00fablica destaca reducci\u00f3n de casos de dengue en \u00faltimas cuatro semanas; virus respiratorios aumentan - BLG Noticias\" \/>\n<meta property=\"og:description\" content=\"La instituci\u00f3n reporta 19 defunciones por dengue y 1,248 nuevos casos. SANTIAGO DE LOS CABALLEROS El Ministerio de Salud P\u00fablica (MSP), inform\u00f3 este mi\u00e9rcoles que en las \u00faltimas cuatro semanas los casos de dengue han experimentado una reducci\u00f3n sostenida, mientras que los virus respiratorios aumentan. El ministro de Salud P\u00fablica, doctor Daniel Rivera, destac\u00f3 que [&hellip;]\" \/>\n<meta property=\"og:url\" content=\"https:\/\/blgnoticiassantodomingo.net\/index.php\/2023\/11\/09\/ministerio-de-salud-publica-destaca-reduccion-de-casos-de-dengue-en-ultimas-cuatro-semanas-virus-respiratorios-aumentan\/\" \/>\n<meta property=\"og:site_name\" content=\"BLG Noticias\" \/>\n<meta property=\"article:publisher\" content=\"https:\/\/web.facebook.com\/BlgNoticias\/?locale=es_LA&amp;_rdc=1&amp;_rdr\" \/>\n<meta property=\"article:published_time\" content=\"2023-11-09T20:01:31+00:00\" \/>\n<meta property=\"article:modified_time\" content=\"2023-11-09T20:01:34+00:00\" \/>\n<meta property=\"og:image\" content=\"https:\/\/blgnoticiassantodomingo.net\/wp-content\/uploads\/2023\/11\/WhatsApp-Image-2023-11-08-at-1.46.15-PM.jpeg\" \/>\n\t<meta property=\"og:image:width\" content=\"1024\" \/>\n\t<meta property=\"og:image:height\" content=\"682\" \/>\n\t<meta property=\"og:image:type\" content=\"image\/jpeg\" \/>\n<meta name=\"author\" content=\"Brenda Guerrero\" \/>\n<meta name=\"twitter:card\" content=\"summary_large_image\" \/>\n<meta name=\"twitter:creator\" content=\"@BlgNoticias\" \/>\n<meta name=\"twitter:site\" content=\"@BlgNoticias\" \/>\n<meta name=\"twitter:label1\" content=\"Escrito por\" \/>\n\t<meta name=\"twitter:data1\" content=\"Brenda Guerrero\" \/>\n\t<meta name=\"twitter:label2\" content=\"Tiempo de lectura\" \/>\n\t<meta name=\"twitter:data2\" content=\"3 minutos\" \/>\n<script type=\"application\/ld+json\" class=\"yoast-schema-graph\">{\"@context\":\"https:\/\/schema.org\",\"@graph\":[{\"@type\":\"Article\",\"@id\":\"https:\/\/blgnoticiassantodomingo.net\/index.php\/2023\/11\/09\/ministerio-de-salud-publica-destaca-reduccion-de-casos-de-dengue-en-ultimas-cuatro-semanas-virus-respiratorios-aumentan\/#article\",\"isPartOf\":{\"@id\":\"https:\/\/blgnoticiassantodomingo.net\/index.php\/2023\/11\/09\/ministerio-de-salud-publica-destaca-reduccion-de-casos-de-dengue-en-ultimas-cuatro-semanas-virus-respiratorios-aumentan\/\"},\"author\":{\"name\":\"Brenda Guerrero\",\"@id\":\"https:\/\/blgnoticiassantodomingo.net\/#\/schema\/person\/e2fc21cf88acc63dbd134be981bff374\"},\"headline\":\"Ministerio de Salud P\u00fablica destaca reducci\u00f3n de casos de dengue en \u00faltimas cuatro semanas; virus respiratorios aumentan\",\"datePublished\":\"2023-11-09T20:01:31+00:00\",\"dateModified\":\"2023-11-09T20:01:34+00:00\",\"mainEntityOfPage\":{\"@id\":\"https:\/\/blgnoticiassantodomingo.net\/index.php\/2023\/11\/09\/ministerio-de-salud-publica-destaca-reduccion-de-casos-de-dengue-en-ultimas-cuatro-semanas-virus-respiratorios-aumentan\/\"},\"wordCount\":591,\"commentCount\":0,\"publisher\":{\"@id\":\"https:\/\/blgnoticiassantodomingo.net\/#organization\"},\"image\":{\"@id\":\"https:\/\/blgnoticiassantodomingo.net\/index.php\/2023\/11\/09\/ministerio-de-salud-publica-destaca-reduccion-de-casos-de-dengue-en-ultimas-cuatro-semanas-virus-respiratorios-aumentan\/#primaryimage\"},\"thumbnailUrl\":\"https:\/\/blgnoticiassantodomingo.net\/wp-content\/uploads\/2023\/11\/WhatsApp-Image-2023-11-08-at-1.46.15-PM.jpeg\",\"keywords\":[\"Dengue\",\"doctor Daniel Rivera\",\"Ministerio de Salud P\u00fablica\",\"virus respiratorios\"],\"articleSection\":[\"Salud\"],\"inLanguage\":\"es\",\"potentialAction\":[{\"@type\":\"CommentAction\",\"name\":\"Comment\",\"target\":[\"https:\/\/blgnoticiassantodomingo.net\/index.php\/2023\/11\/09\/ministerio-de-salud-publica-destaca-reduccion-de-casos-de-dengue-en-ultimas-cuatro-semanas-virus-respiratorios-aumentan\/#respond\"]}]},{\"@type\":\"WebPage\",\"@id\":\"https:\/\/blgnoticiassantodomingo.net\/index.php\/2023\/11\/09\/ministerio-de-salud-publica-destaca-reduccion-de-casos-de-dengue-en-ultimas-cuatro-semanas-virus-respiratorios-aumentan\/\",\"url\":\"https:\/\/blgnoticiassantodomingo.net\/index.php\/2023\/11\/09\/ministerio-de-salud-publica-destaca-reduccion-de-casos-de-dengue-en-ultimas-cuatro-semanas-virus-respiratorios-aumentan\/\",\"name\":\"Ministerio de Salud P\u00fablica destaca reducci\u00f3n de casos de dengue en \u00faltimas cuatro semanas; virus respiratorios aumentan - BLG Noticias\",\"isPartOf\":{\"@id\":\"https:\/\/blgnoticiassantodomingo.net\/#website\"},\"primaryImageOfPage\":{\"@id\":\"https:\/\/blgnoticiassantodomingo.net\/index.php\/2023\/11\/09\/ministerio-de-salud-publica-destaca-reduccion-de-casos-de-dengue-en-ultimas-cuatro-semanas-virus-respiratorios-aumentan\/#primaryimage\"},\"image\":{\"@id\":\"https:\/\/blgnoticiassantodomingo.net\/index.php\/2023\/11\/09\/ministerio-de-salud-publica-destaca-reduccion-de-casos-de-dengue-en-ultimas-cuatro-semanas-virus-respiratorios-aumentan\/#primaryimage\"},\"thumbnailUrl\":\"https:\/\/blgnoticiassantodomingo.net\/wp-content\/uploads\/2023\/11\/WhatsApp-Image-2023-11-08-at-1.46.15-PM.jpeg\",\"datePublished\":\"2023-11-09T20:01:31+00:00\",\"dateModified\":\"2023-11-09T20:01:34+00:00\",\"breadcrumb\":{\"@id\":\"https:\/\/blgnoticiassantodomingo.net\/index.php\/2023\/11\/09\/ministerio-de-salud-publica-destaca-reduccion-de-casos-de-dengue-en-ultimas-cuatro-semanas-virus-respiratorios-aumentan\/#breadcrumb\"},\"inLanguage\":\"es\",\"potentialAction\":[{\"@type\":\"ReadAction\",\"target\":[\"https:\/\/blgnoticiassantodomingo.net\/index.php\/2023\/11\/09\/ministerio-de-salud-publica-destaca-reduccion-de-casos-de-dengue-en-ultimas-cuatro-semanas-virus-respiratorios-aumentan\/\"]}]},{\"@type\":\"ImageObject\",\"inLanguage\":\"es\",\"@id\":\"https:\/\/blgnoticiassantodomingo.net\/index.php\/2023\/11\/09\/ministerio-de-salud-publica-destaca-reduccion-de-casos-de-dengue-en-ultimas-cuatro-semanas-virus-respiratorios-aumentan\/#primaryimage\",\"url\":\"https:\/\/blgnoticiassantodomingo.net\/wp-content\/uploads\/2023\/11\/WhatsApp-Image-2023-11-08-at-1.46.15-PM.jpeg\",\"contentUrl\":\"https:\/\/blgnoticiassantodomingo.net\/wp-content\/uploads\/2023\/11\/WhatsApp-Image-2023-11-08-at-1.46.15-PM.jpeg\",\"width\":1024,\"height\":682},{\"@type\":\"BreadcrumbList\",\"@id\":\"https:\/\/blgnoticiassantodomingo.net\/index.php\/2023\/11\/09\/ministerio-de-salud-publica-destaca-reduccion-de-casos-de-dengue-en-ultimas-cuatro-semanas-virus-respiratorios-aumentan\/#breadcrumb\",\"itemListElement\":[{\"@type\":\"ListItem\",\"position\":1,\"name\":\"Portada\",\"item\":\"https:\/\/blgnoticiassantodomingo.net\/\"},{\"@type\":\"ListItem\",\"position\":2,\"name\":\"Ministerio de Salud P\u00fablica destaca reducci\u00f3n de casos de dengue en \u00faltimas cuatro semanas; virus respiratorios aumentan\"}]},{\"@type\":\"WebSite\",\"@id\":\"https:\/\/blgnoticiassantodomingo.net\/#website\",\"url\":\"https:\/\/blgnoticiassantodomingo.net\/\",\"name\":\"BLG Noticias\",\"description\":\"Esto es Noticias\",\"publisher\":{\"@id\":\"https:\/\/blgnoticiassantodomingo.net\/#organization\"},\"potentialAction\":[{\"@type\":\"SearchAction\",\"target\":{\"@type\":\"EntryPoint\",\"urlTemplate\":\"https:\/\/blgnoticiassantodomingo.net\/?s={search_term_string}\"},\"query-input\":{\"@type\":\"PropertyValueSpecification\",\"valueRequired\":true,\"valueName\":\"search_term_string\"}}],\"inLanguage\":\"es\"},{\"@type\":\"Organization\",\"@id\":\"https:\/\/blgnoticiassantodomingo.net\/#organization\",\"name\":\"BLG Noticias\",\"url\":\"https:\/\/blgnoticiassantodomingo.net\/\",\"logo\":{\"@type\":\"ImageObject\",\"inLanguage\":\"es\",\"@id\":\"https:\/\/blgnoticiassantodomingo.net\/#\/schema\/logo\/image\/\",\"url\":\"https:\/\/blgnoticiassantodomingo.net\/wp-content\/uploads\/2023\/12\/Diseno-sin-titulo-3.jpg\",\"contentUrl\":\"https:\/\/blgnoticiassantodomingo.net\/wp-content\/uploads\/2023\/12\/Diseno-sin-titulo-3.jpg\",\"width\":500,\"height\":500,\"caption\":\"BLG Noticias\"},\"image\":{\"@id\":\"https:\/\/blgnoticiassantodomingo.net\/#\/schema\/logo\/image\/\"},\"sameAs\":[\"https:\/\/web.facebook.com\/BlgNoticias\/?locale=es_LA&_rdc=1&_rdr\",\"https:\/\/x.com\/BlgNoticias\",\"https:\/\/www.linkedin.com\/in\/brenda-l-santana-aa846279\/\"]},{\"@type\":\"Person\",\"@id\":\"https:\/\/blgnoticiassantodomingo.net\/#\/schema\/person\/e2fc21cf88acc63dbd134be981bff374\",\"name\":\"Brenda Guerrero\",\"image\":{\"@type\":\"ImageObject\",\"inLanguage\":\"es\",\"@id\":\"https:\/\/blgnoticiassantodomingo.net\/#\/schema\/person\/image\/\",\"url\":\"https:\/\/secure.gravatar.com\/avatar\/2f7fc4c3e3655be1580cb684bfd8ab19be702ae20879da1e072021daa02f9b8b?s=96&d=wp_user_avatar&r=g\",\"contentUrl\":\"https:\/\/secure.gravatar.com\/avatar\/2f7fc4c3e3655be1580cb684bfd8ab19be702ae20879da1e072021daa02f9b8b?s=96&d=wp_user_avatar&r=g\",\"caption\":\"Brenda Guerrero\"},\"description\":\"Periodista\",\"url\":\"https:\/\/blgnoticiassantodomingo.net\/index.php\/author\/brenda-guerrero\/\"}]}<\/script>\n<!-- \/ Yoast SEO plugin. -->","yoast_head_json":{"title":"Ministerio de Salud P\u00fablica destaca reducci\u00f3n de casos de dengue en \u00faltimas cuatro semanas; virus respiratorios aumentan - BLG Noticias","robots":{"index":"index","follow":"follow","max-snippet":"max-snippet:-1","max-image-preview":"max-image-preview:large","max-video-preview":"max-video-preview:-1"},"canonical":"https:\/\/blgnoticiassantodomingo.net\/index.php\/2023\/11\/09\/ministerio-de-salud-publica-destaca-reduccion-de-casos-de-dengue-en-ultimas-cuatro-semanas-virus-respiratorios-aumentan\/","og_locale":"es_ES","og_type":"article","og_title":"Ministerio de Salud P\u00fablica destaca reducci\u00f3n de casos de dengue en \u00faltimas cuatro semanas; virus respiratorios aumentan - BLG Noticias","og_description":"La instituci\u00f3n reporta 19 defunciones por dengue y 1,248 nuevos casos. SANTIAGO DE LOS CABALLEROS El Ministerio de Salud P\u00fablica (MSP), inform\u00f3 este mi\u00e9rcoles que en las \u00faltimas cuatro semanas los casos de dengue han experimentado una reducci\u00f3n sostenida, mientras que los virus respiratorios aumentan. El ministro de Salud P\u00fablica, doctor Daniel Rivera, destac\u00f3 que [&hellip;]","og_url":"https:\/\/blgnoticiassantodomingo.net\/index.php\/2023\/11\/09\/ministerio-de-salud-publica-destaca-reduccion-de-casos-de-dengue-en-ultimas-cuatro-semanas-virus-respiratorios-aumentan\/","og_site_name":"BLG Noticias","article_publisher":"https:\/\/web.facebook.com\/BlgNoticias\/?locale=es_LA&_rdc=1&_rdr","article_published_time":"2023-11-09T20:01:31+00:00","article_modified_time":"2023-11-09T20:01:34+00:00","og_image":[{"width":1024,"height":682,"url":"https:\/\/blgnoticiassantodomingo.net\/wp-content\/uploads\/2023\/11\/WhatsApp-Image-2023-11-08-at-1.46.15-PM.jpeg","type":"image\/jpeg"}],"author":"Brenda Guerrero","twitter_card":"summary_large_image","twitter_creator":"@BlgNoticias","twitter_site":"@BlgNoticias","twitter_misc":{"Escrito por":"Brenda Guerrero","Tiempo de lectura":"3 minutos"},"schema":{"@context":"https:\/\/schema.org","@graph":[{"@type":"Article","@id":"https:\/\/blgnoticiassantodomingo.net\/index.php\/2023\/11\/09\/ministerio-de-salud-publica-destaca-reduccion-de-casos-de-dengue-en-ultimas-cuatro-semanas-virus-respiratorios-aumentan\/#article","isPartOf":{"@id":"https:\/\/blgnoticiassantodomingo.net\/index.php\/2023\/11\/09\/ministerio-de-salud-publica-destaca-reduccion-de-casos-de-dengue-en-ultimas-cuatro-semanas-virus-respiratorios-aumentan\/"},"author":{"name":"Brenda Guerrero","@id":"https:\/\/blgnoticiassantodomingo.net\/#\/schema\/person\/e2fc21cf88acc63dbd134be981bff374"},"headline":"Ministerio de Salud P\u00fablica destaca reducci\u00f3n de casos de dengue en \u00faltimas cuatro semanas; virus respiratorios aumentan","datePublished":"2023-11-09T20:01:31+00:00","dateModified":"2023-11-09T20:01:34+00:00","mainEntityOfPage":{"@id":"https:\/\/blgnoticiassantodomingo.net\/index.php\/2023\/11\/09\/ministerio-de-salud-publica-destaca-reduccion-de-casos-de-dengue-en-ultimas-cuatro-semanas-virus-respiratorios-aumentan\/"},"wordCount":591,"commentCount":0,"publisher":{"@id":"https:\/\/blgnoticiassantodomingo.net\/#organization"},"image":{"@id":"https:\/\/blgnoticiassantodomingo.net\/index.php\/2023\/11\/09\/ministerio-de-salud-publica-destaca-reduccion-de-casos-de-dengue-en-ultimas-cuatro-semanas-virus-respiratorios-aumentan\/#primaryimage"},"thumbnailUrl":"https:\/\/blgnoticiassantodomingo.net\/wp-content\/uploads\/2023\/11\/WhatsApp-Image-2023-11-08-at-1.46.15-PM.jpeg","keywords":["Dengue","doctor Daniel Rivera","Ministerio de Salud P\u00fablica","virus respiratorios"],"articleSection":["Salud"],"inLanguage":"es","potentialAction":[{"@type":"CommentAction","name":"Comment","target":["https:\/\/blgnoticiassantodomingo.net\/index.php\/2023\/11\/09\/ministerio-de-salud-publica-destaca-reduccion-de-casos-de-dengue-en-ultimas-cuatro-semanas-virus-respiratorios-aumentan\/#respond"]}]},{"@type":"WebPage","@id":"https:\/\/blgnoticiassantodomingo.net\/index.php\/2023\/11\/09\/ministerio-de-salud-publica-destaca-reduccion-de-casos-de-dengue-en-ultimas-cuatro-semanas-virus-respiratorios-aumentan\/","url":"https:\/\/blgnoticiassantodomingo.net\/index.php\/2023\/11\/09\/ministerio-de-salud-publica-destaca-reduccion-de-casos-de-dengue-en-ultimas-cuatro-semanas-virus-respiratorios-aumentan\/","name":"Ministerio de Salud P\u00fablica destaca reducci\u00f3n de casos de dengue en \u00faltimas cuatro semanas; virus respiratorios aumentan - BLG Noticias","isPartOf":{"@id":"https:\/\/blgnoticiassantodomingo.net\/#website"},"primaryImageOfPage":{"@id":"https:\/\/blgnoticiassantodomingo.net\/index.php\/2023\/11\/09\/ministerio-de-salud-publica-destaca-reduccion-de-casos-de-dengue-en-ultimas-cuatro-semanas-virus-respiratorios-aumentan\/#primaryimage"},"image":{"@id":"https:\/\/blgnoticiassantodomingo.net\/index.php\/2023\/11\/09\/ministerio-de-salud-publica-destaca-reduccion-de-casos-de-dengue-en-ultimas-cuatro-semanas-virus-respiratorios-aumentan\/#primaryimage"},"thumbnailUrl":"https:\/\/blgnoticiassantodomingo.net\/wp-content\/uploads\/2023\/11\/WhatsApp-Image-2023-11-08-at-1.46.15-PM.jpeg","datePublished":"2023-11-09T20:01:31+00:00","dateModified":"2023-11-09T20:01:34+00:00","breadcrumb":{"@id":"https:\/\/blgnoticiassantodomingo.net\/index.php\/2023\/11\/09\/ministerio-de-salud-publica-destaca-reduccion-de-casos-de-dengue-en-ultimas-cuatro-semanas-virus-respiratorios-aumentan\/#breadcrumb"},"inLanguage":"es","potentialAction":[{"@type":"ReadAction","target":["https:\/\/blgnoticiassantodomingo.net\/index.php\/2023\/11\/09\/ministerio-de-salud-publica-destaca-reduccion-de-casos-de-dengue-en-ultimas-cuatro-semanas-virus-respiratorios-aumentan\/"]}]},{"@type":"ImageObject","inLanguage":"es","@id":"https:\/\/blgnoticiassantodomingo.net\/index.php\/2023\/11\/09\/ministerio-de-salud-publica-destaca-reduccion-de-casos-de-dengue-en-ultimas-cuatro-semanas-virus-respiratorios-aumentan\/#primaryimage","url":"https:\/\/blgnoticiassantodomingo.net\/wp-content\/uploads\/2023\/11\/WhatsApp-Image-2023-11-08-at-1.46.15-PM.jpeg","contentUrl":"https:\/\/blgnoticiassantodomingo.net\/wp-content\/uploads\/2023\/11\/WhatsApp-Image-2023-11-08-at-1.46.15-PM.jpeg","width":1024,"height":682},{"@type":"BreadcrumbList","@id":"https:\/\/blgnoticiassantodomingo.net\/index.php\/2023\/11\/09\/ministerio-de-salud-publica-destaca-reduccion-de-casos-de-dengue-en-ultimas-cuatro-semanas-virus-respiratorios-aumentan\/#breadcrumb","itemListElement":[{"@type":"ListItem","position":1,"name":"Portada","item":"https:\/\/blgnoticiassantodomingo.net\/"},{"@type":"ListItem","position":2,"name":"Ministerio de Salud P\u00fablica destaca reducci\u00f3n de casos de dengue en \u00faltimas cuatro semanas; virus respiratorios aumentan"}]},{"@type":"WebSite","@id":"https:\/\/blgnoticiassantodomingo.net\/#website","url":"https:\/\/blgnoticiassantodomingo.net\/","name":"BLG Noticias","description":"Esto es Noticias","publisher":{"@id":"https:\/\/blgnoticiassantodomingo.net\/#organization"},"potentialAction":[{"@type":"SearchAction","target":{"@type":"EntryPoint","urlTemplate":"https:\/\/blgnoticiassantodomingo.net\/?s={search_term_string}"},"query-input":{"@type":"PropertyValueSpecification","valueRequired":true,"valueName":"search_term_string"}}],"inLanguage":"es"},{"@type":"Organization","@id":"https:\/\/blgnoticiassantodomingo.net\/#organization","name":"BLG Noticias","url":"https:\/\/blgnoticiassantodomingo.net\/","logo":{"@type":"ImageObject","inLanguage":"es","@id":"https:\/\/blgnoticiassantodomingo.net\/#\/schema\/logo\/image\/","url":"https:\/\/blgnoticiassantodomingo.net\/wp-content\/uploads\/2023\/12\/Diseno-sin-titulo-3.jpg","contentUrl":"https:\/\/blgnoticiassantodomingo.net\/wp-content\/uploads\/2023\/12\/Diseno-sin-titulo-3.jpg","width":500,"height":500,"caption":"BLG Noticias"},"image":{"@id":"https:\/\/blgnoticiassantodomingo.net\/#\/schema\/logo\/image\/"},"sameAs":["https:\/\/web.facebook.com\/BlgNoticias\/?locale=es_LA&_rdc=1&_rdr","https:\/\/x.com\/BlgNoticias","https:\/\/www.linkedin.com\/in\/brenda-l-santana-aa846279\/"]},{"@type":"Person","@id":"https:\/\/blgnoticiassantodomingo.net\/#\/schema\/person\/e2fc21cf88acc63dbd134be981bff374","name":"Brenda Guerrero","image":{"@type":"ImageObject","inLanguage":"es","@id":"https:\/\/blgnoticiassantodomingo.net\/#\/schema\/person\/image\/","url":"https:\/\/secure.gravatar.com\/avatar\/2f7fc4c3e3655be1580cb684bfd8ab19be702ae20879da1e072021daa02f9b8b?s=96&d=wp_user_avatar&r=g","contentUrl":"https:\/\/secure.gravatar.com\/avatar\/2f7fc4c3e3655be1580cb684bfd8ab19be702ae20879da1e072021daa02f9b8b?s=96&d=wp_user_avatar&r=g","caption":"Brenda Guerrero"},"description":"Periodista","url":"https:\/\/blgnoticiassantodomingo.net\/index.php\/author\/brenda-guerrero\/"}]}},"jetpack_featured_media_url":"https:\/\/blgnoticiassantodomingo.net\/wp-content\/uploads\/2023\/11\/WhatsApp-Image-2023-11-08-at-1.46.15-PM.jpeg","_links":{"self":[{"href":"https:\/\/blgnoticiassantodomingo.net\/index.php\/wp-json\/wp\/v2\/posts\/37155","targetHints":{"allow":["GET"]}}],"collection":[{"href":"https:\/\/blgnoticiassantodomingo.net\/index.php\/wp-json\/wp\/v2\/posts"}],"about":[{"href":"https:\/\/blgnoticiassantodomingo.net\/index.php\/wp-json\/wp\/v2\/types\/post"}],"author":[{"embeddable":true,"href":"https:\/\/blgnoticiassantodomingo.net\/index.php\/wp-json\/wp\/v2\/users\/2"}],"replies":[{"embeddable":true,"href":"https:\/\/blgnoticiassantodomingo.net\/index.php\/wp-json\/wp\/v2\/comments?post=37155"}],"version-history":[{"count":1,"href":"https:\/\/blgnoticiassantodomingo.net\/index.php\/wp-json\/wp\/v2\/posts\/37155\/revisions"}],"predecessor-version":[{"id":37157,"href":"https:\/\/blgnoticiassantodomingo.net\/index.php\/wp-json\/wp\/v2\/posts\/37155\/revisions\/37157"}],"wp:featuredmedia":[{"embeddable":true,"href":"https:\/\/blgnoticiassantodomingo.net\/index.php\/wp-json\/wp\/v2\/media\/37156"}],"wp:attachment":[{"href":"https:\/\/blgnoticiassantodomingo.net\/index.php\/wp-json\/wp\/v2\/media?parent=37155"}],"wp:term":[{"taxonomy":"category","embeddable":true,"href":"https:\/\/blgnoticiassantodomingo.net\/index.php\/wp-json\/wp\/v2\/categories?post=37155"},{"taxonomy":"post_tag","embeddable":true,"href":"https:\/\/blgnoticiassantodomingo.net\/index.php\/wp-json\/wp\/v2\/tags?post=37155"}],"curies":[{"name":"wp","href":"https:\/\/api.w.org\/{rel}","templated":true}]}}