{"id":37144,"date":"2023-11-09T15:11:06","date_gmt":"2023-11-09T19:11:06","guid":{"rendered":"https:\/\/blgnoticiassantodomingo.net\/?p=37144"},"modified":"2023-11-09T15:11:29","modified_gmt":"2023-11-09T19:11:29","slug":"la-salud-de-bruce-willis-empeora-ya-no-reconoce-a-demi-moore","status":"publish","type":"post","link":"https:\/\/blgnoticiassantodomingo.net\/index.php\/2023\/11\/09\/la-salud-de-bruce-willis-empeora-ya-no-reconoce-a-demi-moore\/","title":{"rendered":"La salud de Bruce Willis empeora, ya no reconoce a Demi Moore"},"content":{"rendered":"\n<p><strong><em>Fue en marzo de 2022 cuando el actor fue diagnosticado con el trastorno de afasia y despu\u00e9s los especialistas corrigieron a demencia frontotemporal.<\/em><\/strong><\/p>\n\n\n\n<p>Fue en marzo de 2022 cuando a\u00a0<strong>Bruce Willis\u00a0<\/strong>se le diagnostic\u00f3 con el trastorno de afasia. Despu\u00e9s los especialistas corrigieron e informaron que el actor padec\u00eda demencia frontotemporal que da\u00f1a los l\u00f3bulos frontal y temporal del cerebro y que, lamentablemente, avanza r\u00e1pido empeorando su estado de salud.<\/p>\n\n\n\n<h2 class=\"wp-block-heading\">Empeora la salud de Bruce Willis al padecer demencia frontotemporal<\/h2>\n\n\n\n<p>Desde entonces, el estelar de la saga f\u00edlmica&nbsp;<em>Duro de matar<\/em>&nbsp;est\u00e1 afectado no s\u00f3lo en su lenguaje sino en su memoria y de acuerdo con&nbsp;<em>Closer Weekly<\/em>, ya no reconoce a&nbsp;<strong>Demi Moore<\/strong>, la mam\u00e1 de sus tres primeras hijas.<\/p>\n\n\n<div class=\"wp-block-image\">\n<figure class=\"alignright is-resized\"><img decoding=\"async\" src=\"https:\/\/cdn-3.expansion.mx\/dims4\/default\/6879ce3\/2147483647\/strip\/true\/crop\/620x400+0+0\/resize\/600x387!\/format\/webp\/quality\/60\/?url=https%3A%2F%2Fcherry-brightspot.s3.amazonaws.com%2Fmedia%2F2011%2F07%2F21%2Fbruce.jpg\" alt=\"Demi Moore y Bruce Willis.\" style=\"width:247px;height:auto\"\/><figcaption class=\"wp-element-caption\">Demi Moore y Bruce Willis.&nbsp;(AP)<\/figcaption><\/figure>\n<\/div>\n\n\n<p>Public\u00f3 que la actriz reci\u00e9n fue a visitarlo y \u00e9l ya no supo qui\u00e9n es. \u201cSu memoria se desvaneci\u00f3. Demi se dio cuenta de que \u00e9l realmente no la reconoc\u00eda. Est\u00e1 devastada. Ella no ten\u00eda ni idea de que \u00e9l hab\u00eda ca\u00eddo tanto\u201d, revel\u00f3 al citado medio una fuente cercana a la familia.<\/p>\n\n\n<div class=\"wp-block-image\">\n<figure class=\"alignright is-resized\"><img decoding=\"async\" src=\"https:\/\/cdn-3.expansion.mx\/dims4\/default\/8198798\/2147483647\/strip\/true\/crop\/620x412+0+0\/resize\/600x399!\/format\/webp\/quality\/60\/?url=https%3A%2F%2Fcherry-brightspot.s3.amazonaws.com%2Fmedia%2F2012%2F09%2F03%2Fbruce.jpg\" alt=\"Bruce Willis\" style=\"width:269px;height:auto\"\/><figcaption class=\"wp-element-caption\">Bruce Willis.&nbsp;(Clasos.com)<\/figcaption><\/figure>\n<\/div>\n\n\n<h2 class=\"wp-block-heading\">Bruce Willis ya no reconoce a Demi Moore<\/h2>\n\n\n\n<p>\u201cEs que entre uno y tres minutos sabe qui\u00e9n soy. \u00c9l ya no es totalmente verbal. Sol\u00eda ser un lector voraz y ahora no lee. Todas esas habilidades ling\u00fc\u00edsticas ya no las tiene disponibles. Sin embargo, sigue siendo Bruce. Cuando est\u00e1s con \u00e9l, sabes que es Bruce y est\u00e1s agradecido de que est\u00e9 all\u00ed, pero la alegr\u00eda de vivir se le fue\u201d, dijo en entrevista para&nbsp;<em>Page Six<\/em>.<\/p>\n\n\n<div class=\"wp-block-image\">\n<figure class=\"alignleft is-resized\"><img decoding=\"async\" src=\"https:\/\/cdn-3.expansion.mx\/dims4\/default\/90db237\/2147483647\/strip\/true\/crop\/1200x788+0+0\/resize\/600x394!\/format\/webp\/quality\/60\/?url=https%3A%2F%2Fcdn-3.expansion.mx%2F2c%2F6d%2F6830dee4452e9fa7383e28b0ca31%2Frumer-willis-bruce-willis-demi-moore.jpg\" alt=\"demi-moore-bruce-willis-hija\" style=\"width:201px;height:auto\"\/><figcaption class=\"wp-element-caption\">Demi Moore, Bruce Willia y su hija Rumer Willis&nbsp;(Getty Images )<\/figcaption><\/figure>\n<\/div>\n\n\n<p>Mencion\u00f3 que a menudo intenta hablar con&nbsp;<strong>Emma Heming<\/strong>, as\u00ed como con sus tres hijas mayores&nbsp;<strong>Rumer<\/strong>, de 34 a\u00f1os,&nbsp;<strong>Scout<\/strong>, de 31 y&nbsp;<strong>Tallulah<\/strong>, de 29, nacidas de su matrimonio con&nbsp;<strong>Demi Moore a fin de conocer su estado de salud.<\/strong><\/p>\n\n\n<div class=\"wp-block-image\">\n<figure class=\"alignleft is-resized\"><img decoding=\"async\" src=\"https:\/\/cdn-3.expansion.mx\/dims4\/default\/3dd7d33\/2147483647\/strip\/true\/crop\/401x600+0+0\/resize\/600x898!\/format\/webp\/quality\/60\/?url=https%3A%2F%2Fcherry-brightspot.s3.amazonaws.com%2Fmedia%2F2009%2F03%2F17%2F2002-47.jpg\" alt=\"bruce-willis\" style=\"width:160px;height:auto\"\/><figcaption class=\"wp-element-caption\">Bruce Willis.&nbsp;(Archivo Qui\u00e9n)<\/figcaption><\/figure>\n<\/div>\n\n\n<p>\u201cMe esforc\u00e9 mucho por permanecer en su vida. Es una persona extraordinaria. No hab\u00eda nadie con m\u00e1s alegr\u00eda de vivir que Bruce. Adoraba despertarse cada ma\u00f1ana y tratar de vivir al m\u00e1ximo. As\u00ed que la idea de que ahora vea todo a trav\u00e9s de una puerta mosquitera, por as\u00ed decirlo, tiene muy poco sentido. Es realmente un tipo incre\u00edble\u201d, relat\u00f3.<\/p>\n\n\n\n<p>Debido a esta situaci\u00f3n es que<strong>\u00a0Bruce Willis\u00a0<\/strong>se mantiene alejado del foco medi\u00e1tico, rodeado de su entorno m\u00e1s cercano y apoy\u00e1ndose en los suyos para atravesar el momento m\u00e1s complicado de su vida.<\/p>\n\n\n\n<p>Fuene: Qui\u00e9n<\/p>\n","protected":false},"excerpt":{"rendered":"<p>Fue en marzo de 2022 cuando el actor fue diagnosticado con el trastorno de afasia y despu\u00e9s los especialistas corrigieron a demencia frontotemporal. Fue en marzo de 2022 cuando a\u00a0Bruce Willis\u00a0se le diagnostic\u00f3 con el trastorno de afasia. Despu\u00e9s los especialistas corrigieron e informaron que el actor padec\u00eda demencia frontotemporal que da\u00f1a los l\u00f3bulos frontal [&hellip;]<\/p>\n","protected":false},"author":2,"featured_media":37145,"comment_status":"open","ping_status":"open","sticky":true,"template":"","format":"standard","meta":{"footnotes":""},"categories":[222],"tags":[8745,8747,8748,8746],"class_list":{"0":"post-37144","1":"post","2":"type-post","3":"status-publish","4":"format-standard","5":"has-post-thumbnail","7":"category-arte-y-espectaculos","8":"tag-bruce-willis","9":"tag-demencia-frontotemporal","10":"tag-demi-moore","11":"tag-trastorno-de-afasia"},"yoast_head":"<!-- This site is optimized with the Yoast SEO plugin v24.9 - https:\/\/yoast.com\/wordpress\/plugins\/seo\/ -->\n<title>La salud de Bruce Willis empeora, ya no reconoce a Demi Moore - BLG Noticias<\/title>\n<meta name=\"robots\" content=\"index, follow, max-snippet:-1, max-image-preview:large, max-video-preview:-1\" \/>\n<link rel=\"canonical\" href=\"https:\/\/blgnoticiassantodomingo.net\/index.php\/2023\/11\/09\/la-salud-de-bruce-willis-empeora-ya-no-reconoce-a-demi-moore\/\" \/>\n<meta property=\"og:locale\" content=\"es_ES\" \/>\n<meta property=\"og:type\" content=\"article\" \/>\n<meta property=\"og:title\" content=\"La salud de Bruce Willis empeora, ya no reconoce a Demi Moore - BLG Noticias\" \/>\n<meta property=\"og:description\" content=\"Fue en marzo de 2022 cuando el actor fue diagnosticado con el trastorno de afasia y despu\u00e9s los especialistas corrigieron a demencia frontotemporal. Fue en marzo de 2022 cuando a\u00a0Bruce Willis\u00a0se le diagnostic\u00f3 con el trastorno de afasia. Despu\u00e9s los especialistas corrigieron e informaron que el actor padec\u00eda demencia frontotemporal que da\u00f1a los l\u00f3bulos frontal [&hellip;]\" \/>\n<meta property=\"og:url\" content=\"https:\/\/blgnoticiassantodomingo.net\/index.php\/2023\/11\/09\/la-salud-de-bruce-willis-empeora-ya-no-reconoce-a-demi-moore\/\" \/>\n<meta property=\"og:site_name\" content=\"BLG Noticias\" \/>\n<meta property=\"article:publisher\" content=\"https:\/\/web.facebook.com\/BlgNoticias\/?locale=es_LA&amp;_rdc=1&amp;_rdr\" \/>\n<meta property=\"article:published_time\" content=\"2023-11-09T19:11:06+00:00\" \/>\n<meta property=\"article:modified_time\" content=\"2023-11-09T19:11:29+00:00\" \/>\n<meta property=\"og:image\" content=\"https:\/\/blgnoticiassantodomingo.net\/wp-content\/uploads\/2023\/11\/descarga.webp\" \/>\n\t<meta property=\"og:image:width\" content=\"1200\" \/>\n\t<meta property=\"og:image:height\" content=\"800\" \/>\n\t<meta property=\"og:image:type\" content=\"image\/webp\" \/>\n<meta name=\"author\" content=\"Brenda Guerrero\" \/>\n<meta name=\"twitter:card\" content=\"summary_large_image\" \/>\n<meta name=\"twitter:creator\" content=\"@BlgNoticias\" \/>\n<meta name=\"twitter:site\" content=\"@BlgNoticias\" \/>\n<meta name=\"twitter:label1\" content=\"Escrito por\" \/>\n\t<meta name=\"twitter:data1\" content=\"Brenda Guerrero\" \/>\n\t<meta name=\"twitter:label2\" content=\"Tiempo de lectura\" \/>\n\t<meta name=\"twitter:data2\" content=\"3 minutos\" \/>\n<script type=\"application\/ld+json\" class=\"yoast-schema-graph\">{\"@context\":\"https:\/\/schema.org\",\"@graph\":[{\"@type\":\"Article\",\"@id\":\"https:\/\/blgnoticiassantodomingo.net\/index.php\/2023\/11\/09\/la-salud-de-bruce-willis-empeora-ya-no-reconoce-a-demi-moore\/#article\",\"isPartOf\":{\"@id\":\"https:\/\/blgnoticiassantodomingo.net\/index.php\/2023\/11\/09\/la-salud-de-bruce-willis-empeora-ya-no-reconoce-a-demi-moore\/\"},\"author\":{\"name\":\"Brenda Guerrero\",\"@id\":\"https:\/\/blgnoticiassantodomingo.net\/#\/schema\/person\/e2fc21cf88acc63dbd134be981bff374\"},\"headline\":\"La salud de Bruce Willis empeora, ya no reconoce a Demi Moore\",\"datePublished\":\"2023-11-09T19:11:06+00:00\",\"dateModified\":\"2023-11-09T19:11:29+00:00\",\"mainEntityOfPage\":{\"@id\":\"https:\/\/blgnoticiassantodomingo.net\/index.php\/2023\/11\/09\/la-salud-de-bruce-willis-empeora-ya-no-reconoce-a-demi-moore\/\"},\"wordCount\":470,\"commentCount\":0,\"publisher\":{\"@id\":\"https:\/\/blgnoticiassantodomingo.net\/#organization\"},\"image\":{\"@id\":\"https:\/\/blgnoticiassantodomingo.net\/index.php\/2023\/11\/09\/la-salud-de-bruce-willis-empeora-ya-no-reconoce-a-demi-moore\/#primaryimage\"},\"thumbnailUrl\":\"https:\/\/blgnoticiassantodomingo.net\/wp-content\/uploads\/2023\/11\/descarga.webp\",\"keywords\":[\"Bruce Willis\",\"demencia frontotemporal\",\"Demi Moore\",\"trastorno de afasia\"],\"articleSection\":[\"Arte y Espectaculos\"],\"inLanguage\":\"es\",\"potentialAction\":[{\"@type\":\"CommentAction\",\"name\":\"Comment\",\"target\":[\"https:\/\/blgnoticiassantodomingo.net\/index.php\/2023\/11\/09\/la-salud-de-bruce-willis-empeora-ya-no-reconoce-a-demi-moore\/#respond\"]}]},{\"@type\":\"WebPage\",\"@id\":\"https:\/\/blgnoticiassantodomingo.net\/index.php\/2023\/11\/09\/la-salud-de-bruce-willis-empeora-ya-no-reconoce-a-demi-moore\/\",\"url\":\"https:\/\/blgnoticiassantodomingo.net\/index.php\/2023\/11\/09\/la-salud-de-bruce-willis-empeora-ya-no-reconoce-a-demi-moore\/\",\"name\":\"La salud de Bruce Willis empeora, ya no reconoce a Demi Moore - BLG Noticias\",\"isPartOf\":{\"@id\":\"https:\/\/blgnoticiassantodomingo.net\/#website\"},\"primaryImageOfPage\":{\"@id\":\"https:\/\/blgnoticiassantodomingo.net\/index.php\/2023\/11\/09\/la-salud-de-bruce-willis-empeora-ya-no-reconoce-a-demi-moore\/#primaryimage\"},\"image\":{\"@id\":\"https:\/\/blgnoticiassantodomingo.net\/index.php\/2023\/11\/09\/la-salud-de-bruce-willis-empeora-ya-no-reconoce-a-demi-moore\/#primaryimage\"},\"thumbnailUrl\":\"https:\/\/blgnoticiassantodomingo.net\/wp-content\/uploads\/2023\/11\/descarga.webp\",\"datePublished\":\"2023-11-09T19:11:06+00:00\",\"dateModified\":\"2023-11-09T19:11:29+00:00\",\"breadcrumb\":{\"@id\":\"https:\/\/blgnoticiassantodomingo.net\/index.php\/2023\/11\/09\/la-salud-de-bruce-willis-empeora-ya-no-reconoce-a-demi-moore\/#breadcrumb\"},\"inLanguage\":\"es\",\"potentialAction\":[{\"@type\":\"ReadAction\",\"target\":[\"https:\/\/blgnoticiassantodomingo.net\/index.php\/2023\/11\/09\/la-salud-de-bruce-willis-empeora-ya-no-reconoce-a-demi-moore\/\"]}]},{\"@type\":\"ImageObject\",\"inLanguage\":\"es\",\"@id\":\"https:\/\/blgnoticiassantodomingo.net\/index.php\/2023\/11\/09\/la-salud-de-bruce-willis-empeora-ya-no-reconoce-a-demi-moore\/#primaryimage\",\"url\":\"https:\/\/blgnoticiassantodomingo.net\/wp-content\/uploads\/2023\/11\/descarga.webp\",\"contentUrl\":\"https:\/\/blgnoticiassantodomingo.net\/wp-content\/uploads\/2023\/11\/descarga.webp\",\"width\":1200,\"height\":800},{\"@type\":\"BreadcrumbList\",\"@id\":\"https:\/\/blgnoticiassantodomingo.net\/index.php\/2023\/11\/09\/la-salud-de-bruce-willis-empeora-ya-no-reconoce-a-demi-moore\/#breadcrumb\",\"itemListElement\":[{\"@type\":\"ListItem\",\"position\":1,\"name\":\"Portada\",\"item\":\"https:\/\/blgnoticiassantodomingo.net\/\"},{\"@type\":\"ListItem\",\"position\":2,\"name\":\"La salud de Bruce Willis empeora, ya no reconoce a Demi Moore\"}]},{\"@type\":\"WebSite\",\"@id\":\"https:\/\/blgnoticiassantodomingo.net\/#website\",\"url\":\"https:\/\/blgnoticiassantodomingo.net\/\",\"name\":\"BLG Noticias\",\"description\":\"Esto es Noticias\",\"publisher\":{\"@id\":\"https:\/\/blgnoticiassantodomingo.net\/#organization\"},\"potentialAction\":[{\"@type\":\"SearchAction\",\"target\":{\"@type\":\"EntryPoint\",\"urlTemplate\":\"https:\/\/blgnoticiassantodomingo.net\/?s={search_term_string}\"},\"query-input\":{\"@type\":\"PropertyValueSpecification\",\"valueRequired\":true,\"valueName\":\"search_term_string\"}}],\"inLanguage\":\"es\"},{\"@type\":\"Organization\",\"@id\":\"https:\/\/blgnoticiassantodomingo.net\/#organization\",\"name\":\"BLG Noticias\",\"url\":\"https:\/\/blgnoticiassantodomingo.net\/\",\"logo\":{\"@type\":\"ImageObject\",\"inLanguage\":\"es\",\"@id\":\"https:\/\/blgnoticiassantodomingo.net\/#\/schema\/logo\/image\/\",\"url\":\"https:\/\/blgnoticiassantodomingo.net\/wp-content\/uploads\/2023\/12\/Diseno-sin-titulo-3.jpg\",\"contentUrl\":\"https:\/\/blgnoticiassantodomingo.net\/wp-content\/uploads\/2023\/12\/Diseno-sin-titulo-3.jpg\",\"width\":500,\"height\":500,\"caption\":\"BLG Noticias\"},\"image\":{\"@id\":\"https:\/\/blgnoticiassantodomingo.net\/#\/schema\/logo\/image\/\"},\"sameAs\":[\"https:\/\/web.facebook.com\/BlgNoticias\/?locale=es_LA&_rdc=1&_rdr\",\"https:\/\/x.com\/BlgNoticias\",\"https:\/\/www.linkedin.com\/in\/brenda-l-santana-aa846279\/\"]},{\"@type\":\"Person\",\"@id\":\"https:\/\/blgnoticiassantodomingo.net\/#\/schema\/person\/e2fc21cf88acc63dbd134be981bff374\",\"name\":\"Brenda Guerrero\",\"image\":{\"@type\":\"ImageObject\",\"inLanguage\":\"es\",\"@id\":\"https:\/\/blgnoticiassantodomingo.net\/#\/schema\/person\/image\/\",\"url\":\"https:\/\/secure.gravatar.com\/avatar\/2f7fc4c3e3655be1580cb684bfd8ab19be702ae20879da1e072021daa02f9b8b?s=96&d=wp_user_avatar&r=g\",\"contentUrl\":\"https:\/\/secure.gravatar.com\/avatar\/2f7fc4c3e3655be1580cb684bfd8ab19be702ae20879da1e072021daa02f9b8b?s=96&d=wp_user_avatar&r=g\",\"caption\":\"Brenda Guerrero\"},\"description\":\"Periodista\",\"url\":\"https:\/\/blgnoticiassantodomingo.net\/index.php\/author\/brenda-guerrero\/\"}]}<\/script>\n<!-- \/ Yoast SEO plugin. -->","yoast_head_json":{"title":"La salud de Bruce Willis empeora, ya no reconoce a Demi Moore - BLG Noticias","robots":{"index":"index","follow":"follow","max-snippet":"max-snippet:-1","max-image-preview":"max-image-preview:large","max-video-preview":"max-video-preview:-1"},"canonical":"https:\/\/blgnoticiassantodomingo.net\/index.php\/2023\/11\/09\/la-salud-de-bruce-willis-empeora-ya-no-reconoce-a-demi-moore\/","og_locale":"es_ES","og_type":"article","og_title":"La salud de Bruce Willis empeora, ya no reconoce a Demi Moore - BLG Noticias","og_description":"Fue en marzo de 2022 cuando el actor fue diagnosticado con el trastorno de afasia y despu\u00e9s los especialistas corrigieron a demencia frontotemporal. Fue en marzo de 2022 cuando a\u00a0Bruce Willis\u00a0se le diagnostic\u00f3 con el trastorno de afasia. Despu\u00e9s los especialistas corrigieron e informaron que el actor padec\u00eda demencia frontotemporal que da\u00f1a los l\u00f3bulos frontal [&hellip;]","og_url":"https:\/\/blgnoticiassantodomingo.net\/index.php\/2023\/11\/09\/la-salud-de-bruce-willis-empeora-ya-no-reconoce-a-demi-moore\/","og_site_name":"BLG Noticias","article_publisher":"https:\/\/web.facebook.com\/BlgNoticias\/?locale=es_LA&_rdc=1&_rdr","article_published_time":"2023-11-09T19:11:06+00:00","article_modified_time":"2023-11-09T19:11:29+00:00","og_image":[{"width":1200,"height":800,"url":"https:\/\/blgnoticiassantodomingo.net\/wp-content\/uploads\/2023\/11\/descarga.webp","type":"image\/webp"}],"author":"Brenda Guerrero","twitter_card":"summary_large_image","twitter_creator":"@BlgNoticias","twitter_site":"@BlgNoticias","twitter_misc":{"Escrito por":"Brenda Guerrero","Tiempo de lectura":"3 minutos"},"schema":{"@context":"https:\/\/schema.org","@graph":[{"@type":"Article","@id":"https:\/\/blgnoticiassantodomingo.net\/index.php\/2023\/11\/09\/la-salud-de-bruce-willis-empeora-ya-no-reconoce-a-demi-moore\/#article","isPartOf":{"@id":"https:\/\/blgnoticiassantodomingo.net\/index.php\/2023\/11\/09\/la-salud-de-bruce-willis-empeora-ya-no-reconoce-a-demi-moore\/"},"author":{"name":"Brenda Guerrero","@id":"https:\/\/blgnoticiassantodomingo.net\/#\/schema\/person\/e2fc21cf88acc63dbd134be981bff374"},"headline":"La salud de Bruce Willis empeora, ya no reconoce a Demi Moore","datePublished":"2023-11-09T19:11:06+00:00","dateModified":"2023-11-09T19:11:29+00:00","mainEntityOfPage":{"@id":"https:\/\/blgnoticiassantodomingo.net\/index.php\/2023\/11\/09\/la-salud-de-bruce-willis-empeora-ya-no-reconoce-a-demi-moore\/"},"wordCount":470,"commentCount":0,"publisher":{"@id":"https:\/\/blgnoticiassantodomingo.net\/#organization"},"image":{"@id":"https:\/\/blgnoticiassantodomingo.net\/index.php\/2023\/11\/09\/la-salud-de-bruce-willis-empeora-ya-no-reconoce-a-demi-moore\/#primaryimage"},"thumbnailUrl":"https:\/\/blgnoticiassantodomingo.net\/wp-content\/uploads\/2023\/11\/descarga.webp","keywords":["Bruce Willis","demencia frontotemporal","Demi Moore","trastorno de afasia"],"articleSection":["Arte y Espectaculos"],"inLanguage":"es","potentialAction":[{"@type":"CommentAction","name":"Comment","target":["https:\/\/blgnoticiassantodomingo.net\/index.php\/2023\/11\/09\/la-salud-de-bruce-willis-empeora-ya-no-reconoce-a-demi-moore\/#respond"]}]},{"@type":"WebPage","@id":"https:\/\/blgnoticiassantodomingo.net\/index.php\/2023\/11\/09\/la-salud-de-bruce-willis-empeora-ya-no-reconoce-a-demi-moore\/","url":"https:\/\/blgnoticiassantodomingo.net\/index.php\/2023\/11\/09\/la-salud-de-bruce-willis-empeora-ya-no-reconoce-a-demi-moore\/","name":"La salud de Bruce Willis empeora, ya no reconoce a Demi Moore - BLG Noticias","isPartOf":{"@id":"https:\/\/blgnoticiassantodomingo.net\/#website"},"primaryImageOfPage":{"@id":"https:\/\/blgnoticiassantodomingo.net\/index.php\/2023\/11\/09\/la-salud-de-bruce-willis-empeora-ya-no-reconoce-a-demi-moore\/#primaryimage"},"image":{"@id":"https:\/\/blgnoticiassantodomingo.net\/index.php\/2023\/11\/09\/la-salud-de-bruce-willis-empeora-ya-no-reconoce-a-demi-moore\/#primaryimage"},"thumbnailUrl":"https:\/\/blgnoticiassantodomingo.net\/wp-content\/uploads\/2023\/11\/descarga.webp","datePublished":"2023-11-09T19:11:06+00:00","dateModified":"2023-11-09T19:11:29+00:00","breadcrumb":{"@id":"https:\/\/blgnoticiassantodomingo.net\/index.php\/2023\/11\/09\/la-salud-de-bruce-willis-empeora-ya-no-reconoce-a-demi-moore\/#breadcrumb"},"inLanguage":"es","potentialAction":[{"@type":"ReadAction","target":["https:\/\/blgnoticiassantodomingo.net\/index.php\/2023\/11\/09\/la-salud-de-bruce-willis-empeora-ya-no-reconoce-a-demi-moore\/"]}]},{"@type":"ImageObject","inLanguage":"es","@id":"https:\/\/blgnoticiassantodomingo.net\/index.php\/2023\/11\/09\/la-salud-de-bruce-willis-empeora-ya-no-reconoce-a-demi-moore\/#primaryimage","url":"https:\/\/blgnoticiassantodomingo.net\/wp-content\/uploads\/2023\/11\/descarga.webp","contentUrl":"https:\/\/blgnoticiassantodomingo.net\/wp-content\/uploads\/2023\/11\/descarga.webp","width":1200,"height":800},{"@type":"BreadcrumbList","@id":"https:\/\/blgnoticiassantodomingo.net\/index.php\/2023\/11\/09\/la-salud-de-bruce-willis-empeora-ya-no-reconoce-a-demi-moore\/#breadcrumb","itemListElement":[{"@type":"ListItem","position":1,"name":"Portada","item":"https:\/\/blgnoticiassantodomingo.net\/"},{"@type":"ListItem","position":2,"name":"La salud de Bruce Willis empeora, ya no reconoce a Demi Moore"}]},{"@type":"WebSite","@id":"https:\/\/blgnoticiassantodomingo.net\/#website","url":"https:\/\/blgnoticiassantodomingo.net\/","name":"BLG Noticias","description":"Esto es Noticias","publisher":{"@id":"https:\/\/blgnoticiassantodomingo.net\/#organization"},"potentialAction":[{"@type":"SearchAction","target":{"@type":"EntryPoint","urlTemplate":"https:\/\/blgnoticiassantodomingo.net\/?s={search_term_string}"},"query-input":{"@type":"PropertyValueSpecification","valueRequired":true,"valueName":"search_term_string"}}],"inLanguage":"es"},{"@type":"Organization","@id":"https:\/\/blgnoticiassantodomingo.net\/#organization","name":"BLG Noticias","url":"https:\/\/blgnoticiassantodomingo.net\/","logo":{"@type":"ImageObject","inLanguage":"es","@id":"https:\/\/blgnoticiassantodomingo.net\/#\/schema\/logo\/image\/","url":"https:\/\/blgnoticiassantodomingo.net\/wp-content\/uploads\/2023\/12\/Diseno-sin-titulo-3.jpg","contentUrl":"https:\/\/blgnoticiassantodomingo.net\/wp-content\/uploads\/2023\/12\/Diseno-sin-titulo-3.jpg","width":500,"height":500,"caption":"BLG Noticias"},"image":{"@id":"https:\/\/blgnoticiassantodomingo.net\/#\/schema\/logo\/image\/"},"sameAs":["https:\/\/web.facebook.com\/BlgNoticias\/?locale=es_LA&_rdc=1&_rdr","https:\/\/x.com\/BlgNoticias","https:\/\/www.linkedin.com\/in\/brenda-l-santana-aa846279\/"]},{"@type":"Person","@id":"https:\/\/blgnoticiassantodomingo.net\/#\/schema\/person\/e2fc21cf88acc63dbd134be981bff374","name":"Brenda Guerrero","image":{"@type":"ImageObject","inLanguage":"es","@id":"https:\/\/blgnoticiassantodomingo.net\/#\/schema\/person\/image\/","url":"https:\/\/secure.gravatar.com\/avatar\/2f7fc4c3e3655be1580cb684bfd8ab19be702ae20879da1e072021daa02f9b8b?s=96&d=wp_user_avatar&r=g","contentUrl":"https:\/\/secure.gravatar.com\/avatar\/2f7fc4c3e3655be1580cb684bfd8ab19be702ae20879da1e072021daa02f9b8b?s=96&d=wp_user_avatar&r=g","caption":"Brenda Guerrero"},"description":"Periodista","url":"https:\/\/blgnoticiassantodomingo.net\/index.php\/author\/brenda-guerrero\/"}]}},"jetpack_featured_media_url":"https:\/\/blgnoticiassantodomingo.net\/wp-content\/uploads\/2023\/11\/descarga.webp","_links":{"self":[{"href":"https:\/\/blgnoticiassantodomingo.net\/index.php\/wp-json\/wp\/v2\/posts\/37144","targetHints":{"allow":["GET"]}}],"collection":[{"href":"https:\/\/blgnoticiassantodomingo.net\/index.php\/wp-json\/wp\/v2\/posts"}],"about":[{"href":"https:\/\/blgnoticiassantodomingo.net\/index.php\/wp-json\/wp\/v2\/types\/post"}],"author":[{"embeddable":true,"href":"https:\/\/blgnoticiassantodomingo.net\/index.php\/wp-json\/wp\/v2\/users\/2"}],"replies":[{"embeddable":true,"href":"https:\/\/blgnoticiassantodomingo.net\/index.php\/wp-json\/wp\/v2\/comments?post=37144"}],"version-history":[{"count":2,"href":"https:\/\/blgnoticiassantodomingo.net\/index.php\/wp-json\/wp\/v2\/posts\/37144\/revisions"}],"predecessor-version":[{"id":37148,"href":"https:\/\/blgnoticiassantodomingo.net\/index.php\/wp-json\/wp\/v2\/posts\/37144\/revisions\/37148"}],"wp:featuredmedia":[{"embeddable":true,"href":"https:\/\/blgnoticiassantodomingo.net\/index.php\/wp-json\/wp\/v2\/media\/37145"}],"wp:attachment":[{"href":"https:\/\/blgnoticiassantodomingo.net\/index.php\/wp-json\/wp\/v2\/media?parent=37144"}],"wp:term":[{"taxonomy":"category","embeddable":true,"href":"https:\/\/blgnoticiassantodomingo.net\/index.php\/wp-json\/wp\/v2\/categories?post=37144"},{"taxonomy":"post_tag","embeddable":true,"href":"https:\/\/blgnoticiassantodomingo.net\/index.php\/wp-json\/wp\/v2\/tags?post=37144"}],"curies":[{"name":"wp","href":"https:\/\/api.w.org\/{rel}","templated":true}]}}