{"id":36487,"date":"2023-09-20T16:51:43","date_gmt":"2023-09-20T20:51:43","guid":{"rendered":"https:\/\/blgnoticiassantodomingo.net\/?p=36487"},"modified":"2023-09-20T16:51:48","modified_gmt":"2023-09-20T20:51:48","slug":"jce-informa-suspension-de-servicios-en-la-feria-desde-el-21-de-septiembre-hasta-2-de-octubre","status":"publish","type":"post","link":"https:\/\/blgnoticiassantodomingo.net\/index.php\/2023\/09\/20\/jce-informa-suspension-de-servicios-en-la-feria-desde-el-21-de-septiembre-hasta-2-de-octubre\/","title":{"rendered":"JCE informa suspensi\u00f3n de servicios en La Feria desde el 21 de septiembre hasta 2 de octubre"},"content":{"rendered":"\n<p><strong><em>Espacio ser\u00e1 utilizado para proceso de las primarias de este 1 de octubre<\/em><\/strong><\/p>\n\n\n\n<p>Santo Domingo. &#8211; La Junta Central Electoral (JCE) inform\u00f3 este martes la suspensi\u00f3n de sus servicios en la Junta Electoral del Distrito Nacional (La Feria) a partir del pr\u00f3ximo 21 de septiembre del a\u00f1o en curso hasta el 02 de octubre, debido a que el espacio ser\u00e1 utilizado para la entrega de credenciales a los miembros de mesas que trabajar\u00e1n en las primarias pautadas para este 01 de octubre.<\/p>\n\n\n\n<p>Por la solemnidad que implica el proceso de celebraci\u00f3n de las primarias, el \u00f3rgano electoral inform\u00f3 que adem\u00e1s de la entrega de credenciales, se proceder\u00e1 a la instalaci\u00f3n de los equipos de digitalizaci\u00f3n, escaneo y transmisi\u00f3n (EDET), que se utilizar\u00e1n para reforzar los sustitutos de secretarios, as\u00ed como la capacitaci\u00f3n de facilitadores que trabajar\u00e1n en dicho proceso.<\/p>\n\n\n\n<p>A trav\u00e9s de esta medida, que obedece a las disposiciones contenidas en la Ley Org\u00e1nica de R\u00e9gimen Electoral No. 20-23, se informa a los ciudadanos y ciudadanas que pueden requerir de los servicios que se ofrecen en La Feria en los centros de expedici\u00f3n de actas y c\u00e9dulas de las zonas aleda\u00f1as, como los ubicados en la Universidad Aut\u00f3noma de Santo Domingo (UASD), Plaza Central y, adem\u00e1s, se habilitar\u00e1 un furg\u00f3n en la localidad de la Direcci\u00f3n de Pasaportes, para las personas que requieran de un acta para fines de renovaci\u00f3n o emisi\u00f3n de este documento.<\/p>\n","protected":false},"excerpt":{"rendered":"<p>Espacio ser\u00e1 utilizado para proceso de las primarias de este 1 de octubre Santo Domingo. &#8211; La Junta Central Electoral (JCE) inform\u00f3 este martes la suspensi\u00f3n de sus servicios en la Junta Electoral del Distrito Nacional (La Feria) a partir del pr\u00f3ximo 21 de septiembre del a\u00f1o en curso hasta el 02 de octubre, debido [&hellip;]<\/p>\n","protected":false},"author":2,"featured_media":36488,"comment_status":"open","ping_status":"open","sticky":true,"template":"","format":"standard","meta":{"footnotes":""},"categories":[220],"tags":[8460,239,8527,8319,367],"class_list":{"0":"post-36487","1":"post","2":"type-post","3":"status-publish","4":"format-standard","5":"has-post-thumbnail","7":"category-nacionales","8":"tag-edet","9":"tag-jce","10":"tag-ley-organica-de-regimen-electoral-no-20-23","11":"tag-primarias","12":"tag-uasd"},"yoast_head":"<!-- This site is optimized with the Yoast SEO plugin v24.9 - https:\/\/yoast.com\/wordpress\/plugins\/seo\/ -->\n<title>JCE informa suspensi\u00f3n de servicios en La Feria desde el 21 de septiembre hasta 2 de octubre - BLG Noticias<\/title>\n<meta name=\"robots\" content=\"index, follow, max-snippet:-1, max-image-preview:large, max-video-preview:-1\" \/>\n<link rel=\"canonical\" href=\"https:\/\/blgnoticiassantodomingo.net\/index.php\/2023\/09\/20\/jce-informa-suspension-de-servicios-en-la-feria-desde-el-21-de-septiembre-hasta-2-de-octubre\/\" \/>\n<meta property=\"og:locale\" content=\"es_ES\" \/>\n<meta property=\"og:type\" content=\"article\" \/>\n<meta property=\"og:title\" content=\"JCE informa suspensi\u00f3n de servicios en La Feria desde el 21 de septiembre hasta 2 de octubre - BLG Noticias\" \/>\n<meta property=\"og:description\" content=\"Espacio ser\u00e1 utilizado para proceso de las primarias de este 1 de octubre Santo Domingo. &#8211; La Junta Central Electoral (JCE) inform\u00f3 este martes la suspensi\u00f3n de sus servicios en la Junta Electoral del Distrito Nacional (La Feria) a partir del pr\u00f3ximo 21 de septiembre del a\u00f1o en curso hasta el 02 de octubre, debido [&hellip;]\" \/>\n<meta property=\"og:url\" content=\"https:\/\/blgnoticiassantodomingo.net\/index.php\/2023\/09\/20\/jce-informa-suspension-de-servicios-en-la-feria-desde-el-21-de-septiembre-hasta-2-de-octubre\/\" \/>\n<meta property=\"og:site_name\" content=\"BLG Noticias\" \/>\n<meta property=\"article:publisher\" content=\"https:\/\/web.facebook.com\/BlgNoticias\/?locale=es_LA&amp;_rdc=1&amp;_rdr\" \/>\n<meta property=\"article:published_time\" content=\"2023-09-20T20:51:43+00:00\" \/>\n<meta property=\"article:modified_time\" content=\"2023-09-20T20:51:48+00:00\" \/>\n<meta property=\"og:image\" content=\"https:\/\/blgnoticiassantodomingo.net\/wp-content\/uploads\/2023\/09\/2021-08-18.jpg\" \/>\n\t<meta property=\"og:image:width\" content=\"1360\" \/>\n\t<meta property=\"og:image:height\" content=\"1020\" \/>\n\t<meta property=\"og:image:type\" content=\"image\/jpeg\" \/>\n<meta name=\"author\" content=\"Brenda Guerrero\" \/>\n<meta name=\"twitter:card\" content=\"summary_large_image\" \/>\n<meta name=\"twitter:creator\" content=\"@BlgNoticias\" \/>\n<meta name=\"twitter:site\" content=\"@BlgNoticias\" \/>\n<meta name=\"twitter:label1\" content=\"Escrito por\" \/>\n\t<meta name=\"twitter:data1\" content=\"Brenda Guerrero\" \/>\n\t<meta name=\"twitter:label2\" content=\"Tiempo de lectura\" \/>\n\t<meta name=\"twitter:data2\" content=\"2 minutos\" \/>\n<script type=\"application\/ld+json\" class=\"yoast-schema-graph\">{\"@context\":\"https:\/\/schema.org\",\"@graph\":[{\"@type\":\"Article\",\"@id\":\"https:\/\/blgnoticiassantodomingo.net\/index.php\/2023\/09\/20\/jce-informa-suspension-de-servicios-en-la-feria-desde-el-21-de-septiembre-hasta-2-de-octubre\/#article\",\"isPartOf\":{\"@id\":\"https:\/\/blgnoticiassantodomingo.net\/index.php\/2023\/09\/20\/jce-informa-suspension-de-servicios-en-la-feria-desde-el-21-de-septiembre-hasta-2-de-octubre\/\"},\"author\":{\"name\":\"Brenda Guerrero\",\"@id\":\"https:\/\/blgnoticiassantodomingo.net\/#\/schema\/person\/e2fc21cf88acc63dbd134be981bff374\"},\"headline\":\"JCE informa suspensi\u00f3n de servicios en La Feria desde el 21 de septiembre hasta 2 de octubre\",\"datePublished\":\"2023-09-20T20:51:43+00:00\",\"dateModified\":\"2023-09-20T20:51:48+00:00\",\"mainEntityOfPage\":{\"@id\":\"https:\/\/blgnoticiassantodomingo.net\/index.php\/2023\/09\/20\/jce-informa-suspension-de-servicios-en-la-feria-desde-el-21-de-septiembre-hasta-2-de-octubre\/\"},\"wordCount\":271,\"commentCount\":0,\"publisher\":{\"@id\":\"https:\/\/blgnoticiassantodomingo.net\/#organization\"},\"image\":{\"@id\":\"https:\/\/blgnoticiassantodomingo.net\/index.php\/2023\/09\/20\/jce-informa-suspension-de-servicios-en-la-feria-desde-el-21-de-septiembre-hasta-2-de-octubre\/#primaryimage\"},\"thumbnailUrl\":\"https:\/\/blgnoticiassantodomingo.net\/wp-content\/uploads\/2023\/09\/2021-08-18.jpg\",\"keywords\":[\"EDET\",\"JCE\",\"Ley Org\u00e1nica de R\u00e9gimen Electoral No. 20-23\",\"Primarias\",\"UASD\"],\"articleSection\":[\"Nacionales\"],\"inLanguage\":\"es\",\"potentialAction\":[{\"@type\":\"CommentAction\",\"name\":\"Comment\",\"target\":[\"https:\/\/blgnoticiassantodomingo.net\/index.php\/2023\/09\/20\/jce-informa-suspension-de-servicios-en-la-feria-desde-el-21-de-septiembre-hasta-2-de-octubre\/#respond\"]}]},{\"@type\":\"WebPage\",\"@id\":\"https:\/\/blgnoticiassantodomingo.net\/index.php\/2023\/09\/20\/jce-informa-suspension-de-servicios-en-la-feria-desde-el-21-de-septiembre-hasta-2-de-octubre\/\",\"url\":\"https:\/\/blgnoticiassantodomingo.net\/index.php\/2023\/09\/20\/jce-informa-suspension-de-servicios-en-la-feria-desde-el-21-de-septiembre-hasta-2-de-octubre\/\",\"name\":\"JCE informa suspensi\u00f3n de servicios en La Feria desde el 21 de septiembre hasta 2 de octubre - BLG Noticias\",\"isPartOf\":{\"@id\":\"https:\/\/blgnoticiassantodomingo.net\/#website\"},\"primaryImageOfPage\":{\"@id\":\"https:\/\/blgnoticiassantodomingo.net\/index.php\/2023\/09\/20\/jce-informa-suspension-de-servicios-en-la-feria-desde-el-21-de-septiembre-hasta-2-de-octubre\/#primaryimage\"},\"image\":{\"@id\":\"https:\/\/blgnoticiassantodomingo.net\/index.php\/2023\/09\/20\/jce-informa-suspension-de-servicios-en-la-feria-desde-el-21-de-septiembre-hasta-2-de-octubre\/#primaryimage\"},\"thumbnailUrl\":\"https:\/\/blgnoticiassantodomingo.net\/wp-content\/uploads\/2023\/09\/2021-08-18.jpg\",\"datePublished\":\"2023-09-20T20:51:43+00:00\",\"dateModified\":\"2023-09-20T20:51:48+00:00\",\"breadcrumb\":{\"@id\":\"https:\/\/blgnoticiassantodomingo.net\/index.php\/2023\/09\/20\/jce-informa-suspension-de-servicios-en-la-feria-desde-el-21-de-septiembre-hasta-2-de-octubre\/#breadcrumb\"},\"inLanguage\":\"es\",\"potentialAction\":[{\"@type\":\"ReadAction\",\"target\":[\"https:\/\/blgnoticiassantodomingo.net\/index.php\/2023\/09\/20\/jce-informa-suspension-de-servicios-en-la-feria-desde-el-21-de-septiembre-hasta-2-de-octubre\/\"]}]},{\"@type\":\"ImageObject\",\"inLanguage\":\"es\",\"@id\":\"https:\/\/blgnoticiassantodomingo.net\/index.php\/2023\/09\/20\/jce-informa-suspension-de-servicios-en-la-feria-desde-el-21-de-septiembre-hasta-2-de-octubre\/#primaryimage\",\"url\":\"https:\/\/blgnoticiassantodomingo.net\/wp-content\/uploads\/2023\/09\/2021-08-18.jpg\",\"contentUrl\":\"https:\/\/blgnoticiassantodomingo.net\/wp-content\/uploads\/2023\/09\/2021-08-18.jpg\",\"width\":1360,\"height\":1020},{\"@type\":\"BreadcrumbList\",\"@id\":\"https:\/\/blgnoticiassantodomingo.net\/index.php\/2023\/09\/20\/jce-informa-suspension-de-servicios-en-la-feria-desde-el-21-de-septiembre-hasta-2-de-octubre\/#breadcrumb\",\"itemListElement\":[{\"@type\":\"ListItem\",\"position\":1,\"name\":\"Portada\",\"item\":\"https:\/\/blgnoticiassantodomingo.net\/\"},{\"@type\":\"ListItem\",\"position\":2,\"name\":\"JCE informa suspensi\u00f3n de servicios en La Feria desde el 21 de septiembre hasta 2 de octubre\"}]},{\"@type\":\"WebSite\",\"@id\":\"https:\/\/blgnoticiassantodomingo.net\/#website\",\"url\":\"https:\/\/blgnoticiassantodomingo.net\/\",\"name\":\"BLG Noticias\",\"description\":\"Esto es Noticias\",\"publisher\":{\"@id\":\"https:\/\/blgnoticiassantodomingo.net\/#organization\"},\"potentialAction\":[{\"@type\":\"SearchAction\",\"target\":{\"@type\":\"EntryPoint\",\"urlTemplate\":\"https:\/\/blgnoticiassantodomingo.net\/?s={search_term_string}\"},\"query-input\":{\"@type\":\"PropertyValueSpecification\",\"valueRequired\":true,\"valueName\":\"search_term_string\"}}],\"inLanguage\":\"es\"},{\"@type\":\"Organization\",\"@id\":\"https:\/\/blgnoticiassantodomingo.net\/#organization\",\"name\":\"BLG Noticias\",\"url\":\"https:\/\/blgnoticiassantodomingo.net\/\",\"logo\":{\"@type\":\"ImageObject\",\"inLanguage\":\"es\",\"@id\":\"https:\/\/blgnoticiassantodomingo.net\/#\/schema\/logo\/image\/\",\"url\":\"https:\/\/blgnoticiassantodomingo.net\/wp-content\/uploads\/2023\/12\/Diseno-sin-titulo-3.jpg\",\"contentUrl\":\"https:\/\/blgnoticiassantodomingo.net\/wp-content\/uploads\/2023\/12\/Diseno-sin-titulo-3.jpg\",\"width\":500,\"height\":500,\"caption\":\"BLG Noticias\"},\"image\":{\"@id\":\"https:\/\/blgnoticiassantodomingo.net\/#\/schema\/logo\/image\/\"},\"sameAs\":[\"https:\/\/web.facebook.com\/BlgNoticias\/?locale=es_LA&_rdc=1&_rdr\",\"https:\/\/x.com\/BlgNoticias\",\"https:\/\/www.linkedin.com\/in\/brenda-l-santana-aa846279\/\"]},{\"@type\":\"Person\",\"@id\":\"https:\/\/blgnoticiassantodomingo.net\/#\/schema\/person\/e2fc21cf88acc63dbd134be981bff374\",\"name\":\"Brenda Guerrero\",\"image\":{\"@type\":\"ImageObject\",\"inLanguage\":\"es\",\"@id\":\"https:\/\/blgnoticiassantodomingo.net\/#\/schema\/person\/image\/\",\"url\":\"https:\/\/secure.gravatar.com\/avatar\/2f7fc4c3e3655be1580cb684bfd8ab19be702ae20879da1e072021daa02f9b8b?s=96&d=wp_user_avatar&r=g\",\"contentUrl\":\"https:\/\/secure.gravatar.com\/avatar\/2f7fc4c3e3655be1580cb684bfd8ab19be702ae20879da1e072021daa02f9b8b?s=96&d=wp_user_avatar&r=g\",\"caption\":\"Brenda Guerrero\"},\"description\":\"Periodista\",\"url\":\"https:\/\/blgnoticiassantodomingo.net\/index.php\/author\/brenda-guerrero\/\"}]}<\/script>\n<!-- \/ Yoast SEO plugin. -->","yoast_head_json":{"title":"JCE informa suspensi\u00f3n de servicios en La Feria desde el 21 de septiembre hasta 2 de octubre - BLG Noticias","robots":{"index":"index","follow":"follow","max-snippet":"max-snippet:-1","max-image-preview":"max-image-preview:large","max-video-preview":"max-video-preview:-1"},"canonical":"https:\/\/blgnoticiassantodomingo.net\/index.php\/2023\/09\/20\/jce-informa-suspension-de-servicios-en-la-feria-desde-el-21-de-septiembre-hasta-2-de-octubre\/","og_locale":"es_ES","og_type":"article","og_title":"JCE informa suspensi\u00f3n de servicios en La Feria desde el 21 de septiembre hasta 2 de octubre - BLG Noticias","og_description":"Espacio ser\u00e1 utilizado para proceso de las primarias de este 1 de octubre Santo Domingo. &#8211; La Junta Central Electoral (JCE) inform\u00f3 este martes la suspensi\u00f3n de sus servicios en la Junta Electoral del Distrito Nacional (La Feria) a partir del pr\u00f3ximo 21 de septiembre del a\u00f1o en curso hasta el 02 de octubre, debido [&hellip;]","og_url":"https:\/\/blgnoticiassantodomingo.net\/index.php\/2023\/09\/20\/jce-informa-suspension-de-servicios-en-la-feria-desde-el-21-de-septiembre-hasta-2-de-octubre\/","og_site_name":"BLG Noticias","article_publisher":"https:\/\/web.facebook.com\/BlgNoticias\/?locale=es_LA&_rdc=1&_rdr","article_published_time":"2023-09-20T20:51:43+00:00","article_modified_time":"2023-09-20T20:51:48+00:00","og_image":[{"width":1360,"height":1020,"url":"https:\/\/blgnoticiassantodomingo.net\/wp-content\/uploads\/2023\/09\/2021-08-18.jpg","type":"image\/jpeg"}],"author":"Brenda Guerrero","twitter_card":"summary_large_image","twitter_creator":"@BlgNoticias","twitter_site":"@BlgNoticias","twitter_misc":{"Escrito por":"Brenda Guerrero","Tiempo de lectura":"2 minutos"},"schema":{"@context":"https:\/\/schema.org","@graph":[{"@type":"Article","@id":"https:\/\/blgnoticiassantodomingo.net\/index.php\/2023\/09\/20\/jce-informa-suspension-de-servicios-en-la-feria-desde-el-21-de-septiembre-hasta-2-de-octubre\/#article","isPartOf":{"@id":"https:\/\/blgnoticiassantodomingo.net\/index.php\/2023\/09\/20\/jce-informa-suspension-de-servicios-en-la-feria-desde-el-21-de-septiembre-hasta-2-de-octubre\/"},"author":{"name":"Brenda Guerrero","@id":"https:\/\/blgnoticiassantodomingo.net\/#\/schema\/person\/e2fc21cf88acc63dbd134be981bff374"},"headline":"JCE informa suspensi\u00f3n de servicios en La Feria desde el 21 de septiembre hasta 2 de octubre","datePublished":"2023-09-20T20:51:43+00:00","dateModified":"2023-09-20T20:51:48+00:00","mainEntityOfPage":{"@id":"https:\/\/blgnoticiassantodomingo.net\/index.php\/2023\/09\/20\/jce-informa-suspension-de-servicios-en-la-feria-desde-el-21-de-septiembre-hasta-2-de-octubre\/"},"wordCount":271,"commentCount":0,"publisher":{"@id":"https:\/\/blgnoticiassantodomingo.net\/#organization"},"image":{"@id":"https:\/\/blgnoticiassantodomingo.net\/index.php\/2023\/09\/20\/jce-informa-suspension-de-servicios-en-la-feria-desde-el-21-de-septiembre-hasta-2-de-octubre\/#primaryimage"},"thumbnailUrl":"https:\/\/blgnoticiassantodomingo.net\/wp-content\/uploads\/2023\/09\/2021-08-18.jpg","keywords":["EDET","JCE","Ley Org\u00e1nica de R\u00e9gimen Electoral No. 20-23","Primarias","UASD"],"articleSection":["Nacionales"],"inLanguage":"es","potentialAction":[{"@type":"CommentAction","name":"Comment","target":["https:\/\/blgnoticiassantodomingo.net\/index.php\/2023\/09\/20\/jce-informa-suspension-de-servicios-en-la-feria-desde-el-21-de-septiembre-hasta-2-de-octubre\/#respond"]}]},{"@type":"WebPage","@id":"https:\/\/blgnoticiassantodomingo.net\/index.php\/2023\/09\/20\/jce-informa-suspension-de-servicios-en-la-feria-desde-el-21-de-septiembre-hasta-2-de-octubre\/","url":"https:\/\/blgnoticiassantodomingo.net\/index.php\/2023\/09\/20\/jce-informa-suspension-de-servicios-en-la-feria-desde-el-21-de-septiembre-hasta-2-de-octubre\/","name":"JCE informa suspensi\u00f3n de servicios en La Feria desde el 21 de septiembre hasta 2 de octubre - BLG Noticias","isPartOf":{"@id":"https:\/\/blgnoticiassantodomingo.net\/#website"},"primaryImageOfPage":{"@id":"https:\/\/blgnoticiassantodomingo.net\/index.php\/2023\/09\/20\/jce-informa-suspension-de-servicios-en-la-feria-desde-el-21-de-septiembre-hasta-2-de-octubre\/#primaryimage"},"image":{"@id":"https:\/\/blgnoticiassantodomingo.net\/index.php\/2023\/09\/20\/jce-informa-suspension-de-servicios-en-la-feria-desde-el-21-de-septiembre-hasta-2-de-octubre\/#primaryimage"},"thumbnailUrl":"https:\/\/blgnoticiassantodomingo.net\/wp-content\/uploads\/2023\/09\/2021-08-18.jpg","datePublished":"2023-09-20T20:51:43+00:00","dateModified":"2023-09-20T20:51:48+00:00","breadcrumb":{"@id":"https:\/\/blgnoticiassantodomingo.net\/index.php\/2023\/09\/20\/jce-informa-suspension-de-servicios-en-la-feria-desde-el-21-de-septiembre-hasta-2-de-octubre\/#breadcrumb"},"inLanguage":"es","potentialAction":[{"@type":"ReadAction","target":["https:\/\/blgnoticiassantodomingo.net\/index.php\/2023\/09\/20\/jce-informa-suspension-de-servicios-en-la-feria-desde-el-21-de-septiembre-hasta-2-de-octubre\/"]}]},{"@type":"ImageObject","inLanguage":"es","@id":"https:\/\/blgnoticiassantodomingo.net\/index.php\/2023\/09\/20\/jce-informa-suspension-de-servicios-en-la-feria-desde-el-21-de-septiembre-hasta-2-de-octubre\/#primaryimage","url":"https:\/\/blgnoticiassantodomingo.net\/wp-content\/uploads\/2023\/09\/2021-08-18.jpg","contentUrl":"https:\/\/blgnoticiassantodomingo.net\/wp-content\/uploads\/2023\/09\/2021-08-18.jpg","width":1360,"height":1020},{"@type":"BreadcrumbList","@id":"https:\/\/blgnoticiassantodomingo.net\/index.php\/2023\/09\/20\/jce-informa-suspension-de-servicios-en-la-feria-desde-el-21-de-septiembre-hasta-2-de-octubre\/#breadcrumb","itemListElement":[{"@type":"ListItem","position":1,"name":"Portada","item":"https:\/\/blgnoticiassantodomingo.net\/"},{"@type":"ListItem","position":2,"name":"JCE informa suspensi\u00f3n de servicios en La Feria desde el 21 de septiembre hasta 2 de octubre"}]},{"@type":"WebSite","@id":"https:\/\/blgnoticiassantodomingo.net\/#website","url":"https:\/\/blgnoticiassantodomingo.net\/","name":"BLG Noticias","description":"Esto es Noticias","publisher":{"@id":"https:\/\/blgnoticiassantodomingo.net\/#organization"},"potentialAction":[{"@type":"SearchAction","target":{"@type":"EntryPoint","urlTemplate":"https:\/\/blgnoticiassantodomingo.net\/?s={search_term_string}"},"query-input":{"@type":"PropertyValueSpecification","valueRequired":true,"valueName":"search_term_string"}}],"inLanguage":"es"},{"@type":"Organization","@id":"https:\/\/blgnoticiassantodomingo.net\/#organization","name":"BLG Noticias","url":"https:\/\/blgnoticiassantodomingo.net\/","logo":{"@type":"ImageObject","inLanguage":"es","@id":"https:\/\/blgnoticiassantodomingo.net\/#\/schema\/logo\/image\/","url":"https:\/\/blgnoticiassantodomingo.net\/wp-content\/uploads\/2023\/12\/Diseno-sin-titulo-3.jpg","contentUrl":"https:\/\/blgnoticiassantodomingo.net\/wp-content\/uploads\/2023\/12\/Diseno-sin-titulo-3.jpg","width":500,"height":500,"caption":"BLG Noticias"},"image":{"@id":"https:\/\/blgnoticiassantodomingo.net\/#\/schema\/logo\/image\/"},"sameAs":["https:\/\/web.facebook.com\/BlgNoticias\/?locale=es_LA&_rdc=1&_rdr","https:\/\/x.com\/BlgNoticias","https:\/\/www.linkedin.com\/in\/brenda-l-santana-aa846279\/"]},{"@type":"Person","@id":"https:\/\/blgnoticiassantodomingo.net\/#\/schema\/person\/e2fc21cf88acc63dbd134be981bff374","name":"Brenda Guerrero","image":{"@type":"ImageObject","inLanguage":"es","@id":"https:\/\/blgnoticiassantodomingo.net\/#\/schema\/person\/image\/","url":"https:\/\/secure.gravatar.com\/avatar\/2f7fc4c3e3655be1580cb684bfd8ab19be702ae20879da1e072021daa02f9b8b?s=96&d=wp_user_avatar&r=g","contentUrl":"https:\/\/secure.gravatar.com\/avatar\/2f7fc4c3e3655be1580cb684bfd8ab19be702ae20879da1e072021daa02f9b8b?s=96&d=wp_user_avatar&r=g","caption":"Brenda Guerrero"},"description":"Periodista","url":"https:\/\/blgnoticiassantodomingo.net\/index.php\/author\/brenda-guerrero\/"}]}},"jetpack_featured_media_url":"https:\/\/blgnoticiassantodomingo.net\/wp-content\/uploads\/2023\/09\/2021-08-18.jpg","_links":{"self":[{"href":"https:\/\/blgnoticiassantodomingo.net\/index.php\/wp-json\/wp\/v2\/posts\/36487","targetHints":{"allow":["GET"]}}],"collection":[{"href":"https:\/\/blgnoticiassantodomingo.net\/index.php\/wp-json\/wp\/v2\/posts"}],"about":[{"href":"https:\/\/blgnoticiassantodomingo.net\/index.php\/wp-json\/wp\/v2\/types\/post"}],"author":[{"embeddable":true,"href":"https:\/\/blgnoticiassantodomingo.net\/index.php\/wp-json\/wp\/v2\/users\/2"}],"replies":[{"embeddable":true,"href":"https:\/\/blgnoticiassantodomingo.net\/index.php\/wp-json\/wp\/v2\/comments?post=36487"}],"version-history":[{"count":1,"href":"https:\/\/blgnoticiassantodomingo.net\/index.php\/wp-json\/wp\/v2\/posts\/36487\/revisions"}],"predecessor-version":[{"id":36489,"href":"https:\/\/blgnoticiassantodomingo.net\/index.php\/wp-json\/wp\/v2\/posts\/36487\/revisions\/36489"}],"wp:featuredmedia":[{"embeddable":true,"href":"https:\/\/blgnoticiassantodomingo.net\/index.php\/wp-json\/wp\/v2\/media\/36488"}],"wp:attachment":[{"href":"https:\/\/blgnoticiassantodomingo.net\/index.php\/wp-json\/wp\/v2\/media?parent=36487"}],"wp:term":[{"taxonomy":"category","embeddable":true,"href":"https:\/\/blgnoticiassantodomingo.net\/index.php\/wp-json\/wp\/v2\/categories?post=36487"},{"taxonomy":"post_tag","embeddable":true,"href":"https:\/\/blgnoticiassantodomingo.net\/index.php\/wp-json\/wp\/v2\/tags?post=36487"}],"curies":[{"name":"wp","href":"https:\/\/api.w.org\/{rel}","templated":true}]}}