{"id":36351,"date":"2023-09-13T12:57:33","date_gmt":"2023-09-13T16:57:33","guid":{"rendered":"https:\/\/blgnoticiassantodomingo.net\/?p=36351"},"modified":"2023-09-13T12:58:13","modified_gmt":"2023-09-13T16:58:13","slug":"interior-y-policia-suspende-los-servicios-de-registros-de-armas-de-fuego-tras-incendio","status":"publish","type":"post","link":"https:\/\/blgnoticiassantodomingo.net\/index.php\/2023\/09\/13\/interior-y-policia-suspende-los-servicios-de-registros-de-armas-de-fuego-tras-incendio\/","title":{"rendered":"Interior y Polic\u00eda suspende los servicios de registros de armas de fuego tras incendio"},"content":{"rendered":"\n<p><strong>SANTO DOMINGO<\/strong>.\u2013 El Ministerio de Interior y Polic\u00eda inform\u00f3 que suspendi\u00f3 de manera temporal todos los servicios que ofrece la Direcci\u00f3n de Control y Registro de Armas de Fuego, tras un incendio que afect\u00f3 las instalaciones, ubicadas en el Edificio de Oficinas Gubernamentales Juan Pablo Duarte conocidos como El Huacal, la noche del lunes.<\/p>\n\n\n\n<p>Seg\u00fan un comunicado de la instituci\u00f3n, la suspensi\u00f3n se debe a \u00abtrabajos de evaluaci\u00f3n y adecuaci\u00f3n en \u00e1reas de la Direcci\u00f3n de Tecnolog\u00eda\u00ab, las cuales resultaron afectadas por el siniestro.<\/p>\n\n\n\n<p>En ese sentido, indic\u00f3 que los organismos correspondientes establecer\u00e1n la causa del fuego. Los resultados ser\u00e1n puestos en conocimiento de manera oportuna.<\/p>\n\n\n\n<p>Se\u00f1alaron que no retornar\u00e1n a la normalidad hasta tanto puedan habilitar la conectividad de las plataformas usadas para el servicio.<\/p>\n\n\n\n<ul class=\"wp-block-list\">\n<li>Por: Nino Germ\u00e1n P\u00e9rez<\/li>\n<\/ul>\n","protected":false},"excerpt":{"rendered":"<p>SANTO DOMINGO.\u2013 El Ministerio de Interior y Polic\u00eda inform\u00f3 que suspendi\u00f3 de manera temporal todos los servicios que ofrece la Direcci\u00f3n de Control y Registro de Armas de Fuego, tras un incendio que afect\u00f3 las instalaciones, ubicadas en el Edificio de Oficinas Gubernamentales Juan Pablo Duarte conocidos como El Huacal, la noche del lunes. Seg\u00fan [&hellip;]<\/p>\n","protected":false},"author":3,"featured_media":36352,"comment_status":"open","ping_status":"open","sticky":true,"template":"","format":"standard","meta":{"footnotes":""},"categories":[220],"tags":[736,906,1224],"class_list":{"0":"post-36351","1":"post","2":"type-post","3":"status-publish","4":"format-standard","5":"has-post-thumbnail","7":"category-nacionales","8":"tag-incendio","9":"tag-interior-y-policia","10":"tag-santo-domingo"},"yoast_head":"<!-- This site is optimized with the Yoast SEO plugin v24.9 - https:\/\/yoast.com\/wordpress\/plugins\/seo\/ -->\n<title>Interior y Polic\u00eda suspende los servicios de registros de armas de fuego tras incendio - BLG Noticias<\/title>\n<meta name=\"robots\" content=\"index, follow, max-snippet:-1, max-image-preview:large, max-video-preview:-1\" \/>\n<link rel=\"canonical\" href=\"https:\/\/blgnoticiassantodomingo.net\/index.php\/2023\/09\/13\/interior-y-policia-suspende-los-servicios-de-registros-de-armas-de-fuego-tras-incendio\/\" \/>\n<meta property=\"og:locale\" content=\"es_ES\" \/>\n<meta property=\"og:type\" content=\"article\" \/>\n<meta property=\"og:title\" content=\"Interior y Polic\u00eda suspende los servicios de registros de armas de fuego tras incendio - BLG Noticias\" \/>\n<meta property=\"og:description\" content=\"SANTO DOMINGO.\u2013 El Ministerio de Interior y Polic\u00eda inform\u00f3 que suspendi\u00f3 de manera temporal todos los servicios que ofrece la Direcci\u00f3n de Control y Registro de Armas de Fuego, tras un incendio que afect\u00f3 las instalaciones, ubicadas en el Edificio de Oficinas Gubernamentales Juan Pablo Duarte conocidos como El Huacal, la noche del lunes. Seg\u00fan [&hellip;]\" \/>\n<meta property=\"og:url\" content=\"https:\/\/blgnoticiassantodomingo.net\/index.php\/2023\/09\/13\/interior-y-policia-suspende-los-servicios-de-registros-de-armas-de-fuego-tras-incendio\/\" \/>\n<meta property=\"og:site_name\" content=\"BLG Noticias\" \/>\n<meta property=\"article:publisher\" content=\"https:\/\/web.facebook.com\/BlgNoticias\/?locale=es_LA&amp;_rdc=1&amp;_rdr\" \/>\n<meta property=\"article:published_time\" content=\"2023-09-13T16:57:33+00:00\" \/>\n<meta property=\"article:modified_time\" content=\"2023-09-13T16:58:13+00:00\" \/>\n<meta property=\"og:image\" content=\"https:\/\/blgnoticiassantodomingo.net\/wp-content\/uploads\/2023\/09\/Screenshot-2023-09-13-12.55.37.png\" \/>\n\t<meta property=\"og:image:width\" content=\"734\" \/>\n\t<meta property=\"og:image:height\" content=\"448\" \/>\n\t<meta property=\"og:image:type\" content=\"image\/png\" \/>\n<meta name=\"author\" content=\"Yerlin Payano\" \/>\n<meta name=\"twitter:card\" content=\"summary_large_image\" \/>\n<meta name=\"twitter:creator\" content=\"@BlgNoticias\" \/>\n<meta name=\"twitter:site\" content=\"@BlgNoticias\" \/>\n<meta name=\"twitter:label1\" content=\"Escrito por\" \/>\n\t<meta name=\"twitter:data1\" content=\"Yerlin Payano\" \/>\n\t<meta name=\"twitter:label2\" content=\"Tiempo de lectura\" \/>\n\t<meta name=\"twitter:data2\" content=\"1 minuto\" \/>\n<script type=\"application\/ld+json\" class=\"yoast-schema-graph\">{\"@context\":\"https:\/\/schema.org\",\"@graph\":[{\"@type\":\"Article\",\"@id\":\"https:\/\/blgnoticiassantodomingo.net\/index.php\/2023\/09\/13\/interior-y-policia-suspende-los-servicios-de-registros-de-armas-de-fuego-tras-incendio\/#article\",\"isPartOf\":{\"@id\":\"https:\/\/blgnoticiassantodomingo.net\/index.php\/2023\/09\/13\/interior-y-policia-suspende-los-servicios-de-registros-de-armas-de-fuego-tras-incendio\/\"},\"author\":{\"name\":\"Yerlin Payano\",\"@id\":\"https:\/\/blgnoticiassantodomingo.net\/#\/schema\/person\/03b67e608d24e551f208708811f9dec0\"},\"headline\":\"Interior y Polic\u00eda suspende los servicios de registros de armas de fuego tras incendio\",\"datePublished\":\"2023-09-13T16:57:33+00:00\",\"dateModified\":\"2023-09-13T16:58:13+00:00\",\"mainEntityOfPage\":{\"@id\":\"https:\/\/blgnoticiassantodomingo.net\/index.php\/2023\/09\/13\/interior-y-policia-suspende-los-servicios-de-registros-de-armas-de-fuego-tras-incendio\/\"},\"wordCount\":160,\"commentCount\":0,\"publisher\":{\"@id\":\"https:\/\/blgnoticiassantodomingo.net\/#organization\"},\"image\":{\"@id\":\"https:\/\/blgnoticiassantodomingo.net\/index.php\/2023\/09\/13\/interior-y-policia-suspende-los-servicios-de-registros-de-armas-de-fuego-tras-incendio\/#primaryimage\"},\"thumbnailUrl\":\"https:\/\/blgnoticiassantodomingo.net\/wp-content\/uploads\/2023\/09\/Screenshot-2023-09-13-12.55.37.png\",\"keywords\":[\"Incendio\",\"Interior y Policia\",\"Santo Domingo\"],\"articleSection\":[\"Nacionales\"],\"inLanguage\":\"es\",\"potentialAction\":[{\"@type\":\"CommentAction\",\"name\":\"Comment\",\"target\":[\"https:\/\/blgnoticiassantodomingo.net\/index.php\/2023\/09\/13\/interior-y-policia-suspende-los-servicios-de-registros-de-armas-de-fuego-tras-incendio\/#respond\"]}]},{\"@type\":\"WebPage\",\"@id\":\"https:\/\/blgnoticiassantodomingo.net\/index.php\/2023\/09\/13\/interior-y-policia-suspende-los-servicios-de-registros-de-armas-de-fuego-tras-incendio\/\",\"url\":\"https:\/\/blgnoticiassantodomingo.net\/index.php\/2023\/09\/13\/interior-y-policia-suspende-los-servicios-de-registros-de-armas-de-fuego-tras-incendio\/\",\"name\":\"Interior y Polic\u00eda suspende los servicios de registros de armas de fuego tras incendio - BLG Noticias\",\"isPartOf\":{\"@id\":\"https:\/\/blgnoticiassantodomingo.net\/#website\"},\"primaryImageOfPage\":{\"@id\":\"https:\/\/blgnoticiassantodomingo.net\/index.php\/2023\/09\/13\/interior-y-policia-suspende-los-servicios-de-registros-de-armas-de-fuego-tras-incendio\/#primaryimage\"},\"image\":{\"@id\":\"https:\/\/blgnoticiassantodomingo.net\/index.php\/2023\/09\/13\/interior-y-policia-suspende-los-servicios-de-registros-de-armas-de-fuego-tras-incendio\/#primaryimage\"},\"thumbnailUrl\":\"https:\/\/blgnoticiassantodomingo.net\/wp-content\/uploads\/2023\/09\/Screenshot-2023-09-13-12.55.37.png\",\"datePublished\":\"2023-09-13T16:57:33+00:00\",\"dateModified\":\"2023-09-13T16:58:13+00:00\",\"breadcrumb\":{\"@id\":\"https:\/\/blgnoticiassantodomingo.net\/index.php\/2023\/09\/13\/interior-y-policia-suspende-los-servicios-de-registros-de-armas-de-fuego-tras-incendio\/#breadcrumb\"},\"inLanguage\":\"es\",\"potentialAction\":[{\"@type\":\"ReadAction\",\"target\":[\"https:\/\/blgnoticiassantodomingo.net\/index.php\/2023\/09\/13\/interior-y-policia-suspende-los-servicios-de-registros-de-armas-de-fuego-tras-incendio\/\"]}]},{\"@type\":\"ImageObject\",\"inLanguage\":\"es\",\"@id\":\"https:\/\/blgnoticiassantodomingo.net\/index.php\/2023\/09\/13\/interior-y-policia-suspende-los-servicios-de-registros-de-armas-de-fuego-tras-incendio\/#primaryimage\",\"url\":\"https:\/\/blgnoticiassantodomingo.net\/wp-content\/uploads\/2023\/09\/Screenshot-2023-09-13-12.55.37.png\",\"contentUrl\":\"https:\/\/blgnoticiassantodomingo.net\/wp-content\/uploads\/2023\/09\/Screenshot-2023-09-13-12.55.37.png\",\"width\":734,\"height\":448},{\"@type\":\"BreadcrumbList\",\"@id\":\"https:\/\/blgnoticiassantodomingo.net\/index.php\/2023\/09\/13\/interior-y-policia-suspende-los-servicios-de-registros-de-armas-de-fuego-tras-incendio\/#breadcrumb\",\"itemListElement\":[{\"@type\":\"ListItem\",\"position\":1,\"name\":\"Portada\",\"item\":\"https:\/\/blgnoticiassantodomingo.net\/\"},{\"@type\":\"ListItem\",\"position\":2,\"name\":\"Interior y Polic\u00eda suspende los servicios de registros de armas de fuego tras incendio\"}]},{\"@type\":\"WebSite\",\"@id\":\"https:\/\/blgnoticiassantodomingo.net\/#website\",\"url\":\"https:\/\/blgnoticiassantodomingo.net\/\",\"name\":\"BLG Noticias\",\"description\":\"Esto es Noticias\",\"publisher\":{\"@id\":\"https:\/\/blgnoticiassantodomingo.net\/#organization\"},\"potentialAction\":[{\"@type\":\"SearchAction\",\"target\":{\"@type\":\"EntryPoint\",\"urlTemplate\":\"https:\/\/blgnoticiassantodomingo.net\/?s={search_term_string}\"},\"query-input\":{\"@type\":\"PropertyValueSpecification\",\"valueRequired\":true,\"valueName\":\"search_term_string\"}}],\"inLanguage\":\"es\"},{\"@type\":\"Organization\",\"@id\":\"https:\/\/blgnoticiassantodomingo.net\/#organization\",\"name\":\"BLG Noticias\",\"url\":\"https:\/\/blgnoticiassantodomingo.net\/\",\"logo\":{\"@type\":\"ImageObject\",\"inLanguage\":\"es\",\"@id\":\"https:\/\/blgnoticiassantodomingo.net\/#\/schema\/logo\/image\/\",\"url\":\"https:\/\/blgnoticiassantodomingo.net\/wp-content\/uploads\/2023\/12\/Diseno-sin-titulo-3.jpg\",\"contentUrl\":\"https:\/\/blgnoticiassantodomingo.net\/wp-content\/uploads\/2023\/12\/Diseno-sin-titulo-3.jpg\",\"width\":500,\"height\":500,\"caption\":\"BLG Noticias\"},\"image\":{\"@id\":\"https:\/\/blgnoticiassantodomingo.net\/#\/schema\/logo\/image\/\"},\"sameAs\":[\"https:\/\/web.facebook.com\/BlgNoticias\/?locale=es_LA&_rdc=1&_rdr\",\"https:\/\/x.com\/BlgNoticias\",\"https:\/\/www.linkedin.com\/in\/brenda-l-santana-aa846279\/\"]},{\"@type\":\"Person\",\"@id\":\"https:\/\/blgnoticiassantodomingo.net\/#\/schema\/person\/03b67e608d24e551f208708811f9dec0\",\"name\":\"Yerlin Payano\",\"image\":{\"@type\":\"ImageObject\",\"inLanguage\":\"es\",\"@id\":\"https:\/\/blgnoticiassantodomingo.net\/#\/schema\/person\/image\/\",\"url\":\"https:\/\/secure.gravatar.com\/avatar\/0df11eeed431210345b3a5364c9941af1e921c3e99c30e40a827773db05d19f2?s=96&d=wp_user_avatar&r=g\",\"contentUrl\":\"https:\/\/secure.gravatar.com\/avatar\/0df11eeed431210345b3a5364c9941af1e921c3e99c30e40a827773db05d19f2?s=96&d=wp_user_avatar&r=g\",\"caption\":\"Yerlin Payano\"},\"sameAs\":[\"http:\/\/blgnoticiassantodomingo.net\/\"],\"url\":\"https:\/\/blgnoticiassantodomingo.net\/index.php\/author\/yerlinpayano\/\"}]}<\/script>\n<!-- \/ Yoast SEO plugin. -->","yoast_head_json":{"title":"Interior y Polic\u00eda suspende los servicios de registros de armas de fuego tras incendio - BLG Noticias","robots":{"index":"index","follow":"follow","max-snippet":"max-snippet:-1","max-image-preview":"max-image-preview:large","max-video-preview":"max-video-preview:-1"},"canonical":"https:\/\/blgnoticiassantodomingo.net\/index.php\/2023\/09\/13\/interior-y-policia-suspende-los-servicios-de-registros-de-armas-de-fuego-tras-incendio\/","og_locale":"es_ES","og_type":"article","og_title":"Interior y Polic\u00eda suspende los servicios de registros de armas de fuego tras incendio - BLG Noticias","og_description":"SANTO DOMINGO.\u2013 El Ministerio de Interior y Polic\u00eda inform\u00f3 que suspendi\u00f3 de manera temporal todos los servicios que ofrece la Direcci\u00f3n de Control y Registro de Armas de Fuego, tras un incendio que afect\u00f3 las instalaciones, ubicadas en el Edificio de Oficinas Gubernamentales Juan Pablo Duarte conocidos como El Huacal, la noche del lunes. Seg\u00fan [&hellip;]","og_url":"https:\/\/blgnoticiassantodomingo.net\/index.php\/2023\/09\/13\/interior-y-policia-suspende-los-servicios-de-registros-de-armas-de-fuego-tras-incendio\/","og_site_name":"BLG Noticias","article_publisher":"https:\/\/web.facebook.com\/BlgNoticias\/?locale=es_LA&_rdc=1&_rdr","article_published_time":"2023-09-13T16:57:33+00:00","article_modified_time":"2023-09-13T16:58:13+00:00","og_image":[{"width":734,"height":448,"url":"https:\/\/blgnoticiassantodomingo.net\/wp-content\/uploads\/2023\/09\/Screenshot-2023-09-13-12.55.37.png","type":"image\/png"}],"author":"Yerlin Payano","twitter_card":"summary_large_image","twitter_creator":"@BlgNoticias","twitter_site":"@BlgNoticias","twitter_misc":{"Escrito por":"Yerlin Payano","Tiempo de lectura":"1 minuto"},"schema":{"@context":"https:\/\/schema.org","@graph":[{"@type":"Article","@id":"https:\/\/blgnoticiassantodomingo.net\/index.php\/2023\/09\/13\/interior-y-policia-suspende-los-servicios-de-registros-de-armas-de-fuego-tras-incendio\/#article","isPartOf":{"@id":"https:\/\/blgnoticiassantodomingo.net\/index.php\/2023\/09\/13\/interior-y-policia-suspende-los-servicios-de-registros-de-armas-de-fuego-tras-incendio\/"},"author":{"name":"Yerlin Payano","@id":"https:\/\/blgnoticiassantodomingo.net\/#\/schema\/person\/03b67e608d24e551f208708811f9dec0"},"headline":"Interior y Polic\u00eda suspende los servicios de registros de armas de fuego tras incendio","datePublished":"2023-09-13T16:57:33+00:00","dateModified":"2023-09-13T16:58:13+00:00","mainEntityOfPage":{"@id":"https:\/\/blgnoticiassantodomingo.net\/index.php\/2023\/09\/13\/interior-y-policia-suspende-los-servicios-de-registros-de-armas-de-fuego-tras-incendio\/"},"wordCount":160,"commentCount":0,"publisher":{"@id":"https:\/\/blgnoticiassantodomingo.net\/#organization"},"image":{"@id":"https:\/\/blgnoticiassantodomingo.net\/index.php\/2023\/09\/13\/interior-y-policia-suspende-los-servicios-de-registros-de-armas-de-fuego-tras-incendio\/#primaryimage"},"thumbnailUrl":"https:\/\/blgnoticiassantodomingo.net\/wp-content\/uploads\/2023\/09\/Screenshot-2023-09-13-12.55.37.png","keywords":["Incendio","Interior y Policia","Santo Domingo"],"articleSection":["Nacionales"],"inLanguage":"es","potentialAction":[{"@type":"CommentAction","name":"Comment","target":["https:\/\/blgnoticiassantodomingo.net\/index.php\/2023\/09\/13\/interior-y-policia-suspende-los-servicios-de-registros-de-armas-de-fuego-tras-incendio\/#respond"]}]},{"@type":"WebPage","@id":"https:\/\/blgnoticiassantodomingo.net\/index.php\/2023\/09\/13\/interior-y-policia-suspende-los-servicios-de-registros-de-armas-de-fuego-tras-incendio\/","url":"https:\/\/blgnoticiassantodomingo.net\/index.php\/2023\/09\/13\/interior-y-policia-suspende-los-servicios-de-registros-de-armas-de-fuego-tras-incendio\/","name":"Interior y Polic\u00eda suspende los servicios de registros de armas de fuego tras incendio - BLG Noticias","isPartOf":{"@id":"https:\/\/blgnoticiassantodomingo.net\/#website"},"primaryImageOfPage":{"@id":"https:\/\/blgnoticiassantodomingo.net\/index.php\/2023\/09\/13\/interior-y-policia-suspende-los-servicios-de-registros-de-armas-de-fuego-tras-incendio\/#primaryimage"},"image":{"@id":"https:\/\/blgnoticiassantodomingo.net\/index.php\/2023\/09\/13\/interior-y-policia-suspende-los-servicios-de-registros-de-armas-de-fuego-tras-incendio\/#primaryimage"},"thumbnailUrl":"https:\/\/blgnoticiassantodomingo.net\/wp-content\/uploads\/2023\/09\/Screenshot-2023-09-13-12.55.37.png","datePublished":"2023-09-13T16:57:33+00:00","dateModified":"2023-09-13T16:58:13+00:00","breadcrumb":{"@id":"https:\/\/blgnoticiassantodomingo.net\/index.php\/2023\/09\/13\/interior-y-policia-suspende-los-servicios-de-registros-de-armas-de-fuego-tras-incendio\/#breadcrumb"},"inLanguage":"es","potentialAction":[{"@type":"ReadAction","target":["https:\/\/blgnoticiassantodomingo.net\/index.php\/2023\/09\/13\/interior-y-policia-suspende-los-servicios-de-registros-de-armas-de-fuego-tras-incendio\/"]}]},{"@type":"ImageObject","inLanguage":"es","@id":"https:\/\/blgnoticiassantodomingo.net\/index.php\/2023\/09\/13\/interior-y-policia-suspende-los-servicios-de-registros-de-armas-de-fuego-tras-incendio\/#primaryimage","url":"https:\/\/blgnoticiassantodomingo.net\/wp-content\/uploads\/2023\/09\/Screenshot-2023-09-13-12.55.37.png","contentUrl":"https:\/\/blgnoticiassantodomingo.net\/wp-content\/uploads\/2023\/09\/Screenshot-2023-09-13-12.55.37.png","width":734,"height":448},{"@type":"BreadcrumbList","@id":"https:\/\/blgnoticiassantodomingo.net\/index.php\/2023\/09\/13\/interior-y-policia-suspende-los-servicios-de-registros-de-armas-de-fuego-tras-incendio\/#breadcrumb","itemListElement":[{"@type":"ListItem","position":1,"name":"Portada","item":"https:\/\/blgnoticiassantodomingo.net\/"},{"@type":"ListItem","position":2,"name":"Interior y Polic\u00eda suspende los servicios de registros de armas de fuego tras incendio"}]},{"@type":"WebSite","@id":"https:\/\/blgnoticiassantodomingo.net\/#website","url":"https:\/\/blgnoticiassantodomingo.net\/","name":"BLG Noticias","description":"Esto es Noticias","publisher":{"@id":"https:\/\/blgnoticiassantodomingo.net\/#organization"},"potentialAction":[{"@type":"SearchAction","target":{"@type":"EntryPoint","urlTemplate":"https:\/\/blgnoticiassantodomingo.net\/?s={search_term_string}"},"query-input":{"@type":"PropertyValueSpecification","valueRequired":true,"valueName":"search_term_string"}}],"inLanguage":"es"},{"@type":"Organization","@id":"https:\/\/blgnoticiassantodomingo.net\/#organization","name":"BLG Noticias","url":"https:\/\/blgnoticiassantodomingo.net\/","logo":{"@type":"ImageObject","inLanguage":"es","@id":"https:\/\/blgnoticiassantodomingo.net\/#\/schema\/logo\/image\/","url":"https:\/\/blgnoticiassantodomingo.net\/wp-content\/uploads\/2023\/12\/Diseno-sin-titulo-3.jpg","contentUrl":"https:\/\/blgnoticiassantodomingo.net\/wp-content\/uploads\/2023\/12\/Diseno-sin-titulo-3.jpg","width":500,"height":500,"caption":"BLG Noticias"},"image":{"@id":"https:\/\/blgnoticiassantodomingo.net\/#\/schema\/logo\/image\/"},"sameAs":["https:\/\/web.facebook.com\/BlgNoticias\/?locale=es_LA&_rdc=1&_rdr","https:\/\/x.com\/BlgNoticias","https:\/\/www.linkedin.com\/in\/brenda-l-santana-aa846279\/"]},{"@type":"Person","@id":"https:\/\/blgnoticiassantodomingo.net\/#\/schema\/person\/03b67e608d24e551f208708811f9dec0","name":"Yerlin Payano","image":{"@type":"ImageObject","inLanguage":"es","@id":"https:\/\/blgnoticiassantodomingo.net\/#\/schema\/person\/image\/","url":"https:\/\/secure.gravatar.com\/avatar\/0df11eeed431210345b3a5364c9941af1e921c3e99c30e40a827773db05d19f2?s=96&d=wp_user_avatar&r=g","contentUrl":"https:\/\/secure.gravatar.com\/avatar\/0df11eeed431210345b3a5364c9941af1e921c3e99c30e40a827773db05d19f2?s=96&d=wp_user_avatar&r=g","caption":"Yerlin Payano"},"sameAs":["http:\/\/blgnoticiassantodomingo.net\/"],"url":"https:\/\/blgnoticiassantodomingo.net\/index.php\/author\/yerlinpayano\/"}]}},"jetpack_featured_media_url":"https:\/\/blgnoticiassantodomingo.net\/wp-content\/uploads\/2023\/09\/Screenshot-2023-09-13-12.55.37.png","_links":{"self":[{"href":"https:\/\/blgnoticiassantodomingo.net\/index.php\/wp-json\/wp\/v2\/posts\/36351","targetHints":{"allow":["GET"]}}],"collection":[{"href":"https:\/\/blgnoticiassantodomingo.net\/index.php\/wp-json\/wp\/v2\/posts"}],"about":[{"href":"https:\/\/blgnoticiassantodomingo.net\/index.php\/wp-json\/wp\/v2\/types\/post"}],"author":[{"embeddable":true,"href":"https:\/\/blgnoticiassantodomingo.net\/index.php\/wp-json\/wp\/v2\/users\/3"}],"replies":[{"embeddable":true,"href":"https:\/\/blgnoticiassantodomingo.net\/index.php\/wp-json\/wp\/v2\/comments?post=36351"}],"version-history":[{"count":2,"href":"https:\/\/blgnoticiassantodomingo.net\/index.php\/wp-json\/wp\/v2\/posts\/36351\/revisions"}],"predecessor-version":[{"id":36355,"href":"https:\/\/blgnoticiassantodomingo.net\/index.php\/wp-json\/wp\/v2\/posts\/36351\/revisions\/36355"}],"wp:featuredmedia":[{"embeddable":true,"href":"https:\/\/blgnoticiassantodomingo.net\/index.php\/wp-json\/wp\/v2\/media\/36352"}],"wp:attachment":[{"href":"https:\/\/blgnoticiassantodomingo.net\/index.php\/wp-json\/wp\/v2\/media?parent=36351"}],"wp:term":[{"taxonomy":"category","embeddable":true,"href":"https:\/\/blgnoticiassantodomingo.net\/index.php\/wp-json\/wp\/v2\/categories?post=36351"},{"taxonomy":"post_tag","embeddable":true,"href":"https:\/\/blgnoticiassantodomingo.net\/index.php\/wp-json\/wp\/v2\/tags?post=36351"}],"curies":[{"name":"wp","href":"https:\/\/api.w.org\/{rel}","templated":true}]}}