{"id":35879,"date":"2023-08-15T09:45:37","date_gmt":"2023-08-15T13:45:37","guid":{"rendered":"https:\/\/blgnoticiassantodomingo.net\/?p=35879"},"modified":"2023-08-15T09:45:41","modified_gmt":"2023-08-15T13:45:41","slug":"gobierno-despliega-unidades-de-emergencia-ante-explosion-en-san-cristobal","status":"publish","type":"post","link":"https:\/\/blgnoticiassantodomingo.net\/index.php\/2023\/08\/15\/gobierno-despliega-unidades-de-emergencia-ante-explosion-en-san-cristobal\/","title":{"rendered":"Gobierno despliega unidades de emergencia ante explosi\u00f3n en San Crist\u00f3bal"},"content":{"rendered":"\n<p>San Crist\u00f3bal.-&nbsp;<strong>Por instrucciones del presidente Luis Abinader<\/strong>, fue realizado un despliegue de&nbsp;<strong>todas las unidades de emergencia y de socorro<\/strong>&nbsp;<strong>necesarias<\/strong>&nbsp;para atender la lamentable situaci\u00f3n por la que atraviesan los moradores de San Crist\u00f3bal, afectados por la&nbsp;<strong>explosi\u00f3n ocurrida la tarde de este lunes.<\/strong><\/p>\n\n\n\n<p>As\u00ed lo inform\u00f3&nbsp;<strong>el ministro de la Presidencia, Joel Santos Echavarr\u00eda<\/strong>, quien desde horas de la tarde se encuentra en San Crist\u00f3bal, junto con una comitiva encabezada por el&nbsp;<strong>Sistema Nacional de Atenci\u00f3n a Emergencias y Seguridad<\/strong><strong>&nbsp;&nbsp;<\/strong><strong>9-1-1.<\/strong>&nbsp;<\/p>\n\n\n\n<p><em>\u00abNuestro principal objetivo aqu\u00ed ha sido salvaguardar la mayor cantidad de vidas, porque es lo \u00fanico que no podemos restablecer\u00bb,<\/em>&nbsp;dijo Santos Echavarr\u00eda en conferencia de prensa.<\/p>\n\n\n\n<p>El ministro indic\u00f3 que hasta el momento se ha reportado&nbsp;<strong>el fallecimiento de tres<\/strong>&nbsp;<strong>personas, mientras que otras 39 han sido<\/strong><strong>&nbsp;<\/strong><strong>ingresadas<\/strong>, 33 en diferentes hospitales del Estado y otras seis en cl\u00ednicas privadas. De los ingresados, seis han sido trasladados a Santo Domingo.<\/p>\n\n\n\n<p><em>\u00abNuestras primeras palabras deben estar orientadas a lamentar este suceso que hemos tenido en esta importante ciudad de San Crist\u00f3bal y dar nuestro pesar a los familiares y personas que hayan sido afectadas por esta situaci\u00f3n\u00bb<\/em>, dijo.<\/p>\n\n\n\n<figure class=\"wp-block-image\"><img decoding=\"async\" src=\"https:\/\/presidencia.gob.do\/sites\/default\/files\/inline-images\/Emergencias.jpeg\" alt=\"\"\/><\/figure>\n\n\n\n<p>El ministro destac\u00f3 la&nbsp;<strong>r\u00e1pida movilizaci\u00f3n<\/strong>&nbsp;del Sistema Nacional de Atenci\u00f3n a Emergencias y Seguridad&nbsp;&nbsp;9-1-1, con el cual&nbsp;<strong>se han desplegado alrededor de 20 ambulancias, y los bomberos han trabajado con 14 camiones<\/strong>&nbsp;<strong>para sofocar el fuego<\/strong>, otra de las prioridades como unidad de emergencias.<\/p>\n\n\n\n<p>Santos Echavarr\u00eda inform\u00f3 que hasta ahora el fuego est\u00e1 controlado, pero a\u00fan hay dos focos en los que los bomberos est\u00e1n trabajando.<\/p>\n\n\n\n<p><em>\u00abQuiero reconocer el esfuerzo que hasta ahora han realizado los bomberos, la Defensa Civil, el 9-1-1 y, desde el punto de vista de la seguridad, la Polic\u00eda Nacional, el Ej\u00e9rcito, como una forma no solo de asegurar las propiedades, sino, el acordonamiento para evitar p\u00e9rdida de vidas adicional\u00bb<\/em>, se\u00f1al\u00f3.<\/p>\n\n\n\n<p>El ministro precis\u00f3, adem\u00e1s, que por instrucciones del presidente Abinader,&nbsp;<strong>se trabajar\u00e1 con la alcald\u00eda y la gobernaci\u00f3n<\/strong>, una vez todo est\u00e9 controlado,&nbsp;<strong>para recuperar lo m\u00e1s pronto posible las zonas afectadas.<\/strong><\/p>\n\n\n\n<p><em>\u00abQuiero agradecer a todo el cuerpo m\u00e9dico, que como siempre ha mostrado la disposici\u00f3n y la gallard\u00eda para atender a los heridos de la forma m\u00e1s eficiente posible\u00bb,<\/em>&nbsp;indic\u00f3 Santos Echavarr\u00eda.&nbsp;<\/p>\n\n\n\n<p>Estuvieron con el ministro, el general&nbsp;<strong>Eduardo Alberto Then<\/strong>, director de la Polic\u00eda;&nbsp;<strong>Carlos Fern\u00e1ndez Onofre<\/strong>; comandante general del Ej\u00e9rcito; la gobernadora de San Crist\u00f3bal,&nbsp;<strong>Pura Casilla<\/strong>; el alcalde del municipio,<strong>&nbsp;Jos\u00e9 Mont\u00e1s,<\/strong>&nbsp;y la directora del Hospital Juan Pablo Pina,&nbsp;<strong>Monserrat Santana<\/strong>, entre otros.<\/p>\n","protected":false},"excerpt":{"rendered":"<p>San Crist\u00f3bal.-&nbsp;Por instrucciones del presidente Luis Abinader, fue realizado un despliegue de&nbsp;todas las unidades de emergencia y de socorro&nbsp;necesarias&nbsp;para atender la lamentable situaci\u00f3n por la que atraviesan los moradores de San Crist\u00f3bal, afectados por la&nbsp;explosi\u00f3n ocurrida la tarde de este lunes. As\u00ed lo inform\u00f3&nbsp;el ministro de la Presidencia, Joel Santos Echavarr\u00eda, quien desde horas de [&hellip;]<\/p>\n","protected":false},"author":2,"featured_media":35880,"comment_status":"open","ping_status":"open","sticky":true,"template":"","format":"standard","meta":{"footnotes":""},"categories":[220],"tags":[8331,5717,1034,2842],"class_list":{"0":"post-35879","1":"post","2":"type-post","3":"status-publish","4":"format-standard","5":"has-post-thumbnail","7":"category-nacionales","8":"tag-joel-santos-echavarria","9":"tag-ministro-de-la-presidencia","10":"tag-san-cristobal","11":"tag-tragedia"},"yoast_head":"<!-- This site is optimized with the Yoast SEO plugin v24.9 - https:\/\/yoast.com\/wordpress\/plugins\/seo\/ -->\n<title>Gobierno despliega unidades de emergencia ante explosi\u00f3n en San Crist\u00f3bal - BLG Noticias<\/title>\n<meta name=\"robots\" content=\"index, follow, max-snippet:-1, max-image-preview:large, max-video-preview:-1\" \/>\n<link rel=\"canonical\" href=\"https:\/\/blgnoticiassantodomingo.net\/index.php\/2023\/08\/15\/gobierno-despliega-unidades-de-emergencia-ante-explosion-en-san-cristobal\/\" \/>\n<meta property=\"og:locale\" content=\"es_ES\" \/>\n<meta property=\"og:type\" content=\"article\" \/>\n<meta property=\"og:title\" content=\"Gobierno despliega unidades de emergencia ante explosi\u00f3n en San Crist\u00f3bal - BLG Noticias\" \/>\n<meta property=\"og:description\" content=\"San Crist\u00f3bal.-&nbsp;Por instrucciones del presidente Luis Abinader, fue realizado un despliegue de&nbsp;todas las unidades de emergencia y de socorro&nbsp;necesarias&nbsp;para atender la lamentable situaci\u00f3n por la que atraviesan los moradores de San Crist\u00f3bal, afectados por la&nbsp;explosi\u00f3n ocurrida la tarde de este lunes. As\u00ed lo inform\u00f3&nbsp;el ministro de la Presidencia, Joel Santos Echavarr\u00eda, quien desde horas de [&hellip;]\" \/>\n<meta property=\"og:url\" content=\"https:\/\/blgnoticiassantodomingo.net\/index.php\/2023\/08\/15\/gobierno-despliega-unidades-de-emergencia-ante-explosion-en-san-cristobal\/\" \/>\n<meta property=\"og:site_name\" content=\"BLG Noticias\" \/>\n<meta property=\"article:publisher\" content=\"https:\/\/web.facebook.com\/BlgNoticias\/?locale=es_LA&amp;_rdc=1&amp;_rdr\" \/>\n<meta property=\"article:published_time\" content=\"2023-08-15T13:45:37+00:00\" \/>\n<meta property=\"article:modified_time\" content=\"2023-08-15T13:45:41+00:00\" \/>\n<meta property=\"og:image\" content=\"https:\/\/blgnoticiassantodomingo.net\/wp-content\/uploads\/2023\/08\/Rueda-de-prensa.jpeg\" \/>\n\t<meta property=\"og:image:width\" content=\"1300\" \/>\n\t<meta property=\"og:image:height\" content=\"731\" \/>\n\t<meta property=\"og:image:type\" content=\"image\/jpeg\" \/>\n<meta name=\"author\" content=\"Brenda Guerrero\" \/>\n<meta name=\"twitter:card\" content=\"summary_large_image\" \/>\n<meta name=\"twitter:creator\" content=\"@BlgNoticias\" \/>\n<meta name=\"twitter:site\" content=\"@BlgNoticias\" \/>\n<meta name=\"twitter:label1\" content=\"Escrito por\" \/>\n\t<meta name=\"twitter:data1\" content=\"Brenda Guerrero\" \/>\n\t<meta name=\"twitter:label2\" content=\"Tiempo de lectura\" \/>\n\t<meta name=\"twitter:data2\" content=\"3 minutos\" \/>\n<script type=\"application\/ld+json\" class=\"yoast-schema-graph\">{\"@context\":\"https:\/\/schema.org\",\"@graph\":[{\"@type\":\"Article\",\"@id\":\"https:\/\/blgnoticiassantodomingo.net\/index.php\/2023\/08\/15\/gobierno-despliega-unidades-de-emergencia-ante-explosion-en-san-cristobal\/#article\",\"isPartOf\":{\"@id\":\"https:\/\/blgnoticiassantodomingo.net\/index.php\/2023\/08\/15\/gobierno-despliega-unidades-de-emergencia-ante-explosion-en-san-cristobal\/\"},\"author\":{\"name\":\"Brenda Guerrero\",\"@id\":\"https:\/\/blgnoticiassantodomingo.net\/#\/schema\/person\/e2fc21cf88acc63dbd134be981bff374\"},\"headline\":\"Gobierno despliega unidades de emergencia ante explosi\u00f3n en San Crist\u00f3bal\",\"datePublished\":\"2023-08-15T13:45:37+00:00\",\"dateModified\":\"2023-08-15T13:45:41+00:00\",\"mainEntityOfPage\":{\"@id\":\"https:\/\/blgnoticiassantodomingo.net\/index.php\/2023\/08\/15\/gobierno-despliega-unidades-de-emergencia-ante-explosion-en-san-cristobal\/\"},\"wordCount\":494,\"commentCount\":0,\"publisher\":{\"@id\":\"https:\/\/blgnoticiassantodomingo.net\/#organization\"},\"image\":{\"@id\":\"https:\/\/blgnoticiassantodomingo.net\/index.php\/2023\/08\/15\/gobierno-despliega-unidades-de-emergencia-ante-explosion-en-san-cristobal\/#primaryimage\"},\"thumbnailUrl\":\"https:\/\/blgnoticiassantodomingo.net\/wp-content\/uploads\/2023\/08\/Rueda-de-prensa.jpeg\",\"keywords\":[\"Joel Santos Echavarr\u00eda\",\"Ministro de la Presidencia\",\"San Cristobal\",\"tragedia\"],\"articleSection\":[\"Nacionales\"],\"inLanguage\":\"es\",\"potentialAction\":[{\"@type\":\"CommentAction\",\"name\":\"Comment\",\"target\":[\"https:\/\/blgnoticiassantodomingo.net\/index.php\/2023\/08\/15\/gobierno-despliega-unidades-de-emergencia-ante-explosion-en-san-cristobal\/#respond\"]}]},{\"@type\":\"WebPage\",\"@id\":\"https:\/\/blgnoticiassantodomingo.net\/index.php\/2023\/08\/15\/gobierno-despliega-unidades-de-emergencia-ante-explosion-en-san-cristobal\/\",\"url\":\"https:\/\/blgnoticiassantodomingo.net\/index.php\/2023\/08\/15\/gobierno-despliega-unidades-de-emergencia-ante-explosion-en-san-cristobal\/\",\"name\":\"Gobierno despliega unidades de emergencia ante explosi\u00f3n en San Crist\u00f3bal - BLG Noticias\",\"isPartOf\":{\"@id\":\"https:\/\/blgnoticiassantodomingo.net\/#website\"},\"primaryImageOfPage\":{\"@id\":\"https:\/\/blgnoticiassantodomingo.net\/index.php\/2023\/08\/15\/gobierno-despliega-unidades-de-emergencia-ante-explosion-en-san-cristobal\/#primaryimage\"},\"image\":{\"@id\":\"https:\/\/blgnoticiassantodomingo.net\/index.php\/2023\/08\/15\/gobierno-despliega-unidades-de-emergencia-ante-explosion-en-san-cristobal\/#primaryimage\"},\"thumbnailUrl\":\"https:\/\/blgnoticiassantodomingo.net\/wp-content\/uploads\/2023\/08\/Rueda-de-prensa.jpeg\",\"datePublished\":\"2023-08-15T13:45:37+00:00\",\"dateModified\":\"2023-08-15T13:45:41+00:00\",\"breadcrumb\":{\"@id\":\"https:\/\/blgnoticiassantodomingo.net\/index.php\/2023\/08\/15\/gobierno-despliega-unidades-de-emergencia-ante-explosion-en-san-cristobal\/#breadcrumb\"},\"inLanguage\":\"es\",\"potentialAction\":[{\"@type\":\"ReadAction\",\"target\":[\"https:\/\/blgnoticiassantodomingo.net\/index.php\/2023\/08\/15\/gobierno-despliega-unidades-de-emergencia-ante-explosion-en-san-cristobal\/\"]}]},{\"@type\":\"ImageObject\",\"inLanguage\":\"es\",\"@id\":\"https:\/\/blgnoticiassantodomingo.net\/index.php\/2023\/08\/15\/gobierno-despliega-unidades-de-emergencia-ante-explosion-en-san-cristobal\/#primaryimage\",\"url\":\"https:\/\/blgnoticiassantodomingo.net\/wp-content\/uploads\/2023\/08\/Rueda-de-prensa.jpeg\",\"contentUrl\":\"https:\/\/blgnoticiassantodomingo.net\/wp-content\/uploads\/2023\/08\/Rueda-de-prensa.jpeg\",\"width\":1300,\"height\":731},{\"@type\":\"BreadcrumbList\",\"@id\":\"https:\/\/blgnoticiassantodomingo.net\/index.php\/2023\/08\/15\/gobierno-despliega-unidades-de-emergencia-ante-explosion-en-san-cristobal\/#breadcrumb\",\"itemListElement\":[{\"@type\":\"ListItem\",\"position\":1,\"name\":\"Portada\",\"item\":\"https:\/\/blgnoticiassantodomingo.net\/\"},{\"@type\":\"ListItem\",\"position\":2,\"name\":\"Gobierno despliega unidades de emergencia ante explosi\u00f3n en San Crist\u00f3bal\"}]},{\"@type\":\"WebSite\",\"@id\":\"https:\/\/blgnoticiassantodomingo.net\/#website\",\"url\":\"https:\/\/blgnoticiassantodomingo.net\/\",\"name\":\"BLG Noticias\",\"description\":\"Esto es Noticias\",\"publisher\":{\"@id\":\"https:\/\/blgnoticiassantodomingo.net\/#organization\"},\"potentialAction\":[{\"@type\":\"SearchAction\",\"target\":{\"@type\":\"EntryPoint\",\"urlTemplate\":\"https:\/\/blgnoticiassantodomingo.net\/?s={search_term_string}\"},\"query-input\":{\"@type\":\"PropertyValueSpecification\",\"valueRequired\":true,\"valueName\":\"search_term_string\"}}],\"inLanguage\":\"es\"},{\"@type\":\"Organization\",\"@id\":\"https:\/\/blgnoticiassantodomingo.net\/#organization\",\"name\":\"BLG Noticias\",\"url\":\"https:\/\/blgnoticiassantodomingo.net\/\",\"logo\":{\"@type\":\"ImageObject\",\"inLanguage\":\"es\",\"@id\":\"https:\/\/blgnoticiassantodomingo.net\/#\/schema\/logo\/image\/\",\"url\":\"https:\/\/blgnoticiassantodomingo.net\/wp-content\/uploads\/2023\/12\/Diseno-sin-titulo-3.jpg\",\"contentUrl\":\"https:\/\/blgnoticiassantodomingo.net\/wp-content\/uploads\/2023\/12\/Diseno-sin-titulo-3.jpg\",\"width\":500,\"height\":500,\"caption\":\"BLG Noticias\"},\"image\":{\"@id\":\"https:\/\/blgnoticiassantodomingo.net\/#\/schema\/logo\/image\/\"},\"sameAs\":[\"https:\/\/web.facebook.com\/BlgNoticias\/?locale=es_LA&_rdc=1&_rdr\",\"https:\/\/x.com\/BlgNoticias\",\"https:\/\/www.linkedin.com\/in\/brenda-l-santana-aa846279\/\"]},{\"@type\":\"Person\",\"@id\":\"https:\/\/blgnoticiassantodomingo.net\/#\/schema\/person\/e2fc21cf88acc63dbd134be981bff374\",\"name\":\"Brenda Guerrero\",\"image\":{\"@type\":\"ImageObject\",\"inLanguage\":\"es\",\"@id\":\"https:\/\/blgnoticiassantodomingo.net\/#\/schema\/person\/image\/\",\"url\":\"https:\/\/secure.gravatar.com\/avatar\/2f7fc4c3e3655be1580cb684bfd8ab19be702ae20879da1e072021daa02f9b8b?s=96&d=wp_user_avatar&r=g\",\"contentUrl\":\"https:\/\/secure.gravatar.com\/avatar\/2f7fc4c3e3655be1580cb684bfd8ab19be702ae20879da1e072021daa02f9b8b?s=96&d=wp_user_avatar&r=g\",\"caption\":\"Brenda Guerrero\"},\"description\":\"Periodista\",\"url\":\"https:\/\/blgnoticiassantodomingo.net\/index.php\/author\/brenda-guerrero\/\"}]}<\/script>\n<!-- \/ Yoast SEO plugin. -->","yoast_head_json":{"title":"Gobierno despliega unidades de emergencia ante explosi\u00f3n en San Crist\u00f3bal - BLG Noticias","robots":{"index":"index","follow":"follow","max-snippet":"max-snippet:-1","max-image-preview":"max-image-preview:large","max-video-preview":"max-video-preview:-1"},"canonical":"https:\/\/blgnoticiassantodomingo.net\/index.php\/2023\/08\/15\/gobierno-despliega-unidades-de-emergencia-ante-explosion-en-san-cristobal\/","og_locale":"es_ES","og_type":"article","og_title":"Gobierno despliega unidades de emergencia ante explosi\u00f3n en San Crist\u00f3bal - BLG Noticias","og_description":"San Crist\u00f3bal.-&nbsp;Por instrucciones del presidente Luis Abinader, fue realizado un despliegue de&nbsp;todas las unidades de emergencia y de socorro&nbsp;necesarias&nbsp;para atender la lamentable situaci\u00f3n por la que atraviesan los moradores de San Crist\u00f3bal, afectados por la&nbsp;explosi\u00f3n ocurrida la tarde de este lunes. As\u00ed lo inform\u00f3&nbsp;el ministro de la Presidencia, Joel Santos Echavarr\u00eda, quien desde horas de [&hellip;]","og_url":"https:\/\/blgnoticiassantodomingo.net\/index.php\/2023\/08\/15\/gobierno-despliega-unidades-de-emergencia-ante-explosion-en-san-cristobal\/","og_site_name":"BLG Noticias","article_publisher":"https:\/\/web.facebook.com\/BlgNoticias\/?locale=es_LA&_rdc=1&_rdr","article_published_time":"2023-08-15T13:45:37+00:00","article_modified_time":"2023-08-15T13:45:41+00:00","og_image":[{"width":1300,"height":731,"url":"https:\/\/blgnoticiassantodomingo.net\/wp-content\/uploads\/2023\/08\/Rueda-de-prensa.jpeg","type":"image\/jpeg"}],"author":"Brenda Guerrero","twitter_card":"summary_large_image","twitter_creator":"@BlgNoticias","twitter_site":"@BlgNoticias","twitter_misc":{"Escrito por":"Brenda Guerrero","Tiempo de lectura":"3 minutos"},"schema":{"@context":"https:\/\/schema.org","@graph":[{"@type":"Article","@id":"https:\/\/blgnoticiassantodomingo.net\/index.php\/2023\/08\/15\/gobierno-despliega-unidades-de-emergencia-ante-explosion-en-san-cristobal\/#article","isPartOf":{"@id":"https:\/\/blgnoticiassantodomingo.net\/index.php\/2023\/08\/15\/gobierno-despliega-unidades-de-emergencia-ante-explosion-en-san-cristobal\/"},"author":{"name":"Brenda Guerrero","@id":"https:\/\/blgnoticiassantodomingo.net\/#\/schema\/person\/e2fc21cf88acc63dbd134be981bff374"},"headline":"Gobierno despliega unidades de emergencia ante explosi\u00f3n en San Crist\u00f3bal","datePublished":"2023-08-15T13:45:37+00:00","dateModified":"2023-08-15T13:45:41+00:00","mainEntityOfPage":{"@id":"https:\/\/blgnoticiassantodomingo.net\/index.php\/2023\/08\/15\/gobierno-despliega-unidades-de-emergencia-ante-explosion-en-san-cristobal\/"},"wordCount":494,"commentCount":0,"publisher":{"@id":"https:\/\/blgnoticiassantodomingo.net\/#organization"},"image":{"@id":"https:\/\/blgnoticiassantodomingo.net\/index.php\/2023\/08\/15\/gobierno-despliega-unidades-de-emergencia-ante-explosion-en-san-cristobal\/#primaryimage"},"thumbnailUrl":"https:\/\/blgnoticiassantodomingo.net\/wp-content\/uploads\/2023\/08\/Rueda-de-prensa.jpeg","keywords":["Joel Santos Echavarr\u00eda","Ministro de la Presidencia","San Cristobal","tragedia"],"articleSection":["Nacionales"],"inLanguage":"es","potentialAction":[{"@type":"CommentAction","name":"Comment","target":["https:\/\/blgnoticiassantodomingo.net\/index.php\/2023\/08\/15\/gobierno-despliega-unidades-de-emergencia-ante-explosion-en-san-cristobal\/#respond"]}]},{"@type":"WebPage","@id":"https:\/\/blgnoticiassantodomingo.net\/index.php\/2023\/08\/15\/gobierno-despliega-unidades-de-emergencia-ante-explosion-en-san-cristobal\/","url":"https:\/\/blgnoticiassantodomingo.net\/index.php\/2023\/08\/15\/gobierno-despliega-unidades-de-emergencia-ante-explosion-en-san-cristobal\/","name":"Gobierno despliega unidades de emergencia ante explosi\u00f3n en San Crist\u00f3bal - BLG Noticias","isPartOf":{"@id":"https:\/\/blgnoticiassantodomingo.net\/#website"},"primaryImageOfPage":{"@id":"https:\/\/blgnoticiassantodomingo.net\/index.php\/2023\/08\/15\/gobierno-despliega-unidades-de-emergencia-ante-explosion-en-san-cristobal\/#primaryimage"},"image":{"@id":"https:\/\/blgnoticiassantodomingo.net\/index.php\/2023\/08\/15\/gobierno-despliega-unidades-de-emergencia-ante-explosion-en-san-cristobal\/#primaryimage"},"thumbnailUrl":"https:\/\/blgnoticiassantodomingo.net\/wp-content\/uploads\/2023\/08\/Rueda-de-prensa.jpeg","datePublished":"2023-08-15T13:45:37+00:00","dateModified":"2023-08-15T13:45:41+00:00","breadcrumb":{"@id":"https:\/\/blgnoticiassantodomingo.net\/index.php\/2023\/08\/15\/gobierno-despliega-unidades-de-emergencia-ante-explosion-en-san-cristobal\/#breadcrumb"},"inLanguage":"es","potentialAction":[{"@type":"ReadAction","target":["https:\/\/blgnoticiassantodomingo.net\/index.php\/2023\/08\/15\/gobierno-despliega-unidades-de-emergencia-ante-explosion-en-san-cristobal\/"]}]},{"@type":"ImageObject","inLanguage":"es","@id":"https:\/\/blgnoticiassantodomingo.net\/index.php\/2023\/08\/15\/gobierno-despliega-unidades-de-emergencia-ante-explosion-en-san-cristobal\/#primaryimage","url":"https:\/\/blgnoticiassantodomingo.net\/wp-content\/uploads\/2023\/08\/Rueda-de-prensa.jpeg","contentUrl":"https:\/\/blgnoticiassantodomingo.net\/wp-content\/uploads\/2023\/08\/Rueda-de-prensa.jpeg","width":1300,"height":731},{"@type":"BreadcrumbList","@id":"https:\/\/blgnoticiassantodomingo.net\/index.php\/2023\/08\/15\/gobierno-despliega-unidades-de-emergencia-ante-explosion-en-san-cristobal\/#breadcrumb","itemListElement":[{"@type":"ListItem","position":1,"name":"Portada","item":"https:\/\/blgnoticiassantodomingo.net\/"},{"@type":"ListItem","position":2,"name":"Gobierno despliega unidades de emergencia ante explosi\u00f3n en San Crist\u00f3bal"}]},{"@type":"WebSite","@id":"https:\/\/blgnoticiassantodomingo.net\/#website","url":"https:\/\/blgnoticiassantodomingo.net\/","name":"BLG Noticias","description":"Esto es Noticias","publisher":{"@id":"https:\/\/blgnoticiassantodomingo.net\/#organization"},"potentialAction":[{"@type":"SearchAction","target":{"@type":"EntryPoint","urlTemplate":"https:\/\/blgnoticiassantodomingo.net\/?s={search_term_string}"},"query-input":{"@type":"PropertyValueSpecification","valueRequired":true,"valueName":"search_term_string"}}],"inLanguage":"es"},{"@type":"Organization","@id":"https:\/\/blgnoticiassantodomingo.net\/#organization","name":"BLG Noticias","url":"https:\/\/blgnoticiassantodomingo.net\/","logo":{"@type":"ImageObject","inLanguage":"es","@id":"https:\/\/blgnoticiassantodomingo.net\/#\/schema\/logo\/image\/","url":"https:\/\/blgnoticiassantodomingo.net\/wp-content\/uploads\/2023\/12\/Diseno-sin-titulo-3.jpg","contentUrl":"https:\/\/blgnoticiassantodomingo.net\/wp-content\/uploads\/2023\/12\/Diseno-sin-titulo-3.jpg","width":500,"height":500,"caption":"BLG Noticias"},"image":{"@id":"https:\/\/blgnoticiassantodomingo.net\/#\/schema\/logo\/image\/"},"sameAs":["https:\/\/web.facebook.com\/BlgNoticias\/?locale=es_LA&_rdc=1&_rdr","https:\/\/x.com\/BlgNoticias","https:\/\/www.linkedin.com\/in\/brenda-l-santana-aa846279\/"]},{"@type":"Person","@id":"https:\/\/blgnoticiassantodomingo.net\/#\/schema\/person\/e2fc21cf88acc63dbd134be981bff374","name":"Brenda Guerrero","image":{"@type":"ImageObject","inLanguage":"es","@id":"https:\/\/blgnoticiassantodomingo.net\/#\/schema\/person\/image\/","url":"https:\/\/secure.gravatar.com\/avatar\/2f7fc4c3e3655be1580cb684bfd8ab19be702ae20879da1e072021daa02f9b8b?s=96&d=wp_user_avatar&r=g","contentUrl":"https:\/\/secure.gravatar.com\/avatar\/2f7fc4c3e3655be1580cb684bfd8ab19be702ae20879da1e072021daa02f9b8b?s=96&d=wp_user_avatar&r=g","caption":"Brenda Guerrero"},"description":"Periodista","url":"https:\/\/blgnoticiassantodomingo.net\/index.php\/author\/brenda-guerrero\/"}]}},"jetpack_featured_media_url":"https:\/\/blgnoticiassantodomingo.net\/wp-content\/uploads\/2023\/08\/Rueda-de-prensa.jpeg","_links":{"self":[{"href":"https:\/\/blgnoticiassantodomingo.net\/index.php\/wp-json\/wp\/v2\/posts\/35879","targetHints":{"allow":["GET"]}}],"collection":[{"href":"https:\/\/blgnoticiassantodomingo.net\/index.php\/wp-json\/wp\/v2\/posts"}],"about":[{"href":"https:\/\/blgnoticiassantodomingo.net\/index.php\/wp-json\/wp\/v2\/types\/post"}],"author":[{"embeddable":true,"href":"https:\/\/blgnoticiassantodomingo.net\/index.php\/wp-json\/wp\/v2\/users\/2"}],"replies":[{"embeddable":true,"href":"https:\/\/blgnoticiassantodomingo.net\/index.php\/wp-json\/wp\/v2\/comments?post=35879"}],"version-history":[{"count":1,"href":"https:\/\/blgnoticiassantodomingo.net\/index.php\/wp-json\/wp\/v2\/posts\/35879\/revisions"}],"predecessor-version":[{"id":35881,"href":"https:\/\/blgnoticiassantodomingo.net\/index.php\/wp-json\/wp\/v2\/posts\/35879\/revisions\/35881"}],"wp:featuredmedia":[{"embeddable":true,"href":"https:\/\/blgnoticiassantodomingo.net\/index.php\/wp-json\/wp\/v2\/media\/35880"}],"wp:attachment":[{"href":"https:\/\/blgnoticiassantodomingo.net\/index.php\/wp-json\/wp\/v2\/media?parent=35879"}],"wp:term":[{"taxonomy":"category","embeddable":true,"href":"https:\/\/blgnoticiassantodomingo.net\/index.php\/wp-json\/wp\/v2\/categories?post=35879"},{"taxonomy":"post_tag","embeddable":true,"href":"https:\/\/blgnoticiassantodomingo.net\/index.php\/wp-json\/wp\/v2\/tags?post=35879"}],"curies":[{"name":"wp","href":"https:\/\/api.w.org\/{rel}","templated":true}]}}