{"id":35813,"date":"2023-08-11T12:39:38","date_gmt":"2023-08-11T16:39:38","guid":{"rendered":"https:\/\/blgnoticiassantodomingo.net\/?p=35813"},"modified":"2023-08-11T12:39:42","modified_gmt":"2023-08-11T16:39:42","slug":"moodys-mejora-la-perspectiva-de-la-republica-dominicana-y-reafirma-la-sostenibilidad-de-la-deuda-publica","status":"publish","type":"post","link":"https:\/\/blgnoticiassantodomingo.net\/index.php\/2023\/08\/11\/moodys-mejora-la-perspectiva-de-la-republica-dominicana-y-reafirma-la-sostenibilidad-de-la-deuda-publica\/","title":{"rendered":"Moody\u2019s mejora la perspectiva de la Rep\u00fablica Dominicana y reafirma la sostenibilidad de la deuda p\u00fablica"},"content":{"rendered":"\n<p><strong><em>Hacienda destac\u00f3 que este avance permite al pa\u00eds colocarse m\u00e1s cerca de la meta de ser Grado de Inversi\u00f3n<\/em><\/strong><\/p>\n\n\n\n<p>Santo Domingo. &#8211; La agencia calificadora Moody\u2019s mejor\u00f3 este jueves la perspectiva de la Rep\u00fablica Dominicana, subi\u00e9ndola de Ba3 estable a Ba3 positiva, reconociendo, entre otros factores, el manejo eficiente y proactivo de la deuda p\u00fablica del pa\u00eds en la actual administraci\u00f3n que encabeza el presidente Luis Abinader.<\/p>\n\n\n\n<p>La efectividad de la pol\u00edtica fiscal, mejora de los ingresos, fortaleza econ\u00f3mica, impulsada por el crecimiento del producto interno bruto (PIB) y la demostrada resiliencia del pa\u00eds a los choques externos, fueron los dem\u00e1s factores que motivaron el cambio positivo a la perspectiva del pa\u00eds, de acuerdo con el informe de la reputada firma.&nbsp;<\/p>\n\n\n\n<p>\u201cLa efectividad del Gobierno ha mejorado en los a\u00f1os recientes, contribuyendo a la fuerte recuperaci\u00f3n del pa\u00eds despu\u00e9s de la pandemia. Hay una mejora en el desempe\u00f1o fiscal y una reducci\u00f3n de la inflaci\u00f3n\u201d, establece el documento.&nbsp;<\/p>\n\n\n\n<p>El ministro de Hacienda, Jochi Vicente, manifest\u00f3 que esta mejora en la perspectiva se debe a los esfuerzos y al firme compromiso del equipo de trabajo que gestiona el Ministerio de Hacienda para reducir los niveles de endeudamiento y garantizar su sostenibilidad.<\/p>\n\n\n\n<p>\u201cAdem\u00e1s de las operaciones de manejo de pasivo que realizamos y la reducci\u00f3n lograda del servicio de la deuda, tambi\u00e9n hemos disminuido las necesidades de financiamiento, producto de la disciplina con la que manejamos las finanzas p\u00fablicas\u201d, resalt\u00f3 Vicente.&nbsp; &nbsp;&nbsp;<\/p>\n\n\n\n<p>El informe de Moody\u2019s precisa que, al cierre de 2022, la deuda del sector p\u00fablico no financiero represent\u00f3 el 46% del PIB, reflejando as\u00ed una mejora significativa al compararse con el 57% registrado al cierre de 2020.<\/p>\n\n\n\n<p>En tanto, la viceministra de Cr\u00e9dito P\u00fablico, Mar\u00eda Jos\u00e9 Mart\u00ednez, destac\u00f3 que \u201ceste cambio a positivo en la perspectiva de riesgo del pa\u00eds es el resultado de las mejoras en gobernanza, institucionalidad y manejo de la deuda que hemos implementado, los cuales nos llevan un paso m\u00e1s cerca a nuestra meta de alcanzar el Grado de Inversi\u00f3n\u201d.<\/p>\n\n\n\n<p>A final del a\u00f1o pasado, el Gobierno logr\u00f3 un hito luego de que por primera vez en la historia el pa\u00eds alcanzara la calificaci\u00f3n crediticia \u201cBB\u201d, otorgada por la agencia Standard &amp; Poor\u2019s (S&amp;P), ya que desde el 2015 esta no realizaba una subida en la valoraci\u00f3n crediticia del pa\u00eds.<\/p>\n\n\n\n<p>S&amp;P tambi\u00e9n destac\u00f3 la mejora de la institucionalidad en la administraci\u00f3n p\u00fablica, la capacidad de mantener altas tasas de crecimiento econ\u00f3mico, fortalecimiento en la planificaci\u00f3n fiscal y el manejo de la deuda p\u00fablica.<\/p>\n","protected":false},"excerpt":{"rendered":"<p>Hacienda destac\u00f3 que este avance permite al pa\u00eds colocarse m\u00e1s cerca de la meta de ser Grado de Inversi\u00f3n Santo Domingo. &#8211; La agencia calificadora Moody\u2019s mejor\u00f3 este jueves la perspectiva de la Rep\u00fablica Dominicana, subi\u00e9ndola de Ba3 estable a Ba3 positiva, reconociendo, entre otros factores, el manejo eficiente y proactivo de la deuda p\u00fablica [&hellip;]<\/p>\n","protected":false},"author":2,"featured_media":35814,"comment_status":"open","ping_status":"open","sticky":true,"template":"","format":"standard","meta":{"footnotes":""},"categories":[225],"tags":[8297,2367,295,8295,8298],"class_list":{"0":"post-35813","1":"post","2":"type-post","3":"status-publish","4":"format-standard","5":"has-post-thumbnail","7":"category-economia","8":"tag-economia-3","9":"tag-jochi-vicente","10":"tag-ministerio-de-hacienda","11":"tag-moodys","12":"tag-producto-interno-bruto"},"yoast_head":"<!-- This site is optimized with the Yoast SEO plugin v24.9 - https:\/\/yoast.com\/wordpress\/plugins\/seo\/ -->\n<title>Moody\u2019s mejora la perspectiva de la Rep\u00fablica Dominicana y reafirma la sostenibilidad de la deuda p\u00fablica - BLG Noticias<\/title>\n<meta name=\"robots\" content=\"index, follow, max-snippet:-1, max-image-preview:large, max-video-preview:-1\" \/>\n<link rel=\"canonical\" href=\"https:\/\/blgnoticiassantodomingo.net\/index.php\/2023\/08\/11\/moodys-mejora-la-perspectiva-de-la-republica-dominicana-y-reafirma-la-sostenibilidad-de-la-deuda-publica\/\" \/>\n<meta property=\"og:locale\" content=\"es_ES\" \/>\n<meta property=\"og:type\" content=\"article\" \/>\n<meta property=\"og:title\" content=\"Moody\u2019s mejora la perspectiva de la Rep\u00fablica Dominicana y reafirma la sostenibilidad de la deuda p\u00fablica - BLG Noticias\" \/>\n<meta property=\"og:description\" content=\"Hacienda destac\u00f3 que este avance permite al pa\u00eds colocarse m\u00e1s cerca de la meta de ser Grado de Inversi\u00f3n Santo Domingo. &#8211; La agencia calificadora Moody\u2019s mejor\u00f3 este jueves la perspectiva de la Rep\u00fablica Dominicana, subi\u00e9ndola de Ba3 estable a Ba3 positiva, reconociendo, entre otros factores, el manejo eficiente y proactivo de la deuda p\u00fablica [&hellip;]\" \/>\n<meta property=\"og:url\" content=\"https:\/\/blgnoticiassantodomingo.net\/index.php\/2023\/08\/11\/moodys-mejora-la-perspectiva-de-la-republica-dominicana-y-reafirma-la-sostenibilidad-de-la-deuda-publica\/\" \/>\n<meta property=\"og:site_name\" content=\"BLG Noticias\" \/>\n<meta property=\"article:publisher\" content=\"https:\/\/web.facebook.com\/BlgNoticias\/?locale=es_LA&amp;_rdc=1&amp;_rdr\" \/>\n<meta property=\"article:published_time\" content=\"2023-08-11T16:39:38+00:00\" \/>\n<meta property=\"article:modified_time\" content=\"2023-08-11T16:39:42+00:00\" \/>\n<meta property=\"og:image\" content=\"https:\/\/blgnoticiassantodomingo.net\/wp-content\/uploads\/2023\/08\/foto-Jochi-Vicente.jpg\" \/>\n\t<meta property=\"og:image:width\" content=\"1102\" \/>\n\t<meta property=\"og:image:height\" content=\"920\" \/>\n\t<meta property=\"og:image:type\" content=\"image\/jpeg\" \/>\n<meta name=\"author\" content=\"Brenda Guerrero\" \/>\n<meta name=\"twitter:card\" content=\"summary_large_image\" \/>\n<meta name=\"twitter:creator\" content=\"@BlgNoticias\" \/>\n<meta name=\"twitter:site\" content=\"@BlgNoticias\" \/>\n<meta name=\"twitter:label1\" content=\"Escrito por\" \/>\n\t<meta name=\"twitter:data1\" content=\"Brenda Guerrero\" \/>\n\t<meta name=\"twitter:label2\" content=\"Tiempo de lectura\" \/>\n\t<meta name=\"twitter:data2\" content=\"2 minutos\" \/>\n<script type=\"application\/ld+json\" class=\"yoast-schema-graph\">{\"@context\":\"https:\/\/schema.org\",\"@graph\":[{\"@type\":\"Article\",\"@id\":\"https:\/\/blgnoticiassantodomingo.net\/index.php\/2023\/08\/11\/moodys-mejora-la-perspectiva-de-la-republica-dominicana-y-reafirma-la-sostenibilidad-de-la-deuda-publica\/#article\",\"isPartOf\":{\"@id\":\"https:\/\/blgnoticiassantodomingo.net\/index.php\/2023\/08\/11\/moodys-mejora-la-perspectiva-de-la-republica-dominicana-y-reafirma-la-sostenibilidad-de-la-deuda-publica\/\"},\"author\":{\"name\":\"Brenda Guerrero\",\"@id\":\"https:\/\/blgnoticiassantodomingo.net\/#\/schema\/person\/e2fc21cf88acc63dbd134be981bff374\"},\"headline\":\"Moody\u2019s mejora la perspectiva de la Rep\u00fablica Dominicana y reafirma la sostenibilidad de la deuda p\u00fablica\",\"datePublished\":\"2023-08-11T16:39:38+00:00\",\"dateModified\":\"2023-08-11T16:39:42+00:00\",\"mainEntityOfPage\":{\"@id\":\"https:\/\/blgnoticiassantodomingo.net\/index.php\/2023\/08\/11\/moodys-mejora-la-perspectiva-de-la-republica-dominicana-y-reafirma-la-sostenibilidad-de-la-deuda-publica\/\"},\"wordCount\":485,\"commentCount\":0,\"publisher\":{\"@id\":\"https:\/\/blgnoticiassantodomingo.net\/#organization\"},\"image\":{\"@id\":\"https:\/\/blgnoticiassantodomingo.net\/index.php\/2023\/08\/11\/moodys-mejora-la-perspectiva-de-la-republica-dominicana-y-reafirma-la-sostenibilidad-de-la-deuda-publica\/#primaryimage\"},\"thumbnailUrl\":\"https:\/\/blgnoticiassantodomingo.net\/wp-content\/uploads\/2023\/08\/foto-Jochi-Vicente.jpg\",\"keywords\":[\"Econom\u00eca\",\"Jochi Vicente\",\"Ministerio de Hacienda\",\"Moody\u2019s\",\"producto interno bruto\"],\"articleSection\":[\"Economia\"],\"inLanguage\":\"es\",\"potentialAction\":[{\"@type\":\"CommentAction\",\"name\":\"Comment\",\"target\":[\"https:\/\/blgnoticiassantodomingo.net\/index.php\/2023\/08\/11\/moodys-mejora-la-perspectiva-de-la-republica-dominicana-y-reafirma-la-sostenibilidad-de-la-deuda-publica\/#respond\"]}]},{\"@type\":\"WebPage\",\"@id\":\"https:\/\/blgnoticiassantodomingo.net\/index.php\/2023\/08\/11\/moodys-mejora-la-perspectiva-de-la-republica-dominicana-y-reafirma-la-sostenibilidad-de-la-deuda-publica\/\",\"url\":\"https:\/\/blgnoticiassantodomingo.net\/index.php\/2023\/08\/11\/moodys-mejora-la-perspectiva-de-la-republica-dominicana-y-reafirma-la-sostenibilidad-de-la-deuda-publica\/\",\"name\":\"Moody\u2019s mejora la perspectiva de la Rep\u00fablica Dominicana y reafirma la sostenibilidad de la deuda p\u00fablica - BLG Noticias\",\"isPartOf\":{\"@id\":\"https:\/\/blgnoticiassantodomingo.net\/#website\"},\"primaryImageOfPage\":{\"@id\":\"https:\/\/blgnoticiassantodomingo.net\/index.php\/2023\/08\/11\/moodys-mejora-la-perspectiva-de-la-republica-dominicana-y-reafirma-la-sostenibilidad-de-la-deuda-publica\/#primaryimage\"},\"image\":{\"@id\":\"https:\/\/blgnoticiassantodomingo.net\/index.php\/2023\/08\/11\/moodys-mejora-la-perspectiva-de-la-republica-dominicana-y-reafirma-la-sostenibilidad-de-la-deuda-publica\/#primaryimage\"},\"thumbnailUrl\":\"https:\/\/blgnoticiassantodomingo.net\/wp-content\/uploads\/2023\/08\/foto-Jochi-Vicente.jpg\",\"datePublished\":\"2023-08-11T16:39:38+00:00\",\"dateModified\":\"2023-08-11T16:39:42+00:00\",\"breadcrumb\":{\"@id\":\"https:\/\/blgnoticiassantodomingo.net\/index.php\/2023\/08\/11\/moodys-mejora-la-perspectiva-de-la-republica-dominicana-y-reafirma-la-sostenibilidad-de-la-deuda-publica\/#breadcrumb\"},\"inLanguage\":\"es\",\"potentialAction\":[{\"@type\":\"ReadAction\",\"target\":[\"https:\/\/blgnoticiassantodomingo.net\/index.php\/2023\/08\/11\/moodys-mejora-la-perspectiva-de-la-republica-dominicana-y-reafirma-la-sostenibilidad-de-la-deuda-publica\/\"]}]},{\"@type\":\"ImageObject\",\"inLanguage\":\"es\",\"@id\":\"https:\/\/blgnoticiassantodomingo.net\/index.php\/2023\/08\/11\/moodys-mejora-la-perspectiva-de-la-republica-dominicana-y-reafirma-la-sostenibilidad-de-la-deuda-publica\/#primaryimage\",\"url\":\"https:\/\/blgnoticiassantodomingo.net\/wp-content\/uploads\/2023\/08\/foto-Jochi-Vicente.jpg\",\"contentUrl\":\"https:\/\/blgnoticiassantodomingo.net\/wp-content\/uploads\/2023\/08\/foto-Jochi-Vicente.jpg\",\"width\":1102,\"height\":920},{\"@type\":\"BreadcrumbList\",\"@id\":\"https:\/\/blgnoticiassantodomingo.net\/index.php\/2023\/08\/11\/moodys-mejora-la-perspectiva-de-la-republica-dominicana-y-reafirma-la-sostenibilidad-de-la-deuda-publica\/#breadcrumb\",\"itemListElement\":[{\"@type\":\"ListItem\",\"position\":1,\"name\":\"Portada\",\"item\":\"https:\/\/blgnoticiassantodomingo.net\/\"},{\"@type\":\"ListItem\",\"position\":2,\"name\":\"Moody\u2019s mejora la perspectiva de la Rep\u00fablica Dominicana y reafirma la sostenibilidad de la deuda p\u00fablica\"}]},{\"@type\":\"WebSite\",\"@id\":\"https:\/\/blgnoticiassantodomingo.net\/#website\",\"url\":\"https:\/\/blgnoticiassantodomingo.net\/\",\"name\":\"BLG Noticias\",\"description\":\"Esto es Noticias\",\"publisher\":{\"@id\":\"https:\/\/blgnoticiassantodomingo.net\/#organization\"},\"potentialAction\":[{\"@type\":\"SearchAction\",\"target\":{\"@type\":\"EntryPoint\",\"urlTemplate\":\"https:\/\/blgnoticiassantodomingo.net\/?s={search_term_string}\"},\"query-input\":{\"@type\":\"PropertyValueSpecification\",\"valueRequired\":true,\"valueName\":\"search_term_string\"}}],\"inLanguage\":\"es\"},{\"@type\":\"Organization\",\"@id\":\"https:\/\/blgnoticiassantodomingo.net\/#organization\",\"name\":\"BLG Noticias\",\"url\":\"https:\/\/blgnoticiassantodomingo.net\/\",\"logo\":{\"@type\":\"ImageObject\",\"inLanguage\":\"es\",\"@id\":\"https:\/\/blgnoticiassantodomingo.net\/#\/schema\/logo\/image\/\",\"url\":\"https:\/\/blgnoticiassantodomingo.net\/wp-content\/uploads\/2023\/12\/Diseno-sin-titulo-3.jpg\",\"contentUrl\":\"https:\/\/blgnoticiassantodomingo.net\/wp-content\/uploads\/2023\/12\/Diseno-sin-titulo-3.jpg\",\"width\":500,\"height\":500,\"caption\":\"BLG Noticias\"},\"image\":{\"@id\":\"https:\/\/blgnoticiassantodomingo.net\/#\/schema\/logo\/image\/\"},\"sameAs\":[\"https:\/\/web.facebook.com\/BlgNoticias\/?locale=es_LA&_rdc=1&_rdr\",\"https:\/\/x.com\/BlgNoticias\",\"https:\/\/www.linkedin.com\/in\/brenda-l-santana-aa846279\/\"]},{\"@type\":\"Person\",\"@id\":\"https:\/\/blgnoticiassantodomingo.net\/#\/schema\/person\/e2fc21cf88acc63dbd134be981bff374\",\"name\":\"Brenda Guerrero\",\"image\":{\"@type\":\"ImageObject\",\"inLanguage\":\"es\",\"@id\":\"https:\/\/blgnoticiassantodomingo.net\/#\/schema\/person\/image\/\",\"url\":\"https:\/\/secure.gravatar.com\/avatar\/2f7fc4c3e3655be1580cb684bfd8ab19be702ae20879da1e072021daa02f9b8b?s=96&d=wp_user_avatar&r=g\",\"contentUrl\":\"https:\/\/secure.gravatar.com\/avatar\/2f7fc4c3e3655be1580cb684bfd8ab19be702ae20879da1e072021daa02f9b8b?s=96&d=wp_user_avatar&r=g\",\"caption\":\"Brenda Guerrero\"},\"description\":\"Periodista\",\"url\":\"https:\/\/blgnoticiassantodomingo.net\/index.php\/author\/brenda-guerrero\/\"}]}<\/script>\n<!-- \/ Yoast SEO plugin. -->","yoast_head_json":{"title":"Moody\u2019s mejora la perspectiva de la Rep\u00fablica Dominicana y reafirma la sostenibilidad de la deuda p\u00fablica - BLG Noticias","robots":{"index":"index","follow":"follow","max-snippet":"max-snippet:-1","max-image-preview":"max-image-preview:large","max-video-preview":"max-video-preview:-1"},"canonical":"https:\/\/blgnoticiassantodomingo.net\/index.php\/2023\/08\/11\/moodys-mejora-la-perspectiva-de-la-republica-dominicana-y-reafirma-la-sostenibilidad-de-la-deuda-publica\/","og_locale":"es_ES","og_type":"article","og_title":"Moody\u2019s mejora la perspectiva de la Rep\u00fablica Dominicana y reafirma la sostenibilidad de la deuda p\u00fablica - BLG Noticias","og_description":"Hacienda destac\u00f3 que este avance permite al pa\u00eds colocarse m\u00e1s cerca de la meta de ser Grado de Inversi\u00f3n Santo Domingo. &#8211; La agencia calificadora Moody\u2019s mejor\u00f3 este jueves la perspectiva de la Rep\u00fablica Dominicana, subi\u00e9ndola de Ba3 estable a Ba3 positiva, reconociendo, entre otros factores, el manejo eficiente y proactivo de la deuda p\u00fablica [&hellip;]","og_url":"https:\/\/blgnoticiassantodomingo.net\/index.php\/2023\/08\/11\/moodys-mejora-la-perspectiva-de-la-republica-dominicana-y-reafirma-la-sostenibilidad-de-la-deuda-publica\/","og_site_name":"BLG Noticias","article_publisher":"https:\/\/web.facebook.com\/BlgNoticias\/?locale=es_LA&_rdc=1&_rdr","article_published_time":"2023-08-11T16:39:38+00:00","article_modified_time":"2023-08-11T16:39:42+00:00","og_image":[{"width":1102,"height":920,"url":"https:\/\/blgnoticiassantodomingo.net\/wp-content\/uploads\/2023\/08\/foto-Jochi-Vicente.jpg","type":"image\/jpeg"}],"author":"Brenda Guerrero","twitter_card":"summary_large_image","twitter_creator":"@BlgNoticias","twitter_site":"@BlgNoticias","twitter_misc":{"Escrito por":"Brenda Guerrero","Tiempo de lectura":"2 minutos"},"schema":{"@context":"https:\/\/schema.org","@graph":[{"@type":"Article","@id":"https:\/\/blgnoticiassantodomingo.net\/index.php\/2023\/08\/11\/moodys-mejora-la-perspectiva-de-la-republica-dominicana-y-reafirma-la-sostenibilidad-de-la-deuda-publica\/#article","isPartOf":{"@id":"https:\/\/blgnoticiassantodomingo.net\/index.php\/2023\/08\/11\/moodys-mejora-la-perspectiva-de-la-republica-dominicana-y-reafirma-la-sostenibilidad-de-la-deuda-publica\/"},"author":{"name":"Brenda Guerrero","@id":"https:\/\/blgnoticiassantodomingo.net\/#\/schema\/person\/e2fc21cf88acc63dbd134be981bff374"},"headline":"Moody\u2019s mejora la perspectiva de la Rep\u00fablica Dominicana y reafirma la sostenibilidad de la deuda p\u00fablica","datePublished":"2023-08-11T16:39:38+00:00","dateModified":"2023-08-11T16:39:42+00:00","mainEntityOfPage":{"@id":"https:\/\/blgnoticiassantodomingo.net\/index.php\/2023\/08\/11\/moodys-mejora-la-perspectiva-de-la-republica-dominicana-y-reafirma-la-sostenibilidad-de-la-deuda-publica\/"},"wordCount":485,"commentCount":0,"publisher":{"@id":"https:\/\/blgnoticiassantodomingo.net\/#organization"},"image":{"@id":"https:\/\/blgnoticiassantodomingo.net\/index.php\/2023\/08\/11\/moodys-mejora-la-perspectiva-de-la-republica-dominicana-y-reafirma-la-sostenibilidad-de-la-deuda-publica\/#primaryimage"},"thumbnailUrl":"https:\/\/blgnoticiassantodomingo.net\/wp-content\/uploads\/2023\/08\/foto-Jochi-Vicente.jpg","keywords":["Econom\u00eca","Jochi Vicente","Ministerio de Hacienda","Moody\u2019s","producto interno bruto"],"articleSection":["Economia"],"inLanguage":"es","potentialAction":[{"@type":"CommentAction","name":"Comment","target":["https:\/\/blgnoticiassantodomingo.net\/index.php\/2023\/08\/11\/moodys-mejora-la-perspectiva-de-la-republica-dominicana-y-reafirma-la-sostenibilidad-de-la-deuda-publica\/#respond"]}]},{"@type":"WebPage","@id":"https:\/\/blgnoticiassantodomingo.net\/index.php\/2023\/08\/11\/moodys-mejora-la-perspectiva-de-la-republica-dominicana-y-reafirma-la-sostenibilidad-de-la-deuda-publica\/","url":"https:\/\/blgnoticiassantodomingo.net\/index.php\/2023\/08\/11\/moodys-mejora-la-perspectiva-de-la-republica-dominicana-y-reafirma-la-sostenibilidad-de-la-deuda-publica\/","name":"Moody\u2019s mejora la perspectiva de la Rep\u00fablica Dominicana y reafirma la sostenibilidad de la deuda p\u00fablica - BLG Noticias","isPartOf":{"@id":"https:\/\/blgnoticiassantodomingo.net\/#website"},"primaryImageOfPage":{"@id":"https:\/\/blgnoticiassantodomingo.net\/index.php\/2023\/08\/11\/moodys-mejora-la-perspectiva-de-la-republica-dominicana-y-reafirma-la-sostenibilidad-de-la-deuda-publica\/#primaryimage"},"image":{"@id":"https:\/\/blgnoticiassantodomingo.net\/index.php\/2023\/08\/11\/moodys-mejora-la-perspectiva-de-la-republica-dominicana-y-reafirma-la-sostenibilidad-de-la-deuda-publica\/#primaryimage"},"thumbnailUrl":"https:\/\/blgnoticiassantodomingo.net\/wp-content\/uploads\/2023\/08\/foto-Jochi-Vicente.jpg","datePublished":"2023-08-11T16:39:38+00:00","dateModified":"2023-08-11T16:39:42+00:00","breadcrumb":{"@id":"https:\/\/blgnoticiassantodomingo.net\/index.php\/2023\/08\/11\/moodys-mejora-la-perspectiva-de-la-republica-dominicana-y-reafirma-la-sostenibilidad-de-la-deuda-publica\/#breadcrumb"},"inLanguage":"es","potentialAction":[{"@type":"ReadAction","target":["https:\/\/blgnoticiassantodomingo.net\/index.php\/2023\/08\/11\/moodys-mejora-la-perspectiva-de-la-republica-dominicana-y-reafirma-la-sostenibilidad-de-la-deuda-publica\/"]}]},{"@type":"ImageObject","inLanguage":"es","@id":"https:\/\/blgnoticiassantodomingo.net\/index.php\/2023\/08\/11\/moodys-mejora-la-perspectiva-de-la-republica-dominicana-y-reafirma-la-sostenibilidad-de-la-deuda-publica\/#primaryimage","url":"https:\/\/blgnoticiassantodomingo.net\/wp-content\/uploads\/2023\/08\/foto-Jochi-Vicente.jpg","contentUrl":"https:\/\/blgnoticiassantodomingo.net\/wp-content\/uploads\/2023\/08\/foto-Jochi-Vicente.jpg","width":1102,"height":920},{"@type":"BreadcrumbList","@id":"https:\/\/blgnoticiassantodomingo.net\/index.php\/2023\/08\/11\/moodys-mejora-la-perspectiva-de-la-republica-dominicana-y-reafirma-la-sostenibilidad-de-la-deuda-publica\/#breadcrumb","itemListElement":[{"@type":"ListItem","position":1,"name":"Portada","item":"https:\/\/blgnoticiassantodomingo.net\/"},{"@type":"ListItem","position":2,"name":"Moody\u2019s mejora la perspectiva de la Rep\u00fablica Dominicana y reafirma la sostenibilidad de la deuda p\u00fablica"}]},{"@type":"WebSite","@id":"https:\/\/blgnoticiassantodomingo.net\/#website","url":"https:\/\/blgnoticiassantodomingo.net\/","name":"BLG Noticias","description":"Esto es Noticias","publisher":{"@id":"https:\/\/blgnoticiassantodomingo.net\/#organization"},"potentialAction":[{"@type":"SearchAction","target":{"@type":"EntryPoint","urlTemplate":"https:\/\/blgnoticiassantodomingo.net\/?s={search_term_string}"},"query-input":{"@type":"PropertyValueSpecification","valueRequired":true,"valueName":"search_term_string"}}],"inLanguage":"es"},{"@type":"Organization","@id":"https:\/\/blgnoticiassantodomingo.net\/#organization","name":"BLG Noticias","url":"https:\/\/blgnoticiassantodomingo.net\/","logo":{"@type":"ImageObject","inLanguage":"es","@id":"https:\/\/blgnoticiassantodomingo.net\/#\/schema\/logo\/image\/","url":"https:\/\/blgnoticiassantodomingo.net\/wp-content\/uploads\/2023\/12\/Diseno-sin-titulo-3.jpg","contentUrl":"https:\/\/blgnoticiassantodomingo.net\/wp-content\/uploads\/2023\/12\/Diseno-sin-titulo-3.jpg","width":500,"height":500,"caption":"BLG Noticias"},"image":{"@id":"https:\/\/blgnoticiassantodomingo.net\/#\/schema\/logo\/image\/"},"sameAs":["https:\/\/web.facebook.com\/BlgNoticias\/?locale=es_LA&_rdc=1&_rdr","https:\/\/x.com\/BlgNoticias","https:\/\/www.linkedin.com\/in\/brenda-l-santana-aa846279\/"]},{"@type":"Person","@id":"https:\/\/blgnoticiassantodomingo.net\/#\/schema\/person\/e2fc21cf88acc63dbd134be981bff374","name":"Brenda Guerrero","image":{"@type":"ImageObject","inLanguage":"es","@id":"https:\/\/blgnoticiassantodomingo.net\/#\/schema\/person\/image\/","url":"https:\/\/secure.gravatar.com\/avatar\/2f7fc4c3e3655be1580cb684bfd8ab19be702ae20879da1e072021daa02f9b8b?s=96&d=wp_user_avatar&r=g","contentUrl":"https:\/\/secure.gravatar.com\/avatar\/2f7fc4c3e3655be1580cb684bfd8ab19be702ae20879da1e072021daa02f9b8b?s=96&d=wp_user_avatar&r=g","caption":"Brenda Guerrero"},"description":"Periodista","url":"https:\/\/blgnoticiassantodomingo.net\/index.php\/author\/brenda-guerrero\/"}]}},"jetpack_featured_media_url":"https:\/\/blgnoticiassantodomingo.net\/wp-content\/uploads\/2023\/08\/foto-Jochi-Vicente.jpg","_links":{"self":[{"href":"https:\/\/blgnoticiassantodomingo.net\/index.php\/wp-json\/wp\/v2\/posts\/35813","targetHints":{"allow":["GET"]}}],"collection":[{"href":"https:\/\/blgnoticiassantodomingo.net\/index.php\/wp-json\/wp\/v2\/posts"}],"about":[{"href":"https:\/\/blgnoticiassantodomingo.net\/index.php\/wp-json\/wp\/v2\/types\/post"}],"author":[{"embeddable":true,"href":"https:\/\/blgnoticiassantodomingo.net\/index.php\/wp-json\/wp\/v2\/users\/2"}],"replies":[{"embeddable":true,"href":"https:\/\/blgnoticiassantodomingo.net\/index.php\/wp-json\/wp\/v2\/comments?post=35813"}],"version-history":[{"count":1,"href":"https:\/\/blgnoticiassantodomingo.net\/index.php\/wp-json\/wp\/v2\/posts\/35813\/revisions"}],"predecessor-version":[{"id":35815,"href":"https:\/\/blgnoticiassantodomingo.net\/index.php\/wp-json\/wp\/v2\/posts\/35813\/revisions\/35815"}],"wp:featuredmedia":[{"embeddable":true,"href":"https:\/\/blgnoticiassantodomingo.net\/index.php\/wp-json\/wp\/v2\/media\/35814"}],"wp:attachment":[{"href":"https:\/\/blgnoticiassantodomingo.net\/index.php\/wp-json\/wp\/v2\/media?parent=35813"}],"wp:term":[{"taxonomy":"category","embeddable":true,"href":"https:\/\/blgnoticiassantodomingo.net\/index.php\/wp-json\/wp\/v2\/categories?post=35813"},{"taxonomy":"post_tag","embeddable":true,"href":"https:\/\/blgnoticiassantodomingo.net\/index.php\/wp-json\/wp\/v2\/tags?post=35813"}],"curies":[{"name":"wp","href":"https:\/\/api.w.org\/{rel}","templated":true}]}}