{"id":35759,"date":"2023-08-10T09:02:19","date_gmt":"2023-08-10T13:02:19","guid":{"rendered":"https:\/\/blgnoticiassantodomingo.net\/?p=35759"},"modified":"2023-08-10T09:02:22","modified_gmt":"2023-08-10T13:02:22","slug":"mescyt-envia-a-326-becados-en-programas-de-doctorados-y-maestrias-a-europa-mexico-y-estados-unidos","status":"publish","type":"post","link":"https:\/\/blgnoticiassantodomingo.net\/index.php\/2023\/08\/10\/mescyt-envia-a-326-becados-en-programas-de-doctorados-y-maestrias-a-europa-mexico-y-estados-unidos\/","title":{"rendered":"MESCYT env\u00eda a 326 becados en programas de doctorados y maestr\u00edas a Europa, M\u00e9xico y Estados Unidos"},"content":{"rendered":"\n<p>Santo Domingo.- El Ministerio de Educaci\u00f3n Superior, Ciencia y Tecnolog\u00eda&nbsp;<strong>(MESCYT)<\/strong>&nbsp;entreg\u00f3 las correspondientes certificaciones al&nbsp;<strong>cuarto grupo de 326 estudiantes seleccionados durante la Convocatoria a Becas Internacionales 2023<\/strong>, que cursar\u00e1n programas de&nbsp;<strong>doctorados y maestr\u00edas<\/strong>&nbsp;en&nbsp;<strong>m\u00e1s de treinta y cinco universidades<\/strong>&nbsp;ubicadas en M\u00e9xico, Espa\u00f1a, Reino Unido, Australia, Alemania, Francia, Suiza, Italia y Estados Unidos.<\/p>\n\n\n\n<p>En el acto, encabezado por el titular de la instituci\u00f3n,&nbsp;<strong>doctor Franklin Garc\u00eda Ferm\u00edn<\/strong>, y la directora de Becas Internacionales,&nbsp;<strong>Roselia P\u00e9rez<\/strong>, los estudiantes meritorios recibieron sus acreditaciones para cursar maestr\u00edas en las siguientes universidades: Instituto Superior de Derecho y Econom\u00eda (<strong>ISDE),<\/strong>&nbsp;Internacional Iberoamericana&nbsp;<strong>(UNINI)<\/strong>, Berl\u00edn School of Business &amp; Innovation&nbsp;<strong>(BSBI)<\/strong>, Universidad a Distancia de Madrid&nbsp;<strong>(UDIMA)<\/strong>, Conscious Management Institute&nbsp;<strong>(CMI Business School),<\/strong>&nbsp;<strong>Humboldt International University y Fundaci\u00f3n Jos\u00e9 Ortega y Gasset &#8211; Gregorio Mara\u00f1\u00f3n<\/strong>, entre otras.<\/p>\n\n\n\n<p>Una parte de beneficiarios cursar\u00e1&nbsp;<strong>m\u00e1s de 16 programas de maestr\u00edas<\/strong>&nbsp;en \u00e1reas&nbsp; como ingenier\u00eda rob\u00f3tica, dise\u00f1o y gesti\u00f3n de proyectos tecnol\u00f3gicos, inteligencia artificial y ciencias de la computaci\u00f3n, matem\u00e1ticas, log\u00edstica internacional,&nbsp;<em>supply chain management<\/em>, direcci\u00f3n estrat\u00e9gica en telecomunicaciones, ingenier\u00eda y gesti\u00f3n de infraestructuras, en salud p\u00fablica y ciencias de datos, entre otras.<\/p>\n\n\n\n<p>Otra parte de los beneficiarios se especializar\u00e1 en&nbsp;<strong>m\u00e1s de 15 programas de doctorados<\/strong>&nbsp;en sistemas y ambientes educativos, an\u00e1lisis estrat\u00e9gicos y desarrollo sustentable.<\/p>\n\n\n\n<figure class=\"wp-block-image\"><img decoding=\"async\" src=\"https:\/\/presidencia.gob.do\/sites\/default\/files\/inline-images\/Garc%C3%ADa%20Ferm%C3%ADn.jpeg\" alt=\"\"\/><\/figure>\n\n\n\n<p>Al pronunciar su discurso, Garc\u00eda Ferm\u00edn resalt\u00f3 la preocupaci\u00f3n del Gobierno dominicano, para que los&nbsp;<strong>programas de becas beneficien a estudiantes de toda la geograf\u00eda nacional.<\/strong><\/p>\n\n\n\n<p><em>\u201cEn los \u00faltimos a\u00f1os, hemos aumentado el n\u00famero de becas nacionales e internacionales, gracias al ahorro que alcanzamos en las negociaciones con las universidades\u201d<\/em>, dijo.<\/p>\n\n\n\n<p><em>\u201cEl presidente Luis Abinader nos se\u00f1al\u00f3 la importancia de que las becas lleguen a las provincias m\u00e1s despose\u00eddas\u201d,<\/em>indic\u00f3 Garc\u00eda Ferm\u00edn.<\/p>\n\n\n\n<p>El funcionario asegur\u00f3 que los becarios provienen de las provincias Bahoruco, La Altagracia, Dajab\u00f3n, San Crist\u00f3bal, Monte Plata, Azua, San Pedro de Macor\u00eds, Puerto Plata, Espaillat, Duarte, Distrito Nacional, Pedernales, Barahona, Azua, Espaillat, Santo Domingo y La Vega.<\/p>\n\n\n\n<figure class=\"wp-block-image\"><img decoding=\"async\" src=\"https:\/\/presidencia.gob.do\/sites\/default\/files\/inline-images\/WhatsApp%20Image%202023-08-09%20at%203.03.12%20PM%20%281%29.jpeg\" alt=\"Becados\"\/><\/figure>\n\n\n\n<p>Al hablar en nombre de los becarios galardonados,&nbsp;<strong>Ceferino de Jes\u00fas Medina Peralta<\/strong>, oriundo de la provincia Espaillat,&nbsp;<strong>agradeci\u00f3 la oportunidad que le brinda el MESCYT,<\/strong>&nbsp;para poder estudiar una maestr\u00eda en matem\u00e1tica avanzada en la Universidad de Sevilla, Espa\u00f1a.&nbsp;<\/p>\n\n\n\n<p>Agreg\u00f3 que la meta rebosa de importancia no solo para \u00e9l, sino adem\u00e1s para un gran n\u00famero de familias que asimismo ven el&nbsp;<strong>potencial transformador de la educaci\u00f3n en el pa\u00eds.&nbsp;&nbsp;<\/strong><\/p>\n\n\n\n<p><em>\u00abSin lugar a duda, la educaci\u00f3n se destaca como la v\u00eda m\u00e1s noble y significativa para contribuir al futuro de cualquier naci\u00f3n. De manera particular, al considerar el M\u00e1ster en Matem\u00e1ticas que ofrece la Universidad de Sevilla, veo una ruta de esperanza para poder materializar el sue\u00f1o de lograr un doctorado en matem\u00e1ticas. Esta especializaci\u00f3n supone para m\u00ed, una oportunidad de contribuir a la promulgaci\u00f3n de un enfoque matem\u00e1tico que enfatice la rigurosidad cient\u00edfica\u201d,<\/em>&nbsp;concluy\u00f3.<\/p>\n\n\n\n<p><em>\u00abEn este camino, mi visi\u00f3n es que la Rep\u00fablica Dominicana se distinga como un pa\u00eds que resalte, no solo por sus hermosas playas o su rica cultura, sino tambi\u00e9n por la brillantez de sus j\u00f3venes y los aportes cient\u00edficos y educativos al mundo\u201d<\/em>&nbsp;afirm\u00f3.&nbsp;<\/p>\n\n\n\n<p>Estuvieron presentes los viceministros Jos\u00e9 A. Cancel, Genaro Rodr\u00edguez Mart\u00ednez, Juan Francisco Viloria, Paula Disla; el director de Gabinete, Juan Medina, y el asesor del Poder Ejecutivo en materia de Educaci\u00f3n Superior, Francisco Vegazo, as\u00ed como representantes de universidades internacionales: de An\u00e1huac Canc\u00fan, M\u00e9xico, Grace G\u00f3mez; de Campus France, Emma Chauffeton, y de Universidad de Prifysgol Bangor, Elisa Toro.<\/p>\n\n\n\n<p><strong>Becas ese a\u00f1o 2023<\/strong>.<\/p>\n\n\n\n<p>Se recuerda que el MESCYT, en lo que va de a\u00f1o, ha entregado&nbsp;<strong>1,419 becas<\/strong>&nbsp;internacionales por disposici\u00f3n del presidente Luis Abinader.&nbsp; En junio se otorgaron un total de 713 becas; en julio 380, y 326 este 9 de agosto del 2023, durante un acto celebrado en la explanada del MESCYT.<\/p>\n","protected":false},"excerpt":{"rendered":"<p>Santo Domingo.- El Ministerio de Educaci\u00f3n Superior, Ciencia y Tecnolog\u00eda&nbsp;(MESCYT)&nbsp;entreg\u00f3 las correspondientes certificaciones al&nbsp;cuarto grupo de 326 estudiantes seleccionados durante la Convocatoria a Becas Internacionales 2023, que cursar\u00e1n programas de&nbsp;doctorados y maestr\u00edas&nbsp;en&nbsp;m\u00e1s de treinta y cinco universidades&nbsp;ubicadas en M\u00e9xico, Espa\u00f1a, Reino Unido, Australia, Alemania, Francia, Suiza, Italia y Estados Unidos. En el acto, encabezado por [&hellip;]<\/p>\n","protected":false},"author":2,"featured_media":35760,"comment_status":"open","ping_status":"open","sticky":true,"template":"","format":"standard","meta":{"footnotes":""},"categories":[220],"tags":[8254,3583,8256,8257,2818,8255,8258],"class_list":{"0":"post-35759","1":"post","2":"type-post","3":"status-publish","4":"format-standard","5":"has-post-thumbnail","7":"category-nacionales","8":"tag-becas-internacionales-2023","9":"tag-franklin-garcia-fermin","10":"tag-humboldt-international-university","11":"tag-instituto-superior-de-derecho-y-economia","12":"tag-mescyt","13":"tag-roselia-perez","14":"tag-universidad-a-distancia-de-madrid"},"yoast_head":"<!-- This site is optimized with the Yoast SEO plugin v24.9 - https:\/\/yoast.com\/wordpress\/plugins\/seo\/ -->\n<title>MESCYT env\u00eda a 326 becados en programas de doctorados y maestr\u00edas a Europa, M\u00e9xico y Estados Unidos - BLG Noticias<\/title>\n<meta name=\"robots\" content=\"index, follow, max-snippet:-1, max-image-preview:large, max-video-preview:-1\" \/>\n<link rel=\"canonical\" href=\"https:\/\/blgnoticiassantodomingo.net\/index.php\/2023\/08\/10\/mescyt-envia-a-326-becados-en-programas-de-doctorados-y-maestrias-a-europa-mexico-y-estados-unidos\/\" \/>\n<meta property=\"og:locale\" content=\"es_ES\" \/>\n<meta property=\"og:type\" content=\"article\" \/>\n<meta property=\"og:title\" content=\"MESCYT env\u00eda a 326 becados en programas de doctorados y maestr\u00edas a Europa, M\u00e9xico y Estados Unidos - BLG Noticias\" \/>\n<meta property=\"og:description\" content=\"Santo Domingo.- El Ministerio de Educaci\u00f3n Superior, Ciencia y Tecnolog\u00eda&nbsp;(MESCYT)&nbsp;entreg\u00f3 las correspondientes certificaciones al&nbsp;cuarto grupo de 326 estudiantes seleccionados durante la Convocatoria a Becas Internacionales 2023, que cursar\u00e1n programas de&nbsp;doctorados y maestr\u00edas&nbsp;en&nbsp;m\u00e1s de treinta y cinco universidades&nbsp;ubicadas en M\u00e9xico, Espa\u00f1a, Reino Unido, Australia, Alemania, Francia, Suiza, Italia y Estados Unidos. En el acto, encabezado por [&hellip;]\" \/>\n<meta property=\"og:url\" content=\"https:\/\/blgnoticiassantodomingo.net\/index.php\/2023\/08\/10\/mescyt-envia-a-326-becados-en-programas-de-doctorados-y-maestrias-a-europa-mexico-y-estados-unidos\/\" \/>\n<meta property=\"og:site_name\" content=\"BLG Noticias\" \/>\n<meta property=\"article:publisher\" content=\"https:\/\/web.facebook.com\/BlgNoticias\/?locale=es_LA&amp;_rdc=1&amp;_rdr\" \/>\n<meta property=\"article:published_time\" content=\"2023-08-10T13:02:19+00:00\" \/>\n<meta property=\"article:modified_time\" content=\"2023-08-10T13:02:22+00:00\" \/>\n<meta property=\"og:image\" content=\"https:\/\/blgnoticiassantodomingo.net\/wp-content\/uploads\/2023\/08\/Mescyt-Becas.jpeg\" \/>\n\t<meta property=\"og:image:width\" content=\"1300\" \/>\n\t<meta property=\"og:image:height\" content=\"731\" \/>\n\t<meta property=\"og:image:type\" content=\"image\/jpeg\" \/>\n<meta name=\"author\" content=\"Brenda Guerrero\" \/>\n<meta name=\"twitter:card\" content=\"summary_large_image\" \/>\n<meta name=\"twitter:creator\" content=\"@BlgNoticias\" \/>\n<meta name=\"twitter:site\" content=\"@BlgNoticias\" \/>\n<meta name=\"twitter:label1\" content=\"Escrito por\" \/>\n\t<meta name=\"twitter:data1\" content=\"Brenda Guerrero\" \/>\n\t<meta name=\"twitter:label2\" content=\"Tiempo de lectura\" \/>\n\t<meta name=\"twitter:data2\" content=\"4 minutos\" \/>\n<script type=\"application\/ld+json\" class=\"yoast-schema-graph\">{\"@context\":\"https:\/\/schema.org\",\"@graph\":[{\"@type\":\"Article\",\"@id\":\"https:\/\/blgnoticiassantodomingo.net\/index.php\/2023\/08\/10\/mescyt-envia-a-326-becados-en-programas-de-doctorados-y-maestrias-a-europa-mexico-y-estados-unidos\/#article\",\"isPartOf\":{\"@id\":\"https:\/\/blgnoticiassantodomingo.net\/index.php\/2023\/08\/10\/mescyt-envia-a-326-becados-en-programas-de-doctorados-y-maestrias-a-europa-mexico-y-estados-unidos\/\"},\"author\":{\"name\":\"Brenda Guerrero\",\"@id\":\"https:\/\/blgnoticiassantodomingo.net\/#\/schema\/person\/e2fc21cf88acc63dbd134be981bff374\"},\"headline\":\"MESCYT env\u00eda a 326 becados en programas de doctorados y maestr\u00edas a Europa, M\u00e9xico y Estados Unidos\",\"datePublished\":\"2023-08-10T13:02:19+00:00\",\"dateModified\":\"2023-08-10T13:02:22+00:00\",\"mainEntityOfPage\":{\"@id\":\"https:\/\/blgnoticiassantodomingo.net\/index.php\/2023\/08\/10\/mescyt-envia-a-326-becados-en-programas-de-doctorados-y-maestrias-a-europa-mexico-y-estados-unidos\/\"},\"wordCount\":754,\"commentCount\":0,\"publisher\":{\"@id\":\"https:\/\/blgnoticiassantodomingo.net\/#organization\"},\"image\":{\"@id\":\"https:\/\/blgnoticiassantodomingo.net\/index.php\/2023\/08\/10\/mescyt-envia-a-326-becados-en-programas-de-doctorados-y-maestrias-a-europa-mexico-y-estados-unidos\/#primaryimage\"},\"thumbnailUrl\":\"https:\/\/blgnoticiassantodomingo.net\/wp-content\/uploads\/2023\/08\/Mescyt-Becas.jpeg\",\"keywords\":[\"Becas Internacionales 2023\",\"Franklin Garc\u00eda Ferm\u00edn\",\"Humboldt International University\",\"Instituto Superior de Derecho y Econom\u00eda\",\"MESCYT\",\"Roselia P\u00e9rez\",\"Universidad a Distancia de Madrid\"],\"articleSection\":[\"Nacionales\"],\"inLanguage\":\"es\",\"potentialAction\":[{\"@type\":\"CommentAction\",\"name\":\"Comment\",\"target\":[\"https:\/\/blgnoticiassantodomingo.net\/index.php\/2023\/08\/10\/mescyt-envia-a-326-becados-en-programas-de-doctorados-y-maestrias-a-europa-mexico-y-estados-unidos\/#respond\"]}]},{\"@type\":\"WebPage\",\"@id\":\"https:\/\/blgnoticiassantodomingo.net\/index.php\/2023\/08\/10\/mescyt-envia-a-326-becados-en-programas-de-doctorados-y-maestrias-a-europa-mexico-y-estados-unidos\/\",\"url\":\"https:\/\/blgnoticiassantodomingo.net\/index.php\/2023\/08\/10\/mescyt-envia-a-326-becados-en-programas-de-doctorados-y-maestrias-a-europa-mexico-y-estados-unidos\/\",\"name\":\"MESCYT env\u00eda a 326 becados en programas de doctorados y maestr\u00edas a Europa, M\u00e9xico y Estados Unidos - BLG Noticias\",\"isPartOf\":{\"@id\":\"https:\/\/blgnoticiassantodomingo.net\/#website\"},\"primaryImageOfPage\":{\"@id\":\"https:\/\/blgnoticiassantodomingo.net\/index.php\/2023\/08\/10\/mescyt-envia-a-326-becados-en-programas-de-doctorados-y-maestrias-a-europa-mexico-y-estados-unidos\/#primaryimage\"},\"image\":{\"@id\":\"https:\/\/blgnoticiassantodomingo.net\/index.php\/2023\/08\/10\/mescyt-envia-a-326-becados-en-programas-de-doctorados-y-maestrias-a-europa-mexico-y-estados-unidos\/#primaryimage\"},\"thumbnailUrl\":\"https:\/\/blgnoticiassantodomingo.net\/wp-content\/uploads\/2023\/08\/Mescyt-Becas.jpeg\",\"datePublished\":\"2023-08-10T13:02:19+00:00\",\"dateModified\":\"2023-08-10T13:02:22+00:00\",\"breadcrumb\":{\"@id\":\"https:\/\/blgnoticiassantodomingo.net\/index.php\/2023\/08\/10\/mescyt-envia-a-326-becados-en-programas-de-doctorados-y-maestrias-a-europa-mexico-y-estados-unidos\/#breadcrumb\"},\"inLanguage\":\"es\",\"potentialAction\":[{\"@type\":\"ReadAction\",\"target\":[\"https:\/\/blgnoticiassantodomingo.net\/index.php\/2023\/08\/10\/mescyt-envia-a-326-becados-en-programas-de-doctorados-y-maestrias-a-europa-mexico-y-estados-unidos\/\"]}]},{\"@type\":\"ImageObject\",\"inLanguage\":\"es\",\"@id\":\"https:\/\/blgnoticiassantodomingo.net\/index.php\/2023\/08\/10\/mescyt-envia-a-326-becados-en-programas-de-doctorados-y-maestrias-a-europa-mexico-y-estados-unidos\/#primaryimage\",\"url\":\"https:\/\/blgnoticiassantodomingo.net\/wp-content\/uploads\/2023\/08\/Mescyt-Becas.jpeg\",\"contentUrl\":\"https:\/\/blgnoticiassantodomingo.net\/wp-content\/uploads\/2023\/08\/Mescyt-Becas.jpeg\",\"width\":1300,\"height\":731},{\"@type\":\"BreadcrumbList\",\"@id\":\"https:\/\/blgnoticiassantodomingo.net\/index.php\/2023\/08\/10\/mescyt-envia-a-326-becados-en-programas-de-doctorados-y-maestrias-a-europa-mexico-y-estados-unidos\/#breadcrumb\",\"itemListElement\":[{\"@type\":\"ListItem\",\"position\":1,\"name\":\"Portada\",\"item\":\"https:\/\/blgnoticiassantodomingo.net\/\"},{\"@type\":\"ListItem\",\"position\":2,\"name\":\"MESCYT env\u00eda a 326 becados en programas de doctorados y maestr\u00edas a Europa, M\u00e9xico y Estados Unidos\"}]},{\"@type\":\"WebSite\",\"@id\":\"https:\/\/blgnoticiassantodomingo.net\/#website\",\"url\":\"https:\/\/blgnoticiassantodomingo.net\/\",\"name\":\"BLG Noticias\",\"description\":\"Esto es Noticias\",\"publisher\":{\"@id\":\"https:\/\/blgnoticiassantodomingo.net\/#organization\"},\"potentialAction\":[{\"@type\":\"SearchAction\",\"target\":{\"@type\":\"EntryPoint\",\"urlTemplate\":\"https:\/\/blgnoticiassantodomingo.net\/?s={search_term_string}\"},\"query-input\":{\"@type\":\"PropertyValueSpecification\",\"valueRequired\":true,\"valueName\":\"search_term_string\"}}],\"inLanguage\":\"es\"},{\"@type\":\"Organization\",\"@id\":\"https:\/\/blgnoticiassantodomingo.net\/#organization\",\"name\":\"BLG Noticias\",\"url\":\"https:\/\/blgnoticiassantodomingo.net\/\",\"logo\":{\"@type\":\"ImageObject\",\"inLanguage\":\"es\",\"@id\":\"https:\/\/blgnoticiassantodomingo.net\/#\/schema\/logo\/image\/\",\"url\":\"https:\/\/blgnoticiassantodomingo.net\/wp-content\/uploads\/2023\/12\/Diseno-sin-titulo-3.jpg\",\"contentUrl\":\"https:\/\/blgnoticiassantodomingo.net\/wp-content\/uploads\/2023\/12\/Diseno-sin-titulo-3.jpg\",\"width\":500,\"height\":500,\"caption\":\"BLG Noticias\"},\"image\":{\"@id\":\"https:\/\/blgnoticiassantodomingo.net\/#\/schema\/logo\/image\/\"},\"sameAs\":[\"https:\/\/web.facebook.com\/BlgNoticias\/?locale=es_LA&_rdc=1&_rdr\",\"https:\/\/x.com\/BlgNoticias\",\"https:\/\/www.linkedin.com\/in\/brenda-l-santana-aa846279\/\"]},{\"@type\":\"Person\",\"@id\":\"https:\/\/blgnoticiassantodomingo.net\/#\/schema\/person\/e2fc21cf88acc63dbd134be981bff374\",\"name\":\"Brenda Guerrero\",\"image\":{\"@type\":\"ImageObject\",\"inLanguage\":\"es\",\"@id\":\"https:\/\/blgnoticiassantodomingo.net\/#\/schema\/person\/image\/\",\"url\":\"https:\/\/secure.gravatar.com\/avatar\/2f7fc4c3e3655be1580cb684bfd8ab19be702ae20879da1e072021daa02f9b8b?s=96&d=wp_user_avatar&r=g\",\"contentUrl\":\"https:\/\/secure.gravatar.com\/avatar\/2f7fc4c3e3655be1580cb684bfd8ab19be702ae20879da1e072021daa02f9b8b?s=96&d=wp_user_avatar&r=g\",\"caption\":\"Brenda Guerrero\"},\"description\":\"Periodista\",\"url\":\"https:\/\/blgnoticiassantodomingo.net\/index.php\/author\/brenda-guerrero\/\"}]}<\/script>\n<!-- \/ Yoast SEO plugin. -->","yoast_head_json":{"title":"MESCYT env\u00eda a 326 becados en programas de doctorados y maestr\u00edas a Europa, M\u00e9xico y Estados Unidos - BLG Noticias","robots":{"index":"index","follow":"follow","max-snippet":"max-snippet:-1","max-image-preview":"max-image-preview:large","max-video-preview":"max-video-preview:-1"},"canonical":"https:\/\/blgnoticiassantodomingo.net\/index.php\/2023\/08\/10\/mescyt-envia-a-326-becados-en-programas-de-doctorados-y-maestrias-a-europa-mexico-y-estados-unidos\/","og_locale":"es_ES","og_type":"article","og_title":"MESCYT env\u00eda a 326 becados en programas de doctorados y maestr\u00edas a Europa, M\u00e9xico y Estados Unidos - BLG Noticias","og_description":"Santo Domingo.- El Ministerio de Educaci\u00f3n Superior, Ciencia y Tecnolog\u00eda&nbsp;(MESCYT)&nbsp;entreg\u00f3 las correspondientes certificaciones al&nbsp;cuarto grupo de 326 estudiantes seleccionados durante la Convocatoria a Becas Internacionales 2023, que cursar\u00e1n programas de&nbsp;doctorados y maestr\u00edas&nbsp;en&nbsp;m\u00e1s de treinta y cinco universidades&nbsp;ubicadas en M\u00e9xico, Espa\u00f1a, Reino Unido, Australia, Alemania, Francia, Suiza, Italia y Estados Unidos. En el acto, encabezado por [&hellip;]","og_url":"https:\/\/blgnoticiassantodomingo.net\/index.php\/2023\/08\/10\/mescyt-envia-a-326-becados-en-programas-de-doctorados-y-maestrias-a-europa-mexico-y-estados-unidos\/","og_site_name":"BLG Noticias","article_publisher":"https:\/\/web.facebook.com\/BlgNoticias\/?locale=es_LA&_rdc=1&_rdr","article_published_time":"2023-08-10T13:02:19+00:00","article_modified_time":"2023-08-10T13:02:22+00:00","og_image":[{"width":1300,"height":731,"url":"https:\/\/blgnoticiassantodomingo.net\/wp-content\/uploads\/2023\/08\/Mescyt-Becas.jpeg","type":"image\/jpeg"}],"author":"Brenda Guerrero","twitter_card":"summary_large_image","twitter_creator":"@BlgNoticias","twitter_site":"@BlgNoticias","twitter_misc":{"Escrito por":"Brenda Guerrero","Tiempo de lectura":"4 minutos"},"schema":{"@context":"https:\/\/schema.org","@graph":[{"@type":"Article","@id":"https:\/\/blgnoticiassantodomingo.net\/index.php\/2023\/08\/10\/mescyt-envia-a-326-becados-en-programas-de-doctorados-y-maestrias-a-europa-mexico-y-estados-unidos\/#article","isPartOf":{"@id":"https:\/\/blgnoticiassantodomingo.net\/index.php\/2023\/08\/10\/mescyt-envia-a-326-becados-en-programas-de-doctorados-y-maestrias-a-europa-mexico-y-estados-unidos\/"},"author":{"name":"Brenda Guerrero","@id":"https:\/\/blgnoticiassantodomingo.net\/#\/schema\/person\/e2fc21cf88acc63dbd134be981bff374"},"headline":"MESCYT env\u00eda a 326 becados en programas de doctorados y maestr\u00edas a Europa, M\u00e9xico y Estados Unidos","datePublished":"2023-08-10T13:02:19+00:00","dateModified":"2023-08-10T13:02:22+00:00","mainEntityOfPage":{"@id":"https:\/\/blgnoticiassantodomingo.net\/index.php\/2023\/08\/10\/mescyt-envia-a-326-becados-en-programas-de-doctorados-y-maestrias-a-europa-mexico-y-estados-unidos\/"},"wordCount":754,"commentCount":0,"publisher":{"@id":"https:\/\/blgnoticiassantodomingo.net\/#organization"},"image":{"@id":"https:\/\/blgnoticiassantodomingo.net\/index.php\/2023\/08\/10\/mescyt-envia-a-326-becados-en-programas-de-doctorados-y-maestrias-a-europa-mexico-y-estados-unidos\/#primaryimage"},"thumbnailUrl":"https:\/\/blgnoticiassantodomingo.net\/wp-content\/uploads\/2023\/08\/Mescyt-Becas.jpeg","keywords":["Becas Internacionales 2023","Franklin Garc\u00eda Ferm\u00edn","Humboldt International University","Instituto Superior de Derecho y Econom\u00eda","MESCYT","Roselia P\u00e9rez","Universidad a Distancia de Madrid"],"articleSection":["Nacionales"],"inLanguage":"es","potentialAction":[{"@type":"CommentAction","name":"Comment","target":["https:\/\/blgnoticiassantodomingo.net\/index.php\/2023\/08\/10\/mescyt-envia-a-326-becados-en-programas-de-doctorados-y-maestrias-a-europa-mexico-y-estados-unidos\/#respond"]}]},{"@type":"WebPage","@id":"https:\/\/blgnoticiassantodomingo.net\/index.php\/2023\/08\/10\/mescyt-envia-a-326-becados-en-programas-de-doctorados-y-maestrias-a-europa-mexico-y-estados-unidos\/","url":"https:\/\/blgnoticiassantodomingo.net\/index.php\/2023\/08\/10\/mescyt-envia-a-326-becados-en-programas-de-doctorados-y-maestrias-a-europa-mexico-y-estados-unidos\/","name":"MESCYT env\u00eda a 326 becados en programas de doctorados y maestr\u00edas a Europa, M\u00e9xico y Estados Unidos - BLG Noticias","isPartOf":{"@id":"https:\/\/blgnoticiassantodomingo.net\/#website"},"primaryImageOfPage":{"@id":"https:\/\/blgnoticiassantodomingo.net\/index.php\/2023\/08\/10\/mescyt-envia-a-326-becados-en-programas-de-doctorados-y-maestrias-a-europa-mexico-y-estados-unidos\/#primaryimage"},"image":{"@id":"https:\/\/blgnoticiassantodomingo.net\/index.php\/2023\/08\/10\/mescyt-envia-a-326-becados-en-programas-de-doctorados-y-maestrias-a-europa-mexico-y-estados-unidos\/#primaryimage"},"thumbnailUrl":"https:\/\/blgnoticiassantodomingo.net\/wp-content\/uploads\/2023\/08\/Mescyt-Becas.jpeg","datePublished":"2023-08-10T13:02:19+00:00","dateModified":"2023-08-10T13:02:22+00:00","breadcrumb":{"@id":"https:\/\/blgnoticiassantodomingo.net\/index.php\/2023\/08\/10\/mescyt-envia-a-326-becados-en-programas-de-doctorados-y-maestrias-a-europa-mexico-y-estados-unidos\/#breadcrumb"},"inLanguage":"es","potentialAction":[{"@type":"ReadAction","target":["https:\/\/blgnoticiassantodomingo.net\/index.php\/2023\/08\/10\/mescyt-envia-a-326-becados-en-programas-de-doctorados-y-maestrias-a-europa-mexico-y-estados-unidos\/"]}]},{"@type":"ImageObject","inLanguage":"es","@id":"https:\/\/blgnoticiassantodomingo.net\/index.php\/2023\/08\/10\/mescyt-envia-a-326-becados-en-programas-de-doctorados-y-maestrias-a-europa-mexico-y-estados-unidos\/#primaryimage","url":"https:\/\/blgnoticiassantodomingo.net\/wp-content\/uploads\/2023\/08\/Mescyt-Becas.jpeg","contentUrl":"https:\/\/blgnoticiassantodomingo.net\/wp-content\/uploads\/2023\/08\/Mescyt-Becas.jpeg","width":1300,"height":731},{"@type":"BreadcrumbList","@id":"https:\/\/blgnoticiassantodomingo.net\/index.php\/2023\/08\/10\/mescyt-envia-a-326-becados-en-programas-de-doctorados-y-maestrias-a-europa-mexico-y-estados-unidos\/#breadcrumb","itemListElement":[{"@type":"ListItem","position":1,"name":"Portada","item":"https:\/\/blgnoticiassantodomingo.net\/"},{"@type":"ListItem","position":2,"name":"MESCYT env\u00eda a 326 becados en programas de doctorados y maestr\u00edas a Europa, M\u00e9xico y Estados Unidos"}]},{"@type":"WebSite","@id":"https:\/\/blgnoticiassantodomingo.net\/#website","url":"https:\/\/blgnoticiassantodomingo.net\/","name":"BLG Noticias","description":"Esto es Noticias","publisher":{"@id":"https:\/\/blgnoticiassantodomingo.net\/#organization"},"potentialAction":[{"@type":"SearchAction","target":{"@type":"EntryPoint","urlTemplate":"https:\/\/blgnoticiassantodomingo.net\/?s={search_term_string}"},"query-input":{"@type":"PropertyValueSpecification","valueRequired":true,"valueName":"search_term_string"}}],"inLanguage":"es"},{"@type":"Organization","@id":"https:\/\/blgnoticiassantodomingo.net\/#organization","name":"BLG Noticias","url":"https:\/\/blgnoticiassantodomingo.net\/","logo":{"@type":"ImageObject","inLanguage":"es","@id":"https:\/\/blgnoticiassantodomingo.net\/#\/schema\/logo\/image\/","url":"https:\/\/blgnoticiassantodomingo.net\/wp-content\/uploads\/2023\/12\/Diseno-sin-titulo-3.jpg","contentUrl":"https:\/\/blgnoticiassantodomingo.net\/wp-content\/uploads\/2023\/12\/Diseno-sin-titulo-3.jpg","width":500,"height":500,"caption":"BLG Noticias"},"image":{"@id":"https:\/\/blgnoticiassantodomingo.net\/#\/schema\/logo\/image\/"},"sameAs":["https:\/\/web.facebook.com\/BlgNoticias\/?locale=es_LA&_rdc=1&_rdr","https:\/\/x.com\/BlgNoticias","https:\/\/www.linkedin.com\/in\/brenda-l-santana-aa846279\/"]},{"@type":"Person","@id":"https:\/\/blgnoticiassantodomingo.net\/#\/schema\/person\/e2fc21cf88acc63dbd134be981bff374","name":"Brenda Guerrero","image":{"@type":"ImageObject","inLanguage":"es","@id":"https:\/\/blgnoticiassantodomingo.net\/#\/schema\/person\/image\/","url":"https:\/\/secure.gravatar.com\/avatar\/2f7fc4c3e3655be1580cb684bfd8ab19be702ae20879da1e072021daa02f9b8b?s=96&d=wp_user_avatar&r=g","contentUrl":"https:\/\/secure.gravatar.com\/avatar\/2f7fc4c3e3655be1580cb684bfd8ab19be702ae20879da1e072021daa02f9b8b?s=96&d=wp_user_avatar&r=g","caption":"Brenda Guerrero"},"description":"Periodista","url":"https:\/\/blgnoticiassantodomingo.net\/index.php\/author\/brenda-guerrero\/"}]}},"jetpack_featured_media_url":"https:\/\/blgnoticiassantodomingo.net\/wp-content\/uploads\/2023\/08\/Mescyt-Becas.jpeg","_links":{"self":[{"href":"https:\/\/blgnoticiassantodomingo.net\/index.php\/wp-json\/wp\/v2\/posts\/35759","targetHints":{"allow":["GET"]}}],"collection":[{"href":"https:\/\/blgnoticiassantodomingo.net\/index.php\/wp-json\/wp\/v2\/posts"}],"about":[{"href":"https:\/\/blgnoticiassantodomingo.net\/index.php\/wp-json\/wp\/v2\/types\/post"}],"author":[{"embeddable":true,"href":"https:\/\/blgnoticiassantodomingo.net\/index.php\/wp-json\/wp\/v2\/users\/2"}],"replies":[{"embeddable":true,"href":"https:\/\/blgnoticiassantodomingo.net\/index.php\/wp-json\/wp\/v2\/comments?post=35759"}],"version-history":[{"count":1,"href":"https:\/\/blgnoticiassantodomingo.net\/index.php\/wp-json\/wp\/v2\/posts\/35759\/revisions"}],"predecessor-version":[{"id":35761,"href":"https:\/\/blgnoticiassantodomingo.net\/index.php\/wp-json\/wp\/v2\/posts\/35759\/revisions\/35761"}],"wp:featuredmedia":[{"embeddable":true,"href":"https:\/\/blgnoticiassantodomingo.net\/index.php\/wp-json\/wp\/v2\/media\/35760"}],"wp:attachment":[{"href":"https:\/\/blgnoticiassantodomingo.net\/index.php\/wp-json\/wp\/v2\/media?parent=35759"}],"wp:term":[{"taxonomy":"category","embeddable":true,"href":"https:\/\/blgnoticiassantodomingo.net\/index.php\/wp-json\/wp\/v2\/categories?post=35759"},{"taxonomy":"post_tag","embeddable":true,"href":"https:\/\/blgnoticiassantodomingo.net\/index.php\/wp-json\/wp\/v2\/tags?post=35759"}],"curies":[{"name":"wp","href":"https:\/\/api.w.org\/{rel}","templated":true}]}}