{"id":34862,"date":"2023-06-01T11:03:23","date_gmt":"2023-06-01T15:03:23","guid":{"rendered":"https:\/\/blgnoticiassantodomingo.net\/?p=34862"},"modified":"2023-06-01T11:03:28","modified_gmt":"2023-06-01T15:03:28","slug":"infractores-ambientales-hieren-a-un-teniente-coronel-del-senpa-en-enfrentamiento-a-tiros","status":"publish","type":"post","link":"https:\/\/blgnoticiassantodomingo.net\/index.php\/2023\/06\/01\/infractores-ambientales-hieren-a-un-teniente-coronel-del-senpa-en-enfrentamiento-a-tiros\/","title":{"rendered":"Infractores ambientales hieren a un teniente coronel del Senpa en enfrentamiento a tiros"},"content":{"rendered":"\n<p>Santo Domingo Oeste.\u2013 Infractores ambientales hirieron a un teniente coronel del Ej\u00e9rcito, al atacar a tiros a los agentes del Servicio Nacional de Proteccio\u0301n Ambiental (Senpa) que desarrollaron un operativo contra la extracci\u00f3n de agregados del r\u00edo Haina.<\/p>\n\n\n\n<p>El teniente coronel Danny Silverio Batista Ozuna, quien se desempe\u00f1a como encargado Regional del Senpa, recibi\u00f3 una bala en la pierna derecha. De inmediato, fue trasladado al Hospital General Doctor Vinicio Calventi, donde recibe atenciones.<\/p>\n\n\n\n<p>\u201cEn la madrugada de estos mi\u00e9rcoles miembros del Servicio Nacional de Protecci\u00f3n Ambiental realizaron un operativo en la zona Lecher\u00eda, Santo Domingo Oeste, en atenci\u00f3n a una denuncia sobre extracci\u00f3n ilegal de agregado en el r\u00edo Haina\u201d, indic\u00f3 Ren\u00e9 Mateo, viceministro de Suelos y Aguas.<\/p>\n\n\n\n<p>Mateo indic\u00f3 que el informe preliminar da cuenta de que durante el operativo realizado en horas de la madrugada los agentes del Senpa retuvieron varios equipos pesados, incluyendo retroexcavadoras y camiones.<\/p>\n\n\n\n<p>\u201cAunque huyeron del lugar, los infractores ambientales remontaron la zona y atacaron a tiros a los miembros del Senpa y a los t\u00e9cnicos de Medio Ambiente y se llevaron parte de los equipos ocupados\u201d, dijo Mateo.<\/p>\n\n\n\n<p>Explic\u00f3 que el Ministerio de Medio Ambiente realiza los levantamientos t\u00e9cnicos y jur\u00eddicos de lugar para proceder judicialmente contra los due\u00f1os de los equipos que eran utilizados para extraer agregados ilegalmente.<\/p>\n\n\n\n<p>Aprovech\u00f3 para solicitar al Ministerio P\u00fablico proceder con la debida diligencia para que puedan responder ante los tribunales los responsables de atacar a tiros a t\u00e9cnicos y militares poniendo en peligro sus vidas e incurriendo en un hecho de franco desaf\u00edo a la autoridad.<\/p>\n\n\n\n<p>Dijo que el Ministerio de Medio Ambiente y el Senpa seguir\u00e1n realizando los esfuerzos necesarios para frenar la extracci\u00f3n ilegal de agregados en la zona de Lecher\u00eda. Record\u00f3 que la protecci\u00f3n de los r\u00edos debe ser una prioridad nacional para la seguridad h\u00eddrica de la poblaci\u00f3n dominicana.<\/p>\n","protected":false},"excerpt":{"rendered":"<p>Santo Domingo Oeste.\u2013 Infractores ambientales hirieron a un teniente coronel del Ej\u00e9rcito, al atacar a tiros a los agentes del Servicio Nacional de Proteccio\u0301n Ambiental (Senpa) que desarrollaron un operativo contra la extracci\u00f3n de agregados del r\u00edo Haina. El teniente coronel Danny Silverio Batista Ozuna, quien se desempe\u00f1a como encargado Regional del Senpa, recibi\u00f3 una [&hellip;]<\/p>\n","protected":false},"author":3,"featured_media":34863,"comment_status":"open","ping_status":"open","sticky":false,"template":"","format":"standard","meta":{"footnotes":""},"categories":[220],"tags":[7950,7951,4602],"class_list":{"0":"post-34862","1":"post","2":"type-post","3":"status-publish","4":"format-standard","5":"has-post-thumbnail","7":"category-nacionales","8":"tag-enfrentamiento","9":"tag-santo-domingo-oeste","10":"tag-senpa"},"yoast_head":"<!-- This site is optimized with the Yoast SEO plugin v24.9 - https:\/\/yoast.com\/wordpress\/plugins\/seo\/ -->\n<title>Infractores ambientales hieren a un teniente coronel del Senpa en enfrentamiento a tiros - BLG Noticias<\/title>\n<meta name=\"robots\" content=\"index, follow, max-snippet:-1, max-image-preview:large, max-video-preview:-1\" \/>\n<link rel=\"canonical\" href=\"https:\/\/blgnoticiassantodomingo.net\/index.php\/2023\/06\/01\/infractores-ambientales-hieren-a-un-teniente-coronel-del-senpa-en-enfrentamiento-a-tiros\/\" \/>\n<meta property=\"og:locale\" content=\"es_ES\" \/>\n<meta property=\"og:type\" content=\"article\" \/>\n<meta property=\"og:title\" content=\"Infractores ambientales hieren a un teniente coronel del Senpa en enfrentamiento a tiros - BLG Noticias\" \/>\n<meta property=\"og:description\" content=\"Santo Domingo Oeste.\u2013 Infractores ambientales hirieron a un teniente coronel del Ej\u00e9rcito, al atacar a tiros a los agentes del Servicio Nacional de Proteccio\u0301n Ambiental (Senpa) que desarrollaron un operativo contra la extracci\u00f3n de agregados del r\u00edo Haina. El teniente coronel Danny Silverio Batista Ozuna, quien se desempe\u00f1a como encargado Regional del Senpa, recibi\u00f3 una [&hellip;]\" \/>\n<meta property=\"og:url\" content=\"https:\/\/blgnoticiassantodomingo.net\/index.php\/2023\/06\/01\/infractores-ambientales-hieren-a-un-teniente-coronel-del-senpa-en-enfrentamiento-a-tiros\/\" \/>\n<meta property=\"og:site_name\" content=\"BLG Noticias\" \/>\n<meta property=\"article:publisher\" content=\"https:\/\/web.facebook.com\/BlgNoticias\/?locale=es_LA&amp;_rdc=1&amp;_rdr\" \/>\n<meta property=\"article:published_time\" content=\"2023-06-01T15:03:23+00:00\" \/>\n<meta property=\"article:modified_time\" content=\"2023-06-01T15:03:28+00:00\" \/>\n<meta property=\"og:image\" content=\"https:\/\/blgnoticiassantodomingo.net\/wp-content\/uploads\/2023\/06\/Screenshot-2023-06-01-11.01.26.png\" \/>\n\t<meta property=\"og:image:width\" content=\"736\" \/>\n\t<meta property=\"og:image:height\" content=\"444\" \/>\n\t<meta property=\"og:image:type\" content=\"image\/png\" \/>\n<meta name=\"author\" content=\"Yerlin Payano\" \/>\n<meta name=\"twitter:card\" content=\"summary_large_image\" \/>\n<meta name=\"twitter:creator\" content=\"@BlgNoticias\" \/>\n<meta name=\"twitter:site\" content=\"@BlgNoticias\" \/>\n<meta name=\"twitter:label1\" content=\"Escrito por\" \/>\n\t<meta name=\"twitter:data1\" content=\"Yerlin Payano\" \/>\n\t<meta name=\"twitter:label2\" content=\"Tiempo de lectura\" \/>\n\t<meta name=\"twitter:data2\" content=\"2 minutos\" \/>\n<script type=\"application\/ld+json\" class=\"yoast-schema-graph\">{\"@context\":\"https:\/\/schema.org\",\"@graph\":[{\"@type\":\"Article\",\"@id\":\"https:\/\/blgnoticiassantodomingo.net\/index.php\/2023\/06\/01\/infractores-ambientales-hieren-a-un-teniente-coronel-del-senpa-en-enfrentamiento-a-tiros\/#article\",\"isPartOf\":{\"@id\":\"https:\/\/blgnoticiassantodomingo.net\/index.php\/2023\/06\/01\/infractores-ambientales-hieren-a-un-teniente-coronel-del-senpa-en-enfrentamiento-a-tiros\/\"},\"author\":{\"name\":\"Yerlin Payano\",\"@id\":\"https:\/\/blgnoticiassantodomingo.net\/#\/schema\/person\/03b67e608d24e551f208708811f9dec0\"},\"headline\":\"Infractores ambientales hieren a un teniente coronel del Senpa en enfrentamiento a tiros\",\"datePublished\":\"2023-06-01T15:03:23+00:00\",\"dateModified\":\"2023-06-01T15:03:28+00:00\",\"mainEntityOfPage\":{\"@id\":\"https:\/\/blgnoticiassantodomingo.net\/index.php\/2023\/06\/01\/infractores-ambientales-hieren-a-un-teniente-coronel-del-senpa-en-enfrentamiento-a-tiros\/\"},\"wordCount\":345,\"commentCount\":0,\"publisher\":{\"@id\":\"https:\/\/blgnoticiassantodomingo.net\/#organization\"},\"image\":{\"@id\":\"https:\/\/blgnoticiassantodomingo.net\/index.php\/2023\/06\/01\/infractores-ambientales-hieren-a-un-teniente-coronel-del-senpa-en-enfrentamiento-a-tiros\/#primaryimage\"},\"thumbnailUrl\":\"https:\/\/blgnoticiassantodomingo.net\/wp-content\/uploads\/2023\/06\/Screenshot-2023-06-01-11.01.26.png\",\"keywords\":[\"Enfrentamiento\",\"Santo Domingo Oeste\",\"SENPA\"],\"articleSection\":[\"Nacionales\"],\"inLanguage\":\"es\",\"potentialAction\":[{\"@type\":\"CommentAction\",\"name\":\"Comment\",\"target\":[\"https:\/\/blgnoticiassantodomingo.net\/index.php\/2023\/06\/01\/infractores-ambientales-hieren-a-un-teniente-coronel-del-senpa-en-enfrentamiento-a-tiros\/#respond\"]}]},{\"@type\":\"WebPage\",\"@id\":\"https:\/\/blgnoticiassantodomingo.net\/index.php\/2023\/06\/01\/infractores-ambientales-hieren-a-un-teniente-coronel-del-senpa-en-enfrentamiento-a-tiros\/\",\"url\":\"https:\/\/blgnoticiassantodomingo.net\/index.php\/2023\/06\/01\/infractores-ambientales-hieren-a-un-teniente-coronel-del-senpa-en-enfrentamiento-a-tiros\/\",\"name\":\"Infractores ambientales hieren a un teniente coronel del Senpa en enfrentamiento a tiros - BLG Noticias\",\"isPartOf\":{\"@id\":\"https:\/\/blgnoticiassantodomingo.net\/#website\"},\"primaryImageOfPage\":{\"@id\":\"https:\/\/blgnoticiassantodomingo.net\/index.php\/2023\/06\/01\/infractores-ambientales-hieren-a-un-teniente-coronel-del-senpa-en-enfrentamiento-a-tiros\/#primaryimage\"},\"image\":{\"@id\":\"https:\/\/blgnoticiassantodomingo.net\/index.php\/2023\/06\/01\/infractores-ambientales-hieren-a-un-teniente-coronel-del-senpa-en-enfrentamiento-a-tiros\/#primaryimage\"},\"thumbnailUrl\":\"https:\/\/blgnoticiassantodomingo.net\/wp-content\/uploads\/2023\/06\/Screenshot-2023-06-01-11.01.26.png\",\"datePublished\":\"2023-06-01T15:03:23+00:00\",\"dateModified\":\"2023-06-01T15:03:28+00:00\",\"breadcrumb\":{\"@id\":\"https:\/\/blgnoticiassantodomingo.net\/index.php\/2023\/06\/01\/infractores-ambientales-hieren-a-un-teniente-coronel-del-senpa-en-enfrentamiento-a-tiros\/#breadcrumb\"},\"inLanguage\":\"es\",\"potentialAction\":[{\"@type\":\"ReadAction\",\"target\":[\"https:\/\/blgnoticiassantodomingo.net\/index.php\/2023\/06\/01\/infractores-ambientales-hieren-a-un-teniente-coronel-del-senpa-en-enfrentamiento-a-tiros\/\"]}]},{\"@type\":\"ImageObject\",\"inLanguage\":\"es\",\"@id\":\"https:\/\/blgnoticiassantodomingo.net\/index.php\/2023\/06\/01\/infractores-ambientales-hieren-a-un-teniente-coronel-del-senpa-en-enfrentamiento-a-tiros\/#primaryimage\",\"url\":\"https:\/\/blgnoticiassantodomingo.net\/wp-content\/uploads\/2023\/06\/Screenshot-2023-06-01-11.01.26.png\",\"contentUrl\":\"https:\/\/blgnoticiassantodomingo.net\/wp-content\/uploads\/2023\/06\/Screenshot-2023-06-01-11.01.26.png\",\"width\":736,\"height\":444},{\"@type\":\"BreadcrumbList\",\"@id\":\"https:\/\/blgnoticiassantodomingo.net\/index.php\/2023\/06\/01\/infractores-ambientales-hieren-a-un-teniente-coronel-del-senpa-en-enfrentamiento-a-tiros\/#breadcrumb\",\"itemListElement\":[{\"@type\":\"ListItem\",\"position\":1,\"name\":\"Portada\",\"item\":\"https:\/\/blgnoticiassantodomingo.net\/\"},{\"@type\":\"ListItem\",\"position\":2,\"name\":\"Infractores ambientales hieren a un teniente coronel del Senpa en enfrentamiento a tiros\"}]},{\"@type\":\"WebSite\",\"@id\":\"https:\/\/blgnoticiassantodomingo.net\/#website\",\"url\":\"https:\/\/blgnoticiassantodomingo.net\/\",\"name\":\"BLG Noticias\",\"description\":\"Esto es Noticias\",\"publisher\":{\"@id\":\"https:\/\/blgnoticiassantodomingo.net\/#organization\"},\"potentialAction\":[{\"@type\":\"SearchAction\",\"target\":{\"@type\":\"EntryPoint\",\"urlTemplate\":\"https:\/\/blgnoticiassantodomingo.net\/?s={search_term_string}\"},\"query-input\":{\"@type\":\"PropertyValueSpecification\",\"valueRequired\":true,\"valueName\":\"search_term_string\"}}],\"inLanguage\":\"es\"},{\"@type\":\"Organization\",\"@id\":\"https:\/\/blgnoticiassantodomingo.net\/#organization\",\"name\":\"BLG Noticias\",\"url\":\"https:\/\/blgnoticiassantodomingo.net\/\",\"logo\":{\"@type\":\"ImageObject\",\"inLanguage\":\"es\",\"@id\":\"https:\/\/blgnoticiassantodomingo.net\/#\/schema\/logo\/image\/\",\"url\":\"https:\/\/blgnoticiassantodomingo.net\/wp-content\/uploads\/2023\/12\/Diseno-sin-titulo-3.jpg\",\"contentUrl\":\"https:\/\/blgnoticiassantodomingo.net\/wp-content\/uploads\/2023\/12\/Diseno-sin-titulo-3.jpg\",\"width\":500,\"height\":500,\"caption\":\"BLG Noticias\"},\"image\":{\"@id\":\"https:\/\/blgnoticiassantodomingo.net\/#\/schema\/logo\/image\/\"},\"sameAs\":[\"https:\/\/web.facebook.com\/BlgNoticias\/?locale=es_LA&_rdc=1&_rdr\",\"https:\/\/x.com\/BlgNoticias\",\"https:\/\/www.linkedin.com\/in\/brenda-l-santana-aa846279\/\"]},{\"@type\":\"Person\",\"@id\":\"https:\/\/blgnoticiassantodomingo.net\/#\/schema\/person\/03b67e608d24e551f208708811f9dec0\",\"name\":\"Yerlin Payano\",\"image\":{\"@type\":\"ImageObject\",\"inLanguage\":\"es\",\"@id\":\"https:\/\/blgnoticiassantodomingo.net\/#\/schema\/person\/image\/\",\"url\":\"https:\/\/secure.gravatar.com\/avatar\/0df11eeed431210345b3a5364c9941af1e921c3e99c30e40a827773db05d19f2?s=96&d=wp_user_avatar&r=g\",\"contentUrl\":\"https:\/\/secure.gravatar.com\/avatar\/0df11eeed431210345b3a5364c9941af1e921c3e99c30e40a827773db05d19f2?s=96&d=wp_user_avatar&r=g\",\"caption\":\"Yerlin Payano\"},\"sameAs\":[\"http:\/\/blgnoticiassantodomingo.net\/\"],\"url\":\"https:\/\/blgnoticiassantodomingo.net\/index.php\/author\/yerlinpayano\/\"}]}<\/script>\n<!-- \/ Yoast SEO plugin. -->","yoast_head_json":{"title":"Infractores ambientales hieren a un teniente coronel del Senpa en enfrentamiento a tiros - BLG Noticias","robots":{"index":"index","follow":"follow","max-snippet":"max-snippet:-1","max-image-preview":"max-image-preview:large","max-video-preview":"max-video-preview:-1"},"canonical":"https:\/\/blgnoticiassantodomingo.net\/index.php\/2023\/06\/01\/infractores-ambientales-hieren-a-un-teniente-coronel-del-senpa-en-enfrentamiento-a-tiros\/","og_locale":"es_ES","og_type":"article","og_title":"Infractores ambientales hieren a un teniente coronel del Senpa en enfrentamiento a tiros - BLG Noticias","og_description":"Santo Domingo Oeste.\u2013 Infractores ambientales hirieron a un teniente coronel del Ej\u00e9rcito, al atacar a tiros a los agentes del Servicio Nacional de Proteccio\u0301n Ambiental (Senpa) que desarrollaron un operativo contra la extracci\u00f3n de agregados del r\u00edo Haina. El teniente coronel Danny Silverio Batista Ozuna, quien se desempe\u00f1a como encargado Regional del Senpa, recibi\u00f3 una [&hellip;]","og_url":"https:\/\/blgnoticiassantodomingo.net\/index.php\/2023\/06\/01\/infractores-ambientales-hieren-a-un-teniente-coronel-del-senpa-en-enfrentamiento-a-tiros\/","og_site_name":"BLG Noticias","article_publisher":"https:\/\/web.facebook.com\/BlgNoticias\/?locale=es_LA&_rdc=1&_rdr","article_published_time":"2023-06-01T15:03:23+00:00","article_modified_time":"2023-06-01T15:03:28+00:00","og_image":[{"width":736,"height":444,"url":"https:\/\/blgnoticiassantodomingo.net\/wp-content\/uploads\/2023\/06\/Screenshot-2023-06-01-11.01.26.png","type":"image\/png"}],"author":"Yerlin Payano","twitter_card":"summary_large_image","twitter_creator":"@BlgNoticias","twitter_site":"@BlgNoticias","twitter_misc":{"Escrito por":"Yerlin Payano","Tiempo de lectura":"2 minutos"},"schema":{"@context":"https:\/\/schema.org","@graph":[{"@type":"Article","@id":"https:\/\/blgnoticiassantodomingo.net\/index.php\/2023\/06\/01\/infractores-ambientales-hieren-a-un-teniente-coronel-del-senpa-en-enfrentamiento-a-tiros\/#article","isPartOf":{"@id":"https:\/\/blgnoticiassantodomingo.net\/index.php\/2023\/06\/01\/infractores-ambientales-hieren-a-un-teniente-coronel-del-senpa-en-enfrentamiento-a-tiros\/"},"author":{"name":"Yerlin Payano","@id":"https:\/\/blgnoticiassantodomingo.net\/#\/schema\/person\/03b67e608d24e551f208708811f9dec0"},"headline":"Infractores ambientales hieren a un teniente coronel del Senpa en enfrentamiento a tiros","datePublished":"2023-06-01T15:03:23+00:00","dateModified":"2023-06-01T15:03:28+00:00","mainEntityOfPage":{"@id":"https:\/\/blgnoticiassantodomingo.net\/index.php\/2023\/06\/01\/infractores-ambientales-hieren-a-un-teniente-coronel-del-senpa-en-enfrentamiento-a-tiros\/"},"wordCount":345,"commentCount":0,"publisher":{"@id":"https:\/\/blgnoticiassantodomingo.net\/#organization"},"image":{"@id":"https:\/\/blgnoticiassantodomingo.net\/index.php\/2023\/06\/01\/infractores-ambientales-hieren-a-un-teniente-coronel-del-senpa-en-enfrentamiento-a-tiros\/#primaryimage"},"thumbnailUrl":"https:\/\/blgnoticiassantodomingo.net\/wp-content\/uploads\/2023\/06\/Screenshot-2023-06-01-11.01.26.png","keywords":["Enfrentamiento","Santo Domingo Oeste","SENPA"],"articleSection":["Nacionales"],"inLanguage":"es","potentialAction":[{"@type":"CommentAction","name":"Comment","target":["https:\/\/blgnoticiassantodomingo.net\/index.php\/2023\/06\/01\/infractores-ambientales-hieren-a-un-teniente-coronel-del-senpa-en-enfrentamiento-a-tiros\/#respond"]}]},{"@type":"WebPage","@id":"https:\/\/blgnoticiassantodomingo.net\/index.php\/2023\/06\/01\/infractores-ambientales-hieren-a-un-teniente-coronel-del-senpa-en-enfrentamiento-a-tiros\/","url":"https:\/\/blgnoticiassantodomingo.net\/index.php\/2023\/06\/01\/infractores-ambientales-hieren-a-un-teniente-coronel-del-senpa-en-enfrentamiento-a-tiros\/","name":"Infractores ambientales hieren a un teniente coronel del Senpa en enfrentamiento a tiros - BLG Noticias","isPartOf":{"@id":"https:\/\/blgnoticiassantodomingo.net\/#website"},"primaryImageOfPage":{"@id":"https:\/\/blgnoticiassantodomingo.net\/index.php\/2023\/06\/01\/infractores-ambientales-hieren-a-un-teniente-coronel-del-senpa-en-enfrentamiento-a-tiros\/#primaryimage"},"image":{"@id":"https:\/\/blgnoticiassantodomingo.net\/index.php\/2023\/06\/01\/infractores-ambientales-hieren-a-un-teniente-coronel-del-senpa-en-enfrentamiento-a-tiros\/#primaryimage"},"thumbnailUrl":"https:\/\/blgnoticiassantodomingo.net\/wp-content\/uploads\/2023\/06\/Screenshot-2023-06-01-11.01.26.png","datePublished":"2023-06-01T15:03:23+00:00","dateModified":"2023-06-01T15:03:28+00:00","breadcrumb":{"@id":"https:\/\/blgnoticiassantodomingo.net\/index.php\/2023\/06\/01\/infractores-ambientales-hieren-a-un-teniente-coronel-del-senpa-en-enfrentamiento-a-tiros\/#breadcrumb"},"inLanguage":"es","potentialAction":[{"@type":"ReadAction","target":["https:\/\/blgnoticiassantodomingo.net\/index.php\/2023\/06\/01\/infractores-ambientales-hieren-a-un-teniente-coronel-del-senpa-en-enfrentamiento-a-tiros\/"]}]},{"@type":"ImageObject","inLanguage":"es","@id":"https:\/\/blgnoticiassantodomingo.net\/index.php\/2023\/06\/01\/infractores-ambientales-hieren-a-un-teniente-coronel-del-senpa-en-enfrentamiento-a-tiros\/#primaryimage","url":"https:\/\/blgnoticiassantodomingo.net\/wp-content\/uploads\/2023\/06\/Screenshot-2023-06-01-11.01.26.png","contentUrl":"https:\/\/blgnoticiassantodomingo.net\/wp-content\/uploads\/2023\/06\/Screenshot-2023-06-01-11.01.26.png","width":736,"height":444},{"@type":"BreadcrumbList","@id":"https:\/\/blgnoticiassantodomingo.net\/index.php\/2023\/06\/01\/infractores-ambientales-hieren-a-un-teniente-coronel-del-senpa-en-enfrentamiento-a-tiros\/#breadcrumb","itemListElement":[{"@type":"ListItem","position":1,"name":"Portada","item":"https:\/\/blgnoticiassantodomingo.net\/"},{"@type":"ListItem","position":2,"name":"Infractores ambientales hieren a un teniente coronel del Senpa en enfrentamiento a tiros"}]},{"@type":"WebSite","@id":"https:\/\/blgnoticiassantodomingo.net\/#website","url":"https:\/\/blgnoticiassantodomingo.net\/","name":"BLG Noticias","description":"Esto es Noticias","publisher":{"@id":"https:\/\/blgnoticiassantodomingo.net\/#organization"},"potentialAction":[{"@type":"SearchAction","target":{"@type":"EntryPoint","urlTemplate":"https:\/\/blgnoticiassantodomingo.net\/?s={search_term_string}"},"query-input":{"@type":"PropertyValueSpecification","valueRequired":true,"valueName":"search_term_string"}}],"inLanguage":"es"},{"@type":"Organization","@id":"https:\/\/blgnoticiassantodomingo.net\/#organization","name":"BLG Noticias","url":"https:\/\/blgnoticiassantodomingo.net\/","logo":{"@type":"ImageObject","inLanguage":"es","@id":"https:\/\/blgnoticiassantodomingo.net\/#\/schema\/logo\/image\/","url":"https:\/\/blgnoticiassantodomingo.net\/wp-content\/uploads\/2023\/12\/Diseno-sin-titulo-3.jpg","contentUrl":"https:\/\/blgnoticiassantodomingo.net\/wp-content\/uploads\/2023\/12\/Diseno-sin-titulo-3.jpg","width":500,"height":500,"caption":"BLG Noticias"},"image":{"@id":"https:\/\/blgnoticiassantodomingo.net\/#\/schema\/logo\/image\/"},"sameAs":["https:\/\/web.facebook.com\/BlgNoticias\/?locale=es_LA&_rdc=1&_rdr","https:\/\/x.com\/BlgNoticias","https:\/\/www.linkedin.com\/in\/brenda-l-santana-aa846279\/"]},{"@type":"Person","@id":"https:\/\/blgnoticiassantodomingo.net\/#\/schema\/person\/03b67e608d24e551f208708811f9dec0","name":"Yerlin Payano","image":{"@type":"ImageObject","inLanguage":"es","@id":"https:\/\/blgnoticiassantodomingo.net\/#\/schema\/person\/image\/","url":"https:\/\/secure.gravatar.com\/avatar\/0df11eeed431210345b3a5364c9941af1e921c3e99c30e40a827773db05d19f2?s=96&d=wp_user_avatar&r=g","contentUrl":"https:\/\/secure.gravatar.com\/avatar\/0df11eeed431210345b3a5364c9941af1e921c3e99c30e40a827773db05d19f2?s=96&d=wp_user_avatar&r=g","caption":"Yerlin Payano"},"sameAs":["http:\/\/blgnoticiassantodomingo.net\/"],"url":"https:\/\/blgnoticiassantodomingo.net\/index.php\/author\/yerlinpayano\/"}]}},"jetpack_featured_media_url":"https:\/\/blgnoticiassantodomingo.net\/wp-content\/uploads\/2023\/06\/Screenshot-2023-06-01-11.01.26.png","_links":{"self":[{"href":"https:\/\/blgnoticiassantodomingo.net\/index.php\/wp-json\/wp\/v2\/posts\/34862","targetHints":{"allow":["GET"]}}],"collection":[{"href":"https:\/\/blgnoticiassantodomingo.net\/index.php\/wp-json\/wp\/v2\/posts"}],"about":[{"href":"https:\/\/blgnoticiassantodomingo.net\/index.php\/wp-json\/wp\/v2\/types\/post"}],"author":[{"embeddable":true,"href":"https:\/\/blgnoticiassantodomingo.net\/index.php\/wp-json\/wp\/v2\/users\/3"}],"replies":[{"embeddable":true,"href":"https:\/\/blgnoticiassantodomingo.net\/index.php\/wp-json\/wp\/v2\/comments?post=34862"}],"version-history":[{"count":1,"href":"https:\/\/blgnoticiassantodomingo.net\/index.php\/wp-json\/wp\/v2\/posts\/34862\/revisions"}],"predecessor-version":[{"id":34864,"href":"https:\/\/blgnoticiassantodomingo.net\/index.php\/wp-json\/wp\/v2\/posts\/34862\/revisions\/34864"}],"wp:featuredmedia":[{"embeddable":true,"href":"https:\/\/blgnoticiassantodomingo.net\/index.php\/wp-json\/wp\/v2\/media\/34863"}],"wp:attachment":[{"href":"https:\/\/blgnoticiassantodomingo.net\/index.php\/wp-json\/wp\/v2\/media?parent=34862"}],"wp:term":[{"taxonomy":"category","embeddable":true,"href":"https:\/\/blgnoticiassantodomingo.net\/index.php\/wp-json\/wp\/v2\/categories?post=34862"},{"taxonomy":"post_tag","embeddable":true,"href":"https:\/\/blgnoticiassantodomingo.net\/index.php\/wp-json\/wp\/v2\/tags?post=34862"}],"curies":[{"name":"wp","href":"https:\/\/api.w.org\/{rel}","templated":true}]}}