{"id":34858,"date":"2023-06-01T14:04:41","date_gmt":"2023-06-01T18:04:41","guid":{"rendered":"https:\/\/blgnoticiassantodomingo.net\/?p=34858"},"modified":"2023-06-01T14:04:43","modified_gmt":"2023-06-01T18:04:43","slug":"carlos-pena-afirma-no-pactara-con-quienes-han-hecho-dano-al-pais","status":"publish","type":"post","link":"https:\/\/blgnoticiassantodomingo.net\/index.php\/2023\/06\/01\/carlos-pena-afirma-no-pactara-con-quienes-han-hecho-dano-al-pais\/","title":{"rendered":"Carlos Pe\u00f1a afirma no pactar\u00e1 con quienes han hecho da\u00f1o al pa\u00eds"},"content":{"rendered":"\n<p><em>El Partido Generaci\u00f2n de Servidores no va a hacer alianza ni con Leonel Fern\u00e0ndez, Luis Abinader ni con Danilo Medina, nuestra alianza es con Dios y con el pueblo dominicano<\/em><\/p>\n\n\n\n<p><strong>Santo Domingo.-<\/strong> Durante una entrevista, Carlos Pe\u00f1a, quien es candidato a la presidencia de la Rep\u00fablica por el Partido Generaci\u00f2n de Servidores (GenS), respondi\u00f3 de manera contundente que no pactar\u00e1 con los partidos que han da\u00f1ado el pa\u00eds, refiri\u00e8ndose al PLD, Fuerza del Pueblo y el PRM.<\/p>\n\n\n\n<p>\u00abEl Partido Generaci\u00f2n de Servidores no va a hacer alianza ni con Leonel Fern\u00e1ndez, Luis Abinader ni con Danilo Medina, nuestra alianza es con Dios y con el pueblo dominicano\u00bb, afirm\u00f3 Pe\u00f1a.<\/p>\n\n\n\n<p>Con estas declaraciones el l\u00edder pol\u00edtico desmiente el rumor generado en un medio de comunicaci\u00f3n escrito esta semana. Llam\u00f3 \u00abprensa chatarra\u00bb a los medios que siguen el juego a corruptos, haci\u00e9ndose eco de informaciones falsas.<\/p>\n\n\n\n<p>Indic\u00f3 que la Generaci\u00f3n de Servidores ha desplazado a&nbsp; partidos tradicionales en algunas provincias y a nivel general va rumbo a colocarse como una de las tres principales fuerzas de la pol\u00edtica nacional.<\/p>\n\n\n\n<p><strong>Sobre su compromiso:&nbsp;<\/strong><\/p>\n\n\n\n<p>Carlos Pe\u00f1a indic\u00f3 que su compromiso es romper con un sistema corrupto que ataca al propio dominicano, dijo adem\u00e1s que devolver\u00e1 a los dominicanos motivos para quedarse en su pa\u00eds, de construir sus sue\u00f1os en la naci\u00f3n.<\/p>\n\n\n\n<p>Pe\u00f1a asever\u00f2 que no dejar\u00e1 el escenario pol\u00ectico a los malos, a los narco-pol\u00ecticos, a los partidos financiados por el narcotr\u00e1fico que hasta diputados y senadores tienen.<\/p>\n\n\n\n<p>Declar\u00f3 que construir\u00e1 un gobierno que responda a la grandes mayor\u00edas y no para las \u00e9lites como hace el gobierno actual. Un gobierno que no responda a delincuentes transnacionales, como responde \u00e9ste al se\u00f1or Gilbert Bigio, el haitiano due\u00f1o de la Texaco en el pa\u00eds, cuyo empleado es asesor financiero personal de Luis Abinader, acot\u00f3 el candidato.&nbsp;<\/p>\n\n\n\n<p>Hizo un llamado a los dominicanos a apostar a su propuesta de gobierno, que contempla sacar a los ilegales del pa\u00eds, que no pactar\u00e1 con organismos internacionales en ning\u00fan tema que afecte la soberan\u00eda nacional.&nbsp;<\/p>\n\n\n\n<p><strong>Sobre el PRM:<\/strong><\/p>\n\n\n\n<p>Manifest\u00f3 que el pueblo dominicano no tiene otra alternativa que salir del PRM en el 2024, agregando que ning\u00fan \u00e1rea por simple que sea de la vida nacional, quedar\u00e1 sin ser impactada de manera negativa por el actual gobierno.<\/p>\n\n\n\n<p>Estas declaraciones fueron ofrecidas en el programa de an\u00e1lisis pol\u00edtico y econ\u00f3mico El nuevo Diario TV que conducen Rafael Zapata, Glenn Davis, Enrique Mota y Julia Mu\u00f1iz, cada d\u00eda de 8:00 AM a 9:00 AM.<\/p>\n\n\n\n<p><\/p>\n\n\n\n<p><\/p>\n\n\n\n<p><\/p>\n","protected":false},"excerpt":{"rendered":"<p>El Partido Generaci\u00f2n de Servidores no va a hacer alianza ni con Leonel Fern\u00e0ndez, Luis Abinader ni con Danilo Medina, nuestra alianza es con Dios y con el pueblo dominicano Santo Domingo.- Durante una entrevista, Carlos Pe\u00f1a, quien es candidato a la presidencia de la Rep\u00fablica por el Partido Generaci\u00f2n de Servidores (GenS), respondi\u00f3 de [&hellip;]<\/p>\n","protected":false},"author":2,"featured_media":34865,"comment_status":"open","ping_status":"open","sticky":true,"template":"","format":"standard","meta":{"footnotes":""},"categories":[226],"tags":[3995],"class_list":{"0":"post-34858","1":"post","2":"type-post","3":"status-publish","4":"format-standard","5":"has-post-thumbnail","7":"category-politica","8":"tag-carlos-pena"},"yoast_head":"<!-- This site is optimized with the Yoast SEO plugin v24.9 - https:\/\/yoast.com\/wordpress\/plugins\/seo\/ -->\n<title>Carlos Pe\u00f1a afirma no pactar\u00e1 con quienes han hecho da\u00f1o al pa\u00eds - BLG Noticias<\/title>\n<meta name=\"robots\" content=\"index, follow, max-snippet:-1, max-image-preview:large, max-video-preview:-1\" \/>\n<link rel=\"canonical\" href=\"https:\/\/blgnoticiassantodomingo.net\/index.php\/2023\/06\/01\/carlos-pena-afirma-no-pactara-con-quienes-han-hecho-dano-al-pais\/\" \/>\n<meta property=\"og:locale\" content=\"es_ES\" \/>\n<meta property=\"og:type\" content=\"article\" \/>\n<meta property=\"og:title\" content=\"Carlos Pe\u00f1a afirma no pactar\u00e1 con quienes han hecho da\u00f1o al pa\u00eds - BLG Noticias\" \/>\n<meta property=\"og:description\" content=\"El Partido Generaci\u00f2n de Servidores no va a hacer alianza ni con Leonel Fern\u00e0ndez, Luis Abinader ni con Danilo Medina, nuestra alianza es con Dios y con el pueblo dominicano Santo Domingo.- Durante una entrevista, Carlos Pe\u00f1a, quien es candidato a la presidencia de la Rep\u00fablica por el Partido Generaci\u00f2n de Servidores (GenS), respondi\u00f3 de [&hellip;]\" \/>\n<meta property=\"og:url\" content=\"https:\/\/blgnoticiassantodomingo.net\/index.php\/2023\/06\/01\/carlos-pena-afirma-no-pactara-con-quienes-han-hecho-dano-al-pais\/\" \/>\n<meta property=\"og:site_name\" content=\"BLG Noticias\" \/>\n<meta property=\"article:publisher\" content=\"https:\/\/web.facebook.com\/BlgNoticias\/?locale=es_LA&amp;_rdc=1&amp;_rdr\" \/>\n<meta property=\"article:published_time\" content=\"2023-06-01T18:04:41+00:00\" \/>\n<meta property=\"article:modified_time\" content=\"2023-06-01T18:04:43+00:00\" \/>\n<meta property=\"og:image\" content=\"https:\/\/blgnoticiassantodomingo.net\/wp-content\/uploads\/2023\/06\/Carlos-Pena.jpeg\" \/>\n\t<meta property=\"og:image:width\" content=\"1600\" \/>\n\t<meta property=\"og:image:height\" content=\"1066\" \/>\n\t<meta property=\"og:image:type\" content=\"image\/jpeg\" \/>\n<meta name=\"author\" content=\"Brenda Guerrero\" \/>\n<meta name=\"twitter:card\" content=\"summary_large_image\" \/>\n<meta name=\"twitter:creator\" content=\"@BlgNoticias\" \/>\n<meta name=\"twitter:site\" content=\"@BlgNoticias\" \/>\n<meta name=\"twitter:label1\" content=\"Escrito por\" \/>\n\t<meta name=\"twitter:data1\" content=\"Brenda Guerrero\" \/>\n\t<meta name=\"twitter:label2\" content=\"Tiempo de lectura\" \/>\n\t<meta name=\"twitter:data2\" content=\"2 minutos\" \/>\n<script type=\"application\/ld+json\" class=\"yoast-schema-graph\">{\"@context\":\"https:\/\/schema.org\",\"@graph\":[{\"@type\":\"Article\",\"@id\":\"https:\/\/blgnoticiassantodomingo.net\/index.php\/2023\/06\/01\/carlos-pena-afirma-no-pactara-con-quienes-han-hecho-dano-al-pais\/#article\",\"isPartOf\":{\"@id\":\"https:\/\/blgnoticiassantodomingo.net\/index.php\/2023\/06\/01\/carlos-pena-afirma-no-pactara-con-quienes-han-hecho-dano-al-pais\/\"},\"author\":{\"name\":\"Brenda Guerrero\",\"@id\":\"https:\/\/blgnoticiassantodomingo.net\/#\/schema\/person\/e2fc21cf88acc63dbd134be981bff374\"},\"headline\":\"Carlos Pe\u00f1a afirma no pactar\u00e1 con quienes han hecho da\u00f1o al pa\u00eds\",\"datePublished\":\"2023-06-01T18:04:41+00:00\",\"dateModified\":\"2023-06-01T18:04:43+00:00\",\"mainEntityOfPage\":{\"@id\":\"https:\/\/blgnoticiassantodomingo.net\/index.php\/2023\/06\/01\/carlos-pena-afirma-no-pactara-con-quienes-han-hecho-dano-al-pais\/\"},\"wordCount\":469,\"commentCount\":0,\"publisher\":{\"@id\":\"https:\/\/blgnoticiassantodomingo.net\/#organization\"},\"image\":{\"@id\":\"https:\/\/blgnoticiassantodomingo.net\/index.php\/2023\/06\/01\/carlos-pena-afirma-no-pactara-con-quienes-han-hecho-dano-al-pais\/#primaryimage\"},\"thumbnailUrl\":\"https:\/\/blgnoticiassantodomingo.net\/wp-content\/uploads\/2023\/06\/Carlos-Pena.jpeg\",\"keywords\":[\"Carlos Pe\u00f1a\"],\"articleSection\":[\"Politica\"],\"inLanguage\":\"es\",\"potentialAction\":[{\"@type\":\"CommentAction\",\"name\":\"Comment\",\"target\":[\"https:\/\/blgnoticiassantodomingo.net\/index.php\/2023\/06\/01\/carlos-pena-afirma-no-pactara-con-quienes-han-hecho-dano-al-pais\/#respond\"]}]},{\"@type\":\"WebPage\",\"@id\":\"https:\/\/blgnoticiassantodomingo.net\/index.php\/2023\/06\/01\/carlos-pena-afirma-no-pactara-con-quienes-han-hecho-dano-al-pais\/\",\"url\":\"https:\/\/blgnoticiassantodomingo.net\/index.php\/2023\/06\/01\/carlos-pena-afirma-no-pactara-con-quienes-han-hecho-dano-al-pais\/\",\"name\":\"Carlos Pe\u00f1a afirma no pactar\u00e1 con quienes han hecho da\u00f1o al pa\u00eds - BLG Noticias\",\"isPartOf\":{\"@id\":\"https:\/\/blgnoticiassantodomingo.net\/#website\"},\"primaryImageOfPage\":{\"@id\":\"https:\/\/blgnoticiassantodomingo.net\/index.php\/2023\/06\/01\/carlos-pena-afirma-no-pactara-con-quienes-han-hecho-dano-al-pais\/#primaryimage\"},\"image\":{\"@id\":\"https:\/\/blgnoticiassantodomingo.net\/index.php\/2023\/06\/01\/carlos-pena-afirma-no-pactara-con-quienes-han-hecho-dano-al-pais\/#primaryimage\"},\"thumbnailUrl\":\"https:\/\/blgnoticiassantodomingo.net\/wp-content\/uploads\/2023\/06\/Carlos-Pena.jpeg\",\"datePublished\":\"2023-06-01T18:04:41+00:00\",\"dateModified\":\"2023-06-01T18:04:43+00:00\",\"breadcrumb\":{\"@id\":\"https:\/\/blgnoticiassantodomingo.net\/index.php\/2023\/06\/01\/carlos-pena-afirma-no-pactara-con-quienes-han-hecho-dano-al-pais\/#breadcrumb\"},\"inLanguage\":\"es\",\"potentialAction\":[{\"@type\":\"ReadAction\",\"target\":[\"https:\/\/blgnoticiassantodomingo.net\/index.php\/2023\/06\/01\/carlos-pena-afirma-no-pactara-con-quienes-han-hecho-dano-al-pais\/\"]}]},{\"@type\":\"ImageObject\",\"inLanguage\":\"es\",\"@id\":\"https:\/\/blgnoticiassantodomingo.net\/index.php\/2023\/06\/01\/carlos-pena-afirma-no-pactara-con-quienes-han-hecho-dano-al-pais\/#primaryimage\",\"url\":\"https:\/\/blgnoticiassantodomingo.net\/wp-content\/uploads\/2023\/06\/Carlos-Pena.jpeg\",\"contentUrl\":\"https:\/\/blgnoticiassantodomingo.net\/wp-content\/uploads\/2023\/06\/Carlos-Pena.jpeg\",\"width\":1600,\"height\":1066},{\"@type\":\"BreadcrumbList\",\"@id\":\"https:\/\/blgnoticiassantodomingo.net\/index.php\/2023\/06\/01\/carlos-pena-afirma-no-pactara-con-quienes-han-hecho-dano-al-pais\/#breadcrumb\",\"itemListElement\":[{\"@type\":\"ListItem\",\"position\":1,\"name\":\"Portada\",\"item\":\"https:\/\/blgnoticiassantodomingo.net\/\"},{\"@type\":\"ListItem\",\"position\":2,\"name\":\"Carlos Pe\u00f1a afirma no pactar\u00e1 con quienes han hecho da\u00f1o al pa\u00eds\"}]},{\"@type\":\"WebSite\",\"@id\":\"https:\/\/blgnoticiassantodomingo.net\/#website\",\"url\":\"https:\/\/blgnoticiassantodomingo.net\/\",\"name\":\"BLG Noticias\",\"description\":\"Esto es Noticias\",\"publisher\":{\"@id\":\"https:\/\/blgnoticiassantodomingo.net\/#organization\"},\"potentialAction\":[{\"@type\":\"SearchAction\",\"target\":{\"@type\":\"EntryPoint\",\"urlTemplate\":\"https:\/\/blgnoticiassantodomingo.net\/?s={search_term_string}\"},\"query-input\":{\"@type\":\"PropertyValueSpecification\",\"valueRequired\":true,\"valueName\":\"search_term_string\"}}],\"inLanguage\":\"es\"},{\"@type\":\"Organization\",\"@id\":\"https:\/\/blgnoticiassantodomingo.net\/#organization\",\"name\":\"BLG Noticias\",\"url\":\"https:\/\/blgnoticiassantodomingo.net\/\",\"logo\":{\"@type\":\"ImageObject\",\"inLanguage\":\"es\",\"@id\":\"https:\/\/blgnoticiassantodomingo.net\/#\/schema\/logo\/image\/\",\"url\":\"https:\/\/blgnoticiassantodomingo.net\/wp-content\/uploads\/2023\/12\/Diseno-sin-titulo-3.jpg\",\"contentUrl\":\"https:\/\/blgnoticiassantodomingo.net\/wp-content\/uploads\/2023\/12\/Diseno-sin-titulo-3.jpg\",\"width\":500,\"height\":500,\"caption\":\"BLG Noticias\"},\"image\":{\"@id\":\"https:\/\/blgnoticiassantodomingo.net\/#\/schema\/logo\/image\/\"},\"sameAs\":[\"https:\/\/web.facebook.com\/BlgNoticias\/?locale=es_LA&_rdc=1&_rdr\",\"https:\/\/x.com\/BlgNoticias\",\"https:\/\/www.linkedin.com\/in\/brenda-l-santana-aa846279\/\"]},{\"@type\":\"Person\",\"@id\":\"https:\/\/blgnoticiassantodomingo.net\/#\/schema\/person\/e2fc21cf88acc63dbd134be981bff374\",\"name\":\"Brenda Guerrero\",\"image\":{\"@type\":\"ImageObject\",\"inLanguage\":\"es\",\"@id\":\"https:\/\/blgnoticiassantodomingo.net\/#\/schema\/person\/image\/\",\"url\":\"https:\/\/secure.gravatar.com\/avatar\/2f7fc4c3e3655be1580cb684bfd8ab19be702ae20879da1e072021daa02f9b8b?s=96&d=wp_user_avatar&r=g\",\"contentUrl\":\"https:\/\/secure.gravatar.com\/avatar\/2f7fc4c3e3655be1580cb684bfd8ab19be702ae20879da1e072021daa02f9b8b?s=96&d=wp_user_avatar&r=g\",\"caption\":\"Brenda Guerrero\"},\"description\":\"Periodista\",\"url\":\"https:\/\/blgnoticiassantodomingo.net\/index.php\/author\/brenda-guerrero\/\"}]}<\/script>\n<!-- \/ Yoast SEO plugin. -->","yoast_head_json":{"title":"Carlos Pe\u00f1a afirma no pactar\u00e1 con quienes han hecho da\u00f1o al pa\u00eds - BLG Noticias","robots":{"index":"index","follow":"follow","max-snippet":"max-snippet:-1","max-image-preview":"max-image-preview:large","max-video-preview":"max-video-preview:-1"},"canonical":"https:\/\/blgnoticiassantodomingo.net\/index.php\/2023\/06\/01\/carlos-pena-afirma-no-pactara-con-quienes-han-hecho-dano-al-pais\/","og_locale":"es_ES","og_type":"article","og_title":"Carlos Pe\u00f1a afirma no pactar\u00e1 con quienes han hecho da\u00f1o al pa\u00eds - BLG Noticias","og_description":"El Partido Generaci\u00f2n de Servidores no va a hacer alianza ni con Leonel Fern\u00e0ndez, Luis Abinader ni con Danilo Medina, nuestra alianza es con Dios y con el pueblo dominicano Santo Domingo.- Durante una entrevista, Carlos Pe\u00f1a, quien es candidato a la presidencia de la Rep\u00fablica por el Partido Generaci\u00f2n de Servidores (GenS), respondi\u00f3 de [&hellip;]","og_url":"https:\/\/blgnoticiassantodomingo.net\/index.php\/2023\/06\/01\/carlos-pena-afirma-no-pactara-con-quienes-han-hecho-dano-al-pais\/","og_site_name":"BLG Noticias","article_publisher":"https:\/\/web.facebook.com\/BlgNoticias\/?locale=es_LA&_rdc=1&_rdr","article_published_time":"2023-06-01T18:04:41+00:00","article_modified_time":"2023-06-01T18:04:43+00:00","og_image":[{"width":1600,"height":1066,"url":"https:\/\/blgnoticiassantodomingo.net\/wp-content\/uploads\/2023\/06\/Carlos-Pena.jpeg","type":"image\/jpeg"}],"author":"Brenda Guerrero","twitter_card":"summary_large_image","twitter_creator":"@BlgNoticias","twitter_site":"@BlgNoticias","twitter_misc":{"Escrito por":"Brenda Guerrero","Tiempo de lectura":"2 minutos"},"schema":{"@context":"https:\/\/schema.org","@graph":[{"@type":"Article","@id":"https:\/\/blgnoticiassantodomingo.net\/index.php\/2023\/06\/01\/carlos-pena-afirma-no-pactara-con-quienes-han-hecho-dano-al-pais\/#article","isPartOf":{"@id":"https:\/\/blgnoticiassantodomingo.net\/index.php\/2023\/06\/01\/carlos-pena-afirma-no-pactara-con-quienes-han-hecho-dano-al-pais\/"},"author":{"name":"Brenda Guerrero","@id":"https:\/\/blgnoticiassantodomingo.net\/#\/schema\/person\/e2fc21cf88acc63dbd134be981bff374"},"headline":"Carlos Pe\u00f1a afirma no pactar\u00e1 con quienes han hecho da\u00f1o al pa\u00eds","datePublished":"2023-06-01T18:04:41+00:00","dateModified":"2023-06-01T18:04:43+00:00","mainEntityOfPage":{"@id":"https:\/\/blgnoticiassantodomingo.net\/index.php\/2023\/06\/01\/carlos-pena-afirma-no-pactara-con-quienes-han-hecho-dano-al-pais\/"},"wordCount":469,"commentCount":0,"publisher":{"@id":"https:\/\/blgnoticiassantodomingo.net\/#organization"},"image":{"@id":"https:\/\/blgnoticiassantodomingo.net\/index.php\/2023\/06\/01\/carlos-pena-afirma-no-pactara-con-quienes-han-hecho-dano-al-pais\/#primaryimage"},"thumbnailUrl":"https:\/\/blgnoticiassantodomingo.net\/wp-content\/uploads\/2023\/06\/Carlos-Pena.jpeg","keywords":["Carlos Pe\u00f1a"],"articleSection":["Politica"],"inLanguage":"es","potentialAction":[{"@type":"CommentAction","name":"Comment","target":["https:\/\/blgnoticiassantodomingo.net\/index.php\/2023\/06\/01\/carlos-pena-afirma-no-pactara-con-quienes-han-hecho-dano-al-pais\/#respond"]}]},{"@type":"WebPage","@id":"https:\/\/blgnoticiassantodomingo.net\/index.php\/2023\/06\/01\/carlos-pena-afirma-no-pactara-con-quienes-han-hecho-dano-al-pais\/","url":"https:\/\/blgnoticiassantodomingo.net\/index.php\/2023\/06\/01\/carlos-pena-afirma-no-pactara-con-quienes-han-hecho-dano-al-pais\/","name":"Carlos Pe\u00f1a afirma no pactar\u00e1 con quienes han hecho da\u00f1o al pa\u00eds - BLG Noticias","isPartOf":{"@id":"https:\/\/blgnoticiassantodomingo.net\/#website"},"primaryImageOfPage":{"@id":"https:\/\/blgnoticiassantodomingo.net\/index.php\/2023\/06\/01\/carlos-pena-afirma-no-pactara-con-quienes-han-hecho-dano-al-pais\/#primaryimage"},"image":{"@id":"https:\/\/blgnoticiassantodomingo.net\/index.php\/2023\/06\/01\/carlos-pena-afirma-no-pactara-con-quienes-han-hecho-dano-al-pais\/#primaryimage"},"thumbnailUrl":"https:\/\/blgnoticiassantodomingo.net\/wp-content\/uploads\/2023\/06\/Carlos-Pena.jpeg","datePublished":"2023-06-01T18:04:41+00:00","dateModified":"2023-06-01T18:04:43+00:00","breadcrumb":{"@id":"https:\/\/blgnoticiassantodomingo.net\/index.php\/2023\/06\/01\/carlos-pena-afirma-no-pactara-con-quienes-han-hecho-dano-al-pais\/#breadcrumb"},"inLanguage":"es","potentialAction":[{"@type":"ReadAction","target":["https:\/\/blgnoticiassantodomingo.net\/index.php\/2023\/06\/01\/carlos-pena-afirma-no-pactara-con-quienes-han-hecho-dano-al-pais\/"]}]},{"@type":"ImageObject","inLanguage":"es","@id":"https:\/\/blgnoticiassantodomingo.net\/index.php\/2023\/06\/01\/carlos-pena-afirma-no-pactara-con-quienes-han-hecho-dano-al-pais\/#primaryimage","url":"https:\/\/blgnoticiassantodomingo.net\/wp-content\/uploads\/2023\/06\/Carlos-Pena.jpeg","contentUrl":"https:\/\/blgnoticiassantodomingo.net\/wp-content\/uploads\/2023\/06\/Carlos-Pena.jpeg","width":1600,"height":1066},{"@type":"BreadcrumbList","@id":"https:\/\/blgnoticiassantodomingo.net\/index.php\/2023\/06\/01\/carlos-pena-afirma-no-pactara-con-quienes-han-hecho-dano-al-pais\/#breadcrumb","itemListElement":[{"@type":"ListItem","position":1,"name":"Portada","item":"https:\/\/blgnoticiassantodomingo.net\/"},{"@type":"ListItem","position":2,"name":"Carlos Pe\u00f1a afirma no pactar\u00e1 con quienes han hecho da\u00f1o al pa\u00eds"}]},{"@type":"WebSite","@id":"https:\/\/blgnoticiassantodomingo.net\/#website","url":"https:\/\/blgnoticiassantodomingo.net\/","name":"BLG Noticias","description":"Esto es Noticias","publisher":{"@id":"https:\/\/blgnoticiassantodomingo.net\/#organization"},"potentialAction":[{"@type":"SearchAction","target":{"@type":"EntryPoint","urlTemplate":"https:\/\/blgnoticiassantodomingo.net\/?s={search_term_string}"},"query-input":{"@type":"PropertyValueSpecification","valueRequired":true,"valueName":"search_term_string"}}],"inLanguage":"es"},{"@type":"Organization","@id":"https:\/\/blgnoticiassantodomingo.net\/#organization","name":"BLG Noticias","url":"https:\/\/blgnoticiassantodomingo.net\/","logo":{"@type":"ImageObject","inLanguage":"es","@id":"https:\/\/blgnoticiassantodomingo.net\/#\/schema\/logo\/image\/","url":"https:\/\/blgnoticiassantodomingo.net\/wp-content\/uploads\/2023\/12\/Diseno-sin-titulo-3.jpg","contentUrl":"https:\/\/blgnoticiassantodomingo.net\/wp-content\/uploads\/2023\/12\/Diseno-sin-titulo-3.jpg","width":500,"height":500,"caption":"BLG Noticias"},"image":{"@id":"https:\/\/blgnoticiassantodomingo.net\/#\/schema\/logo\/image\/"},"sameAs":["https:\/\/web.facebook.com\/BlgNoticias\/?locale=es_LA&_rdc=1&_rdr","https:\/\/x.com\/BlgNoticias","https:\/\/www.linkedin.com\/in\/brenda-l-santana-aa846279\/"]},{"@type":"Person","@id":"https:\/\/blgnoticiassantodomingo.net\/#\/schema\/person\/e2fc21cf88acc63dbd134be981bff374","name":"Brenda Guerrero","image":{"@type":"ImageObject","inLanguage":"es","@id":"https:\/\/blgnoticiassantodomingo.net\/#\/schema\/person\/image\/","url":"https:\/\/secure.gravatar.com\/avatar\/2f7fc4c3e3655be1580cb684bfd8ab19be702ae20879da1e072021daa02f9b8b?s=96&d=wp_user_avatar&r=g","contentUrl":"https:\/\/secure.gravatar.com\/avatar\/2f7fc4c3e3655be1580cb684bfd8ab19be702ae20879da1e072021daa02f9b8b?s=96&d=wp_user_avatar&r=g","caption":"Brenda Guerrero"},"description":"Periodista","url":"https:\/\/blgnoticiassantodomingo.net\/index.php\/author\/brenda-guerrero\/"}]}},"jetpack_featured_media_url":"https:\/\/blgnoticiassantodomingo.net\/wp-content\/uploads\/2023\/06\/Carlos-Pena.jpeg","_links":{"self":[{"href":"https:\/\/blgnoticiassantodomingo.net\/index.php\/wp-json\/wp\/v2\/posts\/34858","targetHints":{"allow":["GET"]}}],"collection":[{"href":"https:\/\/blgnoticiassantodomingo.net\/index.php\/wp-json\/wp\/v2\/posts"}],"about":[{"href":"https:\/\/blgnoticiassantodomingo.net\/index.php\/wp-json\/wp\/v2\/types\/post"}],"author":[{"embeddable":true,"href":"https:\/\/blgnoticiassantodomingo.net\/index.php\/wp-json\/wp\/v2\/users\/2"}],"replies":[{"embeddable":true,"href":"https:\/\/blgnoticiassantodomingo.net\/index.php\/wp-json\/wp\/v2\/comments?post=34858"}],"version-history":[{"count":1,"href":"https:\/\/blgnoticiassantodomingo.net\/index.php\/wp-json\/wp\/v2\/posts\/34858\/revisions"}],"predecessor-version":[{"id":34866,"href":"https:\/\/blgnoticiassantodomingo.net\/index.php\/wp-json\/wp\/v2\/posts\/34858\/revisions\/34866"}],"wp:featuredmedia":[{"embeddable":true,"href":"https:\/\/blgnoticiassantodomingo.net\/index.php\/wp-json\/wp\/v2\/media\/34865"}],"wp:attachment":[{"href":"https:\/\/blgnoticiassantodomingo.net\/index.php\/wp-json\/wp\/v2\/media?parent=34858"}],"wp:term":[{"taxonomy":"category","embeddable":true,"href":"https:\/\/blgnoticiassantodomingo.net\/index.php\/wp-json\/wp\/v2\/categories?post=34858"},{"taxonomy":"post_tag","embeddable":true,"href":"https:\/\/blgnoticiassantodomingo.net\/index.php\/wp-json\/wp\/v2\/tags?post=34858"}],"curies":[{"name":"wp","href":"https:\/\/api.w.org\/{rel}","templated":true}]}}