{"id":34432,"date":"2023-03-06T12:29:02","date_gmt":"2023-03-06T16:29:02","guid":{"rendered":"https:\/\/blgnoticiassantodomingo.net\/?p=34432"},"modified":"2023-03-06T12:29:05","modified_gmt":"2023-03-06T16:29:05","slug":"la-asamblea-del-estado-de-nueva-york-reconoce-al-presidente-del-senado-de-la-republica","status":"publish","type":"post","link":"https:\/\/blgnoticiassantodomingo.net\/index.php\/2023\/03\/06\/la-asamblea-del-estado-de-nueva-york-reconoce-al-presidente-del-senado-de-la-republica\/","title":{"rendered":"La Asamblea del Estado de Nueva York reconoce al presidente del Senado de la Rep\u00fablica"},"content":{"rendered":"\n<p>Una comisi\u00f3n de asamble\u00edstas neoyorquinos destac\u00f3 las contribuciones de Eduardo Estrella en favor de la di\u00e1spora y el pa\u00eds.<\/p>\n\n\n\n<p>Santo Domingo R.D. 3 de marzo de 2023.- La Asamblea del Estado de Nueva York reconoci\u00f3 al presidente del Senado de la Rep\u00fablica, Eduardo Estrella, por sus importantes contribuciones a los dominicanos residentes en la Gran Manzana y a los ciudadanos de la Rep\u00fablica Dominicana.<\/p>\n\n\n\n<p>Eduardo Estrella recibi\u00f3 el reconocimiento durante un encuentro en el Sal\u00f3n del Hemiciclo con m\u00e1s de 50 dominicanos electos en diferentes funciones p\u00fablicas en los Estados Unidos.<\/p>\n\n\n\n<p>\u201cSe reconoce que la calidad y el car\u00e1cter de la vida en las comunidades de todo el Estado de Nueva York reflejan los esfuerzos de preocupaci\u00f3n de aquellas personas que se dedican al bienestar de sus ciudadanos; y en busca de tal preocupaci\u00f3n, y en pleno acuerdo con sus tradiciones de larga data, estamos justamente orgullosos de felicitar a Eduardo Estrella, presidente del Senado de la Rep\u00fablica Dominicana\u00bb, cita el pergamino de la proclama a Eduardo Estrella.<\/p>\n\n\n\n<p>La asamble\u00edsta del Estado de Nueva York por el Distrito 86, Yudelka Tapia, resalt\u00f3 la trayectoria como servidor p\u00fablico del presidente de la C\u00e1mara Alta, a favor de los mejores intereses de la naci\u00f3n.<\/p>\n\n\n\n<p>\u201cEsta proclamaci\u00f3n quedar\u00e1 por siempre en los libros de los Estados Unidos y quedar\u00e1 grabada en la historia del Estado de Nueva York, reconociendo al presidente del Senado, Eduardo Estrella, a quien reconocemos no solo el trabajo que est\u00e1 realizando aqu\u00ed, sino todo el trabajo que ha realizado a trav\u00e9s de su vida por este pa\u00eds. Para m\u00ed es un honor felicitar y honrar el trabajo que \u00e9l realiza\u201d, destac\u00f3 Yudelka Tapia.<\/p>\n\n\n\n<p>El presidente del Senado, Eduardo Estrella, valor\u00f3 la iniciativa de la Asamblea del Estado de Nueva York, al honrarlo con la importante distinci\u00f3n. \u201cGracias por valorar el esfuerzo, pero no nos detendremos aqu\u00ed, ya que el trabajo que realizamos es para seguir haciendo de la Rep\u00fablica Dominicana un gran pa\u00eds, con los dominicanos de aqu\u00ed y con los dominicanos de all\u00e1\u201d, dijo Estrella.<\/p>\n\n\n\n<figure class=\"wp-block-image size-large\"><img decoding=\"async\" width=\"1024\" height=\"682\" src=\"http:\/\/blgnoticiassantodomingo.net\/wp-content\/uploads\/2023\/03\/WhatsApp-Image-2023-03-06-at-12.25.52-PM-1-1024x682.jpeg\" alt=\"Eduardo Estrella\" class=\"wp-image-34434\" srcset=\"https:\/\/blgnoticiassantodomingo.net\/wp-content\/uploads\/2023\/03\/WhatsApp-Image-2023-03-06-at-12.25.52-PM-1-1024x682.jpeg 1024w, https:\/\/blgnoticiassantodomingo.net\/wp-content\/uploads\/2023\/03\/WhatsApp-Image-2023-03-06-at-12.25.52-PM-1-300x200.jpeg 300w, https:\/\/blgnoticiassantodomingo.net\/wp-content\/uploads\/2023\/03\/WhatsApp-Image-2023-03-06-at-12.25.52-PM-1-768x512.jpeg 768w, https:\/\/blgnoticiassantodomingo.net\/wp-content\/uploads\/2023\/03\/WhatsApp-Image-2023-03-06-at-12.25.52-PM-1-1536x1023.jpeg 1536w, https:\/\/blgnoticiassantodomingo.net\/wp-content\/uploads\/2023\/03\/WhatsApp-Image-2023-03-06-at-12.25.52-PM-1.jpeg 1600w\" sizes=\"(max-width: 1024px) 100vw, 1024px\" \/><figcaption class=\"wp-element-caption\">Eduardo Estrella<\/figcaption><\/figure>\n","protected":false},"excerpt":{"rendered":"<p>Una comisi\u00f3n de asamble\u00edstas neoyorquinos destac\u00f3 las contribuciones de Eduardo Estrella en favor de la di\u00e1spora y el pa\u00eds. Santo Domingo R.D. 3 de marzo de 2023.- La Asamblea del Estado de Nueva York reconoci\u00f3 al presidente del Senado de la Rep\u00fablica, Eduardo Estrella, por sus importantes contribuciones a los dominicanos residentes en la Gran [&hellip;]<\/p>\n","protected":false},"author":2,"featured_media":34433,"comment_status":"open","ping_status":"open","sticky":false,"template":"","format":"standard","meta":{"footnotes":""},"categories":[220],"tags":[2020,1431,294],"class_list":{"0":"post-34432","1":"post","2":"type-post","3":"status-publish","4":"format-standard","5":"has-post-thumbnail","7":"category-nacionales","8":"tag-eduardo-estrella","9":"tag-reconocimiento","10":"tag-senado-de-la-republica"},"yoast_head":"<!-- This site is optimized with the Yoast SEO plugin v24.9 - https:\/\/yoast.com\/wordpress\/plugins\/seo\/ -->\n<title>La Asamblea del Estado de Nueva York reconoce al presidente del Senado de la Rep\u00fablica - BLG Noticias<\/title>\n<meta name=\"robots\" content=\"index, follow, max-snippet:-1, max-image-preview:large, max-video-preview:-1\" \/>\n<link rel=\"canonical\" href=\"https:\/\/blgnoticiassantodomingo.net\/index.php\/2023\/03\/06\/la-asamblea-del-estado-de-nueva-york-reconoce-al-presidente-del-senado-de-la-republica\/\" \/>\n<meta property=\"og:locale\" content=\"es_ES\" \/>\n<meta property=\"og:type\" content=\"article\" \/>\n<meta property=\"og:title\" content=\"La Asamblea del Estado de Nueva York reconoce al presidente del Senado de la Rep\u00fablica - BLG Noticias\" \/>\n<meta property=\"og:description\" content=\"Una comisi\u00f3n de asamble\u00edstas neoyorquinos destac\u00f3 las contribuciones de Eduardo Estrella en favor de la di\u00e1spora y el pa\u00eds. Santo Domingo R.D. 3 de marzo de 2023.- La Asamblea del Estado de Nueva York reconoci\u00f3 al presidente del Senado de la Rep\u00fablica, Eduardo Estrella, por sus importantes contribuciones a los dominicanos residentes en la Gran [&hellip;]\" \/>\n<meta property=\"og:url\" content=\"https:\/\/blgnoticiassantodomingo.net\/index.php\/2023\/03\/06\/la-asamblea-del-estado-de-nueva-york-reconoce-al-presidente-del-senado-de-la-republica\/\" \/>\n<meta property=\"og:site_name\" content=\"BLG Noticias\" \/>\n<meta property=\"article:publisher\" content=\"https:\/\/web.facebook.com\/BlgNoticias\/?locale=es_LA&amp;_rdc=1&amp;_rdr\" \/>\n<meta property=\"article:published_time\" content=\"2023-03-06T16:29:02+00:00\" \/>\n<meta property=\"article:modified_time\" content=\"2023-03-06T16:29:05+00:00\" \/>\n<meta property=\"og:image\" content=\"https:\/\/blgnoticiassantodomingo.net\/wp-content\/uploads\/2023\/03\/WhatsApp-Image-2023-03-06-at-12.25.52-PM.jpeg\" \/>\n\t<meta property=\"og:image:width\" content=\"1600\" \/>\n\t<meta property=\"og:image:height\" content=\"1066\" \/>\n\t<meta property=\"og:image:type\" content=\"image\/jpeg\" \/>\n<meta name=\"author\" content=\"Brenda Guerrero\" \/>\n<meta name=\"twitter:card\" content=\"summary_large_image\" \/>\n<meta name=\"twitter:creator\" content=\"@BlgNoticias\" \/>\n<meta name=\"twitter:site\" content=\"@BlgNoticias\" \/>\n<meta name=\"twitter:label1\" content=\"Escrito por\" \/>\n\t<meta name=\"twitter:data1\" content=\"Brenda Guerrero\" \/>\n\t<meta name=\"twitter:label2\" content=\"Tiempo de lectura\" \/>\n\t<meta name=\"twitter:data2\" content=\"2 minutos\" \/>\n<script type=\"application\/ld+json\" class=\"yoast-schema-graph\">{\"@context\":\"https:\/\/schema.org\",\"@graph\":[{\"@type\":\"Article\",\"@id\":\"https:\/\/blgnoticiassantodomingo.net\/index.php\/2023\/03\/06\/la-asamblea-del-estado-de-nueva-york-reconoce-al-presidente-del-senado-de-la-republica\/#article\",\"isPartOf\":{\"@id\":\"https:\/\/blgnoticiassantodomingo.net\/index.php\/2023\/03\/06\/la-asamblea-del-estado-de-nueva-york-reconoce-al-presidente-del-senado-de-la-republica\/\"},\"author\":{\"name\":\"Brenda Guerrero\",\"@id\":\"https:\/\/blgnoticiassantodomingo.net\/#\/schema\/person\/e2fc21cf88acc63dbd134be981bff374\"},\"headline\":\"La Asamblea del Estado de Nueva York reconoce al presidente del Senado de la Rep\u00fablica\",\"datePublished\":\"2023-03-06T16:29:02+00:00\",\"dateModified\":\"2023-03-06T16:29:05+00:00\",\"mainEntityOfPage\":{\"@id\":\"https:\/\/blgnoticiassantodomingo.net\/index.php\/2023\/03\/06\/la-asamblea-del-estado-de-nueva-york-reconoce-al-presidente-del-senado-de-la-republica\/\"},\"wordCount\":376,\"commentCount\":0,\"publisher\":{\"@id\":\"https:\/\/blgnoticiassantodomingo.net\/#organization\"},\"image\":{\"@id\":\"https:\/\/blgnoticiassantodomingo.net\/index.php\/2023\/03\/06\/la-asamblea-del-estado-de-nueva-york-reconoce-al-presidente-del-senado-de-la-republica\/#primaryimage\"},\"thumbnailUrl\":\"https:\/\/blgnoticiassantodomingo.net\/wp-content\/uploads\/2023\/03\/WhatsApp-Image-2023-03-06-at-12.25.52-PM.jpeg\",\"keywords\":[\"Eduardo Estrella\",\"Reconocimiento\",\"Senado de la Republica\"],\"articleSection\":[\"Nacionales\"],\"inLanguage\":\"es\",\"potentialAction\":[{\"@type\":\"CommentAction\",\"name\":\"Comment\",\"target\":[\"https:\/\/blgnoticiassantodomingo.net\/index.php\/2023\/03\/06\/la-asamblea-del-estado-de-nueva-york-reconoce-al-presidente-del-senado-de-la-republica\/#respond\"]}]},{\"@type\":\"WebPage\",\"@id\":\"https:\/\/blgnoticiassantodomingo.net\/index.php\/2023\/03\/06\/la-asamblea-del-estado-de-nueva-york-reconoce-al-presidente-del-senado-de-la-republica\/\",\"url\":\"https:\/\/blgnoticiassantodomingo.net\/index.php\/2023\/03\/06\/la-asamblea-del-estado-de-nueva-york-reconoce-al-presidente-del-senado-de-la-republica\/\",\"name\":\"La Asamblea del Estado de Nueva York reconoce al presidente del Senado de la Rep\u00fablica - BLG Noticias\",\"isPartOf\":{\"@id\":\"https:\/\/blgnoticiassantodomingo.net\/#website\"},\"primaryImageOfPage\":{\"@id\":\"https:\/\/blgnoticiassantodomingo.net\/index.php\/2023\/03\/06\/la-asamblea-del-estado-de-nueva-york-reconoce-al-presidente-del-senado-de-la-republica\/#primaryimage\"},\"image\":{\"@id\":\"https:\/\/blgnoticiassantodomingo.net\/index.php\/2023\/03\/06\/la-asamblea-del-estado-de-nueva-york-reconoce-al-presidente-del-senado-de-la-republica\/#primaryimage\"},\"thumbnailUrl\":\"https:\/\/blgnoticiassantodomingo.net\/wp-content\/uploads\/2023\/03\/WhatsApp-Image-2023-03-06-at-12.25.52-PM.jpeg\",\"datePublished\":\"2023-03-06T16:29:02+00:00\",\"dateModified\":\"2023-03-06T16:29:05+00:00\",\"breadcrumb\":{\"@id\":\"https:\/\/blgnoticiassantodomingo.net\/index.php\/2023\/03\/06\/la-asamblea-del-estado-de-nueva-york-reconoce-al-presidente-del-senado-de-la-republica\/#breadcrumb\"},\"inLanguage\":\"es\",\"potentialAction\":[{\"@type\":\"ReadAction\",\"target\":[\"https:\/\/blgnoticiassantodomingo.net\/index.php\/2023\/03\/06\/la-asamblea-del-estado-de-nueva-york-reconoce-al-presidente-del-senado-de-la-republica\/\"]}]},{\"@type\":\"ImageObject\",\"inLanguage\":\"es\",\"@id\":\"https:\/\/blgnoticiassantodomingo.net\/index.php\/2023\/03\/06\/la-asamblea-del-estado-de-nueva-york-reconoce-al-presidente-del-senado-de-la-republica\/#primaryimage\",\"url\":\"https:\/\/blgnoticiassantodomingo.net\/wp-content\/uploads\/2023\/03\/WhatsApp-Image-2023-03-06-at-12.25.52-PM.jpeg\",\"contentUrl\":\"https:\/\/blgnoticiassantodomingo.net\/wp-content\/uploads\/2023\/03\/WhatsApp-Image-2023-03-06-at-12.25.52-PM.jpeg\",\"width\":1600,\"height\":1066},{\"@type\":\"BreadcrumbList\",\"@id\":\"https:\/\/blgnoticiassantodomingo.net\/index.php\/2023\/03\/06\/la-asamblea-del-estado-de-nueva-york-reconoce-al-presidente-del-senado-de-la-republica\/#breadcrumb\",\"itemListElement\":[{\"@type\":\"ListItem\",\"position\":1,\"name\":\"Portada\",\"item\":\"https:\/\/blgnoticiassantodomingo.net\/\"},{\"@type\":\"ListItem\",\"position\":2,\"name\":\"La Asamblea del Estado de Nueva York reconoce al presidente del Senado de la Rep\u00fablica\"}]},{\"@type\":\"WebSite\",\"@id\":\"https:\/\/blgnoticiassantodomingo.net\/#website\",\"url\":\"https:\/\/blgnoticiassantodomingo.net\/\",\"name\":\"BLG Noticias\",\"description\":\"Esto es Noticias\",\"publisher\":{\"@id\":\"https:\/\/blgnoticiassantodomingo.net\/#organization\"},\"potentialAction\":[{\"@type\":\"SearchAction\",\"target\":{\"@type\":\"EntryPoint\",\"urlTemplate\":\"https:\/\/blgnoticiassantodomingo.net\/?s={search_term_string}\"},\"query-input\":{\"@type\":\"PropertyValueSpecification\",\"valueRequired\":true,\"valueName\":\"search_term_string\"}}],\"inLanguage\":\"es\"},{\"@type\":\"Organization\",\"@id\":\"https:\/\/blgnoticiassantodomingo.net\/#organization\",\"name\":\"BLG Noticias\",\"url\":\"https:\/\/blgnoticiassantodomingo.net\/\",\"logo\":{\"@type\":\"ImageObject\",\"inLanguage\":\"es\",\"@id\":\"https:\/\/blgnoticiassantodomingo.net\/#\/schema\/logo\/image\/\",\"url\":\"https:\/\/blgnoticiassantodomingo.net\/wp-content\/uploads\/2023\/12\/Diseno-sin-titulo-3.jpg\",\"contentUrl\":\"https:\/\/blgnoticiassantodomingo.net\/wp-content\/uploads\/2023\/12\/Diseno-sin-titulo-3.jpg\",\"width\":500,\"height\":500,\"caption\":\"BLG Noticias\"},\"image\":{\"@id\":\"https:\/\/blgnoticiassantodomingo.net\/#\/schema\/logo\/image\/\"},\"sameAs\":[\"https:\/\/web.facebook.com\/BlgNoticias\/?locale=es_LA&_rdc=1&_rdr\",\"https:\/\/x.com\/BlgNoticias\",\"https:\/\/www.linkedin.com\/in\/brenda-l-santana-aa846279\/\"]},{\"@type\":\"Person\",\"@id\":\"https:\/\/blgnoticiassantodomingo.net\/#\/schema\/person\/e2fc21cf88acc63dbd134be981bff374\",\"name\":\"Brenda Guerrero\",\"image\":{\"@type\":\"ImageObject\",\"inLanguage\":\"es\",\"@id\":\"https:\/\/blgnoticiassantodomingo.net\/#\/schema\/person\/image\/\",\"url\":\"https:\/\/secure.gravatar.com\/avatar\/2f7fc4c3e3655be1580cb684bfd8ab19be702ae20879da1e072021daa02f9b8b?s=96&d=wp_user_avatar&r=g\",\"contentUrl\":\"https:\/\/secure.gravatar.com\/avatar\/2f7fc4c3e3655be1580cb684bfd8ab19be702ae20879da1e072021daa02f9b8b?s=96&d=wp_user_avatar&r=g\",\"caption\":\"Brenda Guerrero\"},\"description\":\"Periodista\",\"url\":\"https:\/\/blgnoticiassantodomingo.net\/index.php\/author\/brenda-guerrero\/\"}]}<\/script>\n<!-- \/ Yoast SEO plugin. -->","yoast_head_json":{"title":"La Asamblea del Estado de Nueva York reconoce al presidente del Senado de la Rep\u00fablica - BLG Noticias","robots":{"index":"index","follow":"follow","max-snippet":"max-snippet:-1","max-image-preview":"max-image-preview:large","max-video-preview":"max-video-preview:-1"},"canonical":"https:\/\/blgnoticiassantodomingo.net\/index.php\/2023\/03\/06\/la-asamblea-del-estado-de-nueva-york-reconoce-al-presidente-del-senado-de-la-republica\/","og_locale":"es_ES","og_type":"article","og_title":"La Asamblea del Estado de Nueva York reconoce al presidente del Senado de la Rep\u00fablica - BLG Noticias","og_description":"Una comisi\u00f3n de asamble\u00edstas neoyorquinos destac\u00f3 las contribuciones de Eduardo Estrella en favor de la di\u00e1spora y el pa\u00eds. Santo Domingo R.D. 3 de marzo de 2023.- La Asamblea del Estado de Nueva York reconoci\u00f3 al presidente del Senado de la Rep\u00fablica, Eduardo Estrella, por sus importantes contribuciones a los dominicanos residentes en la Gran [&hellip;]","og_url":"https:\/\/blgnoticiassantodomingo.net\/index.php\/2023\/03\/06\/la-asamblea-del-estado-de-nueva-york-reconoce-al-presidente-del-senado-de-la-republica\/","og_site_name":"BLG Noticias","article_publisher":"https:\/\/web.facebook.com\/BlgNoticias\/?locale=es_LA&_rdc=1&_rdr","article_published_time":"2023-03-06T16:29:02+00:00","article_modified_time":"2023-03-06T16:29:05+00:00","og_image":[{"width":1600,"height":1066,"url":"https:\/\/blgnoticiassantodomingo.net\/wp-content\/uploads\/2023\/03\/WhatsApp-Image-2023-03-06-at-12.25.52-PM.jpeg","type":"image\/jpeg"}],"author":"Brenda Guerrero","twitter_card":"summary_large_image","twitter_creator":"@BlgNoticias","twitter_site":"@BlgNoticias","twitter_misc":{"Escrito por":"Brenda Guerrero","Tiempo de lectura":"2 minutos"},"schema":{"@context":"https:\/\/schema.org","@graph":[{"@type":"Article","@id":"https:\/\/blgnoticiassantodomingo.net\/index.php\/2023\/03\/06\/la-asamblea-del-estado-de-nueva-york-reconoce-al-presidente-del-senado-de-la-republica\/#article","isPartOf":{"@id":"https:\/\/blgnoticiassantodomingo.net\/index.php\/2023\/03\/06\/la-asamblea-del-estado-de-nueva-york-reconoce-al-presidente-del-senado-de-la-republica\/"},"author":{"name":"Brenda Guerrero","@id":"https:\/\/blgnoticiassantodomingo.net\/#\/schema\/person\/e2fc21cf88acc63dbd134be981bff374"},"headline":"La Asamblea del Estado de Nueva York reconoce al presidente del Senado de la Rep\u00fablica","datePublished":"2023-03-06T16:29:02+00:00","dateModified":"2023-03-06T16:29:05+00:00","mainEntityOfPage":{"@id":"https:\/\/blgnoticiassantodomingo.net\/index.php\/2023\/03\/06\/la-asamblea-del-estado-de-nueva-york-reconoce-al-presidente-del-senado-de-la-republica\/"},"wordCount":376,"commentCount":0,"publisher":{"@id":"https:\/\/blgnoticiassantodomingo.net\/#organization"},"image":{"@id":"https:\/\/blgnoticiassantodomingo.net\/index.php\/2023\/03\/06\/la-asamblea-del-estado-de-nueva-york-reconoce-al-presidente-del-senado-de-la-republica\/#primaryimage"},"thumbnailUrl":"https:\/\/blgnoticiassantodomingo.net\/wp-content\/uploads\/2023\/03\/WhatsApp-Image-2023-03-06-at-12.25.52-PM.jpeg","keywords":["Eduardo Estrella","Reconocimiento","Senado de la Republica"],"articleSection":["Nacionales"],"inLanguage":"es","potentialAction":[{"@type":"CommentAction","name":"Comment","target":["https:\/\/blgnoticiassantodomingo.net\/index.php\/2023\/03\/06\/la-asamblea-del-estado-de-nueva-york-reconoce-al-presidente-del-senado-de-la-republica\/#respond"]}]},{"@type":"WebPage","@id":"https:\/\/blgnoticiassantodomingo.net\/index.php\/2023\/03\/06\/la-asamblea-del-estado-de-nueva-york-reconoce-al-presidente-del-senado-de-la-republica\/","url":"https:\/\/blgnoticiassantodomingo.net\/index.php\/2023\/03\/06\/la-asamblea-del-estado-de-nueva-york-reconoce-al-presidente-del-senado-de-la-republica\/","name":"La Asamblea del Estado de Nueva York reconoce al presidente del Senado de la Rep\u00fablica - BLG Noticias","isPartOf":{"@id":"https:\/\/blgnoticiassantodomingo.net\/#website"},"primaryImageOfPage":{"@id":"https:\/\/blgnoticiassantodomingo.net\/index.php\/2023\/03\/06\/la-asamblea-del-estado-de-nueva-york-reconoce-al-presidente-del-senado-de-la-republica\/#primaryimage"},"image":{"@id":"https:\/\/blgnoticiassantodomingo.net\/index.php\/2023\/03\/06\/la-asamblea-del-estado-de-nueva-york-reconoce-al-presidente-del-senado-de-la-republica\/#primaryimage"},"thumbnailUrl":"https:\/\/blgnoticiassantodomingo.net\/wp-content\/uploads\/2023\/03\/WhatsApp-Image-2023-03-06-at-12.25.52-PM.jpeg","datePublished":"2023-03-06T16:29:02+00:00","dateModified":"2023-03-06T16:29:05+00:00","breadcrumb":{"@id":"https:\/\/blgnoticiassantodomingo.net\/index.php\/2023\/03\/06\/la-asamblea-del-estado-de-nueva-york-reconoce-al-presidente-del-senado-de-la-republica\/#breadcrumb"},"inLanguage":"es","potentialAction":[{"@type":"ReadAction","target":["https:\/\/blgnoticiassantodomingo.net\/index.php\/2023\/03\/06\/la-asamblea-del-estado-de-nueva-york-reconoce-al-presidente-del-senado-de-la-republica\/"]}]},{"@type":"ImageObject","inLanguage":"es","@id":"https:\/\/blgnoticiassantodomingo.net\/index.php\/2023\/03\/06\/la-asamblea-del-estado-de-nueva-york-reconoce-al-presidente-del-senado-de-la-republica\/#primaryimage","url":"https:\/\/blgnoticiassantodomingo.net\/wp-content\/uploads\/2023\/03\/WhatsApp-Image-2023-03-06-at-12.25.52-PM.jpeg","contentUrl":"https:\/\/blgnoticiassantodomingo.net\/wp-content\/uploads\/2023\/03\/WhatsApp-Image-2023-03-06-at-12.25.52-PM.jpeg","width":1600,"height":1066},{"@type":"BreadcrumbList","@id":"https:\/\/blgnoticiassantodomingo.net\/index.php\/2023\/03\/06\/la-asamblea-del-estado-de-nueva-york-reconoce-al-presidente-del-senado-de-la-republica\/#breadcrumb","itemListElement":[{"@type":"ListItem","position":1,"name":"Portada","item":"https:\/\/blgnoticiassantodomingo.net\/"},{"@type":"ListItem","position":2,"name":"La Asamblea del Estado de Nueva York reconoce al presidente del Senado de la Rep\u00fablica"}]},{"@type":"WebSite","@id":"https:\/\/blgnoticiassantodomingo.net\/#website","url":"https:\/\/blgnoticiassantodomingo.net\/","name":"BLG Noticias","description":"Esto es Noticias","publisher":{"@id":"https:\/\/blgnoticiassantodomingo.net\/#organization"},"potentialAction":[{"@type":"SearchAction","target":{"@type":"EntryPoint","urlTemplate":"https:\/\/blgnoticiassantodomingo.net\/?s={search_term_string}"},"query-input":{"@type":"PropertyValueSpecification","valueRequired":true,"valueName":"search_term_string"}}],"inLanguage":"es"},{"@type":"Organization","@id":"https:\/\/blgnoticiassantodomingo.net\/#organization","name":"BLG Noticias","url":"https:\/\/blgnoticiassantodomingo.net\/","logo":{"@type":"ImageObject","inLanguage":"es","@id":"https:\/\/blgnoticiassantodomingo.net\/#\/schema\/logo\/image\/","url":"https:\/\/blgnoticiassantodomingo.net\/wp-content\/uploads\/2023\/12\/Diseno-sin-titulo-3.jpg","contentUrl":"https:\/\/blgnoticiassantodomingo.net\/wp-content\/uploads\/2023\/12\/Diseno-sin-titulo-3.jpg","width":500,"height":500,"caption":"BLG Noticias"},"image":{"@id":"https:\/\/blgnoticiassantodomingo.net\/#\/schema\/logo\/image\/"},"sameAs":["https:\/\/web.facebook.com\/BlgNoticias\/?locale=es_LA&_rdc=1&_rdr","https:\/\/x.com\/BlgNoticias","https:\/\/www.linkedin.com\/in\/brenda-l-santana-aa846279\/"]},{"@type":"Person","@id":"https:\/\/blgnoticiassantodomingo.net\/#\/schema\/person\/e2fc21cf88acc63dbd134be981bff374","name":"Brenda Guerrero","image":{"@type":"ImageObject","inLanguage":"es","@id":"https:\/\/blgnoticiassantodomingo.net\/#\/schema\/person\/image\/","url":"https:\/\/secure.gravatar.com\/avatar\/2f7fc4c3e3655be1580cb684bfd8ab19be702ae20879da1e072021daa02f9b8b?s=96&d=wp_user_avatar&r=g","contentUrl":"https:\/\/secure.gravatar.com\/avatar\/2f7fc4c3e3655be1580cb684bfd8ab19be702ae20879da1e072021daa02f9b8b?s=96&d=wp_user_avatar&r=g","caption":"Brenda Guerrero"},"description":"Periodista","url":"https:\/\/blgnoticiassantodomingo.net\/index.php\/author\/brenda-guerrero\/"}]}},"jetpack_featured_media_url":"https:\/\/blgnoticiassantodomingo.net\/wp-content\/uploads\/2023\/03\/WhatsApp-Image-2023-03-06-at-12.25.52-PM.jpeg","_links":{"self":[{"href":"https:\/\/blgnoticiassantodomingo.net\/index.php\/wp-json\/wp\/v2\/posts\/34432","targetHints":{"allow":["GET"]}}],"collection":[{"href":"https:\/\/blgnoticiassantodomingo.net\/index.php\/wp-json\/wp\/v2\/posts"}],"about":[{"href":"https:\/\/blgnoticiassantodomingo.net\/index.php\/wp-json\/wp\/v2\/types\/post"}],"author":[{"embeddable":true,"href":"https:\/\/blgnoticiassantodomingo.net\/index.php\/wp-json\/wp\/v2\/users\/2"}],"replies":[{"embeddable":true,"href":"https:\/\/blgnoticiassantodomingo.net\/index.php\/wp-json\/wp\/v2\/comments?post=34432"}],"version-history":[{"count":1,"href":"https:\/\/blgnoticiassantodomingo.net\/index.php\/wp-json\/wp\/v2\/posts\/34432\/revisions"}],"predecessor-version":[{"id":34435,"href":"https:\/\/blgnoticiassantodomingo.net\/index.php\/wp-json\/wp\/v2\/posts\/34432\/revisions\/34435"}],"wp:featuredmedia":[{"embeddable":true,"href":"https:\/\/blgnoticiassantodomingo.net\/index.php\/wp-json\/wp\/v2\/media\/34433"}],"wp:attachment":[{"href":"https:\/\/blgnoticiassantodomingo.net\/index.php\/wp-json\/wp\/v2\/media?parent=34432"}],"wp:term":[{"taxonomy":"category","embeddable":true,"href":"https:\/\/blgnoticiassantodomingo.net\/index.php\/wp-json\/wp\/v2\/categories?post=34432"},{"taxonomy":"post_tag","embeddable":true,"href":"https:\/\/blgnoticiassantodomingo.net\/index.php\/wp-json\/wp\/v2\/tags?post=34432"}],"curies":[{"name":"wp","href":"https:\/\/api.w.org\/{rel}","templated":true}]}}