{"id":34210,"date":"2023-02-15T10:35:32","date_gmt":"2023-02-15T14:35:32","guid":{"rendered":"https:\/\/blgnoticiassantodomingo.net\/?p=34210"},"modified":"2023-02-15T10:35:35","modified_gmt":"2023-02-15T14:35:35","slug":"conoceran-este-jueves-coercion-a-policia-acusado-de-matar-nino-en-carnaval-de-santiago","status":"publish","type":"post","link":"https:\/\/blgnoticiassantodomingo.net\/index.php\/2023\/02\/15\/conoceran-este-jueves-coercion-a-policia-acusado-de-matar-nino-en-carnaval-de-santiago\/","title":{"rendered":"Conocer\u00e1n este jueves coerci\u00f3n a polic\u00eda acusado de matar ni\u00f1o en carnaval de Santiago"},"content":{"rendered":"\n<p><strong>SANTIAGO,RD<\/strong>.-Ser\u00e1 este jueves cuando se conozca medida de coerci\u00f3n contra un cabo de la Polic\u00eda Nacional acusado de propinar un disparo a un menor de 12 a\u00f1os, que le ocasion\u00f3 la muerte mientras \u00e9ste disfrutaba en el Carnaval de Santiago junto a su padre.<\/p>\n\n\n\n<p>La Oficina Judicial de Atenci\u00f3n Permanente de Santiago fij\u00f3 para el 16 de febrero en horas de la ma\u00f1ana la audiencia en la que se le conocer\u00e1 coerci\u00f3n al agente policial Alejandro Castro Cruz por la muerte del menor Donaly Joel Mart\u00ednez Tejada.<\/p>\n\n\n\n<p>Ayer, una multitud de personas despidi\u00f3 este martes al menor Donaly Mart\u00ed\u00ednez, de 12 a\u00f1os, en el cementerio del Ingenio, en Santiago, donde reclamaron justicia por su muerte, provocada por Castro Cruz durante una discusi\u00f3n con su padre durante la celebraci\u00f3n del carnaval el domingo.<\/p>\n\n\n\n<p>Familiares y vecinos de Mart\u00ednez se congregaron en el cementerio tras acudir a su velatorio el lunes en su casa en Cienfuegos, en Santiago, donde tambi\u00e9n se manifestaron la pasada noche para exigir a las autoridades la sanci\u00f3n correspondientes en este caso, que ha consternado a la sociedad dominicana.<\/p>\n\n\n\n<p>De hecho, parientes del fallecido adelantaron a la prensa que hoy volver\u00e1n a protestar en las calles para reclamar justicia.<\/p>\n\n\n\n<p>El menor Donaly Mart\u00ednez fue alcanzado por un disparo realizado por el polic\u00eda Alejandro Castro, de 30 a\u00f1os, tras una discusi\u00f3n entre uniformados y el padre del ni\u00f1o, Anthony Mart\u00ednez, porque, supuestamente, se neg\u00f3 a bajar el volumen de la radio de su veh\u00edculo durante la celebraci\u00f3n del carnaval, cuyo desfile del domingo pr\u00f3ximo fue suspendido por lo acontecido.<\/p>\n\n\n\n<p>Castro fue arrestado por su vinculaci\u00f3n con el caso y fue presentado este martes ante la Oficina Judicial de Servicios de Atenci\u00f3n Permanente de Santiago para que se le fije la audiencia en la que se le conocer\u00e1 coerci\u00f3n.<\/p>\n\n\n\n<p>El propio director de la Polic\u00eda, el mayor general Eduardo Alberto Then, asumi\u00f3 la investigaci\u00f3n del caso.<\/p>\n","protected":false},"excerpt":{"rendered":"<p>SANTIAGO,RD.-Ser\u00e1 este jueves cuando se conozca medida de coerci\u00f3n contra un cabo de la Polic\u00eda Nacional acusado de propinar un disparo a un menor de 12 a\u00f1os, que le ocasion\u00f3 la muerte mientras \u00e9ste disfrutaba en el Carnaval de Santiago junto a su padre. La Oficina Judicial de Atenci\u00f3n Permanente de Santiago fij\u00f3 para el [&hellip;]<\/p>\n","protected":false},"author":2,"featured_media":34211,"comment_status":"open","ping_status":"open","sticky":false,"template":"","format":"standard","meta":{"footnotes":""},"categories":[220],"tags":[7745,1413,2490,558],"class_list":{"0":"post-34210","1":"post","2":"type-post","3":"status-publish","4":"format-standard","5":"has-post-thumbnail","7":"category-nacionales","8":"tag-acusado","9":"tag-carnaval","10":"tag-policia","11":"tag-santiago"},"yoast_head":"<!-- This site is optimized with the Yoast SEO plugin v24.9 - https:\/\/yoast.com\/wordpress\/plugins\/seo\/ -->\n<title>Conocer\u00e1n este jueves coerci\u00f3n a polic\u00eda acusado de matar ni\u00f1o en carnaval de Santiago - BLG Noticias<\/title>\n<meta name=\"robots\" content=\"index, follow, max-snippet:-1, max-image-preview:large, max-video-preview:-1\" \/>\n<link rel=\"canonical\" href=\"https:\/\/blgnoticiassantodomingo.net\/index.php\/2023\/02\/15\/conoceran-este-jueves-coercion-a-policia-acusado-de-matar-nino-en-carnaval-de-santiago\/\" \/>\n<meta property=\"og:locale\" content=\"es_ES\" \/>\n<meta property=\"og:type\" content=\"article\" \/>\n<meta property=\"og:title\" content=\"Conocer\u00e1n este jueves coerci\u00f3n a polic\u00eda acusado de matar ni\u00f1o en carnaval de Santiago - BLG Noticias\" \/>\n<meta property=\"og:description\" content=\"SANTIAGO,RD.-Ser\u00e1 este jueves cuando se conozca medida de coerci\u00f3n contra un cabo de la Polic\u00eda Nacional acusado de propinar un disparo a un menor de 12 a\u00f1os, que le ocasion\u00f3 la muerte mientras \u00e9ste disfrutaba en el Carnaval de Santiago junto a su padre. La Oficina Judicial de Atenci\u00f3n Permanente de Santiago fij\u00f3 para el [&hellip;]\" \/>\n<meta property=\"og:url\" content=\"https:\/\/blgnoticiassantodomingo.net\/index.php\/2023\/02\/15\/conoceran-este-jueves-coercion-a-policia-acusado-de-matar-nino-en-carnaval-de-santiago\/\" \/>\n<meta property=\"og:site_name\" content=\"BLG Noticias\" \/>\n<meta property=\"article:publisher\" content=\"https:\/\/web.facebook.com\/BlgNoticias\/?locale=es_LA&amp;_rdc=1&amp;_rdr\" \/>\n<meta property=\"article:published_time\" content=\"2023-02-15T14:35:32+00:00\" \/>\n<meta property=\"article:modified_time\" content=\"2023-02-15T14:35:35+00:00\" \/>\n<meta property=\"og:image\" content=\"https:\/\/blgnoticiassantodomingo.net\/wp-content\/uploads\/2023\/02\/Screenshot-2023-02-15-10.34.04.png\" \/>\n\t<meta property=\"og:image:width\" content=\"352\" \/>\n\t<meta property=\"og:image:height\" content=\"190\" \/>\n\t<meta property=\"og:image:type\" content=\"image\/png\" \/>\n<meta name=\"author\" content=\"Brenda Guerrero\" \/>\n<meta name=\"twitter:card\" content=\"summary_large_image\" \/>\n<meta name=\"twitter:creator\" content=\"@BlgNoticias\" \/>\n<meta name=\"twitter:site\" content=\"@BlgNoticias\" \/>\n<meta name=\"twitter:label1\" content=\"Escrito por\" \/>\n\t<meta name=\"twitter:data1\" content=\"Brenda Guerrero\" \/>\n\t<meta name=\"twitter:label2\" content=\"Tiempo de lectura\" \/>\n\t<meta name=\"twitter:data2\" content=\"2 minutos\" \/>\n<script type=\"application\/ld+json\" class=\"yoast-schema-graph\">{\"@context\":\"https:\/\/schema.org\",\"@graph\":[{\"@type\":\"Article\",\"@id\":\"https:\/\/blgnoticiassantodomingo.net\/index.php\/2023\/02\/15\/conoceran-este-jueves-coercion-a-policia-acusado-de-matar-nino-en-carnaval-de-santiago\/#article\",\"isPartOf\":{\"@id\":\"https:\/\/blgnoticiassantodomingo.net\/index.php\/2023\/02\/15\/conoceran-este-jueves-coercion-a-policia-acusado-de-matar-nino-en-carnaval-de-santiago\/\"},\"author\":{\"name\":\"Brenda Guerrero\",\"@id\":\"https:\/\/blgnoticiassantodomingo.net\/#\/schema\/person\/e2fc21cf88acc63dbd134be981bff374\"},\"headline\":\"Conocer\u00e1n este jueves coerci\u00f3n a polic\u00eda acusado de matar ni\u00f1o en carnaval de Santiago\",\"datePublished\":\"2023-02-15T14:35:32+00:00\",\"dateModified\":\"2023-02-15T14:35:35+00:00\",\"mainEntityOfPage\":{\"@id\":\"https:\/\/blgnoticiassantodomingo.net\/index.php\/2023\/02\/15\/conoceran-este-jueves-coercion-a-policia-acusado-de-matar-nino-en-carnaval-de-santiago\/\"},\"wordCount\":361,\"commentCount\":0,\"publisher\":{\"@id\":\"https:\/\/blgnoticiassantodomingo.net\/#organization\"},\"image\":{\"@id\":\"https:\/\/blgnoticiassantodomingo.net\/index.php\/2023\/02\/15\/conoceran-este-jueves-coercion-a-policia-acusado-de-matar-nino-en-carnaval-de-santiago\/#primaryimage\"},\"thumbnailUrl\":\"https:\/\/blgnoticiassantodomingo.net\/wp-content\/uploads\/2023\/02\/Screenshot-2023-02-15-10.34.04.png\",\"keywords\":[\"acusado\",\"Carnaval\",\"Policia\",\"Santiago\"],\"articleSection\":[\"Nacionales\"],\"inLanguage\":\"es\",\"potentialAction\":[{\"@type\":\"CommentAction\",\"name\":\"Comment\",\"target\":[\"https:\/\/blgnoticiassantodomingo.net\/index.php\/2023\/02\/15\/conoceran-este-jueves-coercion-a-policia-acusado-de-matar-nino-en-carnaval-de-santiago\/#respond\"]}]},{\"@type\":\"WebPage\",\"@id\":\"https:\/\/blgnoticiassantodomingo.net\/index.php\/2023\/02\/15\/conoceran-este-jueves-coercion-a-policia-acusado-de-matar-nino-en-carnaval-de-santiago\/\",\"url\":\"https:\/\/blgnoticiassantodomingo.net\/index.php\/2023\/02\/15\/conoceran-este-jueves-coercion-a-policia-acusado-de-matar-nino-en-carnaval-de-santiago\/\",\"name\":\"Conocer\u00e1n este jueves coerci\u00f3n a polic\u00eda acusado de matar ni\u00f1o en carnaval de Santiago - BLG Noticias\",\"isPartOf\":{\"@id\":\"https:\/\/blgnoticiassantodomingo.net\/#website\"},\"primaryImageOfPage\":{\"@id\":\"https:\/\/blgnoticiassantodomingo.net\/index.php\/2023\/02\/15\/conoceran-este-jueves-coercion-a-policia-acusado-de-matar-nino-en-carnaval-de-santiago\/#primaryimage\"},\"image\":{\"@id\":\"https:\/\/blgnoticiassantodomingo.net\/index.php\/2023\/02\/15\/conoceran-este-jueves-coercion-a-policia-acusado-de-matar-nino-en-carnaval-de-santiago\/#primaryimage\"},\"thumbnailUrl\":\"https:\/\/blgnoticiassantodomingo.net\/wp-content\/uploads\/2023\/02\/Screenshot-2023-02-15-10.34.04.png\",\"datePublished\":\"2023-02-15T14:35:32+00:00\",\"dateModified\":\"2023-02-15T14:35:35+00:00\",\"breadcrumb\":{\"@id\":\"https:\/\/blgnoticiassantodomingo.net\/index.php\/2023\/02\/15\/conoceran-este-jueves-coercion-a-policia-acusado-de-matar-nino-en-carnaval-de-santiago\/#breadcrumb\"},\"inLanguage\":\"es\",\"potentialAction\":[{\"@type\":\"ReadAction\",\"target\":[\"https:\/\/blgnoticiassantodomingo.net\/index.php\/2023\/02\/15\/conoceran-este-jueves-coercion-a-policia-acusado-de-matar-nino-en-carnaval-de-santiago\/\"]}]},{\"@type\":\"ImageObject\",\"inLanguage\":\"es\",\"@id\":\"https:\/\/blgnoticiassantodomingo.net\/index.php\/2023\/02\/15\/conoceran-este-jueves-coercion-a-policia-acusado-de-matar-nino-en-carnaval-de-santiago\/#primaryimage\",\"url\":\"https:\/\/blgnoticiassantodomingo.net\/wp-content\/uploads\/2023\/02\/Screenshot-2023-02-15-10.34.04.png\",\"contentUrl\":\"https:\/\/blgnoticiassantodomingo.net\/wp-content\/uploads\/2023\/02\/Screenshot-2023-02-15-10.34.04.png\",\"width\":352,\"height\":190},{\"@type\":\"BreadcrumbList\",\"@id\":\"https:\/\/blgnoticiassantodomingo.net\/index.php\/2023\/02\/15\/conoceran-este-jueves-coercion-a-policia-acusado-de-matar-nino-en-carnaval-de-santiago\/#breadcrumb\",\"itemListElement\":[{\"@type\":\"ListItem\",\"position\":1,\"name\":\"Portada\",\"item\":\"https:\/\/blgnoticiassantodomingo.net\/\"},{\"@type\":\"ListItem\",\"position\":2,\"name\":\"Conocer\u00e1n este jueves coerci\u00f3n a polic\u00eda acusado de matar ni\u00f1o en carnaval de Santiago\"}]},{\"@type\":\"WebSite\",\"@id\":\"https:\/\/blgnoticiassantodomingo.net\/#website\",\"url\":\"https:\/\/blgnoticiassantodomingo.net\/\",\"name\":\"BLG Noticias\",\"description\":\"Esto es Noticias\",\"publisher\":{\"@id\":\"https:\/\/blgnoticiassantodomingo.net\/#organization\"},\"potentialAction\":[{\"@type\":\"SearchAction\",\"target\":{\"@type\":\"EntryPoint\",\"urlTemplate\":\"https:\/\/blgnoticiassantodomingo.net\/?s={search_term_string}\"},\"query-input\":{\"@type\":\"PropertyValueSpecification\",\"valueRequired\":true,\"valueName\":\"search_term_string\"}}],\"inLanguage\":\"es\"},{\"@type\":\"Organization\",\"@id\":\"https:\/\/blgnoticiassantodomingo.net\/#organization\",\"name\":\"BLG Noticias\",\"url\":\"https:\/\/blgnoticiassantodomingo.net\/\",\"logo\":{\"@type\":\"ImageObject\",\"inLanguage\":\"es\",\"@id\":\"https:\/\/blgnoticiassantodomingo.net\/#\/schema\/logo\/image\/\",\"url\":\"https:\/\/blgnoticiassantodomingo.net\/wp-content\/uploads\/2023\/12\/Diseno-sin-titulo-3.jpg\",\"contentUrl\":\"https:\/\/blgnoticiassantodomingo.net\/wp-content\/uploads\/2023\/12\/Diseno-sin-titulo-3.jpg\",\"width\":500,\"height\":500,\"caption\":\"BLG Noticias\"},\"image\":{\"@id\":\"https:\/\/blgnoticiassantodomingo.net\/#\/schema\/logo\/image\/\"},\"sameAs\":[\"https:\/\/web.facebook.com\/BlgNoticias\/?locale=es_LA&_rdc=1&_rdr\",\"https:\/\/x.com\/BlgNoticias\",\"https:\/\/www.linkedin.com\/in\/brenda-l-santana-aa846279\/\"]},{\"@type\":\"Person\",\"@id\":\"https:\/\/blgnoticiassantodomingo.net\/#\/schema\/person\/e2fc21cf88acc63dbd134be981bff374\",\"name\":\"Brenda Guerrero\",\"image\":{\"@type\":\"ImageObject\",\"inLanguage\":\"es\",\"@id\":\"https:\/\/blgnoticiassantodomingo.net\/#\/schema\/person\/image\/\",\"url\":\"https:\/\/secure.gravatar.com\/avatar\/2f7fc4c3e3655be1580cb684bfd8ab19be702ae20879da1e072021daa02f9b8b?s=96&d=wp_user_avatar&r=g\",\"contentUrl\":\"https:\/\/secure.gravatar.com\/avatar\/2f7fc4c3e3655be1580cb684bfd8ab19be702ae20879da1e072021daa02f9b8b?s=96&d=wp_user_avatar&r=g\",\"caption\":\"Brenda Guerrero\"},\"description\":\"Periodista\",\"url\":\"https:\/\/blgnoticiassantodomingo.net\/index.php\/author\/brenda-guerrero\/\"}]}<\/script>\n<!-- \/ Yoast SEO plugin. -->","yoast_head_json":{"title":"Conocer\u00e1n este jueves coerci\u00f3n a polic\u00eda acusado de matar ni\u00f1o en carnaval de Santiago - BLG Noticias","robots":{"index":"index","follow":"follow","max-snippet":"max-snippet:-1","max-image-preview":"max-image-preview:large","max-video-preview":"max-video-preview:-1"},"canonical":"https:\/\/blgnoticiassantodomingo.net\/index.php\/2023\/02\/15\/conoceran-este-jueves-coercion-a-policia-acusado-de-matar-nino-en-carnaval-de-santiago\/","og_locale":"es_ES","og_type":"article","og_title":"Conocer\u00e1n este jueves coerci\u00f3n a polic\u00eda acusado de matar ni\u00f1o en carnaval de Santiago - BLG Noticias","og_description":"SANTIAGO,RD.-Ser\u00e1 este jueves cuando se conozca medida de coerci\u00f3n contra un cabo de la Polic\u00eda Nacional acusado de propinar un disparo a un menor de 12 a\u00f1os, que le ocasion\u00f3 la muerte mientras \u00e9ste disfrutaba en el Carnaval de Santiago junto a su padre. La Oficina Judicial de Atenci\u00f3n Permanente de Santiago fij\u00f3 para el [&hellip;]","og_url":"https:\/\/blgnoticiassantodomingo.net\/index.php\/2023\/02\/15\/conoceran-este-jueves-coercion-a-policia-acusado-de-matar-nino-en-carnaval-de-santiago\/","og_site_name":"BLG Noticias","article_publisher":"https:\/\/web.facebook.com\/BlgNoticias\/?locale=es_LA&_rdc=1&_rdr","article_published_time":"2023-02-15T14:35:32+00:00","article_modified_time":"2023-02-15T14:35:35+00:00","og_image":[{"width":352,"height":190,"url":"https:\/\/blgnoticiassantodomingo.net\/wp-content\/uploads\/2023\/02\/Screenshot-2023-02-15-10.34.04.png","type":"image\/png"}],"author":"Brenda Guerrero","twitter_card":"summary_large_image","twitter_creator":"@BlgNoticias","twitter_site":"@BlgNoticias","twitter_misc":{"Escrito por":"Brenda Guerrero","Tiempo de lectura":"2 minutos"},"schema":{"@context":"https:\/\/schema.org","@graph":[{"@type":"Article","@id":"https:\/\/blgnoticiassantodomingo.net\/index.php\/2023\/02\/15\/conoceran-este-jueves-coercion-a-policia-acusado-de-matar-nino-en-carnaval-de-santiago\/#article","isPartOf":{"@id":"https:\/\/blgnoticiassantodomingo.net\/index.php\/2023\/02\/15\/conoceran-este-jueves-coercion-a-policia-acusado-de-matar-nino-en-carnaval-de-santiago\/"},"author":{"name":"Brenda Guerrero","@id":"https:\/\/blgnoticiassantodomingo.net\/#\/schema\/person\/e2fc21cf88acc63dbd134be981bff374"},"headline":"Conocer\u00e1n este jueves coerci\u00f3n a polic\u00eda acusado de matar ni\u00f1o en carnaval de Santiago","datePublished":"2023-02-15T14:35:32+00:00","dateModified":"2023-02-15T14:35:35+00:00","mainEntityOfPage":{"@id":"https:\/\/blgnoticiassantodomingo.net\/index.php\/2023\/02\/15\/conoceran-este-jueves-coercion-a-policia-acusado-de-matar-nino-en-carnaval-de-santiago\/"},"wordCount":361,"commentCount":0,"publisher":{"@id":"https:\/\/blgnoticiassantodomingo.net\/#organization"},"image":{"@id":"https:\/\/blgnoticiassantodomingo.net\/index.php\/2023\/02\/15\/conoceran-este-jueves-coercion-a-policia-acusado-de-matar-nino-en-carnaval-de-santiago\/#primaryimage"},"thumbnailUrl":"https:\/\/blgnoticiassantodomingo.net\/wp-content\/uploads\/2023\/02\/Screenshot-2023-02-15-10.34.04.png","keywords":["acusado","Carnaval","Policia","Santiago"],"articleSection":["Nacionales"],"inLanguage":"es","potentialAction":[{"@type":"CommentAction","name":"Comment","target":["https:\/\/blgnoticiassantodomingo.net\/index.php\/2023\/02\/15\/conoceran-este-jueves-coercion-a-policia-acusado-de-matar-nino-en-carnaval-de-santiago\/#respond"]}]},{"@type":"WebPage","@id":"https:\/\/blgnoticiassantodomingo.net\/index.php\/2023\/02\/15\/conoceran-este-jueves-coercion-a-policia-acusado-de-matar-nino-en-carnaval-de-santiago\/","url":"https:\/\/blgnoticiassantodomingo.net\/index.php\/2023\/02\/15\/conoceran-este-jueves-coercion-a-policia-acusado-de-matar-nino-en-carnaval-de-santiago\/","name":"Conocer\u00e1n este jueves coerci\u00f3n a polic\u00eda acusado de matar ni\u00f1o en carnaval de Santiago - BLG Noticias","isPartOf":{"@id":"https:\/\/blgnoticiassantodomingo.net\/#website"},"primaryImageOfPage":{"@id":"https:\/\/blgnoticiassantodomingo.net\/index.php\/2023\/02\/15\/conoceran-este-jueves-coercion-a-policia-acusado-de-matar-nino-en-carnaval-de-santiago\/#primaryimage"},"image":{"@id":"https:\/\/blgnoticiassantodomingo.net\/index.php\/2023\/02\/15\/conoceran-este-jueves-coercion-a-policia-acusado-de-matar-nino-en-carnaval-de-santiago\/#primaryimage"},"thumbnailUrl":"https:\/\/blgnoticiassantodomingo.net\/wp-content\/uploads\/2023\/02\/Screenshot-2023-02-15-10.34.04.png","datePublished":"2023-02-15T14:35:32+00:00","dateModified":"2023-02-15T14:35:35+00:00","breadcrumb":{"@id":"https:\/\/blgnoticiassantodomingo.net\/index.php\/2023\/02\/15\/conoceran-este-jueves-coercion-a-policia-acusado-de-matar-nino-en-carnaval-de-santiago\/#breadcrumb"},"inLanguage":"es","potentialAction":[{"@type":"ReadAction","target":["https:\/\/blgnoticiassantodomingo.net\/index.php\/2023\/02\/15\/conoceran-este-jueves-coercion-a-policia-acusado-de-matar-nino-en-carnaval-de-santiago\/"]}]},{"@type":"ImageObject","inLanguage":"es","@id":"https:\/\/blgnoticiassantodomingo.net\/index.php\/2023\/02\/15\/conoceran-este-jueves-coercion-a-policia-acusado-de-matar-nino-en-carnaval-de-santiago\/#primaryimage","url":"https:\/\/blgnoticiassantodomingo.net\/wp-content\/uploads\/2023\/02\/Screenshot-2023-02-15-10.34.04.png","contentUrl":"https:\/\/blgnoticiassantodomingo.net\/wp-content\/uploads\/2023\/02\/Screenshot-2023-02-15-10.34.04.png","width":352,"height":190},{"@type":"BreadcrumbList","@id":"https:\/\/blgnoticiassantodomingo.net\/index.php\/2023\/02\/15\/conoceran-este-jueves-coercion-a-policia-acusado-de-matar-nino-en-carnaval-de-santiago\/#breadcrumb","itemListElement":[{"@type":"ListItem","position":1,"name":"Portada","item":"https:\/\/blgnoticiassantodomingo.net\/"},{"@type":"ListItem","position":2,"name":"Conocer\u00e1n este jueves coerci\u00f3n a polic\u00eda acusado de matar ni\u00f1o en carnaval de Santiago"}]},{"@type":"WebSite","@id":"https:\/\/blgnoticiassantodomingo.net\/#website","url":"https:\/\/blgnoticiassantodomingo.net\/","name":"BLG Noticias","description":"Esto es Noticias","publisher":{"@id":"https:\/\/blgnoticiassantodomingo.net\/#organization"},"potentialAction":[{"@type":"SearchAction","target":{"@type":"EntryPoint","urlTemplate":"https:\/\/blgnoticiassantodomingo.net\/?s={search_term_string}"},"query-input":{"@type":"PropertyValueSpecification","valueRequired":true,"valueName":"search_term_string"}}],"inLanguage":"es"},{"@type":"Organization","@id":"https:\/\/blgnoticiassantodomingo.net\/#organization","name":"BLG Noticias","url":"https:\/\/blgnoticiassantodomingo.net\/","logo":{"@type":"ImageObject","inLanguage":"es","@id":"https:\/\/blgnoticiassantodomingo.net\/#\/schema\/logo\/image\/","url":"https:\/\/blgnoticiassantodomingo.net\/wp-content\/uploads\/2023\/12\/Diseno-sin-titulo-3.jpg","contentUrl":"https:\/\/blgnoticiassantodomingo.net\/wp-content\/uploads\/2023\/12\/Diseno-sin-titulo-3.jpg","width":500,"height":500,"caption":"BLG Noticias"},"image":{"@id":"https:\/\/blgnoticiassantodomingo.net\/#\/schema\/logo\/image\/"},"sameAs":["https:\/\/web.facebook.com\/BlgNoticias\/?locale=es_LA&_rdc=1&_rdr","https:\/\/x.com\/BlgNoticias","https:\/\/www.linkedin.com\/in\/brenda-l-santana-aa846279\/"]},{"@type":"Person","@id":"https:\/\/blgnoticiassantodomingo.net\/#\/schema\/person\/e2fc21cf88acc63dbd134be981bff374","name":"Brenda Guerrero","image":{"@type":"ImageObject","inLanguage":"es","@id":"https:\/\/blgnoticiassantodomingo.net\/#\/schema\/person\/image\/","url":"https:\/\/secure.gravatar.com\/avatar\/2f7fc4c3e3655be1580cb684bfd8ab19be702ae20879da1e072021daa02f9b8b?s=96&d=wp_user_avatar&r=g","contentUrl":"https:\/\/secure.gravatar.com\/avatar\/2f7fc4c3e3655be1580cb684bfd8ab19be702ae20879da1e072021daa02f9b8b?s=96&d=wp_user_avatar&r=g","caption":"Brenda Guerrero"},"description":"Periodista","url":"https:\/\/blgnoticiassantodomingo.net\/index.php\/author\/brenda-guerrero\/"}]}},"jetpack_featured_media_url":"https:\/\/blgnoticiassantodomingo.net\/wp-content\/uploads\/2023\/02\/Screenshot-2023-02-15-10.34.04.png","_links":{"self":[{"href":"https:\/\/blgnoticiassantodomingo.net\/index.php\/wp-json\/wp\/v2\/posts\/34210","targetHints":{"allow":["GET"]}}],"collection":[{"href":"https:\/\/blgnoticiassantodomingo.net\/index.php\/wp-json\/wp\/v2\/posts"}],"about":[{"href":"https:\/\/blgnoticiassantodomingo.net\/index.php\/wp-json\/wp\/v2\/types\/post"}],"author":[{"embeddable":true,"href":"https:\/\/blgnoticiassantodomingo.net\/index.php\/wp-json\/wp\/v2\/users\/2"}],"replies":[{"embeddable":true,"href":"https:\/\/blgnoticiassantodomingo.net\/index.php\/wp-json\/wp\/v2\/comments?post=34210"}],"version-history":[{"count":1,"href":"https:\/\/blgnoticiassantodomingo.net\/index.php\/wp-json\/wp\/v2\/posts\/34210\/revisions"}],"predecessor-version":[{"id":34212,"href":"https:\/\/blgnoticiassantodomingo.net\/index.php\/wp-json\/wp\/v2\/posts\/34210\/revisions\/34212"}],"wp:featuredmedia":[{"embeddable":true,"href":"https:\/\/blgnoticiassantodomingo.net\/index.php\/wp-json\/wp\/v2\/media\/34211"}],"wp:attachment":[{"href":"https:\/\/blgnoticiassantodomingo.net\/index.php\/wp-json\/wp\/v2\/media?parent=34210"}],"wp:term":[{"taxonomy":"category","embeddable":true,"href":"https:\/\/blgnoticiassantodomingo.net\/index.php\/wp-json\/wp\/v2\/categories?post=34210"},{"taxonomy":"post_tag","embeddable":true,"href":"https:\/\/blgnoticiassantodomingo.net\/index.php\/wp-json\/wp\/v2\/tags?post=34210"}],"curies":[{"name":"wp","href":"https:\/\/api.w.org\/{rel}","templated":true}]}}