{"id":34196,"date":"2023-02-13T08:23:39","date_gmt":"2023-02-13T12:23:39","guid":{"rendered":"https:\/\/blgnoticiassantodomingo.net\/?p=34196"},"modified":"2023-02-13T08:23:42","modified_gmt":"2023-02-13T12:23:42","slug":"menor-que-disfrutaba-junto-a-sus-padres-del-carnaval-de-santiago-resulto-muerto-por-bala-que-disparo-policia","status":"publish","type":"post","link":"https:\/\/blgnoticiassantodomingo.net\/index.php\/2023\/02\/13\/menor-que-disfrutaba-junto-a-sus-padres-del-carnaval-de-santiago-resulto-muerto-por-bala-que-disparo-policia\/","title":{"rendered":"Menor que disfrutaba junto a sus padres del Carnaval de Santiago result\u00f3 muerto por bala que dispar\u00f3 Polic\u00eda"},"content":{"rendered":"\n<p><strong>SANTIAGO<\/strong>.-Un ni\u00f1o de 12 a\u00f1os de edad falleci\u00f3 este domingo en la emergencia de un centro de salud de esta ciudad de Santiago, luego de haber resultado herido cuando un miembro de la Polic\u00eda Nacional realiz\u00f3 un disparo en las celebraciones del carnaval de la ciudad.<\/p>\n\n\n\n<p>De acuerdo a versiones de familiares del menor, identificado como Donaly Mart\u00ednez, \u00e9ste se encontraba junto a su padre disfrutando del carnaval en las inmediaciones de la avenida Las Carreras esquina calle Mella.<\/p>\n\n\n\n<p>En ese lugar se inici\u00f3 un pleito entre otras personas que estaban en el lugar y un agente de la Polic\u00eda realiz\u00f3 supuestamente un disparo con intenci\u00f3n de dispersar la multitud, siendo en esa circunstancia en la que la bala impact\u00f3 el menor.<\/p>\n\n\n\n<p>El ni\u00f1o fue trasladado por familiares a la cl\u00ednica Corominas, donde perdi\u00f3 la vida por la herida de arma de fuego recibida.<\/p>\n\n\n\n<p>El agente de la Polic\u00eda, cuyo nombre por el momento se desconoce, se encuentra detenido para ser investigado sobre el hecho.<\/p>\n\n\n\n<p>El carnaval de Santiago se realiza todos los domingos del mes de febrero en horario de 3:00 de la tarde a 7:00 de la noche.<\/p>\n\n\n\n<p>Aunque el \u00e1rea establecida por donde se acostumbra a desfilar comprende los alrededores del Monumento a los h\u00e9roes de la Restauraci\u00f3n, las personas que acuden tambi\u00e9n se conglomeran en todo el trayecto de la avenida Las Carreras.<\/p>\n","protected":false},"excerpt":{"rendered":"<p>SANTIAGO.-Un ni\u00f1o de 12 a\u00f1os de edad falleci\u00f3 este domingo en la emergencia de un centro de salud de esta ciudad de Santiago, luego de haber resultado herido cuando un miembro de la Polic\u00eda Nacional realiz\u00f3 un disparo en las celebraciones del carnaval de la ciudad. De acuerdo a versiones de familiares del menor, identificado [&hellip;]<\/p>\n","protected":false},"author":3,"featured_media":34197,"comment_status":"open","ping_status":"open","sticky":false,"template":"","format":"standard","meta":{"footnotes":""},"categories":[220],"tags":[1413,2490,558],"class_list":{"0":"post-34196","1":"post","2":"type-post","3":"status-publish","4":"format-standard","5":"has-post-thumbnail","7":"category-nacionales","8":"tag-carnaval","9":"tag-policia","10":"tag-santiago"},"yoast_head":"<!-- This site is optimized with the Yoast SEO plugin v24.9 - https:\/\/yoast.com\/wordpress\/plugins\/seo\/ -->\n<title>Menor que disfrutaba junto a sus padres del Carnaval de Santiago result\u00f3 muerto por bala que dispar\u00f3 Polic\u00eda - BLG Noticias<\/title>\n<meta name=\"robots\" content=\"index, follow, max-snippet:-1, max-image-preview:large, max-video-preview:-1\" \/>\n<link rel=\"canonical\" href=\"https:\/\/blgnoticiassantodomingo.net\/index.php\/2023\/02\/13\/menor-que-disfrutaba-junto-a-sus-padres-del-carnaval-de-santiago-resulto-muerto-por-bala-que-disparo-policia\/\" \/>\n<meta property=\"og:locale\" content=\"es_ES\" \/>\n<meta property=\"og:type\" content=\"article\" \/>\n<meta property=\"og:title\" content=\"Menor que disfrutaba junto a sus padres del Carnaval de Santiago result\u00f3 muerto por bala que dispar\u00f3 Polic\u00eda - BLG Noticias\" \/>\n<meta property=\"og:description\" content=\"SANTIAGO.-Un ni\u00f1o de 12 a\u00f1os de edad falleci\u00f3 este domingo en la emergencia de un centro de salud de esta ciudad de Santiago, luego de haber resultado herido cuando un miembro de la Polic\u00eda Nacional realiz\u00f3 un disparo en las celebraciones del carnaval de la ciudad. De acuerdo a versiones de familiares del menor, identificado [&hellip;]\" \/>\n<meta property=\"og:url\" content=\"https:\/\/blgnoticiassantodomingo.net\/index.php\/2023\/02\/13\/menor-que-disfrutaba-junto-a-sus-padres-del-carnaval-de-santiago-resulto-muerto-por-bala-que-disparo-policia\/\" \/>\n<meta property=\"og:site_name\" content=\"BLG Noticias\" \/>\n<meta property=\"article:publisher\" content=\"https:\/\/web.facebook.com\/BlgNoticias\/?locale=es_LA&amp;_rdc=1&amp;_rdr\" \/>\n<meta property=\"article:published_time\" content=\"2023-02-13T12:23:39+00:00\" \/>\n<meta property=\"article:modified_time\" content=\"2023-02-13T12:23:42+00:00\" \/>\n<meta property=\"og:image\" content=\"https:\/\/blgnoticiassantodomingo.net\/wp-content\/uploads\/2023\/02\/Screenshot-2023-02-13-08.22.51.png\" \/>\n\t<meta property=\"og:image:width\" content=\"364\" \/>\n\t<meta property=\"og:image:height\" content=\"354\" \/>\n\t<meta property=\"og:image:type\" content=\"image\/png\" \/>\n<meta name=\"author\" content=\"Yerlin Payano\" \/>\n<meta name=\"twitter:card\" content=\"summary_large_image\" \/>\n<meta name=\"twitter:creator\" content=\"@BlgNoticias\" \/>\n<meta name=\"twitter:site\" content=\"@BlgNoticias\" \/>\n<meta name=\"twitter:label1\" content=\"Escrito por\" \/>\n\t<meta name=\"twitter:data1\" content=\"Yerlin Payano\" \/>\n\t<meta name=\"twitter:label2\" content=\"Tiempo de lectura\" \/>\n\t<meta name=\"twitter:data2\" content=\"1 minuto\" \/>\n<script type=\"application\/ld+json\" class=\"yoast-schema-graph\">{\"@context\":\"https:\/\/schema.org\",\"@graph\":[{\"@type\":\"Article\",\"@id\":\"https:\/\/blgnoticiassantodomingo.net\/index.php\/2023\/02\/13\/menor-que-disfrutaba-junto-a-sus-padres-del-carnaval-de-santiago-resulto-muerto-por-bala-que-disparo-policia\/#article\",\"isPartOf\":{\"@id\":\"https:\/\/blgnoticiassantodomingo.net\/index.php\/2023\/02\/13\/menor-que-disfrutaba-junto-a-sus-padres-del-carnaval-de-santiago-resulto-muerto-por-bala-que-disparo-policia\/\"},\"author\":{\"name\":\"Yerlin Payano\",\"@id\":\"https:\/\/blgnoticiassantodomingo.net\/#\/schema\/person\/03b67e608d24e551f208708811f9dec0\"},\"headline\":\"Menor que disfrutaba junto a sus padres del Carnaval de Santiago result\u00f3 muerto por bala que dispar\u00f3 Polic\u00eda\",\"datePublished\":\"2023-02-13T12:23:39+00:00\",\"dateModified\":\"2023-02-13T12:23:42+00:00\",\"mainEntityOfPage\":{\"@id\":\"https:\/\/blgnoticiassantodomingo.net\/index.php\/2023\/02\/13\/menor-que-disfrutaba-junto-a-sus-padres-del-carnaval-de-santiago-resulto-muerto-por-bala-que-disparo-policia\/\"},\"wordCount\":256,\"commentCount\":0,\"publisher\":{\"@id\":\"https:\/\/blgnoticiassantodomingo.net\/#organization\"},\"image\":{\"@id\":\"https:\/\/blgnoticiassantodomingo.net\/index.php\/2023\/02\/13\/menor-que-disfrutaba-junto-a-sus-padres-del-carnaval-de-santiago-resulto-muerto-por-bala-que-disparo-policia\/#primaryimage\"},\"thumbnailUrl\":\"https:\/\/blgnoticiassantodomingo.net\/wp-content\/uploads\/2023\/02\/Screenshot-2023-02-13-08.22.51.png\",\"keywords\":[\"Carnaval\",\"Policia\",\"Santiago\"],\"articleSection\":[\"Nacionales\"],\"inLanguage\":\"es\",\"potentialAction\":[{\"@type\":\"CommentAction\",\"name\":\"Comment\",\"target\":[\"https:\/\/blgnoticiassantodomingo.net\/index.php\/2023\/02\/13\/menor-que-disfrutaba-junto-a-sus-padres-del-carnaval-de-santiago-resulto-muerto-por-bala-que-disparo-policia\/#respond\"]}]},{\"@type\":\"WebPage\",\"@id\":\"https:\/\/blgnoticiassantodomingo.net\/index.php\/2023\/02\/13\/menor-que-disfrutaba-junto-a-sus-padres-del-carnaval-de-santiago-resulto-muerto-por-bala-que-disparo-policia\/\",\"url\":\"https:\/\/blgnoticiassantodomingo.net\/index.php\/2023\/02\/13\/menor-que-disfrutaba-junto-a-sus-padres-del-carnaval-de-santiago-resulto-muerto-por-bala-que-disparo-policia\/\",\"name\":\"Menor que disfrutaba junto a sus padres del Carnaval de Santiago result\u00f3 muerto por bala que dispar\u00f3 Polic\u00eda - BLG Noticias\",\"isPartOf\":{\"@id\":\"https:\/\/blgnoticiassantodomingo.net\/#website\"},\"primaryImageOfPage\":{\"@id\":\"https:\/\/blgnoticiassantodomingo.net\/index.php\/2023\/02\/13\/menor-que-disfrutaba-junto-a-sus-padres-del-carnaval-de-santiago-resulto-muerto-por-bala-que-disparo-policia\/#primaryimage\"},\"image\":{\"@id\":\"https:\/\/blgnoticiassantodomingo.net\/index.php\/2023\/02\/13\/menor-que-disfrutaba-junto-a-sus-padres-del-carnaval-de-santiago-resulto-muerto-por-bala-que-disparo-policia\/#primaryimage\"},\"thumbnailUrl\":\"https:\/\/blgnoticiassantodomingo.net\/wp-content\/uploads\/2023\/02\/Screenshot-2023-02-13-08.22.51.png\",\"datePublished\":\"2023-02-13T12:23:39+00:00\",\"dateModified\":\"2023-02-13T12:23:42+00:00\",\"breadcrumb\":{\"@id\":\"https:\/\/blgnoticiassantodomingo.net\/index.php\/2023\/02\/13\/menor-que-disfrutaba-junto-a-sus-padres-del-carnaval-de-santiago-resulto-muerto-por-bala-que-disparo-policia\/#breadcrumb\"},\"inLanguage\":\"es\",\"potentialAction\":[{\"@type\":\"ReadAction\",\"target\":[\"https:\/\/blgnoticiassantodomingo.net\/index.php\/2023\/02\/13\/menor-que-disfrutaba-junto-a-sus-padres-del-carnaval-de-santiago-resulto-muerto-por-bala-que-disparo-policia\/\"]}]},{\"@type\":\"ImageObject\",\"inLanguage\":\"es\",\"@id\":\"https:\/\/blgnoticiassantodomingo.net\/index.php\/2023\/02\/13\/menor-que-disfrutaba-junto-a-sus-padres-del-carnaval-de-santiago-resulto-muerto-por-bala-que-disparo-policia\/#primaryimage\",\"url\":\"https:\/\/blgnoticiassantodomingo.net\/wp-content\/uploads\/2023\/02\/Screenshot-2023-02-13-08.22.51.png\",\"contentUrl\":\"https:\/\/blgnoticiassantodomingo.net\/wp-content\/uploads\/2023\/02\/Screenshot-2023-02-13-08.22.51.png\",\"width\":364,\"height\":354},{\"@type\":\"BreadcrumbList\",\"@id\":\"https:\/\/blgnoticiassantodomingo.net\/index.php\/2023\/02\/13\/menor-que-disfrutaba-junto-a-sus-padres-del-carnaval-de-santiago-resulto-muerto-por-bala-que-disparo-policia\/#breadcrumb\",\"itemListElement\":[{\"@type\":\"ListItem\",\"position\":1,\"name\":\"Portada\",\"item\":\"https:\/\/blgnoticiassantodomingo.net\/\"},{\"@type\":\"ListItem\",\"position\":2,\"name\":\"Menor que disfrutaba junto a sus padres del Carnaval de Santiago result\u00f3 muerto por bala que dispar\u00f3 Polic\u00eda\"}]},{\"@type\":\"WebSite\",\"@id\":\"https:\/\/blgnoticiassantodomingo.net\/#website\",\"url\":\"https:\/\/blgnoticiassantodomingo.net\/\",\"name\":\"BLG Noticias\",\"description\":\"Esto es Noticias\",\"publisher\":{\"@id\":\"https:\/\/blgnoticiassantodomingo.net\/#organization\"},\"potentialAction\":[{\"@type\":\"SearchAction\",\"target\":{\"@type\":\"EntryPoint\",\"urlTemplate\":\"https:\/\/blgnoticiassantodomingo.net\/?s={search_term_string}\"},\"query-input\":{\"@type\":\"PropertyValueSpecification\",\"valueRequired\":true,\"valueName\":\"search_term_string\"}}],\"inLanguage\":\"es\"},{\"@type\":\"Organization\",\"@id\":\"https:\/\/blgnoticiassantodomingo.net\/#organization\",\"name\":\"BLG Noticias\",\"url\":\"https:\/\/blgnoticiassantodomingo.net\/\",\"logo\":{\"@type\":\"ImageObject\",\"inLanguage\":\"es\",\"@id\":\"https:\/\/blgnoticiassantodomingo.net\/#\/schema\/logo\/image\/\",\"url\":\"https:\/\/blgnoticiassantodomingo.net\/wp-content\/uploads\/2023\/12\/Diseno-sin-titulo-3.jpg\",\"contentUrl\":\"https:\/\/blgnoticiassantodomingo.net\/wp-content\/uploads\/2023\/12\/Diseno-sin-titulo-3.jpg\",\"width\":500,\"height\":500,\"caption\":\"BLG Noticias\"},\"image\":{\"@id\":\"https:\/\/blgnoticiassantodomingo.net\/#\/schema\/logo\/image\/\"},\"sameAs\":[\"https:\/\/web.facebook.com\/BlgNoticias\/?locale=es_LA&_rdc=1&_rdr\",\"https:\/\/x.com\/BlgNoticias\",\"https:\/\/www.linkedin.com\/in\/brenda-l-santana-aa846279\/\"]},{\"@type\":\"Person\",\"@id\":\"https:\/\/blgnoticiassantodomingo.net\/#\/schema\/person\/03b67e608d24e551f208708811f9dec0\",\"name\":\"Yerlin Payano\",\"image\":{\"@type\":\"ImageObject\",\"inLanguage\":\"es\",\"@id\":\"https:\/\/blgnoticiassantodomingo.net\/#\/schema\/person\/image\/\",\"url\":\"https:\/\/secure.gravatar.com\/avatar\/0df11eeed431210345b3a5364c9941af1e921c3e99c30e40a827773db05d19f2?s=96&d=wp_user_avatar&r=g\",\"contentUrl\":\"https:\/\/secure.gravatar.com\/avatar\/0df11eeed431210345b3a5364c9941af1e921c3e99c30e40a827773db05d19f2?s=96&d=wp_user_avatar&r=g\",\"caption\":\"Yerlin Payano\"},\"sameAs\":[\"http:\/\/blgnoticiassantodomingo.net\/\"],\"url\":\"https:\/\/blgnoticiassantodomingo.net\/index.php\/author\/yerlinpayano\/\"}]}<\/script>\n<!-- \/ Yoast SEO plugin. -->","yoast_head_json":{"title":"Menor que disfrutaba junto a sus padres del Carnaval de Santiago result\u00f3 muerto por bala que dispar\u00f3 Polic\u00eda - BLG Noticias","robots":{"index":"index","follow":"follow","max-snippet":"max-snippet:-1","max-image-preview":"max-image-preview:large","max-video-preview":"max-video-preview:-1"},"canonical":"https:\/\/blgnoticiassantodomingo.net\/index.php\/2023\/02\/13\/menor-que-disfrutaba-junto-a-sus-padres-del-carnaval-de-santiago-resulto-muerto-por-bala-que-disparo-policia\/","og_locale":"es_ES","og_type":"article","og_title":"Menor que disfrutaba junto a sus padres del Carnaval de Santiago result\u00f3 muerto por bala que dispar\u00f3 Polic\u00eda - BLG Noticias","og_description":"SANTIAGO.-Un ni\u00f1o de 12 a\u00f1os de edad falleci\u00f3 este domingo en la emergencia de un centro de salud de esta ciudad de Santiago, luego de haber resultado herido cuando un miembro de la Polic\u00eda Nacional realiz\u00f3 un disparo en las celebraciones del carnaval de la ciudad. De acuerdo a versiones de familiares del menor, identificado [&hellip;]","og_url":"https:\/\/blgnoticiassantodomingo.net\/index.php\/2023\/02\/13\/menor-que-disfrutaba-junto-a-sus-padres-del-carnaval-de-santiago-resulto-muerto-por-bala-que-disparo-policia\/","og_site_name":"BLG Noticias","article_publisher":"https:\/\/web.facebook.com\/BlgNoticias\/?locale=es_LA&_rdc=1&_rdr","article_published_time":"2023-02-13T12:23:39+00:00","article_modified_time":"2023-02-13T12:23:42+00:00","og_image":[{"width":364,"height":354,"url":"https:\/\/blgnoticiassantodomingo.net\/wp-content\/uploads\/2023\/02\/Screenshot-2023-02-13-08.22.51.png","type":"image\/png"}],"author":"Yerlin Payano","twitter_card":"summary_large_image","twitter_creator":"@BlgNoticias","twitter_site":"@BlgNoticias","twitter_misc":{"Escrito por":"Yerlin Payano","Tiempo de lectura":"1 minuto"},"schema":{"@context":"https:\/\/schema.org","@graph":[{"@type":"Article","@id":"https:\/\/blgnoticiassantodomingo.net\/index.php\/2023\/02\/13\/menor-que-disfrutaba-junto-a-sus-padres-del-carnaval-de-santiago-resulto-muerto-por-bala-que-disparo-policia\/#article","isPartOf":{"@id":"https:\/\/blgnoticiassantodomingo.net\/index.php\/2023\/02\/13\/menor-que-disfrutaba-junto-a-sus-padres-del-carnaval-de-santiago-resulto-muerto-por-bala-que-disparo-policia\/"},"author":{"name":"Yerlin Payano","@id":"https:\/\/blgnoticiassantodomingo.net\/#\/schema\/person\/03b67e608d24e551f208708811f9dec0"},"headline":"Menor que disfrutaba junto a sus padres del Carnaval de Santiago result\u00f3 muerto por bala que dispar\u00f3 Polic\u00eda","datePublished":"2023-02-13T12:23:39+00:00","dateModified":"2023-02-13T12:23:42+00:00","mainEntityOfPage":{"@id":"https:\/\/blgnoticiassantodomingo.net\/index.php\/2023\/02\/13\/menor-que-disfrutaba-junto-a-sus-padres-del-carnaval-de-santiago-resulto-muerto-por-bala-que-disparo-policia\/"},"wordCount":256,"commentCount":0,"publisher":{"@id":"https:\/\/blgnoticiassantodomingo.net\/#organization"},"image":{"@id":"https:\/\/blgnoticiassantodomingo.net\/index.php\/2023\/02\/13\/menor-que-disfrutaba-junto-a-sus-padres-del-carnaval-de-santiago-resulto-muerto-por-bala-que-disparo-policia\/#primaryimage"},"thumbnailUrl":"https:\/\/blgnoticiassantodomingo.net\/wp-content\/uploads\/2023\/02\/Screenshot-2023-02-13-08.22.51.png","keywords":["Carnaval","Policia","Santiago"],"articleSection":["Nacionales"],"inLanguage":"es","potentialAction":[{"@type":"CommentAction","name":"Comment","target":["https:\/\/blgnoticiassantodomingo.net\/index.php\/2023\/02\/13\/menor-que-disfrutaba-junto-a-sus-padres-del-carnaval-de-santiago-resulto-muerto-por-bala-que-disparo-policia\/#respond"]}]},{"@type":"WebPage","@id":"https:\/\/blgnoticiassantodomingo.net\/index.php\/2023\/02\/13\/menor-que-disfrutaba-junto-a-sus-padres-del-carnaval-de-santiago-resulto-muerto-por-bala-que-disparo-policia\/","url":"https:\/\/blgnoticiassantodomingo.net\/index.php\/2023\/02\/13\/menor-que-disfrutaba-junto-a-sus-padres-del-carnaval-de-santiago-resulto-muerto-por-bala-que-disparo-policia\/","name":"Menor que disfrutaba junto a sus padres del Carnaval de Santiago result\u00f3 muerto por bala que dispar\u00f3 Polic\u00eda - BLG Noticias","isPartOf":{"@id":"https:\/\/blgnoticiassantodomingo.net\/#website"},"primaryImageOfPage":{"@id":"https:\/\/blgnoticiassantodomingo.net\/index.php\/2023\/02\/13\/menor-que-disfrutaba-junto-a-sus-padres-del-carnaval-de-santiago-resulto-muerto-por-bala-que-disparo-policia\/#primaryimage"},"image":{"@id":"https:\/\/blgnoticiassantodomingo.net\/index.php\/2023\/02\/13\/menor-que-disfrutaba-junto-a-sus-padres-del-carnaval-de-santiago-resulto-muerto-por-bala-que-disparo-policia\/#primaryimage"},"thumbnailUrl":"https:\/\/blgnoticiassantodomingo.net\/wp-content\/uploads\/2023\/02\/Screenshot-2023-02-13-08.22.51.png","datePublished":"2023-02-13T12:23:39+00:00","dateModified":"2023-02-13T12:23:42+00:00","breadcrumb":{"@id":"https:\/\/blgnoticiassantodomingo.net\/index.php\/2023\/02\/13\/menor-que-disfrutaba-junto-a-sus-padres-del-carnaval-de-santiago-resulto-muerto-por-bala-que-disparo-policia\/#breadcrumb"},"inLanguage":"es","potentialAction":[{"@type":"ReadAction","target":["https:\/\/blgnoticiassantodomingo.net\/index.php\/2023\/02\/13\/menor-que-disfrutaba-junto-a-sus-padres-del-carnaval-de-santiago-resulto-muerto-por-bala-que-disparo-policia\/"]}]},{"@type":"ImageObject","inLanguage":"es","@id":"https:\/\/blgnoticiassantodomingo.net\/index.php\/2023\/02\/13\/menor-que-disfrutaba-junto-a-sus-padres-del-carnaval-de-santiago-resulto-muerto-por-bala-que-disparo-policia\/#primaryimage","url":"https:\/\/blgnoticiassantodomingo.net\/wp-content\/uploads\/2023\/02\/Screenshot-2023-02-13-08.22.51.png","contentUrl":"https:\/\/blgnoticiassantodomingo.net\/wp-content\/uploads\/2023\/02\/Screenshot-2023-02-13-08.22.51.png","width":364,"height":354},{"@type":"BreadcrumbList","@id":"https:\/\/blgnoticiassantodomingo.net\/index.php\/2023\/02\/13\/menor-que-disfrutaba-junto-a-sus-padres-del-carnaval-de-santiago-resulto-muerto-por-bala-que-disparo-policia\/#breadcrumb","itemListElement":[{"@type":"ListItem","position":1,"name":"Portada","item":"https:\/\/blgnoticiassantodomingo.net\/"},{"@type":"ListItem","position":2,"name":"Menor que disfrutaba junto a sus padres del Carnaval de Santiago result\u00f3 muerto por bala que dispar\u00f3 Polic\u00eda"}]},{"@type":"WebSite","@id":"https:\/\/blgnoticiassantodomingo.net\/#website","url":"https:\/\/blgnoticiassantodomingo.net\/","name":"BLG Noticias","description":"Esto es Noticias","publisher":{"@id":"https:\/\/blgnoticiassantodomingo.net\/#organization"},"potentialAction":[{"@type":"SearchAction","target":{"@type":"EntryPoint","urlTemplate":"https:\/\/blgnoticiassantodomingo.net\/?s={search_term_string}"},"query-input":{"@type":"PropertyValueSpecification","valueRequired":true,"valueName":"search_term_string"}}],"inLanguage":"es"},{"@type":"Organization","@id":"https:\/\/blgnoticiassantodomingo.net\/#organization","name":"BLG Noticias","url":"https:\/\/blgnoticiassantodomingo.net\/","logo":{"@type":"ImageObject","inLanguage":"es","@id":"https:\/\/blgnoticiassantodomingo.net\/#\/schema\/logo\/image\/","url":"https:\/\/blgnoticiassantodomingo.net\/wp-content\/uploads\/2023\/12\/Diseno-sin-titulo-3.jpg","contentUrl":"https:\/\/blgnoticiassantodomingo.net\/wp-content\/uploads\/2023\/12\/Diseno-sin-titulo-3.jpg","width":500,"height":500,"caption":"BLG Noticias"},"image":{"@id":"https:\/\/blgnoticiassantodomingo.net\/#\/schema\/logo\/image\/"},"sameAs":["https:\/\/web.facebook.com\/BlgNoticias\/?locale=es_LA&_rdc=1&_rdr","https:\/\/x.com\/BlgNoticias","https:\/\/www.linkedin.com\/in\/brenda-l-santana-aa846279\/"]},{"@type":"Person","@id":"https:\/\/blgnoticiassantodomingo.net\/#\/schema\/person\/03b67e608d24e551f208708811f9dec0","name":"Yerlin Payano","image":{"@type":"ImageObject","inLanguage":"es","@id":"https:\/\/blgnoticiassantodomingo.net\/#\/schema\/person\/image\/","url":"https:\/\/secure.gravatar.com\/avatar\/0df11eeed431210345b3a5364c9941af1e921c3e99c30e40a827773db05d19f2?s=96&d=wp_user_avatar&r=g","contentUrl":"https:\/\/secure.gravatar.com\/avatar\/0df11eeed431210345b3a5364c9941af1e921c3e99c30e40a827773db05d19f2?s=96&d=wp_user_avatar&r=g","caption":"Yerlin Payano"},"sameAs":["http:\/\/blgnoticiassantodomingo.net\/"],"url":"https:\/\/blgnoticiassantodomingo.net\/index.php\/author\/yerlinpayano\/"}]}},"jetpack_featured_media_url":"https:\/\/blgnoticiassantodomingo.net\/wp-content\/uploads\/2023\/02\/Screenshot-2023-02-13-08.22.51.png","_links":{"self":[{"href":"https:\/\/blgnoticiassantodomingo.net\/index.php\/wp-json\/wp\/v2\/posts\/34196","targetHints":{"allow":["GET"]}}],"collection":[{"href":"https:\/\/blgnoticiassantodomingo.net\/index.php\/wp-json\/wp\/v2\/posts"}],"about":[{"href":"https:\/\/blgnoticiassantodomingo.net\/index.php\/wp-json\/wp\/v2\/types\/post"}],"author":[{"embeddable":true,"href":"https:\/\/blgnoticiassantodomingo.net\/index.php\/wp-json\/wp\/v2\/users\/3"}],"replies":[{"embeddable":true,"href":"https:\/\/blgnoticiassantodomingo.net\/index.php\/wp-json\/wp\/v2\/comments?post=34196"}],"version-history":[{"count":1,"href":"https:\/\/blgnoticiassantodomingo.net\/index.php\/wp-json\/wp\/v2\/posts\/34196\/revisions"}],"predecessor-version":[{"id":34198,"href":"https:\/\/blgnoticiassantodomingo.net\/index.php\/wp-json\/wp\/v2\/posts\/34196\/revisions\/34198"}],"wp:featuredmedia":[{"embeddable":true,"href":"https:\/\/blgnoticiassantodomingo.net\/index.php\/wp-json\/wp\/v2\/media\/34197"}],"wp:attachment":[{"href":"https:\/\/blgnoticiassantodomingo.net\/index.php\/wp-json\/wp\/v2\/media?parent=34196"}],"wp:term":[{"taxonomy":"category","embeddable":true,"href":"https:\/\/blgnoticiassantodomingo.net\/index.php\/wp-json\/wp\/v2\/categories?post=34196"},{"taxonomy":"post_tag","embeddable":true,"href":"https:\/\/blgnoticiassantodomingo.net\/index.php\/wp-json\/wp\/v2\/tags?post=34196"}],"curies":[{"name":"wp","href":"https:\/\/api.w.org\/{rel}","templated":true}]}}