{"id":33979,"date":"2023-01-13T10:02:12","date_gmt":"2023-01-13T14:02:12","guid":{"rendered":"https:\/\/blgnoticiassantodomingo.net\/?p=33979"},"modified":"2023-01-13T10:02:16","modified_gmt":"2023-01-13T14:02:16","slug":"ministro-de-trabajo-promueve-programa-mejores-practicas-para-integracion-de-personas-con-capacidades-diferentes-y-equidad-de-genero","status":"publish","type":"post","link":"https:\/\/blgnoticiassantodomingo.net\/index.php\/2023\/01\/13\/ministro-de-trabajo-promueve-programa-mejores-practicas-para-integracion-de-personas-con-capacidades-diferentes-y-equidad-de-genero\/","title":{"rendered":"Ministro de trabajo promueve programa mejores pr\u00e1cticas para integraci\u00f3n de personas con capacidades diferentes y equidad de g\u00e9nero"},"content":{"rendered":"\n<p><strong>Rep\u00fablica Dominicana<\/strong>.-Como parte de su misi\u00f3n de incentivar la creaci\u00f3n de m\u00e1s y mejores empleos para los trabajadores dominicanos, as\u00ed como para promover la implementaci\u00f3n de mejores pr\u00e1cticas de inclusi\u00f3n y equidad en el trabajo, el ministro Luis Miguel De Camps, inici\u00f3 una serie de visitas para conocer de primera mano los programas de bienestar, inclusi\u00f3n laboral y seguridad que implementan las diferentes empresas del pa\u00eds.<\/p>\n\n\n\n<p>La primera visita correspondi\u00f3 a la empresa multinacional HAYCO Dominicana, la cual se dedica a la manufactura de productos de consumo masivo, mediante la implementaci\u00f3n de maquinarias de alta tecnolog\u00eda.<\/p>\n\n\n\n<p>Durante la visita, De Camps Garc\u00eda fue recibido por el CEO Global del Grupo HAYCO, Christopher Hay, quien explic\u00f3 que sus operaciones est\u00e1n sustentadas en el uso de maquinarias rob\u00f3ticas y modelos tecnol\u00f3gicos que requieren del constante desarrollo y tecnificaci\u00f3n del personal.<\/p>\n\n\n\n<p>El Se\u00f1or Christopher Hay indic\u00f3 que la empresa emplea a unos 2,600 trabajadores, de los cuales el 99% son dominicanos y el 60% son mujeres, destacando que las posiciones de niveles gerenciales y de alta direcci\u00f3n son ocupadas en un 88% por dominicanos y un 30% por mujeres.<\/p>\n\n\n\n<p>En cuanto a la integraci\u00f3n de personas con capacidades diferentes, han desarrollado un programa que emplea a personas con discapacidad auditiva, quienes desempe\u00f1an tareas a todos los niveles de la empresa.<\/p>\n\n\n\n<p>El ministro de Trabajo recorri\u00f3 la planta de producci\u00f3n de unos 20 mil metros cuadrados, donde recibi\u00f3 la explicaci\u00f3n de las diferentes \u00e1reas que van desde moldeado, etiquetado, ensamblado, empaque y distribuci\u00f3n.<\/p>\n\n\n\n<p>El ministro De Camps expres\u00f3 que es un objetivo fundamental del ministerio garantizar el bienestar de todos los trabajadores y que estos desarrollen sus trabajos en un ambiente que re\u00fana las condiciones tanto para su bienestar f\u00edsico como psicol\u00f3gico. Expres\u00f3 que estas visitas se realizan con el inter\u00e9s de conocer estas buenas pr\u00e1cticas e incentivarlas.<\/p>\n\n\n\n<p>De Camps Garc\u00eda y Christopher Hay, acordaron colaborar para desarrollar programas que promuevan la integraci\u00f3n de m\u00e1s trabajadores con capacidades diferentes, as\u00ed como el desarrollo de programas desde la Escuela Taller, instituci\u00f3n que apadrina el Ministerio de Trabajo.<\/p>\n\n\n\n<p>\u201cDesde el ministerio de Trabajo estamos abiertos a establecer programas de permitan a j\u00f3venes egresados de la Escuela Taller, que apadrina la instituci\u00f3n, as\u00ed como los que solicitan a trav\u00e9s del Servicio Nacional de Empleo (SENAE), puedan incorporarse como colaboradores de la manufactura\u201d, expres\u00f3 De Camps.<\/p>\n\n\n\n<p>El programa de visita a empresas continuar\u00e1 en otras empresas del pa\u00eds con el inter\u00e9s fundamental de incentivar buenas pr\u00e1cticas laborales para todos los trabajadores dominicanos pero, tambi\u00e9n, de arribar a acuerdos de colaboraci\u00f3n que permitan y garanticen la inserci\u00f3n laboral de m\u00e1s dominicanos, sin distinci\u00f3n.<\/p>\n\n\n\n<p>\u201cEs una labor que asumimos con entusiasmo, y en nuestro rol de intermediaci\u00f3n, nos hemos comprometido a lograr que las oportunidades de empleo lleguen a todos los dominicanos en cada rinc\u00f3n del pa\u00eds\u201d expres\u00f3 el ministro de trabajo.<\/p>\n\n\n\n<p>En la actividad estuvieron presentes adem\u00e1s, la viceministra de Pol\u00edticas de Empleo, Marie Laure Aristy Paul, el se\u00f1or Luis Manuel Pellerano, Director General del Parque Zona Franca Las Am\u00e9ricas y otros ejecutivos de HAYCO.<\/p>\n","protected":false},"excerpt":{"rendered":"<p>Rep\u00fablica Dominicana.-Como parte de su misi\u00f3n de incentivar la creaci\u00f3n de m\u00e1s y mejores empleos para los trabajadores dominicanos, as\u00ed como para promover la implementaci\u00f3n de mejores pr\u00e1cticas de inclusi\u00f3n y equidad en el trabajo, el ministro Luis Miguel De Camps, inici\u00f3 una serie de visitas para conocer de primera mano los programas de bienestar, [&hellip;]<\/p>\n","protected":false},"author":3,"featured_media":33980,"comment_status":"open","ping_status":"open","sticky":false,"template":"","format":"standard","meta":{"footnotes":""},"categories":[220],"tags":[7673,7672,3965,383],"class_list":{"0":"post-33979","1":"post","2":"type-post","3":"status-publish","4":"format-standard","5":"has-post-thumbnail","7":"category-nacionales","8":"tag-equidad-de-genero","9":"tag-integracion-de-personas","10":"tag-ministro-de-trabajo","11":"tag-republica-dominicana"},"yoast_head":"<!-- This site is optimized with the Yoast SEO plugin v24.9 - https:\/\/yoast.com\/wordpress\/plugins\/seo\/ -->\n<title>Ministro de trabajo promueve programa mejores pr\u00e1cticas para integraci\u00f3n de personas con capacidades diferentes y equidad de g\u00e9nero - BLG Noticias<\/title>\n<meta name=\"robots\" content=\"index, follow, max-snippet:-1, max-image-preview:large, max-video-preview:-1\" \/>\n<link rel=\"canonical\" href=\"https:\/\/blgnoticiassantodomingo.net\/index.php\/2023\/01\/13\/ministro-de-trabajo-promueve-programa-mejores-practicas-para-integracion-de-personas-con-capacidades-diferentes-y-equidad-de-genero\/\" \/>\n<meta property=\"og:locale\" content=\"es_ES\" \/>\n<meta property=\"og:type\" content=\"article\" \/>\n<meta property=\"og:title\" content=\"Ministro de trabajo promueve programa mejores pr\u00e1cticas para integraci\u00f3n de personas con capacidades diferentes y equidad de g\u00e9nero - BLG Noticias\" \/>\n<meta property=\"og:description\" content=\"Rep\u00fablica Dominicana.-Como parte de su misi\u00f3n de incentivar la creaci\u00f3n de m\u00e1s y mejores empleos para los trabajadores dominicanos, as\u00ed como para promover la implementaci\u00f3n de mejores pr\u00e1cticas de inclusi\u00f3n y equidad en el trabajo, el ministro Luis Miguel De Camps, inici\u00f3 una serie de visitas para conocer de primera mano los programas de bienestar, [&hellip;]\" \/>\n<meta property=\"og:url\" content=\"https:\/\/blgnoticiassantodomingo.net\/index.php\/2023\/01\/13\/ministro-de-trabajo-promueve-programa-mejores-practicas-para-integracion-de-personas-con-capacidades-diferentes-y-equidad-de-genero\/\" \/>\n<meta property=\"og:site_name\" content=\"BLG Noticias\" \/>\n<meta property=\"article:publisher\" content=\"https:\/\/web.facebook.com\/BlgNoticias\/?locale=es_LA&amp;_rdc=1&amp;_rdr\" \/>\n<meta property=\"article:published_time\" content=\"2023-01-13T14:02:12+00:00\" \/>\n<meta property=\"article:modified_time\" content=\"2023-01-13T14:02:16+00:00\" \/>\n<meta property=\"og:image\" content=\"https:\/\/blgnoticiassantodomingo.net\/wp-content\/uploads\/2023\/01\/Screenshot-2023-01-13-10.00.00.png\" \/>\n\t<meta property=\"og:image:width\" content=\"761\" \/>\n\t<meta property=\"og:image:height\" content=\"657\" \/>\n\t<meta property=\"og:image:type\" content=\"image\/png\" \/>\n<meta name=\"author\" content=\"Yerlin Payano\" \/>\n<meta name=\"twitter:card\" content=\"summary_large_image\" \/>\n<meta name=\"twitter:creator\" content=\"@BlgNoticias\" \/>\n<meta name=\"twitter:site\" content=\"@BlgNoticias\" \/>\n<meta name=\"twitter:label1\" content=\"Escrito por\" \/>\n\t<meta name=\"twitter:data1\" content=\"Yerlin Payano\" \/>\n\t<meta name=\"twitter:label2\" content=\"Tiempo de lectura\" \/>\n\t<meta name=\"twitter:data2\" content=\"3 minutos\" \/>\n<script type=\"application\/ld+json\" class=\"yoast-schema-graph\">{\"@context\":\"https:\/\/schema.org\",\"@graph\":[{\"@type\":\"Article\",\"@id\":\"https:\/\/blgnoticiassantodomingo.net\/index.php\/2023\/01\/13\/ministro-de-trabajo-promueve-programa-mejores-practicas-para-integracion-de-personas-con-capacidades-diferentes-y-equidad-de-genero\/#article\",\"isPartOf\":{\"@id\":\"https:\/\/blgnoticiassantodomingo.net\/index.php\/2023\/01\/13\/ministro-de-trabajo-promueve-programa-mejores-practicas-para-integracion-de-personas-con-capacidades-diferentes-y-equidad-de-genero\/\"},\"author\":{\"name\":\"Yerlin Payano\",\"@id\":\"https:\/\/blgnoticiassantodomingo.net\/#\/schema\/person\/03b67e608d24e551f208708811f9dec0\"},\"headline\":\"Ministro de trabajo promueve programa mejores pr\u00e1cticas para integraci\u00f3n de personas con capacidades diferentes y equidad de g\u00e9nero\",\"datePublished\":\"2023-01-13T14:02:12+00:00\",\"dateModified\":\"2023-01-13T14:02:16+00:00\",\"mainEntityOfPage\":{\"@id\":\"https:\/\/blgnoticiassantodomingo.net\/index.php\/2023\/01\/13\/ministro-de-trabajo-promueve-programa-mejores-practicas-para-integracion-de-personas-con-capacidades-diferentes-y-equidad-de-genero\/\"},\"wordCount\":572,\"commentCount\":0,\"publisher\":{\"@id\":\"https:\/\/blgnoticiassantodomingo.net\/#organization\"},\"image\":{\"@id\":\"https:\/\/blgnoticiassantodomingo.net\/index.php\/2023\/01\/13\/ministro-de-trabajo-promueve-programa-mejores-practicas-para-integracion-de-personas-con-capacidades-diferentes-y-equidad-de-genero\/#primaryimage\"},\"thumbnailUrl\":\"https:\/\/blgnoticiassantodomingo.net\/wp-content\/uploads\/2023\/01\/Screenshot-2023-01-13-10.00.00.png\",\"keywords\":[\"equidad de genero\",\"integracion de personas\",\"ministro de Trabajo\",\"Republica Dominicana\"],\"articleSection\":[\"Nacionales\"],\"inLanguage\":\"es\",\"potentialAction\":[{\"@type\":\"CommentAction\",\"name\":\"Comment\",\"target\":[\"https:\/\/blgnoticiassantodomingo.net\/index.php\/2023\/01\/13\/ministro-de-trabajo-promueve-programa-mejores-practicas-para-integracion-de-personas-con-capacidades-diferentes-y-equidad-de-genero\/#respond\"]}]},{\"@type\":\"WebPage\",\"@id\":\"https:\/\/blgnoticiassantodomingo.net\/index.php\/2023\/01\/13\/ministro-de-trabajo-promueve-programa-mejores-practicas-para-integracion-de-personas-con-capacidades-diferentes-y-equidad-de-genero\/\",\"url\":\"https:\/\/blgnoticiassantodomingo.net\/index.php\/2023\/01\/13\/ministro-de-trabajo-promueve-programa-mejores-practicas-para-integracion-de-personas-con-capacidades-diferentes-y-equidad-de-genero\/\",\"name\":\"Ministro de trabajo promueve programa mejores pr\u00e1cticas para integraci\u00f3n de personas con capacidades diferentes y equidad de g\u00e9nero - BLG Noticias\",\"isPartOf\":{\"@id\":\"https:\/\/blgnoticiassantodomingo.net\/#website\"},\"primaryImageOfPage\":{\"@id\":\"https:\/\/blgnoticiassantodomingo.net\/index.php\/2023\/01\/13\/ministro-de-trabajo-promueve-programa-mejores-practicas-para-integracion-de-personas-con-capacidades-diferentes-y-equidad-de-genero\/#primaryimage\"},\"image\":{\"@id\":\"https:\/\/blgnoticiassantodomingo.net\/index.php\/2023\/01\/13\/ministro-de-trabajo-promueve-programa-mejores-practicas-para-integracion-de-personas-con-capacidades-diferentes-y-equidad-de-genero\/#primaryimage\"},\"thumbnailUrl\":\"https:\/\/blgnoticiassantodomingo.net\/wp-content\/uploads\/2023\/01\/Screenshot-2023-01-13-10.00.00.png\",\"datePublished\":\"2023-01-13T14:02:12+00:00\",\"dateModified\":\"2023-01-13T14:02:16+00:00\",\"breadcrumb\":{\"@id\":\"https:\/\/blgnoticiassantodomingo.net\/index.php\/2023\/01\/13\/ministro-de-trabajo-promueve-programa-mejores-practicas-para-integracion-de-personas-con-capacidades-diferentes-y-equidad-de-genero\/#breadcrumb\"},\"inLanguage\":\"es\",\"potentialAction\":[{\"@type\":\"ReadAction\",\"target\":[\"https:\/\/blgnoticiassantodomingo.net\/index.php\/2023\/01\/13\/ministro-de-trabajo-promueve-programa-mejores-practicas-para-integracion-de-personas-con-capacidades-diferentes-y-equidad-de-genero\/\"]}]},{\"@type\":\"ImageObject\",\"inLanguage\":\"es\",\"@id\":\"https:\/\/blgnoticiassantodomingo.net\/index.php\/2023\/01\/13\/ministro-de-trabajo-promueve-programa-mejores-practicas-para-integracion-de-personas-con-capacidades-diferentes-y-equidad-de-genero\/#primaryimage\",\"url\":\"https:\/\/blgnoticiassantodomingo.net\/wp-content\/uploads\/2023\/01\/Screenshot-2023-01-13-10.00.00.png\",\"contentUrl\":\"https:\/\/blgnoticiassantodomingo.net\/wp-content\/uploads\/2023\/01\/Screenshot-2023-01-13-10.00.00.png\",\"width\":761,\"height\":657},{\"@type\":\"BreadcrumbList\",\"@id\":\"https:\/\/blgnoticiassantodomingo.net\/index.php\/2023\/01\/13\/ministro-de-trabajo-promueve-programa-mejores-practicas-para-integracion-de-personas-con-capacidades-diferentes-y-equidad-de-genero\/#breadcrumb\",\"itemListElement\":[{\"@type\":\"ListItem\",\"position\":1,\"name\":\"Portada\",\"item\":\"https:\/\/blgnoticiassantodomingo.net\/\"},{\"@type\":\"ListItem\",\"position\":2,\"name\":\"Ministro de trabajo promueve programa mejores pr\u00e1cticas para integraci\u00f3n de personas con capacidades diferentes y equidad de g\u00e9nero\"}]},{\"@type\":\"WebSite\",\"@id\":\"https:\/\/blgnoticiassantodomingo.net\/#website\",\"url\":\"https:\/\/blgnoticiassantodomingo.net\/\",\"name\":\"BLG Noticias\",\"description\":\"Esto es Noticias\",\"publisher\":{\"@id\":\"https:\/\/blgnoticiassantodomingo.net\/#organization\"},\"potentialAction\":[{\"@type\":\"SearchAction\",\"target\":{\"@type\":\"EntryPoint\",\"urlTemplate\":\"https:\/\/blgnoticiassantodomingo.net\/?s={search_term_string}\"},\"query-input\":{\"@type\":\"PropertyValueSpecification\",\"valueRequired\":true,\"valueName\":\"search_term_string\"}}],\"inLanguage\":\"es\"},{\"@type\":\"Organization\",\"@id\":\"https:\/\/blgnoticiassantodomingo.net\/#organization\",\"name\":\"BLG Noticias\",\"url\":\"https:\/\/blgnoticiassantodomingo.net\/\",\"logo\":{\"@type\":\"ImageObject\",\"inLanguage\":\"es\",\"@id\":\"https:\/\/blgnoticiassantodomingo.net\/#\/schema\/logo\/image\/\",\"url\":\"https:\/\/blgnoticiassantodomingo.net\/wp-content\/uploads\/2023\/12\/Diseno-sin-titulo-3.jpg\",\"contentUrl\":\"https:\/\/blgnoticiassantodomingo.net\/wp-content\/uploads\/2023\/12\/Diseno-sin-titulo-3.jpg\",\"width\":500,\"height\":500,\"caption\":\"BLG Noticias\"},\"image\":{\"@id\":\"https:\/\/blgnoticiassantodomingo.net\/#\/schema\/logo\/image\/\"},\"sameAs\":[\"https:\/\/web.facebook.com\/BlgNoticias\/?locale=es_LA&_rdc=1&_rdr\",\"https:\/\/x.com\/BlgNoticias\",\"https:\/\/www.linkedin.com\/in\/brenda-l-santana-aa846279\/\"]},{\"@type\":\"Person\",\"@id\":\"https:\/\/blgnoticiassantodomingo.net\/#\/schema\/person\/03b67e608d24e551f208708811f9dec0\",\"name\":\"Yerlin Payano\",\"image\":{\"@type\":\"ImageObject\",\"inLanguage\":\"es\",\"@id\":\"https:\/\/blgnoticiassantodomingo.net\/#\/schema\/person\/image\/\",\"url\":\"https:\/\/secure.gravatar.com\/avatar\/0df11eeed431210345b3a5364c9941af1e921c3e99c30e40a827773db05d19f2?s=96&d=wp_user_avatar&r=g\",\"contentUrl\":\"https:\/\/secure.gravatar.com\/avatar\/0df11eeed431210345b3a5364c9941af1e921c3e99c30e40a827773db05d19f2?s=96&d=wp_user_avatar&r=g\",\"caption\":\"Yerlin Payano\"},\"sameAs\":[\"http:\/\/blgnoticiassantodomingo.net\/\"],\"url\":\"https:\/\/blgnoticiassantodomingo.net\/index.php\/author\/yerlinpayano\/\"}]}<\/script>\n<!-- \/ Yoast SEO plugin. -->","yoast_head_json":{"title":"Ministro de trabajo promueve programa mejores pr\u00e1cticas para integraci\u00f3n de personas con capacidades diferentes y equidad de g\u00e9nero - BLG Noticias","robots":{"index":"index","follow":"follow","max-snippet":"max-snippet:-1","max-image-preview":"max-image-preview:large","max-video-preview":"max-video-preview:-1"},"canonical":"https:\/\/blgnoticiassantodomingo.net\/index.php\/2023\/01\/13\/ministro-de-trabajo-promueve-programa-mejores-practicas-para-integracion-de-personas-con-capacidades-diferentes-y-equidad-de-genero\/","og_locale":"es_ES","og_type":"article","og_title":"Ministro de trabajo promueve programa mejores pr\u00e1cticas para integraci\u00f3n de personas con capacidades diferentes y equidad de g\u00e9nero - BLG Noticias","og_description":"Rep\u00fablica Dominicana.-Como parte de su misi\u00f3n de incentivar la creaci\u00f3n de m\u00e1s y mejores empleos para los trabajadores dominicanos, as\u00ed como para promover la implementaci\u00f3n de mejores pr\u00e1cticas de inclusi\u00f3n y equidad en el trabajo, el ministro Luis Miguel De Camps, inici\u00f3 una serie de visitas para conocer de primera mano los programas de bienestar, [&hellip;]","og_url":"https:\/\/blgnoticiassantodomingo.net\/index.php\/2023\/01\/13\/ministro-de-trabajo-promueve-programa-mejores-practicas-para-integracion-de-personas-con-capacidades-diferentes-y-equidad-de-genero\/","og_site_name":"BLG Noticias","article_publisher":"https:\/\/web.facebook.com\/BlgNoticias\/?locale=es_LA&_rdc=1&_rdr","article_published_time":"2023-01-13T14:02:12+00:00","article_modified_time":"2023-01-13T14:02:16+00:00","og_image":[{"width":761,"height":657,"url":"https:\/\/blgnoticiassantodomingo.net\/wp-content\/uploads\/2023\/01\/Screenshot-2023-01-13-10.00.00.png","type":"image\/png"}],"author":"Yerlin Payano","twitter_card":"summary_large_image","twitter_creator":"@BlgNoticias","twitter_site":"@BlgNoticias","twitter_misc":{"Escrito por":"Yerlin Payano","Tiempo de lectura":"3 minutos"},"schema":{"@context":"https:\/\/schema.org","@graph":[{"@type":"Article","@id":"https:\/\/blgnoticiassantodomingo.net\/index.php\/2023\/01\/13\/ministro-de-trabajo-promueve-programa-mejores-practicas-para-integracion-de-personas-con-capacidades-diferentes-y-equidad-de-genero\/#article","isPartOf":{"@id":"https:\/\/blgnoticiassantodomingo.net\/index.php\/2023\/01\/13\/ministro-de-trabajo-promueve-programa-mejores-practicas-para-integracion-de-personas-con-capacidades-diferentes-y-equidad-de-genero\/"},"author":{"name":"Yerlin Payano","@id":"https:\/\/blgnoticiassantodomingo.net\/#\/schema\/person\/03b67e608d24e551f208708811f9dec0"},"headline":"Ministro de trabajo promueve programa mejores pr\u00e1cticas para integraci\u00f3n de personas con capacidades diferentes y equidad de g\u00e9nero","datePublished":"2023-01-13T14:02:12+00:00","dateModified":"2023-01-13T14:02:16+00:00","mainEntityOfPage":{"@id":"https:\/\/blgnoticiassantodomingo.net\/index.php\/2023\/01\/13\/ministro-de-trabajo-promueve-programa-mejores-practicas-para-integracion-de-personas-con-capacidades-diferentes-y-equidad-de-genero\/"},"wordCount":572,"commentCount":0,"publisher":{"@id":"https:\/\/blgnoticiassantodomingo.net\/#organization"},"image":{"@id":"https:\/\/blgnoticiassantodomingo.net\/index.php\/2023\/01\/13\/ministro-de-trabajo-promueve-programa-mejores-practicas-para-integracion-de-personas-con-capacidades-diferentes-y-equidad-de-genero\/#primaryimage"},"thumbnailUrl":"https:\/\/blgnoticiassantodomingo.net\/wp-content\/uploads\/2023\/01\/Screenshot-2023-01-13-10.00.00.png","keywords":["equidad de genero","integracion de personas","ministro de Trabajo","Republica Dominicana"],"articleSection":["Nacionales"],"inLanguage":"es","potentialAction":[{"@type":"CommentAction","name":"Comment","target":["https:\/\/blgnoticiassantodomingo.net\/index.php\/2023\/01\/13\/ministro-de-trabajo-promueve-programa-mejores-practicas-para-integracion-de-personas-con-capacidades-diferentes-y-equidad-de-genero\/#respond"]}]},{"@type":"WebPage","@id":"https:\/\/blgnoticiassantodomingo.net\/index.php\/2023\/01\/13\/ministro-de-trabajo-promueve-programa-mejores-practicas-para-integracion-de-personas-con-capacidades-diferentes-y-equidad-de-genero\/","url":"https:\/\/blgnoticiassantodomingo.net\/index.php\/2023\/01\/13\/ministro-de-trabajo-promueve-programa-mejores-practicas-para-integracion-de-personas-con-capacidades-diferentes-y-equidad-de-genero\/","name":"Ministro de trabajo promueve programa mejores pr\u00e1cticas para integraci\u00f3n de personas con capacidades diferentes y equidad de g\u00e9nero - BLG Noticias","isPartOf":{"@id":"https:\/\/blgnoticiassantodomingo.net\/#website"},"primaryImageOfPage":{"@id":"https:\/\/blgnoticiassantodomingo.net\/index.php\/2023\/01\/13\/ministro-de-trabajo-promueve-programa-mejores-practicas-para-integracion-de-personas-con-capacidades-diferentes-y-equidad-de-genero\/#primaryimage"},"image":{"@id":"https:\/\/blgnoticiassantodomingo.net\/index.php\/2023\/01\/13\/ministro-de-trabajo-promueve-programa-mejores-practicas-para-integracion-de-personas-con-capacidades-diferentes-y-equidad-de-genero\/#primaryimage"},"thumbnailUrl":"https:\/\/blgnoticiassantodomingo.net\/wp-content\/uploads\/2023\/01\/Screenshot-2023-01-13-10.00.00.png","datePublished":"2023-01-13T14:02:12+00:00","dateModified":"2023-01-13T14:02:16+00:00","breadcrumb":{"@id":"https:\/\/blgnoticiassantodomingo.net\/index.php\/2023\/01\/13\/ministro-de-trabajo-promueve-programa-mejores-practicas-para-integracion-de-personas-con-capacidades-diferentes-y-equidad-de-genero\/#breadcrumb"},"inLanguage":"es","potentialAction":[{"@type":"ReadAction","target":["https:\/\/blgnoticiassantodomingo.net\/index.php\/2023\/01\/13\/ministro-de-trabajo-promueve-programa-mejores-practicas-para-integracion-de-personas-con-capacidades-diferentes-y-equidad-de-genero\/"]}]},{"@type":"ImageObject","inLanguage":"es","@id":"https:\/\/blgnoticiassantodomingo.net\/index.php\/2023\/01\/13\/ministro-de-trabajo-promueve-programa-mejores-practicas-para-integracion-de-personas-con-capacidades-diferentes-y-equidad-de-genero\/#primaryimage","url":"https:\/\/blgnoticiassantodomingo.net\/wp-content\/uploads\/2023\/01\/Screenshot-2023-01-13-10.00.00.png","contentUrl":"https:\/\/blgnoticiassantodomingo.net\/wp-content\/uploads\/2023\/01\/Screenshot-2023-01-13-10.00.00.png","width":761,"height":657},{"@type":"BreadcrumbList","@id":"https:\/\/blgnoticiassantodomingo.net\/index.php\/2023\/01\/13\/ministro-de-trabajo-promueve-programa-mejores-practicas-para-integracion-de-personas-con-capacidades-diferentes-y-equidad-de-genero\/#breadcrumb","itemListElement":[{"@type":"ListItem","position":1,"name":"Portada","item":"https:\/\/blgnoticiassantodomingo.net\/"},{"@type":"ListItem","position":2,"name":"Ministro de trabajo promueve programa mejores pr\u00e1cticas para integraci\u00f3n de personas con capacidades diferentes y equidad de g\u00e9nero"}]},{"@type":"WebSite","@id":"https:\/\/blgnoticiassantodomingo.net\/#website","url":"https:\/\/blgnoticiassantodomingo.net\/","name":"BLG Noticias","description":"Esto es Noticias","publisher":{"@id":"https:\/\/blgnoticiassantodomingo.net\/#organization"},"potentialAction":[{"@type":"SearchAction","target":{"@type":"EntryPoint","urlTemplate":"https:\/\/blgnoticiassantodomingo.net\/?s={search_term_string}"},"query-input":{"@type":"PropertyValueSpecification","valueRequired":true,"valueName":"search_term_string"}}],"inLanguage":"es"},{"@type":"Organization","@id":"https:\/\/blgnoticiassantodomingo.net\/#organization","name":"BLG Noticias","url":"https:\/\/blgnoticiassantodomingo.net\/","logo":{"@type":"ImageObject","inLanguage":"es","@id":"https:\/\/blgnoticiassantodomingo.net\/#\/schema\/logo\/image\/","url":"https:\/\/blgnoticiassantodomingo.net\/wp-content\/uploads\/2023\/12\/Diseno-sin-titulo-3.jpg","contentUrl":"https:\/\/blgnoticiassantodomingo.net\/wp-content\/uploads\/2023\/12\/Diseno-sin-titulo-3.jpg","width":500,"height":500,"caption":"BLG Noticias"},"image":{"@id":"https:\/\/blgnoticiassantodomingo.net\/#\/schema\/logo\/image\/"},"sameAs":["https:\/\/web.facebook.com\/BlgNoticias\/?locale=es_LA&_rdc=1&_rdr","https:\/\/x.com\/BlgNoticias","https:\/\/www.linkedin.com\/in\/brenda-l-santana-aa846279\/"]},{"@type":"Person","@id":"https:\/\/blgnoticiassantodomingo.net\/#\/schema\/person\/03b67e608d24e551f208708811f9dec0","name":"Yerlin Payano","image":{"@type":"ImageObject","inLanguage":"es","@id":"https:\/\/blgnoticiassantodomingo.net\/#\/schema\/person\/image\/","url":"https:\/\/secure.gravatar.com\/avatar\/0df11eeed431210345b3a5364c9941af1e921c3e99c30e40a827773db05d19f2?s=96&d=wp_user_avatar&r=g","contentUrl":"https:\/\/secure.gravatar.com\/avatar\/0df11eeed431210345b3a5364c9941af1e921c3e99c30e40a827773db05d19f2?s=96&d=wp_user_avatar&r=g","caption":"Yerlin Payano"},"sameAs":["http:\/\/blgnoticiassantodomingo.net\/"],"url":"https:\/\/blgnoticiassantodomingo.net\/index.php\/author\/yerlinpayano\/"}]}},"jetpack_featured_media_url":"https:\/\/blgnoticiassantodomingo.net\/wp-content\/uploads\/2023\/01\/Screenshot-2023-01-13-10.00.00.png","_links":{"self":[{"href":"https:\/\/blgnoticiassantodomingo.net\/index.php\/wp-json\/wp\/v2\/posts\/33979","targetHints":{"allow":["GET"]}}],"collection":[{"href":"https:\/\/blgnoticiassantodomingo.net\/index.php\/wp-json\/wp\/v2\/posts"}],"about":[{"href":"https:\/\/blgnoticiassantodomingo.net\/index.php\/wp-json\/wp\/v2\/types\/post"}],"author":[{"embeddable":true,"href":"https:\/\/blgnoticiassantodomingo.net\/index.php\/wp-json\/wp\/v2\/users\/3"}],"replies":[{"embeddable":true,"href":"https:\/\/blgnoticiassantodomingo.net\/index.php\/wp-json\/wp\/v2\/comments?post=33979"}],"version-history":[{"count":1,"href":"https:\/\/blgnoticiassantodomingo.net\/index.php\/wp-json\/wp\/v2\/posts\/33979\/revisions"}],"predecessor-version":[{"id":33981,"href":"https:\/\/blgnoticiassantodomingo.net\/index.php\/wp-json\/wp\/v2\/posts\/33979\/revisions\/33981"}],"wp:featuredmedia":[{"embeddable":true,"href":"https:\/\/blgnoticiassantodomingo.net\/index.php\/wp-json\/wp\/v2\/media\/33980"}],"wp:attachment":[{"href":"https:\/\/blgnoticiassantodomingo.net\/index.php\/wp-json\/wp\/v2\/media?parent=33979"}],"wp:term":[{"taxonomy":"category","embeddable":true,"href":"https:\/\/blgnoticiassantodomingo.net\/index.php\/wp-json\/wp\/v2\/categories?post=33979"},{"taxonomy":"post_tag","embeddable":true,"href":"https:\/\/blgnoticiassantodomingo.net\/index.php\/wp-json\/wp\/v2\/tags?post=33979"}],"curies":[{"name":"wp","href":"https:\/\/api.w.org\/{rel}","templated":true}]}}