{"id":33872,"date":"2022-12-30T16:43:44","date_gmt":"2022-12-30T20:43:44","guid":{"rendered":"https:\/\/blgnoticiassantodomingo.net\/?p=33872"},"modified":"2022-12-30T16:43:48","modified_gmt":"2022-12-30T20:43:48","slug":"fjt-califica-2022-como-el-ano-del-precipicio-electoral-y-el-debilitamiento-de-la-lucha-contra-la-corrupcion","status":"publish","type":"post","link":"https:\/\/blgnoticiassantodomingo.net\/index.php\/2022\/12\/30\/fjt-califica-2022-como-el-ano-del-precipicio-electoral-y-el-debilitamiento-de-la-lucha-contra-la-corrupcion\/","title":{"rendered":"FJT califica 2022 como el a\u00f1o del Precipicio Electoral y el Debilitamiento de la Lucha Contra la Corrupci\u00f3n"},"content":{"rendered":"\n<p>Santo Domingo-. La Fundaci\u00f3n Justicia y Transparencia (FJT), present\u00f3 un documento contentivo de una serie de reflexiones y consideraciones relacionadas con el manejo y desempe\u00f1o del Gobierno Dominicano, en su interacci\u00f3n con los diferentes actores pol\u00edticos econ\u00f3micos y sociales, con ocasi\u00f3n del cumplimiento de sus respectivos roles durante el a\u00f1o que reci\u00e9n estar\u00eda por concluir.<\/p>\n\n\n\n<p>La entidad c\u00edvica, tras presentar el documento, calific\u00f3 el 2022, como el a\u00f1o del precipicio electoral y el debilitamiento de la lucha contra la corrupci\u00f3n, ello as\u00ed en el plano democr\u00e1tico, por la constante campa\u00f1a generalizada a destiempo, el irrespeto a la institucionalidad y la d\u00e9bil reacci\u00f3n de la Junta Central Electoral (JCE), la falta de una adecuada reforma electoral y la incertidumbre presupuestaria de la JCE, entre otros males; en materia de lucha contra la corrupci\u00f3n, tambi\u00e9n nos encontramos con un panorama t\u00e9trico, a saber; un Ministerio P\u00fablico, con presiones extremas a nivel pol\u00edtico, empresarial y medi\u00e1tico, con falta de personal y log\u00edstica, presupuesto insuficiente, ello sumado a otros dificultades, que hoy lo proyectan d\u00e9bil y con un importante rezago en el avance y judicializaci\u00f3n de expedientes de corrupci\u00f3n.<\/p>\n\n\n\n<p>FJT considera error del MP centrar sus resultados en mantenimiento de presos preventivos y NO en m\u00e1s sometimientos judiciales.<\/p>\n\n\n\n<p>Asimismo, Justicia y Transparencia consider\u00f3 como un grave error del Ministerio P\u00fablico, el centrar sus resultados en materia de lucha contra la corrupci\u00f3n, en el mantenimiento de presos preventivos, m\u00e1s all\u00e1 de lo razonable, y NO en el avance, investigaci\u00f3n, sometimiento y judicializaci\u00f3n de m\u00e1s expedientes, tambi\u00e9n es errado el confrontar los jueces por la decisi\u00f3n que estas tomen, siendo parte de un mismo sistema y cuyas decisiones, s\u00f3lo deben ser atacadas mediante los procedimientos que establecen las leyes, m\u00e1xime por que todo ello, erosiona y debilita a\u00fan m\u00e1s la lucha contra la corrupci\u00f3n.<\/p>\n\n\n\n<p>El presidente de la fundaci\u00f3n, Trajano Potentini record\u00f3 que la magistrada Mirian German, en una oportunidad, har\u00e1n casi unos 2 a\u00f1os, habr\u00eda anunciado al pa\u00eds, en una importante entrevista de televisi\u00f3n, que se estaban investigando m\u00e1s de 400 casos de corrupci\u00f3n, habi\u00e9ndose sometido al d\u00eda de hoy, a la acci\u00f3n de la justicia, apenas unos 10 expedientes de importancia, lo que sin lugar a dudas denota grandes debilidades, institucionales y estructurales del Ministerio P\u00fablico, para combatir la corrupci\u00f3n.<\/p>\n\n\n\n<div class=\"wp-block-columns is-layout-flex wp-container-core-columns-is-layout-9d6595d7 wp-block-columns-is-layout-flex\">\n<div class=\"wp-block-column is-layout-flow wp-block-column-is-layout-flow\" style=\"flex-basis:100%\">\n<figure class=\"wp-block-pullquote\"><blockquote><p>FJT califica 2022 como el a\u00f1o del Precipicio Electoral y el Debilitamiento de la Lucha Contra la Corrupci\u00f3n<br><br>FJT Considera error del MP centrar sus resultados en mantenimiento de presos preventivos y NO en m\u00e1s sometimientos judiciales<br><br>FJT respalda accionar de Mirian German, Yeni Berenice y Wilson Camacho, y les pide no desfallecer en Lucha Anticorrupci\u00f3n<br><br>FJT expresa preocupaci\u00f3n por falta de reacci\u00f3n de autoridades ante reiteradas denuncias de corrupci\u00f3n.<br>Justicia y Transparencia deplora pol\u00edticos y empresarios Contin\u00faen Desguazando el Patrimonio P\u00fablico a Precio de Vaca Muerta<br><br>FJT expresa preocupaci\u00f3n por Acelerado Endeudamiento, Crisis Econ\u00f3mica, Migraci\u00f3n Haitiana y Seguridad Ciudadana<br>Rechaza Palo Acechado de aprobaci\u00f3n de ley de Fideicomiso P\u00fablico, privatizando el erario p\u00fablico en violaci\u00f3n a la constituci\u00f3n<\/p><\/blockquote><\/figure>\n<\/div>\n<\/div>\n\n\n\n<p>FJT respalda accionar de Mirian German, Yeni Berenice y Wilson Camacho, y les pide no desfallecer en Lucha Anticorrupci\u00f3n.<\/p>\n\n\n\n<p>La FJT no obstante el rezago y los escollos que hoy debilitan y cuestionan la lucha contra la corrupci\u00f3n, reconoci\u00f3 la gran y valiente labor, que vienen realizando Mirian German, Yeni Berenice y Wilson Camacho, a quienes ofreci\u00f3 su total apoyo, al tiempo de pedirles el no desfallecer y seguir adelante, en tan tit\u00e1nica y sacrificada lucha, pese a que sabemos los abrumantes y poderosos intereses a que se est\u00e1n enfrentando, le reiteramos nuestro respaldo, reconoci\u00e9ndoles que hasta el d\u00eda de hoy, con grandes dificultades, han tenido el arrojo y la determinaci\u00f3n, de hacer lo que nunca se ha hecho, en materia de combate a la corrupci\u00f3n, en el entendido de que su ejemplo, sacrificio y legado, servir\u00e1n como el inicio del destierro, de la ya cultural impunidad, que ha campeado a sus anchas por d\u00e9cadas en la Rep\u00fablica Dominicana.<\/p>\n\n\n\n<p>De igual forma puede ser calificada como una falencia, y consecuentemente como una debilidad del Ministerio P\u00fablico, la falta de un sistema de protecci\u00f3n de testigos que denuncien la corrupci\u00f3n, ya sea en beneficio de empleados p\u00fablicos o simples ciudadanos, lo cual constituye un mandato imperativo del estado dominicano, sobre todo por la utilidad y buque insignia en que se ha convertido, para el Ministerio P\u00fablico, las denominadas delaciones premiadas, las cuales al d\u00eda de hoy, no encuentran cobijo en nuestras leyes penales, pese a que constituye una obligaci\u00f3n y compromiso internacional del Estado dominicano, todo ello derivado del cumplimiento de la Convenci\u00f3n Interamericana Contra la Corrupci\u00f3n y su Mecanismo de Seguimiento e Implementaci\u00f3n (MESICIC), dependiente de la Organizaci\u00f3n de Estado Americanos (OEA).<\/p>\n\n\n\n<p>FJT expresa preocupaci\u00f3n por falta de reacci\u00f3n de autoridades ante reiteradas denuncias de corrupci\u00f3n.<\/p>\n\n\n\n<p>La FJT tambi\u00e9n expres\u00f3 su preocupaci\u00f3n por la falta de reacci\u00f3n de las autoridades, ante las reiteradas denuncias y esc\u00e1ndalos de corrupci\u00f3n, sobre el manejo irregular de la cosa p\u00fablica, donde parecer\u00eda que ya hemos perdido la capacidad de asombro y un caso cada vez m\u00e1s escandaloso destrona de los medios de comunicaci\u00f3n al anterior, y lo peor a\u00fan sin repuesta posterior, como lo serian el propio caso de la compra venta de los terrenos del can\u00f3dromo, las denuncias sobre las tabletas del censo, las auditor\u00edas de la C\u00e1mara de Cuentas, sobre un ministro de la pasada gesti\u00f3n en agricultura y de la rector\u00eda de Iv\u00e1n Grull\u00f3n, los libros electr\u00f3nicos y la incursi\u00f3n del Programa de las Naciones Unidas (PNUD), con comisiones multimillonarias en d\u00f3lares, fundamentalmente en el Ministerio de Educaci\u00f3n y en otras dependencias del estado, adem\u00e1s del vergonzante caso de la venta de visas, m\u00e1s de un mill\u00f3n, en apenas 7 a\u00f1os, sin que se hayan llenado los requisitos, y lo peor a\u00fan con los consulados cerrados, por la crisis haitiana, entre otros tantos. Al tiempo de exigir el empoderamiento del Ministerio P\u00fablico, investigando y encauzando todas las denuncias.<\/p>\n\n\n\n<p>Justicia y Transparencia deplora pol\u00edticos y empresarios Contin\u00faen Desguazando el Patrimonio P\u00fablico a Precio de Vaca Muerta.<\/p>\n\n\n\n<p>En otro orden la FJT lament\u00f3 y deplor\u00f3 que los pol\u00edticos y empresarios por d\u00e9cadas se hayan puesto de acuerdo, bajo el manto de la impunidad y complicidad, para descuartizar y despojar al Estado Dominicano de sus bienes, bajo diversas modalidades y subterfugios, desde ventas, concesiones, fideicomisos, hasta alquileres a precio de vaca muerta, por tiempo pr\u00e1cticamente indefinido, con plazos de 30 a\u00f1os y renovaci\u00f3n autom\u00e1tica, se recuerdan las decenas de contratos, para la explotaci\u00f3n minera en todo el territorio nacional, las venta de terrenos del CEA, Bienes Nacionales y otros (bah\u00eda de las \u00e1guilas, terrenos que hoy alojan el jard\u00edn memorial, la UNPHU, hoy IKEA, la cueva de las maravillas, los tres brazos, loma miranda, los haitises y un largo etc\u00e9tera..), las donaciones a entidades religiosas y educativas, las concesiones de carreteras y peajes y ahora de forma creciente los Fideicomiso de grandes capitales y empresas, dada en administraci\u00f3n por 30 a\u00f1os, comprometiendo incluso la gobernabilidad futura, todo ello al margen de las disposiciones de las constituci\u00f3n y los principios del derecho p\u00fablico.<\/p>\n\n\n\n<p>Caso de la venta de los terrenos del Can\u00f3dromo: Asimismo, Potentini cit\u00f3 el escandaloso y sonado caso del contrato de venta, para las negociaciones y adquisici\u00f3n de los terrenos que albergan el denominado can\u00f3dromo, iniciadas en la pasada gesti\u00f3n gubernamental y concluidas en la actual gesti\u00f3n de gobierno, por el Banco Central y el actual ministro de Vivienda, H\u00e1bitat y Edificaciones, se\u00f1or Carlos Alberto Bonilla S\u00e1nchez, violatorio a las leyes y constituci\u00f3n dominicana, comprado a precio de vaca muerta y perjudicando al pueblo dominicano, con una cifra superior a los 800 millones de pesos, adem\u00e1s ante el silencio c\u00f3mplice de las autoridades, que le permitieron al ministro, continuar, como lo sigue haciendo al d\u00eda de hoy (con empresas activas en el pa\u00eds, Panam\u00e1, Miami y New York), realizando labores comerciales y mercantiles, vali\u00e9ndose de su posici\u00f3n, en un claro conflicto de intereses y tr\u00e1fico de influencia, para la obtenci\u00f3n del referido contrato, violando el Ministro Bonilla, espec\u00edficamente, la ley de funci\u00f3n p\u00fablica, No. 41-08, la ley sobre compras y contrataciones de bienes y servicios con el estado, No. 340-06, as\u00ed como la constituci\u00f3n de la rep\u00fablica, en sus art\u00edculos, 135, 138 y 146, numerales 1 y 2.<\/p>\n\n\n\n<p>FJT expresa preocupaci\u00f3n por Acelerado Endeudamiento, Crisis Econ\u00f3mica, Migraci\u00f3n Haitiana y Seguridad Ciudadana.<\/p>\n\n\n\n<p>La entidad de sociedad civil tambi\u00e9n se refiri\u00f3 a los grandes males que durante todo el a\u00f1o 2022 se han expresado, llevando gran preocupaci\u00f3n a los diferentes sectores de la sociedad dominicana, consistente y a juicio de la poblaci\u00f3n, de conformidad con estudios de percepci\u00f3n, en la crisis econ\u00f3mica, el tr\u00e1fico y consumo de drogas y la migraci\u00f3n haitiana, todo ello vinculado a la inseguridad ciudadana, como problemas m\u00e1s acuciantes, incluso llegando a justificar casi en un 70%, para el caso de la seguridad ciudadana, el tomarse la poblaci\u00f3n la justicia en sus manos, con el lamentable linchamiento de presuntos delincuentes y el cuestionable intercambio de disparo por parte de la Polic\u00eda Nacional, (ello fruto de la desesperanza de la poblaci\u00f3n y el aparente fracaso del combate a las delincuencia com\u00fan), intercambios de disparos que al d\u00eda de hoy, de conformidad con declaraciones e informaciones del presidente de la Comisi\u00f3n Nacional de los Derechos Humanos, llevan en lo que va de a\u00f1o, unos 170 muertos, medidas aplaudidas y validadas como posibles y efectivas herramientas para el combate a la delincuencia.<\/p>\n\n\n\n<p>Con relaci\u00f3n a la crisis econ\u00f3mica, agravada por el alto costo de la vida y una preocupante inflaci\u00f3n, se citan posiblemente como los principales escollos acaecido durante el a\u00f1o 2022 que pudiera incluso afectar la gobernabilidad democr\u00e1tica, ello sumado al galopante endeudamiento p\u00fablico que cada vez nos hace m\u00e1s esclavos y dependientes de la caridad y solidaridad internacional, afectando nuestra independencia y autodeterminaci\u00f3n, endeudamiento que al d\u00eda de hoy y durante la gesti\u00f3n del gobierno del presidente Luis Rodolfo Abinader Corona, ya alcanza cifras sin precedentes en toda nuestra historia, con estimaciones de m\u00e1s de 20 mil millones de d\u00f3lares, en poco m\u00e1s de 2 a\u00f1os.<\/p>\n\n\n\n<p>Rechaza Palo Acechado de aprobaci\u00f3n de ley de Fideicomiso P\u00fablico, privatizando el erario p\u00fablico en violaci\u00f3n a la constituci\u00f3n.<\/p>\n\n\n\n<p>Finalmente, la FJT califica de palo acechado, el que los pol\u00edticos y en particular el Congreso Nacional, aprovechando las festividades de fin de a\u00f1o, replicando el mismo modus operandi, del pasado enero, con la aprobaci\u00f3n, por los diputados, precisamente del contrato de fideicomiso de punta catalina, hoy pretendan ir m\u00e1s lejos, aprobando una ley de fideicomiso p\u00fablico, para privatizar el activismo econ\u00f3mico del gobierno y hasta del propio estado en su conjunto, poni\u00e9ndolo en manos de particulares por 30 a\u00f1os, todo ello al margen de la transparencia, la institucionalidad, la constituci\u00f3n y de los m\u00e1s elementales principios del derecho p\u00fablico, llev\u00e1ndose de paro, todas las leyes de fiscalizaci\u00f3n y control, despreciando y abandonando, por dem\u00e1s los principios que con rango supremo prev\u00e9n la constituci\u00f3n de la rep\u00fablica en su art\u00edculo 138.<\/p>\n\n\n\n<p>Para Potentini, se trata de una burda y grosera prostituci\u00f3n de la institucionalidad, afectando el estado de derecho y la gobernabilidad democr\u00e1tica, provocando innecesariamente el surgimiento de protesta c\u00edvicas, en todo el territorio nacional, de ah\u00ed que le hacemos un llamado a la clase pol\u00edtica, para que reflexione y deje sin efecto tales desprop\u00f3sitos, de aprobar una ley da\u00f1ina y perjudicial al inter\u00e9s nacional, la cual permitir\u00eda el manejo discrecional y antojadizo, de miles y miles de millones de pesos, sin la supervisi\u00f3n, ni el filtro que impone en materia de transparencia, las leyes 340-06, sobre compras y contrataciones p\u00fablicas, la ley 200-04, de acceso a la informaci\u00f3n p\u00fablica y la propia constituci\u00f3n, entre otras.<\/p>\n\n\n\n<p>El balance de fin de a\u00f1o, de la Fundaci\u00f3n Justicia y Transparencia, sobre el desempe\u00f1o del gobierno y otros actores pol\u00edticos y sociales, fue presentado en el sal\u00f3n de actos de la entidad, en presencia de sus principales directivos, se\u00f1ores, C\u00e1ndido de Jes\u00fas, Cesar Noboa, Lenny Pe\u00f1a y Jatzari M\u00e9ndez.<\/p>\n","protected":false},"excerpt":{"rendered":"<p>Fundaci\u00f3n Justicia y Transparencia<\/p>\n","protected":false},"author":2,"featured_media":33873,"comment_status":"open","ping_status":"open","sticky":true,"template":"","format":"standard","meta":{"footnotes":""},"categories":[220],"tags":[1452,7602,7603,797],"class_list":{"0":"post-33872","1":"post","2":"type-post","3":"status-publish","4":"format-standard","5":"has-post-thumbnail","7":"category-nacionales","8":"tag-fundacion-justicia-y-trnasparencia","9":"tag-lucha-contra-la-corrupcion","10":"tag-precipicio-electoral","11":"tag-trajano-potentini"},"yoast_head":"<!-- This site is optimized with the Yoast SEO plugin v24.9 - https:\/\/yoast.com\/wordpress\/plugins\/seo\/ -->\n<title>FJT califica 2022 como el a\u00f1o del Precipicio Electoral y el Debilitamiento de la Lucha Contra la Corrupci\u00f3n - BLG Noticias<\/title>\n<meta name=\"robots\" content=\"index, follow, max-snippet:-1, max-image-preview:large, max-video-preview:-1\" \/>\n<link rel=\"canonical\" href=\"https:\/\/blgnoticiassantodomingo.net\/index.php\/2022\/12\/30\/fjt-califica-2022-como-el-ano-del-precipicio-electoral-y-el-debilitamiento-de-la-lucha-contra-la-corrupcion\/\" \/>\n<meta property=\"og:locale\" content=\"es_ES\" \/>\n<meta property=\"og:type\" content=\"article\" \/>\n<meta property=\"og:title\" content=\"FJT califica 2022 como el a\u00f1o del Precipicio Electoral y el Debilitamiento de la Lucha Contra la Corrupci\u00f3n - BLG Noticias\" \/>\n<meta property=\"og:description\" content=\"Fundaci\u00f3n Justicia y Transparencia\" \/>\n<meta property=\"og:url\" content=\"https:\/\/blgnoticiassantodomingo.net\/index.php\/2022\/12\/30\/fjt-califica-2022-como-el-ano-del-precipicio-electoral-y-el-debilitamiento-de-la-lucha-contra-la-corrupcion\/\" \/>\n<meta property=\"og:site_name\" content=\"BLG Noticias\" \/>\n<meta property=\"article:publisher\" content=\"https:\/\/web.facebook.com\/BlgNoticias\/?locale=es_LA&amp;_rdc=1&amp;_rdr\" \/>\n<meta property=\"article:published_time\" content=\"2022-12-30T20:43:44+00:00\" \/>\n<meta property=\"article:modified_time\" content=\"2022-12-30T20:43:48+00:00\" \/>\n<meta property=\"og:image\" content=\"https:\/\/blgnoticiassantodomingo.net\/wp-content\/uploads\/2022\/12\/IMG-20221228-WA0017-1.jpg\" \/>\n\t<meta property=\"og:image:width\" content=\"1177\" \/>\n\t<meta property=\"og:image:height\" content=\"720\" \/>\n\t<meta property=\"og:image:type\" content=\"image\/jpeg\" \/>\n<meta name=\"author\" content=\"Brenda Guerrero\" \/>\n<meta name=\"twitter:card\" content=\"summary_large_image\" \/>\n<meta name=\"twitter:creator\" content=\"@BlgNoticias\" \/>\n<meta name=\"twitter:site\" content=\"@BlgNoticias\" \/>\n<meta name=\"twitter:label1\" content=\"Escrito por\" \/>\n\t<meta name=\"twitter:data1\" content=\"Brenda Guerrero\" \/>\n\t<meta name=\"twitter:label2\" content=\"Tiempo de lectura\" \/>\n\t<meta name=\"twitter:data2\" content=\"11 minutos\" \/>\n<script type=\"application\/ld+json\" class=\"yoast-schema-graph\">{\"@context\":\"https:\/\/schema.org\",\"@graph\":[{\"@type\":\"Article\",\"@id\":\"https:\/\/blgnoticiassantodomingo.net\/index.php\/2022\/12\/30\/fjt-califica-2022-como-el-ano-del-precipicio-electoral-y-el-debilitamiento-de-la-lucha-contra-la-corrupcion\/#article\",\"isPartOf\":{\"@id\":\"https:\/\/blgnoticiassantodomingo.net\/index.php\/2022\/12\/30\/fjt-califica-2022-como-el-ano-del-precipicio-electoral-y-el-debilitamiento-de-la-lucha-contra-la-corrupcion\/\"},\"author\":{\"name\":\"Brenda Guerrero\",\"@id\":\"https:\/\/blgnoticiassantodomingo.net\/#\/schema\/person\/e2fc21cf88acc63dbd134be981bff374\"},\"headline\":\"FJT califica 2022 como el a\u00f1o del Precipicio Electoral y el Debilitamiento de la Lucha Contra la Corrupci\u00f3n\",\"datePublished\":\"2022-12-30T20:43:44+00:00\",\"dateModified\":\"2022-12-30T20:43:48+00:00\",\"mainEntityOfPage\":{\"@id\":\"https:\/\/blgnoticiassantodomingo.net\/index.php\/2022\/12\/30\/fjt-califica-2022-como-el-ano-del-precipicio-electoral-y-el-debilitamiento-de-la-lucha-contra-la-corrupcion\/\"},\"wordCount\":2222,\"commentCount\":0,\"publisher\":{\"@id\":\"https:\/\/blgnoticiassantodomingo.net\/#organization\"},\"image\":{\"@id\":\"https:\/\/blgnoticiassantodomingo.net\/index.php\/2022\/12\/30\/fjt-califica-2022-como-el-ano-del-precipicio-electoral-y-el-debilitamiento-de-la-lucha-contra-la-corrupcion\/#primaryimage\"},\"thumbnailUrl\":\"https:\/\/blgnoticiassantodomingo.net\/wp-content\/uploads\/2022\/12\/IMG-20221228-WA0017-1.jpg\",\"keywords\":[\"Fundaci\u00f3n Justicia y Trnasparencia\",\"Lucha Contra la Corrupci\u00f3n\",\"Precipicio Electoral\",\"Trajano Potentini\"],\"articleSection\":[\"Nacionales\"],\"inLanguage\":\"es\",\"potentialAction\":[{\"@type\":\"CommentAction\",\"name\":\"Comment\",\"target\":[\"https:\/\/blgnoticiassantodomingo.net\/index.php\/2022\/12\/30\/fjt-califica-2022-como-el-ano-del-precipicio-electoral-y-el-debilitamiento-de-la-lucha-contra-la-corrupcion\/#respond\"]}]},{\"@type\":\"WebPage\",\"@id\":\"https:\/\/blgnoticiassantodomingo.net\/index.php\/2022\/12\/30\/fjt-califica-2022-como-el-ano-del-precipicio-electoral-y-el-debilitamiento-de-la-lucha-contra-la-corrupcion\/\",\"url\":\"https:\/\/blgnoticiassantodomingo.net\/index.php\/2022\/12\/30\/fjt-califica-2022-como-el-ano-del-precipicio-electoral-y-el-debilitamiento-de-la-lucha-contra-la-corrupcion\/\",\"name\":\"FJT califica 2022 como el a\u00f1o del Precipicio Electoral y el Debilitamiento de la Lucha Contra la Corrupci\u00f3n - BLG Noticias\",\"isPartOf\":{\"@id\":\"https:\/\/blgnoticiassantodomingo.net\/#website\"},\"primaryImageOfPage\":{\"@id\":\"https:\/\/blgnoticiassantodomingo.net\/index.php\/2022\/12\/30\/fjt-califica-2022-como-el-ano-del-precipicio-electoral-y-el-debilitamiento-de-la-lucha-contra-la-corrupcion\/#primaryimage\"},\"image\":{\"@id\":\"https:\/\/blgnoticiassantodomingo.net\/index.php\/2022\/12\/30\/fjt-califica-2022-como-el-ano-del-precipicio-electoral-y-el-debilitamiento-de-la-lucha-contra-la-corrupcion\/#primaryimage\"},\"thumbnailUrl\":\"https:\/\/blgnoticiassantodomingo.net\/wp-content\/uploads\/2022\/12\/IMG-20221228-WA0017-1.jpg\",\"datePublished\":\"2022-12-30T20:43:44+00:00\",\"dateModified\":\"2022-12-30T20:43:48+00:00\",\"breadcrumb\":{\"@id\":\"https:\/\/blgnoticiassantodomingo.net\/index.php\/2022\/12\/30\/fjt-califica-2022-como-el-ano-del-precipicio-electoral-y-el-debilitamiento-de-la-lucha-contra-la-corrupcion\/#breadcrumb\"},\"inLanguage\":\"es\",\"potentialAction\":[{\"@type\":\"ReadAction\",\"target\":[\"https:\/\/blgnoticiassantodomingo.net\/index.php\/2022\/12\/30\/fjt-califica-2022-como-el-ano-del-precipicio-electoral-y-el-debilitamiento-de-la-lucha-contra-la-corrupcion\/\"]}]},{\"@type\":\"ImageObject\",\"inLanguage\":\"es\",\"@id\":\"https:\/\/blgnoticiassantodomingo.net\/index.php\/2022\/12\/30\/fjt-califica-2022-como-el-ano-del-precipicio-electoral-y-el-debilitamiento-de-la-lucha-contra-la-corrupcion\/#primaryimage\",\"url\":\"https:\/\/blgnoticiassantodomingo.net\/wp-content\/uploads\/2022\/12\/IMG-20221228-WA0017-1.jpg\",\"contentUrl\":\"https:\/\/blgnoticiassantodomingo.net\/wp-content\/uploads\/2022\/12\/IMG-20221228-WA0017-1.jpg\",\"width\":1177,\"height\":720,\"caption\":\"Fundaci\u00f3n Justicia y Transparencia\"},{\"@type\":\"BreadcrumbList\",\"@id\":\"https:\/\/blgnoticiassantodomingo.net\/index.php\/2022\/12\/30\/fjt-califica-2022-como-el-ano-del-precipicio-electoral-y-el-debilitamiento-de-la-lucha-contra-la-corrupcion\/#breadcrumb\",\"itemListElement\":[{\"@type\":\"ListItem\",\"position\":1,\"name\":\"Portada\",\"item\":\"https:\/\/blgnoticiassantodomingo.net\/\"},{\"@type\":\"ListItem\",\"position\":2,\"name\":\"FJT califica 2022 como el a\u00f1o del Precipicio Electoral y el Debilitamiento de la Lucha Contra la Corrupci\u00f3n\"}]},{\"@type\":\"WebSite\",\"@id\":\"https:\/\/blgnoticiassantodomingo.net\/#website\",\"url\":\"https:\/\/blgnoticiassantodomingo.net\/\",\"name\":\"BLG Noticias\",\"description\":\"Esto es Noticias\",\"publisher\":{\"@id\":\"https:\/\/blgnoticiassantodomingo.net\/#organization\"},\"potentialAction\":[{\"@type\":\"SearchAction\",\"target\":{\"@type\":\"EntryPoint\",\"urlTemplate\":\"https:\/\/blgnoticiassantodomingo.net\/?s={search_term_string}\"},\"query-input\":{\"@type\":\"PropertyValueSpecification\",\"valueRequired\":true,\"valueName\":\"search_term_string\"}}],\"inLanguage\":\"es\"},{\"@type\":\"Organization\",\"@id\":\"https:\/\/blgnoticiassantodomingo.net\/#organization\",\"name\":\"BLG Noticias\",\"url\":\"https:\/\/blgnoticiassantodomingo.net\/\",\"logo\":{\"@type\":\"ImageObject\",\"inLanguage\":\"es\",\"@id\":\"https:\/\/blgnoticiassantodomingo.net\/#\/schema\/logo\/image\/\",\"url\":\"https:\/\/blgnoticiassantodomingo.net\/wp-content\/uploads\/2023\/12\/Diseno-sin-titulo-3.jpg\",\"contentUrl\":\"https:\/\/blgnoticiassantodomingo.net\/wp-content\/uploads\/2023\/12\/Diseno-sin-titulo-3.jpg\",\"width\":500,\"height\":500,\"caption\":\"BLG Noticias\"},\"image\":{\"@id\":\"https:\/\/blgnoticiassantodomingo.net\/#\/schema\/logo\/image\/\"},\"sameAs\":[\"https:\/\/web.facebook.com\/BlgNoticias\/?locale=es_LA&_rdc=1&_rdr\",\"https:\/\/x.com\/BlgNoticias\",\"https:\/\/www.linkedin.com\/in\/brenda-l-santana-aa846279\/\"]},{\"@type\":\"Person\",\"@id\":\"https:\/\/blgnoticiassantodomingo.net\/#\/schema\/person\/e2fc21cf88acc63dbd134be981bff374\",\"name\":\"Brenda Guerrero\",\"image\":{\"@type\":\"ImageObject\",\"inLanguage\":\"es\",\"@id\":\"https:\/\/blgnoticiassantodomingo.net\/#\/schema\/person\/image\/\",\"url\":\"https:\/\/secure.gravatar.com\/avatar\/2f7fc4c3e3655be1580cb684bfd8ab19be702ae20879da1e072021daa02f9b8b?s=96&d=wp_user_avatar&r=g\",\"contentUrl\":\"https:\/\/secure.gravatar.com\/avatar\/2f7fc4c3e3655be1580cb684bfd8ab19be702ae20879da1e072021daa02f9b8b?s=96&d=wp_user_avatar&r=g\",\"caption\":\"Brenda Guerrero\"},\"description\":\"Periodista\",\"url\":\"https:\/\/blgnoticiassantodomingo.net\/index.php\/author\/brenda-guerrero\/\"}]}<\/script>\n<!-- \/ Yoast SEO plugin. -->","yoast_head_json":{"title":"FJT califica 2022 como el a\u00f1o del Precipicio Electoral y el Debilitamiento de la Lucha Contra la Corrupci\u00f3n - BLG Noticias","robots":{"index":"index","follow":"follow","max-snippet":"max-snippet:-1","max-image-preview":"max-image-preview:large","max-video-preview":"max-video-preview:-1"},"canonical":"https:\/\/blgnoticiassantodomingo.net\/index.php\/2022\/12\/30\/fjt-califica-2022-como-el-ano-del-precipicio-electoral-y-el-debilitamiento-de-la-lucha-contra-la-corrupcion\/","og_locale":"es_ES","og_type":"article","og_title":"FJT califica 2022 como el a\u00f1o del Precipicio Electoral y el Debilitamiento de la Lucha Contra la Corrupci\u00f3n - BLG Noticias","og_description":"Fundaci\u00f3n Justicia y Transparencia","og_url":"https:\/\/blgnoticiassantodomingo.net\/index.php\/2022\/12\/30\/fjt-califica-2022-como-el-ano-del-precipicio-electoral-y-el-debilitamiento-de-la-lucha-contra-la-corrupcion\/","og_site_name":"BLG Noticias","article_publisher":"https:\/\/web.facebook.com\/BlgNoticias\/?locale=es_LA&_rdc=1&_rdr","article_published_time":"2022-12-30T20:43:44+00:00","article_modified_time":"2022-12-30T20:43:48+00:00","og_image":[{"width":1177,"height":720,"url":"https:\/\/blgnoticiassantodomingo.net\/wp-content\/uploads\/2022\/12\/IMG-20221228-WA0017-1.jpg","type":"image\/jpeg"}],"author":"Brenda Guerrero","twitter_card":"summary_large_image","twitter_creator":"@BlgNoticias","twitter_site":"@BlgNoticias","twitter_misc":{"Escrito por":"Brenda Guerrero","Tiempo de lectura":"11 minutos"},"schema":{"@context":"https:\/\/schema.org","@graph":[{"@type":"Article","@id":"https:\/\/blgnoticiassantodomingo.net\/index.php\/2022\/12\/30\/fjt-califica-2022-como-el-ano-del-precipicio-electoral-y-el-debilitamiento-de-la-lucha-contra-la-corrupcion\/#article","isPartOf":{"@id":"https:\/\/blgnoticiassantodomingo.net\/index.php\/2022\/12\/30\/fjt-califica-2022-como-el-ano-del-precipicio-electoral-y-el-debilitamiento-de-la-lucha-contra-la-corrupcion\/"},"author":{"name":"Brenda Guerrero","@id":"https:\/\/blgnoticiassantodomingo.net\/#\/schema\/person\/e2fc21cf88acc63dbd134be981bff374"},"headline":"FJT califica 2022 como el a\u00f1o del Precipicio Electoral y el Debilitamiento de la Lucha Contra la Corrupci\u00f3n","datePublished":"2022-12-30T20:43:44+00:00","dateModified":"2022-12-30T20:43:48+00:00","mainEntityOfPage":{"@id":"https:\/\/blgnoticiassantodomingo.net\/index.php\/2022\/12\/30\/fjt-califica-2022-como-el-ano-del-precipicio-electoral-y-el-debilitamiento-de-la-lucha-contra-la-corrupcion\/"},"wordCount":2222,"commentCount":0,"publisher":{"@id":"https:\/\/blgnoticiassantodomingo.net\/#organization"},"image":{"@id":"https:\/\/blgnoticiassantodomingo.net\/index.php\/2022\/12\/30\/fjt-califica-2022-como-el-ano-del-precipicio-electoral-y-el-debilitamiento-de-la-lucha-contra-la-corrupcion\/#primaryimage"},"thumbnailUrl":"https:\/\/blgnoticiassantodomingo.net\/wp-content\/uploads\/2022\/12\/IMG-20221228-WA0017-1.jpg","keywords":["Fundaci\u00f3n Justicia y Trnasparencia","Lucha Contra la Corrupci\u00f3n","Precipicio Electoral","Trajano Potentini"],"articleSection":["Nacionales"],"inLanguage":"es","potentialAction":[{"@type":"CommentAction","name":"Comment","target":["https:\/\/blgnoticiassantodomingo.net\/index.php\/2022\/12\/30\/fjt-califica-2022-como-el-ano-del-precipicio-electoral-y-el-debilitamiento-de-la-lucha-contra-la-corrupcion\/#respond"]}]},{"@type":"WebPage","@id":"https:\/\/blgnoticiassantodomingo.net\/index.php\/2022\/12\/30\/fjt-califica-2022-como-el-ano-del-precipicio-electoral-y-el-debilitamiento-de-la-lucha-contra-la-corrupcion\/","url":"https:\/\/blgnoticiassantodomingo.net\/index.php\/2022\/12\/30\/fjt-califica-2022-como-el-ano-del-precipicio-electoral-y-el-debilitamiento-de-la-lucha-contra-la-corrupcion\/","name":"FJT califica 2022 como el a\u00f1o del Precipicio Electoral y el Debilitamiento de la Lucha Contra la Corrupci\u00f3n - BLG Noticias","isPartOf":{"@id":"https:\/\/blgnoticiassantodomingo.net\/#website"},"primaryImageOfPage":{"@id":"https:\/\/blgnoticiassantodomingo.net\/index.php\/2022\/12\/30\/fjt-califica-2022-como-el-ano-del-precipicio-electoral-y-el-debilitamiento-de-la-lucha-contra-la-corrupcion\/#primaryimage"},"image":{"@id":"https:\/\/blgnoticiassantodomingo.net\/index.php\/2022\/12\/30\/fjt-califica-2022-como-el-ano-del-precipicio-electoral-y-el-debilitamiento-de-la-lucha-contra-la-corrupcion\/#primaryimage"},"thumbnailUrl":"https:\/\/blgnoticiassantodomingo.net\/wp-content\/uploads\/2022\/12\/IMG-20221228-WA0017-1.jpg","datePublished":"2022-12-30T20:43:44+00:00","dateModified":"2022-12-30T20:43:48+00:00","breadcrumb":{"@id":"https:\/\/blgnoticiassantodomingo.net\/index.php\/2022\/12\/30\/fjt-califica-2022-como-el-ano-del-precipicio-electoral-y-el-debilitamiento-de-la-lucha-contra-la-corrupcion\/#breadcrumb"},"inLanguage":"es","potentialAction":[{"@type":"ReadAction","target":["https:\/\/blgnoticiassantodomingo.net\/index.php\/2022\/12\/30\/fjt-califica-2022-como-el-ano-del-precipicio-electoral-y-el-debilitamiento-de-la-lucha-contra-la-corrupcion\/"]}]},{"@type":"ImageObject","inLanguage":"es","@id":"https:\/\/blgnoticiassantodomingo.net\/index.php\/2022\/12\/30\/fjt-califica-2022-como-el-ano-del-precipicio-electoral-y-el-debilitamiento-de-la-lucha-contra-la-corrupcion\/#primaryimage","url":"https:\/\/blgnoticiassantodomingo.net\/wp-content\/uploads\/2022\/12\/IMG-20221228-WA0017-1.jpg","contentUrl":"https:\/\/blgnoticiassantodomingo.net\/wp-content\/uploads\/2022\/12\/IMG-20221228-WA0017-1.jpg","width":1177,"height":720,"caption":"Fundaci\u00f3n Justicia y Transparencia"},{"@type":"BreadcrumbList","@id":"https:\/\/blgnoticiassantodomingo.net\/index.php\/2022\/12\/30\/fjt-califica-2022-como-el-ano-del-precipicio-electoral-y-el-debilitamiento-de-la-lucha-contra-la-corrupcion\/#breadcrumb","itemListElement":[{"@type":"ListItem","position":1,"name":"Portada","item":"https:\/\/blgnoticiassantodomingo.net\/"},{"@type":"ListItem","position":2,"name":"FJT califica 2022 como el a\u00f1o del Precipicio Electoral y el Debilitamiento de la Lucha Contra la Corrupci\u00f3n"}]},{"@type":"WebSite","@id":"https:\/\/blgnoticiassantodomingo.net\/#website","url":"https:\/\/blgnoticiassantodomingo.net\/","name":"BLG Noticias","description":"Esto es Noticias","publisher":{"@id":"https:\/\/blgnoticiassantodomingo.net\/#organization"},"potentialAction":[{"@type":"SearchAction","target":{"@type":"EntryPoint","urlTemplate":"https:\/\/blgnoticiassantodomingo.net\/?s={search_term_string}"},"query-input":{"@type":"PropertyValueSpecification","valueRequired":true,"valueName":"search_term_string"}}],"inLanguage":"es"},{"@type":"Organization","@id":"https:\/\/blgnoticiassantodomingo.net\/#organization","name":"BLG Noticias","url":"https:\/\/blgnoticiassantodomingo.net\/","logo":{"@type":"ImageObject","inLanguage":"es","@id":"https:\/\/blgnoticiassantodomingo.net\/#\/schema\/logo\/image\/","url":"https:\/\/blgnoticiassantodomingo.net\/wp-content\/uploads\/2023\/12\/Diseno-sin-titulo-3.jpg","contentUrl":"https:\/\/blgnoticiassantodomingo.net\/wp-content\/uploads\/2023\/12\/Diseno-sin-titulo-3.jpg","width":500,"height":500,"caption":"BLG Noticias"},"image":{"@id":"https:\/\/blgnoticiassantodomingo.net\/#\/schema\/logo\/image\/"},"sameAs":["https:\/\/web.facebook.com\/BlgNoticias\/?locale=es_LA&_rdc=1&_rdr","https:\/\/x.com\/BlgNoticias","https:\/\/www.linkedin.com\/in\/brenda-l-santana-aa846279\/"]},{"@type":"Person","@id":"https:\/\/blgnoticiassantodomingo.net\/#\/schema\/person\/e2fc21cf88acc63dbd134be981bff374","name":"Brenda Guerrero","image":{"@type":"ImageObject","inLanguage":"es","@id":"https:\/\/blgnoticiassantodomingo.net\/#\/schema\/person\/image\/","url":"https:\/\/secure.gravatar.com\/avatar\/2f7fc4c3e3655be1580cb684bfd8ab19be702ae20879da1e072021daa02f9b8b?s=96&d=wp_user_avatar&r=g","contentUrl":"https:\/\/secure.gravatar.com\/avatar\/2f7fc4c3e3655be1580cb684bfd8ab19be702ae20879da1e072021daa02f9b8b?s=96&d=wp_user_avatar&r=g","caption":"Brenda Guerrero"},"description":"Periodista","url":"https:\/\/blgnoticiassantodomingo.net\/index.php\/author\/brenda-guerrero\/"}]}},"jetpack_featured_media_url":"https:\/\/blgnoticiassantodomingo.net\/wp-content\/uploads\/2022\/12\/IMG-20221228-WA0017-1.jpg","_links":{"self":[{"href":"https:\/\/blgnoticiassantodomingo.net\/index.php\/wp-json\/wp\/v2\/posts\/33872","targetHints":{"allow":["GET"]}}],"collection":[{"href":"https:\/\/blgnoticiassantodomingo.net\/index.php\/wp-json\/wp\/v2\/posts"}],"about":[{"href":"https:\/\/blgnoticiassantodomingo.net\/index.php\/wp-json\/wp\/v2\/types\/post"}],"author":[{"embeddable":true,"href":"https:\/\/blgnoticiassantodomingo.net\/index.php\/wp-json\/wp\/v2\/users\/2"}],"replies":[{"embeddable":true,"href":"https:\/\/blgnoticiassantodomingo.net\/index.php\/wp-json\/wp\/v2\/comments?post=33872"}],"version-history":[{"count":1,"href":"https:\/\/blgnoticiassantodomingo.net\/index.php\/wp-json\/wp\/v2\/posts\/33872\/revisions"}],"predecessor-version":[{"id":33874,"href":"https:\/\/blgnoticiassantodomingo.net\/index.php\/wp-json\/wp\/v2\/posts\/33872\/revisions\/33874"}],"wp:featuredmedia":[{"embeddable":true,"href":"https:\/\/blgnoticiassantodomingo.net\/index.php\/wp-json\/wp\/v2\/media\/33873"}],"wp:attachment":[{"href":"https:\/\/blgnoticiassantodomingo.net\/index.php\/wp-json\/wp\/v2\/media?parent=33872"}],"wp:term":[{"taxonomy":"category","embeddable":true,"href":"https:\/\/blgnoticiassantodomingo.net\/index.php\/wp-json\/wp\/v2\/categories?post=33872"},{"taxonomy":"post_tag","embeddable":true,"href":"https:\/\/blgnoticiassantodomingo.net\/index.php\/wp-json\/wp\/v2\/tags?post=33872"}],"curies":[{"name":"wp","href":"https:\/\/api.w.org\/{rel}","templated":true}]}}