{"id":33778,"date":"2022-12-22T09:49:26","date_gmt":"2022-12-22T13:49:26","guid":{"rendered":"https:\/\/blgnoticiassantodomingo.net\/?p=33778"},"modified":"2022-12-22T09:49:30","modified_gmt":"2022-12-22T13:49:30","slug":"ministro-de-agricultura-pondera-impacto-restablecimiento-de-exportacion-de-vacuno-hacia-estados-unidos","status":"publish","type":"post","link":"https:\/\/blgnoticiassantodomingo.net\/index.php\/2022\/12\/22\/ministro-de-agricultura-pondera-impacto-restablecimiento-de-exportacion-de-vacuno-hacia-estados-unidos\/","title":{"rendered":"Ministro de Agricultura pondera impacto restablecimiento de exportaci\u00f3n de vacuno hacia Estados Unidos"},"content":{"rendered":"\n<p>Santo Domingo RD . \u2013 El ministro de Agricultura, Limber Cruz, ponder\u00f3 el impacto que tiene para el pa\u00eds el restablecimiento de exportaci\u00f3n de carne de res cruda y derivados de vacuno hacia Estados Unidos, pausado por m\u00e1s de 25 a\u00f1os como resultado de una veda impuesta a estos productos.<\/p>\n\n\n\n<p>Cruz manifest\u00f3 que las exportaciones de carne hacia los EEUU constituyen el comienzo del crecimiento y el desarrollo de la buena gen\u00e9tica, la calidad y el rendimiento; \u201cpero adem\u00e1s sobresale el buen trabajo de la sanidad e inocuidad de nuestro ganado\u201d, dijo.<\/p>\n\n\n\n<p>Indic\u00f3 que Rep\u00fablica Dominicana, en lo adelante, ir\u00e1 aumentando tambi\u00e9n el abastecimiento local, ya que est\u00e1 demostrado que mientras m\u00e1s crecen nuestras exportaciones, m\u00e1s tenemos de ese producto localmente.<\/p>\n\n\n\n<p>El titular de la cartera agropecuaria afirm\u00f3 que lo mismo ha pasado con otros productos de exportaci\u00f3n como el aguacate, el mango, el banano, cacao entre otros, y que, gracias al buen trabajo combinado entre la Presidencia de la Rep\u00fablica, el Ministerio de Agricultura, Salud P\u00fablica, la embajada de la RD en Washington, ganaderos y los mataderos previamente certificados, se ha logrado lo que hac\u00eda m\u00e1s de 25 a\u00f1os se hab\u00eda suspendido, las exportaciones de carne de res a ese importante mercado.<\/p>\n","protected":false},"excerpt":{"rendered":"<p>Santo Domingo RD . \u2013 El ministro de Agricultura, Limber Cruz, ponder\u00f3 el impacto que tiene para el pa\u00eds el restablecimiento de exportaci\u00f3n de carne de res cruda y derivados de vacuno hacia Estados Unidos, pausado por m\u00e1s de 25 a\u00f1os como resultado de una veda impuesta a estos productos. Cruz manifest\u00f3 que las exportaciones [&hellip;]<\/p>\n","protected":false},"author":3,"featured_media":33779,"comment_status":"open","ping_status":"open","sticky":false,"template":"","format":"standard","meta":{"footnotes":""},"categories":[220],"tags":[372,7580,7297],"class_list":{"0":"post-33778","1":"post","2":"type-post","3":"status-publish","4":"format-standard","5":"has-post-thumbnail","7":"category-nacionales","8":"tag-estados-unidos","9":"tag-exportacion-de-vacuno","10":"tag-ministro-de-agricultura"},"yoast_head":"<!-- This site is optimized with the Yoast SEO plugin v24.9 - https:\/\/yoast.com\/wordpress\/plugins\/seo\/ -->\n<title>Ministro de Agricultura pondera impacto restablecimiento de exportaci\u00f3n de vacuno hacia Estados Unidos - BLG Noticias<\/title>\n<meta name=\"robots\" content=\"index, follow, max-snippet:-1, max-image-preview:large, max-video-preview:-1\" \/>\n<link rel=\"canonical\" href=\"https:\/\/blgnoticiassantodomingo.net\/index.php\/2022\/12\/22\/ministro-de-agricultura-pondera-impacto-restablecimiento-de-exportacion-de-vacuno-hacia-estados-unidos\/\" \/>\n<meta property=\"og:locale\" content=\"es_ES\" \/>\n<meta property=\"og:type\" content=\"article\" \/>\n<meta property=\"og:title\" content=\"Ministro de Agricultura pondera impacto restablecimiento de exportaci\u00f3n de vacuno hacia Estados Unidos - BLG Noticias\" \/>\n<meta property=\"og:description\" content=\"Santo Domingo RD . \u2013 El ministro de Agricultura, Limber Cruz, ponder\u00f3 el impacto que tiene para el pa\u00eds el restablecimiento de exportaci\u00f3n de carne de res cruda y derivados de vacuno hacia Estados Unidos, pausado por m\u00e1s de 25 a\u00f1os como resultado de una veda impuesta a estos productos. Cruz manifest\u00f3 que las exportaciones [&hellip;]\" \/>\n<meta property=\"og:url\" content=\"https:\/\/blgnoticiassantodomingo.net\/index.php\/2022\/12\/22\/ministro-de-agricultura-pondera-impacto-restablecimiento-de-exportacion-de-vacuno-hacia-estados-unidos\/\" \/>\n<meta property=\"og:site_name\" content=\"BLG Noticias\" \/>\n<meta property=\"article:publisher\" content=\"https:\/\/web.facebook.com\/BlgNoticias\/?locale=es_LA&amp;_rdc=1&amp;_rdr\" \/>\n<meta property=\"article:published_time\" content=\"2022-12-22T13:49:26+00:00\" \/>\n<meta property=\"article:modified_time\" content=\"2022-12-22T13:49:30+00:00\" \/>\n<meta property=\"og:image\" content=\"https:\/\/blgnoticiassantodomingo.net\/wp-content\/uploads\/2022\/12\/Screenshot-2022-12-22-09.44.41.png\" \/>\n\t<meta property=\"og:image:width\" content=\"296\" \/>\n\t<meta property=\"og:image:height\" content=\"187\" \/>\n\t<meta property=\"og:image:type\" content=\"image\/png\" \/>\n<meta name=\"author\" content=\"Yerlin Payano\" \/>\n<meta name=\"twitter:card\" content=\"summary_large_image\" \/>\n<meta name=\"twitter:creator\" content=\"@BlgNoticias\" \/>\n<meta name=\"twitter:site\" content=\"@BlgNoticias\" \/>\n<meta name=\"twitter:label1\" content=\"Escrito por\" \/>\n\t<meta name=\"twitter:data1\" content=\"Yerlin Payano\" \/>\n\t<meta name=\"twitter:label2\" content=\"Tiempo de lectura\" \/>\n\t<meta name=\"twitter:data2\" content=\"1 minuto\" \/>\n<script type=\"application\/ld+json\" class=\"yoast-schema-graph\">{\"@context\":\"https:\/\/schema.org\",\"@graph\":[{\"@type\":\"Article\",\"@id\":\"https:\/\/blgnoticiassantodomingo.net\/index.php\/2022\/12\/22\/ministro-de-agricultura-pondera-impacto-restablecimiento-de-exportacion-de-vacuno-hacia-estados-unidos\/#article\",\"isPartOf\":{\"@id\":\"https:\/\/blgnoticiassantodomingo.net\/index.php\/2022\/12\/22\/ministro-de-agricultura-pondera-impacto-restablecimiento-de-exportacion-de-vacuno-hacia-estados-unidos\/\"},\"author\":{\"name\":\"Yerlin Payano\",\"@id\":\"https:\/\/blgnoticiassantodomingo.net\/#\/schema\/person\/03b67e608d24e551f208708811f9dec0\"},\"headline\":\"Ministro de Agricultura pondera impacto restablecimiento de exportaci\u00f3n de vacuno hacia Estados Unidos\",\"datePublished\":\"2022-12-22T13:49:26+00:00\",\"dateModified\":\"2022-12-22T13:49:30+00:00\",\"mainEntityOfPage\":{\"@id\":\"https:\/\/blgnoticiassantodomingo.net\/index.php\/2022\/12\/22\/ministro-de-agricultura-pondera-impacto-restablecimiento-de-exportacion-de-vacuno-hacia-estados-unidos\/\"},\"wordCount\":230,\"commentCount\":0,\"publisher\":{\"@id\":\"https:\/\/blgnoticiassantodomingo.net\/#organization\"},\"image\":{\"@id\":\"https:\/\/blgnoticiassantodomingo.net\/index.php\/2022\/12\/22\/ministro-de-agricultura-pondera-impacto-restablecimiento-de-exportacion-de-vacuno-hacia-estados-unidos\/#primaryimage\"},\"thumbnailUrl\":\"https:\/\/blgnoticiassantodomingo.net\/wp-content\/uploads\/2022\/12\/Screenshot-2022-12-22-09.44.41.png\",\"keywords\":[\"Estados Unidos\",\"exportacion de vacuno\",\"ministro de agricultura\"],\"articleSection\":[\"Nacionales\"],\"inLanguage\":\"es\",\"potentialAction\":[{\"@type\":\"CommentAction\",\"name\":\"Comment\",\"target\":[\"https:\/\/blgnoticiassantodomingo.net\/index.php\/2022\/12\/22\/ministro-de-agricultura-pondera-impacto-restablecimiento-de-exportacion-de-vacuno-hacia-estados-unidos\/#respond\"]}]},{\"@type\":\"WebPage\",\"@id\":\"https:\/\/blgnoticiassantodomingo.net\/index.php\/2022\/12\/22\/ministro-de-agricultura-pondera-impacto-restablecimiento-de-exportacion-de-vacuno-hacia-estados-unidos\/\",\"url\":\"https:\/\/blgnoticiassantodomingo.net\/index.php\/2022\/12\/22\/ministro-de-agricultura-pondera-impacto-restablecimiento-de-exportacion-de-vacuno-hacia-estados-unidos\/\",\"name\":\"Ministro de Agricultura pondera impacto restablecimiento de exportaci\u00f3n de vacuno hacia Estados Unidos - BLG Noticias\",\"isPartOf\":{\"@id\":\"https:\/\/blgnoticiassantodomingo.net\/#website\"},\"primaryImageOfPage\":{\"@id\":\"https:\/\/blgnoticiassantodomingo.net\/index.php\/2022\/12\/22\/ministro-de-agricultura-pondera-impacto-restablecimiento-de-exportacion-de-vacuno-hacia-estados-unidos\/#primaryimage\"},\"image\":{\"@id\":\"https:\/\/blgnoticiassantodomingo.net\/index.php\/2022\/12\/22\/ministro-de-agricultura-pondera-impacto-restablecimiento-de-exportacion-de-vacuno-hacia-estados-unidos\/#primaryimage\"},\"thumbnailUrl\":\"https:\/\/blgnoticiassantodomingo.net\/wp-content\/uploads\/2022\/12\/Screenshot-2022-12-22-09.44.41.png\",\"datePublished\":\"2022-12-22T13:49:26+00:00\",\"dateModified\":\"2022-12-22T13:49:30+00:00\",\"breadcrumb\":{\"@id\":\"https:\/\/blgnoticiassantodomingo.net\/index.php\/2022\/12\/22\/ministro-de-agricultura-pondera-impacto-restablecimiento-de-exportacion-de-vacuno-hacia-estados-unidos\/#breadcrumb\"},\"inLanguage\":\"es\",\"potentialAction\":[{\"@type\":\"ReadAction\",\"target\":[\"https:\/\/blgnoticiassantodomingo.net\/index.php\/2022\/12\/22\/ministro-de-agricultura-pondera-impacto-restablecimiento-de-exportacion-de-vacuno-hacia-estados-unidos\/\"]}]},{\"@type\":\"ImageObject\",\"inLanguage\":\"es\",\"@id\":\"https:\/\/blgnoticiassantodomingo.net\/index.php\/2022\/12\/22\/ministro-de-agricultura-pondera-impacto-restablecimiento-de-exportacion-de-vacuno-hacia-estados-unidos\/#primaryimage\",\"url\":\"https:\/\/blgnoticiassantodomingo.net\/wp-content\/uploads\/2022\/12\/Screenshot-2022-12-22-09.44.41.png\",\"contentUrl\":\"https:\/\/blgnoticiassantodomingo.net\/wp-content\/uploads\/2022\/12\/Screenshot-2022-12-22-09.44.41.png\",\"width\":296,\"height\":187},{\"@type\":\"BreadcrumbList\",\"@id\":\"https:\/\/blgnoticiassantodomingo.net\/index.php\/2022\/12\/22\/ministro-de-agricultura-pondera-impacto-restablecimiento-de-exportacion-de-vacuno-hacia-estados-unidos\/#breadcrumb\",\"itemListElement\":[{\"@type\":\"ListItem\",\"position\":1,\"name\":\"Portada\",\"item\":\"https:\/\/blgnoticiassantodomingo.net\/\"},{\"@type\":\"ListItem\",\"position\":2,\"name\":\"Ministro de Agricultura pondera impacto restablecimiento de exportaci\u00f3n de vacuno hacia Estados Unidos\"}]},{\"@type\":\"WebSite\",\"@id\":\"https:\/\/blgnoticiassantodomingo.net\/#website\",\"url\":\"https:\/\/blgnoticiassantodomingo.net\/\",\"name\":\"BLG Noticias\",\"description\":\"Esto es Noticias\",\"publisher\":{\"@id\":\"https:\/\/blgnoticiassantodomingo.net\/#organization\"},\"potentialAction\":[{\"@type\":\"SearchAction\",\"target\":{\"@type\":\"EntryPoint\",\"urlTemplate\":\"https:\/\/blgnoticiassantodomingo.net\/?s={search_term_string}\"},\"query-input\":{\"@type\":\"PropertyValueSpecification\",\"valueRequired\":true,\"valueName\":\"search_term_string\"}}],\"inLanguage\":\"es\"},{\"@type\":\"Organization\",\"@id\":\"https:\/\/blgnoticiassantodomingo.net\/#organization\",\"name\":\"BLG Noticias\",\"url\":\"https:\/\/blgnoticiassantodomingo.net\/\",\"logo\":{\"@type\":\"ImageObject\",\"inLanguage\":\"es\",\"@id\":\"https:\/\/blgnoticiassantodomingo.net\/#\/schema\/logo\/image\/\",\"url\":\"https:\/\/blgnoticiassantodomingo.net\/wp-content\/uploads\/2023\/12\/Diseno-sin-titulo-3.jpg\",\"contentUrl\":\"https:\/\/blgnoticiassantodomingo.net\/wp-content\/uploads\/2023\/12\/Diseno-sin-titulo-3.jpg\",\"width\":500,\"height\":500,\"caption\":\"BLG Noticias\"},\"image\":{\"@id\":\"https:\/\/blgnoticiassantodomingo.net\/#\/schema\/logo\/image\/\"},\"sameAs\":[\"https:\/\/web.facebook.com\/BlgNoticias\/?locale=es_LA&_rdc=1&_rdr\",\"https:\/\/x.com\/BlgNoticias\",\"https:\/\/www.linkedin.com\/in\/brenda-l-santana-aa846279\/\"]},{\"@type\":\"Person\",\"@id\":\"https:\/\/blgnoticiassantodomingo.net\/#\/schema\/person\/03b67e608d24e551f208708811f9dec0\",\"name\":\"Yerlin Payano\",\"image\":{\"@type\":\"ImageObject\",\"inLanguage\":\"es\",\"@id\":\"https:\/\/blgnoticiassantodomingo.net\/#\/schema\/person\/image\/\",\"url\":\"https:\/\/secure.gravatar.com\/avatar\/0df11eeed431210345b3a5364c9941af1e921c3e99c30e40a827773db05d19f2?s=96&d=wp_user_avatar&r=g\",\"contentUrl\":\"https:\/\/secure.gravatar.com\/avatar\/0df11eeed431210345b3a5364c9941af1e921c3e99c30e40a827773db05d19f2?s=96&d=wp_user_avatar&r=g\",\"caption\":\"Yerlin Payano\"},\"sameAs\":[\"http:\/\/blgnoticiassantodomingo.net\/\"],\"url\":\"https:\/\/blgnoticiassantodomingo.net\/index.php\/author\/yerlinpayano\/\"}]}<\/script>\n<!-- \/ Yoast SEO plugin. -->","yoast_head_json":{"title":"Ministro de Agricultura pondera impacto restablecimiento de exportaci\u00f3n de vacuno hacia Estados Unidos - BLG Noticias","robots":{"index":"index","follow":"follow","max-snippet":"max-snippet:-1","max-image-preview":"max-image-preview:large","max-video-preview":"max-video-preview:-1"},"canonical":"https:\/\/blgnoticiassantodomingo.net\/index.php\/2022\/12\/22\/ministro-de-agricultura-pondera-impacto-restablecimiento-de-exportacion-de-vacuno-hacia-estados-unidos\/","og_locale":"es_ES","og_type":"article","og_title":"Ministro de Agricultura pondera impacto restablecimiento de exportaci\u00f3n de vacuno hacia Estados Unidos - BLG Noticias","og_description":"Santo Domingo RD . \u2013 El ministro de Agricultura, Limber Cruz, ponder\u00f3 el impacto que tiene para el pa\u00eds el restablecimiento de exportaci\u00f3n de carne de res cruda y derivados de vacuno hacia Estados Unidos, pausado por m\u00e1s de 25 a\u00f1os como resultado de una veda impuesta a estos productos. Cruz manifest\u00f3 que las exportaciones [&hellip;]","og_url":"https:\/\/blgnoticiassantodomingo.net\/index.php\/2022\/12\/22\/ministro-de-agricultura-pondera-impacto-restablecimiento-de-exportacion-de-vacuno-hacia-estados-unidos\/","og_site_name":"BLG Noticias","article_publisher":"https:\/\/web.facebook.com\/BlgNoticias\/?locale=es_LA&_rdc=1&_rdr","article_published_time":"2022-12-22T13:49:26+00:00","article_modified_time":"2022-12-22T13:49:30+00:00","og_image":[{"width":296,"height":187,"url":"https:\/\/blgnoticiassantodomingo.net\/wp-content\/uploads\/2022\/12\/Screenshot-2022-12-22-09.44.41.png","type":"image\/png"}],"author":"Yerlin Payano","twitter_card":"summary_large_image","twitter_creator":"@BlgNoticias","twitter_site":"@BlgNoticias","twitter_misc":{"Escrito por":"Yerlin Payano","Tiempo de lectura":"1 minuto"},"schema":{"@context":"https:\/\/schema.org","@graph":[{"@type":"Article","@id":"https:\/\/blgnoticiassantodomingo.net\/index.php\/2022\/12\/22\/ministro-de-agricultura-pondera-impacto-restablecimiento-de-exportacion-de-vacuno-hacia-estados-unidos\/#article","isPartOf":{"@id":"https:\/\/blgnoticiassantodomingo.net\/index.php\/2022\/12\/22\/ministro-de-agricultura-pondera-impacto-restablecimiento-de-exportacion-de-vacuno-hacia-estados-unidos\/"},"author":{"name":"Yerlin Payano","@id":"https:\/\/blgnoticiassantodomingo.net\/#\/schema\/person\/03b67e608d24e551f208708811f9dec0"},"headline":"Ministro de Agricultura pondera impacto restablecimiento de exportaci\u00f3n de vacuno hacia Estados Unidos","datePublished":"2022-12-22T13:49:26+00:00","dateModified":"2022-12-22T13:49:30+00:00","mainEntityOfPage":{"@id":"https:\/\/blgnoticiassantodomingo.net\/index.php\/2022\/12\/22\/ministro-de-agricultura-pondera-impacto-restablecimiento-de-exportacion-de-vacuno-hacia-estados-unidos\/"},"wordCount":230,"commentCount":0,"publisher":{"@id":"https:\/\/blgnoticiassantodomingo.net\/#organization"},"image":{"@id":"https:\/\/blgnoticiassantodomingo.net\/index.php\/2022\/12\/22\/ministro-de-agricultura-pondera-impacto-restablecimiento-de-exportacion-de-vacuno-hacia-estados-unidos\/#primaryimage"},"thumbnailUrl":"https:\/\/blgnoticiassantodomingo.net\/wp-content\/uploads\/2022\/12\/Screenshot-2022-12-22-09.44.41.png","keywords":["Estados Unidos","exportacion de vacuno","ministro de agricultura"],"articleSection":["Nacionales"],"inLanguage":"es","potentialAction":[{"@type":"CommentAction","name":"Comment","target":["https:\/\/blgnoticiassantodomingo.net\/index.php\/2022\/12\/22\/ministro-de-agricultura-pondera-impacto-restablecimiento-de-exportacion-de-vacuno-hacia-estados-unidos\/#respond"]}]},{"@type":"WebPage","@id":"https:\/\/blgnoticiassantodomingo.net\/index.php\/2022\/12\/22\/ministro-de-agricultura-pondera-impacto-restablecimiento-de-exportacion-de-vacuno-hacia-estados-unidos\/","url":"https:\/\/blgnoticiassantodomingo.net\/index.php\/2022\/12\/22\/ministro-de-agricultura-pondera-impacto-restablecimiento-de-exportacion-de-vacuno-hacia-estados-unidos\/","name":"Ministro de Agricultura pondera impacto restablecimiento de exportaci\u00f3n de vacuno hacia Estados Unidos - BLG Noticias","isPartOf":{"@id":"https:\/\/blgnoticiassantodomingo.net\/#website"},"primaryImageOfPage":{"@id":"https:\/\/blgnoticiassantodomingo.net\/index.php\/2022\/12\/22\/ministro-de-agricultura-pondera-impacto-restablecimiento-de-exportacion-de-vacuno-hacia-estados-unidos\/#primaryimage"},"image":{"@id":"https:\/\/blgnoticiassantodomingo.net\/index.php\/2022\/12\/22\/ministro-de-agricultura-pondera-impacto-restablecimiento-de-exportacion-de-vacuno-hacia-estados-unidos\/#primaryimage"},"thumbnailUrl":"https:\/\/blgnoticiassantodomingo.net\/wp-content\/uploads\/2022\/12\/Screenshot-2022-12-22-09.44.41.png","datePublished":"2022-12-22T13:49:26+00:00","dateModified":"2022-12-22T13:49:30+00:00","breadcrumb":{"@id":"https:\/\/blgnoticiassantodomingo.net\/index.php\/2022\/12\/22\/ministro-de-agricultura-pondera-impacto-restablecimiento-de-exportacion-de-vacuno-hacia-estados-unidos\/#breadcrumb"},"inLanguage":"es","potentialAction":[{"@type":"ReadAction","target":["https:\/\/blgnoticiassantodomingo.net\/index.php\/2022\/12\/22\/ministro-de-agricultura-pondera-impacto-restablecimiento-de-exportacion-de-vacuno-hacia-estados-unidos\/"]}]},{"@type":"ImageObject","inLanguage":"es","@id":"https:\/\/blgnoticiassantodomingo.net\/index.php\/2022\/12\/22\/ministro-de-agricultura-pondera-impacto-restablecimiento-de-exportacion-de-vacuno-hacia-estados-unidos\/#primaryimage","url":"https:\/\/blgnoticiassantodomingo.net\/wp-content\/uploads\/2022\/12\/Screenshot-2022-12-22-09.44.41.png","contentUrl":"https:\/\/blgnoticiassantodomingo.net\/wp-content\/uploads\/2022\/12\/Screenshot-2022-12-22-09.44.41.png","width":296,"height":187},{"@type":"BreadcrumbList","@id":"https:\/\/blgnoticiassantodomingo.net\/index.php\/2022\/12\/22\/ministro-de-agricultura-pondera-impacto-restablecimiento-de-exportacion-de-vacuno-hacia-estados-unidos\/#breadcrumb","itemListElement":[{"@type":"ListItem","position":1,"name":"Portada","item":"https:\/\/blgnoticiassantodomingo.net\/"},{"@type":"ListItem","position":2,"name":"Ministro de Agricultura pondera impacto restablecimiento de exportaci\u00f3n de vacuno hacia Estados Unidos"}]},{"@type":"WebSite","@id":"https:\/\/blgnoticiassantodomingo.net\/#website","url":"https:\/\/blgnoticiassantodomingo.net\/","name":"BLG Noticias","description":"Esto es Noticias","publisher":{"@id":"https:\/\/blgnoticiassantodomingo.net\/#organization"},"potentialAction":[{"@type":"SearchAction","target":{"@type":"EntryPoint","urlTemplate":"https:\/\/blgnoticiassantodomingo.net\/?s={search_term_string}"},"query-input":{"@type":"PropertyValueSpecification","valueRequired":true,"valueName":"search_term_string"}}],"inLanguage":"es"},{"@type":"Organization","@id":"https:\/\/blgnoticiassantodomingo.net\/#organization","name":"BLG Noticias","url":"https:\/\/blgnoticiassantodomingo.net\/","logo":{"@type":"ImageObject","inLanguage":"es","@id":"https:\/\/blgnoticiassantodomingo.net\/#\/schema\/logo\/image\/","url":"https:\/\/blgnoticiassantodomingo.net\/wp-content\/uploads\/2023\/12\/Diseno-sin-titulo-3.jpg","contentUrl":"https:\/\/blgnoticiassantodomingo.net\/wp-content\/uploads\/2023\/12\/Diseno-sin-titulo-3.jpg","width":500,"height":500,"caption":"BLG Noticias"},"image":{"@id":"https:\/\/blgnoticiassantodomingo.net\/#\/schema\/logo\/image\/"},"sameAs":["https:\/\/web.facebook.com\/BlgNoticias\/?locale=es_LA&_rdc=1&_rdr","https:\/\/x.com\/BlgNoticias","https:\/\/www.linkedin.com\/in\/brenda-l-santana-aa846279\/"]},{"@type":"Person","@id":"https:\/\/blgnoticiassantodomingo.net\/#\/schema\/person\/03b67e608d24e551f208708811f9dec0","name":"Yerlin Payano","image":{"@type":"ImageObject","inLanguage":"es","@id":"https:\/\/blgnoticiassantodomingo.net\/#\/schema\/person\/image\/","url":"https:\/\/secure.gravatar.com\/avatar\/0df11eeed431210345b3a5364c9941af1e921c3e99c30e40a827773db05d19f2?s=96&d=wp_user_avatar&r=g","contentUrl":"https:\/\/secure.gravatar.com\/avatar\/0df11eeed431210345b3a5364c9941af1e921c3e99c30e40a827773db05d19f2?s=96&d=wp_user_avatar&r=g","caption":"Yerlin Payano"},"sameAs":["http:\/\/blgnoticiassantodomingo.net\/"],"url":"https:\/\/blgnoticiassantodomingo.net\/index.php\/author\/yerlinpayano\/"}]}},"jetpack_featured_media_url":"https:\/\/blgnoticiassantodomingo.net\/wp-content\/uploads\/2022\/12\/Screenshot-2022-12-22-09.44.41.png","_links":{"self":[{"href":"https:\/\/blgnoticiassantodomingo.net\/index.php\/wp-json\/wp\/v2\/posts\/33778","targetHints":{"allow":["GET"]}}],"collection":[{"href":"https:\/\/blgnoticiassantodomingo.net\/index.php\/wp-json\/wp\/v2\/posts"}],"about":[{"href":"https:\/\/blgnoticiassantodomingo.net\/index.php\/wp-json\/wp\/v2\/types\/post"}],"author":[{"embeddable":true,"href":"https:\/\/blgnoticiassantodomingo.net\/index.php\/wp-json\/wp\/v2\/users\/3"}],"replies":[{"embeddable":true,"href":"https:\/\/blgnoticiassantodomingo.net\/index.php\/wp-json\/wp\/v2\/comments?post=33778"}],"version-history":[{"count":1,"href":"https:\/\/blgnoticiassantodomingo.net\/index.php\/wp-json\/wp\/v2\/posts\/33778\/revisions"}],"predecessor-version":[{"id":33780,"href":"https:\/\/blgnoticiassantodomingo.net\/index.php\/wp-json\/wp\/v2\/posts\/33778\/revisions\/33780"}],"wp:featuredmedia":[{"embeddable":true,"href":"https:\/\/blgnoticiassantodomingo.net\/index.php\/wp-json\/wp\/v2\/media\/33779"}],"wp:attachment":[{"href":"https:\/\/blgnoticiassantodomingo.net\/index.php\/wp-json\/wp\/v2\/media?parent=33778"}],"wp:term":[{"taxonomy":"category","embeddable":true,"href":"https:\/\/blgnoticiassantodomingo.net\/index.php\/wp-json\/wp\/v2\/categories?post=33778"},{"taxonomy":"post_tag","embeddable":true,"href":"https:\/\/blgnoticiassantodomingo.net\/index.php\/wp-json\/wp\/v2\/tags?post=33778"}],"curies":[{"name":"wp","href":"https:\/\/api.w.org\/{rel}","templated":true}]}}