{"id":33772,"date":"2022-12-21T15:36:48","date_gmt":"2022-12-21T19:36:48","guid":{"rendered":"https:\/\/blgnoticiassantodomingo.net\/?p=33772"},"modified":"2022-12-21T15:36:53","modified_gmt":"2022-12-21T19:36:53","slug":"zelenskyy-se-reunira-con-biden-ira-a-congreso-en-washington","status":"publish","type":"post","link":"https:\/\/blgnoticiassantodomingo.net\/index.php\/2022\/12\/21\/zelenskyy-se-reunira-con-biden-ira-a-congreso-en-washington\/","title":{"rendered":"Zelenskyy se reunir\u00e1 con Biden, ir\u00e1 a Congreso en Washington"},"content":{"rendered":"\n<p>WASHINGTON (AP) \u2014 El presidente de Ucrania, Volodymyr Zelenskyy, viajaba el mi\u00e9rcoles a Washington para una cumbre con el presidente de Estados Unidos, Joe Biden, y una comparecencia ante el pleno del Congreso, en su primer viaje conocido al extranjero desde que comenz\u00f3 la invasi\u00f3n rusa en febrero.<\/p>\n\n\n\n<p>Zelenskyy dijo en su cuenta de Twitter que la visita era para \u201cfortalecer la resiliencia y capacidades de defensa\u201d de Ucrania y discutir con Biden la cooperaci\u00f3n entre su pa\u00eds y Estados Unidos.<\/p>\n\n\n\n<p>El delicado viaje se produc\u00eda tras 10 meses de guerra brutal, que ha dejado decenas de miles de muertos y heridos en ambos lados del conflicto y llevado la devastaci\u00f3n a los civiles ucranianos. Los legisladores estadounidenses tienen previsto votar un paquete de gastos de fin de a\u00f1o que incluye unos 45.000 millones de d\u00f3lares en ayuda de emergencia para Ucrania, mientras el Pent\u00e1gono se prepara para enviar misiles tierra-aire Patriot para que el pa\u00eds pueda defenderse.<\/p>\n\n\n\n<p>Zelenskyy emprendi\u00f3 el viaje tras un peligroso viaje el martes a lo que describi\u00f3 como el lugar m\u00e1s peleado en los 1.300 kil\u00f3metros (800 millas) de frente del conflicto, la ciudad de Bakhmut, en la disputada provincia ucraniana de Donetsk. All\u00ed elogi\u00f3 a las tropas ucranianas por su \u201cvalor, resiliencia y fuerza\u201d, mientras se o\u00eda el ruido de la artiller\u00eda de fondo.<\/p>\n\n\n\n<p>Biden est\u00e1 deseando recibir la visita y que el discurso ante el Congreso demuestre \u201cel apoyo fuerte y bipartidista a Ucrania\u201d, seg\u00fan indic\u00f3 en un comunicado el martes por la noche la secretaria de la Casa Blanca, Karine Jean-Pierre.<\/p>\n\n\n\n<p>\u201cLa visita subrayar\u00e1 el firme compromiso de Estados Unidos para respaldar a Ucrania todo el tiempo que haga falta, incluso con la provisi\u00f3n de asistencia econ\u00f3mica, humanitaria y militar\u201d, a\u00f1adi\u00f3 la secretaria.<\/p>\n\n\n\n<p>Funcionarios estadounidenses y ucranianos han dejado claro que no esperan una resoluci\u00f3n inminente de la guerra y se preparan para que los combates contin\u00faen un tiempo. Biden ha reiterado que si bien Estados Unidos armar\u00e1 y formar\u00e1 a Ucrania, las fuerzas estadounidenses no participar\u00e1n de forma directa en el conflicto.<\/p>\n\n\n\n<p>Biden y Zelenskyy abordaron la idea de una visita a Washington durante su \u00faltima llamada de tel\u00e9fono, el 11 de diciembre, y tres d\u00edas despu\u00e9s se hizo una invitaci\u00f3n formal, seg\u00fan un funcionario estadounidense de alto rango que inform\u00f3 a la prensa bajo condici\u00f3n de anonimato debido a la naturaleza delicada de la visita. Zelenskyy acept\u00f3 la invitaci\u00f3n el viernes, que fue confirmada el domingo, cuando la Casa Blanca empez\u00f3 a coordinarse con la presidenta de la C\u00e1mara de Representantes, Nancy Pelosi, para organizar la comparecencia ante el Congreso.<\/p>\n","protected":false},"excerpt":{"rendered":"<p>Zelenskyy <\/p>\n","protected":false},"author":2,"featured_media":33773,"comment_status":"open","ping_status":"open","sticky":true,"template":"","format":"standard","meta":{"footnotes":""},"categories":[220],"tags":[2995,5419,7578],"class_list":{"0":"post-33772","1":"post","2":"type-post","3":"status-publish","4":"format-standard","5":"has-post-thumbnail","7":"category-nacionales","8":"tag-joe-biden","9":"tag-ucrania","10":"tag-volodymyr-zelenskyy"},"yoast_head":"<!-- This site is optimized with the Yoast SEO plugin v24.9 - https:\/\/yoast.com\/wordpress\/plugins\/seo\/ -->\n<title>Zelenskyy se reunir\u00e1 con Biden, ir\u00e1 a Congreso en Washington - BLG Noticias<\/title>\n<meta name=\"robots\" content=\"index, follow, max-snippet:-1, max-image-preview:large, max-video-preview:-1\" \/>\n<link rel=\"canonical\" href=\"https:\/\/blgnoticiassantodomingo.net\/index.php\/2022\/12\/21\/zelenskyy-se-reunira-con-biden-ira-a-congreso-en-washington\/\" \/>\n<meta property=\"og:locale\" content=\"es_ES\" \/>\n<meta property=\"og:type\" content=\"article\" \/>\n<meta property=\"og:title\" content=\"Zelenskyy se reunir\u00e1 con Biden, ir\u00e1 a Congreso en Washington - BLG Noticias\" \/>\n<meta property=\"og:description\" content=\"Zelenskyy\" \/>\n<meta property=\"og:url\" content=\"https:\/\/blgnoticiassantodomingo.net\/index.php\/2022\/12\/21\/zelenskyy-se-reunira-con-biden-ira-a-congreso-en-washington\/\" \/>\n<meta property=\"og:site_name\" content=\"BLG Noticias\" \/>\n<meta property=\"article:publisher\" content=\"https:\/\/web.facebook.com\/BlgNoticias\/?locale=es_LA&amp;_rdc=1&amp;_rdr\" \/>\n<meta property=\"article:published_time\" content=\"2022-12-21T19:36:48+00:00\" \/>\n<meta property=\"article:modified_time\" content=\"2022-12-21T19:36:53+00:00\" \/>\n<meta property=\"og:image\" content=\"https:\/\/blgnoticiassantodomingo.net\/wp-content\/uploads\/2022\/12\/Screenshot_3-1.png\" \/>\n\t<meta property=\"og:image:width\" content=\"1026\" \/>\n\t<meta property=\"og:image:height\" content=\"679\" \/>\n\t<meta property=\"og:image:type\" content=\"image\/png\" \/>\n<meta name=\"author\" content=\"Brenda Guerrero\" \/>\n<meta name=\"twitter:card\" content=\"summary_large_image\" \/>\n<meta name=\"twitter:creator\" content=\"@BlgNoticias\" \/>\n<meta name=\"twitter:site\" content=\"@BlgNoticias\" \/>\n<meta name=\"twitter:label1\" content=\"Escrito por\" \/>\n\t<meta name=\"twitter:data1\" content=\"Brenda Guerrero\" \/>\n\t<meta name=\"twitter:label2\" content=\"Tiempo de lectura\" \/>\n\t<meta name=\"twitter:data2\" content=\"2 minutos\" \/>\n<script type=\"application\/ld+json\" class=\"yoast-schema-graph\">{\"@context\":\"https:\/\/schema.org\",\"@graph\":[{\"@type\":\"Article\",\"@id\":\"https:\/\/blgnoticiassantodomingo.net\/index.php\/2022\/12\/21\/zelenskyy-se-reunira-con-biden-ira-a-congreso-en-washington\/#article\",\"isPartOf\":{\"@id\":\"https:\/\/blgnoticiassantodomingo.net\/index.php\/2022\/12\/21\/zelenskyy-se-reunira-con-biden-ira-a-congreso-en-washington\/\"},\"author\":{\"name\":\"Brenda Guerrero\",\"@id\":\"https:\/\/blgnoticiassantodomingo.net\/#\/schema\/person\/e2fc21cf88acc63dbd134be981bff374\"},\"headline\":\"Zelenskyy se reunir\u00e1 con Biden, ir\u00e1 a Congreso en Washington\",\"datePublished\":\"2022-12-21T19:36:48+00:00\",\"dateModified\":\"2022-12-21T19:36:53+00:00\",\"mainEntityOfPage\":{\"@id\":\"https:\/\/blgnoticiassantodomingo.net\/index.php\/2022\/12\/21\/zelenskyy-se-reunira-con-biden-ira-a-congreso-en-washington\/\"},\"wordCount\":463,\"commentCount\":0,\"publisher\":{\"@id\":\"https:\/\/blgnoticiassantodomingo.net\/#organization\"},\"image\":{\"@id\":\"https:\/\/blgnoticiassantodomingo.net\/index.php\/2022\/12\/21\/zelenskyy-se-reunira-con-biden-ira-a-congreso-en-washington\/#primaryimage\"},\"thumbnailUrl\":\"https:\/\/blgnoticiassantodomingo.net\/wp-content\/uploads\/2022\/12\/Screenshot_3-1.png\",\"keywords\":[\"Joe Biden\",\"ucrania\",\"Volodymyr Zelenskyy\"],\"articleSection\":[\"Nacionales\"],\"inLanguage\":\"es\",\"potentialAction\":[{\"@type\":\"CommentAction\",\"name\":\"Comment\",\"target\":[\"https:\/\/blgnoticiassantodomingo.net\/index.php\/2022\/12\/21\/zelenskyy-se-reunira-con-biden-ira-a-congreso-en-washington\/#respond\"]}]},{\"@type\":\"WebPage\",\"@id\":\"https:\/\/blgnoticiassantodomingo.net\/index.php\/2022\/12\/21\/zelenskyy-se-reunira-con-biden-ira-a-congreso-en-washington\/\",\"url\":\"https:\/\/blgnoticiassantodomingo.net\/index.php\/2022\/12\/21\/zelenskyy-se-reunira-con-biden-ira-a-congreso-en-washington\/\",\"name\":\"Zelenskyy se reunir\u00e1 con Biden, ir\u00e1 a Congreso en Washington - BLG Noticias\",\"isPartOf\":{\"@id\":\"https:\/\/blgnoticiassantodomingo.net\/#website\"},\"primaryImageOfPage\":{\"@id\":\"https:\/\/blgnoticiassantodomingo.net\/index.php\/2022\/12\/21\/zelenskyy-se-reunira-con-biden-ira-a-congreso-en-washington\/#primaryimage\"},\"image\":{\"@id\":\"https:\/\/blgnoticiassantodomingo.net\/index.php\/2022\/12\/21\/zelenskyy-se-reunira-con-biden-ira-a-congreso-en-washington\/#primaryimage\"},\"thumbnailUrl\":\"https:\/\/blgnoticiassantodomingo.net\/wp-content\/uploads\/2022\/12\/Screenshot_3-1.png\",\"datePublished\":\"2022-12-21T19:36:48+00:00\",\"dateModified\":\"2022-12-21T19:36:53+00:00\",\"breadcrumb\":{\"@id\":\"https:\/\/blgnoticiassantodomingo.net\/index.php\/2022\/12\/21\/zelenskyy-se-reunira-con-biden-ira-a-congreso-en-washington\/#breadcrumb\"},\"inLanguage\":\"es\",\"potentialAction\":[{\"@type\":\"ReadAction\",\"target\":[\"https:\/\/blgnoticiassantodomingo.net\/index.php\/2022\/12\/21\/zelenskyy-se-reunira-con-biden-ira-a-congreso-en-washington\/\"]}]},{\"@type\":\"ImageObject\",\"inLanguage\":\"es\",\"@id\":\"https:\/\/blgnoticiassantodomingo.net\/index.php\/2022\/12\/21\/zelenskyy-se-reunira-con-biden-ira-a-congreso-en-washington\/#primaryimage\",\"url\":\"https:\/\/blgnoticiassantodomingo.net\/wp-content\/uploads\/2022\/12\/Screenshot_3-1.png\",\"contentUrl\":\"https:\/\/blgnoticiassantodomingo.net\/wp-content\/uploads\/2022\/12\/Screenshot_3-1.png\",\"width\":1026,\"height\":679},{\"@type\":\"BreadcrumbList\",\"@id\":\"https:\/\/blgnoticiassantodomingo.net\/index.php\/2022\/12\/21\/zelenskyy-se-reunira-con-biden-ira-a-congreso-en-washington\/#breadcrumb\",\"itemListElement\":[{\"@type\":\"ListItem\",\"position\":1,\"name\":\"Portada\",\"item\":\"https:\/\/blgnoticiassantodomingo.net\/\"},{\"@type\":\"ListItem\",\"position\":2,\"name\":\"Zelenskyy se reunir\u00e1 con Biden, ir\u00e1 a Congreso en Washington\"}]},{\"@type\":\"WebSite\",\"@id\":\"https:\/\/blgnoticiassantodomingo.net\/#website\",\"url\":\"https:\/\/blgnoticiassantodomingo.net\/\",\"name\":\"BLG Noticias\",\"description\":\"Esto es Noticias\",\"publisher\":{\"@id\":\"https:\/\/blgnoticiassantodomingo.net\/#organization\"},\"potentialAction\":[{\"@type\":\"SearchAction\",\"target\":{\"@type\":\"EntryPoint\",\"urlTemplate\":\"https:\/\/blgnoticiassantodomingo.net\/?s={search_term_string}\"},\"query-input\":{\"@type\":\"PropertyValueSpecification\",\"valueRequired\":true,\"valueName\":\"search_term_string\"}}],\"inLanguage\":\"es\"},{\"@type\":\"Organization\",\"@id\":\"https:\/\/blgnoticiassantodomingo.net\/#organization\",\"name\":\"BLG Noticias\",\"url\":\"https:\/\/blgnoticiassantodomingo.net\/\",\"logo\":{\"@type\":\"ImageObject\",\"inLanguage\":\"es\",\"@id\":\"https:\/\/blgnoticiassantodomingo.net\/#\/schema\/logo\/image\/\",\"url\":\"https:\/\/blgnoticiassantodomingo.net\/wp-content\/uploads\/2023\/12\/Diseno-sin-titulo-3.jpg\",\"contentUrl\":\"https:\/\/blgnoticiassantodomingo.net\/wp-content\/uploads\/2023\/12\/Diseno-sin-titulo-3.jpg\",\"width\":500,\"height\":500,\"caption\":\"BLG Noticias\"},\"image\":{\"@id\":\"https:\/\/blgnoticiassantodomingo.net\/#\/schema\/logo\/image\/\"},\"sameAs\":[\"https:\/\/web.facebook.com\/BlgNoticias\/?locale=es_LA&_rdc=1&_rdr\",\"https:\/\/x.com\/BlgNoticias\",\"https:\/\/www.linkedin.com\/in\/brenda-l-santana-aa846279\/\"]},{\"@type\":\"Person\",\"@id\":\"https:\/\/blgnoticiassantodomingo.net\/#\/schema\/person\/e2fc21cf88acc63dbd134be981bff374\",\"name\":\"Brenda Guerrero\",\"image\":{\"@type\":\"ImageObject\",\"inLanguage\":\"es\",\"@id\":\"https:\/\/blgnoticiassantodomingo.net\/#\/schema\/person\/image\/\",\"url\":\"https:\/\/secure.gravatar.com\/avatar\/2f7fc4c3e3655be1580cb684bfd8ab19be702ae20879da1e072021daa02f9b8b?s=96&d=wp_user_avatar&r=g\",\"contentUrl\":\"https:\/\/secure.gravatar.com\/avatar\/2f7fc4c3e3655be1580cb684bfd8ab19be702ae20879da1e072021daa02f9b8b?s=96&d=wp_user_avatar&r=g\",\"caption\":\"Brenda Guerrero\"},\"description\":\"Periodista\",\"url\":\"https:\/\/blgnoticiassantodomingo.net\/index.php\/author\/brenda-guerrero\/\"}]}<\/script>\n<!-- \/ Yoast SEO plugin. -->","yoast_head_json":{"title":"Zelenskyy se reunir\u00e1 con Biden, ir\u00e1 a Congreso en Washington - BLG Noticias","robots":{"index":"index","follow":"follow","max-snippet":"max-snippet:-1","max-image-preview":"max-image-preview:large","max-video-preview":"max-video-preview:-1"},"canonical":"https:\/\/blgnoticiassantodomingo.net\/index.php\/2022\/12\/21\/zelenskyy-se-reunira-con-biden-ira-a-congreso-en-washington\/","og_locale":"es_ES","og_type":"article","og_title":"Zelenskyy se reunir\u00e1 con Biden, ir\u00e1 a Congreso en Washington - BLG Noticias","og_description":"Zelenskyy","og_url":"https:\/\/blgnoticiassantodomingo.net\/index.php\/2022\/12\/21\/zelenskyy-se-reunira-con-biden-ira-a-congreso-en-washington\/","og_site_name":"BLG Noticias","article_publisher":"https:\/\/web.facebook.com\/BlgNoticias\/?locale=es_LA&_rdc=1&_rdr","article_published_time":"2022-12-21T19:36:48+00:00","article_modified_time":"2022-12-21T19:36:53+00:00","og_image":[{"width":1026,"height":679,"url":"https:\/\/blgnoticiassantodomingo.net\/wp-content\/uploads\/2022\/12\/Screenshot_3-1.png","type":"image\/png"}],"author":"Brenda Guerrero","twitter_card":"summary_large_image","twitter_creator":"@BlgNoticias","twitter_site":"@BlgNoticias","twitter_misc":{"Escrito por":"Brenda Guerrero","Tiempo de lectura":"2 minutos"},"schema":{"@context":"https:\/\/schema.org","@graph":[{"@type":"Article","@id":"https:\/\/blgnoticiassantodomingo.net\/index.php\/2022\/12\/21\/zelenskyy-se-reunira-con-biden-ira-a-congreso-en-washington\/#article","isPartOf":{"@id":"https:\/\/blgnoticiassantodomingo.net\/index.php\/2022\/12\/21\/zelenskyy-se-reunira-con-biden-ira-a-congreso-en-washington\/"},"author":{"name":"Brenda Guerrero","@id":"https:\/\/blgnoticiassantodomingo.net\/#\/schema\/person\/e2fc21cf88acc63dbd134be981bff374"},"headline":"Zelenskyy se reunir\u00e1 con Biden, ir\u00e1 a Congreso en Washington","datePublished":"2022-12-21T19:36:48+00:00","dateModified":"2022-12-21T19:36:53+00:00","mainEntityOfPage":{"@id":"https:\/\/blgnoticiassantodomingo.net\/index.php\/2022\/12\/21\/zelenskyy-se-reunira-con-biden-ira-a-congreso-en-washington\/"},"wordCount":463,"commentCount":0,"publisher":{"@id":"https:\/\/blgnoticiassantodomingo.net\/#organization"},"image":{"@id":"https:\/\/blgnoticiassantodomingo.net\/index.php\/2022\/12\/21\/zelenskyy-se-reunira-con-biden-ira-a-congreso-en-washington\/#primaryimage"},"thumbnailUrl":"https:\/\/blgnoticiassantodomingo.net\/wp-content\/uploads\/2022\/12\/Screenshot_3-1.png","keywords":["Joe Biden","ucrania","Volodymyr Zelenskyy"],"articleSection":["Nacionales"],"inLanguage":"es","potentialAction":[{"@type":"CommentAction","name":"Comment","target":["https:\/\/blgnoticiassantodomingo.net\/index.php\/2022\/12\/21\/zelenskyy-se-reunira-con-biden-ira-a-congreso-en-washington\/#respond"]}]},{"@type":"WebPage","@id":"https:\/\/blgnoticiassantodomingo.net\/index.php\/2022\/12\/21\/zelenskyy-se-reunira-con-biden-ira-a-congreso-en-washington\/","url":"https:\/\/blgnoticiassantodomingo.net\/index.php\/2022\/12\/21\/zelenskyy-se-reunira-con-biden-ira-a-congreso-en-washington\/","name":"Zelenskyy se reunir\u00e1 con Biden, ir\u00e1 a Congreso en Washington - BLG Noticias","isPartOf":{"@id":"https:\/\/blgnoticiassantodomingo.net\/#website"},"primaryImageOfPage":{"@id":"https:\/\/blgnoticiassantodomingo.net\/index.php\/2022\/12\/21\/zelenskyy-se-reunira-con-biden-ira-a-congreso-en-washington\/#primaryimage"},"image":{"@id":"https:\/\/blgnoticiassantodomingo.net\/index.php\/2022\/12\/21\/zelenskyy-se-reunira-con-biden-ira-a-congreso-en-washington\/#primaryimage"},"thumbnailUrl":"https:\/\/blgnoticiassantodomingo.net\/wp-content\/uploads\/2022\/12\/Screenshot_3-1.png","datePublished":"2022-12-21T19:36:48+00:00","dateModified":"2022-12-21T19:36:53+00:00","breadcrumb":{"@id":"https:\/\/blgnoticiassantodomingo.net\/index.php\/2022\/12\/21\/zelenskyy-se-reunira-con-biden-ira-a-congreso-en-washington\/#breadcrumb"},"inLanguage":"es","potentialAction":[{"@type":"ReadAction","target":["https:\/\/blgnoticiassantodomingo.net\/index.php\/2022\/12\/21\/zelenskyy-se-reunira-con-biden-ira-a-congreso-en-washington\/"]}]},{"@type":"ImageObject","inLanguage":"es","@id":"https:\/\/blgnoticiassantodomingo.net\/index.php\/2022\/12\/21\/zelenskyy-se-reunira-con-biden-ira-a-congreso-en-washington\/#primaryimage","url":"https:\/\/blgnoticiassantodomingo.net\/wp-content\/uploads\/2022\/12\/Screenshot_3-1.png","contentUrl":"https:\/\/blgnoticiassantodomingo.net\/wp-content\/uploads\/2022\/12\/Screenshot_3-1.png","width":1026,"height":679},{"@type":"BreadcrumbList","@id":"https:\/\/blgnoticiassantodomingo.net\/index.php\/2022\/12\/21\/zelenskyy-se-reunira-con-biden-ira-a-congreso-en-washington\/#breadcrumb","itemListElement":[{"@type":"ListItem","position":1,"name":"Portada","item":"https:\/\/blgnoticiassantodomingo.net\/"},{"@type":"ListItem","position":2,"name":"Zelenskyy se reunir\u00e1 con Biden, ir\u00e1 a Congreso en Washington"}]},{"@type":"WebSite","@id":"https:\/\/blgnoticiassantodomingo.net\/#website","url":"https:\/\/blgnoticiassantodomingo.net\/","name":"BLG Noticias","description":"Esto es Noticias","publisher":{"@id":"https:\/\/blgnoticiassantodomingo.net\/#organization"},"potentialAction":[{"@type":"SearchAction","target":{"@type":"EntryPoint","urlTemplate":"https:\/\/blgnoticiassantodomingo.net\/?s={search_term_string}"},"query-input":{"@type":"PropertyValueSpecification","valueRequired":true,"valueName":"search_term_string"}}],"inLanguage":"es"},{"@type":"Organization","@id":"https:\/\/blgnoticiassantodomingo.net\/#organization","name":"BLG Noticias","url":"https:\/\/blgnoticiassantodomingo.net\/","logo":{"@type":"ImageObject","inLanguage":"es","@id":"https:\/\/blgnoticiassantodomingo.net\/#\/schema\/logo\/image\/","url":"https:\/\/blgnoticiassantodomingo.net\/wp-content\/uploads\/2023\/12\/Diseno-sin-titulo-3.jpg","contentUrl":"https:\/\/blgnoticiassantodomingo.net\/wp-content\/uploads\/2023\/12\/Diseno-sin-titulo-3.jpg","width":500,"height":500,"caption":"BLG Noticias"},"image":{"@id":"https:\/\/blgnoticiassantodomingo.net\/#\/schema\/logo\/image\/"},"sameAs":["https:\/\/web.facebook.com\/BlgNoticias\/?locale=es_LA&_rdc=1&_rdr","https:\/\/x.com\/BlgNoticias","https:\/\/www.linkedin.com\/in\/brenda-l-santana-aa846279\/"]},{"@type":"Person","@id":"https:\/\/blgnoticiassantodomingo.net\/#\/schema\/person\/e2fc21cf88acc63dbd134be981bff374","name":"Brenda Guerrero","image":{"@type":"ImageObject","inLanguage":"es","@id":"https:\/\/blgnoticiassantodomingo.net\/#\/schema\/person\/image\/","url":"https:\/\/secure.gravatar.com\/avatar\/2f7fc4c3e3655be1580cb684bfd8ab19be702ae20879da1e072021daa02f9b8b?s=96&d=wp_user_avatar&r=g","contentUrl":"https:\/\/secure.gravatar.com\/avatar\/2f7fc4c3e3655be1580cb684bfd8ab19be702ae20879da1e072021daa02f9b8b?s=96&d=wp_user_avatar&r=g","caption":"Brenda Guerrero"},"description":"Periodista","url":"https:\/\/blgnoticiassantodomingo.net\/index.php\/author\/brenda-guerrero\/"}]}},"jetpack_featured_media_url":"https:\/\/blgnoticiassantodomingo.net\/wp-content\/uploads\/2022\/12\/Screenshot_3-1.png","_links":{"self":[{"href":"https:\/\/blgnoticiassantodomingo.net\/index.php\/wp-json\/wp\/v2\/posts\/33772","targetHints":{"allow":["GET"]}}],"collection":[{"href":"https:\/\/blgnoticiassantodomingo.net\/index.php\/wp-json\/wp\/v2\/posts"}],"about":[{"href":"https:\/\/blgnoticiassantodomingo.net\/index.php\/wp-json\/wp\/v2\/types\/post"}],"author":[{"embeddable":true,"href":"https:\/\/blgnoticiassantodomingo.net\/index.php\/wp-json\/wp\/v2\/users\/2"}],"replies":[{"embeddable":true,"href":"https:\/\/blgnoticiassantodomingo.net\/index.php\/wp-json\/wp\/v2\/comments?post=33772"}],"version-history":[{"count":1,"href":"https:\/\/blgnoticiassantodomingo.net\/index.php\/wp-json\/wp\/v2\/posts\/33772\/revisions"}],"predecessor-version":[{"id":33774,"href":"https:\/\/blgnoticiassantodomingo.net\/index.php\/wp-json\/wp\/v2\/posts\/33772\/revisions\/33774"}],"wp:featuredmedia":[{"embeddable":true,"href":"https:\/\/blgnoticiassantodomingo.net\/index.php\/wp-json\/wp\/v2\/media\/33773"}],"wp:attachment":[{"href":"https:\/\/blgnoticiassantodomingo.net\/index.php\/wp-json\/wp\/v2\/media?parent=33772"}],"wp:term":[{"taxonomy":"category","embeddable":true,"href":"https:\/\/blgnoticiassantodomingo.net\/index.php\/wp-json\/wp\/v2\/categories?post=33772"},{"taxonomy":"post_tag","embeddable":true,"href":"https:\/\/blgnoticiassantodomingo.net\/index.php\/wp-json\/wp\/v2\/tags?post=33772"}],"curies":[{"name":"wp","href":"https:\/\/api.w.org\/{rel}","templated":true}]}}