{"id":33600,"date":"2022-11-25T09:23:10","date_gmt":"2022-11-25T13:23:10","guid":{"rendered":"https:\/\/blgnoticiassantodomingo.net\/?p=33600"},"modified":"2022-11-25T09:23:13","modified_gmt":"2022-11-25T13:23:13","slug":"camara-de-diputados-realiza-panel-sobre-las-amenazas-y-desafios-de-la-familia","status":"publish","type":"post","link":"https:\/\/blgnoticiassantodomingo.net\/index.php\/2022\/11\/25\/camara-de-diputados-realiza-panel-sobre-las-amenazas-y-desafios-de-la-familia\/","title":{"rendered":"C\u00e1mara de Diputados realiza panel sobre las amenazas y desaf\u00edos de la familia"},"content":{"rendered":"\n<p>SANTO DOMINGO.\u2013 La C\u00e1mara de Diputados recibi\u00f3 a la Primera Dama de la Rep\u00fablica, Raquel Arbaje y a otras personalidades que trabajan por el bien de las familias, para impulsar el panel sobre las \u201cAmenazas y Desaf\u00edos de la Familia en un Mundo Globalizado\u201d.<\/p>\n\n\n\n<p>Durante la actividad que se llev\u00f3 a cabo con motivo de la familia, se destacaron temas importantes en materia de la ni\u00f1ez y terapia familiar, potencializando la conducta cognitiva y social de los ni\u00f1os, ni\u00f1as y adolescentes.<\/p>\n\n\n\n<p>Adem\u00e1s, las panelistas Ybelka Guill\u00e9n, consultora de negocios en la firma Cronos Consulting y Joselyn Rivera, coordinadora nacional de relaciones especiales de World Visi\u00f3n, expresaron que los hogares deben formar a sus hijos con ternura para poder nutricional la violencia, eliminando la negligencia y la falta de afecto de los j\u00f3venes.<\/p>\n\n\n\n<p>La Primera Dama recibi\u00f3 un reconocimiento por pertenecer a una familia ejemplar y virtuosa, que ha causado un gran impacto en la Rep\u00fablica Dominicana. Asimismo, fueron reconocidas varias madres, entre ella la diputada Yudelka de la Rosa por el gran cari\u00f1o y respeto que ha mostrado a la sociedad.<\/p>\n\n\n\n<p>Raquel Arbaje resalt\u00f3 \u201cno solo tenemos un compromiso como familia, sino una responsabilidad de velar por las necesidades del pueblo dominicano.<\/p>\n\n\n\n<p>Tambi\u00e9n la presidencia de la Comisi\u00f3n Permanente de Ni\u00f1ez, Adolescencia y Familia, diputada Ysabel De La Cruz, enfatiz\u00f3 \u201cdesde el Congreso Nacional como primer poder del Estado, tenemos la obligaci\u00f3n de velar porque las leyes de reglamentos, decretos y pol\u00edticas p\u00fablicas afecten de manera positiva la conformaci\u00f3n familiar.<\/p>\n\n\n\n<p>\u201cLa familia son el eje central de la sociedad, porque es la primera instituci\u00f3n del Estado\u201d recalc\u00f3.<\/p>\n\n\n\n<p>La actividad la presenciaron los diputados Julio Brito, Lily Florentino, Bety Ger\u00f3nimo, Serbia Familia, Soraya Su\u00e1rez, Ram\u00f3n Bueno, Carlos S\u00e1nchez, Juliana O\u2019neal, Priscila D\u2019 oleo, Amalia Pilarte, entre otros legisladores.<\/p>\n","protected":false},"excerpt":{"rendered":"<p>SANTO DOMINGO.\u2013 La C\u00e1mara de Diputados recibi\u00f3 a la Primera Dama de la Rep\u00fablica, Raquel Arbaje y a otras personalidades que trabajan por el bien de las familias, para impulsar el panel sobre las \u201cAmenazas y Desaf\u00edos de la Familia en un Mundo Globalizado\u201d. Durante la actividad que se llev\u00f3 a cabo con motivo de [&hellip;]<\/p>\n","protected":false},"author":3,"featured_media":33601,"comment_status":"open","ping_status":"open","sticky":false,"template":"","format":"standard","meta":{"footnotes":""},"categories":[220],"tags":[530,7534,1224],"class_list":{"0":"post-33600","1":"post","2":"type-post","3":"status-publish","4":"format-standard","5":"has-post-thumbnail","7":"category-nacionales","8":"tag-camara-de-diputados","9":"tag-familia","10":"tag-santo-domingo"},"yoast_head":"<!-- This site is optimized with the Yoast SEO plugin v24.9 - https:\/\/yoast.com\/wordpress\/plugins\/seo\/ -->\n<title>C\u00e1mara de Diputados realiza panel sobre las amenazas y desaf\u00edos de la familia - BLG Noticias<\/title>\n<meta name=\"robots\" content=\"index, follow, max-snippet:-1, max-image-preview:large, max-video-preview:-1\" \/>\n<link rel=\"canonical\" href=\"https:\/\/blgnoticiassantodomingo.net\/index.php\/2022\/11\/25\/camara-de-diputados-realiza-panel-sobre-las-amenazas-y-desafios-de-la-familia\/\" \/>\n<meta property=\"og:locale\" content=\"es_ES\" \/>\n<meta property=\"og:type\" content=\"article\" \/>\n<meta property=\"og:title\" content=\"C\u00e1mara de Diputados realiza panel sobre las amenazas y desaf\u00edos de la familia - BLG Noticias\" \/>\n<meta property=\"og:description\" content=\"SANTO DOMINGO.\u2013 La C\u00e1mara de Diputados recibi\u00f3 a la Primera Dama de la Rep\u00fablica, Raquel Arbaje y a otras personalidades que trabajan por el bien de las familias, para impulsar el panel sobre las \u201cAmenazas y Desaf\u00edos de la Familia en un Mundo Globalizado\u201d. Durante la actividad que se llev\u00f3 a cabo con motivo de [&hellip;]\" \/>\n<meta property=\"og:url\" content=\"https:\/\/blgnoticiassantodomingo.net\/index.php\/2022\/11\/25\/camara-de-diputados-realiza-panel-sobre-las-amenazas-y-desafios-de-la-familia\/\" \/>\n<meta property=\"og:site_name\" content=\"BLG Noticias\" \/>\n<meta property=\"article:publisher\" content=\"https:\/\/web.facebook.com\/BlgNoticias\/?locale=es_LA&amp;_rdc=1&amp;_rdr\" \/>\n<meta property=\"article:published_time\" content=\"2022-11-25T13:23:10+00:00\" \/>\n<meta property=\"article:modified_time\" content=\"2022-11-25T13:23:13+00:00\" \/>\n<meta property=\"og:image\" content=\"https:\/\/blgnoticiassantodomingo.net\/wp-content\/uploads\/2022\/11\/Screenshot-2022-11-25-09.21.52.png\" \/>\n\t<meta property=\"og:image:width\" content=\"764\" \/>\n\t<meta property=\"og:image:height\" content=\"456\" \/>\n\t<meta property=\"og:image:type\" content=\"image\/png\" \/>\n<meta name=\"author\" content=\"Yerlin Payano\" \/>\n<meta name=\"twitter:card\" content=\"summary_large_image\" \/>\n<meta name=\"twitter:creator\" content=\"@BlgNoticias\" \/>\n<meta name=\"twitter:site\" content=\"@BlgNoticias\" \/>\n<meta name=\"twitter:label1\" content=\"Escrito por\" \/>\n\t<meta name=\"twitter:data1\" content=\"Yerlin Payano\" \/>\n\t<meta name=\"twitter:label2\" content=\"Tiempo de lectura\" \/>\n\t<meta name=\"twitter:data2\" content=\"2 minutos\" \/>\n<script type=\"application\/ld+json\" class=\"yoast-schema-graph\">{\"@context\":\"https:\/\/schema.org\",\"@graph\":[{\"@type\":\"Article\",\"@id\":\"https:\/\/blgnoticiassantodomingo.net\/index.php\/2022\/11\/25\/camara-de-diputados-realiza-panel-sobre-las-amenazas-y-desafios-de-la-familia\/#article\",\"isPartOf\":{\"@id\":\"https:\/\/blgnoticiassantodomingo.net\/index.php\/2022\/11\/25\/camara-de-diputados-realiza-panel-sobre-las-amenazas-y-desafios-de-la-familia\/\"},\"author\":{\"name\":\"Yerlin Payano\",\"@id\":\"https:\/\/blgnoticiassantodomingo.net\/#\/schema\/person\/03b67e608d24e551f208708811f9dec0\"},\"headline\":\"C\u00e1mara de Diputados realiza panel sobre las amenazas y desaf\u00edos de la familia\",\"datePublished\":\"2022-11-25T13:23:10+00:00\",\"dateModified\":\"2022-11-25T13:23:13+00:00\",\"mainEntityOfPage\":{\"@id\":\"https:\/\/blgnoticiassantodomingo.net\/index.php\/2022\/11\/25\/camara-de-diputados-realiza-panel-sobre-las-amenazas-y-desafios-de-la-familia\/\"},\"wordCount\":337,\"commentCount\":0,\"publisher\":{\"@id\":\"https:\/\/blgnoticiassantodomingo.net\/#organization\"},\"image\":{\"@id\":\"https:\/\/blgnoticiassantodomingo.net\/index.php\/2022\/11\/25\/camara-de-diputados-realiza-panel-sobre-las-amenazas-y-desafios-de-la-familia\/#primaryimage\"},\"thumbnailUrl\":\"https:\/\/blgnoticiassantodomingo.net\/wp-content\/uploads\/2022\/11\/Screenshot-2022-11-25-09.21.52.png\",\"keywords\":[\"Camara de Diputados\",\"familia\",\"Santo Domingo\"],\"articleSection\":[\"Nacionales\"],\"inLanguage\":\"es\",\"potentialAction\":[{\"@type\":\"CommentAction\",\"name\":\"Comment\",\"target\":[\"https:\/\/blgnoticiassantodomingo.net\/index.php\/2022\/11\/25\/camara-de-diputados-realiza-panel-sobre-las-amenazas-y-desafios-de-la-familia\/#respond\"]}]},{\"@type\":\"WebPage\",\"@id\":\"https:\/\/blgnoticiassantodomingo.net\/index.php\/2022\/11\/25\/camara-de-diputados-realiza-panel-sobre-las-amenazas-y-desafios-de-la-familia\/\",\"url\":\"https:\/\/blgnoticiassantodomingo.net\/index.php\/2022\/11\/25\/camara-de-diputados-realiza-panel-sobre-las-amenazas-y-desafios-de-la-familia\/\",\"name\":\"C\u00e1mara de Diputados realiza panel sobre las amenazas y desaf\u00edos de la familia - BLG Noticias\",\"isPartOf\":{\"@id\":\"https:\/\/blgnoticiassantodomingo.net\/#website\"},\"primaryImageOfPage\":{\"@id\":\"https:\/\/blgnoticiassantodomingo.net\/index.php\/2022\/11\/25\/camara-de-diputados-realiza-panel-sobre-las-amenazas-y-desafios-de-la-familia\/#primaryimage\"},\"image\":{\"@id\":\"https:\/\/blgnoticiassantodomingo.net\/index.php\/2022\/11\/25\/camara-de-diputados-realiza-panel-sobre-las-amenazas-y-desafios-de-la-familia\/#primaryimage\"},\"thumbnailUrl\":\"https:\/\/blgnoticiassantodomingo.net\/wp-content\/uploads\/2022\/11\/Screenshot-2022-11-25-09.21.52.png\",\"datePublished\":\"2022-11-25T13:23:10+00:00\",\"dateModified\":\"2022-11-25T13:23:13+00:00\",\"breadcrumb\":{\"@id\":\"https:\/\/blgnoticiassantodomingo.net\/index.php\/2022\/11\/25\/camara-de-diputados-realiza-panel-sobre-las-amenazas-y-desafios-de-la-familia\/#breadcrumb\"},\"inLanguage\":\"es\",\"potentialAction\":[{\"@type\":\"ReadAction\",\"target\":[\"https:\/\/blgnoticiassantodomingo.net\/index.php\/2022\/11\/25\/camara-de-diputados-realiza-panel-sobre-las-amenazas-y-desafios-de-la-familia\/\"]}]},{\"@type\":\"ImageObject\",\"inLanguage\":\"es\",\"@id\":\"https:\/\/blgnoticiassantodomingo.net\/index.php\/2022\/11\/25\/camara-de-diputados-realiza-panel-sobre-las-amenazas-y-desafios-de-la-familia\/#primaryimage\",\"url\":\"https:\/\/blgnoticiassantodomingo.net\/wp-content\/uploads\/2022\/11\/Screenshot-2022-11-25-09.21.52.png\",\"contentUrl\":\"https:\/\/blgnoticiassantodomingo.net\/wp-content\/uploads\/2022\/11\/Screenshot-2022-11-25-09.21.52.png\",\"width\":764,\"height\":456},{\"@type\":\"BreadcrumbList\",\"@id\":\"https:\/\/blgnoticiassantodomingo.net\/index.php\/2022\/11\/25\/camara-de-diputados-realiza-panel-sobre-las-amenazas-y-desafios-de-la-familia\/#breadcrumb\",\"itemListElement\":[{\"@type\":\"ListItem\",\"position\":1,\"name\":\"Portada\",\"item\":\"https:\/\/blgnoticiassantodomingo.net\/\"},{\"@type\":\"ListItem\",\"position\":2,\"name\":\"C\u00e1mara de Diputados realiza panel sobre las amenazas y desaf\u00edos de la familia\"}]},{\"@type\":\"WebSite\",\"@id\":\"https:\/\/blgnoticiassantodomingo.net\/#website\",\"url\":\"https:\/\/blgnoticiassantodomingo.net\/\",\"name\":\"BLG Noticias\",\"description\":\"Esto es Noticias\",\"publisher\":{\"@id\":\"https:\/\/blgnoticiassantodomingo.net\/#organization\"},\"potentialAction\":[{\"@type\":\"SearchAction\",\"target\":{\"@type\":\"EntryPoint\",\"urlTemplate\":\"https:\/\/blgnoticiassantodomingo.net\/?s={search_term_string}\"},\"query-input\":{\"@type\":\"PropertyValueSpecification\",\"valueRequired\":true,\"valueName\":\"search_term_string\"}}],\"inLanguage\":\"es\"},{\"@type\":\"Organization\",\"@id\":\"https:\/\/blgnoticiassantodomingo.net\/#organization\",\"name\":\"BLG Noticias\",\"url\":\"https:\/\/blgnoticiassantodomingo.net\/\",\"logo\":{\"@type\":\"ImageObject\",\"inLanguage\":\"es\",\"@id\":\"https:\/\/blgnoticiassantodomingo.net\/#\/schema\/logo\/image\/\",\"url\":\"https:\/\/blgnoticiassantodomingo.net\/wp-content\/uploads\/2023\/12\/Diseno-sin-titulo-3.jpg\",\"contentUrl\":\"https:\/\/blgnoticiassantodomingo.net\/wp-content\/uploads\/2023\/12\/Diseno-sin-titulo-3.jpg\",\"width\":500,\"height\":500,\"caption\":\"BLG Noticias\"},\"image\":{\"@id\":\"https:\/\/blgnoticiassantodomingo.net\/#\/schema\/logo\/image\/\"},\"sameAs\":[\"https:\/\/web.facebook.com\/BlgNoticias\/?locale=es_LA&_rdc=1&_rdr\",\"https:\/\/x.com\/BlgNoticias\",\"https:\/\/www.linkedin.com\/in\/brenda-l-santana-aa846279\/\"]},{\"@type\":\"Person\",\"@id\":\"https:\/\/blgnoticiassantodomingo.net\/#\/schema\/person\/03b67e608d24e551f208708811f9dec0\",\"name\":\"Yerlin Payano\",\"image\":{\"@type\":\"ImageObject\",\"inLanguage\":\"es\",\"@id\":\"https:\/\/blgnoticiassantodomingo.net\/#\/schema\/person\/image\/\",\"url\":\"https:\/\/secure.gravatar.com\/avatar\/0df11eeed431210345b3a5364c9941af1e921c3e99c30e40a827773db05d19f2?s=96&d=wp_user_avatar&r=g\",\"contentUrl\":\"https:\/\/secure.gravatar.com\/avatar\/0df11eeed431210345b3a5364c9941af1e921c3e99c30e40a827773db05d19f2?s=96&d=wp_user_avatar&r=g\",\"caption\":\"Yerlin Payano\"},\"sameAs\":[\"http:\/\/blgnoticiassantodomingo.net\/\"],\"url\":\"https:\/\/blgnoticiassantodomingo.net\/index.php\/author\/yerlinpayano\/\"}]}<\/script>\n<!-- \/ Yoast SEO plugin. -->","yoast_head_json":{"title":"C\u00e1mara de Diputados realiza panel sobre las amenazas y desaf\u00edos de la familia - BLG Noticias","robots":{"index":"index","follow":"follow","max-snippet":"max-snippet:-1","max-image-preview":"max-image-preview:large","max-video-preview":"max-video-preview:-1"},"canonical":"https:\/\/blgnoticiassantodomingo.net\/index.php\/2022\/11\/25\/camara-de-diputados-realiza-panel-sobre-las-amenazas-y-desafios-de-la-familia\/","og_locale":"es_ES","og_type":"article","og_title":"C\u00e1mara de Diputados realiza panel sobre las amenazas y desaf\u00edos de la familia - BLG Noticias","og_description":"SANTO DOMINGO.\u2013 La C\u00e1mara de Diputados recibi\u00f3 a la Primera Dama de la Rep\u00fablica, Raquel Arbaje y a otras personalidades que trabajan por el bien de las familias, para impulsar el panel sobre las \u201cAmenazas y Desaf\u00edos de la Familia en un Mundo Globalizado\u201d. Durante la actividad que se llev\u00f3 a cabo con motivo de [&hellip;]","og_url":"https:\/\/blgnoticiassantodomingo.net\/index.php\/2022\/11\/25\/camara-de-diputados-realiza-panel-sobre-las-amenazas-y-desafios-de-la-familia\/","og_site_name":"BLG Noticias","article_publisher":"https:\/\/web.facebook.com\/BlgNoticias\/?locale=es_LA&_rdc=1&_rdr","article_published_time":"2022-11-25T13:23:10+00:00","article_modified_time":"2022-11-25T13:23:13+00:00","og_image":[{"width":764,"height":456,"url":"https:\/\/blgnoticiassantodomingo.net\/wp-content\/uploads\/2022\/11\/Screenshot-2022-11-25-09.21.52.png","type":"image\/png"}],"author":"Yerlin Payano","twitter_card":"summary_large_image","twitter_creator":"@BlgNoticias","twitter_site":"@BlgNoticias","twitter_misc":{"Escrito por":"Yerlin Payano","Tiempo de lectura":"2 minutos"},"schema":{"@context":"https:\/\/schema.org","@graph":[{"@type":"Article","@id":"https:\/\/blgnoticiassantodomingo.net\/index.php\/2022\/11\/25\/camara-de-diputados-realiza-panel-sobre-las-amenazas-y-desafios-de-la-familia\/#article","isPartOf":{"@id":"https:\/\/blgnoticiassantodomingo.net\/index.php\/2022\/11\/25\/camara-de-diputados-realiza-panel-sobre-las-amenazas-y-desafios-de-la-familia\/"},"author":{"name":"Yerlin Payano","@id":"https:\/\/blgnoticiassantodomingo.net\/#\/schema\/person\/03b67e608d24e551f208708811f9dec0"},"headline":"C\u00e1mara de Diputados realiza panel sobre las amenazas y desaf\u00edos de la familia","datePublished":"2022-11-25T13:23:10+00:00","dateModified":"2022-11-25T13:23:13+00:00","mainEntityOfPage":{"@id":"https:\/\/blgnoticiassantodomingo.net\/index.php\/2022\/11\/25\/camara-de-diputados-realiza-panel-sobre-las-amenazas-y-desafios-de-la-familia\/"},"wordCount":337,"commentCount":0,"publisher":{"@id":"https:\/\/blgnoticiassantodomingo.net\/#organization"},"image":{"@id":"https:\/\/blgnoticiassantodomingo.net\/index.php\/2022\/11\/25\/camara-de-diputados-realiza-panel-sobre-las-amenazas-y-desafios-de-la-familia\/#primaryimage"},"thumbnailUrl":"https:\/\/blgnoticiassantodomingo.net\/wp-content\/uploads\/2022\/11\/Screenshot-2022-11-25-09.21.52.png","keywords":["Camara de Diputados","familia","Santo Domingo"],"articleSection":["Nacionales"],"inLanguage":"es","potentialAction":[{"@type":"CommentAction","name":"Comment","target":["https:\/\/blgnoticiassantodomingo.net\/index.php\/2022\/11\/25\/camara-de-diputados-realiza-panel-sobre-las-amenazas-y-desafios-de-la-familia\/#respond"]}]},{"@type":"WebPage","@id":"https:\/\/blgnoticiassantodomingo.net\/index.php\/2022\/11\/25\/camara-de-diputados-realiza-panel-sobre-las-amenazas-y-desafios-de-la-familia\/","url":"https:\/\/blgnoticiassantodomingo.net\/index.php\/2022\/11\/25\/camara-de-diputados-realiza-panel-sobre-las-amenazas-y-desafios-de-la-familia\/","name":"C\u00e1mara de Diputados realiza panel sobre las amenazas y desaf\u00edos de la familia - BLG Noticias","isPartOf":{"@id":"https:\/\/blgnoticiassantodomingo.net\/#website"},"primaryImageOfPage":{"@id":"https:\/\/blgnoticiassantodomingo.net\/index.php\/2022\/11\/25\/camara-de-diputados-realiza-panel-sobre-las-amenazas-y-desafios-de-la-familia\/#primaryimage"},"image":{"@id":"https:\/\/blgnoticiassantodomingo.net\/index.php\/2022\/11\/25\/camara-de-diputados-realiza-panel-sobre-las-amenazas-y-desafios-de-la-familia\/#primaryimage"},"thumbnailUrl":"https:\/\/blgnoticiassantodomingo.net\/wp-content\/uploads\/2022\/11\/Screenshot-2022-11-25-09.21.52.png","datePublished":"2022-11-25T13:23:10+00:00","dateModified":"2022-11-25T13:23:13+00:00","breadcrumb":{"@id":"https:\/\/blgnoticiassantodomingo.net\/index.php\/2022\/11\/25\/camara-de-diputados-realiza-panel-sobre-las-amenazas-y-desafios-de-la-familia\/#breadcrumb"},"inLanguage":"es","potentialAction":[{"@type":"ReadAction","target":["https:\/\/blgnoticiassantodomingo.net\/index.php\/2022\/11\/25\/camara-de-diputados-realiza-panel-sobre-las-amenazas-y-desafios-de-la-familia\/"]}]},{"@type":"ImageObject","inLanguage":"es","@id":"https:\/\/blgnoticiassantodomingo.net\/index.php\/2022\/11\/25\/camara-de-diputados-realiza-panel-sobre-las-amenazas-y-desafios-de-la-familia\/#primaryimage","url":"https:\/\/blgnoticiassantodomingo.net\/wp-content\/uploads\/2022\/11\/Screenshot-2022-11-25-09.21.52.png","contentUrl":"https:\/\/blgnoticiassantodomingo.net\/wp-content\/uploads\/2022\/11\/Screenshot-2022-11-25-09.21.52.png","width":764,"height":456},{"@type":"BreadcrumbList","@id":"https:\/\/blgnoticiassantodomingo.net\/index.php\/2022\/11\/25\/camara-de-diputados-realiza-panel-sobre-las-amenazas-y-desafios-de-la-familia\/#breadcrumb","itemListElement":[{"@type":"ListItem","position":1,"name":"Portada","item":"https:\/\/blgnoticiassantodomingo.net\/"},{"@type":"ListItem","position":2,"name":"C\u00e1mara de Diputados realiza panel sobre las amenazas y desaf\u00edos de la familia"}]},{"@type":"WebSite","@id":"https:\/\/blgnoticiassantodomingo.net\/#website","url":"https:\/\/blgnoticiassantodomingo.net\/","name":"BLG Noticias","description":"Esto es Noticias","publisher":{"@id":"https:\/\/blgnoticiassantodomingo.net\/#organization"},"potentialAction":[{"@type":"SearchAction","target":{"@type":"EntryPoint","urlTemplate":"https:\/\/blgnoticiassantodomingo.net\/?s={search_term_string}"},"query-input":{"@type":"PropertyValueSpecification","valueRequired":true,"valueName":"search_term_string"}}],"inLanguage":"es"},{"@type":"Organization","@id":"https:\/\/blgnoticiassantodomingo.net\/#organization","name":"BLG Noticias","url":"https:\/\/blgnoticiassantodomingo.net\/","logo":{"@type":"ImageObject","inLanguage":"es","@id":"https:\/\/blgnoticiassantodomingo.net\/#\/schema\/logo\/image\/","url":"https:\/\/blgnoticiassantodomingo.net\/wp-content\/uploads\/2023\/12\/Diseno-sin-titulo-3.jpg","contentUrl":"https:\/\/blgnoticiassantodomingo.net\/wp-content\/uploads\/2023\/12\/Diseno-sin-titulo-3.jpg","width":500,"height":500,"caption":"BLG Noticias"},"image":{"@id":"https:\/\/blgnoticiassantodomingo.net\/#\/schema\/logo\/image\/"},"sameAs":["https:\/\/web.facebook.com\/BlgNoticias\/?locale=es_LA&_rdc=1&_rdr","https:\/\/x.com\/BlgNoticias","https:\/\/www.linkedin.com\/in\/brenda-l-santana-aa846279\/"]},{"@type":"Person","@id":"https:\/\/blgnoticiassantodomingo.net\/#\/schema\/person\/03b67e608d24e551f208708811f9dec0","name":"Yerlin Payano","image":{"@type":"ImageObject","inLanguage":"es","@id":"https:\/\/blgnoticiassantodomingo.net\/#\/schema\/person\/image\/","url":"https:\/\/secure.gravatar.com\/avatar\/0df11eeed431210345b3a5364c9941af1e921c3e99c30e40a827773db05d19f2?s=96&d=wp_user_avatar&r=g","contentUrl":"https:\/\/secure.gravatar.com\/avatar\/0df11eeed431210345b3a5364c9941af1e921c3e99c30e40a827773db05d19f2?s=96&d=wp_user_avatar&r=g","caption":"Yerlin Payano"},"sameAs":["http:\/\/blgnoticiassantodomingo.net\/"],"url":"https:\/\/blgnoticiassantodomingo.net\/index.php\/author\/yerlinpayano\/"}]}},"jetpack_featured_media_url":"https:\/\/blgnoticiassantodomingo.net\/wp-content\/uploads\/2022\/11\/Screenshot-2022-11-25-09.21.52.png","_links":{"self":[{"href":"https:\/\/blgnoticiassantodomingo.net\/index.php\/wp-json\/wp\/v2\/posts\/33600","targetHints":{"allow":["GET"]}}],"collection":[{"href":"https:\/\/blgnoticiassantodomingo.net\/index.php\/wp-json\/wp\/v2\/posts"}],"about":[{"href":"https:\/\/blgnoticiassantodomingo.net\/index.php\/wp-json\/wp\/v2\/types\/post"}],"author":[{"embeddable":true,"href":"https:\/\/blgnoticiassantodomingo.net\/index.php\/wp-json\/wp\/v2\/users\/3"}],"replies":[{"embeddable":true,"href":"https:\/\/blgnoticiassantodomingo.net\/index.php\/wp-json\/wp\/v2\/comments?post=33600"}],"version-history":[{"count":1,"href":"https:\/\/blgnoticiassantodomingo.net\/index.php\/wp-json\/wp\/v2\/posts\/33600\/revisions"}],"predecessor-version":[{"id":33602,"href":"https:\/\/blgnoticiassantodomingo.net\/index.php\/wp-json\/wp\/v2\/posts\/33600\/revisions\/33602"}],"wp:featuredmedia":[{"embeddable":true,"href":"https:\/\/blgnoticiassantodomingo.net\/index.php\/wp-json\/wp\/v2\/media\/33601"}],"wp:attachment":[{"href":"https:\/\/blgnoticiassantodomingo.net\/index.php\/wp-json\/wp\/v2\/media?parent=33600"}],"wp:term":[{"taxonomy":"category","embeddable":true,"href":"https:\/\/blgnoticiassantodomingo.net\/index.php\/wp-json\/wp\/v2\/categories?post=33600"},{"taxonomy":"post_tag","embeddable":true,"href":"https:\/\/blgnoticiassantodomingo.net\/index.php\/wp-json\/wp\/v2\/tags?post=33600"}],"curies":[{"name":"wp","href":"https:\/\/api.w.org\/{rel}","templated":true}]}}