{"id":33523,"date":"2022-11-22T11:08:09","date_gmt":"2022-11-22T15:08:09","guid":{"rendered":"https:\/\/blgnoticiassantodomingo.net\/?p=33523"},"modified":"2022-11-22T11:08:12","modified_gmt":"2022-11-22T15:08:12","slug":"mispas-notifica-a-la-poblacion-un-nuevo-caso-de-colera","status":"publish","type":"post","link":"https:\/\/blgnoticiassantodomingo.net\/index.php\/2022\/11\/22\/mispas-notifica-a-la-poblacion-un-nuevo-caso-de-colera\/","title":{"rendered":"MISPAS notifica a la poblaci\u00f3n un nuevo caso de C\u00f3lera"},"content":{"rendered":"\n<p>Santo Domingo. \u2013 -El Ministerio de Salud P\u00fablica y Asistencia Social (MISPAS, a trav\u00e9s del Viceministerio de Salud Colectiva y la Direcci\u00f3n General de Epidemiolog\u00eda, notific\u00f3 este lunes a la poblaci\u00f3n la confirmaci\u00f3n del segundo caso importado de c\u00f3lera en el pa\u00eds, correspondiente a un paciente masculino de 4 a\u00f1os de edad, de nacionalidad haitiana.<\/p>\n\n\n\n<p>El menor entr\u00f3 al pa\u00eds, el d\u00eda 18 del presente mes de noviembre, por Dajab\u00f3n, e ingresado en el hospital Padre Fantino de Montecristi, debido a que ten\u00eda dos d\u00edas en Puerto Pr\u00edncipe, Hait\u00ed, con s\u00edntomas de la enfermedad.<\/p>\n\n\n\n<p>Al llegar al hospital, el paciente presentaba diarrea acuosa y blanquecina, v\u00f3mitos, boca seca, pulso d\u00e9bil y somnolencia. Inmediatamente fue hidratado y estabilizado, luego fue tomada la muestra coprol\u00f3gica, obteni\u00e9ndose el resultado positivo a c\u00f3lera, el domingo 20.<\/p>\n\n\n\n<p>El reporte de la epidemi\u00f3loga doctora Francisca Kasse, certific\u00f3 que en ese momento el paciente ten\u00eda 24 horas sin evacuar, y se mantiene estable, de buen \u00e1nimo y apetito, pero ingresado para fines de observaci\u00f3n.<\/p>\n\n\n\n<p>De igual manera, la Direcci\u00f3n Provincial de Salud de Monte Cristi, realiz\u00f3 el cerco epidemiol\u00f3gico, con los familiares cercanos, determin\u00e1ndose que el menor solo reside con sus padres, los cuales fueron medicados preventivamente debido a que hasta el momento no presentan s\u00edntomas de la enfermedad.<\/p>\n\n\n\n<p>El Ministerio de Salud P\u00fablica y Asistencia Social (MISPAS) contin\u00faa trabajando en la alerta preventiva para esta enfermedad, ejecutando acciones para la detecci\u00f3n temprana de casos, mediante la activaci\u00f3n de los mecanismos de respuesta para accionar frente a un caso sospechoso con las instituciones de lugar.<\/p>\n\n\n\n<p>Asimismo, las autoridades de Salud exhortan a la poblaci\u00f3n a no alarmarse y mantenerse atento a los informes, con relaci\u00f3n a la enfermedad y aplicar las medidas de lugar.<\/p>\n\n\n\n<p><strong>Adem\u00e1s, continuar con la siguiente medida de higiene:<\/strong><\/p>\n\n\n\n<p>Consumir alimentos bien cocidos y bebidas preparadas con agua potable.<br>\u2022 Proteger el agua de posibles medios de infecci\u00f3n y en todos los casos hervirla antes de su consumo.<br>\u2022 Lavarse las manos frecuentemente antes de consumir alimentos, y despu\u00e9s de ir al ba\u00f1o.<br>\u2022 Acudir al centro de salud m\u00e1s cercano, en caso de presentar diarrea aguda.<br>\u2022Notificar la ocurrencia de casos a las autoridades de Salud P\u00fablica.<br>\u2022 Estar atentos a las recomendaciones emitidas por el Ministerio de Salud.<\/p>\n","protected":false},"excerpt":{"rendered":"<p>C\u00f3lera<\/p>\n","protected":false},"author":2,"featured_media":33524,"comment_status":"open","ping_status":"open","sticky":true,"template":"","format":"standard","meta":{"footnotes":""},"categories":[224],"tags":[7385,5678],"class_list":{"0":"post-33523","1":"post","2":"type-post","3":"status-publish","4":"format-standard","5":"has-post-thumbnail","7":"category-salud","8":"tag-colera-2","9":"tag-mispas"},"yoast_head":"<!-- This site is optimized with the Yoast SEO plugin v24.9 - https:\/\/yoast.com\/wordpress\/plugins\/seo\/ -->\n<title>MISPAS notifica a la poblaci\u00f3n un nuevo caso de C\u00f3lera - BLG Noticias<\/title>\n<meta name=\"robots\" content=\"index, follow, max-snippet:-1, max-image-preview:large, max-video-preview:-1\" \/>\n<link rel=\"canonical\" href=\"https:\/\/blgnoticiassantodomingo.net\/index.php\/2022\/11\/22\/mispas-notifica-a-la-poblacion-un-nuevo-caso-de-colera\/\" \/>\n<meta property=\"og:locale\" content=\"es_ES\" \/>\n<meta property=\"og:type\" content=\"article\" \/>\n<meta property=\"og:title\" content=\"MISPAS notifica a la poblaci\u00f3n un nuevo caso de C\u00f3lera - BLG Noticias\" \/>\n<meta property=\"og:description\" content=\"C\u00f3lera\" \/>\n<meta property=\"og:url\" content=\"https:\/\/blgnoticiassantodomingo.net\/index.php\/2022\/11\/22\/mispas-notifica-a-la-poblacion-un-nuevo-caso-de-colera\/\" \/>\n<meta property=\"og:site_name\" content=\"BLG Noticias\" \/>\n<meta property=\"article:publisher\" content=\"https:\/\/web.facebook.com\/BlgNoticias\/?locale=es_LA&amp;_rdc=1&amp;_rdr\" \/>\n<meta property=\"article:published_time\" content=\"2022-11-22T15:08:09+00:00\" \/>\n<meta property=\"article:modified_time\" content=\"2022-11-22T15:08:12+00:00\" \/>\n<meta property=\"og:image\" content=\"https:\/\/blgnoticiassantodomingo.net\/wp-content\/uploads\/2022\/11\/colera.jpg\" \/>\n\t<meta property=\"og:image:width\" content=\"480\" \/>\n\t<meta property=\"og:image:height\" content=\"320\" \/>\n\t<meta property=\"og:image:type\" content=\"image\/jpeg\" \/>\n<meta name=\"author\" content=\"Brenda Guerrero\" \/>\n<meta name=\"twitter:card\" content=\"summary_large_image\" \/>\n<meta name=\"twitter:creator\" content=\"@BlgNoticias\" \/>\n<meta name=\"twitter:site\" content=\"@BlgNoticias\" \/>\n<meta name=\"twitter:label1\" content=\"Escrito por\" \/>\n\t<meta name=\"twitter:data1\" content=\"Brenda Guerrero\" \/>\n\t<meta name=\"twitter:label2\" content=\"Tiempo de lectura\" \/>\n\t<meta name=\"twitter:data2\" content=\"2 minutos\" \/>\n<script type=\"application\/ld+json\" class=\"yoast-schema-graph\">{\"@context\":\"https:\/\/schema.org\",\"@graph\":[{\"@type\":\"Article\",\"@id\":\"https:\/\/blgnoticiassantodomingo.net\/index.php\/2022\/11\/22\/mispas-notifica-a-la-poblacion-un-nuevo-caso-de-colera\/#article\",\"isPartOf\":{\"@id\":\"https:\/\/blgnoticiassantodomingo.net\/index.php\/2022\/11\/22\/mispas-notifica-a-la-poblacion-un-nuevo-caso-de-colera\/\"},\"author\":{\"name\":\"Brenda Guerrero\",\"@id\":\"https:\/\/blgnoticiassantodomingo.net\/#\/schema\/person\/e2fc21cf88acc63dbd134be981bff374\"},\"headline\":\"MISPAS notifica a la poblaci\u00f3n un nuevo caso de C\u00f3lera\",\"datePublished\":\"2022-11-22T15:08:09+00:00\",\"dateModified\":\"2022-11-22T15:08:12+00:00\",\"mainEntityOfPage\":{\"@id\":\"https:\/\/blgnoticiassantodomingo.net\/index.php\/2022\/11\/22\/mispas-notifica-a-la-poblacion-un-nuevo-caso-de-colera\/\"},\"wordCount\":419,\"commentCount\":0,\"publisher\":{\"@id\":\"https:\/\/blgnoticiassantodomingo.net\/#organization\"},\"image\":{\"@id\":\"https:\/\/blgnoticiassantodomingo.net\/index.php\/2022\/11\/22\/mispas-notifica-a-la-poblacion-un-nuevo-caso-de-colera\/#primaryimage\"},\"thumbnailUrl\":\"https:\/\/blgnoticiassantodomingo.net\/wp-content\/uploads\/2022\/11\/colera.jpg\",\"keywords\":[\"C\u00f3lera\",\"MISPAS\"],\"articleSection\":[\"Salud\"],\"inLanguage\":\"es\",\"potentialAction\":[{\"@type\":\"CommentAction\",\"name\":\"Comment\",\"target\":[\"https:\/\/blgnoticiassantodomingo.net\/index.php\/2022\/11\/22\/mispas-notifica-a-la-poblacion-un-nuevo-caso-de-colera\/#respond\"]}]},{\"@type\":\"WebPage\",\"@id\":\"https:\/\/blgnoticiassantodomingo.net\/index.php\/2022\/11\/22\/mispas-notifica-a-la-poblacion-un-nuevo-caso-de-colera\/\",\"url\":\"https:\/\/blgnoticiassantodomingo.net\/index.php\/2022\/11\/22\/mispas-notifica-a-la-poblacion-un-nuevo-caso-de-colera\/\",\"name\":\"MISPAS notifica a la poblaci\u00f3n un nuevo caso de C\u00f3lera - BLG Noticias\",\"isPartOf\":{\"@id\":\"https:\/\/blgnoticiassantodomingo.net\/#website\"},\"primaryImageOfPage\":{\"@id\":\"https:\/\/blgnoticiassantodomingo.net\/index.php\/2022\/11\/22\/mispas-notifica-a-la-poblacion-un-nuevo-caso-de-colera\/#primaryimage\"},\"image\":{\"@id\":\"https:\/\/blgnoticiassantodomingo.net\/index.php\/2022\/11\/22\/mispas-notifica-a-la-poblacion-un-nuevo-caso-de-colera\/#primaryimage\"},\"thumbnailUrl\":\"https:\/\/blgnoticiassantodomingo.net\/wp-content\/uploads\/2022\/11\/colera.jpg\",\"datePublished\":\"2022-11-22T15:08:09+00:00\",\"dateModified\":\"2022-11-22T15:08:12+00:00\",\"breadcrumb\":{\"@id\":\"https:\/\/blgnoticiassantodomingo.net\/index.php\/2022\/11\/22\/mispas-notifica-a-la-poblacion-un-nuevo-caso-de-colera\/#breadcrumb\"},\"inLanguage\":\"es\",\"potentialAction\":[{\"@type\":\"ReadAction\",\"target\":[\"https:\/\/blgnoticiassantodomingo.net\/index.php\/2022\/11\/22\/mispas-notifica-a-la-poblacion-un-nuevo-caso-de-colera\/\"]}]},{\"@type\":\"ImageObject\",\"inLanguage\":\"es\",\"@id\":\"https:\/\/blgnoticiassantodomingo.net\/index.php\/2022\/11\/22\/mispas-notifica-a-la-poblacion-un-nuevo-caso-de-colera\/#primaryimage\",\"url\":\"https:\/\/blgnoticiassantodomingo.net\/wp-content\/uploads\/2022\/11\/colera.jpg\",\"contentUrl\":\"https:\/\/blgnoticiassantodomingo.net\/wp-content\/uploads\/2022\/11\/colera.jpg\",\"width\":480,\"height\":320,\"caption\":\"C\u00f3lera\"},{\"@type\":\"BreadcrumbList\",\"@id\":\"https:\/\/blgnoticiassantodomingo.net\/index.php\/2022\/11\/22\/mispas-notifica-a-la-poblacion-un-nuevo-caso-de-colera\/#breadcrumb\",\"itemListElement\":[{\"@type\":\"ListItem\",\"position\":1,\"name\":\"Portada\",\"item\":\"https:\/\/blgnoticiassantodomingo.net\/\"},{\"@type\":\"ListItem\",\"position\":2,\"name\":\"MISPAS notifica a la poblaci\u00f3n un nuevo caso de C\u00f3lera\"}]},{\"@type\":\"WebSite\",\"@id\":\"https:\/\/blgnoticiassantodomingo.net\/#website\",\"url\":\"https:\/\/blgnoticiassantodomingo.net\/\",\"name\":\"BLG Noticias\",\"description\":\"Esto es Noticias\",\"publisher\":{\"@id\":\"https:\/\/blgnoticiassantodomingo.net\/#organization\"},\"potentialAction\":[{\"@type\":\"SearchAction\",\"target\":{\"@type\":\"EntryPoint\",\"urlTemplate\":\"https:\/\/blgnoticiassantodomingo.net\/?s={search_term_string}\"},\"query-input\":{\"@type\":\"PropertyValueSpecification\",\"valueRequired\":true,\"valueName\":\"search_term_string\"}}],\"inLanguage\":\"es\"},{\"@type\":\"Organization\",\"@id\":\"https:\/\/blgnoticiassantodomingo.net\/#organization\",\"name\":\"BLG Noticias\",\"url\":\"https:\/\/blgnoticiassantodomingo.net\/\",\"logo\":{\"@type\":\"ImageObject\",\"inLanguage\":\"es\",\"@id\":\"https:\/\/blgnoticiassantodomingo.net\/#\/schema\/logo\/image\/\",\"url\":\"https:\/\/blgnoticiassantodomingo.net\/wp-content\/uploads\/2023\/12\/Diseno-sin-titulo-3.jpg\",\"contentUrl\":\"https:\/\/blgnoticiassantodomingo.net\/wp-content\/uploads\/2023\/12\/Diseno-sin-titulo-3.jpg\",\"width\":500,\"height\":500,\"caption\":\"BLG Noticias\"},\"image\":{\"@id\":\"https:\/\/blgnoticiassantodomingo.net\/#\/schema\/logo\/image\/\"},\"sameAs\":[\"https:\/\/web.facebook.com\/BlgNoticias\/?locale=es_LA&_rdc=1&_rdr\",\"https:\/\/x.com\/BlgNoticias\",\"https:\/\/www.linkedin.com\/in\/brenda-l-santana-aa846279\/\"]},{\"@type\":\"Person\",\"@id\":\"https:\/\/blgnoticiassantodomingo.net\/#\/schema\/person\/e2fc21cf88acc63dbd134be981bff374\",\"name\":\"Brenda Guerrero\",\"image\":{\"@type\":\"ImageObject\",\"inLanguage\":\"es\",\"@id\":\"https:\/\/blgnoticiassantodomingo.net\/#\/schema\/person\/image\/\",\"url\":\"https:\/\/secure.gravatar.com\/avatar\/2f7fc4c3e3655be1580cb684bfd8ab19be702ae20879da1e072021daa02f9b8b?s=96&d=wp_user_avatar&r=g\",\"contentUrl\":\"https:\/\/secure.gravatar.com\/avatar\/2f7fc4c3e3655be1580cb684bfd8ab19be702ae20879da1e072021daa02f9b8b?s=96&d=wp_user_avatar&r=g\",\"caption\":\"Brenda Guerrero\"},\"description\":\"Periodista\",\"url\":\"https:\/\/blgnoticiassantodomingo.net\/index.php\/author\/brenda-guerrero\/\"}]}<\/script>\n<!-- \/ Yoast SEO plugin. -->","yoast_head_json":{"title":"MISPAS notifica a la poblaci\u00f3n un nuevo caso de C\u00f3lera - BLG Noticias","robots":{"index":"index","follow":"follow","max-snippet":"max-snippet:-1","max-image-preview":"max-image-preview:large","max-video-preview":"max-video-preview:-1"},"canonical":"https:\/\/blgnoticiassantodomingo.net\/index.php\/2022\/11\/22\/mispas-notifica-a-la-poblacion-un-nuevo-caso-de-colera\/","og_locale":"es_ES","og_type":"article","og_title":"MISPAS notifica a la poblaci\u00f3n un nuevo caso de C\u00f3lera - BLG Noticias","og_description":"C\u00f3lera","og_url":"https:\/\/blgnoticiassantodomingo.net\/index.php\/2022\/11\/22\/mispas-notifica-a-la-poblacion-un-nuevo-caso-de-colera\/","og_site_name":"BLG Noticias","article_publisher":"https:\/\/web.facebook.com\/BlgNoticias\/?locale=es_LA&_rdc=1&_rdr","article_published_time":"2022-11-22T15:08:09+00:00","article_modified_time":"2022-11-22T15:08:12+00:00","og_image":[{"width":480,"height":320,"url":"https:\/\/blgnoticiassantodomingo.net\/wp-content\/uploads\/2022\/11\/colera.jpg","type":"image\/jpeg"}],"author":"Brenda Guerrero","twitter_card":"summary_large_image","twitter_creator":"@BlgNoticias","twitter_site":"@BlgNoticias","twitter_misc":{"Escrito por":"Brenda Guerrero","Tiempo de lectura":"2 minutos"},"schema":{"@context":"https:\/\/schema.org","@graph":[{"@type":"Article","@id":"https:\/\/blgnoticiassantodomingo.net\/index.php\/2022\/11\/22\/mispas-notifica-a-la-poblacion-un-nuevo-caso-de-colera\/#article","isPartOf":{"@id":"https:\/\/blgnoticiassantodomingo.net\/index.php\/2022\/11\/22\/mispas-notifica-a-la-poblacion-un-nuevo-caso-de-colera\/"},"author":{"name":"Brenda Guerrero","@id":"https:\/\/blgnoticiassantodomingo.net\/#\/schema\/person\/e2fc21cf88acc63dbd134be981bff374"},"headline":"MISPAS notifica a la poblaci\u00f3n un nuevo caso de C\u00f3lera","datePublished":"2022-11-22T15:08:09+00:00","dateModified":"2022-11-22T15:08:12+00:00","mainEntityOfPage":{"@id":"https:\/\/blgnoticiassantodomingo.net\/index.php\/2022\/11\/22\/mispas-notifica-a-la-poblacion-un-nuevo-caso-de-colera\/"},"wordCount":419,"commentCount":0,"publisher":{"@id":"https:\/\/blgnoticiassantodomingo.net\/#organization"},"image":{"@id":"https:\/\/blgnoticiassantodomingo.net\/index.php\/2022\/11\/22\/mispas-notifica-a-la-poblacion-un-nuevo-caso-de-colera\/#primaryimage"},"thumbnailUrl":"https:\/\/blgnoticiassantodomingo.net\/wp-content\/uploads\/2022\/11\/colera.jpg","keywords":["C\u00f3lera","MISPAS"],"articleSection":["Salud"],"inLanguage":"es","potentialAction":[{"@type":"CommentAction","name":"Comment","target":["https:\/\/blgnoticiassantodomingo.net\/index.php\/2022\/11\/22\/mispas-notifica-a-la-poblacion-un-nuevo-caso-de-colera\/#respond"]}]},{"@type":"WebPage","@id":"https:\/\/blgnoticiassantodomingo.net\/index.php\/2022\/11\/22\/mispas-notifica-a-la-poblacion-un-nuevo-caso-de-colera\/","url":"https:\/\/blgnoticiassantodomingo.net\/index.php\/2022\/11\/22\/mispas-notifica-a-la-poblacion-un-nuevo-caso-de-colera\/","name":"MISPAS notifica a la poblaci\u00f3n un nuevo caso de C\u00f3lera - BLG Noticias","isPartOf":{"@id":"https:\/\/blgnoticiassantodomingo.net\/#website"},"primaryImageOfPage":{"@id":"https:\/\/blgnoticiassantodomingo.net\/index.php\/2022\/11\/22\/mispas-notifica-a-la-poblacion-un-nuevo-caso-de-colera\/#primaryimage"},"image":{"@id":"https:\/\/blgnoticiassantodomingo.net\/index.php\/2022\/11\/22\/mispas-notifica-a-la-poblacion-un-nuevo-caso-de-colera\/#primaryimage"},"thumbnailUrl":"https:\/\/blgnoticiassantodomingo.net\/wp-content\/uploads\/2022\/11\/colera.jpg","datePublished":"2022-11-22T15:08:09+00:00","dateModified":"2022-11-22T15:08:12+00:00","breadcrumb":{"@id":"https:\/\/blgnoticiassantodomingo.net\/index.php\/2022\/11\/22\/mispas-notifica-a-la-poblacion-un-nuevo-caso-de-colera\/#breadcrumb"},"inLanguage":"es","potentialAction":[{"@type":"ReadAction","target":["https:\/\/blgnoticiassantodomingo.net\/index.php\/2022\/11\/22\/mispas-notifica-a-la-poblacion-un-nuevo-caso-de-colera\/"]}]},{"@type":"ImageObject","inLanguage":"es","@id":"https:\/\/blgnoticiassantodomingo.net\/index.php\/2022\/11\/22\/mispas-notifica-a-la-poblacion-un-nuevo-caso-de-colera\/#primaryimage","url":"https:\/\/blgnoticiassantodomingo.net\/wp-content\/uploads\/2022\/11\/colera.jpg","contentUrl":"https:\/\/blgnoticiassantodomingo.net\/wp-content\/uploads\/2022\/11\/colera.jpg","width":480,"height":320,"caption":"C\u00f3lera"},{"@type":"BreadcrumbList","@id":"https:\/\/blgnoticiassantodomingo.net\/index.php\/2022\/11\/22\/mispas-notifica-a-la-poblacion-un-nuevo-caso-de-colera\/#breadcrumb","itemListElement":[{"@type":"ListItem","position":1,"name":"Portada","item":"https:\/\/blgnoticiassantodomingo.net\/"},{"@type":"ListItem","position":2,"name":"MISPAS notifica a la poblaci\u00f3n un nuevo caso de C\u00f3lera"}]},{"@type":"WebSite","@id":"https:\/\/blgnoticiassantodomingo.net\/#website","url":"https:\/\/blgnoticiassantodomingo.net\/","name":"BLG Noticias","description":"Esto es Noticias","publisher":{"@id":"https:\/\/blgnoticiassantodomingo.net\/#organization"},"potentialAction":[{"@type":"SearchAction","target":{"@type":"EntryPoint","urlTemplate":"https:\/\/blgnoticiassantodomingo.net\/?s={search_term_string}"},"query-input":{"@type":"PropertyValueSpecification","valueRequired":true,"valueName":"search_term_string"}}],"inLanguage":"es"},{"@type":"Organization","@id":"https:\/\/blgnoticiassantodomingo.net\/#organization","name":"BLG Noticias","url":"https:\/\/blgnoticiassantodomingo.net\/","logo":{"@type":"ImageObject","inLanguage":"es","@id":"https:\/\/blgnoticiassantodomingo.net\/#\/schema\/logo\/image\/","url":"https:\/\/blgnoticiassantodomingo.net\/wp-content\/uploads\/2023\/12\/Diseno-sin-titulo-3.jpg","contentUrl":"https:\/\/blgnoticiassantodomingo.net\/wp-content\/uploads\/2023\/12\/Diseno-sin-titulo-3.jpg","width":500,"height":500,"caption":"BLG Noticias"},"image":{"@id":"https:\/\/blgnoticiassantodomingo.net\/#\/schema\/logo\/image\/"},"sameAs":["https:\/\/web.facebook.com\/BlgNoticias\/?locale=es_LA&_rdc=1&_rdr","https:\/\/x.com\/BlgNoticias","https:\/\/www.linkedin.com\/in\/brenda-l-santana-aa846279\/"]},{"@type":"Person","@id":"https:\/\/blgnoticiassantodomingo.net\/#\/schema\/person\/e2fc21cf88acc63dbd134be981bff374","name":"Brenda Guerrero","image":{"@type":"ImageObject","inLanguage":"es","@id":"https:\/\/blgnoticiassantodomingo.net\/#\/schema\/person\/image\/","url":"https:\/\/secure.gravatar.com\/avatar\/2f7fc4c3e3655be1580cb684bfd8ab19be702ae20879da1e072021daa02f9b8b?s=96&d=wp_user_avatar&r=g","contentUrl":"https:\/\/secure.gravatar.com\/avatar\/2f7fc4c3e3655be1580cb684bfd8ab19be702ae20879da1e072021daa02f9b8b?s=96&d=wp_user_avatar&r=g","caption":"Brenda Guerrero"},"description":"Periodista","url":"https:\/\/blgnoticiassantodomingo.net\/index.php\/author\/brenda-guerrero\/"}]}},"jetpack_featured_media_url":"https:\/\/blgnoticiassantodomingo.net\/wp-content\/uploads\/2022\/11\/colera.jpg","_links":{"self":[{"href":"https:\/\/blgnoticiassantodomingo.net\/index.php\/wp-json\/wp\/v2\/posts\/33523","targetHints":{"allow":["GET"]}}],"collection":[{"href":"https:\/\/blgnoticiassantodomingo.net\/index.php\/wp-json\/wp\/v2\/posts"}],"about":[{"href":"https:\/\/blgnoticiassantodomingo.net\/index.php\/wp-json\/wp\/v2\/types\/post"}],"author":[{"embeddable":true,"href":"https:\/\/blgnoticiassantodomingo.net\/index.php\/wp-json\/wp\/v2\/users\/2"}],"replies":[{"embeddable":true,"href":"https:\/\/blgnoticiassantodomingo.net\/index.php\/wp-json\/wp\/v2\/comments?post=33523"}],"version-history":[{"count":1,"href":"https:\/\/blgnoticiassantodomingo.net\/index.php\/wp-json\/wp\/v2\/posts\/33523\/revisions"}],"predecessor-version":[{"id":33525,"href":"https:\/\/blgnoticiassantodomingo.net\/index.php\/wp-json\/wp\/v2\/posts\/33523\/revisions\/33525"}],"wp:featuredmedia":[{"embeddable":true,"href":"https:\/\/blgnoticiassantodomingo.net\/index.php\/wp-json\/wp\/v2\/media\/33524"}],"wp:attachment":[{"href":"https:\/\/blgnoticiassantodomingo.net\/index.php\/wp-json\/wp\/v2\/media?parent=33523"}],"wp:term":[{"taxonomy":"category","embeddable":true,"href":"https:\/\/blgnoticiassantodomingo.net\/index.php\/wp-json\/wp\/v2\/categories?post=33523"},{"taxonomy":"post_tag","embeddable":true,"href":"https:\/\/blgnoticiassantodomingo.net\/index.php\/wp-json\/wp\/v2\/tags?post=33523"}],"curies":[{"name":"wp","href":"https:\/\/api.w.org\/{rel}","templated":true}]}}