{"id":3329,"date":"2019-12-11T13:08:07","date_gmt":"2019-12-11T13:08:07","guid":{"rendered":"http:\/\/blgnoticiassantodomingo.net\/?p=3329"},"modified":"2019-12-11T13:08:08","modified_gmt":"2019-12-11T13:08:08","slug":"canciller-crisis-de-haiti-es-una-amenaza-para-la-paz-en-la-region","status":"publish","type":"post","link":"https:\/\/blgnoticiassantodomingo.net\/index.php\/2019\/12\/11\/canciller-crisis-de-haiti-es-una-amenaza-para-la-paz-en-la-region\/","title":{"rendered":"Canciller: \u00abCrisis de Hait\u00ed es una amenaza para la paz en la regi\u00f3n\u00bb"},"content":{"rendered":"\n<p>El canciller Miguel Vargas ha advertido de que la situaci\u00f3n de Hait\u00ed plantea una amenaza real e inminente para la paz y la seguridad de la regi\u00f3n, y urgi\u00f3 a la comunidad internacional a tomar medidas efectivas para prevenir que se profundice la crisis humanitaria que padece el pa\u00eds vecino.<\/p>\n\n\n\n<p>\u201cHay que evitar que Hait\u00ed caiga en una espiral de caos total, de la cual le tomar\u00eda a\u00f1os recuperarse. Las urgencias mayores se centran en la inseguridad alimentaria y los problemas sanitarios\u201d, apremi\u00f3 el ministro de Exteriores dominicano. &nbsp;<\/p>\n\n\n\n<p>Agreg\u00f3 que, adem\u00e1s de las acciones inmediatas, Hait\u00ed contin\u00faa necesitado de apoyo internacional para implementar un plan viable y multidimensional, que le permita alcanzar las metas de desarrollo sostenible y garantizar una estabilidad duradera. &nbsp;<\/p>\n\n\n\n<p>\u201cNuestro apoyo en tal sentido es irrevocable, porque estamos convencidos de la imposibilidad de alcanzar la Agenda 2030 de manera aislada. Hait\u00ed continuar\u00e1 sumido en crisis sin el involucramiento a fondo de la comunidad internacional\u201d, anot\u00f3 el canciller Vargas. &nbsp;<\/p>\n\n\n\n<p>\u201c\u00bfPor cu\u00e1nto tiempo m\u00e1s persistir\u00e1n los niveles actuales de inestabilidad pol\u00edtica sin llegar a un punto de no retorno?\u201d, se pregunt\u00f3 el ministro de Exteriores, quien record\u00f3 haber argumentado en el Consejo de Seguridad de las Naciones Unidas que el retiro prematuro de la asistencia internacional a Hait\u00ed tendr\u00eda un efecto adverso. &nbsp;<\/p>\n\n\n\n<p><strong>Bloqueo de trabajo<\/strong><\/p>\n\n\n\n<p>&nbsp; Vargas afirm\u00f3 que la crisis de gobernabilidad, y consecuente inestabilidad en territorio haitiano, ha bloqueado el trabajo de las organizaciones internacionales y de las oeneg\u00e9s en ese pa\u00eds, donde m\u00e1s de una de cada tres personas necesita con urgencia asistencia alimentaria, y hay un mill\u00f3n clasificada ya en estado de emergencia.&nbsp; &nbsp;<\/p>\n\n\n\n<p><strong>Sufrimiento por hambre<\/strong><\/p>\n\n\n\n<p>Adem\u00e1s, se\u00f1al\u00f3 que cerca de cuatro millones de haitianos pasan hambre, y se considera que 49 por ciento de la poblaci\u00f3n sufre malnutrici\u00f3n. &nbsp;<\/p>\n\n\n\n<p>El Canciller dominicano a\u00f1adi\u00f3 que, desde septiembre, m\u00e1s de tres millones de ni\u00f1os haitianos no asisten a la escuela debido a problemas de seguridad, mientras las manifestaciones han afectado dram\u00e1ticamente el sistema de salud, ya que han obstaculizado las rutas de abastecimiento.<\/p>\n\n\n\n<p>El alto diplom\u00e1tico encuentra algunos paralelismos con los desplazamientos masivos de venezolanos y en pa\u00edses de Am\u00e9rica Central, situaciones que han precisado pol\u00edticas a corto y mediano plazo de parte de naciones vecinas, socios y organizaciones multilaterales.<\/p>\n\n\n\n<p><strong>POBREZA<\/strong><\/p>\n\n\n\n<p><strong>Representaci\u00f3n.<\/strong><\/p>\n\n\n\n<p>El canciller Miguel Vargas particip\u00f3 en la XIII Cumbre Empresarial China-LAC (Latinoam\u00e9rica y el Caribe), un evento que concluy\u00f3 ayer martes en la capital paname\u00f1a.<\/p>\n\n\n\n<p><strong>Asistencia.<\/strong><\/p>\n\n\n\n<p>Un estudio reciente citado por el Programa Mundial de Alimentos de la ONU concluy\u00f3 que uno de cada tres haitianos, o 3,7 millones de personas, necesitan asistencia alimentaria urgente y un mill\u00f3n padece hambre severa. La agencia a\u00f1adi\u00f3 que trata de llevar la asistencia alimentaria a 700,000 personas, responsabiliz\u00f3 al aumento en los precios y al debilitamiento de la moneda, as\u00ed como a una ca\u00edda en la producci\u00f3n agr\u00edcola debido en parte a las interrupciones ocasionadas por las protestas.<\/p>\n\n\n\n<p><\/p>\n","protected":false},"excerpt":{"rendered":"<p>El canciller Miguel Vargas ha advertido de que la situaci\u00f3n de Hait\u00ed plantea una amenaza real e inminente para la paz y la seguridad de la regi\u00f3n, y urgi\u00f3 a la comunidad internacional a tomar medidas efectivas para prevenir que se profundice la crisis humanitaria que padece el pa\u00eds vecino. \u201cHay que evitar que Hait\u00ed [&hellip;]<\/p>\n","protected":false},"author":2,"featured_media":3330,"comment_status":"open","ping_status":"open","sticky":false,"template":"","format":"standard","meta":{"footnotes":""},"categories":[221],"tags":[],"class_list":{"0":"post-3329","1":"post","2":"type-post","3":"status-publish","4":"format-standard","5":"has-post-thumbnail","7":"category-internacionales"},"yoast_head":"<!-- This site is optimized with the Yoast SEO plugin v24.9 - https:\/\/yoast.com\/wordpress\/plugins\/seo\/ -->\n<title>Canciller: &quot;Crisis de Hait\u00ed es una amenaza para la paz en la regi\u00f3n&quot; - BLG Noticias<\/title>\n<meta name=\"robots\" content=\"index, follow, max-snippet:-1, max-image-preview:large, max-video-preview:-1\" \/>\n<link rel=\"canonical\" href=\"https:\/\/blgnoticiassantodomingo.net\/index.php\/2019\/12\/11\/canciller-crisis-de-haiti-es-una-amenaza-para-la-paz-en-la-region\/\" \/>\n<meta property=\"og:locale\" content=\"es_ES\" \/>\n<meta property=\"og:type\" content=\"article\" \/>\n<meta property=\"og:title\" content=\"Canciller: &quot;Crisis de Hait\u00ed es una amenaza para la paz en la regi\u00f3n&quot; - BLG Noticias\" \/>\n<meta property=\"og:description\" content=\"El canciller Miguel Vargas ha advertido de que la situaci\u00f3n de Hait\u00ed plantea una amenaza real e inminente para la paz y la seguridad de la regi\u00f3n, y urgi\u00f3 a la comunidad internacional a tomar medidas efectivas para prevenir que se profundice la crisis humanitaria que padece el pa\u00eds vecino. \u201cHay que evitar que Hait\u00ed [&hellip;]\" \/>\n<meta property=\"og:url\" content=\"https:\/\/blgnoticiassantodomingo.net\/index.php\/2019\/12\/11\/canciller-crisis-de-haiti-es-una-amenaza-para-la-paz-en-la-region\/\" \/>\n<meta property=\"og:site_name\" content=\"BLG Noticias\" \/>\n<meta property=\"article:publisher\" content=\"https:\/\/web.facebook.com\/BlgNoticias\/?locale=es_LA&amp;_rdc=1&amp;_rdr\" \/>\n<meta property=\"article:published_time\" content=\"2019-12-11T13:08:07+00:00\" \/>\n<meta property=\"article:modified_time\" content=\"2019-12-11T13:08:08+00:00\" \/>\n<meta property=\"og:image\" content=\"https:\/\/blgnoticiassantodomingo.net\/wp-content\/uploads\/2019\/12\/canciller-crisis-de-haiti-es-una-amenaza-para-la-paz-en-la-region.jpeg\" \/>\n\t<meta property=\"og:image:width\" content=\"586\" \/>\n\t<meta property=\"og:image:height\" content=\"460\" \/>\n\t<meta property=\"og:image:type\" content=\"image\/jpeg\" \/>\n<meta name=\"author\" content=\"Brenda Guerrero\" \/>\n<meta name=\"twitter:card\" content=\"summary_large_image\" \/>\n<meta name=\"twitter:creator\" content=\"@BlgNoticias\" \/>\n<meta name=\"twitter:site\" content=\"@BlgNoticias\" \/>\n<meta name=\"twitter:label1\" content=\"Escrito por\" \/>\n\t<meta name=\"twitter:data1\" content=\"Brenda Guerrero\" \/>\n\t<meta name=\"twitter:label2\" content=\"Tiempo de lectura\" \/>\n\t<meta name=\"twitter:data2\" content=\"3 minutos\" \/>\n<script type=\"application\/ld+json\" class=\"yoast-schema-graph\">{\"@context\":\"https:\/\/schema.org\",\"@graph\":[{\"@type\":\"Article\",\"@id\":\"https:\/\/blgnoticiassantodomingo.net\/index.php\/2019\/12\/11\/canciller-crisis-de-haiti-es-una-amenaza-para-la-paz-en-la-region\/#article\",\"isPartOf\":{\"@id\":\"https:\/\/blgnoticiassantodomingo.net\/index.php\/2019\/12\/11\/canciller-crisis-de-haiti-es-una-amenaza-para-la-paz-en-la-region\/\"},\"author\":{\"name\":\"Brenda Guerrero\",\"@id\":\"https:\/\/blgnoticiassantodomingo.net\/#\/schema\/person\/e2fc21cf88acc63dbd134be981bff374\"},\"headline\":\"Canciller: \u00abCrisis de Hait\u00ed es una amenaza para la paz en la regi\u00f3n\u00bb\",\"datePublished\":\"2019-12-11T13:08:07+00:00\",\"dateModified\":\"2019-12-11T13:08:08+00:00\",\"mainEntityOfPage\":{\"@id\":\"https:\/\/blgnoticiassantodomingo.net\/index.php\/2019\/12\/11\/canciller-crisis-de-haiti-es-una-amenaza-para-la-paz-en-la-region\/\"},\"wordCount\":533,\"commentCount\":0,\"publisher\":{\"@id\":\"https:\/\/blgnoticiassantodomingo.net\/#organization\"},\"image\":{\"@id\":\"https:\/\/blgnoticiassantodomingo.net\/index.php\/2019\/12\/11\/canciller-crisis-de-haiti-es-una-amenaza-para-la-paz-en-la-region\/#primaryimage\"},\"thumbnailUrl\":\"https:\/\/blgnoticiassantodomingo.net\/wp-content\/uploads\/2019\/12\/canciller-crisis-de-haiti-es-una-amenaza-para-la-paz-en-la-region.jpeg\",\"articleSection\":[\"Internacionales\"],\"inLanguage\":\"es\",\"potentialAction\":[{\"@type\":\"CommentAction\",\"name\":\"Comment\",\"target\":[\"https:\/\/blgnoticiassantodomingo.net\/index.php\/2019\/12\/11\/canciller-crisis-de-haiti-es-una-amenaza-para-la-paz-en-la-region\/#respond\"]}]},{\"@type\":\"WebPage\",\"@id\":\"https:\/\/blgnoticiassantodomingo.net\/index.php\/2019\/12\/11\/canciller-crisis-de-haiti-es-una-amenaza-para-la-paz-en-la-region\/\",\"url\":\"https:\/\/blgnoticiassantodomingo.net\/index.php\/2019\/12\/11\/canciller-crisis-de-haiti-es-una-amenaza-para-la-paz-en-la-region\/\",\"name\":\"Canciller: \\\"Crisis de Hait\u00ed es una amenaza para la paz en la regi\u00f3n\\\" - BLG Noticias\",\"isPartOf\":{\"@id\":\"https:\/\/blgnoticiassantodomingo.net\/#website\"},\"primaryImageOfPage\":{\"@id\":\"https:\/\/blgnoticiassantodomingo.net\/index.php\/2019\/12\/11\/canciller-crisis-de-haiti-es-una-amenaza-para-la-paz-en-la-region\/#primaryimage\"},\"image\":{\"@id\":\"https:\/\/blgnoticiassantodomingo.net\/index.php\/2019\/12\/11\/canciller-crisis-de-haiti-es-una-amenaza-para-la-paz-en-la-region\/#primaryimage\"},\"thumbnailUrl\":\"https:\/\/blgnoticiassantodomingo.net\/wp-content\/uploads\/2019\/12\/canciller-crisis-de-haiti-es-una-amenaza-para-la-paz-en-la-region.jpeg\",\"datePublished\":\"2019-12-11T13:08:07+00:00\",\"dateModified\":\"2019-12-11T13:08:08+00:00\",\"breadcrumb\":{\"@id\":\"https:\/\/blgnoticiassantodomingo.net\/index.php\/2019\/12\/11\/canciller-crisis-de-haiti-es-una-amenaza-para-la-paz-en-la-region\/#breadcrumb\"},\"inLanguage\":\"es\",\"potentialAction\":[{\"@type\":\"ReadAction\",\"target\":[\"https:\/\/blgnoticiassantodomingo.net\/index.php\/2019\/12\/11\/canciller-crisis-de-haiti-es-una-amenaza-para-la-paz-en-la-region\/\"]}]},{\"@type\":\"ImageObject\",\"inLanguage\":\"es\",\"@id\":\"https:\/\/blgnoticiassantodomingo.net\/index.php\/2019\/12\/11\/canciller-crisis-de-haiti-es-una-amenaza-para-la-paz-en-la-region\/#primaryimage\",\"url\":\"https:\/\/blgnoticiassantodomingo.net\/wp-content\/uploads\/2019\/12\/canciller-crisis-de-haiti-es-una-amenaza-para-la-paz-en-la-region.jpeg\",\"contentUrl\":\"https:\/\/blgnoticiassantodomingo.net\/wp-content\/uploads\/2019\/12\/canciller-crisis-de-haiti-es-una-amenaza-para-la-paz-en-la-region.jpeg\",\"width\":586,\"height\":460},{\"@type\":\"BreadcrumbList\",\"@id\":\"https:\/\/blgnoticiassantodomingo.net\/index.php\/2019\/12\/11\/canciller-crisis-de-haiti-es-una-amenaza-para-la-paz-en-la-region\/#breadcrumb\",\"itemListElement\":[{\"@type\":\"ListItem\",\"position\":1,\"name\":\"Portada\",\"item\":\"https:\/\/blgnoticiassantodomingo.net\/\"},{\"@type\":\"ListItem\",\"position\":2,\"name\":\"Canciller: \u00abCrisis de Hait\u00ed es una amenaza para la paz en la regi\u00f3n\u00bb\"}]},{\"@type\":\"WebSite\",\"@id\":\"https:\/\/blgnoticiassantodomingo.net\/#website\",\"url\":\"https:\/\/blgnoticiassantodomingo.net\/\",\"name\":\"BLG Noticias\",\"description\":\"Esto es Noticias\",\"publisher\":{\"@id\":\"https:\/\/blgnoticiassantodomingo.net\/#organization\"},\"potentialAction\":[{\"@type\":\"SearchAction\",\"target\":{\"@type\":\"EntryPoint\",\"urlTemplate\":\"https:\/\/blgnoticiassantodomingo.net\/?s={search_term_string}\"},\"query-input\":{\"@type\":\"PropertyValueSpecification\",\"valueRequired\":true,\"valueName\":\"search_term_string\"}}],\"inLanguage\":\"es\"},{\"@type\":\"Organization\",\"@id\":\"https:\/\/blgnoticiassantodomingo.net\/#organization\",\"name\":\"BLG Noticias\",\"url\":\"https:\/\/blgnoticiassantodomingo.net\/\",\"logo\":{\"@type\":\"ImageObject\",\"inLanguage\":\"es\",\"@id\":\"https:\/\/blgnoticiassantodomingo.net\/#\/schema\/logo\/image\/\",\"url\":\"https:\/\/blgnoticiassantodomingo.net\/wp-content\/uploads\/2023\/12\/Diseno-sin-titulo-3.jpg\",\"contentUrl\":\"https:\/\/blgnoticiassantodomingo.net\/wp-content\/uploads\/2023\/12\/Diseno-sin-titulo-3.jpg\",\"width\":500,\"height\":500,\"caption\":\"BLG Noticias\"},\"image\":{\"@id\":\"https:\/\/blgnoticiassantodomingo.net\/#\/schema\/logo\/image\/\"},\"sameAs\":[\"https:\/\/web.facebook.com\/BlgNoticias\/?locale=es_LA&_rdc=1&_rdr\",\"https:\/\/x.com\/BlgNoticias\",\"https:\/\/www.linkedin.com\/in\/brenda-l-santana-aa846279\/\"]},{\"@type\":\"Person\",\"@id\":\"https:\/\/blgnoticiassantodomingo.net\/#\/schema\/person\/e2fc21cf88acc63dbd134be981bff374\",\"name\":\"Brenda Guerrero\",\"image\":{\"@type\":\"ImageObject\",\"inLanguage\":\"es\",\"@id\":\"https:\/\/blgnoticiassantodomingo.net\/#\/schema\/person\/image\/\",\"url\":\"https:\/\/secure.gravatar.com\/avatar\/2f7fc4c3e3655be1580cb684bfd8ab19be702ae20879da1e072021daa02f9b8b?s=96&d=wp_user_avatar&r=g\",\"contentUrl\":\"https:\/\/secure.gravatar.com\/avatar\/2f7fc4c3e3655be1580cb684bfd8ab19be702ae20879da1e072021daa02f9b8b?s=96&d=wp_user_avatar&r=g\",\"caption\":\"Brenda Guerrero\"},\"description\":\"Periodista\",\"url\":\"https:\/\/blgnoticiassantodomingo.net\/index.php\/author\/brenda-guerrero\/\"}]}<\/script>\n<!-- \/ Yoast SEO plugin. -->","yoast_head_json":{"title":"Canciller: \"Crisis de Hait\u00ed es una amenaza para la paz en la regi\u00f3n\" - BLG Noticias","robots":{"index":"index","follow":"follow","max-snippet":"max-snippet:-1","max-image-preview":"max-image-preview:large","max-video-preview":"max-video-preview:-1"},"canonical":"https:\/\/blgnoticiassantodomingo.net\/index.php\/2019\/12\/11\/canciller-crisis-de-haiti-es-una-amenaza-para-la-paz-en-la-region\/","og_locale":"es_ES","og_type":"article","og_title":"Canciller: \"Crisis de Hait\u00ed es una amenaza para la paz en la regi\u00f3n\" - BLG Noticias","og_description":"El canciller Miguel Vargas ha advertido de que la situaci\u00f3n de Hait\u00ed plantea una amenaza real e inminente para la paz y la seguridad de la regi\u00f3n, y urgi\u00f3 a la comunidad internacional a tomar medidas efectivas para prevenir que se profundice la crisis humanitaria que padece el pa\u00eds vecino. \u201cHay que evitar que Hait\u00ed [&hellip;]","og_url":"https:\/\/blgnoticiassantodomingo.net\/index.php\/2019\/12\/11\/canciller-crisis-de-haiti-es-una-amenaza-para-la-paz-en-la-region\/","og_site_name":"BLG Noticias","article_publisher":"https:\/\/web.facebook.com\/BlgNoticias\/?locale=es_LA&_rdc=1&_rdr","article_published_time":"2019-12-11T13:08:07+00:00","article_modified_time":"2019-12-11T13:08:08+00:00","og_image":[{"width":586,"height":460,"url":"https:\/\/blgnoticiassantodomingo.net\/wp-content\/uploads\/2019\/12\/canciller-crisis-de-haiti-es-una-amenaza-para-la-paz-en-la-region.jpeg","type":"image\/jpeg"}],"author":"Brenda Guerrero","twitter_card":"summary_large_image","twitter_creator":"@BlgNoticias","twitter_site":"@BlgNoticias","twitter_misc":{"Escrito por":"Brenda Guerrero","Tiempo de lectura":"3 minutos"},"schema":{"@context":"https:\/\/schema.org","@graph":[{"@type":"Article","@id":"https:\/\/blgnoticiassantodomingo.net\/index.php\/2019\/12\/11\/canciller-crisis-de-haiti-es-una-amenaza-para-la-paz-en-la-region\/#article","isPartOf":{"@id":"https:\/\/blgnoticiassantodomingo.net\/index.php\/2019\/12\/11\/canciller-crisis-de-haiti-es-una-amenaza-para-la-paz-en-la-region\/"},"author":{"name":"Brenda Guerrero","@id":"https:\/\/blgnoticiassantodomingo.net\/#\/schema\/person\/e2fc21cf88acc63dbd134be981bff374"},"headline":"Canciller: \u00abCrisis de Hait\u00ed es una amenaza para la paz en la regi\u00f3n\u00bb","datePublished":"2019-12-11T13:08:07+00:00","dateModified":"2019-12-11T13:08:08+00:00","mainEntityOfPage":{"@id":"https:\/\/blgnoticiassantodomingo.net\/index.php\/2019\/12\/11\/canciller-crisis-de-haiti-es-una-amenaza-para-la-paz-en-la-region\/"},"wordCount":533,"commentCount":0,"publisher":{"@id":"https:\/\/blgnoticiassantodomingo.net\/#organization"},"image":{"@id":"https:\/\/blgnoticiassantodomingo.net\/index.php\/2019\/12\/11\/canciller-crisis-de-haiti-es-una-amenaza-para-la-paz-en-la-region\/#primaryimage"},"thumbnailUrl":"https:\/\/blgnoticiassantodomingo.net\/wp-content\/uploads\/2019\/12\/canciller-crisis-de-haiti-es-una-amenaza-para-la-paz-en-la-region.jpeg","articleSection":["Internacionales"],"inLanguage":"es","potentialAction":[{"@type":"CommentAction","name":"Comment","target":["https:\/\/blgnoticiassantodomingo.net\/index.php\/2019\/12\/11\/canciller-crisis-de-haiti-es-una-amenaza-para-la-paz-en-la-region\/#respond"]}]},{"@type":"WebPage","@id":"https:\/\/blgnoticiassantodomingo.net\/index.php\/2019\/12\/11\/canciller-crisis-de-haiti-es-una-amenaza-para-la-paz-en-la-region\/","url":"https:\/\/blgnoticiassantodomingo.net\/index.php\/2019\/12\/11\/canciller-crisis-de-haiti-es-una-amenaza-para-la-paz-en-la-region\/","name":"Canciller: \"Crisis de Hait\u00ed es una amenaza para la paz en la regi\u00f3n\" - BLG Noticias","isPartOf":{"@id":"https:\/\/blgnoticiassantodomingo.net\/#website"},"primaryImageOfPage":{"@id":"https:\/\/blgnoticiassantodomingo.net\/index.php\/2019\/12\/11\/canciller-crisis-de-haiti-es-una-amenaza-para-la-paz-en-la-region\/#primaryimage"},"image":{"@id":"https:\/\/blgnoticiassantodomingo.net\/index.php\/2019\/12\/11\/canciller-crisis-de-haiti-es-una-amenaza-para-la-paz-en-la-region\/#primaryimage"},"thumbnailUrl":"https:\/\/blgnoticiassantodomingo.net\/wp-content\/uploads\/2019\/12\/canciller-crisis-de-haiti-es-una-amenaza-para-la-paz-en-la-region.jpeg","datePublished":"2019-12-11T13:08:07+00:00","dateModified":"2019-12-11T13:08:08+00:00","breadcrumb":{"@id":"https:\/\/blgnoticiassantodomingo.net\/index.php\/2019\/12\/11\/canciller-crisis-de-haiti-es-una-amenaza-para-la-paz-en-la-region\/#breadcrumb"},"inLanguage":"es","potentialAction":[{"@type":"ReadAction","target":["https:\/\/blgnoticiassantodomingo.net\/index.php\/2019\/12\/11\/canciller-crisis-de-haiti-es-una-amenaza-para-la-paz-en-la-region\/"]}]},{"@type":"ImageObject","inLanguage":"es","@id":"https:\/\/blgnoticiassantodomingo.net\/index.php\/2019\/12\/11\/canciller-crisis-de-haiti-es-una-amenaza-para-la-paz-en-la-region\/#primaryimage","url":"https:\/\/blgnoticiassantodomingo.net\/wp-content\/uploads\/2019\/12\/canciller-crisis-de-haiti-es-una-amenaza-para-la-paz-en-la-region.jpeg","contentUrl":"https:\/\/blgnoticiassantodomingo.net\/wp-content\/uploads\/2019\/12\/canciller-crisis-de-haiti-es-una-amenaza-para-la-paz-en-la-region.jpeg","width":586,"height":460},{"@type":"BreadcrumbList","@id":"https:\/\/blgnoticiassantodomingo.net\/index.php\/2019\/12\/11\/canciller-crisis-de-haiti-es-una-amenaza-para-la-paz-en-la-region\/#breadcrumb","itemListElement":[{"@type":"ListItem","position":1,"name":"Portada","item":"https:\/\/blgnoticiassantodomingo.net\/"},{"@type":"ListItem","position":2,"name":"Canciller: \u00abCrisis de Hait\u00ed es una amenaza para la paz en la regi\u00f3n\u00bb"}]},{"@type":"WebSite","@id":"https:\/\/blgnoticiassantodomingo.net\/#website","url":"https:\/\/blgnoticiassantodomingo.net\/","name":"BLG Noticias","description":"Esto es Noticias","publisher":{"@id":"https:\/\/blgnoticiassantodomingo.net\/#organization"},"potentialAction":[{"@type":"SearchAction","target":{"@type":"EntryPoint","urlTemplate":"https:\/\/blgnoticiassantodomingo.net\/?s={search_term_string}"},"query-input":{"@type":"PropertyValueSpecification","valueRequired":true,"valueName":"search_term_string"}}],"inLanguage":"es"},{"@type":"Organization","@id":"https:\/\/blgnoticiassantodomingo.net\/#organization","name":"BLG Noticias","url":"https:\/\/blgnoticiassantodomingo.net\/","logo":{"@type":"ImageObject","inLanguage":"es","@id":"https:\/\/blgnoticiassantodomingo.net\/#\/schema\/logo\/image\/","url":"https:\/\/blgnoticiassantodomingo.net\/wp-content\/uploads\/2023\/12\/Diseno-sin-titulo-3.jpg","contentUrl":"https:\/\/blgnoticiassantodomingo.net\/wp-content\/uploads\/2023\/12\/Diseno-sin-titulo-3.jpg","width":500,"height":500,"caption":"BLG Noticias"},"image":{"@id":"https:\/\/blgnoticiassantodomingo.net\/#\/schema\/logo\/image\/"},"sameAs":["https:\/\/web.facebook.com\/BlgNoticias\/?locale=es_LA&_rdc=1&_rdr","https:\/\/x.com\/BlgNoticias","https:\/\/www.linkedin.com\/in\/brenda-l-santana-aa846279\/"]},{"@type":"Person","@id":"https:\/\/blgnoticiassantodomingo.net\/#\/schema\/person\/e2fc21cf88acc63dbd134be981bff374","name":"Brenda Guerrero","image":{"@type":"ImageObject","inLanguage":"es","@id":"https:\/\/blgnoticiassantodomingo.net\/#\/schema\/person\/image\/","url":"https:\/\/secure.gravatar.com\/avatar\/2f7fc4c3e3655be1580cb684bfd8ab19be702ae20879da1e072021daa02f9b8b?s=96&d=wp_user_avatar&r=g","contentUrl":"https:\/\/secure.gravatar.com\/avatar\/2f7fc4c3e3655be1580cb684bfd8ab19be702ae20879da1e072021daa02f9b8b?s=96&d=wp_user_avatar&r=g","caption":"Brenda Guerrero"},"description":"Periodista","url":"https:\/\/blgnoticiassantodomingo.net\/index.php\/author\/brenda-guerrero\/"}]}},"jetpack_featured_media_url":"https:\/\/blgnoticiassantodomingo.net\/wp-content\/uploads\/2019\/12\/canciller-crisis-de-haiti-es-una-amenaza-para-la-paz-en-la-region.jpeg","_links":{"self":[{"href":"https:\/\/blgnoticiassantodomingo.net\/index.php\/wp-json\/wp\/v2\/posts\/3329","targetHints":{"allow":["GET"]}}],"collection":[{"href":"https:\/\/blgnoticiassantodomingo.net\/index.php\/wp-json\/wp\/v2\/posts"}],"about":[{"href":"https:\/\/blgnoticiassantodomingo.net\/index.php\/wp-json\/wp\/v2\/types\/post"}],"author":[{"embeddable":true,"href":"https:\/\/blgnoticiassantodomingo.net\/index.php\/wp-json\/wp\/v2\/users\/2"}],"replies":[{"embeddable":true,"href":"https:\/\/blgnoticiassantodomingo.net\/index.php\/wp-json\/wp\/v2\/comments?post=3329"}],"version-history":[{"count":1,"href":"https:\/\/blgnoticiassantodomingo.net\/index.php\/wp-json\/wp\/v2\/posts\/3329\/revisions"}],"predecessor-version":[{"id":3331,"href":"https:\/\/blgnoticiassantodomingo.net\/index.php\/wp-json\/wp\/v2\/posts\/3329\/revisions\/3331"}],"wp:featuredmedia":[{"embeddable":true,"href":"https:\/\/blgnoticiassantodomingo.net\/index.php\/wp-json\/wp\/v2\/media\/3330"}],"wp:attachment":[{"href":"https:\/\/blgnoticiassantodomingo.net\/index.php\/wp-json\/wp\/v2\/media?parent=3329"}],"wp:term":[{"taxonomy":"category","embeddable":true,"href":"https:\/\/blgnoticiassantodomingo.net\/index.php\/wp-json\/wp\/v2\/categories?post=3329"},{"taxonomy":"post_tag","embeddable":true,"href":"https:\/\/blgnoticiassantodomingo.net\/index.php\/wp-json\/wp\/v2\/tags?post=3329"}],"curies":[{"name":"wp","href":"https:\/\/api.w.org\/{rel}","templated":true}]}}