{"id":3246,"date":"2019-12-10T01:19:43","date_gmt":"2019-12-10T01:19:43","guid":{"rendered":"http:\/\/blgnoticiassantodomingo.net\/?p=3246"},"modified":"2019-12-10T01:25:15","modified_gmt":"2019-12-10T01:25:15","slug":"canciller-miguel-vargas-viaja-a-panama-para-participar-en-xiii-cumbre-empresarial-china-lac","status":"publish","type":"post","link":"https:\/\/blgnoticiassantodomingo.net\/index.php\/2019\/12\/10\/canciller-miguel-vargas-viaja-a-panama-para-participar-en-xiii-cumbre-empresarial-china-lac\/","title":{"rendered":"Canciller Miguel Vargas viaja a Panam\u00e1 para participar en XIII Cumbre Empresarial China-LAC"},"content":{"rendered":"\n<p>Santo Domingo. \u2013 &nbsp;El ministro de Relaciones Exteriores, Miguel Vargas, parti\u00f3 este domingo hacia Panam\u00e1 para participar en la XIII Cumbre Empresarial China-LAC (Latinoam\u00e9rica y el Caribe), que tendr\u00e1 lugar entre los d\u00edas 9 y 11 de diciembre en el Centro de Convenciones Atlapa, en la Ciudad de Panam\u00e1.<\/p>\n\n\n\n<p>La actividad es organizada por el Ministerio de Comercio e Industrias, la Autoridad de Turismo y la C\u00e1mara de Comercio, Industrias y Agricultura de Panam\u00e1, conjuntamente con el Banco Interamericano de Desarrollo (BID), el Consejo Chino para el Fomento del Comercio Internacional (CPPIT, por sus siglas en ingl\u00e9s) y la C\u00e1mara de Comercio Internacional de China (CCOIC). &nbsp;<\/p>\n\n\n\n<p>Seg\u00fan los responsables de la cita, desde su creaci\u00f3n en el a\u00f1o 2007, China- LAC es el evento empresarial m\u00e1s importante entre compa\u00f1\u00edas de China y los pa\u00edses de Am\u00e9rica Latina y el Caribe.<\/p>\n\n\n\n<p>Y es que esta cumbre es una plataforma para reuniones de l\u00edderes de Estado, altos funcionarios, acad\u00e9micos, empresarios, as\u00ed como representantes de organizaciones internacionales y entidades financieras, lo que permite explorar de manera profunda pol\u00edticas de comercio e inversi\u00f3n entre China y Latinoam\u00e9rica y el Caribe, as\u00ed como oportunidades de negocios y de cooperaci\u00f3n mutua.<\/p>\n\n\n\n<p>El programa de la cumbre abarca varias sesiones plenarias, mesas de trabajo, exposici\u00f3n comercial, entre otras actividades.<\/p>\n\n\n\n<figure class=\"wp-block-embed-twitter wp-block-embed is-type-rich is-provider-twitter\"><div class=\"wp-block-embed__wrapper\">\n<blockquote class=\"twitter-tweet\" data-width=\"550\" data-dnt=\"true\"><p lang=\"es\" dir=\"ltr\">Canciller <a href=\"https:\/\/twitter.com\/MiguelVargasM?ref_src=twsrc%5Etfw\">@MiguelVargasM<\/a> viaja a <a href=\"https:\/\/twitter.com\/hashtag\/Panam%C3%A1?src=hash&amp;ref_src=twsrc%5Etfw\">#Panam\u00e1<\/a> \ud83c\uddf5\ud83c\udde6 para participar en XIII Cumbre Empresarial China-LAC<br> <a href=\"https:\/\/twitter.com\/hashtag\/DiplomaciaDigitalRD?src=hash&amp;ref_src=twsrc%5Etfw\">#DiplomaciaDigitalRD<\/a>\ud83c\udde9\ud83c\uddf4 <br>\ud83d\udcf2<a href=\"https:\/\/t.co\/QyYNDbBQ67\">https:\/\/t.co\/QyYNDbBQ67<\/a> <a href=\"https:\/\/t.co\/5ip3gGZhgR\">pic.twitter.com\/5ip3gGZhgR<\/a><\/p>&mdash; Ministerio de Relaciones Exteriores R.Dominicana (@MIREXRD) <a href=\"https:\/\/twitter.com\/MIREXRD\/status\/1203728197021515777?ref_src=twsrc%5Etfw\">December 8, 2019<\/a><\/blockquote><script async src=\"https:\/\/platform.twitter.com\/widgets.js\" charset=\"utf-8\"><\/script>\n<\/div><\/figure>\n","protected":false},"excerpt":{"rendered":"<p>Santo Domingo. \u2013 &nbsp;El ministro de Relaciones Exteriores, Miguel Vargas, parti\u00f3 este domingo hacia Panam\u00e1 para participar en la XIII Cumbre Empresarial China-LAC (Latinoam\u00e9rica y el Caribe), que tendr\u00e1 lugar entre los d\u00edas 9 y 11 de diciembre en el Centro de Convenciones Atlapa, en la Ciudad de Panam\u00e1. La actividad es organizada por el [&hellip;]<\/p>\n","protected":false},"author":2,"featured_media":3247,"comment_status":"open","ping_status":"open","sticky":false,"template":"","format":"standard","meta":{"footnotes":""},"categories":[220],"tags":[555,705],"class_list":{"0":"post-3246","1":"post","2":"type-post","3":"status-publish","4":"format-standard","5":"has-post-thumbnail","7":"category-nacionales","8":"tag-miguel-vargas-maldonado","9":"tag-mirex"},"yoast_head":"<!-- This site is optimized with the Yoast SEO plugin v24.9 - https:\/\/yoast.com\/wordpress\/plugins\/seo\/ -->\n<title>Canciller Miguel Vargas viaja a Panam\u00e1 para participar en XIII Cumbre Empresarial China-LAC - BLG Noticias<\/title>\n<meta name=\"robots\" content=\"index, follow, max-snippet:-1, max-image-preview:large, max-video-preview:-1\" \/>\n<link rel=\"canonical\" href=\"https:\/\/blgnoticiassantodomingo.net\/index.php\/2019\/12\/10\/canciller-miguel-vargas-viaja-a-panama-para-participar-en-xiii-cumbre-empresarial-china-lac\/\" \/>\n<meta property=\"og:locale\" content=\"es_ES\" \/>\n<meta property=\"og:type\" content=\"article\" \/>\n<meta property=\"og:title\" content=\"Canciller Miguel Vargas viaja a Panam\u00e1 para participar en XIII Cumbre Empresarial China-LAC - BLG Noticias\" \/>\n<meta property=\"og:description\" content=\"Santo Domingo. \u2013 &nbsp;El ministro de Relaciones Exteriores, Miguel Vargas, parti\u00f3 este domingo hacia Panam\u00e1 para participar en la XIII Cumbre Empresarial China-LAC (Latinoam\u00e9rica y el Caribe), que tendr\u00e1 lugar entre los d\u00edas 9 y 11 de diciembre en el Centro de Convenciones Atlapa, en la Ciudad de Panam\u00e1. La actividad es organizada por el [&hellip;]\" \/>\n<meta property=\"og:url\" content=\"https:\/\/blgnoticiassantodomingo.net\/index.php\/2019\/12\/10\/canciller-miguel-vargas-viaja-a-panama-para-participar-en-xiii-cumbre-empresarial-china-lac\/\" \/>\n<meta property=\"og:site_name\" content=\"BLG Noticias\" \/>\n<meta property=\"article:publisher\" content=\"https:\/\/web.facebook.com\/BlgNoticias\/?locale=es_LA&amp;_rdc=1&amp;_rdr\" \/>\n<meta property=\"article:published_time\" content=\"2019-12-10T01:19:43+00:00\" \/>\n<meta property=\"article:modified_time\" content=\"2019-12-10T01:25:15+00:00\" \/>\n<meta property=\"og:image\" content=\"https:\/\/blgnoticiassantodomingo.net\/wp-content\/uploads\/2019\/12\/phpThumb_generated_thumbnail.jpeg\" \/>\n\t<meta property=\"og:image:width\" content=\"640\" \/>\n\t<meta property=\"og:image:height\" content=\"426\" \/>\n\t<meta property=\"og:image:type\" content=\"image\/jpeg\" \/>\n<meta name=\"author\" content=\"Brenda Guerrero\" \/>\n<meta name=\"twitter:card\" content=\"summary_large_image\" \/>\n<meta name=\"twitter:creator\" content=\"@BlgNoticias\" \/>\n<meta name=\"twitter:site\" content=\"@BlgNoticias\" \/>\n<meta name=\"twitter:label1\" content=\"Escrito por\" \/>\n\t<meta name=\"twitter:data1\" content=\"Brenda Guerrero\" \/>\n\t<meta name=\"twitter:label2\" content=\"Tiempo de lectura\" \/>\n\t<meta name=\"twitter:data2\" content=\"1 minuto\" \/>\n<script type=\"application\/ld+json\" class=\"yoast-schema-graph\">{\"@context\":\"https:\/\/schema.org\",\"@graph\":[{\"@type\":\"Article\",\"@id\":\"https:\/\/blgnoticiassantodomingo.net\/index.php\/2019\/12\/10\/canciller-miguel-vargas-viaja-a-panama-para-participar-en-xiii-cumbre-empresarial-china-lac\/#article\",\"isPartOf\":{\"@id\":\"https:\/\/blgnoticiassantodomingo.net\/index.php\/2019\/12\/10\/canciller-miguel-vargas-viaja-a-panama-para-participar-en-xiii-cumbre-empresarial-china-lac\/\"},\"author\":{\"name\":\"Brenda Guerrero\",\"@id\":\"https:\/\/blgnoticiassantodomingo.net\/#\/schema\/person\/e2fc21cf88acc63dbd134be981bff374\"},\"headline\":\"Canciller Miguel Vargas viaja a Panam\u00e1 para participar en XIII Cumbre Empresarial China-LAC\",\"datePublished\":\"2019-12-10T01:19:43+00:00\",\"dateModified\":\"2019-12-10T01:25:15+00:00\",\"mainEntityOfPage\":{\"@id\":\"https:\/\/blgnoticiassantodomingo.net\/index.php\/2019\/12\/10\/canciller-miguel-vargas-viaja-a-panama-para-participar-en-xiii-cumbre-empresarial-china-lac\/\"},\"wordCount\":247,\"commentCount\":0,\"publisher\":{\"@id\":\"https:\/\/blgnoticiassantodomingo.net\/#organization\"},\"image\":{\"@id\":\"https:\/\/blgnoticiassantodomingo.net\/index.php\/2019\/12\/10\/canciller-miguel-vargas-viaja-a-panama-para-participar-en-xiii-cumbre-empresarial-china-lac\/#primaryimage\"},\"thumbnailUrl\":\"https:\/\/blgnoticiassantodomingo.net\/wp-content\/uploads\/2019\/12\/phpThumb_generated_thumbnail.jpeg\",\"keywords\":[\"Miguel Vargas Maldonado\",\"MIREX\"],\"articleSection\":[\"Nacionales\"],\"inLanguage\":\"es\",\"potentialAction\":[{\"@type\":\"CommentAction\",\"name\":\"Comment\",\"target\":[\"https:\/\/blgnoticiassantodomingo.net\/index.php\/2019\/12\/10\/canciller-miguel-vargas-viaja-a-panama-para-participar-en-xiii-cumbre-empresarial-china-lac\/#respond\"]}]},{\"@type\":\"WebPage\",\"@id\":\"https:\/\/blgnoticiassantodomingo.net\/index.php\/2019\/12\/10\/canciller-miguel-vargas-viaja-a-panama-para-participar-en-xiii-cumbre-empresarial-china-lac\/\",\"url\":\"https:\/\/blgnoticiassantodomingo.net\/index.php\/2019\/12\/10\/canciller-miguel-vargas-viaja-a-panama-para-participar-en-xiii-cumbre-empresarial-china-lac\/\",\"name\":\"Canciller Miguel Vargas viaja a Panam\u00e1 para participar en XIII Cumbre Empresarial China-LAC - BLG Noticias\",\"isPartOf\":{\"@id\":\"https:\/\/blgnoticiassantodomingo.net\/#website\"},\"primaryImageOfPage\":{\"@id\":\"https:\/\/blgnoticiassantodomingo.net\/index.php\/2019\/12\/10\/canciller-miguel-vargas-viaja-a-panama-para-participar-en-xiii-cumbre-empresarial-china-lac\/#primaryimage\"},\"image\":{\"@id\":\"https:\/\/blgnoticiassantodomingo.net\/index.php\/2019\/12\/10\/canciller-miguel-vargas-viaja-a-panama-para-participar-en-xiii-cumbre-empresarial-china-lac\/#primaryimage\"},\"thumbnailUrl\":\"https:\/\/blgnoticiassantodomingo.net\/wp-content\/uploads\/2019\/12\/phpThumb_generated_thumbnail.jpeg\",\"datePublished\":\"2019-12-10T01:19:43+00:00\",\"dateModified\":\"2019-12-10T01:25:15+00:00\",\"breadcrumb\":{\"@id\":\"https:\/\/blgnoticiassantodomingo.net\/index.php\/2019\/12\/10\/canciller-miguel-vargas-viaja-a-panama-para-participar-en-xiii-cumbre-empresarial-china-lac\/#breadcrumb\"},\"inLanguage\":\"es\",\"potentialAction\":[{\"@type\":\"ReadAction\",\"target\":[\"https:\/\/blgnoticiassantodomingo.net\/index.php\/2019\/12\/10\/canciller-miguel-vargas-viaja-a-panama-para-participar-en-xiii-cumbre-empresarial-china-lac\/\"]}]},{\"@type\":\"ImageObject\",\"inLanguage\":\"es\",\"@id\":\"https:\/\/blgnoticiassantodomingo.net\/index.php\/2019\/12\/10\/canciller-miguel-vargas-viaja-a-panama-para-participar-en-xiii-cumbre-empresarial-china-lac\/#primaryimage\",\"url\":\"https:\/\/blgnoticiassantodomingo.net\/wp-content\/uploads\/2019\/12\/phpThumb_generated_thumbnail.jpeg\",\"contentUrl\":\"https:\/\/blgnoticiassantodomingo.net\/wp-content\/uploads\/2019\/12\/phpThumb_generated_thumbnail.jpeg\",\"width\":640,\"height\":426},{\"@type\":\"BreadcrumbList\",\"@id\":\"https:\/\/blgnoticiassantodomingo.net\/index.php\/2019\/12\/10\/canciller-miguel-vargas-viaja-a-panama-para-participar-en-xiii-cumbre-empresarial-china-lac\/#breadcrumb\",\"itemListElement\":[{\"@type\":\"ListItem\",\"position\":1,\"name\":\"Portada\",\"item\":\"https:\/\/blgnoticiassantodomingo.net\/\"},{\"@type\":\"ListItem\",\"position\":2,\"name\":\"Canciller Miguel Vargas viaja a Panam\u00e1 para participar en XIII Cumbre Empresarial China-LAC\"}]},{\"@type\":\"WebSite\",\"@id\":\"https:\/\/blgnoticiassantodomingo.net\/#website\",\"url\":\"https:\/\/blgnoticiassantodomingo.net\/\",\"name\":\"BLG Noticias\",\"description\":\"Esto es Noticias\",\"publisher\":{\"@id\":\"https:\/\/blgnoticiassantodomingo.net\/#organization\"},\"potentialAction\":[{\"@type\":\"SearchAction\",\"target\":{\"@type\":\"EntryPoint\",\"urlTemplate\":\"https:\/\/blgnoticiassantodomingo.net\/?s={search_term_string}\"},\"query-input\":{\"@type\":\"PropertyValueSpecification\",\"valueRequired\":true,\"valueName\":\"search_term_string\"}}],\"inLanguage\":\"es\"},{\"@type\":\"Organization\",\"@id\":\"https:\/\/blgnoticiassantodomingo.net\/#organization\",\"name\":\"BLG Noticias\",\"url\":\"https:\/\/blgnoticiassantodomingo.net\/\",\"logo\":{\"@type\":\"ImageObject\",\"inLanguage\":\"es\",\"@id\":\"https:\/\/blgnoticiassantodomingo.net\/#\/schema\/logo\/image\/\",\"url\":\"https:\/\/blgnoticiassantodomingo.net\/wp-content\/uploads\/2023\/12\/Diseno-sin-titulo-3.jpg\",\"contentUrl\":\"https:\/\/blgnoticiassantodomingo.net\/wp-content\/uploads\/2023\/12\/Diseno-sin-titulo-3.jpg\",\"width\":500,\"height\":500,\"caption\":\"BLG Noticias\"},\"image\":{\"@id\":\"https:\/\/blgnoticiassantodomingo.net\/#\/schema\/logo\/image\/\"},\"sameAs\":[\"https:\/\/web.facebook.com\/BlgNoticias\/?locale=es_LA&_rdc=1&_rdr\",\"https:\/\/x.com\/BlgNoticias\",\"https:\/\/www.linkedin.com\/in\/brenda-l-santana-aa846279\/\"]},{\"@type\":\"Person\",\"@id\":\"https:\/\/blgnoticiassantodomingo.net\/#\/schema\/person\/e2fc21cf88acc63dbd134be981bff374\",\"name\":\"Brenda Guerrero\",\"image\":{\"@type\":\"ImageObject\",\"inLanguage\":\"es\",\"@id\":\"https:\/\/blgnoticiassantodomingo.net\/#\/schema\/person\/image\/\",\"url\":\"https:\/\/secure.gravatar.com\/avatar\/2f7fc4c3e3655be1580cb684bfd8ab19be702ae20879da1e072021daa02f9b8b?s=96&d=wp_user_avatar&r=g\",\"contentUrl\":\"https:\/\/secure.gravatar.com\/avatar\/2f7fc4c3e3655be1580cb684bfd8ab19be702ae20879da1e072021daa02f9b8b?s=96&d=wp_user_avatar&r=g\",\"caption\":\"Brenda Guerrero\"},\"description\":\"Periodista\",\"url\":\"https:\/\/blgnoticiassantodomingo.net\/index.php\/author\/brenda-guerrero\/\"}]}<\/script>\n<!-- \/ Yoast SEO plugin. -->","yoast_head_json":{"title":"Canciller Miguel Vargas viaja a Panam\u00e1 para participar en XIII Cumbre Empresarial China-LAC - BLG Noticias","robots":{"index":"index","follow":"follow","max-snippet":"max-snippet:-1","max-image-preview":"max-image-preview:large","max-video-preview":"max-video-preview:-1"},"canonical":"https:\/\/blgnoticiassantodomingo.net\/index.php\/2019\/12\/10\/canciller-miguel-vargas-viaja-a-panama-para-participar-en-xiii-cumbre-empresarial-china-lac\/","og_locale":"es_ES","og_type":"article","og_title":"Canciller Miguel Vargas viaja a Panam\u00e1 para participar en XIII Cumbre Empresarial China-LAC - BLG Noticias","og_description":"Santo Domingo. \u2013 &nbsp;El ministro de Relaciones Exteriores, Miguel Vargas, parti\u00f3 este domingo hacia Panam\u00e1 para participar en la XIII Cumbre Empresarial China-LAC (Latinoam\u00e9rica y el Caribe), que tendr\u00e1 lugar entre los d\u00edas 9 y 11 de diciembre en el Centro de Convenciones Atlapa, en la Ciudad de Panam\u00e1. La actividad es organizada por el [&hellip;]","og_url":"https:\/\/blgnoticiassantodomingo.net\/index.php\/2019\/12\/10\/canciller-miguel-vargas-viaja-a-panama-para-participar-en-xiii-cumbre-empresarial-china-lac\/","og_site_name":"BLG Noticias","article_publisher":"https:\/\/web.facebook.com\/BlgNoticias\/?locale=es_LA&_rdc=1&_rdr","article_published_time":"2019-12-10T01:19:43+00:00","article_modified_time":"2019-12-10T01:25:15+00:00","og_image":[{"width":640,"height":426,"url":"https:\/\/blgnoticiassantodomingo.net\/wp-content\/uploads\/2019\/12\/phpThumb_generated_thumbnail.jpeg","type":"image\/jpeg"}],"author":"Brenda Guerrero","twitter_card":"summary_large_image","twitter_creator":"@BlgNoticias","twitter_site":"@BlgNoticias","twitter_misc":{"Escrito por":"Brenda Guerrero","Tiempo de lectura":"1 minuto"},"schema":{"@context":"https:\/\/schema.org","@graph":[{"@type":"Article","@id":"https:\/\/blgnoticiassantodomingo.net\/index.php\/2019\/12\/10\/canciller-miguel-vargas-viaja-a-panama-para-participar-en-xiii-cumbre-empresarial-china-lac\/#article","isPartOf":{"@id":"https:\/\/blgnoticiassantodomingo.net\/index.php\/2019\/12\/10\/canciller-miguel-vargas-viaja-a-panama-para-participar-en-xiii-cumbre-empresarial-china-lac\/"},"author":{"name":"Brenda Guerrero","@id":"https:\/\/blgnoticiassantodomingo.net\/#\/schema\/person\/e2fc21cf88acc63dbd134be981bff374"},"headline":"Canciller Miguel Vargas viaja a Panam\u00e1 para participar en XIII Cumbre Empresarial China-LAC","datePublished":"2019-12-10T01:19:43+00:00","dateModified":"2019-12-10T01:25:15+00:00","mainEntityOfPage":{"@id":"https:\/\/blgnoticiassantodomingo.net\/index.php\/2019\/12\/10\/canciller-miguel-vargas-viaja-a-panama-para-participar-en-xiii-cumbre-empresarial-china-lac\/"},"wordCount":247,"commentCount":0,"publisher":{"@id":"https:\/\/blgnoticiassantodomingo.net\/#organization"},"image":{"@id":"https:\/\/blgnoticiassantodomingo.net\/index.php\/2019\/12\/10\/canciller-miguel-vargas-viaja-a-panama-para-participar-en-xiii-cumbre-empresarial-china-lac\/#primaryimage"},"thumbnailUrl":"https:\/\/blgnoticiassantodomingo.net\/wp-content\/uploads\/2019\/12\/phpThumb_generated_thumbnail.jpeg","keywords":["Miguel Vargas Maldonado","MIREX"],"articleSection":["Nacionales"],"inLanguage":"es","potentialAction":[{"@type":"CommentAction","name":"Comment","target":["https:\/\/blgnoticiassantodomingo.net\/index.php\/2019\/12\/10\/canciller-miguel-vargas-viaja-a-panama-para-participar-en-xiii-cumbre-empresarial-china-lac\/#respond"]}]},{"@type":"WebPage","@id":"https:\/\/blgnoticiassantodomingo.net\/index.php\/2019\/12\/10\/canciller-miguel-vargas-viaja-a-panama-para-participar-en-xiii-cumbre-empresarial-china-lac\/","url":"https:\/\/blgnoticiassantodomingo.net\/index.php\/2019\/12\/10\/canciller-miguel-vargas-viaja-a-panama-para-participar-en-xiii-cumbre-empresarial-china-lac\/","name":"Canciller Miguel Vargas viaja a Panam\u00e1 para participar en XIII Cumbre Empresarial China-LAC - BLG Noticias","isPartOf":{"@id":"https:\/\/blgnoticiassantodomingo.net\/#website"},"primaryImageOfPage":{"@id":"https:\/\/blgnoticiassantodomingo.net\/index.php\/2019\/12\/10\/canciller-miguel-vargas-viaja-a-panama-para-participar-en-xiii-cumbre-empresarial-china-lac\/#primaryimage"},"image":{"@id":"https:\/\/blgnoticiassantodomingo.net\/index.php\/2019\/12\/10\/canciller-miguel-vargas-viaja-a-panama-para-participar-en-xiii-cumbre-empresarial-china-lac\/#primaryimage"},"thumbnailUrl":"https:\/\/blgnoticiassantodomingo.net\/wp-content\/uploads\/2019\/12\/phpThumb_generated_thumbnail.jpeg","datePublished":"2019-12-10T01:19:43+00:00","dateModified":"2019-12-10T01:25:15+00:00","breadcrumb":{"@id":"https:\/\/blgnoticiassantodomingo.net\/index.php\/2019\/12\/10\/canciller-miguel-vargas-viaja-a-panama-para-participar-en-xiii-cumbre-empresarial-china-lac\/#breadcrumb"},"inLanguage":"es","potentialAction":[{"@type":"ReadAction","target":["https:\/\/blgnoticiassantodomingo.net\/index.php\/2019\/12\/10\/canciller-miguel-vargas-viaja-a-panama-para-participar-en-xiii-cumbre-empresarial-china-lac\/"]}]},{"@type":"ImageObject","inLanguage":"es","@id":"https:\/\/blgnoticiassantodomingo.net\/index.php\/2019\/12\/10\/canciller-miguel-vargas-viaja-a-panama-para-participar-en-xiii-cumbre-empresarial-china-lac\/#primaryimage","url":"https:\/\/blgnoticiassantodomingo.net\/wp-content\/uploads\/2019\/12\/phpThumb_generated_thumbnail.jpeg","contentUrl":"https:\/\/blgnoticiassantodomingo.net\/wp-content\/uploads\/2019\/12\/phpThumb_generated_thumbnail.jpeg","width":640,"height":426},{"@type":"BreadcrumbList","@id":"https:\/\/blgnoticiassantodomingo.net\/index.php\/2019\/12\/10\/canciller-miguel-vargas-viaja-a-panama-para-participar-en-xiii-cumbre-empresarial-china-lac\/#breadcrumb","itemListElement":[{"@type":"ListItem","position":1,"name":"Portada","item":"https:\/\/blgnoticiassantodomingo.net\/"},{"@type":"ListItem","position":2,"name":"Canciller Miguel Vargas viaja a Panam\u00e1 para participar en XIII Cumbre Empresarial China-LAC"}]},{"@type":"WebSite","@id":"https:\/\/blgnoticiassantodomingo.net\/#website","url":"https:\/\/blgnoticiassantodomingo.net\/","name":"BLG Noticias","description":"Esto es Noticias","publisher":{"@id":"https:\/\/blgnoticiassantodomingo.net\/#organization"},"potentialAction":[{"@type":"SearchAction","target":{"@type":"EntryPoint","urlTemplate":"https:\/\/blgnoticiassantodomingo.net\/?s={search_term_string}"},"query-input":{"@type":"PropertyValueSpecification","valueRequired":true,"valueName":"search_term_string"}}],"inLanguage":"es"},{"@type":"Organization","@id":"https:\/\/blgnoticiassantodomingo.net\/#organization","name":"BLG Noticias","url":"https:\/\/blgnoticiassantodomingo.net\/","logo":{"@type":"ImageObject","inLanguage":"es","@id":"https:\/\/blgnoticiassantodomingo.net\/#\/schema\/logo\/image\/","url":"https:\/\/blgnoticiassantodomingo.net\/wp-content\/uploads\/2023\/12\/Diseno-sin-titulo-3.jpg","contentUrl":"https:\/\/blgnoticiassantodomingo.net\/wp-content\/uploads\/2023\/12\/Diseno-sin-titulo-3.jpg","width":500,"height":500,"caption":"BLG Noticias"},"image":{"@id":"https:\/\/blgnoticiassantodomingo.net\/#\/schema\/logo\/image\/"},"sameAs":["https:\/\/web.facebook.com\/BlgNoticias\/?locale=es_LA&_rdc=1&_rdr","https:\/\/x.com\/BlgNoticias","https:\/\/www.linkedin.com\/in\/brenda-l-santana-aa846279\/"]},{"@type":"Person","@id":"https:\/\/blgnoticiassantodomingo.net\/#\/schema\/person\/e2fc21cf88acc63dbd134be981bff374","name":"Brenda Guerrero","image":{"@type":"ImageObject","inLanguage":"es","@id":"https:\/\/blgnoticiassantodomingo.net\/#\/schema\/person\/image\/","url":"https:\/\/secure.gravatar.com\/avatar\/2f7fc4c3e3655be1580cb684bfd8ab19be702ae20879da1e072021daa02f9b8b?s=96&d=wp_user_avatar&r=g","contentUrl":"https:\/\/secure.gravatar.com\/avatar\/2f7fc4c3e3655be1580cb684bfd8ab19be702ae20879da1e072021daa02f9b8b?s=96&d=wp_user_avatar&r=g","caption":"Brenda Guerrero"},"description":"Periodista","url":"https:\/\/blgnoticiassantodomingo.net\/index.php\/author\/brenda-guerrero\/"}]}},"jetpack_featured_media_url":"https:\/\/blgnoticiassantodomingo.net\/wp-content\/uploads\/2019\/12\/phpThumb_generated_thumbnail.jpeg","_links":{"self":[{"href":"https:\/\/blgnoticiassantodomingo.net\/index.php\/wp-json\/wp\/v2\/posts\/3246","targetHints":{"allow":["GET"]}}],"collection":[{"href":"https:\/\/blgnoticiassantodomingo.net\/index.php\/wp-json\/wp\/v2\/posts"}],"about":[{"href":"https:\/\/blgnoticiassantodomingo.net\/index.php\/wp-json\/wp\/v2\/types\/post"}],"author":[{"embeddable":true,"href":"https:\/\/blgnoticiassantodomingo.net\/index.php\/wp-json\/wp\/v2\/users\/2"}],"replies":[{"embeddable":true,"href":"https:\/\/blgnoticiassantodomingo.net\/index.php\/wp-json\/wp\/v2\/comments?post=3246"}],"version-history":[{"count":2,"href":"https:\/\/blgnoticiassantodomingo.net\/index.php\/wp-json\/wp\/v2\/posts\/3246\/revisions"}],"predecessor-version":[{"id":3249,"href":"https:\/\/blgnoticiassantodomingo.net\/index.php\/wp-json\/wp\/v2\/posts\/3246\/revisions\/3249"}],"wp:featuredmedia":[{"embeddable":true,"href":"https:\/\/blgnoticiassantodomingo.net\/index.php\/wp-json\/wp\/v2\/media\/3247"}],"wp:attachment":[{"href":"https:\/\/blgnoticiassantodomingo.net\/index.php\/wp-json\/wp\/v2\/media?parent=3246"}],"wp:term":[{"taxonomy":"category","embeddable":true,"href":"https:\/\/blgnoticiassantodomingo.net\/index.php\/wp-json\/wp\/v2\/categories?post=3246"},{"taxonomy":"post_tag","embeddable":true,"href":"https:\/\/blgnoticiassantodomingo.net\/index.php\/wp-json\/wp\/v2\/tags?post=3246"}],"curies":[{"name":"wp","href":"https:\/\/api.w.org\/{rel}","templated":true}]}}