{"id":3235,"date":"2019-12-10T00:32:26","date_gmt":"2019-12-10T00:32:26","guid":{"rendered":"http:\/\/blgnoticiassantodomingo.net\/?p=3235"},"modified":"2019-12-10T00:32:27","modified_gmt":"2019-12-10T00:32:27","slug":"comision-bicameral-estudia-proyecto-ley-de-comercio-maritimo-escucha-opiniones-de-diferentes-entidades","status":"publish","type":"post","link":"https:\/\/blgnoticiassantodomingo.net\/index.php\/2019\/12\/10\/comision-bicameral-estudia-proyecto-ley-de-comercio-maritimo-escucha-opiniones-de-diferentes-entidades\/","title":{"rendered":"Comisi\u00f3n Bicameral estudia proyecto Ley de Comercio Mar\u00edtimo escucha opiniones de diferentes entidades"},"content":{"rendered":"\n<p>Santo Domingo.- La Comisi\u00f3n Bicameral que estudia el Proyecto de Ley de Comercio Mar\u00edtimo se reuni\u00f3 este lunes con representantes de la Autoridad Portuaria Dominicana, la Armada Dominicana, el Consejo Nacional de la Empresa Privada, la C\u00e1mara Americana de Comercio, la Fundaci\u00f3n Tito Mella, la Direcci\u00f3n General de Aduanas, y otras entidades, para conocer sus opiniones con respecto a la iniciativa.<\/p>\n\n\n\n<p>El presidente de la comisi\u00f3n, senador Charlie Mariotti, indic\u00f3 que se avanza en la elaboraci\u00f3n del informe que le ser\u00e1 presentado al Pleno de las c\u00e1maras legislativas con la finalidad de que sea aprobado en la presente legislatura.<\/p>\n\n\n\n<p>El objeto de ley en discusi\u00f3n, de la autor\u00eda del senador F\u00e9lix Bautista, es \u201cregular, dentro del territorio de la Rep\u00fablica Dominicana, los hechos y relaciones jur\u00eddicas relativas a las naves mar\u00edtimas nacionales y extranjeras, as\u00ed como aquellos que surgen del transporte y dem\u00e1s actividades mar\u00edtimas, para asegurar y proteger los leg\u00edtimos derechos e intereses de las partes envueltas y a la vez promover la seguridad y el desarrollo del sector mar\u00edtimo, la econom\u00eda y el comercio del pa\u00eds\u201d.<\/p>\n\n\n\n<p>La comisi\u00f3n volver\u00e1 a reunirse el pr\u00f3ximo lunes a las 4:00 de la tarde.<\/p>\n","protected":false},"excerpt":{"rendered":"<p>Santo Domingo.- La Comisi\u00f3n Bicameral que estudia el Proyecto de Ley de Comercio Mar\u00edtimo se reuni\u00f3 este lunes con representantes de la Autoridad Portuaria Dominicana, la Armada Dominicana, el Consejo Nacional de la Empresa Privada, la C\u00e1mara Americana de Comercio, la Fundaci\u00f3n Tito Mella, la Direcci\u00f3n General de Aduanas, y otras entidades, para conocer sus [&hellip;]<\/p>\n","protected":false},"author":2,"featured_media":3236,"comment_status":"open","ping_status":"open","sticky":false,"template":"","format":"standard","meta":{"footnotes":""},"categories":[220],"tags":[761,546],"class_list":{"0":"post-3235","1":"post","2":"type-post","3":"status-publish","4":"format-standard","5":"has-post-thumbnail","7":"category-nacionales","8":"tag-comercio-maritimo","9":"tag-proyecto-de-ley"},"yoast_head":"<!-- This site is optimized with the Yoast SEO plugin v24.9 - https:\/\/yoast.com\/wordpress\/plugins\/seo\/ -->\n<title>Comisi\u00f3n Bicameral estudia proyecto Ley de Comercio Mar\u00edtimo escucha opiniones de diferentes entidades - BLG Noticias<\/title>\n<meta name=\"robots\" content=\"index, follow, max-snippet:-1, max-image-preview:large, max-video-preview:-1\" \/>\n<link rel=\"canonical\" href=\"https:\/\/blgnoticiassantodomingo.net\/index.php\/2019\/12\/10\/comision-bicameral-estudia-proyecto-ley-de-comercio-maritimo-escucha-opiniones-de-diferentes-entidades\/\" \/>\n<meta property=\"og:locale\" content=\"es_ES\" \/>\n<meta property=\"og:type\" content=\"article\" \/>\n<meta property=\"og:title\" content=\"Comisi\u00f3n Bicameral estudia proyecto Ley de Comercio Mar\u00edtimo escucha opiniones de diferentes entidades - BLG Noticias\" \/>\n<meta property=\"og:description\" content=\"Santo Domingo.- La Comisi\u00f3n Bicameral que estudia el Proyecto de Ley de Comercio Mar\u00edtimo se reuni\u00f3 este lunes con representantes de la Autoridad Portuaria Dominicana, la Armada Dominicana, el Consejo Nacional de la Empresa Privada, la C\u00e1mara Americana de Comercio, la Fundaci\u00f3n Tito Mella, la Direcci\u00f3n General de Aduanas, y otras entidades, para conocer sus [&hellip;]\" \/>\n<meta property=\"og:url\" content=\"https:\/\/blgnoticiassantodomingo.net\/index.php\/2019\/12\/10\/comision-bicameral-estudia-proyecto-ley-de-comercio-maritimo-escucha-opiniones-de-diferentes-entidades\/\" \/>\n<meta property=\"og:site_name\" content=\"BLG Noticias\" \/>\n<meta property=\"article:publisher\" content=\"https:\/\/web.facebook.com\/BlgNoticias\/?locale=es_LA&amp;_rdc=1&amp;_rdr\" \/>\n<meta property=\"article:published_time\" content=\"2019-12-10T00:32:26+00:00\" \/>\n<meta property=\"article:modified_time\" content=\"2019-12-10T00:32:27+00:00\" \/>\n<meta property=\"og:image\" content=\"https:\/\/blgnoticiassantodomingo.net\/wp-content\/uploads\/2019\/12\/DSC_7994.jpg\" \/>\n\t<meta property=\"og:image:width\" content=\"1024\" \/>\n\t<meta property=\"og:image:height\" content=\"531\" \/>\n\t<meta property=\"og:image:type\" content=\"image\/jpeg\" \/>\n<meta name=\"author\" content=\"Brenda Guerrero\" \/>\n<meta name=\"twitter:card\" content=\"summary_large_image\" \/>\n<meta name=\"twitter:creator\" content=\"@BlgNoticias\" \/>\n<meta name=\"twitter:site\" content=\"@BlgNoticias\" \/>\n<meta name=\"twitter:label1\" content=\"Escrito por\" \/>\n\t<meta name=\"twitter:data1\" content=\"Brenda Guerrero\" \/>\n\t<meta name=\"twitter:label2\" content=\"Tiempo de lectura\" \/>\n\t<meta name=\"twitter:data2\" content=\"1 minuto\" \/>\n<script type=\"application\/ld+json\" class=\"yoast-schema-graph\">{\"@context\":\"https:\/\/schema.org\",\"@graph\":[{\"@type\":\"Article\",\"@id\":\"https:\/\/blgnoticiassantodomingo.net\/index.php\/2019\/12\/10\/comision-bicameral-estudia-proyecto-ley-de-comercio-maritimo-escucha-opiniones-de-diferentes-entidades\/#article\",\"isPartOf\":{\"@id\":\"https:\/\/blgnoticiassantodomingo.net\/index.php\/2019\/12\/10\/comision-bicameral-estudia-proyecto-ley-de-comercio-maritimo-escucha-opiniones-de-diferentes-entidades\/\"},\"author\":{\"name\":\"Brenda Guerrero\",\"@id\":\"https:\/\/blgnoticiassantodomingo.net\/#\/schema\/person\/e2fc21cf88acc63dbd134be981bff374\"},\"headline\":\"Comisi\u00f3n Bicameral estudia proyecto Ley de Comercio Mar\u00edtimo escucha opiniones de diferentes entidades\",\"datePublished\":\"2019-12-10T00:32:26+00:00\",\"dateModified\":\"2019-12-10T00:32:27+00:00\",\"mainEntityOfPage\":{\"@id\":\"https:\/\/blgnoticiassantodomingo.net\/index.php\/2019\/12\/10\/comision-bicameral-estudia-proyecto-ley-de-comercio-maritimo-escucha-opiniones-de-diferentes-entidades\/\"},\"wordCount\":229,\"commentCount\":1,\"publisher\":{\"@id\":\"https:\/\/blgnoticiassantodomingo.net\/#organization\"},\"image\":{\"@id\":\"https:\/\/blgnoticiassantodomingo.net\/index.php\/2019\/12\/10\/comision-bicameral-estudia-proyecto-ley-de-comercio-maritimo-escucha-opiniones-de-diferentes-entidades\/#primaryimage\"},\"thumbnailUrl\":\"https:\/\/blgnoticiassantodomingo.net\/wp-content\/uploads\/2019\/12\/DSC_7994.jpg\",\"keywords\":[\"Comercio Maritimo\",\"proyecto de Ley\"],\"articleSection\":[\"Nacionales\"],\"inLanguage\":\"es\",\"potentialAction\":[{\"@type\":\"CommentAction\",\"name\":\"Comment\",\"target\":[\"https:\/\/blgnoticiassantodomingo.net\/index.php\/2019\/12\/10\/comision-bicameral-estudia-proyecto-ley-de-comercio-maritimo-escucha-opiniones-de-diferentes-entidades\/#respond\"]}]},{\"@type\":\"WebPage\",\"@id\":\"https:\/\/blgnoticiassantodomingo.net\/index.php\/2019\/12\/10\/comision-bicameral-estudia-proyecto-ley-de-comercio-maritimo-escucha-opiniones-de-diferentes-entidades\/\",\"url\":\"https:\/\/blgnoticiassantodomingo.net\/index.php\/2019\/12\/10\/comision-bicameral-estudia-proyecto-ley-de-comercio-maritimo-escucha-opiniones-de-diferentes-entidades\/\",\"name\":\"Comisi\u00f3n Bicameral estudia proyecto Ley de Comercio Mar\u00edtimo escucha opiniones de diferentes entidades - BLG Noticias\",\"isPartOf\":{\"@id\":\"https:\/\/blgnoticiassantodomingo.net\/#website\"},\"primaryImageOfPage\":{\"@id\":\"https:\/\/blgnoticiassantodomingo.net\/index.php\/2019\/12\/10\/comision-bicameral-estudia-proyecto-ley-de-comercio-maritimo-escucha-opiniones-de-diferentes-entidades\/#primaryimage\"},\"image\":{\"@id\":\"https:\/\/blgnoticiassantodomingo.net\/index.php\/2019\/12\/10\/comision-bicameral-estudia-proyecto-ley-de-comercio-maritimo-escucha-opiniones-de-diferentes-entidades\/#primaryimage\"},\"thumbnailUrl\":\"https:\/\/blgnoticiassantodomingo.net\/wp-content\/uploads\/2019\/12\/DSC_7994.jpg\",\"datePublished\":\"2019-12-10T00:32:26+00:00\",\"dateModified\":\"2019-12-10T00:32:27+00:00\",\"breadcrumb\":{\"@id\":\"https:\/\/blgnoticiassantodomingo.net\/index.php\/2019\/12\/10\/comision-bicameral-estudia-proyecto-ley-de-comercio-maritimo-escucha-opiniones-de-diferentes-entidades\/#breadcrumb\"},\"inLanguage\":\"es\",\"potentialAction\":[{\"@type\":\"ReadAction\",\"target\":[\"https:\/\/blgnoticiassantodomingo.net\/index.php\/2019\/12\/10\/comision-bicameral-estudia-proyecto-ley-de-comercio-maritimo-escucha-opiniones-de-diferentes-entidades\/\"]}]},{\"@type\":\"ImageObject\",\"inLanguage\":\"es\",\"@id\":\"https:\/\/blgnoticiassantodomingo.net\/index.php\/2019\/12\/10\/comision-bicameral-estudia-proyecto-ley-de-comercio-maritimo-escucha-opiniones-de-diferentes-entidades\/#primaryimage\",\"url\":\"https:\/\/blgnoticiassantodomingo.net\/wp-content\/uploads\/2019\/12\/DSC_7994.jpg\",\"contentUrl\":\"https:\/\/blgnoticiassantodomingo.net\/wp-content\/uploads\/2019\/12\/DSC_7994.jpg\",\"width\":1024,\"height\":531},{\"@type\":\"BreadcrumbList\",\"@id\":\"https:\/\/blgnoticiassantodomingo.net\/index.php\/2019\/12\/10\/comision-bicameral-estudia-proyecto-ley-de-comercio-maritimo-escucha-opiniones-de-diferentes-entidades\/#breadcrumb\",\"itemListElement\":[{\"@type\":\"ListItem\",\"position\":1,\"name\":\"Portada\",\"item\":\"https:\/\/blgnoticiassantodomingo.net\/\"},{\"@type\":\"ListItem\",\"position\":2,\"name\":\"Comisi\u00f3n Bicameral estudia proyecto Ley de Comercio Mar\u00edtimo escucha opiniones de diferentes entidades\"}]},{\"@type\":\"WebSite\",\"@id\":\"https:\/\/blgnoticiassantodomingo.net\/#website\",\"url\":\"https:\/\/blgnoticiassantodomingo.net\/\",\"name\":\"BLG Noticias\",\"description\":\"Esto es Noticias\",\"publisher\":{\"@id\":\"https:\/\/blgnoticiassantodomingo.net\/#organization\"},\"potentialAction\":[{\"@type\":\"SearchAction\",\"target\":{\"@type\":\"EntryPoint\",\"urlTemplate\":\"https:\/\/blgnoticiassantodomingo.net\/?s={search_term_string}\"},\"query-input\":{\"@type\":\"PropertyValueSpecification\",\"valueRequired\":true,\"valueName\":\"search_term_string\"}}],\"inLanguage\":\"es\"},{\"@type\":\"Organization\",\"@id\":\"https:\/\/blgnoticiassantodomingo.net\/#organization\",\"name\":\"BLG Noticias\",\"url\":\"https:\/\/blgnoticiassantodomingo.net\/\",\"logo\":{\"@type\":\"ImageObject\",\"inLanguage\":\"es\",\"@id\":\"https:\/\/blgnoticiassantodomingo.net\/#\/schema\/logo\/image\/\",\"url\":\"https:\/\/blgnoticiassantodomingo.net\/wp-content\/uploads\/2023\/12\/Diseno-sin-titulo-3.jpg\",\"contentUrl\":\"https:\/\/blgnoticiassantodomingo.net\/wp-content\/uploads\/2023\/12\/Diseno-sin-titulo-3.jpg\",\"width\":500,\"height\":500,\"caption\":\"BLG Noticias\"},\"image\":{\"@id\":\"https:\/\/blgnoticiassantodomingo.net\/#\/schema\/logo\/image\/\"},\"sameAs\":[\"https:\/\/web.facebook.com\/BlgNoticias\/?locale=es_LA&_rdc=1&_rdr\",\"https:\/\/x.com\/BlgNoticias\",\"https:\/\/www.linkedin.com\/in\/brenda-l-santana-aa846279\/\"]},{\"@type\":\"Person\",\"@id\":\"https:\/\/blgnoticiassantodomingo.net\/#\/schema\/person\/e2fc21cf88acc63dbd134be981bff374\",\"name\":\"Brenda Guerrero\",\"image\":{\"@type\":\"ImageObject\",\"inLanguage\":\"es\",\"@id\":\"https:\/\/blgnoticiassantodomingo.net\/#\/schema\/person\/image\/\",\"url\":\"https:\/\/secure.gravatar.com\/avatar\/2f7fc4c3e3655be1580cb684bfd8ab19be702ae20879da1e072021daa02f9b8b?s=96&d=wp_user_avatar&r=g\",\"contentUrl\":\"https:\/\/secure.gravatar.com\/avatar\/2f7fc4c3e3655be1580cb684bfd8ab19be702ae20879da1e072021daa02f9b8b?s=96&d=wp_user_avatar&r=g\",\"caption\":\"Brenda Guerrero\"},\"description\":\"Periodista\",\"url\":\"https:\/\/blgnoticiassantodomingo.net\/index.php\/author\/brenda-guerrero\/\"}]}<\/script>\n<!-- \/ Yoast SEO plugin. -->","yoast_head_json":{"title":"Comisi\u00f3n Bicameral estudia proyecto Ley de Comercio Mar\u00edtimo escucha opiniones de diferentes entidades - BLG Noticias","robots":{"index":"index","follow":"follow","max-snippet":"max-snippet:-1","max-image-preview":"max-image-preview:large","max-video-preview":"max-video-preview:-1"},"canonical":"https:\/\/blgnoticiassantodomingo.net\/index.php\/2019\/12\/10\/comision-bicameral-estudia-proyecto-ley-de-comercio-maritimo-escucha-opiniones-de-diferentes-entidades\/","og_locale":"es_ES","og_type":"article","og_title":"Comisi\u00f3n Bicameral estudia proyecto Ley de Comercio Mar\u00edtimo escucha opiniones de diferentes entidades - BLG Noticias","og_description":"Santo Domingo.- La Comisi\u00f3n Bicameral que estudia el Proyecto de Ley de Comercio Mar\u00edtimo se reuni\u00f3 este lunes con representantes de la Autoridad Portuaria Dominicana, la Armada Dominicana, el Consejo Nacional de la Empresa Privada, la C\u00e1mara Americana de Comercio, la Fundaci\u00f3n Tito Mella, la Direcci\u00f3n General de Aduanas, y otras entidades, para conocer sus [&hellip;]","og_url":"https:\/\/blgnoticiassantodomingo.net\/index.php\/2019\/12\/10\/comision-bicameral-estudia-proyecto-ley-de-comercio-maritimo-escucha-opiniones-de-diferentes-entidades\/","og_site_name":"BLG Noticias","article_publisher":"https:\/\/web.facebook.com\/BlgNoticias\/?locale=es_LA&_rdc=1&_rdr","article_published_time":"2019-12-10T00:32:26+00:00","article_modified_time":"2019-12-10T00:32:27+00:00","og_image":[{"width":1024,"height":531,"url":"https:\/\/blgnoticiassantodomingo.net\/wp-content\/uploads\/2019\/12\/DSC_7994.jpg","type":"image\/jpeg"}],"author":"Brenda Guerrero","twitter_card":"summary_large_image","twitter_creator":"@BlgNoticias","twitter_site":"@BlgNoticias","twitter_misc":{"Escrito por":"Brenda Guerrero","Tiempo de lectura":"1 minuto"},"schema":{"@context":"https:\/\/schema.org","@graph":[{"@type":"Article","@id":"https:\/\/blgnoticiassantodomingo.net\/index.php\/2019\/12\/10\/comision-bicameral-estudia-proyecto-ley-de-comercio-maritimo-escucha-opiniones-de-diferentes-entidades\/#article","isPartOf":{"@id":"https:\/\/blgnoticiassantodomingo.net\/index.php\/2019\/12\/10\/comision-bicameral-estudia-proyecto-ley-de-comercio-maritimo-escucha-opiniones-de-diferentes-entidades\/"},"author":{"name":"Brenda Guerrero","@id":"https:\/\/blgnoticiassantodomingo.net\/#\/schema\/person\/e2fc21cf88acc63dbd134be981bff374"},"headline":"Comisi\u00f3n Bicameral estudia proyecto Ley de Comercio Mar\u00edtimo escucha opiniones de diferentes entidades","datePublished":"2019-12-10T00:32:26+00:00","dateModified":"2019-12-10T00:32:27+00:00","mainEntityOfPage":{"@id":"https:\/\/blgnoticiassantodomingo.net\/index.php\/2019\/12\/10\/comision-bicameral-estudia-proyecto-ley-de-comercio-maritimo-escucha-opiniones-de-diferentes-entidades\/"},"wordCount":229,"commentCount":1,"publisher":{"@id":"https:\/\/blgnoticiassantodomingo.net\/#organization"},"image":{"@id":"https:\/\/blgnoticiassantodomingo.net\/index.php\/2019\/12\/10\/comision-bicameral-estudia-proyecto-ley-de-comercio-maritimo-escucha-opiniones-de-diferentes-entidades\/#primaryimage"},"thumbnailUrl":"https:\/\/blgnoticiassantodomingo.net\/wp-content\/uploads\/2019\/12\/DSC_7994.jpg","keywords":["Comercio Maritimo","proyecto de Ley"],"articleSection":["Nacionales"],"inLanguage":"es","potentialAction":[{"@type":"CommentAction","name":"Comment","target":["https:\/\/blgnoticiassantodomingo.net\/index.php\/2019\/12\/10\/comision-bicameral-estudia-proyecto-ley-de-comercio-maritimo-escucha-opiniones-de-diferentes-entidades\/#respond"]}]},{"@type":"WebPage","@id":"https:\/\/blgnoticiassantodomingo.net\/index.php\/2019\/12\/10\/comision-bicameral-estudia-proyecto-ley-de-comercio-maritimo-escucha-opiniones-de-diferentes-entidades\/","url":"https:\/\/blgnoticiassantodomingo.net\/index.php\/2019\/12\/10\/comision-bicameral-estudia-proyecto-ley-de-comercio-maritimo-escucha-opiniones-de-diferentes-entidades\/","name":"Comisi\u00f3n Bicameral estudia proyecto Ley de Comercio Mar\u00edtimo escucha opiniones de diferentes entidades - BLG Noticias","isPartOf":{"@id":"https:\/\/blgnoticiassantodomingo.net\/#website"},"primaryImageOfPage":{"@id":"https:\/\/blgnoticiassantodomingo.net\/index.php\/2019\/12\/10\/comision-bicameral-estudia-proyecto-ley-de-comercio-maritimo-escucha-opiniones-de-diferentes-entidades\/#primaryimage"},"image":{"@id":"https:\/\/blgnoticiassantodomingo.net\/index.php\/2019\/12\/10\/comision-bicameral-estudia-proyecto-ley-de-comercio-maritimo-escucha-opiniones-de-diferentes-entidades\/#primaryimage"},"thumbnailUrl":"https:\/\/blgnoticiassantodomingo.net\/wp-content\/uploads\/2019\/12\/DSC_7994.jpg","datePublished":"2019-12-10T00:32:26+00:00","dateModified":"2019-12-10T00:32:27+00:00","breadcrumb":{"@id":"https:\/\/blgnoticiassantodomingo.net\/index.php\/2019\/12\/10\/comision-bicameral-estudia-proyecto-ley-de-comercio-maritimo-escucha-opiniones-de-diferentes-entidades\/#breadcrumb"},"inLanguage":"es","potentialAction":[{"@type":"ReadAction","target":["https:\/\/blgnoticiassantodomingo.net\/index.php\/2019\/12\/10\/comision-bicameral-estudia-proyecto-ley-de-comercio-maritimo-escucha-opiniones-de-diferentes-entidades\/"]}]},{"@type":"ImageObject","inLanguage":"es","@id":"https:\/\/blgnoticiassantodomingo.net\/index.php\/2019\/12\/10\/comision-bicameral-estudia-proyecto-ley-de-comercio-maritimo-escucha-opiniones-de-diferentes-entidades\/#primaryimage","url":"https:\/\/blgnoticiassantodomingo.net\/wp-content\/uploads\/2019\/12\/DSC_7994.jpg","contentUrl":"https:\/\/blgnoticiassantodomingo.net\/wp-content\/uploads\/2019\/12\/DSC_7994.jpg","width":1024,"height":531},{"@type":"BreadcrumbList","@id":"https:\/\/blgnoticiassantodomingo.net\/index.php\/2019\/12\/10\/comision-bicameral-estudia-proyecto-ley-de-comercio-maritimo-escucha-opiniones-de-diferentes-entidades\/#breadcrumb","itemListElement":[{"@type":"ListItem","position":1,"name":"Portada","item":"https:\/\/blgnoticiassantodomingo.net\/"},{"@type":"ListItem","position":2,"name":"Comisi\u00f3n Bicameral estudia proyecto Ley de Comercio Mar\u00edtimo escucha opiniones de diferentes entidades"}]},{"@type":"WebSite","@id":"https:\/\/blgnoticiassantodomingo.net\/#website","url":"https:\/\/blgnoticiassantodomingo.net\/","name":"BLG Noticias","description":"Esto es Noticias","publisher":{"@id":"https:\/\/blgnoticiassantodomingo.net\/#organization"},"potentialAction":[{"@type":"SearchAction","target":{"@type":"EntryPoint","urlTemplate":"https:\/\/blgnoticiassantodomingo.net\/?s={search_term_string}"},"query-input":{"@type":"PropertyValueSpecification","valueRequired":true,"valueName":"search_term_string"}}],"inLanguage":"es"},{"@type":"Organization","@id":"https:\/\/blgnoticiassantodomingo.net\/#organization","name":"BLG Noticias","url":"https:\/\/blgnoticiassantodomingo.net\/","logo":{"@type":"ImageObject","inLanguage":"es","@id":"https:\/\/blgnoticiassantodomingo.net\/#\/schema\/logo\/image\/","url":"https:\/\/blgnoticiassantodomingo.net\/wp-content\/uploads\/2023\/12\/Diseno-sin-titulo-3.jpg","contentUrl":"https:\/\/blgnoticiassantodomingo.net\/wp-content\/uploads\/2023\/12\/Diseno-sin-titulo-3.jpg","width":500,"height":500,"caption":"BLG Noticias"},"image":{"@id":"https:\/\/blgnoticiassantodomingo.net\/#\/schema\/logo\/image\/"},"sameAs":["https:\/\/web.facebook.com\/BlgNoticias\/?locale=es_LA&_rdc=1&_rdr","https:\/\/x.com\/BlgNoticias","https:\/\/www.linkedin.com\/in\/brenda-l-santana-aa846279\/"]},{"@type":"Person","@id":"https:\/\/blgnoticiassantodomingo.net\/#\/schema\/person\/e2fc21cf88acc63dbd134be981bff374","name":"Brenda Guerrero","image":{"@type":"ImageObject","inLanguage":"es","@id":"https:\/\/blgnoticiassantodomingo.net\/#\/schema\/person\/image\/","url":"https:\/\/secure.gravatar.com\/avatar\/2f7fc4c3e3655be1580cb684bfd8ab19be702ae20879da1e072021daa02f9b8b?s=96&d=wp_user_avatar&r=g","contentUrl":"https:\/\/secure.gravatar.com\/avatar\/2f7fc4c3e3655be1580cb684bfd8ab19be702ae20879da1e072021daa02f9b8b?s=96&d=wp_user_avatar&r=g","caption":"Brenda Guerrero"},"description":"Periodista","url":"https:\/\/blgnoticiassantodomingo.net\/index.php\/author\/brenda-guerrero\/"}]}},"jetpack_featured_media_url":"https:\/\/blgnoticiassantodomingo.net\/wp-content\/uploads\/2019\/12\/DSC_7994.jpg","_links":{"self":[{"href":"https:\/\/blgnoticiassantodomingo.net\/index.php\/wp-json\/wp\/v2\/posts\/3235","targetHints":{"allow":["GET"]}}],"collection":[{"href":"https:\/\/blgnoticiassantodomingo.net\/index.php\/wp-json\/wp\/v2\/posts"}],"about":[{"href":"https:\/\/blgnoticiassantodomingo.net\/index.php\/wp-json\/wp\/v2\/types\/post"}],"author":[{"embeddable":true,"href":"https:\/\/blgnoticiassantodomingo.net\/index.php\/wp-json\/wp\/v2\/users\/2"}],"replies":[{"embeddable":true,"href":"https:\/\/blgnoticiassantodomingo.net\/index.php\/wp-json\/wp\/v2\/comments?post=3235"}],"version-history":[{"count":1,"href":"https:\/\/blgnoticiassantodomingo.net\/index.php\/wp-json\/wp\/v2\/posts\/3235\/revisions"}],"predecessor-version":[{"id":3237,"href":"https:\/\/blgnoticiassantodomingo.net\/index.php\/wp-json\/wp\/v2\/posts\/3235\/revisions\/3237"}],"wp:featuredmedia":[{"embeddable":true,"href":"https:\/\/blgnoticiassantodomingo.net\/index.php\/wp-json\/wp\/v2\/media\/3236"}],"wp:attachment":[{"href":"https:\/\/blgnoticiassantodomingo.net\/index.php\/wp-json\/wp\/v2\/media?parent=3235"}],"wp:term":[{"taxonomy":"category","embeddable":true,"href":"https:\/\/blgnoticiassantodomingo.net\/index.php\/wp-json\/wp\/v2\/categories?post=3235"},{"taxonomy":"post_tag","embeddable":true,"href":"https:\/\/blgnoticiassantodomingo.net\/index.php\/wp-json\/wp\/v2\/tags?post=3235"}],"curies":[{"name":"wp","href":"https:\/\/api.w.org\/{rel}","templated":true}]}}