{"id":3193,"date":"2019-12-09T12:04:22","date_gmt":"2019-12-09T12:04:22","guid":{"rendered":"http:\/\/blgnoticiassantodomingo.net\/?p=3193"},"modified":"2019-12-10T00:46:22","modified_gmt":"2019-12-10T00:46:22","slug":"revelan-angustias-que-vivia-hombre-de-tragedia-en-sde","status":"publish","type":"post","link":"https:\/\/blgnoticiassantodomingo.net\/index.php\/2019\/12\/09\/revelan-angustias-que-vivia-hombre-de-tragedia-en-sde\/","title":{"rendered":"Revelan angustias que viv\u00eda hombre de tragedia en SDE ."},"content":{"rendered":"\n<p>Depresi\u00f3n, problemas personales y econ\u00f3micos llevaron a Cristian Eugenio Medina M\u00e9ndez, de 40 a\u00f1os de edad, a retener a su familia y matar al jefe de la Unidad SWAT de la Polic\u00eda Nacional, quien luego fue ultimado por los agentes del cuerpo del orden.<\/p>\n\n\n\n<p>Seg\u00fan los primeros informes, Medina M\u00e9ndez hab\u00eda retenido a varias personas por lo que el Sistema de Emergencias 911 envi\u00f3 a su casa,&nbsp; en la calle Santa Cecilia, de la urbanizaci\u00f3n Los Rosales, de El Tamarindo, unidades de la polic\u00eda y los&nbsp; bomberos. Al lugar acudieron cientos de curiosos.<\/p>\n\n\n\n<p>Ya en el lugar,&nbsp; el equipo Swat inici\u00f3 el proceso de negociaci\u00f3n con Medina M\u00e9ndez y hasta habr\u00eda logrado que liberara a varios miembros de su familia, lanzando algunas granadas de gases lacrim\u00f3genos.<\/p>\n\n\n\n<p>Cuando las unidades del equipo Swat ingresaron al lugar fueron recibidos a balazos por Medina M\u00e9ndez, quien logr\u00f3 matar en el acto al jefe de la unidad, el primer teniente Juan Mercedes V\u00e1squez.<\/p>\n\n\n\n<p>Sin embargo, Ana Cristina Medina, hermana de la v\u00edctima, niega que el hecho fuera un secuestro y descarta que su hermano matara al oficial policial, se\u00f1alando que en el colmado de su padre, situado al lado de la casa donde se produjo el incidente, hab\u00eda una c\u00e1mara de seguridad que fue rota, presuntamente por los agentes.<\/p>\n\n\n\n<p>Dijo que su hermano ten\u00eda problemas econ\u00f3micos y familiares, y&nbsp; m\u00e1s de seis d\u00edas tomando bebidas alcoh\u00f3licas, pero que trataron de convencerlo para que desistiera.<\/p>\n\n\n\n<p>\u201cMi hermano se encontraba en momento de ira, claro, una persona que se encontraba con la mente muy depresiva, sin dinero y muchos problemas familiares\u201d, enfatiz\u00f3.<\/p>\n\n\n\n<p>En tanto Heidy Medina, uno de los seis hijos que procreo Cristian, dijo que su padre se encontraba en una crisis de depresi\u00f3n por problemas sentimentales y econ\u00f3micos que lo llevaron a reaccionar.<ins><\/ins><\/p>\n\n\n\n<p>Adem\u00e1s manifest\u00f3 que tuvo en el momento del hecho un enfrentamiento con una sobrina y que este al ver la polic\u00eda llegar se altero, tras se\u00f1alar que su padre en una ocasi\u00f3n intent\u00f3 suicidarse.<\/p>\n\n\n\n<p>\u201cMi padre no secuestr\u00f3 a nadie, \u00e9l est\u00e1 en un momento que tiene depresi\u00f3n por problemas personales y econ\u00f3micos tambi\u00e9n, \u00e9l si tuvo problema con una sobrina a la cual agarr\u00f3 y luego se tranquilizo, pero al ver a la Polic\u00eda volvi\u00f3 y se alter\u00f3\u201d, declar\u00f3 entre llantos Heidy.<\/p>\n\n\n\n<p>Igualmente, vecinos de la&nbsp; vivienda, desconocen si Medina M\u00e9ndez, falleci\u00f3 a manos de las autoridades o si se le propin\u00f3 un disparo.<\/p>\n\n\n\n<p>Previo a que el cuerpo sin vida de Medina M\u00e9ndez, fuera trasladado al Inacif, al lugar se presentaron miembros del cuerpo de los bomberos con equipos para sacar de la vivienda los gases lacrim\u00f3geno que hab\u00edan los miembros del equipo SWAT al momento del incidente.<\/p>\n\n\n\n<p>El vocero de la Polic\u00eda, Frank Feliz Mej\u00eda Dur\u00e1n,&nbsp; dijo que para este lunes ofrecer\u00e1n&nbsp; detalles completo de lo ocurrido.<\/p>\n\n\n\n<p><strong>Condolencias<\/strong><\/p>\n\n\n\n<p>El presidente de la Direcci\u00f3n Nacional de Control de Drogas (DNCD), F\u00e9lix Alburquerque Compres, expres\u00f3 su pesar por la muerte del primer teniente Mercedes V\u00e1squez, ca\u00eddo en el cumplimiento del deber.<\/p>\n\n\n\n<p><strong>DEBERES<\/strong><\/p>\n\n\n\n<p><strong>Mensaje de condolencias<\/strong><\/p>\n\n\n\n<p>Solidaridad. \u201cMis m\u00e1s sentidos p\u00e9same a su familia y al honorable y respetable hermano y amigo el Director de la Polic\u00eda Nacional, Ney Aldrin Bautista Almonte\u201d, expres\u00f3 el vicealmirante F\u00e9lix Alburquerque Compr\u00e9s en un mensaje a la familia del primer teniente Mercedes V\u00e1squez, muerto a tiros por Cristian Eugenio Medina M\u00e9ndez, durante la operaci\u00f3n en la urbanizaci\u00f3n Los Rosales, de El Tamarindo, en Santo Domingo Este.<\/p>\n\n\n\n<p><strong>Por: Ram\u00f3n Cruz Benz\u00e1n<\/strong><\/p>\n","protected":false},"excerpt":{"rendered":"<p>Depresi\u00f3n, problemas personales y econ\u00f3micos llevaron a Cristian Eugenio Medina M\u00e9ndez, de 40 a\u00f1os de edad, a retener a su familia y matar al jefe de la Unidad SWAT de la Polic\u00eda Nacional, quien luego fue ultimado por los agentes del cuerpo del orden. Seg\u00fan los primeros informes, Medina M\u00e9ndez hab\u00eda retenido a varias personas [&hellip;]<\/p>\n","protected":false},"author":2,"featured_media":3194,"comment_status":"open","ping_status":"open","sticky":false,"template":"","format":"standard","meta":{"footnotes":""},"categories":[220],"tags":[],"class_list":{"0":"post-3193","1":"post","2":"type-post","3":"status-publish","4":"format-standard","5":"has-post-thumbnail","7":"category-nacionales"},"yoast_head":"<!-- This site is optimized with the Yoast SEO plugin v24.9 - https:\/\/yoast.com\/wordpress\/plugins\/seo\/ -->\n<title>Revelan angustias que viv\u00eda hombre de tragedia en SDE . - BLG Noticias<\/title>\n<meta name=\"robots\" content=\"index, follow, max-snippet:-1, max-image-preview:large, max-video-preview:-1\" \/>\n<link rel=\"canonical\" href=\"https:\/\/blgnoticiassantodomingo.net\/index.php\/2019\/12\/09\/revelan-angustias-que-vivia-hombre-de-tragedia-en-sde\/\" \/>\n<meta property=\"og:locale\" content=\"es_ES\" \/>\n<meta property=\"og:type\" content=\"article\" \/>\n<meta property=\"og:title\" content=\"Revelan angustias que viv\u00eda hombre de tragedia en SDE . - BLG Noticias\" \/>\n<meta property=\"og:description\" content=\"Depresi\u00f3n, problemas personales y econ\u00f3micos llevaron a Cristian Eugenio Medina M\u00e9ndez, de 40 a\u00f1os de edad, a retener a su familia y matar al jefe de la Unidad SWAT de la Polic\u00eda Nacional, quien luego fue ultimado por los agentes del cuerpo del orden. Seg\u00fan los primeros informes, Medina M\u00e9ndez hab\u00eda retenido a varias personas [&hellip;]\" \/>\n<meta property=\"og:url\" content=\"https:\/\/blgnoticiassantodomingo.net\/index.php\/2019\/12\/09\/revelan-angustias-que-vivia-hombre-de-tragedia-en-sde\/\" \/>\n<meta property=\"og:site_name\" content=\"BLG Noticias\" \/>\n<meta property=\"article:publisher\" content=\"https:\/\/web.facebook.com\/BlgNoticias\/?locale=es_LA&amp;_rdc=1&amp;_rdr\" \/>\n<meta property=\"article:published_time\" content=\"2019-12-09T12:04:22+00:00\" \/>\n<meta property=\"article:modified_time\" content=\"2019-12-10T00:46:22+00:00\" \/>\n<meta property=\"og:image\" content=\"https:\/\/blgnoticiassantodomingo.net\/wp-content\/uploads\/2019\/12\/revelan-angustias-que-vivia-hombre-de-tragedia-en-sde.jpeg\" \/>\n\t<meta property=\"og:image:width\" content=\"680\" \/>\n\t<meta property=\"og:image:height\" content=\"453\" \/>\n\t<meta property=\"og:image:type\" content=\"image\/jpeg\" \/>\n<meta name=\"author\" content=\"Brenda Guerrero\" \/>\n<meta name=\"twitter:card\" content=\"summary_large_image\" \/>\n<meta name=\"twitter:creator\" content=\"@BlgNoticias\" \/>\n<meta name=\"twitter:site\" content=\"@BlgNoticias\" \/>\n<meta name=\"twitter:label1\" content=\"Escrito por\" \/>\n\t<meta name=\"twitter:data1\" content=\"Brenda Guerrero\" \/>\n\t<meta name=\"twitter:label2\" content=\"Tiempo de lectura\" \/>\n\t<meta name=\"twitter:data2\" content=\"3 minutos\" \/>\n<script type=\"application\/ld+json\" class=\"yoast-schema-graph\">{\"@context\":\"https:\/\/schema.org\",\"@graph\":[{\"@type\":\"Article\",\"@id\":\"https:\/\/blgnoticiassantodomingo.net\/index.php\/2019\/12\/09\/revelan-angustias-que-vivia-hombre-de-tragedia-en-sde\/#article\",\"isPartOf\":{\"@id\":\"https:\/\/blgnoticiassantodomingo.net\/index.php\/2019\/12\/09\/revelan-angustias-que-vivia-hombre-de-tragedia-en-sde\/\"},\"author\":{\"name\":\"Brenda Guerrero\",\"@id\":\"https:\/\/blgnoticiassantodomingo.net\/#\/schema\/person\/e2fc21cf88acc63dbd134be981bff374\"},\"headline\":\"Revelan angustias que viv\u00eda hombre de tragedia en SDE .\",\"datePublished\":\"2019-12-09T12:04:22+00:00\",\"dateModified\":\"2019-12-10T00:46:22+00:00\",\"mainEntityOfPage\":{\"@id\":\"https:\/\/blgnoticiassantodomingo.net\/index.php\/2019\/12\/09\/revelan-angustias-que-vivia-hombre-de-tragedia-en-sde\/\"},\"wordCount\":648,\"commentCount\":0,\"publisher\":{\"@id\":\"https:\/\/blgnoticiassantodomingo.net\/#organization\"},\"image\":{\"@id\":\"https:\/\/blgnoticiassantodomingo.net\/index.php\/2019\/12\/09\/revelan-angustias-que-vivia-hombre-de-tragedia-en-sde\/#primaryimage\"},\"thumbnailUrl\":\"https:\/\/blgnoticiassantodomingo.net\/wp-content\/uploads\/2019\/12\/revelan-angustias-que-vivia-hombre-de-tragedia-en-sde.jpeg\",\"articleSection\":[\"Nacionales\"],\"inLanguage\":\"es\",\"potentialAction\":[{\"@type\":\"CommentAction\",\"name\":\"Comment\",\"target\":[\"https:\/\/blgnoticiassantodomingo.net\/index.php\/2019\/12\/09\/revelan-angustias-que-vivia-hombre-de-tragedia-en-sde\/#respond\"]}]},{\"@type\":\"WebPage\",\"@id\":\"https:\/\/blgnoticiassantodomingo.net\/index.php\/2019\/12\/09\/revelan-angustias-que-vivia-hombre-de-tragedia-en-sde\/\",\"url\":\"https:\/\/blgnoticiassantodomingo.net\/index.php\/2019\/12\/09\/revelan-angustias-que-vivia-hombre-de-tragedia-en-sde\/\",\"name\":\"Revelan angustias que viv\u00eda hombre de tragedia en SDE . - BLG Noticias\",\"isPartOf\":{\"@id\":\"https:\/\/blgnoticiassantodomingo.net\/#website\"},\"primaryImageOfPage\":{\"@id\":\"https:\/\/blgnoticiassantodomingo.net\/index.php\/2019\/12\/09\/revelan-angustias-que-vivia-hombre-de-tragedia-en-sde\/#primaryimage\"},\"image\":{\"@id\":\"https:\/\/blgnoticiassantodomingo.net\/index.php\/2019\/12\/09\/revelan-angustias-que-vivia-hombre-de-tragedia-en-sde\/#primaryimage\"},\"thumbnailUrl\":\"https:\/\/blgnoticiassantodomingo.net\/wp-content\/uploads\/2019\/12\/revelan-angustias-que-vivia-hombre-de-tragedia-en-sde.jpeg\",\"datePublished\":\"2019-12-09T12:04:22+00:00\",\"dateModified\":\"2019-12-10T00:46:22+00:00\",\"breadcrumb\":{\"@id\":\"https:\/\/blgnoticiassantodomingo.net\/index.php\/2019\/12\/09\/revelan-angustias-que-vivia-hombre-de-tragedia-en-sde\/#breadcrumb\"},\"inLanguage\":\"es\",\"potentialAction\":[{\"@type\":\"ReadAction\",\"target\":[\"https:\/\/blgnoticiassantodomingo.net\/index.php\/2019\/12\/09\/revelan-angustias-que-vivia-hombre-de-tragedia-en-sde\/\"]}]},{\"@type\":\"ImageObject\",\"inLanguage\":\"es\",\"@id\":\"https:\/\/blgnoticiassantodomingo.net\/index.php\/2019\/12\/09\/revelan-angustias-que-vivia-hombre-de-tragedia-en-sde\/#primaryimage\",\"url\":\"https:\/\/blgnoticiassantodomingo.net\/wp-content\/uploads\/2019\/12\/revelan-angustias-que-vivia-hombre-de-tragedia-en-sde.jpeg\",\"contentUrl\":\"https:\/\/blgnoticiassantodomingo.net\/wp-content\/uploads\/2019\/12\/revelan-angustias-que-vivia-hombre-de-tragedia-en-sde.jpeg\",\"width\":680,\"height\":453},{\"@type\":\"BreadcrumbList\",\"@id\":\"https:\/\/blgnoticiassantodomingo.net\/index.php\/2019\/12\/09\/revelan-angustias-que-vivia-hombre-de-tragedia-en-sde\/#breadcrumb\",\"itemListElement\":[{\"@type\":\"ListItem\",\"position\":1,\"name\":\"Portada\",\"item\":\"https:\/\/blgnoticiassantodomingo.net\/\"},{\"@type\":\"ListItem\",\"position\":2,\"name\":\"Revelan angustias que viv\u00eda hombre de tragedia en SDE .\"}]},{\"@type\":\"WebSite\",\"@id\":\"https:\/\/blgnoticiassantodomingo.net\/#website\",\"url\":\"https:\/\/blgnoticiassantodomingo.net\/\",\"name\":\"BLG Noticias\",\"description\":\"Esto es Noticias\",\"publisher\":{\"@id\":\"https:\/\/blgnoticiassantodomingo.net\/#organization\"},\"potentialAction\":[{\"@type\":\"SearchAction\",\"target\":{\"@type\":\"EntryPoint\",\"urlTemplate\":\"https:\/\/blgnoticiassantodomingo.net\/?s={search_term_string}\"},\"query-input\":{\"@type\":\"PropertyValueSpecification\",\"valueRequired\":true,\"valueName\":\"search_term_string\"}}],\"inLanguage\":\"es\"},{\"@type\":\"Organization\",\"@id\":\"https:\/\/blgnoticiassantodomingo.net\/#organization\",\"name\":\"BLG Noticias\",\"url\":\"https:\/\/blgnoticiassantodomingo.net\/\",\"logo\":{\"@type\":\"ImageObject\",\"inLanguage\":\"es\",\"@id\":\"https:\/\/blgnoticiassantodomingo.net\/#\/schema\/logo\/image\/\",\"url\":\"https:\/\/blgnoticiassantodomingo.net\/wp-content\/uploads\/2023\/12\/Diseno-sin-titulo-3.jpg\",\"contentUrl\":\"https:\/\/blgnoticiassantodomingo.net\/wp-content\/uploads\/2023\/12\/Diseno-sin-titulo-3.jpg\",\"width\":500,\"height\":500,\"caption\":\"BLG Noticias\"},\"image\":{\"@id\":\"https:\/\/blgnoticiassantodomingo.net\/#\/schema\/logo\/image\/\"},\"sameAs\":[\"https:\/\/web.facebook.com\/BlgNoticias\/?locale=es_LA&_rdc=1&_rdr\",\"https:\/\/x.com\/BlgNoticias\",\"https:\/\/www.linkedin.com\/in\/brenda-l-santana-aa846279\/\"]},{\"@type\":\"Person\",\"@id\":\"https:\/\/blgnoticiassantodomingo.net\/#\/schema\/person\/e2fc21cf88acc63dbd134be981bff374\",\"name\":\"Brenda Guerrero\",\"image\":{\"@type\":\"ImageObject\",\"inLanguage\":\"es\",\"@id\":\"https:\/\/blgnoticiassantodomingo.net\/#\/schema\/person\/image\/\",\"url\":\"https:\/\/secure.gravatar.com\/avatar\/2f7fc4c3e3655be1580cb684bfd8ab19be702ae20879da1e072021daa02f9b8b?s=96&d=wp_user_avatar&r=g\",\"contentUrl\":\"https:\/\/secure.gravatar.com\/avatar\/2f7fc4c3e3655be1580cb684bfd8ab19be702ae20879da1e072021daa02f9b8b?s=96&d=wp_user_avatar&r=g\",\"caption\":\"Brenda Guerrero\"},\"description\":\"Periodista\",\"url\":\"https:\/\/blgnoticiassantodomingo.net\/index.php\/author\/brenda-guerrero\/\"}]}<\/script>\n<!-- \/ Yoast SEO plugin. -->","yoast_head_json":{"title":"Revelan angustias que viv\u00eda hombre de tragedia en SDE . - BLG Noticias","robots":{"index":"index","follow":"follow","max-snippet":"max-snippet:-1","max-image-preview":"max-image-preview:large","max-video-preview":"max-video-preview:-1"},"canonical":"https:\/\/blgnoticiassantodomingo.net\/index.php\/2019\/12\/09\/revelan-angustias-que-vivia-hombre-de-tragedia-en-sde\/","og_locale":"es_ES","og_type":"article","og_title":"Revelan angustias que viv\u00eda hombre de tragedia en SDE . - BLG Noticias","og_description":"Depresi\u00f3n, problemas personales y econ\u00f3micos llevaron a Cristian Eugenio Medina M\u00e9ndez, de 40 a\u00f1os de edad, a retener a su familia y matar al jefe de la Unidad SWAT de la Polic\u00eda Nacional, quien luego fue ultimado por los agentes del cuerpo del orden. Seg\u00fan los primeros informes, Medina M\u00e9ndez hab\u00eda retenido a varias personas [&hellip;]","og_url":"https:\/\/blgnoticiassantodomingo.net\/index.php\/2019\/12\/09\/revelan-angustias-que-vivia-hombre-de-tragedia-en-sde\/","og_site_name":"BLG Noticias","article_publisher":"https:\/\/web.facebook.com\/BlgNoticias\/?locale=es_LA&_rdc=1&_rdr","article_published_time":"2019-12-09T12:04:22+00:00","article_modified_time":"2019-12-10T00:46:22+00:00","og_image":[{"width":680,"height":453,"url":"https:\/\/blgnoticiassantodomingo.net\/wp-content\/uploads\/2019\/12\/revelan-angustias-que-vivia-hombre-de-tragedia-en-sde.jpeg","type":"image\/jpeg"}],"author":"Brenda Guerrero","twitter_card":"summary_large_image","twitter_creator":"@BlgNoticias","twitter_site":"@BlgNoticias","twitter_misc":{"Escrito por":"Brenda Guerrero","Tiempo de lectura":"3 minutos"},"schema":{"@context":"https:\/\/schema.org","@graph":[{"@type":"Article","@id":"https:\/\/blgnoticiassantodomingo.net\/index.php\/2019\/12\/09\/revelan-angustias-que-vivia-hombre-de-tragedia-en-sde\/#article","isPartOf":{"@id":"https:\/\/blgnoticiassantodomingo.net\/index.php\/2019\/12\/09\/revelan-angustias-que-vivia-hombre-de-tragedia-en-sde\/"},"author":{"name":"Brenda Guerrero","@id":"https:\/\/blgnoticiassantodomingo.net\/#\/schema\/person\/e2fc21cf88acc63dbd134be981bff374"},"headline":"Revelan angustias que viv\u00eda hombre de tragedia en SDE .","datePublished":"2019-12-09T12:04:22+00:00","dateModified":"2019-12-10T00:46:22+00:00","mainEntityOfPage":{"@id":"https:\/\/blgnoticiassantodomingo.net\/index.php\/2019\/12\/09\/revelan-angustias-que-vivia-hombre-de-tragedia-en-sde\/"},"wordCount":648,"commentCount":0,"publisher":{"@id":"https:\/\/blgnoticiassantodomingo.net\/#organization"},"image":{"@id":"https:\/\/blgnoticiassantodomingo.net\/index.php\/2019\/12\/09\/revelan-angustias-que-vivia-hombre-de-tragedia-en-sde\/#primaryimage"},"thumbnailUrl":"https:\/\/blgnoticiassantodomingo.net\/wp-content\/uploads\/2019\/12\/revelan-angustias-que-vivia-hombre-de-tragedia-en-sde.jpeg","articleSection":["Nacionales"],"inLanguage":"es","potentialAction":[{"@type":"CommentAction","name":"Comment","target":["https:\/\/blgnoticiassantodomingo.net\/index.php\/2019\/12\/09\/revelan-angustias-que-vivia-hombre-de-tragedia-en-sde\/#respond"]}]},{"@type":"WebPage","@id":"https:\/\/blgnoticiassantodomingo.net\/index.php\/2019\/12\/09\/revelan-angustias-que-vivia-hombre-de-tragedia-en-sde\/","url":"https:\/\/blgnoticiassantodomingo.net\/index.php\/2019\/12\/09\/revelan-angustias-que-vivia-hombre-de-tragedia-en-sde\/","name":"Revelan angustias que viv\u00eda hombre de tragedia en SDE . - BLG Noticias","isPartOf":{"@id":"https:\/\/blgnoticiassantodomingo.net\/#website"},"primaryImageOfPage":{"@id":"https:\/\/blgnoticiassantodomingo.net\/index.php\/2019\/12\/09\/revelan-angustias-que-vivia-hombre-de-tragedia-en-sde\/#primaryimage"},"image":{"@id":"https:\/\/blgnoticiassantodomingo.net\/index.php\/2019\/12\/09\/revelan-angustias-que-vivia-hombre-de-tragedia-en-sde\/#primaryimage"},"thumbnailUrl":"https:\/\/blgnoticiassantodomingo.net\/wp-content\/uploads\/2019\/12\/revelan-angustias-que-vivia-hombre-de-tragedia-en-sde.jpeg","datePublished":"2019-12-09T12:04:22+00:00","dateModified":"2019-12-10T00:46:22+00:00","breadcrumb":{"@id":"https:\/\/blgnoticiassantodomingo.net\/index.php\/2019\/12\/09\/revelan-angustias-que-vivia-hombre-de-tragedia-en-sde\/#breadcrumb"},"inLanguage":"es","potentialAction":[{"@type":"ReadAction","target":["https:\/\/blgnoticiassantodomingo.net\/index.php\/2019\/12\/09\/revelan-angustias-que-vivia-hombre-de-tragedia-en-sde\/"]}]},{"@type":"ImageObject","inLanguage":"es","@id":"https:\/\/blgnoticiassantodomingo.net\/index.php\/2019\/12\/09\/revelan-angustias-que-vivia-hombre-de-tragedia-en-sde\/#primaryimage","url":"https:\/\/blgnoticiassantodomingo.net\/wp-content\/uploads\/2019\/12\/revelan-angustias-que-vivia-hombre-de-tragedia-en-sde.jpeg","contentUrl":"https:\/\/blgnoticiassantodomingo.net\/wp-content\/uploads\/2019\/12\/revelan-angustias-que-vivia-hombre-de-tragedia-en-sde.jpeg","width":680,"height":453},{"@type":"BreadcrumbList","@id":"https:\/\/blgnoticiassantodomingo.net\/index.php\/2019\/12\/09\/revelan-angustias-que-vivia-hombre-de-tragedia-en-sde\/#breadcrumb","itemListElement":[{"@type":"ListItem","position":1,"name":"Portada","item":"https:\/\/blgnoticiassantodomingo.net\/"},{"@type":"ListItem","position":2,"name":"Revelan angustias que viv\u00eda hombre de tragedia en SDE ."}]},{"@type":"WebSite","@id":"https:\/\/blgnoticiassantodomingo.net\/#website","url":"https:\/\/blgnoticiassantodomingo.net\/","name":"BLG Noticias","description":"Esto es Noticias","publisher":{"@id":"https:\/\/blgnoticiassantodomingo.net\/#organization"},"potentialAction":[{"@type":"SearchAction","target":{"@type":"EntryPoint","urlTemplate":"https:\/\/blgnoticiassantodomingo.net\/?s={search_term_string}"},"query-input":{"@type":"PropertyValueSpecification","valueRequired":true,"valueName":"search_term_string"}}],"inLanguage":"es"},{"@type":"Organization","@id":"https:\/\/blgnoticiassantodomingo.net\/#organization","name":"BLG Noticias","url":"https:\/\/blgnoticiassantodomingo.net\/","logo":{"@type":"ImageObject","inLanguage":"es","@id":"https:\/\/blgnoticiassantodomingo.net\/#\/schema\/logo\/image\/","url":"https:\/\/blgnoticiassantodomingo.net\/wp-content\/uploads\/2023\/12\/Diseno-sin-titulo-3.jpg","contentUrl":"https:\/\/blgnoticiassantodomingo.net\/wp-content\/uploads\/2023\/12\/Diseno-sin-titulo-3.jpg","width":500,"height":500,"caption":"BLG Noticias"},"image":{"@id":"https:\/\/blgnoticiassantodomingo.net\/#\/schema\/logo\/image\/"},"sameAs":["https:\/\/web.facebook.com\/BlgNoticias\/?locale=es_LA&_rdc=1&_rdr","https:\/\/x.com\/BlgNoticias","https:\/\/www.linkedin.com\/in\/brenda-l-santana-aa846279\/"]},{"@type":"Person","@id":"https:\/\/blgnoticiassantodomingo.net\/#\/schema\/person\/e2fc21cf88acc63dbd134be981bff374","name":"Brenda Guerrero","image":{"@type":"ImageObject","inLanguage":"es","@id":"https:\/\/blgnoticiassantodomingo.net\/#\/schema\/person\/image\/","url":"https:\/\/secure.gravatar.com\/avatar\/2f7fc4c3e3655be1580cb684bfd8ab19be702ae20879da1e072021daa02f9b8b?s=96&d=wp_user_avatar&r=g","contentUrl":"https:\/\/secure.gravatar.com\/avatar\/2f7fc4c3e3655be1580cb684bfd8ab19be702ae20879da1e072021daa02f9b8b?s=96&d=wp_user_avatar&r=g","caption":"Brenda Guerrero"},"description":"Periodista","url":"https:\/\/blgnoticiassantodomingo.net\/index.php\/author\/brenda-guerrero\/"}]}},"jetpack_featured_media_url":"https:\/\/blgnoticiassantodomingo.net\/wp-content\/uploads\/2019\/12\/revelan-angustias-que-vivia-hombre-de-tragedia-en-sde.jpeg","_links":{"self":[{"href":"https:\/\/blgnoticiassantodomingo.net\/index.php\/wp-json\/wp\/v2\/posts\/3193","targetHints":{"allow":["GET"]}}],"collection":[{"href":"https:\/\/blgnoticiassantodomingo.net\/index.php\/wp-json\/wp\/v2\/posts"}],"about":[{"href":"https:\/\/blgnoticiassantodomingo.net\/index.php\/wp-json\/wp\/v2\/types\/post"}],"author":[{"embeddable":true,"href":"https:\/\/blgnoticiassantodomingo.net\/index.php\/wp-json\/wp\/v2\/users\/2"}],"replies":[{"embeddable":true,"href":"https:\/\/blgnoticiassantodomingo.net\/index.php\/wp-json\/wp\/v2\/comments?post=3193"}],"version-history":[{"count":2,"href":"https:\/\/blgnoticiassantodomingo.net\/index.php\/wp-json\/wp\/v2\/posts\/3193\/revisions"}],"predecessor-version":[{"id":3238,"href":"https:\/\/blgnoticiassantodomingo.net\/index.php\/wp-json\/wp\/v2\/posts\/3193\/revisions\/3238"}],"wp:featuredmedia":[{"embeddable":true,"href":"https:\/\/blgnoticiassantodomingo.net\/index.php\/wp-json\/wp\/v2\/media\/3194"}],"wp:attachment":[{"href":"https:\/\/blgnoticiassantodomingo.net\/index.php\/wp-json\/wp\/v2\/media?parent=3193"}],"wp:term":[{"taxonomy":"category","embeddable":true,"href":"https:\/\/blgnoticiassantodomingo.net\/index.php\/wp-json\/wp\/v2\/categories?post=3193"},{"taxonomy":"post_tag","embeddable":true,"href":"https:\/\/blgnoticiassantodomingo.net\/index.php\/wp-json\/wp\/v2\/tags?post=3193"}],"curies":[{"name":"wp","href":"https:\/\/api.w.org\/{rel}","templated":true}]}}