{"id":3188,"date":"2019-12-09T02:50:22","date_gmt":"2019-12-09T02:50:22","guid":{"rendered":"http:\/\/blgnoticiassantodomingo.net\/?p=3188"},"modified":"2019-12-09T02:50:23","modified_gmt":"2019-12-09T02:50:23","slug":"alianza-pais-presenta-candidatos-a-la-boleta-municipal-en-santo-domingo-oeste","status":"publish","type":"post","link":"https:\/\/blgnoticiassantodomingo.net\/index.php\/2019\/12\/09\/alianza-pais-presenta-candidatos-a-la-boleta-municipal-en-santo-domingo-oeste\/","title":{"rendered":"Alianza Pa\u00eds presenta candidatos a la boleta municipal en Santo Domingo Oeste."},"content":{"rendered":"\n<p>Alianza Pa\u00eds, el Partido Revolucionario Social Dem\u00f3crata, Voces Para el Cambio y Frente Amplio, presentaron este s\u00e1bado a Domingo Mat\u00edas y Mabel Espaillat como sus candidatos a alcalde y vice alcaldesa en el municipio de Santo Domingo Oeste.<\/p>\n\n\n\n<p>Los candidatos son el resultado de una alianza entre las cuatro organizaciones pol\u00edticas que busca la causa justa de rescatar el municipio de todos los depredadores que solo han buscado satisfacer sus necesidades personales.<br><\/p>\n","protected":false},"excerpt":{"rendered":"<p>Alianza Pa\u00eds, el Partido Revolucionario Social Dem\u00f3crata, Voces Para el Cambio y Frente Amplio, presentaron este s\u00e1bado a Domingo Mat\u00edas y Mabel Espaillat como sus candidatos a alcalde y vice alcaldesa en el municipio de Santo Domingo Oeste. Los candidatos son el resultado de una alianza entre las cuatro organizaciones pol\u00edticas que busca la causa [&hellip;]<\/p>\n","protected":false},"author":2,"featured_media":3189,"comment_status":"open","ping_status":"open","sticky":false,"template":"","format":"standard","meta":{"footnotes":""},"categories":[226],"tags":[231],"class_list":{"0":"post-3188","1":"post","2":"type-post","3":"status-publish","4":"format-standard","5":"has-post-thumbnail","7":"category-politica","8":"tag-alianza-pais"},"yoast_head":"<!-- This site is optimized with the Yoast SEO plugin v24.9 - https:\/\/yoast.com\/wordpress\/plugins\/seo\/ -->\n<title>Alianza Pa\u00eds presenta candidatos a la boleta municipal en Santo Domingo Oeste. - BLG Noticias<\/title>\n<meta name=\"robots\" content=\"index, follow, max-snippet:-1, max-image-preview:large, max-video-preview:-1\" \/>\n<link rel=\"canonical\" href=\"https:\/\/blgnoticiassantodomingo.net\/index.php\/2019\/12\/09\/alianza-pais-presenta-candidatos-a-la-boleta-municipal-en-santo-domingo-oeste\/\" \/>\n<meta property=\"og:locale\" content=\"es_ES\" \/>\n<meta property=\"og:type\" content=\"article\" \/>\n<meta property=\"og:title\" content=\"Alianza Pa\u00eds presenta candidatos a la boleta municipal en Santo Domingo Oeste. - BLG Noticias\" \/>\n<meta property=\"og:description\" content=\"Alianza Pa\u00eds, el Partido Revolucionario Social Dem\u00f3crata, Voces Para el Cambio y Frente Amplio, presentaron este s\u00e1bado a Domingo Mat\u00edas y Mabel Espaillat como sus candidatos a alcalde y vice alcaldesa en el municipio de Santo Domingo Oeste. Los candidatos son el resultado de una alianza entre las cuatro organizaciones pol\u00edticas que busca la causa [&hellip;]\" \/>\n<meta property=\"og:url\" content=\"https:\/\/blgnoticiassantodomingo.net\/index.php\/2019\/12\/09\/alianza-pais-presenta-candidatos-a-la-boleta-municipal-en-santo-domingo-oeste\/\" \/>\n<meta property=\"og:site_name\" content=\"BLG Noticias\" \/>\n<meta property=\"article:publisher\" content=\"https:\/\/web.facebook.com\/BlgNoticias\/?locale=es_LA&amp;_rdc=1&amp;_rdr\" \/>\n<meta property=\"article:published_time\" content=\"2019-12-09T02:50:22+00:00\" \/>\n<meta property=\"article:modified_time\" content=\"2019-12-09T02:50:23+00:00\" \/>\n<meta property=\"og:image\" content=\"https:\/\/blgnoticiassantodomingo.net\/wp-content\/uploads\/2019\/12\/AlPa\u00eds_Boleta-municipal-en-SDO.jpeg\" \/>\n\t<meta property=\"og:image:width\" content=\"1600\" \/>\n\t<meta property=\"og:image:height\" content=\"777\" \/>\n\t<meta property=\"og:image:type\" content=\"image\/jpeg\" \/>\n<meta name=\"author\" content=\"Brenda Guerrero\" \/>\n<meta name=\"twitter:card\" content=\"summary_large_image\" \/>\n<meta name=\"twitter:creator\" content=\"@BlgNoticias\" \/>\n<meta name=\"twitter:site\" content=\"@BlgNoticias\" \/>\n<meta name=\"twitter:label1\" content=\"Escrito por\" \/>\n\t<meta name=\"twitter:data1\" content=\"Brenda Guerrero\" \/>\n<script type=\"application\/ld+json\" class=\"yoast-schema-graph\">{\"@context\":\"https:\/\/schema.org\",\"@graph\":[{\"@type\":\"Article\",\"@id\":\"https:\/\/blgnoticiassantodomingo.net\/index.php\/2019\/12\/09\/alianza-pais-presenta-candidatos-a-la-boleta-municipal-en-santo-domingo-oeste\/#article\",\"isPartOf\":{\"@id\":\"https:\/\/blgnoticiassantodomingo.net\/index.php\/2019\/12\/09\/alianza-pais-presenta-candidatos-a-la-boleta-municipal-en-santo-domingo-oeste\/\"},\"author\":{\"name\":\"Brenda Guerrero\",\"@id\":\"https:\/\/blgnoticiassantodomingo.net\/#\/schema\/person\/e2fc21cf88acc63dbd134be981bff374\"},\"headline\":\"Alianza Pa\u00eds presenta candidatos a la boleta municipal en Santo Domingo Oeste.\",\"datePublished\":\"2019-12-09T02:50:22+00:00\",\"dateModified\":\"2019-12-09T02:50:23+00:00\",\"mainEntityOfPage\":{\"@id\":\"https:\/\/blgnoticiassantodomingo.net\/index.php\/2019\/12\/09\/alianza-pais-presenta-candidatos-a-la-boleta-municipal-en-santo-domingo-oeste\/\"},\"wordCount\":90,\"commentCount\":0,\"publisher\":{\"@id\":\"https:\/\/blgnoticiassantodomingo.net\/#organization\"},\"image\":{\"@id\":\"https:\/\/blgnoticiassantodomingo.net\/index.php\/2019\/12\/09\/alianza-pais-presenta-candidatos-a-la-boleta-municipal-en-santo-domingo-oeste\/#primaryimage\"},\"thumbnailUrl\":\"https:\/\/blgnoticiassantodomingo.net\/wp-content\/uploads\/2019\/12\/AlPa\u00eds_Boleta-municipal-en-SDO.jpeg\",\"keywords\":[\"Alianza Pais\"],\"articleSection\":[\"Politica\"],\"inLanguage\":\"es\",\"potentialAction\":[{\"@type\":\"CommentAction\",\"name\":\"Comment\",\"target\":[\"https:\/\/blgnoticiassantodomingo.net\/index.php\/2019\/12\/09\/alianza-pais-presenta-candidatos-a-la-boleta-municipal-en-santo-domingo-oeste\/#respond\"]}]},{\"@type\":\"WebPage\",\"@id\":\"https:\/\/blgnoticiassantodomingo.net\/index.php\/2019\/12\/09\/alianza-pais-presenta-candidatos-a-la-boleta-municipal-en-santo-domingo-oeste\/\",\"url\":\"https:\/\/blgnoticiassantodomingo.net\/index.php\/2019\/12\/09\/alianza-pais-presenta-candidatos-a-la-boleta-municipal-en-santo-domingo-oeste\/\",\"name\":\"Alianza Pa\u00eds presenta candidatos a la boleta municipal en Santo Domingo Oeste. - BLG Noticias\",\"isPartOf\":{\"@id\":\"https:\/\/blgnoticiassantodomingo.net\/#website\"},\"primaryImageOfPage\":{\"@id\":\"https:\/\/blgnoticiassantodomingo.net\/index.php\/2019\/12\/09\/alianza-pais-presenta-candidatos-a-la-boleta-municipal-en-santo-domingo-oeste\/#primaryimage\"},\"image\":{\"@id\":\"https:\/\/blgnoticiassantodomingo.net\/index.php\/2019\/12\/09\/alianza-pais-presenta-candidatos-a-la-boleta-municipal-en-santo-domingo-oeste\/#primaryimage\"},\"thumbnailUrl\":\"https:\/\/blgnoticiassantodomingo.net\/wp-content\/uploads\/2019\/12\/AlPa\u00eds_Boleta-municipal-en-SDO.jpeg\",\"datePublished\":\"2019-12-09T02:50:22+00:00\",\"dateModified\":\"2019-12-09T02:50:23+00:00\",\"breadcrumb\":{\"@id\":\"https:\/\/blgnoticiassantodomingo.net\/index.php\/2019\/12\/09\/alianza-pais-presenta-candidatos-a-la-boleta-municipal-en-santo-domingo-oeste\/#breadcrumb\"},\"inLanguage\":\"es\",\"potentialAction\":[{\"@type\":\"ReadAction\",\"target\":[\"https:\/\/blgnoticiassantodomingo.net\/index.php\/2019\/12\/09\/alianza-pais-presenta-candidatos-a-la-boleta-municipal-en-santo-domingo-oeste\/\"]}]},{\"@type\":\"ImageObject\",\"inLanguage\":\"es\",\"@id\":\"https:\/\/blgnoticiassantodomingo.net\/index.php\/2019\/12\/09\/alianza-pais-presenta-candidatos-a-la-boleta-municipal-en-santo-domingo-oeste\/#primaryimage\",\"url\":\"https:\/\/blgnoticiassantodomingo.net\/wp-content\/uploads\/2019\/12\/AlPa\u00eds_Boleta-municipal-en-SDO.jpeg\",\"contentUrl\":\"https:\/\/blgnoticiassantodomingo.net\/wp-content\/uploads\/2019\/12\/AlPa\u00eds_Boleta-municipal-en-SDO.jpeg\",\"width\":1600,\"height\":777},{\"@type\":\"BreadcrumbList\",\"@id\":\"https:\/\/blgnoticiassantodomingo.net\/index.php\/2019\/12\/09\/alianza-pais-presenta-candidatos-a-la-boleta-municipal-en-santo-domingo-oeste\/#breadcrumb\",\"itemListElement\":[{\"@type\":\"ListItem\",\"position\":1,\"name\":\"Portada\",\"item\":\"https:\/\/blgnoticiassantodomingo.net\/\"},{\"@type\":\"ListItem\",\"position\":2,\"name\":\"Alianza Pa\u00eds presenta candidatos a la boleta municipal en Santo Domingo Oeste.\"}]},{\"@type\":\"WebSite\",\"@id\":\"https:\/\/blgnoticiassantodomingo.net\/#website\",\"url\":\"https:\/\/blgnoticiassantodomingo.net\/\",\"name\":\"BLG Noticias\",\"description\":\"Esto es Noticias\",\"publisher\":{\"@id\":\"https:\/\/blgnoticiassantodomingo.net\/#organization\"},\"potentialAction\":[{\"@type\":\"SearchAction\",\"target\":{\"@type\":\"EntryPoint\",\"urlTemplate\":\"https:\/\/blgnoticiassantodomingo.net\/?s={search_term_string}\"},\"query-input\":{\"@type\":\"PropertyValueSpecification\",\"valueRequired\":true,\"valueName\":\"search_term_string\"}}],\"inLanguage\":\"es\"},{\"@type\":\"Organization\",\"@id\":\"https:\/\/blgnoticiassantodomingo.net\/#organization\",\"name\":\"BLG Noticias\",\"url\":\"https:\/\/blgnoticiassantodomingo.net\/\",\"logo\":{\"@type\":\"ImageObject\",\"inLanguage\":\"es\",\"@id\":\"https:\/\/blgnoticiassantodomingo.net\/#\/schema\/logo\/image\/\",\"url\":\"https:\/\/blgnoticiassantodomingo.net\/wp-content\/uploads\/2023\/12\/Diseno-sin-titulo-3.jpg\",\"contentUrl\":\"https:\/\/blgnoticiassantodomingo.net\/wp-content\/uploads\/2023\/12\/Diseno-sin-titulo-3.jpg\",\"width\":500,\"height\":500,\"caption\":\"BLG Noticias\"},\"image\":{\"@id\":\"https:\/\/blgnoticiassantodomingo.net\/#\/schema\/logo\/image\/\"},\"sameAs\":[\"https:\/\/web.facebook.com\/BlgNoticias\/?locale=es_LA&_rdc=1&_rdr\",\"https:\/\/x.com\/BlgNoticias\",\"https:\/\/www.linkedin.com\/in\/brenda-l-santana-aa846279\/\"]},{\"@type\":\"Person\",\"@id\":\"https:\/\/blgnoticiassantodomingo.net\/#\/schema\/person\/e2fc21cf88acc63dbd134be981bff374\",\"name\":\"Brenda Guerrero\",\"image\":{\"@type\":\"ImageObject\",\"inLanguage\":\"es\",\"@id\":\"https:\/\/blgnoticiassantodomingo.net\/#\/schema\/person\/image\/\",\"url\":\"https:\/\/secure.gravatar.com\/avatar\/2f7fc4c3e3655be1580cb684bfd8ab19be702ae20879da1e072021daa02f9b8b?s=96&d=wp_user_avatar&r=g\",\"contentUrl\":\"https:\/\/secure.gravatar.com\/avatar\/2f7fc4c3e3655be1580cb684bfd8ab19be702ae20879da1e072021daa02f9b8b?s=96&d=wp_user_avatar&r=g\",\"caption\":\"Brenda Guerrero\"},\"description\":\"Periodista\",\"url\":\"https:\/\/blgnoticiassantodomingo.net\/index.php\/author\/brenda-guerrero\/\"}]}<\/script>\n<!-- \/ Yoast SEO plugin. -->","yoast_head_json":{"title":"Alianza Pa\u00eds presenta candidatos a la boleta municipal en Santo Domingo Oeste. - BLG Noticias","robots":{"index":"index","follow":"follow","max-snippet":"max-snippet:-1","max-image-preview":"max-image-preview:large","max-video-preview":"max-video-preview:-1"},"canonical":"https:\/\/blgnoticiassantodomingo.net\/index.php\/2019\/12\/09\/alianza-pais-presenta-candidatos-a-la-boleta-municipal-en-santo-domingo-oeste\/","og_locale":"es_ES","og_type":"article","og_title":"Alianza Pa\u00eds presenta candidatos a la boleta municipal en Santo Domingo Oeste. - BLG Noticias","og_description":"Alianza Pa\u00eds, el Partido Revolucionario Social Dem\u00f3crata, Voces Para el Cambio y Frente Amplio, presentaron este s\u00e1bado a Domingo Mat\u00edas y Mabel Espaillat como sus candidatos a alcalde y vice alcaldesa en el municipio de Santo Domingo Oeste. Los candidatos son el resultado de una alianza entre las cuatro organizaciones pol\u00edticas que busca la causa [&hellip;]","og_url":"https:\/\/blgnoticiassantodomingo.net\/index.php\/2019\/12\/09\/alianza-pais-presenta-candidatos-a-la-boleta-municipal-en-santo-domingo-oeste\/","og_site_name":"BLG Noticias","article_publisher":"https:\/\/web.facebook.com\/BlgNoticias\/?locale=es_LA&_rdc=1&_rdr","article_published_time":"2019-12-09T02:50:22+00:00","article_modified_time":"2019-12-09T02:50:23+00:00","og_image":[{"width":1600,"height":777,"url":"https:\/\/blgnoticiassantodomingo.net\/wp-content\/uploads\/2019\/12\/AlPa\u00eds_Boleta-municipal-en-SDO.jpeg","type":"image\/jpeg"}],"author":"Brenda Guerrero","twitter_card":"summary_large_image","twitter_creator":"@BlgNoticias","twitter_site":"@BlgNoticias","twitter_misc":{"Escrito por":"Brenda Guerrero"},"schema":{"@context":"https:\/\/schema.org","@graph":[{"@type":"Article","@id":"https:\/\/blgnoticiassantodomingo.net\/index.php\/2019\/12\/09\/alianza-pais-presenta-candidatos-a-la-boleta-municipal-en-santo-domingo-oeste\/#article","isPartOf":{"@id":"https:\/\/blgnoticiassantodomingo.net\/index.php\/2019\/12\/09\/alianza-pais-presenta-candidatos-a-la-boleta-municipal-en-santo-domingo-oeste\/"},"author":{"name":"Brenda Guerrero","@id":"https:\/\/blgnoticiassantodomingo.net\/#\/schema\/person\/e2fc21cf88acc63dbd134be981bff374"},"headline":"Alianza Pa\u00eds presenta candidatos a la boleta municipal en Santo Domingo Oeste.","datePublished":"2019-12-09T02:50:22+00:00","dateModified":"2019-12-09T02:50:23+00:00","mainEntityOfPage":{"@id":"https:\/\/blgnoticiassantodomingo.net\/index.php\/2019\/12\/09\/alianza-pais-presenta-candidatos-a-la-boleta-municipal-en-santo-domingo-oeste\/"},"wordCount":90,"commentCount":0,"publisher":{"@id":"https:\/\/blgnoticiassantodomingo.net\/#organization"},"image":{"@id":"https:\/\/blgnoticiassantodomingo.net\/index.php\/2019\/12\/09\/alianza-pais-presenta-candidatos-a-la-boleta-municipal-en-santo-domingo-oeste\/#primaryimage"},"thumbnailUrl":"https:\/\/blgnoticiassantodomingo.net\/wp-content\/uploads\/2019\/12\/AlPa\u00eds_Boleta-municipal-en-SDO.jpeg","keywords":["Alianza Pais"],"articleSection":["Politica"],"inLanguage":"es","potentialAction":[{"@type":"CommentAction","name":"Comment","target":["https:\/\/blgnoticiassantodomingo.net\/index.php\/2019\/12\/09\/alianza-pais-presenta-candidatos-a-la-boleta-municipal-en-santo-domingo-oeste\/#respond"]}]},{"@type":"WebPage","@id":"https:\/\/blgnoticiassantodomingo.net\/index.php\/2019\/12\/09\/alianza-pais-presenta-candidatos-a-la-boleta-municipal-en-santo-domingo-oeste\/","url":"https:\/\/blgnoticiassantodomingo.net\/index.php\/2019\/12\/09\/alianza-pais-presenta-candidatos-a-la-boleta-municipal-en-santo-domingo-oeste\/","name":"Alianza Pa\u00eds presenta candidatos a la boleta municipal en Santo Domingo Oeste. - BLG Noticias","isPartOf":{"@id":"https:\/\/blgnoticiassantodomingo.net\/#website"},"primaryImageOfPage":{"@id":"https:\/\/blgnoticiassantodomingo.net\/index.php\/2019\/12\/09\/alianza-pais-presenta-candidatos-a-la-boleta-municipal-en-santo-domingo-oeste\/#primaryimage"},"image":{"@id":"https:\/\/blgnoticiassantodomingo.net\/index.php\/2019\/12\/09\/alianza-pais-presenta-candidatos-a-la-boleta-municipal-en-santo-domingo-oeste\/#primaryimage"},"thumbnailUrl":"https:\/\/blgnoticiassantodomingo.net\/wp-content\/uploads\/2019\/12\/AlPa\u00eds_Boleta-municipal-en-SDO.jpeg","datePublished":"2019-12-09T02:50:22+00:00","dateModified":"2019-12-09T02:50:23+00:00","breadcrumb":{"@id":"https:\/\/blgnoticiassantodomingo.net\/index.php\/2019\/12\/09\/alianza-pais-presenta-candidatos-a-la-boleta-municipal-en-santo-domingo-oeste\/#breadcrumb"},"inLanguage":"es","potentialAction":[{"@type":"ReadAction","target":["https:\/\/blgnoticiassantodomingo.net\/index.php\/2019\/12\/09\/alianza-pais-presenta-candidatos-a-la-boleta-municipal-en-santo-domingo-oeste\/"]}]},{"@type":"ImageObject","inLanguage":"es","@id":"https:\/\/blgnoticiassantodomingo.net\/index.php\/2019\/12\/09\/alianza-pais-presenta-candidatos-a-la-boleta-municipal-en-santo-domingo-oeste\/#primaryimage","url":"https:\/\/blgnoticiassantodomingo.net\/wp-content\/uploads\/2019\/12\/AlPa\u00eds_Boleta-municipal-en-SDO.jpeg","contentUrl":"https:\/\/blgnoticiassantodomingo.net\/wp-content\/uploads\/2019\/12\/AlPa\u00eds_Boleta-municipal-en-SDO.jpeg","width":1600,"height":777},{"@type":"BreadcrumbList","@id":"https:\/\/blgnoticiassantodomingo.net\/index.php\/2019\/12\/09\/alianza-pais-presenta-candidatos-a-la-boleta-municipal-en-santo-domingo-oeste\/#breadcrumb","itemListElement":[{"@type":"ListItem","position":1,"name":"Portada","item":"https:\/\/blgnoticiassantodomingo.net\/"},{"@type":"ListItem","position":2,"name":"Alianza Pa\u00eds presenta candidatos a la boleta municipal en Santo Domingo Oeste."}]},{"@type":"WebSite","@id":"https:\/\/blgnoticiassantodomingo.net\/#website","url":"https:\/\/blgnoticiassantodomingo.net\/","name":"BLG Noticias","description":"Esto es Noticias","publisher":{"@id":"https:\/\/blgnoticiassantodomingo.net\/#organization"},"potentialAction":[{"@type":"SearchAction","target":{"@type":"EntryPoint","urlTemplate":"https:\/\/blgnoticiassantodomingo.net\/?s={search_term_string}"},"query-input":{"@type":"PropertyValueSpecification","valueRequired":true,"valueName":"search_term_string"}}],"inLanguage":"es"},{"@type":"Organization","@id":"https:\/\/blgnoticiassantodomingo.net\/#organization","name":"BLG Noticias","url":"https:\/\/blgnoticiassantodomingo.net\/","logo":{"@type":"ImageObject","inLanguage":"es","@id":"https:\/\/blgnoticiassantodomingo.net\/#\/schema\/logo\/image\/","url":"https:\/\/blgnoticiassantodomingo.net\/wp-content\/uploads\/2023\/12\/Diseno-sin-titulo-3.jpg","contentUrl":"https:\/\/blgnoticiassantodomingo.net\/wp-content\/uploads\/2023\/12\/Diseno-sin-titulo-3.jpg","width":500,"height":500,"caption":"BLG Noticias"},"image":{"@id":"https:\/\/blgnoticiassantodomingo.net\/#\/schema\/logo\/image\/"},"sameAs":["https:\/\/web.facebook.com\/BlgNoticias\/?locale=es_LA&_rdc=1&_rdr","https:\/\/x.com\/BlgNoticias","https:\/\/www.linkedin.com\/in\/brenda-l-santana-aa846279\/"]},{"@type":"Person","@id":"https:\/\/blgnoticiassantodomingo.net\/#\/schema\/person\/e2fc21cf88acc63dbd134be981bff374","name":"Brenda Guerrero","image":{"@type":"ImageObject","inLanguage":"es","@id":"https:\/\/blgnoticiassantodomingo.net\/#\/schema\/person\/image\/","url":"https:\/\/secure.gravatar.com\/avatar\/2f7fc4c3e3655be1580cb684bfd8ab19be702ae20879da1e072021daa02f9b8b?s=96&d=wp_user_avatar&r=g","contentUrl":"https:\/\/secure.gravatar.com\/avatar\/2f7fc4c3e3655be1580cb684bfd8ab19be702ae20879da1e072021daa02f9b8b?s=96&d=wp_user_avatar&r=g","caption":"Brenda Guerrero"},"description":"Periodista","url":"https:\/\/blgnoticiassantodomingo.net\/index.php\/author\/brenda-guerrero\/"}]}},"jetpack_featured_media_url":"https:\/\/blgnoticiassantodomingo.net\/wp-content\/uploads\/2019\/12\/AlPa\u00eds_Boleta-municipal-en-SDO.jpeg","_links":{"self":[{"href":"https:\/\/blgnoticiassantodomingo.net\/index.php\/wp-json\/wp\/v2\/posts\/3188","targetHints":{"allow":["GET"]}}],"collection":[{"href":"https:\/\/blgnoticiassantodomingo.net\/index.php\/wp-json\/wp\/v2\/posts"}],"about":[{"href":"https:\/\/blgnoticiassantodomingo.net\/index.php\/wp-json\/wp\/v2\/types\/post"}],"author":[{"embeddable":true,"href":"https:\/\/blgnoticiassantodomingo.net\/index.php\/wp-json\/wp\/v2\/users\/2"}],"replies":[{"embeddable":true,"href":"https:\/\/blgnoticiassantodomingo.net\/index.php\/wp-json\/wp\/v2\/comments?post=3188"}],"version-history":[{"count":1,"href":"https:\/\/blgnoticiassantodomingo.net\/index.php\/wp-json\/wp\/v2\/posts\/3188\/revisions"}],"predecessor-version":[{"id":3190,"href":"https:\/\/blgnoticiassantodomingo.net\/index.php\/wp-json\/wp\/v2\/posts\/3188\/revisions\/3190"}],"wp:featuredmedia":[{"embeddable":true,"href":"https:\/\/blgnoticiassantodomingo.net\/index.php\/wp-json\/wp\/v2\/media\/3189"}],"wp:attachment":[{"href":"https:\/\/blgnoticiassantodomingo.net\/index.php\/wp-json\/wp\/v2\/media?parent=3188"}],"wp:term":[{"taxonomy":"category","embeddable":true,"href":"https:\/\/blgnoticiassantodomingo.net\/index.php\/wp-json\/wp\/v2\/categories?post=3188"},{"taxonomy":"post_tag","embeddable":true,"href":"https:\/\/blgnoticiassantodomingo.net\/index.php\/wp-json\/wp\/v2\/tags?post=3188"}],"curies":[{"name":"wp","href":"https:\/\/api.w.org\/{rel}","templated":true}]}}