{"id":3109,"date":"2019-12-06T23:27:18","date_gmt":"2019-12-06T23:27:18","guid":{"rendered":"http:\/\/blgnoticiassantodomingo.net\/?p=3109"},"modified":"2019-12-06T23:27:20","modified_gmt":"2019-12-06T23:27:20","slug":"fijan-para-miercoles-solicitud-prision-preventiva-a-pascual-cabrera-y-otros-12-imputados","status":"publish","type":"post","link":"https:\/\/blgnoticiassantodomingo.net\/index.php\/2019\/12\/06\/fijan-para-miercoles-solicitud-prision-preventiva-a-pascual-cabrera-y-otros-12-imputados\/","title":{"rendered":"Fijan para mi\u00e9rcoles solicitud prisi\u00f3n preventiva a Pascual Cabrera y otros 12 imputados ."},"content":{"rendered":"\n<p>El juzgado de Atenci\u00f3n Permanente del Distrito Nacional, fij\u00f3 para el pr\u00f3ximo mi\u00e9rcoles la solicitud de prisi\u00f3n preventiva en contra del presunto narcotraficante Jes\u00fas Pascual Cabrera Ruiz, acusado junto a otras 12 personas de narcotr\u00e1fico, lavado de activo y sicariato.<\/p>\n\n\n\n<p>El magistrado Jos\u00e9 Alejandro Vargas fij\u00f3 la audiencia para las 9:00 de la ma\u00f1ana, luego de que el pleno de la Suprema Corte de Justicia declinara el caso de la jurisdicci\u00f3n de La Romana al Distrito Nacional.<\/p>\n\n\n\n<p>En el caso, que se le atribuye el asesinato de siete personas, se encuentran adem\u00e1s como acusados Juan \u00c1ngel Pe\u00f1a Tav\u00e1rez, Alexander Flori\u00e1n Mej\u00eda (Rafita) y David Enmanuel Silvestre Sierra (Chupl\u00fan), entre otros.<\/p>\n\n\n\n<p>El caso fue declinado, tras la Suprema Corte acoger una solicitud del Ministerio P\u00fablico, quien aleg\u00f3 que el imputado tiene m\u00e1s de un a\u00f1o detenido sin que a la fecha se le haya podido conocer medida de coerci\u00f3n, debido a las t\u00e1cticas dilatorias utilizadas por sus abogados.<\/p>\n\n\n\n<p>Cabrera Ruiz guarda prisi\u00f3n preventiva junto a los dem\u00e1s imputados. Su caso no se pudo conocer en la jurisdicci\u00f3n de La Romana y se&nbsp; reenvi\u00f3 en 14 ocasiones.<\/p>\n\n\n\n<p>Desde el d\u00eda 13 de agosto de 2018 el Ministerio P\u00fablico solicit\u00f3 medida de coerci\u00f3n de 18 meses de prisi\u00f3n ante un juez de la Oficina de Atenci\u00f3n Permanente de La Romana, contra el cabecilla de la red criminal y compartes, y debido a los tantos aplazamientos, inhibiciones y recusaciones se impidi\u00f3 que se conociera. Adem\u00e1s, se solicit\u00f3 que el caso se declar\u00e9 complejo.<\/p>\n\n\n\n<p>Entre los magistrados que desde diciembre del 2018 han declinado conocer el caso figuran Franchesca Silvestre, Vicki Chalas, Idenisse Catedral, Ismael Nehem\u00edas y Denia Beras. Esta \u00faltima alegando tener v\u00ednculos con abogados de los imputados. La \u00faltima de las juezas fuera del caso, tras haber sido recusada, es Madelquis Franco.<\/p>\n","protected":false},"excerpt":{"rendered":"<p>El juzgado de Atenci\u00f3n Permanente del Distrito Nacional, fij\u00f3 para el pr\u00f3ximo mi\u00e9rcoles la solicitud de prisi\u00f3n preventiva en contra del presunto narcotraficante Jes\u00fas Pascual Cabrera Ruiz, acusado junto a otras 12 personas de narcotr\u00e1fico, lavado de activo y sicariato. El magistrado Jos\u00e9 Alejandro Vargas fij\u00f3 la audiencia para las 9:00 de la ma\u00f1ana, luego [&hellip;]<\/p>\n","protected":false},"author":2,"featured_media":3112,"comment_status":"open","ping_status":"open","sticky":false,"template":"","format":"standard","meta":{"footnotes":""},"categories":[220],"tags":[],"class_list":{"0":"post-3109","1":"post","2":"type-post","3":"status-publish","4":"format-standard","5":"has-post-thumbnail","7":"category-nacionales"},"yoast_head":"<!-- This site is optimized with the Yoast SEO plugin v24.9 - https:\/\/yoast.com\/wordpress\/plugins\/seo\/ -->\n<title>Fijan para mi\u00e9rcoles solicitud prisi\u00f3n preventiva a Pascual Cabrera y otros 12 imputados . - BLG Noticias<\/title>\n<meta name=\"robots\" content=\"index, follow, max-snippet:-1, max-image-preview:large, max-video-preview:-1\" \/>\n<link rel=\"canonical\" href=\"https:\/\/blgnoticiassantodomingo.net\/index.php\/2019\/12\/06\/fijan-para-miercoles-solicitud-prision-preventiva-a-pascual-cabrera-y-otros-12-imputados\/\" \/>\n<meta property=\"og:locale\" content=\"es_ES\" \/>\n<meta property=\"og:type\" content=\"article\" \/>\n<meta property=\"og:title\" content=\"Fijan para mi\u00e9rcoles solicitud prisi\u00f3n preventiva a Pascual Cabrera y otros 12 imputados . - BLG Noticias\" \/>\n<meta property=\"og:description\" content=\"El juzgado de Atenci\u00f3n Permanente del Distrito Nacional, fij\u00f3 para el pr\u00f3ximo mi\u00e9rcoles la solicitud de prisi\u00f3n preventiva en contra del presunto narcotraficante Jes\u00fas Pascual Cabrera Ruiz, acusado junto a otras 12 personas de narcotr\u00e1fico, lavado de activo y sicariato. El magistrado Jos\u00e9 Alejandro Vargas fij\u00f3 la audiencia para las 9:00 de la ma\u00f1ana, luego [&hellip;]\" \/>\n<meta property=\"og:url\" content=\"https:\/\/blgnoticiassantodomingo.net\/index.php\/2019\/12\/06\/fijan-para-miercoles-solicitud-prision-preventiva-a-pascual-cabrera-y-otros-12-imputados\/\" \/>\n<meta property=\"og:site_name\" content=\"BLG Noticias\" \/>\n<meta property=\"article:publisher\" content=\"https:\/\/web.facebook.com\/BlgNoticias\/?locale=es_LA&amp;_rdc=1&amp;_rdr\" \/>\n<meta property=\"article:published_time\" content=\"2019-12-06T23:27:18+00:00\" \/>\n<meta property=\"article:modified_time\" content=\"2019-12-06T23:27:20+00:00\" \/>\n<meta property=\"og:image\" content=\"https:\/\/blgnoticiassantodomingo.net\/wp-content\/uploads\/2019\/12\/201912062304471.jpeg\" \/>\n\t<meta property=\"og:image:width\" content=\"355\" \/>\n\t<meta property=\"og:image:height\" content=\"460\" \/>\n\t<meta property=\"og:image:type\" content=\"image\/jpeg\" \/>\n<meta name=\"author\" content=\"Brenda Guerrero\" \/>\n<meta name=\"twitter:card\" content=\"summary_large_image\" \/>\n<meta name=\"twitter:creator\" content=\"@BlgNoticias\" \/>\n<meta name=\"twitter:site\" content=\"@BlgNoticias\" \/>\n<meta name=\"twitter:label1\" content=\"Escrito por\" \/>\n\t<meta name=\"twitter:data1\" content=\"Brenda Guerrero\" \/>\n\t<meta name=\"twitter:label2\" content=\"Tiempo de lectura\" \/>\n\t<meta name=\"twitter:data2\" content=\"2 minutos\" \/>\n<script type=\"application\/ld+json\" class=\"yoast-schema-graph\">{\"@context\":\"https:\/\/schema.org\",\"@graph\":[{\"@type\":\"Article\",\"@id\":\"https:\/\/blgnoticiassantodomingo.net\/index.php\/2019\/12\/06\/fijan-para-miercoles-solicitud-prision-preventiva-a-pascual-cabrera-y-otros-12-imputados\/#article\",\"isPartOf\":{\"@id\":\"https:\/\/blgnoticiassantodomingo.net\/index.php\/2019\/12\/06\/fijan-para-miercoles-solicitud-prision-preventiva-a-pascual-cabrera-y-otros-12-imputados\/\"},\"author\":{\"name\":\"Brenda Guerrero\",\"@id\":\"https:\/\/blgnoticiassantodomingo.net\/#\/schema\/person\/e2fc21cf88acc63dbd134be981bff374\"},\"headline\":\"Fijan para mi\u00e9rcoles solicitud prisi\u00f3n preventiva a Pascual Cabrera y otros 12 imputados .\",\"datePublished\":\"2019-12-06T23:27:18+00:00\",\"dateModified\":\"2019-12-06T23:27:20+00:00\",\"mainEntityOfPage\":{\"@id\":\"https:\/\/blgnoticiassantodomingo.net\/index.php\/2019\/12\/06\/fijan-para-miercoles-solicitud-prision-preventiva-a-pascual-cabrera-y-otros-12-imputados\/\"},\"wordCount\":337,\"commentCount\":0,\"publisher\":{\"@id\":\"https:\/\/blgnoticiassantodomingo.net\/#organization\"},\"image\":{\"@id\":\"https:\/\/blgnoticiassantodomingo.net\/index.php\/2019\/12\/06\/fijan-para-miercoles-solicitud-prision-preventiva-a-pascual-cabrera-y-otros-12-imputados\/#primaryimage\"},\"thumbnailUrl\":\"https:\/\/blgnoticiassantodomingo.net\/wp-content\/uploads\/2019\/12\/201912062304471.jpeg\",\"articleSection\":[\"Nacionales\"],\"inLanguage\":\"es\",\"potentialAction\":[{\"@type\":\"CommentAction\",\"name\":\"Comment\",\"target\":[\"https:\/\/blgnoticiassantodomingo.net\/index.php\/2019\/12\/06\/fijan-para-miercoles-solicitud-prision-preventiva-a-pascual-cabrera-y-otros-12-imputados\/#respond\"]}]},{\"@type\":\"WebPage\",\"@id\":\"https:\/\/blgnoticiassantodomingo.net\/index.php\/2019\/12\/06\/fijan-para-miercoles-solicitud-prision-preventiva-a-pascual-cabrera-y-otros-12-imputados\/\",\"url\":\"https:\/\/blgnoticiassantodomingo.net\/index.php\/2019\/12\/06\/fijan-para-miercoles-solicitud-prision-preventiva-a-pascual-cabrera-y-otros-12-imputados\/\",\"name\":\"Fijan para mi\u00e9rcoles solicitud prisi\u00f3n preventiva a Pascual Cabrera y otros 12 imputados . - BLG Noticias\",\"isPartOf\":{\"@id\":\"https:\/\/blgnoticiassantodomingo.net\/#website\"},\"primaryImageOfPage\":{\"@id\":\"https:\/\/blgnoticiassantodomingo.net\/index.php\/2019\/12\/06\/fijan-para-miercoles-solicitud-prision-preventiva-a-pascual-cabrera-y-otros-12-imputados\/#primaryimage\"},\"image\":{\"@id\":\"https:\/\/blgnoticiassantodomingo.net\/index.php\/2019\/12\/06\/fijan-para-miercoles-solicitud-prision-preventiva-a-pascual-cabrera-y-otros-12-imputados\/#primaryimage\"},\"thumbnailUrl\":\"https:\/\/blgnoticiassantodomingo.net\/wp-content\/uploads\/2019\/12\/201912062304471.jpeg\",\"datePublished\":\"2019-12-06T23:27:18+00:00\",\"dateModified\":\"2019-12-06T23:27:20+00:00\",\"breadcrumb\":{\"@id\":\"https:\/\/blgnoticiassantodomingo.net\/index.php\/2019\/12\/06\/fijan-para-miercoles-solicitud-prision-preventiva-a-pascual-cabrera-y-otros-12-imputados\/#breadcrumb\"},\"inLanguage\":\"es\",\"potentialAction\":[{\"@type\":\"ReadAction\",\"target\":[\"https:\/\/blgnoticiassantodomingo.net\/index.php\/2019\/12\/06\/fijan-para-miercoles-solicitud-prision-preventiva-a-pascual-cabrera-y-otros-12-imputados\/\"]}]},{\"@type\":\"ImageObject\",\"inLanguage\":\"es\",\"@id\":\"https:\/\/blgnoticiassantodomingo.net\/index.php\/2019\/12\/06\/fijan-para-miercoles-solicitud-prision-preventiva-a-pascual-cabrera-y-otros-12-imputados\/#primaryimage\",\"url\":\"https:\/\/blgnoticiassantodomingo.net\/wp-content\/uploads\/2019\/12\/201912062304471.jpeg\",\"contentUrl\":\"https:\/\/blgnoticiassantodomingo.net\/wp-content\/uploads\/2019\/12\/201912062304471.jpeg\",\"width\":355,\"height\":460},{\"@type\":\"BreadcrumbList\",\"@id\":\"https:\/\/blgnoticiassantodomingo.net\/index.php\/2019\/12\/06\/fijan-para-miercoles-solicitud-prision-preventiva-a-pascual-cabrera-y-otros-12-imputados\/#breadcrumb\",\"itemListElement\":[{\"@type\":\"ListItem\",\"position\":1,\"name\":\"Portada\",\"item\":\"https:\/\/blgnoticiassantodomingo.net\/\"},{\"@type\":\"ListItem\",\"position\":2,\"name\":\"Fijan para mi\u00e9rcoles solicitud prisi\u00f3n preventiva a Pascual Cabrera y otros 12 imputados .\"}]},{\"@type\":\"WebSite\",\"@id\":\"https:\/\/blgnoticiassantodomingo.net\/#website\",\"url\":\"https:\/\/blgnoticiassantodomingo.net\/\",\"name\":\"BLG Noticias\",\"description\":\"Esto es Noticias\",\"publisher\":{\"@id\":\"https:\/\/blgnoticiassantodomingo.net\/#organization\"},\"potentialAction\":[{\"@type\":\"SearchAction\",\"target\":{\"@type\":\"EntryPoint\",\"urlTemplate\":\"https:\/\/blgnoticiassantodomingo.net\/?s={search_term_string}\"},\"query-input\":{\"@type\":\"PropertyValueSpecification\",\"valueRequired\":true,\"valueName\":\"search_term_string\"}}],\"inLanguage\":\"es\"},{\"@type\":\"Organization\",\"@id\":\"https:\/\/blgnoticiassantodomingo.net\/#organization\",\"name\":\"BLG Noticias\",\"url\":\"https:\/\/blgnoticiassantodomingo.net\/\",\"logo\":{\"@type\":\"ImageObject\",\"inLanguage\":\"es\",\"@id\":\"https:\/\/blgnoticiassantodomingo.net\/#\/schema\/logo\/image\/\",\"url\":\"https:\/\/blgnoticiassantodomingo.net\/wp-content\/uploads\/2023\/12\/Diseno-sin-titulo-3.jpg\",\"contentUrl\":\"https:\/\/blgnoticiassantodomingo.net\/wp-content\/uploads\/2023\/12\/Diseno-sin-titulo-3.jpg\",\"width\":500,\"height\":500,\"caption\":\"BLG Noticias\"},\"image\":{\"@id\":\"https:\/\/blgnoticiassantodomingo.net\/#\/schema\/logo\/image\/\"},\"sameAs\":[\"https:\/\/web.facebook.com\/BlgNoticias\/?locale=es_LA&_rdc=1&_rdr\",\"https:\/\/x.com\/BlgNoticias\",\"https:\/\/www.linkedin.com\/in\/brenda-l-santana-aa846279\/\"]},{\"@type\":\"Person\",\"@id\":\"https:\/\/blgnoticiassantodomingo.net\/#\/schema\/person\/e2fc21cf88acc63dbd134be981bff374\",\"name\":\"Brenda Guerrero\",\"image\":{\"@type\":\"ImageObject\",\"inLanguage\":\"es\",\"@id\":\"https:\/\/blgnoticiassantodomingo.net\/#\/schema\/person\/image\/\",\"url\":\"https:\/\/secure.gravatar.com\/avatar\/2f7fc4c3e3655be1580cb684bfd8ab19be702ae20879da1e072021daa02f9b8b?s=96&d=wp_user_avatar&r=g\",\"contentUrl\":\"https:\/\/secure.gravatar.com\/avatar\/2f7fc4c3e3655be1580cb684bfd8ab19be702ae20879da1e072021daa02f9b8b?s=96&d=wp_user_avatar&r=g\",\"caption\":\"Brenda Guerrero\"},\"description\":\"Periodista\",\"url\":\"https:\/\/blgnoticiassantodomingo.net\/index.php\/author\/brenda-guerrero\/\"}]}<\/script>\n<!-- \/ Yoast SEO plugin. -->","yoast_head_json":{"title":"Fijan para mi\u00e9rcoles solicitud prisi\u00f3n preventiva a Pascual Cabrera y otros 12 imputados . - BLG Noticias","robots":{"index":"index","follow":"follow","max-snippet":"max-snippet:-1","max-image-preview":"max-image-preview:large","max-video-preview":"max-video-preview:-1"},"canonical":"https:\/\/blgnoticiassantodomingo.net\/index.php\/2019\/12\/06\/fijan-para-miercoles-solicitud-prision-preventiva-a-pascual-cabrera-y-otros-12-imputados\/","og_locale":"es_ES","og_type":"article","og_title":"Fijan para mi\u00e9rcoles solicitud prisi\u00f3n preventiva a Pascual Cabrera y otros 12 imputados . - BLG Noticias","og_description":"El juzgado de Atenci\u00f3n Permanente del Distrito Nacional, fij\u00f3 para el pr\u00f3ximo mi\u00e9rcoles la solicitud de prisi\u00f3n preventiva en contra del presunto narcotraficante Jes\u00fas Pascual Cabrera Ruiz, acusado junto a otras 12 personas de narcotr\u00e1fico, lavado de activo y sicariato. El magistrado Jos\u00e9 Alejandro Vargas fij\u00f3 la audiencia para las 9:00 de la ma\u00f1ana, luego [&hellip;]","og_url":"https:\/\/blgnoticiassantodomingo.net\/index.php\/2019\/12\/06\/fijan-para-miercoles-solicitud-prision-preventiva-a-pascual-cabrera-y-otros-12-imputados\/","og_site_name":"BLG Noticias","article_publisher":"https:\/\/web.facebook.com\/BlgNoticias\/?locale=es_LA&_rdc=1&_rdr","article_published_time":"2019-12-06T23:27:18+00:00","article_modified_time":"2019-12-06T23:27:20+00:00","og_image":[{"width":355,"height":460,"url":"https:\/\/blgnoticiassantodomingo.net\/wp-content\/uploads\/2019\/12\/201912062304471.jpeg","type":"image\/jpeg"}],"author":"Brenda Guerrero","twitter_card":"summary_large_image","twitter_creator":"@BlgNoticias","twitter_site":"@BlgNoticias","twitter_misc":{"Escrito por":"Brenda Guerrero","Tiempo de lectura":"2 minutos"},"schema":{"@context":"https:\/\/schema.org","@graph":[{"@type":"Article","@id":"https:\/\/blgnoticiassantodomingo.net\/index.php\/2019\/12\/06\/fijan-para-miercoles-solicitud-prision-preventiva-a-pascual-cabrera-y-otros-12-imputados\/#article","isPartOf":{"@id":"https:\/\/blgnoticiassantodomingo.net\/index.php\/2019\/12\/06\/fijan-para-miercoles-solicitud-prision-preventiva-a-pascual-cabrera-y-otros-12-imputados\/"},"author":{"name":"Brenda Guerrero","@id":"https:\/\/blgnoticiassantodomingo.net\/#\/schema\/person\/e2fc21cf88acc63dbd134be981bff374"},"headline":"Fijan para mi\u00e9rcoles solicitud prisi\u00f3n preventiva a Pascual Cabrera y otros 12 imputados .","datePublished":"2019-12-06T23:27:18+00:00","dateModified":"2019-12-06T23:27:20+00:00","mainEntityOfPage":{"@id":"https:\/\/blgnoticiassantodomingo.net\/index.php\/2019\/12\/06\/fijan-para-miercoles-solicitud-prision-preventiva-a-pascual-cabrera-y-otros-12-imputados\/"},"wordCount":337,"commentCount":0,"publisher":{"@id":"https:\/\/blgnoticiassantodomingo.net\/#organization"},"image":{"@id":"https:\/\/blgnoticiassantodomingo.net\/index.php\/2019\/12\/06\/fijan-para-miercoles-solicitud-prision-preventiva-a-pascual-cabrera-y-otros-12-imputados\/#primaryimage"},"thumbnailUrl":"https:\/\/blgnoticiassantodomingo.net\/wp-content\/uploads\/2019\/12\/201912062304471.jpeg","articleSection":["Nacionales"],"inLanguage":"es","potentialAction":[{"@type":"CommentAction","name":"Comment","target":["https:\/\/blgnoticiassantodomingo.net\/index.php\/2019\/12\/06\/fijan-para-miercoles-solicitud-prision-preventiva-a-pascual-cabrera-y-otros-12-imputados\/#respond"]}]},{"@type":"WebPage","@id":"https:\/\/blgnoticiassantodomingo.net\/index.php\/2019\/12\/06\/fijan-para-miercoles-solicitud-prision-preventiva-a-pascual-cabrera-y-otros-12-imputados\/","url":"https:\/\/blgnoticiassantodomingo.net\/index.php\/2019\/12\/06\/fijan-para-miercoles-solicitud-prision-preventiva-a-pascual-cabrera-y-otros-12-imputados\/","name":"Fijan para mi\u00e9rcoles solicitud prisi\u00f3n preventiva a Pascual Cabrera y otros 12 imputados . - BLG Noticias","isPartOf":{"@id":"https:\/\/blgnoticiassantodomingo.net\/#website"},"primaryImageOfPage":{"@id":"https:\/\/blgnoticiassantodomingo.net\/index.php\/2019\/12\/06\/fijan-para-miercoles-solicitud-prision-preventiva-a-pascual-cabrera-y-otros-12-imputados\/#primaryimage"},"image":{"@id":"https:\/\/blgnoticiassantodomingo.net\/index.php\/2019\/12\/06\/fijan-para-miercoles-solicitud-prision-preventiva-a-pascual-cabrera-y-otros-12-imputados\/#primaryimage"},"thumbnailUrl":"https:\/\/blgnoticiassantodomingo.net\/wp-content\/uploads\/2019\/12\/201912062304471.jpeg","datePublished":"2019-12-06T23:27:18+00:00","dateModified":"2019-12-06T23:27:20+00:00","breadcrumb":{"@id":"https:\/\/blgnoticiassantodomingo.net\/index.php\/2019\/12\/06\/fijan-para-miercoles-solicitud-prision-preventiva-a-pascual-cabrera-y-otros-12-imputados\/#breadcrumb"},"inLanguage":"es","potentialAction":[{"@type":"ReadAction","target":["https:\/\/blgnoticiassantodomingo.net\/index.php\/2019\/12\/06\/fijan-para-miercoles-solicitud-prision-preventiva-a-pascual-cabrera-y-otros-12-imputados\/"]}]},{"@type":"ImageObject","inLanguage":"es","@id":"https:\/\/blgnoticiassantodomingo.net\/index.php\/2019\/12\/06\/fijan-para-miercoles-solicitud-prision-preventiva-a-pascual-cabrera-y-otros-12-imputados\/#primaryimage","url":"https:\/\/blgnoticiassantodomingo.net\/wp-content\/uploads\/2019\/12\/201912062304471.jpeg","contentUrl":"https:\/\/blgnoticiassantodomingo.net\/wp-content\/uploads\/2019\/12\/201912062304471.jpeg","width":355,"height":460},{"@type":"BreadcrumbList","@id":"https:\/\/blgnoticiassantodomingo.net\/index.php\/2019\/12\/06\/fijan-para-miercoles-solicitud-prision-preventiva-a-pascual-cabrera-y-otros-12-imputados\/#breadcrumb","itemListElement":[{"@type":"ListItem","position":1,"name":"Portada","item":"https:\/\/blgnoticiassantodomingo.net\/"},{"@type":"ListItem","position":2,"name":"Fijan para mi\u00e9rcoles solicitud prisi\u00f3n preventiva a Pascual Cabrera y otros 12 imputados ."}]},{"@type":"WebSite","@id":"https:\/\/blgnoticiassantodomingo.net\/#website","url":"https:\/\/blgnoticiassantodomingo.net\/","name":"BLG Noticias","description":"Esto es Noticias","publisher":{"@id":"https:\/\/blgnoticiassantodomingo.net\/#organization"},"potentialAction":[{"@type":"SearchAction","target":{"@type":"EntryPoint","urlTemplate":"https:\/\/blgnoticiassantodomingo.net\/?s={search_term_string}"},"query-input":{"@type":"PropertyValueSpecification","valueRequired":true,"valueName":"search_term_string"}}],"inLanguage":"es"},{"@type":"Organization","@id":"https:\/\/blgnoticiassantodomingo.net\/#organization","name":"BLG Noticias","url":"https:\/\/blgnoticiassantodomingo.net\/","logo":{"@type":"ImageObject","inLanguage":"es","@id":"https:\/\/blgnoticiassantodomingo.net\/#\/schema\/logo\/image\/","url":"https:\/\/blgnoticiassantodomingo.net\/wp-content\/uploads\/2023\/12\/Diseno-sin-titulo-3.jpg","contentUrl":"https:\/\/blgnoticiassantodomingo.net\/wp-content\/uploads\/2023\/12\/Diseno-sin-titulo-3.jpg","width":500,"height":500,"caption":"BLG Noticias"},"image":{"@id":"https:\/\/blgnoticiassantodomingo.net\/#\/schema\/logo\/image\/"},"sameAs":["https:\/\/web.facebook.com\/BlgNoticias\/?locale=es_LA&_rdc=1&_rdr","https:\/\/x.com\/BlgNoticias","https:\/\/www.linkedin.com\/in\/brenda-l-santana-aa846279\/"]},{"@type":"Person","@id":"https:\/\/blgnoticiassantodomingo.net\/#\/schema\/person\/e2fc21cf88acc63dbd134be981bff374","name":"Brenda Guerrero","image":{"@type":"ImageObject","inLanguage":"es","@id":"https:\/\/blgnoticiassantodomingo.net\/#\/schema\/person\/image\/","url":"https:\/\/secure.gravatar.com\/avatar\/2f7fc4c3e3655be1580cb684bfd8ab19be702ae20879da1e072021daa02f9b8b?s=96&d=wp_user_avatar&r=g","contentUrl":"https:\/\/secure.gravatar.com\/avatar\/2f7fc4c3e3655be1580cb684bfd8ab19be702ae20879da1e072021daa02f9b8b?s=96&d=wp_user_avatar&r=g","caption":"Brenda Guerrero"},"description":"Periodista","url":"https:\/\/blgnoticiassantodomingo.net\/index.php\/author\/brenda-guerrero\/"}]}},"jetpack_featured_media_url":"https:\/\/blgnoticiassantodomingo.net\/wp-content\/uploads\/2019\/12\/201912062304471.jpeg","_links":{"self":[{"href":"https:\/\/blgnoticiassantodomingo.net\/index.php\/wp-json\/wp\/v2\/posts\/3109","targetHints":{"allow":["GET"]}}],"collection":[{"href":"https:\/\/blgnoticiassantodomingo.net\/index.php\/wp-json\/wp\/v2\/posts"}],"about":[{"href":"https:\/\/blgnoticiassantodomingo.net\/index.php\/wp-json\/wp\/v2\/types\/post"}],"author":[{"embeddable":true,"href":"https:\/\/blgnoticiassantodomingo.net\/index.php\/wp-json\/wp\/v2\/users\/2"}],"replies":[{"embeddable":true,"href":"https:\/\/blgnoticiassantodomingo.net\/index.php\/wp-json\/wp\/v2\/comments?post=3109"}],"version-history":[{"count":1,"href":"https:\/\/blgnoticiassantodomingo.net\/index.php\/wp-json\/wp\/v2\/posts\/3109\/revisions"}],"predecessor-version":[{"id":3113,"href":"https:\/\/blgnoticiassantodomingo.net\/index.php\/wp-json\/wp\/v2\/posts\/3109\/revisions\/3113"}],"wp:featuredmedia":[{"embeddable":true,"href":"https:\/\/blgnoticiassantodomingo.net\/index.php\/wp-json\/wp\/v2\/media\/3112"}],"wp:attachment":[{"href":"https:\/\/blgnoticiassantodomingo.net\/index.php\/wp-json\/wp\/v2\/media?parent=3109"}],"wp:term":[{"taxonomy":"category","embeddable":true,"href":"https:\/\/blgnoticiassantodomingo.net\/index.php\/wp-json\/wp\/v2\/categories?post=3109"},{"taxonomy":"post_tag","embeddable":true,"href":"https:\/\/blgnoticiassantodomingo.net\/index.php\/wp-json\/wp\/v2\/tags?post=3109"}],"curies":[{"name":"wp","href":"https:\/\/api.w.org\/{rel}","templated":true}]}}