{"id":3085,"date":"2019-12-06T13:16:51","date_gmt":"2019-12-06T13:16:51","guid":{"rendered":"http:\/\/blgnoticiassantodomingo.net\/?p=3085"},"modified":"2019-12-06T13:16:51","modified_gmt":"2019-12-06T13:16:51","slug":"gonzalo-asegura-que-el-pais-requiere-de-alcaldes-comprometido-con-sus-comunidades","status":"publish","type":"post","link":"https:\/\/blgnoticiassantodomingo.net\/index.php\/2019\/12\/06\/gonzalo-asegura-que-el-pais-requiere-de-alcaldes-comprometido-con-sus-comunidades\/","title":{"rendered":"Gonzalo asegura que el pa\u00eds requiere de alcaldes comprometido con sus comunidades ."},"content":{"rendered":"\n<p>El candidato presidencial por el Partido de la Liberaci\u00f3n Dominicana (PLD), Gonzalo Castillo, asegur\u00f3 ayer que el pa\u00eds requiere de alcaldes \u201cintensos, trabajadores y comprometidos\u201d con sus comunidades para poder construir un mejor pa\u00eds.<\/p>\n\n\n\n<p>\u201cSe ha hecho mucho, pero falta mucho por hacer, y vamos a trabajar. Necesitamos alcaldes que realmente sean intensos y que no desmayen en trabajar por lo que requieren sus comunidades porque para eso el pueblo los eligi\u00f3. Vamos a trabajar, trabajar y trabajar\u201d, expres\u00f3 el candidato presidencial.<\/p>\n\n\n\n<p>Castillo sostuvo que cuando fue ministro de Obras P\u00fablicas firm\u00f3 acuerdos de trabajo con todas las alcald\u00edas del pa\u00eds sin distinci\u00f3n de partidos pol\u00edticos \u201cy lo hicimos as\u00ed porque el bienestar del pueblo debe primar por encima de los colores partidarios. En el gobierno central que nos tocar\u00e1 presidir a partir del 2020, trabajaremos junto a los gobiernos locales en las tareas pendientes\u201d.<\/p>\n\n\n\n<p>Durante un multitudinario acto de juramentaci\u00f3n de los candidatos a alcaldes y&nbsp; directores de distritos municipales de esta provincia de Azua, realizado en el sector La Bombia, Gonzalo Castillo les agradeci\u00f3 a todos, al tiempo de expresarles que su campa\u00f1a trabajar\u00e1 por ellos para asegurar su triunfo en febrero del 2020. \u201cLos apoyaremos y obtendremos una gran victoria, y a partir de esa gran victoria seguiremos trabajando con nuestros candidatos a las congresionales y juntos obtendremos una gran victoria en mayo\u201d.<\/p>\n\n\n\n<p>Asimismo, Castillo les exhort\u00f3 a los candidatos seguir trabajando para ganar con el mayor margen posible y no dejarse provocar de nadie \u201cporque el que est\u00e1 gana\u2019 o, no pelea\u201d.<\/p>\n\n\n\n<p>Igualmente, expuso que el Partido de la Liberaci\u00f3n Dominicana ha administrado el pa\u00eds de forma correcta y sin sobresaltos, y por eso, seguir\u00e1 gobernando en esa direcci\u00f3n para el bienestar de toda la naci\u00f3n.<\/p>\n\n\n\n<p>En ese sentido, dijo que hay que seguir avanzando por los senderos del bienestar, de la mejor\u00eda y sobre todo de la esperanza. \u201cEsta vez tenemos un PLD m\u00e1s operativo, m\u00e1s din\u00e1mico, trabajando mucho m\u00e1s; m\u00e1s unido y fuerte, y con un PLD en esas condiciones y este penco de candidato, no me hablen de segunda vuelta, nos vamos en primera vuelta\u201d.<ins><\/ins><\/p>\n\n\n\n<p>Durante el acto, Gonzalo Castillo jurament\u00f3 a los candidatos a alcaldes de: Azua de Compostela, Esteban\u00eda, Guayabal, Las Charcas, Padre de las Casas, Peralta, Pueblo Viejo, Sabana Yegua, T\u00e1bara Arriba y Las Yayas de Viajama.<\/p>\n\n\n\n<p>Castillo tambi\u00e9n jurament\u00f3 a los candidatos directores de distritos municipales de: Barreras, Barro Arriba, Clavellinas, Emma Balaguer, Las Bar\u00edas-La Estancia, Las Lomas, Los Jovillos, Puerto Viejo, Palmar de Ocoa, Las Lagunas, La Siembra, Monte Bonito, Los Fr\u00edos, El Rosario, Proyecto 4, Ganadero, Proyecto 2-C, Amiama G\u00f3mez, Los Toros, T\u00e1bara Abajo, Villarpando y Hato Nuevo Cortes.<\/p>\n\n\n\n<p>Previo a este acto de juramentaci\u00f3n, el candidato presidencial tambi\u00e9n realiz\u00f3 un amplio recorrido por la provincia Azua, donde visit\u00f3 los municipios Peralta, Pueblo Viejo y Las Charcas, cuyos encuentros forman parte de los trabajos de apoyo a los candidatos a cargos municipales de su partido para expresarles su respaldo de cara a las elecciones de febrero del 2020.<\/p>\n","protected":false},"excerpt":{"rendered":"<p>El candidato presidencial por el Partido de la Liberaci\u00f3n Dominicana (PLD), Gonzalo Castillo, asegur\u00f3 ayer que el pa\u00eds requiere de alcaldes \u201cintensos, trabajadores y comprometidos\u201d con sus comunidades para poder construir un mejor pa\u00eds. \u201cSe ha hecho mucho, pero falta mucho por hacer, y vamos a trabajar. Necesitamos alcaldes que realmente sean intensos y que [&hellip;]<\/p>\n","protected":false},"author":2,"featured_media":3086,"comment_status":"open","ping_status":"open","sticky":false,"template":"","format":"standard","meta":{"footnotes":""},"categories":[226],"tags":[],"class_list":{"0":"post-3085","1":"post","2":"type-post","3":"status-publish","4":"format-standard","5":"has-post-thumbnail","7":"category-politica"},"yoast_head":"<!-- This site is optimized with the Yoast SEO plugin v24.9 - https:\/\/yoast.com\/wordpress\/plugins\/seo\/ -->\n<title>Gonzalo asegura que el pa\u00eds requiere de alcaldes comprometido con sus comunidades . - BLG Noticias<\/title>\n<meta name=\"robots\" content=\"index, follow, max-snippet:-1, max-image-preview:large, max-video-preview:-1\" \/>\n<link rel=\"canonical\" href=\"https:\/\/blgnoticiassantodomingo.net\/index.php\/2019\/12\/06\/gonzalo-asegura-que-el-pais-requiere-de-alcaldes-comprometido-con-sus-comunidades\/\" \/>\n<meta property=\"og:locale\" content=\"es_ES\" \/>\n<meta property=\"og:type\" content=\"article\" \/>\n<meta property=\"og:title\" content=\"Gonzalo asegura que el pa\u00eds requiere de alcaldes comprometido con sus comunidades . - BLG Noticias\" \/>\n<meta property=\"og:description\" content=\"El candidato presidencial por el Partido de la Liberaci\u00f3n Dominicana (PLD), Gonzalo Castillo, asegur\u00f3 ayer que el pa\u00eds requiere de alcaldes \u201cintensos, trabajadores y comprometidos\u201d con sus comunidades para poder construir un mejor pa\u00eds. \u201cSe ha hecho mucho, pero falta mucho por hacer, y vamos a trabajar. Necesitamos alcaldes que realmente sean intensos y que [&hellip;]\" \/>\n<meta property=\"og:url\" content=\"https:\/\/blgnoticiassantodomingo.net\/index.php\/2019\/12\/06\/gonzalo-asegura-que-el-pais-requiere-de-alcaldes-comprometido-con-sus-comunidades\/\" \/>\n<meta property=\"og:site_name\" content=\"BLG Noticias\" \/>\n<meta property=\"article:publisher\" content=\"https:\/\/web.facebook.com\/BlgNoticias\/?locale=es_LA&amp;_rdc=1&amp;_rdr\" \/>\n<meta property=\"article:published_time\" content=\"2019-12-06T13:16:51+00:00\" \/>\n<meta property=\"og:image\" content=\"https:\/\/blgnoticiassantodomingo.net\/wp-content\/uploads\/2019\/12\/gonzalo-asegura-que-el-pais-requiere-de-alcaldes-comprometido-con-sus-comunidades.jpeg\" \/>\n\t<meta property=\"og:image:width\" content=\"680\" \/>\n\t<meta property=\"og:image:height\" content=\"390\" \/>\n\t<meta property=\"og:image:type\" content=\"image\/jpeg\" \/>\n<meta name=\"author\" content=\"Brenda Guerrero\" \/>\n<meta name=\"twitter:card\" content=\"summary_large_image\" \/>\n<meta name=\"twitter:creator\" content=\"@BlgNoticias\" \/>\n<meta name=\"twitter:site\" content=\"@BlgNoticias\" \/>\n<meta name=\"twitter:label1\" content=\"Escrito por\" \/>\n\t<meta name=\"twitter:data1\" content=\"Brenda Guerrero\" \/>\n\t<meta name=\"twitter:label2\" content=\"Tiempo de lectura\" \/>\n\t<meta name=\"twitter:data2\" content=\"3 minutos\" \/>\n<script type=\"application\/ld+json\" class=\"yoast-schema-graph\">{\"@context\":\"https:\/\/schema.org\",\"@graph\":[{\"@type\":\"Article\",\"@id\":\"https:\/\/blgnoticiassantodomingo.net\/index.php\/2019\/12\/06\/gonzalo-asegura-que-el-pais-requiere-de-alcaldes-comprometido-con-sus-comunidades\/#article\",\"isPartOf\":{\"@id\":\"https:\/\/blgnoticiassantodomingo.net\/index.php\/2019\/12\/06\/gonzalo-asegura-que-el-pais-requiere-de-alcaldes-comprometido-con-sus-comunidades\/\"},\"author\":{\"name\":\"Brenda Guerrero\",\"@id\":\"https:\/\/blgnoticiassantodomingo.net\/#\/schema\/person\/e2fc21cf88acc63dbd134be981bff374\"},\"headline\":\"Gonzalo asegura que el pa\u00eds requiere de alcaldes comprometido con sus comunidades .\",\"datePublished\":\"2019-12-06T13:16:51+00:00\",\"mainEntityOfPage\":{\"@id\":\"https:\/\/blgnoticiassantodomingo.net\/index.php\/2019\/12\/06\/gonzalo-asegura-que-el-pais-requiere-de-alcaldes-comprometido-con-sus-comunidades\/\"},\"wordCount\":540,\"commentCount\":0,\"publisher\":{\"@id\":\"https:\/\/blgnoticiassantodomingo.net\/#organization\"},\"image\":{\"@id\":\"https:\/\/blgnoticiassantodomingo.net\/index.php\/2019\/12\/06\/gonzalo-asegura-que-el-pais-requiere-de-alcaldes-comprometido-con-sus-comunidades\/#primaryimage\"},\"thumbnailUrl\":\"https:\/\/blgnoticiassantodomingo.net\/wp-content\/uploads\/2019\/12\/gonzalo-asegura-que-el-pais-requiere-de-alcaldes-comprometido-con-sus-comunidades.jpeg\",\"articleSection\":[\"Politica\"],\"inLanguage\":\"es\",\"potentialAction\":[{\"@type\":\"CommentAction\",\"name\":\"Comment\",\"target\":[\"https:\/\/blgnoticiassantodomingo.net\/index.php\/2019\/12\/06\/gonzalo-asegura-que-el-pais-requiere-de-alcaldes-comprometido-con-sus-comunidades\/#respond\"]}]},{\"@type\":\"WebPage\",\"@id\":\"https:\/\/blgnoticiassantodomingo.net\/index.php\/2019\/12\/06\/gonzalo-asegura-que-el-pais-requiere-de-alcaldes-comprometido-con-sus-comunidades\/\",\"url\":\"https:\/\/blgnoticiassantodomingo.net\/index.php\/2019\/12\/06\/gonzalo-asegura-que-el-pais-requiere-de-alcaldes-comprometido-con-sus-comunidades\/\",\"name\":\"Gonzalo asegura que el pa\u00eds requiere de alcaldes comprometido con sus comunidades . - BLG Noticias\",\"isPartOf\":{\"@id\":\"https:\/\/blgnoticiassantodomingo.net\/#website\"},\"primaryImageOfPage\":{\"@id\":\"https:\/\/blgnoticiassantodomingo.net\/index.php\/2019\/12\/06\/gonzalo-asegura-que-el-pais-requiere-de-alcaldes-comprometido-con-sus-comunidades\/#primaryimage\"},\"image\":{\"@id\":\"https:\/\/blgnoticiassantodomingo.net\/index.php\/2019\/12\/06\/gonzalo-asegura-que-el-pais-requiere-de-alcaldes-comprometido-con-sus-comunidades\/#primaryimage\"},\"thumbnailUrl\":\"https:\/\/blgnoticiassantodomingo.net\/wp-content\/uploads\/2019\/12\/gonzalo-asegura-que-el-pais-requiere-de-alcaldes-comprometido-con-sus-comunidades.jpeg\",\"datePublished\":\"2019-12-06T13:16:51+00:00\",\"breadcrumb\":{\"@id\":\"https:\/\/blgnoticiassantodomingo.net\/index.php\/2019\/12\/06\/gonzalo-asegura-que-el-pais-requiere-de-alcaldes-comprometido-con-sus-comunidades\/#breadcrumb\"},\"inLanguage\":\"es\",\"potentialAction\":[{\"@type\":\"ReadAction\",\"target\":[\"https:\/\/blgnoticiassantodomingo.net\/index.php\/2019\/12\/06\/gonzalo-asegura-que-el-pais-requiere-de-alcaldes-comprometido-con-sus-comunidades\/\"]}]},{\"@type\":\"ImageObject\",\"inLanguage\":\"es\",\"@id\":\"https:\/\/blgnoticiassantodomingo.net\/index.php\/2019\/12\/06\/gonzalo-asegura-que-el-pais-requiere-de-alcaldes-comprometido-con-sus-comunidades\/#primaryimage\",\"url\":\"https:\/\/blgnoticiassantodomingo.net\/wp-content\/uploads\/2019\/12\/gonzalo-asegura-que-el-pais-requiere-de-alcaldes-comprometido-con-sus-comunidades.jpeg\",\"contentUrl\":\"https:\/\/blgnoticiassantodomingo.net\/wp-content\/uploads\/2019\/12\/gonzalo-asegura-que-el-pais-requiere-de-alcaldes-comprometido-con-sus-comunidades.jpeg\",\"width\":680,\"height\":390},{\"@type\":\"BreadcrumbList\",\"@id\":\"https:\/\/blgnoticiassantodomingo.net\/index.php\/2019\/12\/06\/gonzalo-asegura-que-el-pais-requiere-de-alcaldes-comprometido-con-sus-comunidades\/#breadcrumb\",\"itemListElement\":[{\"@type\":\"ListItem\",\"position\":1,\"name\":\"Portada\",\"item\":\"https:\/\/blgnoticiassantodomingo.net\/\"},{\"@type\":\"ListItem\",\"position\":2,\"name\":\"Gonzalo asegura que el pa\u00eds requiere de alcaldes comprometido con sus comunidades .\"}]},{\"@type\":\"WebSite\",\"@id\":\"https:\/\/blgnoticiassantodomingo.net\/#website\",\"url\":\"https:\/\/blgnoticiassantodomingo.net\/\",\"name\":\"BLG Noticias\",\"description\":\"Esto es Noticias\",\"publisher\":{\"@id\":\"https:\/\/blgnoticiassantodomingo.net\/#organization\"},\"potentialAction\":[{\"@type\":\"SearchAction\",\"target\":{\"@type\":\"EntryPoint\",\"urlTemplate\":\"https:\/\/blgnoticiassantodomingo.net\/?s={search_term_string}\"},\"query-input\":{\"@type\":\"PropertyValueSpecification\",\"valueRequired\":true,\"valueName\":\"search_term_string\"}}],\"inLanguage\":\"es\"},{\"@type\":\"Organization\",\"@id\":\"https:\/\/blgnoticiassantodomingo.net\/#organization\",\"name\":\"BLG Noticias\",\"url\":\"https:\/\/blgnoticiassantodomingo.net\/\",\"logo\":{\"@type\":\"ImageObject\",\"inLanguage\":\"es\",\"@id\":\"https:\/\/blgnoticiassantodomingo.net\/#\/schema\/logo\/image\/\",\"url\":\"https:\/\/blgnoticiassantodomingo.net\/wp-content\/uploads\/2023\/12\/Diseno-sin-titulo-3.jpg\",\"contentUrl\":\"https:\/\/blgnoticiassantodomingo.net\/wp-content\/uploads\/2023\/12\/Diseno-sin-titulo-3.jpg\",\"width\":500,\"height\":500,\"caption\":\"BLG Noticias\"},\"image\":{\"@id\":\"https:\/\/blgnoticiassantodomingo.net\/#\/schema\/logo\/image\/\"},\"sameAs\":[\"https:\/\/web.facebook.com\/BlgNoticias\/?locale=es_LA&_rdc=1&_rdr\",\"https:\/\/x.com\/BlgNoticias\",\"https:\/\/www.linkedin.com\/in\/brenda-l-santana-aa846279\/\"]},{\"@type\":\"Person\",\"@id\":\"https:\/\/blgnoticiassantodomingo.net\/#\/schema\/person\/e2fc21cf88acc63dbd134be981bff374\",\"name\":\"Brenda Guerrero\",\"image\":{\"@type\":\"ImageObject\",\"inLanguage\":\"es\",\"@id\":\"https:\/\/blgnoticiassantodomingo.net\/#\/schema\/person\/image\/\",\"url\":\"https:\/\/secure.gravatar.com\/avatar\/2f7fc4c3e3655be1580cb684bfd8ab19be702ae20879da1e072021daa02f9b8b?s=96&d=wp_user_avatar&r=g\",\"contentUrl\":\"https:\/\/secure.gravatar.com\/avatar\/2f7fc4c3e3655be1580cb684bfd8ab19be702ae20879da1e072021daa02f9b8b?s=96&d=wp_user_avatar&r=g\",\"caption\":\"Brenda Guerrero\"},\"description\":\"Periodista\",\"url\":\"https:\/\/blgnoticiassantodomingo.net\/index.php\/author\/brenda-guerrero\/\"}]}<\/script>\n<!-- \/ Yoast SEO plugin. -->","yoast_head_json":{"title":"Gonzalo asegura que el pa\u00eds requiere de alcaldes comprometido con sus comunidades . - BLG Noticias","robots":{"index":"index","follow":"follow","max-snippet":"max-snippet:-1","max-image-preview":"max-image-preview:large","max-video-preview":"max-video-preview:-1"},"canonical":"https:\/\/blgnoticiassantodomingo.net\/index.php\/2019\/12\/06\/gonzalo-asegura-que-el-pais-requiere-de-alcaldes-comprometido-con-sus-comunidades\/","og_locale":"es_ES","og_type":"article","og_title":"Gonzalo asegura que el pa\u00eds requiere de alcaldes comprometido con sus comunidades . - BLG Noticias","og_description":"El candidato presidencial por el Partido de la Liberaci\u00f3n Dominicana (PLD), Gonzalo Castillo, asegur\u00f3 ayer que el pa\u00eds requiere de alcaldes \u201cintensos, trabajadores y comprometidos\u201d con sus comunidades para poder construir un mejor pa\u00eds. \u201cSe ha hecho mucho, pero falta mucho por hacer, y vamos a trabajar. Necesitamos alcaldes que realmente sean intensos y que [&hellip;]","og_url":"https:\/\/blgnoticiassantodomingo.net\/index.php\/2019\/12\/06\/gonzalo-asegura-que-el-pais-requiere-de-alcaldes-comprometido-con-sus-comunidades\/","og_site_name":"BLG Noticias","article_publisher":"https:\/\/web.facebook.com\/BlgNoticias\/?locale=es_LA&_rdc=1&_rdr","article_published_time":"2019-12-06T13:16:51+00:00","og_image":[{"width":680,"height":390,"url":"https:\/\/blgnoticiassantodomingo.net\/wp-content\/uploads\/2019\/12\/gonzalo-asegura-que-el-pais-requiere-de-alcaldes-comprometido-con-sus-comunidades.jpeg","type":"image\/jpeg"}],"author":"Brenda Guerrero","twitter_card":"summary_large_image","twitter_creator":"@BlgNoticias","twitter_site":"@BlgNoticias","twitter_misc":{"Escrito por":"Brenda Guerrero","Tiempo de lectura":"3 minutos"},"schema":{"@context":"https:\/\/schema.org","@graph":[{"@type":"Article","@id":"https:\/\/blgnoticiassantodomingo.net\/index.php\/2019\/12\/06\/gonzalo-asegura-que-el-pais-requiere-de-alcaldes-comprometido-con-sus-comunidades\/#article","isPartOf":{"@id":"https:\/\/blgnoticiassantodomingo.net\/index.php\/2019\/12\/06\/gonzalo-asegura-que-el-pais-requiere-de-alcaldes-comprometido-con-sus-comunidades\/"},"author":{"name":"Brenda Guerrero","@id":"https:\/\/blgnoticiassantodomingo.net\/#\/schema\/person\/e2fc21cf88acc63dbd134be981bff374"},"headline":"Gonzalo asegura que el pa\u00eds requiere de alcaldes comprometido con sus comunidades .","datePublished":"2019-12-06T13:16:51+00:00","mainEntityOfPage":{"@id":"https:\/\/blgnoticiassantodomingo.net\/index.php\/2019\/12\/06\/gonzalo-asegura-que-el-pais-requiere-de-alcaldes-comprometido-con-sus-comunidades\/"},"wordCount":540,"commentCount":0,"publisher":{"@id":"https:\/\/blgnoticiassantodomingo.net\/#organization"},"image":{"@id":"https:\/\/blgnoticiassantodomingo.net\/index.php\/2019\/12\/06\/gonzalo-asegura-que-el-pais-requiere-de-alcaldes-comprometido-con-sus-comunidades\/#primaryimage"},"thumbnailUrl":"https:\/\/blgnoticiassantodomingo.net\/wp-content\/uploads\/2019\/12\/gonzalo-asegura-que-el-pais-requiere-de-alcaldes-comprometido-con-sus-comunidades.jpeg","articleSection":["Politica"],"inLanguage":"es","potentialAction":[{"@type":"CommentAction","name":"Comment","target":["https:\/\/blgnoticiassantodomingo.net\/index.php\/2019\/12\/06\/gonzalo-asegura-que-el-pais-requiere-de-alcaldes-comprometido-con-sus-comunidades\/#respond"]}]},{"@type":"WebPage","@id":"https:\/\/blgnoticiassantodomingo.net\/index.php\/2019\/12\/06\/gonzalo-asegura-que-el-pais-requiere-de-alcaldes-comprometido-con-sus-comunidades\/","url":"https:\/\/blgnoticiassantodomingo.net\/index.php\/2019\/12\/06\/gonzalo-asegura-que-el-pais-requiere-de-alcaldes-comprometido-con-sus-comunidades\/","name":"Gonzalo asegura que el pa\u00eds requiere de alcaldes comprometido con sus comunidades . - BLG Noticias","isPartOf":{"@id":"https:\/\/blgnoticiassantodomingo.net\/#website"},"primaryImageOfPage":{"@id":"https:\/\/blgnoticiassantodomingo.net\/index.php\/2019\/12\/06\/gonzalo-asegura-que-el-pais-requiere-de-alcaldes-comprometido-con-sus-comunidades\/#primaryimage"},"image":{"@id":"https:\/\/blgnoticiassantodomingo.net\/index.php\/2019\/12\/06\/gonzalo-asegura-que-el-pais-requiere-de-alcaldes-comprometido-con-sus-comunidades\/#primaryimage"},"thumbnailUrl":"https:\/\/blgnoticiassantodomingo.net\/wp-content\/uploads\/2019\/12\/gonzalo-asegura-que-el-pais-requiere-de-alcaldes-comprometido-con-sus-comunidades.jpeg","datePublished":"2019-12-06T13:16:51+00:00","breadcrumb":{"@id":"https:\/\/blgnoticiassantodomingo.net\/index.php\/2019\/12\/06\/gonzalo-asegura-que-el-pais-requiere-de-alcaldes-comprometido-con-sus-comunidades\/#breadcrumb"},"inLanguage":"es","potentialAction":[{"@type":"ReadAction","target":["https:\/\/blgnoticiassantodomingo.net\/index.php\/2019\/12\/06\/gonzalo-asegura-que-el-pais-requiere-de-alcaldes-comprometido-con-sus-comunidades\/"]}]},{"@type":"ImageObject","inLanguage":"es","@id":"https:\/\/blgnoticiassantodomingo.net\/index.php\/2019\/12\/06\/gonzalo-asegura-que-el-pais-requiere-de-alcaldes-comprometido-con-sus-comunidades\/#primaryimage","url":"https:\/\/blgnoticiassantodomingo.net\/wp-content\/uploads\/2019\/12\/gonzalo-asegura-que-el-pais-requiere-de-alcaldes-comprometido-con-sus-comunidades.jpeg","contentUrl":"https:\/\/blgnoticiassantodomingo.net\/wp-content\/uploads\/2019\/12\/gonzalo-asegura-que-el-pais-requiere-de-alcaldes-comprometido-con-sus-comunidades.jpeg","width":680,"height":390},{"@type":"BreadcrumbList","@id":"https:\/\/blgnoticiassantodomingo.net\/index.php\/2019\/12\/06\/gonzalo-asegura-que-el-pais-requiere-de-alcaldes-comprometido-con-sus-comunidades\/#breadcrumb","itemListElement":[{"@type":"ListItem","position":1,"name":"Portada","item":"https:\/\/blgnoticiassantodomingo.net\/"},{"@type":"ListItem","position":2,"name":"Gonzalo asegura que el pa\u00eds requiere de alcaldes comprometido con sus comunidades ."}]},{"@type":"WebSite","@id":"https:\/\/blgnoticiassantodomingo.net\/#website","url":"https:\/\/blgnoticiassantodomingo.net\/","name":"BLG Noticias","description":"Esto es Noticias","publisher":{"@id":"https:\/\/blgnoticiassantodomingo.net\/#organization"},"potentialAction":[{"@type":"SearchAction","target":{"@type":"EntryPoint","urlTemplate":"https:\/\/blgnoticiassantodomingo.net\/?s={search_term_string}"},"query-input":{"@type":"PropertyValueSpecification","valueRequired":true,"valueName":"search_term_string"}}],"inLanguage":"es"},{"@type":"Organization","@id":"https:\/\/blgnoticiassantodomingo.net\/#organization","name":"BLG Noticias","url":"https:\/\/blgnoticiassantodomingo.net\/","logo":{"@type":"ImageObject","inLanguage":"es","@id":"https:\/\/blgnoticiassantodomingo.net\/#\/schema\/logo\/image\/","url":"https:\/\/blgnoticiassantodomingo.net\/wp-content\/uploads\/2023\/12\/Diseno-sin-titulo-3.jpg","contentUrl":"https:\/\/blgnoticiassantodomingo.net\/wp-content\/uploads\/2023\/12\/Diseno-sin-titulo-3.jpg","width":500,"height":500,"caption":"BLG Noticias"},"image":{"@id":"https:\/\/blgnoticiassantodomingo.net\/#\/schema\/logo\/image\/"},"sameAs":["https:\/\/web.facebook.com\/BlgNoticias\/?locale=es_LA&_rdc=1&_rdr","https:\/\/x.com\/BlgNoticias","https:\/\/www.linkedin.com\/in\/brenda-l-santana-aa846279\/"]},{"@type":"Person","@id":"https:\/\/blgnoticiassantodomingo.net\/#\/schema\/person\/e2fc21cf88acc63dbd134be981bff374","name":"Brenda Guerrero","image":{"@type":"ImageObject","inLanguage":"es","@id":"https:\/\/blgnoticiassantodomingo.net\/#\/schema\/person\/image\/","url":"https:\/\/secure.gravatar.com\/avatar\/2f7fc4c3e3655be1580cb684bfd8ab19be702ae20879da1e072021daa02f9b8b?s=96&d=wp_user_avatar&r=g","contentUrl":"https:\/\/secure.gravatar.com\/avatar\/2f7fc4c3e3655be1580cb684bfd8ab19be702ae20879da1e072021daa02f9b8b?s=96&d=wp_user_avatar&r=g","caption":"Brenda Guerrero"},"description":"Periodista","url":"https:\/\/blgnoticiassantodomingo.net\/index.php\/author\/brenda-guerrero\/"}]}},"jetpack_featured_media_url":"https:\/\/blgnoticiassantodomingo.net\/wp-content\/uploads\/2019\/12\/gonzalo-asegura-que-el-pais-requiere-de-alcaldes-comprometido-con-sus-comunidades.jpeg","_links":{"self":[{"href":"https:\/\/blgnoticiassantodomingo.net\/index.php\/wp-json\/wp\/v2\/posts\/3085","targetHints":{"allow":["GET"]}}],"collection":[{"href":"https:\/\/blgnoticiassantodomingo.net\/index.php\/wp-json\/wp\/v2\/posts"}],"about":[{"href":"https:\/\/blgnoticiassantodomingo.net\/index.php\/wp-json\/wp\/v2\/types\/post"}],"author":[{"embeddable":true,"href":"https:\/\/blgnoticiassantodomingo.net\/index.php\/wp-json\/wp\/v2\/users\/2"}],"replies":[{"embeddable":true,"href":"https:\/\/blgnoticiassantodomingo.net\/index.php\/wp-json\/wp\/v2\/comments?post=3085"}],"version-history":[{"count":1,"href":"https:\/\/blgnoticiassantodomingo.net\/index.php\/wp-json\/wp\/v2\/posts\/3085\/revisions"}],"predecessor-version":[{"id":3087,"href":"https:\/\/blgnoticiassantodomingo.net\/index.php\/wp-json\/wp\/v2\/posts\/3085\/revisions\/3087"}],"wp:featuredmedia":[{"embeddable":true,"href":"https:\/\/blgnoticiassantodomingo.net\/index.php\/wp-json\/wp\/v2\/media\/3086"}],"wp:attachment":[{"href":"https:\/\/blgnoticiassantodomingo.net\/index.php\/wp-json\/wp\/v2\/media?parent=3085"}],"wp:term":[{"taxonomy":"category","embeddable":true,"href":"https:\/\/blgnoticiassantodomingo.net\/index.php\/wp-json\/wp\/v2\/categories?post=3085"},{"taxonomy":"post_tag","embeddable":true,"href":"https:\/\/blgnoticiassantodomingo.net\/index.php\/wp-json\/wp\/v2\/tags?post=3085"}],"curies":[{"name":"wp","href":"https:\/\/api.w.org\/{rel}","templated":true}]}}