{"id":30712,"date":"2022-03-21T10:48:59","date_gmt":"2022-03-21T14:48:59","guid":{"rendered":"https:\/\/blgnoticiassantodomingo.net\/?p=30712"},"modified":"2022-03-21T10:49:01","modified_gmt":"2022-03-21T14:49:01","slug":"enterate-de-los-cambios-realizados-la-digesett","status":"publish","type":"post","link":"https:\/\/blgnoticiassantodomingo.net\/index.php\/2022\/03\/21\/enterate-de-los-cambios-realizados-la-digesett\/","title":{"rendered":"Ent\u00e9rate de los cambios realizados la DIGESETT"},"content":{"rendered":"\n<p><strong><em>Director de la DIGESETT realiza cambios y designaciones a nivel nacional<\/em><\/strong><\/p>\n\n\n\n<p>El director de la Direcci\u00f3n General de Seguridad de Tr\u00e1nsito y Transporte Terrestre (DIGESETT), general de brigada Ram\u00f3n Antonio Guzm\u00e1n Peralta, P.N., realiz\u00f3 cambios y designaciones a nivel nacional.<\/p>\n\n\n\n<p>Los cambios fueron realizados tanto en la sede central de la DIGESETT, como en algunas comandancias regionales, con el objetivo de seguir fortaleciendo los servicios que se brinda a la ciudadan\u00eda.<\/p>\n\n\n\n<p>Dentro de las designaciones se encuentra la del coronel licenciado Esteban Figuereo Garc\u00eda, P.N., como director Regional Sur Central con asiento en Ban\u00ed, en sustituci\u00f3n del general de brigada \u00ae, doctor Aquilino Lebr\u00f3n Cuello, P.N., asimismo, el coronel ingeniero Ram\u00f3n Antonio Pe\u00f1a Adames, P.N., como director regional sur con asiento en Barahona, en sustituci\u00f3n del general de brigada \u00ae Edgar Hamburgo Rinc\u00f3n, P.N.<\/p>\n\n\n\n<p>Tambi\u00e9n en la sede central fue designada como encargada de la Divisi\u00f3n de Atenci\u00f3n al Ciudadano, la coronel licenciada Yandra I. Soto, P.N., en sustituci\u00f3n de la coronel \u00ae licenciada Mildred D. Cuevas Feliz, P.N; mientras que el coronel licenciado Hamlet A. Novas Ferreras, P.N., fue designado como encargado del departamento de seguridad interna de la DIGESETT, en sustituci\u00f3n del general de brigada \u00ae Gilberto A. de la Rosa Patrano, P.N.<\/p>\n\n\n\n<p>El coronel Manuel A. Polanco Hern\u00e1ndez, P.N., como comandante departamento santo domingo norte, en sustituci\u00f3n del general de brigada \u00ae Fausto R. Suriel Lora, P.N; tambi\u00e9n el coronel Diego Ferreras Familia, P.N., fue designado como comandante del departamento Salcedo, en sustituci\u00f3n del coronel Pacifico Santana Vizca\u00edno, P.N.<\/p>\n\n\n\n<p>Del mismo modo, fue designado la coronel licenciada Juana Y. Almonte Mart\u00ednez, P.N., como comandante departamento Juan Dolio, en sustituci\u00f3n del teniente coronel \u00ae licenciado C\u00e1ndido Gir\u00f3n Encarnaci\u00f3n, P.N.<\/p>\n\n\n\n<p>Como comandante del departamento Higuey fue designado el coronel Rafael Duran P.N., en sustituci\u00f3n del general de brigada \u00ae Sergio Octavio de Jes\u00fas D\u00edaz N\u00fa\u00f1ez, P.N.<\/p>\n\n\n\n<p>Tambi\u00e9n fue designado el teniente coronel Sabino Alfredo Cabrera, P.N., como comandante del departamento Saman\u00e1, en sustituci\u00f3n del Teniente Coronel \u00ae Apolinar Antonio V\u00e1squez V\u00e1squez, P.N.<\/p>\n\n\n\n<p>Asimismo fueron designados los teniente coroneles licenciados: Wander Montero Vicente, P.N., en la direcci\u00f3n regional cibao sur (Bonao); Romer Dario Rosario Pe\u00f1a, P.N., encargado de Servicios Generales, Eudys Made Made, P.N., comandante Departamento Santo Domingo Oeste, (DIGESETT-8); Crist\u00f3bal Do\u00f1e Laurencio, P.N., encargado del Centro de Retenci\u00f3n Vehicular Santo Domingo Norte; Ubencio Morillo Morillo, P.N., como supervisor general de la autopista Las Am\u00e9ricas en el departamento de Seguridad Vial (DOCA).<\/p>\n\n\n\n<p>Adem\u00e1s,&nbsp; Delio Lebr\u00f3n Lorenzo, P.N., como comandante de Boca Chica; Joaquin Alfredo Silverio Castillo, P.N., comandante del departamento Hato Mayor; y Manuel De Jes\u00fas Valenzuela Diaz, P.N., como Comandante Departamento de los Corredores y Servicios Especiales (ALFA-5).<\/p>\n\n\n\n<p>De igual modo fueron designado los mayores: Miguel \u00c1ngel Sosa Adames, P.N., como Sub-Comandante Santo Domingo Oeste; Alexis Antonio Mateo Montilla, P.N., Supervisor Regional, departamento Seguridad Vial (DOCA); Eduardo Mora De La Cruz, P.N., comandante San Jos\u00e9 de Las Matas; Dionis Julian Ventura Pe\u00f1a, P.N., comandante Mao Valverde; Jose R. Acosta Merejo, P.N., comandante Bonao; Pedro Martino Hiches Zapata, P.N., comandante Bani; Martires De Oleo Rosso, F.A.R.D., comandante Monte Plata.<\/p>\n\n\n\n<p>Tambi\u00e9n Pedro M. Mieses Monegro, P.N., Supervisor Zonal K-19, Comandancia del Distrito Nacional; Juan Antonio Est\u00e9vez Rosario, P.N., Supervisor Zona 15-II-A, Comandancia Santo Domingo Oeste; y Osvaldo Mora Jim\u00e9nez, P.N., Supervisor Zonal K-18, comandancia Distrito Nacional, entre otros cambios&nbsp; y designaciones.<\/p>\n","protected":false},"excerpt":{"rendered":"<p>Director de la DIGESETT realiza cambios y designaciones a nivel nacional El director de la Direcci\u00f3n General de Seguridad de Tr\u00e1nsito y Transporte Terrestre (DIGESETT), general de brigada Ram\u00f3n Antonio Guzm\u00e1n Peralta, P.N., realiz\u00f3 cambios y designaciones a nivel nacional. Los cambios fueron realizados tanto en la sede central de la DIGESETT, como en algunas [&hellip;]<\/p>\n","protected":false},"author":2,"featured_media":30713,"comment_status":"open","ping_status":"open","sticky":true,"template":"","format":"standard","meta":{"footnotes":""},"categories":[220],"tags":[291],"class_list":{"0":"post-30712","1":"post","2":"type-post","3":"status-publish","4":"format-standard","5":"has-post-thumbnail","7":"category-nacionales","8":"tag-digesett"},"yoast_head":"<!-- This site is optimized with the Yoast SEO plugin v24.9 - https:\/\/yoast.com\/wordpress\/plugins\/seo\/ -->\n<title>Ent\u00e9rate de los cambios realizados la DIGESETT - BLG Noticias<\/title>\n<meta name=\"robots\" content=\"index, follow, max-snippet:-1, max-image-preview:large, max-video-preview:-1\" \/>\n<link rel=\"canonical\" href=\"https:\/\/blgnoticiassantodomingo.net\/index.php\/2022\/03\/21\/enterate-de-los-cambios-realizados-la-digesett\/\" \/>\n<meta property=\"og:locale\" content=\"es_ES\" \/>\n<meta property=\"og:type\" content=\"article\" \/>\n<meta property=\"og:title\" content=\"Ent\u00e9rate de los cambios realizados la DIGESETT - BLG Noticias\" \/>\n<meta property=\"og:description\" content=\"Director de la DIGESETT realiza cambios y designaciones a nivel nacional El director de la Direcci\u00f3n General de Seguridad de Tr\u00e1nsito y Transporte Terrestre (DIGESETT), general de brigada Ram\u00f3n Antonio Guzm\u00e1n Peralta, P.N., realiz\u00f3 cambios y designaciones a nivel nacional. Los cambios fueron realizados tanto en la sede central de la DIGESETT, como en algunas [&hellip;]\" \/>\n<meta property=\"og:url\" content=\"https:\/\/blgnoticiassantodomingo.net\/index.php\/2022\/03\/21\/enterate-de-los-cambios-realizados-la-digesett\/\" \/>\n<meta property=\"og:site_name\" content=\"BLG Noticias\" \/>\n<meta property=\"article:publisher\" content=\"https:\/\/web.facebook.com\/BlgNoticias\/?locale=es_LA&amp;_rdc=1&amp;_rdr\" \/>\n<meta property=\"article:published_time\" content=\"2022-03-21T14:48:59+00:00\" \/>\n<meta property=\"article:modified_time\" content=\"2022-03-21T14:49:01+00:00\" \/>\n<meta property=\"og:image\" content=\"https:\/\/blgnoticiassantodomingo.net\/wp-content\/uploads\/2022\/03\/DSC05040-scaled.jpg\" \/>\n\t<meta property=\"og:image:width\" content=\"2560\" \/>\n\t<meta property=\"og:image:height\" content=\"1828\" \/>\n\t<meta property=\"og:image:type\" content=\"image\/jpeg\" \/>\n<meta name=\"author\" content=\"Brenda Guerrero\" \/>\n<meta name=\"twitter:card\" content=\"summary_large_image\" \/>\n<meta name=\"twitter:creator\" content=\"@BlgNoticias\" \/>\n<meta name=\"twitter:site\" content=\"@BlgNoticias\" \/>\n<meta name=\"twitter:label1\" content=\"Escrito por\" \/>\n\t<meta name=\"twitter:data1\" content=\"Brenda Guerrero\" \/>\n\t<meta name=\"twitter:label2\" content=\"Tiempo de lectura\" \/>\n\t<meta name=\"twitter:data2\" content=\"3 minutos\" \/>\n<script type=\"application\/ld+json\" class=\"yoast-schema-graph\">{\"@context\":\"https:\/\/schema.org\",\"@graph\":[{\"@type\":\"Article\",\"@id\":\"https:\/\/blgnoticiassantodomingo.net\/index.php\/2022\/03\/21\/enterate-de-los-cambios-realizados-la-digesett\/#article\",\"isPartOf\":{\"@id\":\"https:\/\/blgnoticiassantodomingo.net\/index.php\/2022\/03\/21\/enterate-de-los-cambios-realizados-la-digesett\/\"},\"author\":{\"name\":\"Brenda Guerrero\",\"@id\":\"https:\/\/blgnoticiassantodomingo.net\/#\/schema\/person\/e2fc21cf88acc63dbd134be981bff374\"},\"headline\":\"Ent\u00e9rate de los cambios realizados la DIGESETT\",\"datePublished\":\"2022-03-21T14:48:59+00:00\",\"dateModified\":\"2022-03-21T14:49:01+00:00\",\"mainEntityOfPage\":{\"@id\":\"https:\/\/blgnoticiassantodomingo.net\/index.php\/2022\/03\/21\/enterate-de-los-cambios-realizados-la-digesett\/\"},\"wordCount\":639,\"commentCount\":0,\"publisher\":{\"@id\":\"https:\/\/blgnoticiassantodomingo.net\/#organization\"},\"image\":{\"@id\":\"https:\/\/blgnoticiassantodomingo.net\/index.php\/2022\/03\/21\/enterate-de-los-cambios-realizados-la-digesett\/#primaryimage\"},\"thumbnailUrl\":\"https:\/\/blgnoticiassantodomingo.net\/wp-content\/uploads\/2022\/03\/DSC05040-scaled.jpg\",\"keywords\":[\"Digesett\"],\"articleSection\":[\"Nacionales\"],\"inLanguage\":\"es\",\"potentialAction\":[{\"@type\":\"CommentAction\",\"name\":\"Comment\",\"target\":[\"https:\/\/blgnoticiassantodomingo.net\/index.php\/2022\/03\/21\/enterate-de-los-cambios-realizados-la-digesett\/#respond\"]}]},{\"@type\":\"WebPage\",\"@id\":\"https:\/\/blgnoticiassantodomingo.net\/index.php\/2022\/03\/21\/enterate-de-los-cambios-realizados-la-digesett\/\",\"url\":\"https:\/\/blgnoticiassantodomingo.net\/index.php\/2022\/03\/21\/enterate-de-los-cambios-realizados-la-digesett\/\",\"name\":\"Ent\u00e9rate de los cambios realizados la DIGESETT - BLG Noticias\",\"isPartOf\":{\"@id\":\"https:\/\/blgnoticiassantodomingo.net\/#website\"},\"primaryImageOfPage\":{\"@id\":\"https:\/\/blgnoticiassantodomingo.net\/index.php\/2022\/03\/21\/enterate-de-los-cambios-realizados-la-digesett\/#primaryimage\"},\"image\":{\"@id\":\"https:\/\/blgnoticiassantodomingo.net\/index.php\/2022\/03\/21\/enterate-de-los-cambios-realizados-la-digesett\/#primaryimage\"},\"thumbnailUrl\":\"https:\/\/blgnoticiassantodomingo.net\/wp-content\/uploads\/2022\/03\/DSC05040-scaled.jpg\",\"datePublished\":\"2022-03-21T14:48:59+00:00\",\"dateModified\":\"2022-03-21T14:49:01+00:00\",\"breadcrumb\":{\"@id\":\"https:\/\/blgnoticiassantodomingo.net\/index.php\/2022\/03\/21\/enterate-de-los-cambios-realizados-la-digesett\/#breadcrumb\"},\"inLanguage\":\"es\",\"potentialAction\":[{\"@type\":\"ReadAction\",\"target\":[\"https:\/\/blgnoticiassantodomingo.net\/index.php\/2022\/03\/21\/enterate-de-los-cambios-realizados-la-digesett\/\"]}]},{\"@type\":\"ImageObject\",\"inLanguage\":\"es\",\"@id\":\"https:\/\/blgnoticiassantodomingo.net\/index.php\/2022\/03\/21\/enterate-de-los-cambios-realizados-la-digesett\/#primaryimage\",\"url\":\"https:\/\/blgnoticiassantodomingo.net\/wp-content\/uploads\/2022\/03\/DSC05040-scaled.jpg\",\"contentUrl\":\"https:\/\/blgnoticiassantodomingo.net\/wp-content\/uploads\/2022\/03\/DSC05040-scaled.jpg\",\"width\":2560,\"height\":1828},{\"@type\":\"BreadcrumbList\",\"@id\":\"https:\/\/blgnoticiassantodomingo.net\/index.php\/2022\/03\/21\/enterate-de-los-cambios-realizados-la-digesett\/#breadcrumb\",\"itemListElement\":[{\"@type\":\"ListItem\",\"position\":1,\"name\":\"Portada\",\"item\":\"https:\/\/blgnoticiassantodomingo.net\/\"},{\"@type\":\"ListItem\",\"position\":2,\"name\":\"Ent\u00e9rate de los cambios realizados la DIGESETT\"}]},{\"@type\":\"WebSite\",\"@id\":\"https:\/\/blgnoticiassantodomingo.net\/#website\",\"url\":\"https:\/\/blgnoticiassantodomingo.net\/\",\"name\":\"BLG Noticias\",\"description\":\"Esto es Noticias\",\"publisher\":{\"@id\":\"https:\/\/blgnoticiassantodomingo.net\/#organization\"},\"potentialAction\":[{\"@type\":\"SearchAction\",\"target\":{\"@type\":\"EntryPoint\",\"urlTemplate\":\"https:\/\/blgnoticiassantodomingo.net\/?s={search_term_string}\"},\"query-input\":{\"@type\":\"PropertyValueSpecification\",\"valueRequired\":true,\"valueName\":\"search_term_string\"}}],\"inLanguage\":\"es\"},{\"@type\":\"Organization\",\"@id\":\"https:\/\/blgnoticiassantodomingo.net\/#organization\",\"name\":\"BLG Noticias\",\"url\":\"https:\/\/blgnoticiassantodomingo.net\/\",\"logo\":{\"@type\":\"ImageObject\",\"inLanguage\":\"es\",\"@id\":\"https:\/\/blgnoticiassantodomingo.net\/#\/schema\/logo\/image\/\",\"url\":\"https:\/\/blgnoticiassantodomingo.net\/wp-content\/uploads\/2023\/12\/Diseno-sin-titulo-3.jpg\",\"contentUrl\":\"https:\/\/blgnoticiassantodomingo.net\/wp-content\/uploads\/2023\/12\/Diseno-sin-titulo-3.jpg\",\"width\":500,\"height\":500,\"caption\":\"BLG Noticias\"},\"image\":{\"@id\":\"https:\/\/blgnoticiassantodomingo.net\/#\/schema\/logo\/image\/\"},\"sameAs\":[\"https:\/\/web.facebook.com\/BlgNoticias\/?locale=es_LA&_rdc=1&_rdr\",\"https:\/\/x.com\/BlgNoticias\",\"https:\/\/www.linkedin.com\/in\/brenda-l-santana-aa846279\/\"]},{\"@type\":\"Person\",\"@id\":\"https:\/\/blgnoticiassantodomingo.net\/#\/schema\/person\/e2fc21cf88acc63dbd134be981bff374\",\"name\":\"Brenda Guerrero\",\"image\":{\"@type\":\"ImageObject\",\"inLanguage\":\"es\",\"@id\":\"https:\/\/blgnoticiassantodomingo.net\/#\/schema\/person\/image\/\",\"url\":\"https:\/\/secure.gravatar.com\/avatar\/2f7fc4c3e3655be1580cb684bfd8ab19be702ae20879da1e072021daa02f9b8b?s=96&d=wp_user_avatar&r=g\",\"contentUrl\":\"https:\/\/secure.gravatar.com\/avatar\/2f7fc4c3e3655be1580cb684bfd8ab19be702ae20879da1e072021daa02f9b8b?s=96&d=wp_user_avatar&r=g\",\"caption\":\"Brenda Guerrero\"},\"description\":\"Periodista\",\"url\":\"https:\/\/blgnoticiassantodomingo.net\/index.php\/author\/brenda-guerrero\/\"}]}<\/script>\n<!-- \/ Yoast SEO plugin. -->","yoast_head_json":{"title":"Ent\u00e9rate de los cambios realizados la DIGESETT - BLG Noticias","robots":{"index":"index","follow":"follow","max-snippet":"max-snippet:-1","max-image-preview":"max-image-preview:large","max-video-preview":"max-video-preview:-1"},"canonical":"https:\/\/blgnoticiassantodomingo.net\/index.php\/2022\/03\/21\/enterate-de-los-cambios-realizados-la-digesett\/","og_locale":"es_ES","og_type":"article","og_title":"Ent\u00e9rate de los cambios realizados la DIGESETT - BLG Noticias","og_description":"Director de la DIGESETT realiza cambios y designaciones a nivel nacional El director de la Direcci\u00f3n General de Seguridad de Tr\u00e1nsito y Transporte Terrestre (DIGESETT), general de brigada Ram\u00f3n Antonio Guzm\u00e1n Peralta, P.N., realiz\u00f3 cambios y designaciones a nivel nacional. Los cambios fueron realizados tanto en la sede central de la DIGESETT, como en algunas [&hellip;]","og_url":"https:\/\/blgnoticiassantodomingo.net\/index.php\/2022\/03\/21\/enterate-de-los-cambios-realizados-la-digesett\/","og_site_name":"BLG Noticias","article_publisher":"https:\/\/web.facebook.com\/BlgNoticias\/?locale=es_LA&_rdc=1&_rdr","article_published_time":"2022-03-21T14:48:59+00:00","article_modified_time":"2022-03-21T14:49:01+00:00","og_image":[{"width":2560,"height":1828,"url":"https:\/\/blgnoticiassantodomingo.net\/wp-content\/uploads\/2022\/03\/DSC05040-scaled.jpg","type":"image\/jpeg"}],"author":"Brenda Guerrero","twitter_card":"summary_large_image","twitter_creator":"@BlgNoticias","twitter_site":"@BlgNoticias","twitter_misc":{"Escrito por":"Brenda Guerrero","Tiempo de lectura":"3 minutos"},"schema":{"@context":"https:\/\/schema.org","@graph":[{"@type":"Article","@id":"https:\/\/blgnoticiassantodomingo.net\/index.php\/2022\/03\/21\/enterate-de-los-cambios-realizados-la-digesett\/#article","isPartOf":{"@id":"https:\/\/blgnoticiassantodomingo.net\/index.php\/2022\/03\/21\/enterate-de-los-cambios-realizados-la-digesett\/"},"author":{"name":"Brenda Guerrero","@id":"https:\/\/blgnoticiassantodomingo.net\/#\/schema\/person\/e2fc21cf88acc63dbd134be981bff374"},"headline":"Ent\u00e9rate de los cambios realizados la DIGESETT","datePublished":"2022-03-21T14:48:59+00:00","dateModified":"2022-03-21T14:49:01+00:00","mainEntityOfPage":{"@id":"https:\/\/blgnoticiassantodomingo.net\/index.php\/2022\/03\/21\/enterate-de-los-cambios-realizados-la-digesett\/"},"wordCount":639,"commentCount":0,"publisher":{"@id":"https:\/\/blgnoticiassantodomingo.net\/#organization"},"image":{"@id":"https:\/\/blgnoticiassantodomingo.net\/index.php\/2022\/03\/21\/enterate-de-los-cambios-realizados-la-digesett\/#primaryimage"},"thumbnailUrl":"https:\/\/blgnoticiassantodomingo.net\/wp-content\/uploads\/2022\/03\/DSC05040-scaled.jpg","keywords":["Digesett"],"articleSection":["Nacionales"],"inLanguage":"es","potentialAction":[{"@type":"CommentAction","name":"Comment","target":["https:\/\/blgnoticiassantodomingo.net\/index.php\/2022\/03\/21\/enterate-de-los-cambios-realizados-la-digesett\/#respond"]}]},{"@type":"WebPage","@id":"https:\/\/blgnoticiassantodomingo.net\/index.php\/2022\/03\/21\/enterate-de-los-cambios-realizados-la-digesett\/","url":"https:\/\/blgnoticiassantodomingo.net\/index.php\/2022\/03\/21\/enterate-de-los-cambios-realizados-la-digesett\/","name":"Ent\u00e9rate de los cambios realizados la DIGESETT - BLG Noticias","isPartOf":{"@id":"https:\/\/blgnoticiassantodomingo.net\/#website"},"primaryImageOfPage":{"@id":"https:\/\/blgnoticiassantodomingo.net\/index.php\/2022\/03\/21\/enterate-de-los-cambios-realizados-la-digesett\/#primaryimage"},"image":{"@id":"https:\/\/blgnoticiassantodomingo.net\/index.php\/2022\/03\/21\/enterate-de-los-cambios-realizados-la-digesett\/#primaryimage"},"thumbnailUrl":"https:\/\/blgnoticiassantodomingo.net\/wp-content\/uploads\/2022\/03\/DSC05040-scaled.jpg","datePublished":"2022-03-21T14:48:59+00:00","dateModified":"2022-03-21T14:49:01+00:00","breadcrumb":{"@id":"https:\/\/blgnoticiassantodomingo.net\/index.php\/2022\/03\/21\/enterate-de-los-cambios-realizados-la-digesett\/#breadcrumb"},"inLanguage":"es","potentialAction":[{"@type":"ReadAction","target":["https:\/\/blgnoticiassantodomingo.net\/index.php\/2022\/03\/21\/enterate-de-los-cambios-realizados-la-digesett\/"]}]},{"@type":"ImageObject","inLanguage":"es","@id":"https:\/\/blgnoticiassantodomingo.net\/index.php\/2022\/03\/21\/enterate-de-los-cambios-realizados-la-digesett\/#primaryimage","url":"https:\/\/blgnoticiassantodomingo.net\/wp-content\/uploads\/2022\/03\/DSC05040-scaled.jpg","contentUrl":"https:\/\/blgnoticiassantodomingo.net\/wp-content\/uploads\/2022\/03\/DSC05040-scaled.jpg","width":2560,"height":1828},{"@type":"BreadcrumbList","@id":"https:\/\/blgnoticiassantodomingo.net\/index.php\/2022\/03\/21\/enterate-de-los-cambios-realizados-la-digesett\/#breadcrumb","itemListElement":[{"@type":"ListItem","position":1,"name":"Portada","item":"https:\/\/blgnoticiassantodomingo.net\/"},{"@type":"ListItem","position":2,"name":"Ent\u00e9rate de los cambios realizados la DIGESETT"}]},{"@type":"WebSite","@id":"https:\/\/blgnoticiassantodomingo.net\/#website","url":"https:\/\/blgnoticiassantodomingo.net\/","name":"BLG Noticias","description":"Esto es Noticias","publisher":{"@id":"https:\/\/blgnoticiassantodomingo.net\/#organization"},"potentialAction":[{"@type":"SearchAction","target":{"@type":"EntryPoint","urlTemplate":"https:\/\/blgnoticiassantodomingo.net\/?s={search_term_string}"},"query-input":{"@type":"PropertyValueSpecification","valueRequired":true,"valueName":"search_term_string"}}],"inLanguage":"es"},{"@type":"Organization","@id":"https:\/\/blgnoticiassantodomingo.net\/#organization","name":"BLG Noticias","url":"https:\/\/blgnoticiassantodomingo.net\/","logo":{"@type":"ImageObject","inLanguage":"es","@id":"https:\/\/blgnoticiassantodomingo.net\/#\/schema\/logo\/image\/","url":"https:\/\/blgnoticiassantodomingo.net\/wp-content\/uploads\/2023\/12\/Diseno-sin-titulo-3.jpg","contentUrl":"https:\/\/blgnoticiassantodomingo.net\/wp-content\/uploads\/2023\/12\/Diseno-sin-titulo-3.jpg","width":500,"height":500,"caption":"BLG Noticias"},"image":{"@id":"https:\/\/blgnoticiassantodomingo.net\/#\/schema\/logo\/image\/"},"sameAs":["https:\/\/web.facebook.com\/BlgNoticias\/?locale=es_LA&_rdc=1&_rdr","https:\/\/x.com\/BlgNoticias","https:\/\/www.linkedin.com\/in\/brenda-l-santana-aa846279\/"]},{"@type":"Person","@id":"https:\/\/blgnoticiassantodomingo.net\/#\/schema\/person\/e2fc21cf88acc63dbd134be981bff374","name":"Brenda Guerrero","image":{"@type":"ImageObject","inLanguage":"es","@id":"https:\/\/blgnoticiassantodomingo.net\/#\/schema\/person\/image\/","url":"https:\/\/secure.gravatar.com\/avatar\/2f7fc4c3e3655be1580cb684bfd8ab19be702ae20879da1e072021daa02f9b8b?s=96&d=wp_user_avatar&r=g","contentUrl":"https:\/\/secure.gravatar.com\/avatar\/2f7fc4c3e3655be1580cb684bfd8ab19be702ae20879da1e072021daa02f9b8b?s=96&d=wp_user_avatar&r=g","caption":"Brenda Guerrero"},"description":"Periodista","url":"https:\/\/blgnoticiassantodomingo.net\/index.php\/author\/brenda-guerrero\/"}]}},"jetpack_featured_media_url":"https:\/\/blgnoticiassantodomingo.net\/wp-content\/uploads\/2022\/03\/DSC05040-scaled.jpg","_links":{"self":[{"href":"https:\/\/blgnoticiassantodomingo.net\/index.php\/wp-json\/wp\/v2\/posts\/30712","targetHints":{"allow":["GET"]}}],"collection":[{"href":"https:\/\/blgnoticiassantodomingo.net\/index.php\/wp-json\/wp\/v2\/posts"}],"about":[{"href":"https:\/\/blgnoticiassantodomingo.net\/index.php\/wp-json\/wp\/v2\/types\/post"}],"author":[{"embeddable":true,"href":"https:\/\/blgnoticiassantodomingo.net\/index.php\/wp-json\/wp\/v2\/users\/2"}],"replies":[{"embeddable":true,"href":"https:\/\/blgnoticiassantodomingo.net\/index.php\/wp-json\/wp\/v2\/comments?post=30712"}],"version-history":[{"count":1,"href":"https:\/\/blgnoticiassantodomingo.net\/index.php\/wp-json\/wp\/v2\/posts\/30712\/revisions"}],"predecessor-version":[{"id":30714,"href":"https:\/\/blgnoticiassantodomingo.net\/index.php\/wp-json\/wp\/v2\/posts\/30712\/revisions\/30714"}],"wp:featuredmedia":[{"embeddable":true,"href":"https:\/\/blgnoticiassantodomingo.net\/index.php\/wp-json\/wp\/v2\/media\/30713"}],"wp:attachment":[{"href":"https:\/\/blgnoticiassantodomingo.net\/index.php\/wp-json\/wp\/v2\/media?parent=30712"}],"wp:term":[{"taxonomy":"category","embeddable":true,"href":"https:\/\/blgnoticiassantodomingo.net\/index.php\/wp-json\/wp\/v2\/categories?post=30712"},{"taxonomy":"post_tag","embeddable":true,"href":"https:\/\/blgnoticiassantodomingo.net\/index.php\/wp-json\/wp\/v2\/tags?post=30712"}],"curies":[{"name":"wp","href":"https:\/\/api.w.org\/{rel}","templated":true}]}}