{"id":30333,"date":"2022-01-29T11:15:05","date_gmt":"2022-01-29T15:15:05","guid":{"rendered":"https:\/\/blgnoticiassantodomingo.net\/?p=30333"},"modified":"2022-01-29T11:15:06","modified_gmt":"2022-01-29T15:15:06","slug":"comerciantes-del-mercado-nuevo-de-villas-agricolas-d-n-respaldan-gestion-mayor-general-alberto-then","status":"publish","type":"post","link":"https:\/\/blgnoticiassantodomingo.net\/index.php\/2022\/01\/29\/comerciantes-del-mercado-nuevo-de-villas-agricolas-d-n-respaldan-gestion-mayor-general-alberto-then\/","title":{"rendered":"<strong>Comerciantes del Mercado Nuevo de Villas Agr\u00edcolas, D.N, respaldan gesti\u00f3n mayor general Alberto Then<\/strong>"},"content":{"rendered":"\n<p>El accionar del director general de la Polic\u00eda Nacional, mayor general Eduardo Alberto Then, y el modelo de proximidad implementado con la ciudadan\u00eda, recibi\u00f3 el respaldo de la Federaci\u00f3n de Comerciantes del Mercado Nuevo de Villas Agr\u00edcolas, de esta capital.<\/p>\n\n\n\n<p>Durante un encuentro, celebrado en el despacho del director policial, una comisi\u00f3n de comerciantes del sector Villas Agr\u00edcolas, encabezada por su presidente Miguel Minaya, anunci\u00f3 que crear\u00e1n un patronato de apoyo a la instituci\u00f3n del orden.<\/p>\n\n\n\n<p>Sobre este particular, Minaya adelant\u00f3 que trabajar\u00e1n en coordinaci\u00f3n con las autoridades policiales, con el objetivo de seguir mejorando los niveles de seguridad ciudadana en toda la zona del Mercado Nuevo y \u00e1reas aleda\u00f1as.<\/p>\n\n\n\n<p>\u00abNos sentimos muy satisfechos por la acogida que nos ha ofrecido el mayor general Alberto Then y nos hemos comprometido a trabajar unidos para lograr mejores resultados\u00bb, dijo Minaya.&nbsp;<\/p>\n\n\n\n<p>De su lado, el mayor general Alberto Then agradeci\u00f3 la integraci\u00f3n a los proyectos de la instituci\u00f3n y alta valoraci\u00f3n a su gesti\u00f3n expresada por los comerciantes del Mercado Nuevo.<\/p>\n\n\n\n<p>Dijo que, en los pr\u00f3ximos d\u00edas, en coordinaci\u00f3n con Iv\u00e1n Garc\u00eda, presidente de la Federaci\u00f3n Nacional de Comerciantes, ser\u00e1 juramentado el Patronato de Apoyo a la Polic\u00eda.<\/p>\n\n\n\n<p>Aprovech\u00f3 para reiterar que la doctrina de proximidad y un acercamiento real con la ciudadan\u00eda de buena voluntad es el principal objetivo de su gesti\u00f3n, ya que se requiere recuperar por completo la confianza de cada ciudadano.<\/p>\n\n\n\n<p>Se recuerda que a la fecha han sido creados y juramentados 11 patronatos de respaldo a la Polic\u00eda, quienes, entre otras cosas, tienen la misi\u00f3n de velar para que los veh\u00edculos institucionales sean cuidados y reciban el correcto mantenimiento. Junto a Minaya estuvieron presentes los se\u00f1ores Antonio Then, Juan Polanco, Marcos P\u00e9rez, Luchy Hern\u00e1ndez y Alberto Leru.<\/p>\n","protected":false},"excerpt":{"rendered":"<p>El accionar del director general de la Polic\u00eda Nacional, mayor general Eduardo Alberto Then, y el modelo de proximidad implementado con la ciudadan\u00eda, recibi\u00f3 el respaldo de la Federaci\u00f3n de Comerciantes del Mercado Nuevo de Villas Agr\u00edcolas, de esta capital. Durante un encuentro, celebrado en el despacho del director policial, una comisi\u00f3n de comerciantes del [&hellip;]<\/p>\n","protected":false},"author":3,"featured_media":30334,"comment_status":"open","ping_status":"open","sticky":false,"template":"","format":"standard","meta":{"footnotes":""},"categories":[220],"tags":[6594,2483],"class_list":{"0":"post-30333","1":"post","2":"type-post","3":"status-publish","4":"format-standard","5":"has-post-thumbnail","7":"category-nacionales","8":"tag-alberto-then","9":"tag-dn"},"yoast_head":"<!-- This site is optimized with the Yoast SEO plugin v24.9 - https:\/\/yoast.com\/wordpress\/plugins\/seo\/ -->\n<title>Comerciantes del Mercado Nuevo de Villas Agr\u00edcolas, D.N, respaldan gesti\u00f3n mayor general Alberto Then - BLG Noticias<\/title>\n<meta name=\"robots\" content=\"index, follow, max-snippet:-1, max-image-preview:large, max-video-preview:-1\" \/>\n<link rel=\"canonical\" href=\"https:\/\/blgnoticiassantodomingo.net\/index.php\/2022\/01\/29\/comerciantes-del-mercado-nuevo-de-villas-agricolas-d-n-respaldan-gestion-mayor-general-alberto-then\/\" \/>\n<meta property=\"og:locale\" content=\"es_ES\" \/>\n<meta property=\"og:type\" content=\"article\" \/>\n<meta property=\"og:title\" content=\"Comerciantes del Mercado Nuevo de Villas Agr\u00edcolas, D.N, respaldan gesti\u00f3n mayor general Alberto Then - BLG Noticias\" \/>\n<meta property=\"og:description\" content=\"El accionar del director general de la Polic\u00eda Nacional, mayor general Eduardo Alberto Then, y el modelo de proximidad implementado con la ciudadan\u00eda, recibi\u00f3 el respaldo de la Federaci\u00f3n de Comerciantes del Mercado Nuevo de Villas Agr\u00edcolas, de esta capital. Durante un encuentro, celebrado en el despacho del director policial, una comisi\u00f3n de comerciantes del [&hellip;]\" \/>\n<meta property=\"og:url\" content=\"https:\/\/blgnoticiassantodomingo.net\/index.php\/2022\/01\/29\/comerciantes-del-mercado-nuevo-de-villas-agricolas-d-n-respaldan-gestion-mayor-general-alberto-then\/\" \/>\n<meta property=\"og:site_name\" content=\"BLG Noticias\" \/>\n<meta property=\"article:publisher\" content=\"https:\/\/web.facebook.com\/BlgNoticias\/?locale=es_LA&amp;_rdc=1&amp;_rdr\" \/>\n<meta property=\"article:published_time\" content=\"2022-01-29T15:15:05+00:00\" \/>\n<meta property=\"article:modified_time\" content=\"2022-01-29T15:15:06+00:00\" \/>\n<meta property=\"og:image\" content=\"https:\/\/blgnoticiassantodomingo.net\/wp-content\/uploads\/2022\/01\/pn-jefe-770x540-1.jpeg\" \/>\n\t<meta property=\"og:image:width\" content=\"770\" \/>\n\t<meta property=\"og:image:height\" content=\"540\" \/>\n\t<meta property=\"og:image:type\" content=\"image\/jpeg\" \/>\n<meta name=\"author\" content=\"Yerlin Payano\" \/>\n<meta name=\"twitter:card\" content=\"summary_large_image\" \/>\n<meta name=\"twitter:creator\" content=\"@BlgNoticias\" \/>\n<meta name=\"twitter:site\" content=\"@BlgNoticias\" \/>\n<meta name=\"twitter:label1\" content=\"Escrito por\" \/>\n\t<meta name=\"twitter:data1\" content=\"Yerlin Payano\" \/>\n\t<meta name=\"twitter:label2\" content=\"Tiempo de lectura\" \/>\n\t<meta name=\"twitter:data2\" content=\"2 minutos\" \/>\n<script type=\"application\/ld+json\" class=\"yoast-schema-graph\">{\"@context\":\"https:\/\/schema.org\",\"@graph\":[{\"@type\":\"Article\",\"@id\":\"https:\/\/blgnoticiassantodomingo.net\/index.php\/2022\/01\/29\/comerciantes-del-mercado-nuevo-de-villas-agricolas-d-n-respaldan-gestion-mayor-general-alberto-then\/#article\",\"isPartOf\":{\"@id\":\"https:\/\/blgnoticiassantodomingo.net\/index.php\/2022\/01\/29\/comerciantes-del-mercado-nuevo-de-villas-agricolas-d-n-respaldan-gestion-mayor-general-alberto-then\/\"},\"author\":{\"name\":\"Yerlin Payano\",\"@id\":\"https:\/\/blgnoticiassantodomingo.net\/#\/schema\/person\/03b67e608d24e551f208708811f9dec0\"},\"headline\":\"Comerciantes del Mercado Nuevo de Villas Agr\u00edcolas, D.N, respaldan gesti\u00f3n mayor general Alberto Then\",\"datePublished\":\"2022-01-29T15:15:05+00:00\",\"dateModified\":\"2022-01-29T15:15:06+00:00\",\"mainEntityOfPage\":{\"@id\":\"https:\/\/blgnoticiassantodomingo.net\/index.php\/2022\/01\/29\/comerciantes-del-mercado-nuevo-de-villas-agricolas-d-n-respaldan-gestion-mayor-general-alberto-then\/\"},\"wordCount\":337,\"commentCount\":0,\"publisher\":{\"@id\":\"https:\/\/blgnoticiassantodomingo.net\/#organization\"},\"image\":{\"@id\":\"https:\/\/blgnoticiassantodomingo.net\/index.php\/2022\/01\/29\/comerciantes-del-mercado-nuevo-de-villas-agricolas-d-n-respaldan-gestion-mayor-general-alberto-then\/#primaryimage\"},\"thumbnailUrl\":\"https:\/\/blgnoticiassantodomingo.net\/wp-content\/uploads\/2022\/01\/pn-jefe-770x540-1.jpeg\",\"keywords\":[\"Alberto Then\",\"DN\"],\"articleSection\":[\"Nacionales\"],\"inLanguage\":\"es\",\"potentialAction\":[{\"@type\":\"CommentAction\",\"name\":\"Comment\",\"target\":[\"https:\/\/blgnoticiassantodomingo.net\/index.php\/2022\/01\/29\/comerciantes-del-mercado-nuevo-de-villas-agricolas-d-n-respaldan-gestion-mayor-general-alberto-then\/#respond\"]}]},{\"@type\":\"WebPage\",\"@id\":\"https:\/\/blgnoticiassantodomingo.net\/index.php\/2022\/01\/29\/comerciantes-del-mercado-nuevo-de-villas-agricolas-d-n-respaldan-gestion-mayor-general-alberto-then\/\",\"url\":\"https:\/\/blgnoticiassantodomingo.net\/index.php\/2022\/01\/29\/comerciantes-del-mercado-nuevo-de-villas-agricolas-d-n-respaldan-gestion-mayor-general-alberto-then\/\",\"name\":\"Comerciantes del Mercado Nuevo de Villas Agr\u00edcolas, D.N, respaldan gesti\u00f3n mayor general Alberto Then - BLG Noticias\",\"isPartOf\":{\"@id\":\"https:\/\/blgnoticiassantodomingo.net\/#website\"},\"primaryImageOfPage\":{\"@id\":\"https:\/\/blgnoticiassantodomingo.net\/index.php\/2022\/01\/29\/comerciantes-del-mercado-nuevo-de-villas-agricolas-d-n-respaldan-gestion-mayor-general-alberto-then\/#primaryimage\"},\"image\":{\"@id\":\"https:\/\/blgnoticiassantodomingo.net\/index.php\/2022\/01\/29\/comerciantes-del-mercado-nuevo-de-villas-agricolas-d-n-respaldan-gestion-mayor-general-alberto-then\/#primaryimage\"},\"thumbnailUrl\":\"https:\/\/blgnoticiassantodomingo.net\/wp-content\/uploads\/2022\/01\/pn-jefe-770x540-1.jpeg\",\"datePublished\":\"2022-01-29T15:15:05+00:00\",\"dateModified\":\"2022-01-29T15:15:06+00:00\",\"breadcrumb\":{\"@id\":\"https:\/\/blgnoticiassantodomingo.net\/index.php\/2022\/01\/29\/comerciantes-del-mercado-nuevo-de-villas-agricolas-d-n-respaldan-gestion-mayor-general-alberto-then\/#breadcrumb\"},\"inLanguage\":\"es\",\"potentialAction\":[{\"@type\":\"ReadAction\",\"target\":[\"https:\/\/blgnoticiassantodomingo.net\/index.php\/2022\/01\/29\/comerciantes-del-mercado-nuevo-de-villas-agricolas-d-n-respaldan-gestion-mayor-general-alberto-then\/\"]}]},{\"@type\":\"ImageObject\",\"inLanguage\":\"es\",\"@id\":\"https:\/\/blgnoticiassantodomingo.net\/index.php\/2022\/01\/29\/comerciantes-del-mercado-nuevo-de-villas-agricolas-d-n-respaldan-gestion-mayor-general-alberto-then\/#primaryimage\",\"url\":\"https:\/\/blgnoticiassantodomingo.net\/wp-content\/uploads\/2022\/01\/pn-jefe-770x540-1.jpeg\",\"contentUrl\":\"https:\/\/blgnoticiassantodomingo.net\/wp-content\/uploads\/2022\/01\/pn-jefe-770x540-1.jpeg\",\"width\":770,\"height\":540},{\"@type\":\"BreadcrumbList\",\"@id\":\"https:\/\/blgnoticiassantodomingo.net\/index.php\/2022\/01\/29\/comerciantes-del-mercado-nuevo-de-villas-agricolas-d-n-respaldan-gestion-mayor-general-alberto-then\/#breadcrumb\",\"itemListElement\":[{\"@type\":\"ListItem\",\"position\":1,\"name\":\"Portada\",\"item\":\"https:\/\/blgnoticiassantodomingo.net\/\"},{\"@type\":\"ListItem\",\"position\":2,\"name\":\"Comerciantes del Mercado Nuevo de Villas Agr\u00edcolas, D.N, respaldan gesti\u00f3n mayor general Alberto Then\"}]},{\"@type\":\"WebSite\",\"@id\":\"https:\/\/blgnoticiassantodomingo.net\/#website\",\"url\":\"https:\/\/blgnoticiassantodomingo.net\/\",\"name\":\"BLG Noticias\",\"description\":\"Esto es Noticias\",\"publisher\":{\"@id\":\"https:\/\/blgnoticiassantodomingo.net\/#organization\"},\"potentialAction\":[{\"@type\":\"SearchAction\",\"target\":{\"@type\":\"EntryPoint\",\"urlTemplate\":\"https:\/\/blgnoticiassantodomingo.net\/?s={search_term_string}\"},\"query-input\":{\"@type\":\"PropertyValueSpecification\",\"valueRequired\":true,\"valueName\":\"search_term_string\"}}],\"inLanguage\":\"es\"},{\"@type\":\"Organization\",\"@id\":\"https:\/\/blgnoticiassantodomingo.net\/#organization\",\"name\":\"BLG Noticias\",\"url\":\"https:\/\/blgnoticiassantodomingo.net\/\",\"logo\":{\"@type\":\"ImageObject\",\"inLanguage\":\"es\",\"@id\":\"https:\/\/blgnoticiassantodomingo.net\/#\/schema\/logo\/image\/\",\"url\":\"https:\/\/blgnoticiassantodomingo.net\/wp-content\/uploads\/2023\/12\/Diseno-sin-titulo-3.jpg\",\"contentUrl\":\"https:\/\/blgnoticiassantodomingo.net\/wp-content\/uploads\/2023\/12\/Diseno-sin-titulo-3.jpg\",\"width\":500,\"height\":500,\"caption\":\"BLG Noticias\"},\"image\":{\"@id\":\"https:\/\/blgnoticiassantodomingo.net\/#\/schema\/logo\/image\/\"},\"sameAs\":[\"https:\/\/web.facebook.com\/BlgNoticias\/?locale=es_LA&_rdc=1&_rdr\",\"https:\/\/x.com\/BlgNoticias\",\"https:\/\/www.linkedin.com\/in\/brenda-l-santana-aa846279\/\"]},{\"@type\":\"Person\",\"@id\":\"https:\/\/blgnoticiassantodomingo.net\/#\/schema\/person\/03b67e608d24e551f208708811f9dec0\",\"name\":\"Yerlin Payano\",\"image\":{\"@type\":\"ImageObject\",\"inLanguage\":\"es\",\"@id\":\"https:\/\/blgnoticiassantodomingo.net\/#\/schema\/person\/image\/\",\"url\":\"https:\/\/secure.gravatar.com\/avatar\/0df11eeed431210345b3a5364c9941af1e921c3e99c30e40a827773db05d19f2?s=96&d=wp_user_avatar&r=g\",\"contentUrl\":\"https:\/\/secure.gravatar.com\/avatar\/0df11eeed431210345b3a5364c9941af1e921c3e99c30e40a827773db05d19f2?s=96&d=wp_user_avatar&r=g\",\"caption\":\"Yerlin Payano\"},\"sameAs\":[\"http:\/\/blgnoticiassantodomingo.net\/\"],\"url\":\"https:\/\/blgnoticiassantodomingo.net\/index.php\/author\/yerlinpayano\/\"}]}<\/script>\n<!-- \/ Yoast SEO plugin. -->","yoast_head_json":{"title":"Comerciantes del Mercado Nuevo de Villas Agr\u00edcolas, D.N, respaldan gesti\u00f3n mayor general Alberto Then - BLG Noticias","robots":{"index":"index","follow":"follow","max-snippet":"max-snippet:-1","max-image-preview":"max-image-preview:large","max-video-preview":"max-video-preview:-1"},"canonical":"https:\/\/blgnoticiassantodomingo.net\/index.php\/2022\/01\/29\/comerciantes-del-mercado-nuevo-de-villas-agricolas-d-n-respaldan-gestion-mayor-general-alberto-then\/","og_locale":"es_ES","og_type":"article","og_title":"Comerciantes del Mercado Nuevo de Villas Agr\u00edcolas, D.N, respaldan gesti\u00f3n mayor general Alberto Then - BLG Noticias","og_description":"El accionar del director general de la Polic\u00eda Nacional, mayor general Eduardo Alberto Then, y el modelo de proximidad implementado con la ciudadan\u00eda, recibi\u00f3 el respaldo de la Federaci\u00f3n de Comerciantes del Mercado Nuevo de Villas Agr\u00edcolas, de esta capital. Durante un encuentro, celebrado en el despacho del director policial, una comisi\u00f3n de comerciantes del [&hellip;]","og_url":"https:\/\/blgnoticiassantodomingo.net\/index.php\/2022\/01\/29\/comerciantes-del-mercado-nuevo-de-villas-agricolas-d-n-respaldan-gestion-mayor-general-alberto-then\/","og_site_name":"BLG Noticias","article_publisher":"https:\/\/web.facebook.com\/BlgNoticias\/?locale=es_LA&_rdc=1&_rdr","article_published_time":"2022-01-29T15:15:05+00:00","article_modified_time":"2022-01-29T15:15:06+00:00","og_image":[{"width":770,"height":540,"url":"https:\/\/blgnoticiassantodomingo.net\/wp-content\/uploads\/2022\/01\/pn-jefe-770x540-1.jpeg","type":"image\/jpeg"}],"author":"Yerlin Payano","twitter_card":"summary_large_image","twitter_creator":"@BlgNoticias","twitter_site":"@BlgNoticias","twitter_misc":{"Escrito por":"Yerlin Payano","Tiempo de lectura":"2 minutos"},"schema":{"@context":"https:\/\/schema.org","@graph":[{"@type":"Article","@id":"https:\/\/blgnoticiassantodomingo.net\/index.php\/2022\/01\/29\/comerciantes-del-mercado-nuevo-de-villas-agricolas-d-n-respaldan-gestion-mayor-general-alberto-then\/#article","isPartOf":{"@id":"https:\/\/blgnoticiassantodomingo.net\/index.php\/2022\/01\/29\/comerciantes-del-mercado-nuevo-de-villas-agricolas-d-n-respaldan-gestion-mayor-general-alberto-then\/"},"author":{"name":"Yerlin Payano","@id":"https:\/\/blgnoticiassantodomingo.net\/#\/schema\/person\/03b67e608d24e551f208708811f9dec0"},"headline":"Comerciantes del Mercado Nuevo de Villas Agr\u00edcolas, D.N, respaldan gesti\u00f3n mayor general Alberto Then","datePublished":"2022-01-29T15:15:05+00:00","dateModified":"2022-01-29T15:15:06+00:00","mainEntityOfPage":{"@id":"https:\/\/blgnoticiassantodomingo.net\/index.php\/2022\/01\/29\/comerciantes-del-mercado-nuevo-de-villas-agricolas-d-n-respaldan-gestion-mayor-general-alberto-then\/"},"wordCount":337,"commentCount":0,"publisher":{"@id":"https:\/\/blgnoticiassantodomingo.net\/#organization"},"image":{"@id":"https:\/\/blgnoticiassantodomingo.net\/index.php\/2022\/01\/29\/comerciantes-del-mercado-nuevo-de-villas-agricolas-d-n-respaldan-gestion-mayor-general-alberto-then\/#primaryimage"},"thumbnailUrl":"https:\/\/blgnoticiassantodomingo.net\/wp-content\/uploads\/2022\/01\/pn-jefe-770x540-1.jpeg","keywords":["Alberto Then","DN"],"articleSection":["Nacionales"],"inLanguage":"es","potentialAction":[{"@type":"CommentAction","name":"Comment","target":["https:\/\/blgnoticiassantodomingo.net\/index.php\/2022\/01\/29\/comerciantes-del-mercado-nuevo-de-villas-agricolas-d-n-respaldan-gestion-mayor-general-alberto-then\/#respond"]}]},{"@type":"WebPage","@id":"https:\/\/blgnoticiassantodomingo.net\/index.php\/2022\/01\/29\/comerciantes-del-mercado-nuevo-de-villas-agricolas-d-n-respaldan-gestion-mayor-general-alberto-then\/","url":"https:\/\/blgnoticiassantodomingo.net\/index.php\/2022\/01\/29\/comerciantes-del-mercado-nuevo-de-villas-agricolas-d-n-respaldan-gestion-mayor-general-alberto-then\/","name":"Comerciantes del Mercado Nuevo de Villas Agr\u00edcolas, D.N, respaldan gesti\u00f3n mayor general Alberto Then - BLG Noticias","isPartOf":{"@id":"https:\/\/blgnoticiassantodomingo.net\/#website"},"primaryImageOfPage":{"@id":"https:\/\/blgnoticiassantodomingo.net\/index.php\/2022\/01\/29\/comerciantes-del-mercado-nuevo-de-villas-agricolas-d-n-respaldan-gestion-mayor-general-alberto-then\/#primaryimage"},"image":{"@id":"https:\/\/blgnoticiassantodomingo.net\/index.php\/2022\/01\/29\/comerciantes-del-mercado-nuevo-de-villas-agricolas-d-n-respaldan-gestion-mayor-general-alberto-then\/#primaryimage"},"thumbnailUrl":"https:\/\/blgnoticiassantodomingo.net\/wp-content\/uploads\/2022\/01\/pn-jefe-770x540-1.jpeg","datePublished":"2022-01-29T15:15:05+00:00","dateModified":"2022-01-29T15:15:06+00:00","breadcrumb":{"@id":"https:\/\/blgnoticiassantodomingo.net\/index.php\/2022\/01\/29\/comerciantes-del-mercado-nuevo-de-villas-agricolas-d-n-respaldan-gestion-mayor-general-alberto-then\/#breadcrumb"},"inLanguage":"es","potentialAction":[{"@type":"ReadAction","target":["https:\/\/blgnoticiassantodomingo.net\/index.php\/2022\/01\/29\/comerciantes-del-mercado-nuevo-de-villas-agricolas-d-n-respaldan-gestion-mayor-general-alberto-then\/"]}]},{"@type":"ImageObject","inLanguage":"es","@id":"https:\/\/blgnoticiassantodomingo.net\/index.php\/2022\/01\/29\/comerciantes-del-mercado-nuevo-de-villas-agricolas-d-n-respaldan-gestion-mayor-general-alberto-then\/#primaryimage","url":"https:\/\/blgnoticiassantodomingo.net\/wp-content\/uploads\/2022\/01\/pn-jefe-770x540-1.jpeg","contentUrl":"https:\/\/blgnoticiassantodomingo.net\/wp-content\/uploads\/2022\/01\/pn-jefe-770x540-1.jpeg","width":770,"height":540},{"@type":"BreadcrumbList","@id":"https:\/\/blgnoticiassantodomingo.net\/index.php\/2022\/01\/29\/comerciantes-del-mercado-nuevo-de-villas-agricolas-d-n-respaldan-gestion-mayor-general-alberto-then\/#breadcrumb","itemListElement":[{"@type":"ListItem","position":1,"name":"Portada","item":"https:\/\/blgnoticiassantodomingo.net\/"},{"@type":"ListItem","position":2,"name":"Comerciantes del Mercado Nuevo de Villas Agr\u00edcolas, D.N, respaldan gesti\u00f3n mayor general Alberto Then"}]},{"@type":"WebSite","@id":"https:\/\/blgnoticiassantodomingo.net\/#website","url":"https:\/\/blgnoticiassantodomingo.net\/","name":"BLG Noticias","description":"Esto es Noticias","publisher":{"@id":"https:\/\/blgnoticiassantodomingo.net\/#organization"},"potentialAction":[{"@type":"SearchAction","target":{"@type":"EntryPoint","urlTemplate":"https:\/\/blgnoticiassantodomingo.net\/?s={search_term_string}"},"query-input":{"@type":"PropertyValueSpecification","valueRequired":true,"valueName":"search_term_string"}}],"inLanguage":"es"},{"@type":"Organization","@id":"https:\/\/blgnoticiassantodomingo.net\/#organization","name":"BLG Noticias","url":"https:\/\/blgnoticiassantodomingo.net\/","logo":{"@type":"ImageObject","inLanguage":"es","@id":"https:\/\/blgnoticiassantodomingo.net\/#\/schema\/logo\/image\/","url":"https:\/\/blgnoticiassantodomingo.net\/wp-content\/uploads\/2023\/12\/Diseno-sin-titulo-3.jpg","contentUrl":"https:\/\/blgnoticiassantodomingo.net\/wp-content\/uploads\/2023\/12\/Diseno-sin-titulo-3.jpg","width":500,"height":500,"caption":"BLG Noticias"},"image":{"@id":"https:\/\/blgnoticiassantodomingo.net\/#\/schema\/logo\/image\/"},"sameAs":["https:\/\/web.facebook.com\/BlgNoticias\/?locale=es_LA&_rdc=1&_rdr","https:\/\/x.com\/BlgNoticias","https:\/\/www.linkedin.com\/in\/brenda-l-santana-aa846279\/"]},{"@type":"Person","@id":"https:\/\/blgnoticiassantodomingo.net\/#\/schema\/person\/03b67e608d24e551f208708811f9dec0","name":"Yerlin Payano","image":{"@type":"ImageObject","inLanguage":"es","@id":"https:\/\/blgnoticiassantodomingo.net\/#\/schema\/person\/image\/","url":"https:\/\/secure.gravatar.com\/avatar\/0df11eeed431210345b3a5364c9941af1e921c3e99c30e40a827773db05d19f2?s=96&d=wp_user_avatar&r=g","contentUrl":"https:\/\/secure.gravatar.com\/avatar\/0df11eeed431210345b3a5364c9941af1e921c3e99c30e40a827773db05d19f2?s=96&d=wp_user_avatar&r=g","caption":"Yerlin Payano"},"sameAs":["http:\/\/blgnoticiassantodomingo.net\/"],"url":"https:\/\/blgnoticiassantodomingo.net\/index.php\/author\/yerlinpayano\/"}]}},"jetpack_featured_media_url":"https:\/\/blgnoticiassantodomingo.net\/wp-content\/uploads\/2022\/01\/pn-jefe-770x540-1.jpeg","_links":{"self":[{"href":"https:\/\/blgnoticiassantodomingo.net\/index.php\/wp-json\/wp\/v2\/posts\/30333","targetHints":{"allow":["GET"]}}],"collection":[{"href":"https:\/\/blgnoticiassantodomingo.net\/index.php\/wp-json\/wp\/v2\/posts"}],"about":[{"href":"https:\/\/blgnoticiassantodomingo.net\/index.php\/wp-json\/wp\/v2\/types\/post"}],"author":[{"embeddable":true,"href":"https:\/\/blgnoticiassantodomingo.net\/index.php\/wp-json\/wp\/v2\/users\/3"}],"replies":[{"embeddable":true,"href":"https:\/\/blgnoticiassantodomingo.net\/index.php\/wp-json\/wp\/v2\/comments?post=30333"}],"version-history":[{"count":1,"href":"https:\/\/blgnoticiassantodomingo.net\/index.php\/wp-json\/wp\/v2\/posts\/30333\/revisions"}],"predecessor-version":[{"id":30335,"href":"https:\/\/blgnoticiassantodomingo.net\/index.php\/wp-json\/wp\/v2\/posts\/30333\/revisions\/30335"}],"wp:featuredmedia":[{"embeddable":true,"href":"https:\/\/blgnoticiassantodomingo.net\/index.php\/wp-json\/wp\/v2\/media\/30334"}],"wp:attachment":[{"href":"https:\/\/blgnoticiassantodomingo.net\/index.php\/wp-json\/wp\/v2\/media?parent=30333"}],"wp:term":[{"taxonomy":"category","embeddable":true,"href":"https:\/\/blgnoticiassantodomingo.net\/index.php\/wp-json\/wp\/v2\/categories?post=30333"},{"taxonomy":"post_tag","embeddable":true,"href":"https:\/\/blgnoticiassantodomingo.net\/index.php\/wp-json\/wp\/v2\/tags?post=30333"}],"curies":[{"name":"wp","href":"https:\/\/api.w.org\/{rel}","templated":true}]}}