{"id":3023,"date":"2019-12-05T13:03:45","date_gmt":"2019-12-05T13:03:45","guid":{"rendered":"http:\/\/blgnoticiassantodomingo.net\/?p=3023"},"modified":"2019-12-05T13:03:46","modified_gmt":"2019-12-05T13:03:46","slug":"cesar-el-abusador-tenia-una-cedula-colombiana-con-identidad-diferente","status":"publish","type":"post","link":"https:\/\/blgnoticiassantodomingo.net\/index.php\/2019\/12\/05\/cesar-el-abusador-tenia-una-cedula-colombiana-con-identidad-diferente\/","title":{"rendered":"C\u00e9sar el Abusador ten\u00eda una c\u00e9dula colombiana con identidad diferente ."},"content":{"rendered":"\n<p>C\u00e9sar Emilio Peralta (el Abusador) ten\u00eda una c\u00e9dula colombiana con una identidad diferente a la suya, seg\u00fan confirm\u00f3 el jefe de la Polic\u00eda de Cartagena, Henry Sanabria.<\/p>\n\n\n\n<p>De acuerdo con las declaraciones del general, los colombianos les pidieron el nombre y el documento, pero C\u00e9sar el Abusador se ha negado a revelarlos porque esa identidad est\u00e1 asociada con otros casos de violencia, y \u00e9l, en su derecho de defensa, ha preferido guardar silencio.<\/p>\n\n\n\n<p>Con este documento que registra datos diferentes a los reales, era que C\u00e9sar el Abusador hac\u00eda vida en Colombia.<\/p>\n\n\n\n<p>El identificado como el narcotraficante m\u00e1s importante de Rep\u00fablica Dominicana en las \u00faltimas d\u00e9cadas, est\u00e1 a la espera de ser extraditado desde Colombia a Estados Unidos, donde tiene un expediente abierto relacionado con el narcotr\u00e1fico.<\/p>\n\n\n\n<p>Para su extradici\u00f3n, a C\u00e9sar el Abusador se le practicaron varios ex\u00e1menes de rigor, por lo que se espera que sea trasladado de Cartagena, a Bogot\u00e1, capital colombiana y desde all\u00ed a EEUU.<\/p>\n\n\n\n<p>&nbsp;El imputado fue apresado la madrugada del lunes en una zona exclusiva de Cartagena.<\/p>\n\n\n\n<p>De acuerdo a las autoridades colombianas, el presunto narcotraficante confes\u00f3 que tiene tres meses en ese pa\u00eds sudamericano, algo que contradice la versi\u00f3n de las autoridades dominicanas, que aseguran que \u00e9l sali\u00f3 de Rep\u00fablica Dominicana pocos d\u00edas antes de su arresto, el cual se produjo el lunes dos de diciembre.&nbsp;<\/p>\n","protected":false},"excerpt":{"rendered":"<p>C\u00e9sar Emilio Peralta (el Abusador) ten\u00eda una c\u00e9dula colombiana con una identidad diferente a la suya, seg\u00fan confirm\u00f3 el jefe de la Polic\u00eda de Cartagena, Henry Sanabria. De acuerdo con las declaraciones del general, los colombianos les pidieron el nombre y el documento, pero C\u00e9sar el Abusador se ha negado a revelarlos porque esa identidad [&hellip;]<\/p>\n","protected":false},"author":2,"featured_media":3024,"comment_status":"open","ping_status":"open","sticky":false,"template":"","format":"standard","meta":{"footnotes":""},"categories":[220],"tags":[351,353],"class_list":{"0":"post-3023","1":"post","2":"type-post","3":"status-publish","4":"format-standard","5":"has-post-thumbnail","7":"category-nacionales","8":"tag-cesar-el-abusador","9":"tag-cesar-emilio-peralta"},"yoast_head":"<!-- This site is optimized with the Yoast SEO plugin v24.9 - https:\/\/yoast.com\/wordpress\/plugins\/seo\/ -->\n<title>C\u00e9sar el Abusador ten\u00eda una c\u00e9dula colombiana con identidad diferente . - BLG Noticias<\/title>\n<meta name=\"robots\" content=\"index, follow, max-snippet:-1, max-image-preview:large, max-video-preview:-1\" \/>\n<link rel=\"canonical\" href=\"https:\/\/blgnoticiassantodomingo.net\/index.php\/2019\/12\/05\/cesar-el-abusador-tenia-una-cedula-colombiana-con-identidad-diferente\/\" \/>\n<meta property=\"og:locale\" content=\"es_ES\" \/>\n<meta property=\"og:type\" content=\"article\" \/>\n<meta property=\"og:title\" content=\"C\u00e9sar el Abusador ten\u00eda una c\u00e9dula colombiana con identidad diferente . - BLG Noticias\" \/>\n<meta property=\"og:description\" content=\"C\u00e9sar Emilio Peralta (el Abusador) ten\u00eda una c\u00e9dula colombiana con una identidad diferente a la suya, seg\u00fan confirm\u00f3 el jefe de la Polic\u00eda de Cartagena, Henry Sanabria. De acuerdo con las declaraciones del general, los colombianos les pidieron el nombre y el documento, pero C\u00e9sar el Abusador se ha negado a revelarlos porque esa identidad [&hellip;]\" \/>\n<meta property=\"og:url\" content=\"https:\/\/blgnoticiassantodomingo.net\/index.php\/2019\/12\/05\/cesar-el-abusador-tenia-una-cedula-colombiana-con-identidad-diferente\/\" \/>\n<meta property=\"og:site_name\" content=\"BLG Noticias\" \/>\n<meta property=\"article:publisher\" content=\"https:\/\/web.facebook.com\/BlgNoticias\/?locale=es_LA&amp;_rdc=1&amp;_rdr\" \/>\n<meta property=\"article:published_time\" content=\"2019-12-05T13:03:45+00:00\" \/>\n<meta property=\"article:modified_time\" content=\"2019-12-05T13:03:46+00:00\" \/>\n<meta property=\"og:image\" content=\"https:\/\/blgnoticiassantodomingo.net\/wp-content\/uploads\/2019\/12\/201912051237191.jpeg\" \/>\n\t<meta property=\"og:image:width\" content=\"541\" \/>\n\t<meta property=\"og:image:height\" content=\"460\" \/>\n\t<meta property=\"og:image:type\" content=\"image\/jpeg\" \/>\n<meta name=\"author\" content=\"Brenda Guerrero\" \/>\n<meta name=\"twitter:card\" content=\"summary_large_image\" \/>\n<meta name=\"twitter:creator\" content=\"@BlgNoticias\" \/>\n<meta name=\"twitter:site\" content=\"@BlgNoticias\" \/>\n<meta name=\"twitter:label1\" content=\"Escrito por\" \/>\n\t<meta name=\"twitter:data1\" content=\"Brenda Guerrero\" \/>\n\t<meta name=\"twitter:label2\" content=\"Tiempo de lectura\" \/>\n\t<meta name=\"twitter:data2\" content=\"1 minuto\" \/>\n<script type=\"application\/ld+json\" class=\"yoast-schema-graph\">{\"@context\":\"https:\/\/schema.org\",\"@graph\":[{\"@type\":\"Article\",\"@id\":\"https:\/\/blgnoticiassantodomingo.net\/index.php\/2019\/12\/05\/cesar-el-abusador-tenia-una-cedula-colombiana-con-identidad-diferente\/#article\",\"isPartOf\":{\"@id\":\"https:\/\/blgnoticiassantodomingo.net\/index.php\/2019\/12\/05\/cesar-el-abusador-tenia-una-cedula-colombiana-con-identidad-diferente\/\"},\"author\":{\"name\":\"Brenda Guerrero\",\"@id\":\"https:\/\/blgnoticiassantodomingo.net\/#\/schema\/person\/e2fc21cf88acc63dbd134be981bff374\"},\"headline\":\"C\u00e9sar el Abusador ten\u00eda una c\u00e9dula colombiana con identidad diferente .\",\"datePublished\":\"2019-12-05T13:03:45+00:00\",\"dateModified\":\"2019-12-05T13:03:46+00:00\",\"mainEntityOfPage\":{\"@id\":\"https:\/\/blgnoticiassantodomingo.net\/index.php\/2019\/12\/05\/cesar-el-abusador-tenia-una-cedula-colombiana-con-identidad-diferente\/\"},\"wordCount\":258,\"commentCount\":0,\"publisher\":{\"@id\":\"https:\/\/blgnoticiassantodomingo.net\/#organization\"},\"image\":{\"@id\":\"https:\/\/blgnoticiassantodomingo.net\/index.php\/2019\/12\/05\/cesar-el-abusador-tenia-una-cedula-colombiana-con-identidad-diferente\/#primaryimage\"},\"thumbnailUrl\":\"https:\/\/blgnoticiassantodomingo.net\/wp-content\/uploads\/2019\/12\/201912051237191.jpeg\",\"keywords\":[\"Cesar el Abusador\",\"Cesar Emilio Peralta\"],\"articleSection\":[\"Nacionales\"],\"inLanguage\":\"es\",\"potentialAction\":[{\"@type\":\"CommentAction\",\"name\":\"Comment\",\"target\":[\"https:\/\/blgnoticiassantodomingo.net\/index.php\/2019\/12\/05\/cesar-el-abusador-tenia-una-cedula-colombiana-con-identidad-diferente\/#respond\"]}]},{\"@type\":\"WebPage\",\"@id\":\"https:\/\/blgnoticiassantodomingo.net\/index.php\/2019\/12\/05\/cesar-el-abusador-tenia-una-cedula-colombiana-con-identidad-diferente\/\",\"url\":\"https:\/\/blgnoticiassantodomingo.net\/index.php\/2019\/12\/05\/cesar-el-abusador-tenia-una-cedula-colombiana-con-identidad-diferente\/\",\"name\":\"C\u00e9sar el Abusador ten\u00eda una c\u00e9dula colombiana con identidad diferente . - BLG Noticias\",\"isPartOf\":{\"@id\":\"https:\/\/blgnoticiassantodomingo.net\/#website\"},\"primaryImageOfPage\":{\"@id\":\"https:\/\/blgnoticiassantodomingo.net\/index.php\/2019\/12\/05\/cesar-el-abusador-tenia-una-cedula-colombiana-con-identidad-diferente\/#primaryimage\"},\"image\":{\"@id\":\"https:\/\/blgnoticiassantodomingo.net\/index.php\/2019\/12\/05\/cesar-el-abusador-tenia-una-cedula-colombiana-con-identidad-diferente\/#primaryimage\"},\"thumbnailUrl\":\"https:\/\/blgnoticiassantodomingo.net\/wp-content\/uploads\/2019\/12\/201912051237191.jpeg\",\"datePublished\":\"2019-12-05T13:03:45+00:00\",\"dateModified\":\"2019-12-05T13:03:46+00:00\",\"breadcrumb\":{\"@id\":\"https:\/\/blgnoticiassantodomingo.net\/index.php\/2019\/12\/05\/cesar-el-abusador-tenia-una-cedula-colombiana-con-identidad-diferente\/#breadcrumb\"},\"inLanguage\":\"es\",\"potentialAction\":[{\"@type\":\"ReadAction\",\"target\":[\"https:\/\/blgnoticiassantodomingo.net\/index.php\/2019\/12\/05\/cesar-el-abusador-tenia-una-cedula-colombiana-con-identidad-diferente\/\"]}]},{\"@type\":\"ImageObject\",\"inLanguage\":\"es\",\"@id\":\"https:\/\/blgnoticiassantodomingo.net\/index.php\/2019\/12\/05\/cesar-el-abusador-tenia-una-cedula-colombiana-con-identidad-diferente\/#primaryimage\",\"url\":\"https:\/\/blgnoticiassantodomingo.net\/wp-content\/uploads\/2019\/12\/201912051237191.jpeg\",\"contentUrl\":\"https:\/\/blgnoticiassantodomingo.net\/wp-content\/uploads\/2019\/12\/201912051237191.jpeg\",\"width\":541,\"height\":460},{\"@type\":\"BreadcrumbList\",\"@id\":\"https:\/\/blgnoticiassantodomingo.net\/index.php\/2019\/12\/05\/cesar-el-abusador-tenia-una-cedula-colombiana-con-identidad-diferente\/#breadcrumb\",\"itemListElement\":[{\"@type\":\"ListItem\",\"position\":1,\"name\":\"Portada\",\"item\":\"https:\/\/blgnoticiassantodomingo.net\/\"},{\"@type\":\"ListItem\",\"position\":2,\"name\":\"C\u00e9sar el Abusador ten\u00eda una c\u00e9dula colombiana con identidad diferente .\"}]},{\"@type\":\"WebSite\",\"@id\":\"https:\/\/blgnoticiassantodomingo.net\/#website\",\"url\":\"https:\/\/blgnoticiassantodomingo.net\/\",\"name\":\"BLG Noticias\",\"description\":\"Esto es Noticias\",\"publisher\":{\"@id\":\"https:\/\/blgnoticiassantodomingo.net\/#organization\"},\"potentialAction\":[{\"@type\":\"SearchAction\",\"target\":{\"@type\":\"EntryPoint\",\"urlTemplate\":\"https:\/\/blgnoticiassantodomingo.net\/?s={search_term_string}\"},\"query-input\":{\"@type\":\"PropertyValueSpecification\",\"valueRequired\":true,\"valueName\":\"search_term_string\"}}],\"inLanguage\":\"es\"},{\"@type\":\"Organization\",\"@id\":\"https:\/\/blgnoticiassantodomingo.net\/#organization\",\"name\":\"BLG Noticias\",\"url\":\"https:\/\/blgnoticiassantodomingo.net\/\",\"logo\":{\"@type\":\"ImageObject\",\"inLanguage\":\"es\",\"@id\":\"https:\/\/blgnoticiassantodomingo.net\/#\/schema\/logo\/image\/\",\"url\":\"https:\/\/blgnoticiassantodomingo.net\/wp-content\/uploads\/2023\/12\/Diseno-sin-titulo-3.jpg\",\"contentUrl\":\"https:\/\/blgnoticiassantodomingo.net\/wp-content\/uploads\/2023\/12\/Diseno-sin-titulo-3.jpg\",\"width\":500,\"height\":500,\"caption\":\"BLG Noticias\"},\"image\":{\"@id\":\"https:\/\/blgnoticiassantodomingo.net\/#\/schema\/logo\/image\/\"},\"sameAs\":[\"https:\/\/web.facebook.com\/BlgNoticias\/?locale=es_LA&_rdc=1&_rdr\",\"https:\/\/x.com\/BlgNoticias\",\"https:\/\/www.linkedin.com\/in\/brenda-l-santana-aa846279\/\"]},{\"@type\":\"Person\",\"@id\":\"https:\/\/blgnoticiassantodomingo.net\/#\/schema\/person\/e2fc21cf88acc63dbd134be981bff374\",\"name\":\"Brenda Guerrero\",\"image\":{\"@type\":\"ImageObject\",\"inLanguage\":\"es\",\"@id\":\"https:\/\/blgnoticiassantodomingo.net\/#\/schema\/person\/image\/\",\"url\":\"https:\/\/secure.gravatar.com\/avatar\/2f7fc4c3e3655be1580cb684bfd8ab19be702ae20879da1e072021daa02f9b8b?s=96&d=wp_user_avatar&r=g\",\"contentUrl\":\"https:\/\/secure.gravatar.com\/avatar\/2f7fc4c3e3655be1580cb684bfd8ab19be702ae20879da1e072021daa02f9b8b?s=96&d=wp_user_avatar&r=g\",\"caption\":\"Brenda Guerrero\"},\"description\":\"Periodista\",\"url\":\"https:\/\/blgnoticiassantodomingo.net\/index.php\/author\/brenda-guerrero\/\"}]}<\/script>\n<!-- \/ Yoast SEO plugin. -->","yoast_head_json":{"title":"C\u00e9sar el Abusador ten\u00eda una c\u00e9dula colombiana con identidad diferente . - BLG Noticias","robots":{"index":"index","follow":"follow","max-snippet":"max-snippet:-1","max-image-preview":"max-image-preview:large","max-video-preview":"max-video-preview:-1"},"canonical":"https:\/\/blgnoticiassantodomingo.net\/index.php\/2019\/12\/05\/cesar-el-abusador-tenia-una-cedula-colombiana-con-identidad-diferente\/","og_locale":"es_ES","og_type":"article","og_title":"C\u00e9sar el Abusador ten\u00eda una c\u00e9dula colombiana con identidad diferente . - BLG Noticias","og_description":"C\u00e9sar Emilio Peralta (el Abusador) ten\u00eda una c\u00e9dula colombiana con una identidad diferente a la suya, seg\u00fan confirm\u00f3 el jefe de la Polic\u00eda de Cartagena, Henry Sanabria. De acuerdo con las declaraciones del general, los colombianos les pidieron el nombre y el documento, pero C\u00e9sar el Abusador se ha negado a revelarlos porque esa identidad [&hellip;]","og_url":"https:\/\/blgnoticiassantodomingo.net\/index.php\/2019\/12\/05\/cesar-el-abusador-tenia-una-cedula-colombiana-con-identidad-diferente\/","og_site_name":"BLG Noticias","article_publisher":"https:\/\/web.facebook.com\/BlgNoticias\/?locale=es_LA&_rdc=1&_rdr","article_published_time":"2019-12-05T13:03:45+00:00","article_modified_time":"2019-12-05T13:03:46+00:00","og_image":[{"width":541,"height":460,"url":"https:\/\/blgnoticiassantodomingo.net\/wp-content\/uploads\/2019\/12\/201912051237191.jpeg","type":"image\/jpeg"}],"author":"Brenda Guerrero","twitter_card":"summary_large_image","twitter_creator":"@BlgNoticias","twitter_site":"@BlgNoticias","twitter_misc":{"Escrito por":"Brenda Guerrero","Tiempo de lectura":"1 minuto"},"schema":{"@context":"https:\/\/schema.org","@graph":[{"@type":"Article","@id":"https:\/\/blgnoticiassantodomingo.net\/index.php\/2019\/12\/05\/cesar-el-abusador-tenia-una-cedula-colombiana-con-identidad-diferente\/#article","isPartOf":{"@id":"https:\/\/blgnoticiassantodomingo.net\/index.php\/2019\/12\/05\/cesar-el-abusador-tenia-una-cedula-colombiana-con-identidad-diferente\/"},"author":{"name":"Brenda Guerrero","@id":"https:\/\/blgnoticiassantodomingo.net\/#\/schema\/person\/e2fc21cf88acc63dbd134be981bff374"},"headline":"C\u00e9sar el Abusador ten\u00eda una c\u00e9dula colombiana con identidad diferente .","datePublished":"2019-12-05T13:03:45+00:00","dateModified":"2019-12-05T13:03:46+00:00","mainEntityOfPage":{"@id":"https:\/\/blgnoticiassantodomingo.net\/index.php\/2019\/12\/05\/cesar-el-abusador-tenia-una-cedula-colombiana-con-identidad-diferente\/"},"wordCount":258,"commentCount":0,"publisher":{"@id":"https:\/\/blgnoticiassantodomingo.net\/#organization"},"image":{"@id":"https:\/\/blgnoticiassantodomingo.net\/index.php\/2019\/12\/05\/cesar-el-abusador-tenia-una-cedula-colombiana-con-identidad-diferente\/#primaryimage"},"thumbnailUrl":"https:\/\/blgnoticiassantodomingo.net\/wp-content\/uploads\/2019\/12\/201912051237191.jpeg","keywords":["Cesar el Abusador","Cesar Emilio Peralta"],"articleSection":["Nacionales"],"inLanguage":"es","potentialAction":[{"@type":"CommentAction","name":"Comment","target":["https:\/\/blgnoticiassantodomingo.net\/index.php\/2019\/12\/05\/cesar-el-abusador-tenia-una-cedula-colombiana-con-identidad-diferente\/#respond"]}]},{"@type":"WebPage","@id":"https:\/\/blgnoticiassantodomingo.net\/index.php\/2019\/12\/05\/cesar-el-abusador-tenia-una-cedula-colombiana-con-identidad-diferente\/","url":"https:\/\/blgnoticiassantodomingo.net\/index.php\/2019\/12\/05\/cesar-el-abusador-tenia-una-cedula-colombiana-con-identidad-diferente\/","name":"C\u00e9sar el Abusador ten\u00eda una c\u00e9dula colombiana con identidad diferente . - BLG Noticias","isPartOf":{"@id":"https:\/\/blgnoticiassantodomingo.net\/#website"},"primaryImageOfPage":{"@id":"https:\/\/blgnoticiassantodomingo.net\/index.php\/2019\/12\/05\/cesar-el-abusador-tenia-una-cedula-colombiana-con-identidad-diferente\/#primaryimage"},"image":{"@id":"https:\/\/blgnoticiassantodomingo.net\/index.php\/2019\/12\/05\/cesar-el-abusador-tenia-una-cedula-colombiana-con-identidad-diferente\/#primaryimage"},"thumbnailUrl":"https:\/\/blgnoticiassantodomingo.net\/wp-content\/uploads\/2019\/12\/201912051237191.jpeg","datePublished":"2019-12-05T13:03:45+00:00","dateModified":"2019-12-05T13:03:46+00:00","breadcrumb":{"@id":"https:\/\/blgnoticiassantodomingo.net\/index.php\/2019\/12\/05\/cesar-el-abusador-tenia-una-cedula-colombiana-con-identidad-diferente\/#breadcrumb"},"inLanguage":"es","potentialAction":[{"@type":"ReadAction","target":["https:\/\/blgnoticiassantodomingo.net\/index.php\/2019\/12\/05\/cesar-el-abusador-tenia-una-cedula-colombiana-con-identidad-diferente\/"]}]},{"@type":"ImageObject","inLanguage":"es","@id":"https:\/\/blgnoticiassantodomingo.net\/index.php\/2019\/12\/05\/cesar-el-abusador-tenia-una-cedula-colombiana-con-identidad-diferente\/#primaryimage","url":"https:\/\/blgnoticiassantodomingo.net\/wp-content\/uploads\/2019\/12\/201912051237191.jpeg","contentUrl":"https:\/\/blgnoticiassantodomingo.net\/wp-content\/uploads\/2019\/12\/201912051237191.jpeg","width":541,"height":460},{"@type":"BreadcrumbList","@id":"https:\/\/blgnoticiassantodomingo.net\/index.php\/2019\/12\/05\/cesar-el-abusador-tenia-una-cedula-colombiana-con-identidad-diferente\/#breadcrumb","itemListElement":[{"@type":"ListItem","position":1,"name":"Portada","item":"https:\/\/blgnoticiassantodomingo.net\/"},{"@type":"ListItem","position":2,"name":"C\u00e9sar el Abusador ten\u00eda una c\u00e9dula colombiana con identidad diferente ."}]},{"@type":"WebSite","@id":"https:\/\/blgnoticiassantodomingo.net\/#website","url":"https:\/\/blgnoticiassantodomingo.net\/","name":"BLG Noticias","description":"Esto es Noticias","publisher":{"@id":"https:\/\/blgnoticiassantodomingo.net\/#organization"},"potentialAction":[{"@type":"SearchAction","target":{"@type":"EntryPoint","urlTemplate":"https:\/\/blgnoticiassantodomingo.net\/?s={search_term_string}"},"query-input":{"@type":"PropertyValueSpecification","valueRequired":true,"valueName":"search_term_string"}}],"inLanguage":"es"},{"@type":"Organization","@id":"https:\/\/blgnoticiassantodomingo.net\/#organization","name":"BLG Noticias","url":"https:\/\/blgnoticiassantodomingo.net\/","logo":{"@type":"ImageObject","inLanguage":"es","@id":"https:\/\/blgnoticiassantodomingo.net\/#\/schema\/logo\/image\/","url":"https:\/\/blgnoticiassantodomingo.net\/wp-content\/uploads\/2023\/12\/Diseno-sin-titulo-3.jpg","contentUrl":"https:\/\/blgnoticiassantodomingo.net\/wp-content\/uploads\/2023\/12\/Diseno-sin-titulo-3.jpg","width":500,"height":500,"caption":"BLG Noticias"},"image":{"@id":"https:\/\/blgnoticiassantodomingo.net\/#\/schema\/logo\/image\/"},"sameAs":["https:\/\/web.facebook.com\/BlgNoticias\/?locale=es_LA&_rdc=1&_rdr","https:\/\/x.com\/BlgNoticias","https:\/\/www.linkedin.com\/in\/brenda-l-santana-aa846279\/"]},{"@type":"Person","@id":"https:\/\/blgnoticiassantodomingo.net\/#\/schema\/person\/e2fc21cf88acc63dbd134be981bff374","name":"Brenda Guerrero","image":{"@type":"ImageObject","inLanguage":"es","@id":"https:\/\/blgnoticiassantodomingo.net\/#\/schema\/person\/image\/","url":"https:\/\/secure.gravatar.com\/avatar\/2f7fc4c3e3655be1580cb684bfd8ab19be702ae20879da1e072021daa02f9b8b?s=96&d=wp_user_avatar&r=g","contentUrl":"https:\/\/secure.gravatar.com\/avatar\/2f7fc4c3e3655be1580cb684bfd8ab19be702ae20879da1e072021daa02f9b8b?s=96&d=wp_user_avatar&r=g","caption":"Brenda Guerrero"},"description":"Periodista","url":"https:\/\/blgnoticiassantodomingo.net\/index.php\/author\/brenda-guerrero\/"}]}},"jetpack_featured_media_url":"https:\/\/blgnoticiassantodomingo.net\/wp-content\/uploads\/2019\/12\/201912051237191.jpeg","_links":{"self":[{"href":"https:\/\/blgnoticiassantodomingo.net\/index.php\/wp-json\/wp\/v2\/posts\/3023","targetHints":{"allow":["GET"]}}],"collection":[{"href":"https:\/\/blgnoticiassantodomingo.net\/index.php\/wp-json\/wp\/v2\/posts"}],"about":[{"href":"https:\/\/blgnoticiassantodomingo.net\/index.php\/wp-json\/wp\/v2\/types\/post"}],"author":[{"embeddable":true,"href":"https:\/\/blgnoticiassantodomingo.net\/index.php\/wp-json\/wp\/v2\/users\/2"}],"replies":[{"embeddable":true,"href":"https:\/\/blgnoticiassantodomingo.net\/index.php\/wp-json\/wp\/v2\/comments?post=3023"}],"version-history":[{"count":1,"href":"https:\/\/blgnoticiassantodomingo.net\/index.php\/wp-json\/wp\/v2\/posts\/3023\/revisions"}],"predecessor-version":[{"id":3025,"href":"https:\/\/blgnoticiassantodomingo.net\/index.php\/wp-json\/wp\/v2\/posts\/3023\/revisions\/3025"}],"wp:featuredmedia":[{"embeddable":true,"href":"https:\/\/blgnoticiassantodomingo.net\/index.php\/wp-json\/wp\/v2\/media\/3024"}],"wp:attachment":[{"href":"https:\/\/blgnoticiassantodomingo.net\/index.php\/wp-json\/wp\/v2\/media?parent=3023"}],"wp:term":[{"taxonomy":"category","embeddable":true,"href":"https:\/\/blgnoticiassantodomingo.net\/index.php\/wp-json\/wp\/v2\/categories?post=3023"},{"taxonomy":"post_tag","embeddable":true,"href":"https:\/\/blgnoticiassantodomingo.net\/index.php\/wp-json\/wp\/v2\/tags?post=3023"}],"curies":[{"name":"wp","href":"https:\/\/api.w.org\/{rel}","templated":true}]}}