{"id":2981,"date":"2019-12-04T17:43:21","date_gmt":"2019-12-04T17:43:21","guid":{"rendered":"http:\/\/blgnoticiassantodomingo.net\/?p=2981"},"modified":"2019-12-04T17:43:22","modified_gmt":"2019-12-04T17:43:22","slug":"el-gobierno-iniciara-manana-el-pago-de-la-regalia-pascual-a-servidores-publicos","status":"publish","type":"post","link":"https:\/\/blgnoticiassantodomingo.net\/index.php\/2019\/12\/04\/el-gobierno-iniciara-manana-el-pago-de-la-regalia-pascual-a-servidores-publicos\/","title":{"rendered":"El Gobierno iniciar\u00e1 ma\u00f1ana el  pago de la Regal\u00eda pascual a servidores p\u00fablicos"},"content":{"rendered":"\n<p><strong><em>19,922 &nbsp;millones de &nbsp;pesos ser\u00e1n desembolsados a &nbsp;trav\u00e9s de la<\/em><\/strong><\/p>\n\n\n\n<p><strong><em>Santo Domingo, R. D.&nbsp;<\/em><\/strong><strong><em>E<\/em><\/strong><em>l&nbsp;<\/em><strong><em>Gobierno&nbsp;<\/em><\/strong><em>a trav\u00e9s de la<\/em><strong><em>Tesorer\u00eda Nacional &nbsp;<\/em><\/strong><em>iniciar\u00e1<\/em><em>&nbsp;ma\u00f1ana&nbsp;<\/em><em>la erogaci\u00f3n de&nbsp;<\/em><strong><em>19,922 millones<\/em><\/strong><em>&nbsp;de pesos<\/em><strong><em>&nbsp;<\/em><\/strong><em>por concepto de&nbsp;<\/em><strong><em>Regal\u00eda Pascual<\/em><\/strong><em>&nbsp;&nbsp;a&nbsp;<\/em><em>los servidores del gobierno central y pensionados del Estado, tal y como ha sido tradici\u00f3n de los \u00faltimos 7 a\u00f1os del&nbsp;<\/em><strong><em>presidente Danilo Medina S\u00e1nchez.&nbsp;<\/em><\/strong><\/p>\n\n\n\n<p><em>El Tesorero Nacional<\/em><strong><em>, &nbsp;Lic. Alberto Perdomo Pi\u00f1a<\/em><\/strong><em>, inform\u00f3 que los primeros en recibir el sueldo n\u00famero trece son los pensionados y jubilados civiles y militares, y luego continuar\u00e1n con las instituciones castrenses, Ministerio de Defensa, &nbsp;Ejercito Dominicano, A<\/em><em>r<\/em><em>mada Dominicana y Fuerza A\u00e9rea de la Rep\u00fablica Dominicana, incluyendo los miembros de la Polic\u00eda Nacional.<\/em><\/p>\n\n\n\n<p><em>Agreg\u00f3 que luego seguir\u00e1n &nbsp;los ministerios con mayor n\u00famero de empleados, tales como Educaci\u00f3n y &nbsp;Salud P\u00fablica.&nbsp;<\/em><\/p>\n\n\n\n<p><em>Agreg\u00f3 que los recursos que se desembolsar\u00e1n no incluyen los montos que pagar\u00e1n algunas entidades aut\u00f3nomas del Estado, los ayuntamientos y las juntas municipales.<\/em><\/p>\n\n\n\n<p><em>Se\u00f1al\u00f3 que los empleados de esta instituci\u00f3n &nbsp;trabajan a toda capacidad &nbsp;para que las n\u00f3minas lleguen temprano y el pago se pueda realizar en el tiempo establecido. &nbsp;<\/em><\/p>\n","protected":false},"excerpt":{"rendered":"<p>19,922 &nbsp;millones de &nbsp;pesos ser\u00e1n desembolsados a &nbsp;trav\u00e9s de la Santo Domingo, R. D.&nbsp;El&nbsp;Gobierno&nbsp;a trav\u00e9s de laTesorer\u00eda Nacional &nbsp;iniciar\u00e1&nbsp;ma\u00f1ana&nbsp;la erogaci\u00f3n de&nbsp;19,922 millones&nbsp;de pesos&nbsp;por concepto de&nbsp;Regal\u00eda Pascual&nbsp;&nbsp;a&nbsp;los servidores del gobierno central y pensionados del Estado, tal y como ha sido tradici\u00f3n de los \u00faltimos 7 a\u00f1os del&nbsp;presidente Danilo Medina S\u00e1nchez.&nbsp; El Tesorero Nacional, &nbsp;Lic. Alberto Perdomo [&hellip;]<\/p>\n","protected":false},"author":2,"featured_media":2982,"comment_status":"open","ping_status":"open","sticky":false,"template":"","format":"standard","meta":{"footnotes":""},"categories":[220],"tags":[788,789,416],"class_list":{"0":"post-2981","1":"post","2":"type-post","3":"status-publish","4":"format-standard","5":"has-post-thumbnail","7":"category-nacionales","8":"tag-alberto-perdomo-pina","9":"tag-pago-regalia-pascual","10":"tag-tesoreria-nacional"},"yoast_head":"<!-- This site is optimized with the Yoast SEO plugin v24.9 - https:\/\/yoast.com\/wordpress\/plugins\/seo\/ -->\n<title>El Gobierno iniciar\u00e1 ma\u00f1ana el pago de la Regal\u00eda pascual a servidores p\u00fablicos - BLG Noticias<\/title>\n<meta name=\"robots\" content=\"index, follow, max-snippet:-1, max-image-preview:large, max-video-preview:-1\" \/>\n<link rel=\"canonical\" href=\"https:\/\/blgnoticiassantodomingo.net\/index.php\/2019\/12\/04\/el-gobierno-iniciara-manana-el-pago-de-la-regalia-pascual-a-servidores-publicos\/\" \/>\n<meta property=\"og:locale\" content=\"es_ES\" \/>\n<meta property=\"og:type\" content=\"article\" \/>\n<meta property=\"og:title\" content=\"El Gobierno iniciar\u00e1 ma\u00f1ana el pago de la Regal\u00eda pascual a servidores p\u00fablicos - BLG Noticias\" \/>\n<meta property=\"og:description\" content=\"19,922 &nbsp;millones de &nbsp;pesos ser\u00e1n desembolsados a &nbsp;trav\u00e9s de la Santo Domingo, R. D.&nbsp;El&nbsp;Gobierno&nbsp;a trav\u00e9s de laTesorer\u00eda Nacional &nbsp;iniciar\u00e1&nbsp;ma\u00f1ana&nbsp;la erogaci\u00f3n de&nbsp;19,922 millones&nbsp;de pesos&nbsp;por concepto de&nbsp;Regal\u00eda Pascual&nbsp;&nbsp;a&nbsp;los servidores del gobierno central y pensionados del Estado, tal y como ha sido tradici\u00f3n de los \u00faltimos 7 a\u00f1os del&nbsp;presidente Danilo Medina S\u00e1nchez.&nbsp; El Tesorero Nacional, &nbsp;Lic. Alberto Perdomo [&hellip;]\" \/>\n<meta property=\"og:url\" content=\"https:\/\/blgnoticiassantodomingo.net\/index.php\/2019\/12\/04\/el-gobierno-iniciara-manana-el-pago-de-la-regalia-pascual-a-servidores-publicos\/\" \/>\n<meta property=\"og:site_name\" content=\"BLG Noticias\" \/>\n<meta property=\"article:publisher\" content=\"https:\/\/web.facebook.com\/BlgNoticias\/?locale=es_LA&amp;_rdc=1&amp;_rdr\" \/>\n<meta property=\"article:published_time\" content=\"2019-12-04T17:43:21+00:00\" \/>\n<meta property=\"article:modified_time\" content=\"2019-12-04T17:43:22+00:00\" \/>\n<meta property=\"og:image\" content=\"https:\/\/blgnoticiassantodomingo.net\/wp-content\/uploads\/2019\/12\/14319821-A1DE-4394-AE05-E929435D74B1.jpeg\" \/>\n\t<meta property=\"og:image:width\" content=\"2304\" \/>\n\t<meta property=\"og:image:height\" content=\"1296\" \/>\n\t<meta property=\"og:image:type\" content=\"image\/jpeg\" \/>\n<meta name=\"author\" content=\"Brenda Guerrero\" \/>\n<meta name=\"twitter:card\" content=\"summary_large_image\" \/>\n<meta name=\"twitter:creator\" content=\"@BlgNoticias\" \/>\n<meta name=\"twitter:site\" content=\"@BlgNoticias\" \/>\n<meta name=\"twitter:label1\" content=\"Escrito por\" \/>\n\t<meta name=\"twitter:data1\" content=\"Brenda Guerrero\" \/>\n\t<meta name=\"twitter:label2\" content=\"Tiempo de lectura\" \/>\n\t<meta name=\"twitter:data2\" content=\"1 minuto\" \/>\n<script type=\"application\/ld+json\" class=\"yoast-schema-graph\">{\"@context\":\"https:\/\/schema.org\",\"@graph\":[{\"@type\":\"Article\",\"@id\":\"https:\/\/blgnoticiassantodomingo.net\/index.php\/2019\/12\/04\/el-gobierno-iniciara-manana-el-pago-de-la-regalia-pascual-a-servidores-publicos\/#article\",\"isPartOf\":{\"@id\":\"https:\/\/blgnoticiassantodomingo.net\/index.php\/2019\/12\/04\/el-gobierno-iniciara-manana-el-pago-de-la-regalia-pascual-a-servidores-publicos\/\"},\"author\":{\"name\":\"Brenda Guerrero\",\"@id\":\"https:\/\/blgnoticiassantodomingo.net\/#\/schema\/person\/e2fc21cf88acc63dbd134be981bff374\"},\"headline\":\"El Gobierno iniciar\u00e1 ma\u00f1ana el pago de la Regal\u00eda pascual a servidores p\u00fablicos\",\"datePublished\":\"2019-12-04T17:43:21+00:00\",\"dateModified\":\"2019-12-04T17:43:22+00:00\",\"mainEntityOfPage\":{\"@id\":\"https:\/\/blgnoticiassantodomingo.net\/index.php\/2019\/12\/04\/el-gobierno-iniciara-manana-el-pago-de-la-regalia-pascual-a-servidores-publicos\/\"},\"wordCount\":251,\"commentCount\":0,\"publisher\":{\"@id\":\"https:\/\/blgnoticiassantodomingo.net\/#organization\"},\"image\":{\"@id\":\"https:\/\/blgnoticiassantodomingo.net\/index.php\/2019\/12\/04\/el-gobierno-iniciara-manana-el-pago-de-la-regalia-pascual-a-servidores-publicos\/#primaryimage\"},\"thumbnailUrl\":\"https:\/\/blgnoticiassantodomingo.net\/wp-content\/uploads\/2019\/12\/14319821-A1DE-4394-AE05-E929435D74B1.jpeg\",\"keywords\":[\"Alberto Perdomo Pi\u00f1a\",\"Pago regal\u00eda pascual\",\"Tesorer\u00eda Nacional\"],\"articleSection\":[\"Nacionales\"],\"inLanguage\":\"es\",\"potentialAction\":[{\"@type\":\"CommentAction\",\"name\":\"Comment\",\"target\":[\"https:\/\/blgnoticiassantodomingo.net\/index.php\/2019\/12\/04\/el-gobierno-iniciara-manana-el-pago-de-la-regalia-pascual-a-servidores-publicos\/#respond\"]}]},{\"@type\":\"WebPage\",\"@id\":\"https:\/\/blgnoticiassantodomingo.net\/index.php\/2019\/12\/04\/el-gobierno-iniciara-manana-el-pago-de-la-regalia-pascual-a-servidores-publicos\/\",\"url\":\"https:\/\/blgnoticiassantodomingo.net\/index.php\/2019\/12\/04\/el-gobierno-iniciara-manana-el-pago-de-la-regalia-pascual-a-servidores-publicos\/\",\"name\":\"El Gobierno iniciar\u00e1 ma\u00f1ana el pago de la Regal\u00eda pascual a servidores p\u00fablicos - BLG Noticias\",\"isPartOf\":{\"@id\":\"https:\/\/blgnoticiassantodomingo.net\/#website\"},\"primaryImageOfPage\":{\"@id\":\"https:\/\/blgnoticiassantodomingo.net\/index.php\/2019\/12\/04\/el-gobierno-iniciara-manana-el-pago-de-la-regalia-pascual-a-servidores-publicos\/#primaryimage\"},\"image\":{\"@id\":\"https:\/\/blgnoticiassantodomingo.net\/index.php\/2019\/12\/04\/el-gobierno-iniciara-manana-el-pago-de-la-regalia-pascual-a-servidores-publicos\/#primaryimage\"},\"thumbnailUrl\":\"https:\/\/blgnoticiassantodomingo.net\/wp-content\/uploads\/2019\/12\/14319821-A1DE-4394-AE05-E929435D74B1.jpeg\",\"datePublished\":\"2019-12-04T17:43:21+00:00\",\"dateModified\":\"2019-12-04T17:43:22+00:00\",\"breadcrumb\":{\"@id\":\"https:\/\/blgnoticiassantodomingo.net\/index.php\/2019\/12\/04\/el-gobierno-iniciara-manana-el-pago-de-la-regalia-pascual-a-servidores-publicos\/#breadcrumb\"},\"inLanguage\":\"es\",\"potentialAction\":[{\"@type\":\"ReadAction\",\"target\":[\"https:\/\/blgnoticiassantodomingo.net\/index.php\/2019\/12\/04\/el-gobierno-iniciara-manana-el-pago-de-la-regalia-pascual-a-servidores-publicos\/\"]}]},{\"@type\":\"ImageObject\",\"inLanguage\":\"es\",\"@id\":\"https:\/\/blgnoticiassantodomingo.net\/index.php\/2019\/12\/04\/el-gobierno-iniciara-manana-el-pago-de-la-regalia-pascual-a-servidores-publicos\/#primaryimage\",\"url\":\"https:\/\/blgnoticiassantodomingo.net\/wp-content\/uploads\/2019\/12\/14319821-A1DE-4394-AE05-E929435D74B1.jpeg\",\"contentUrl\":\"https:\/\/blgnoticiassantodomingo.net\/wp-content\/uploads\/2019\/12\/14319821-A1DE-4394-AE05-E929435D74B1.jpeg\",\"width\":2304,\"height\":1296},{\"@type\":\"BreadcrumbList\",\"@id\":\"https:\/\/blgnoticiassantodomingo.net\/index.php\/2019\/12\/04\/el-gobierno-iniciara-manana-el-pago-de-la-regalia-pascual-a-servidores-publicos\/#breadcrumb\",\"itemListElement\":[{\"@type\":\"ListItem\",\"position\":1,\"name\":\"Portada\",\"item\":\"https:\/\/blgnoticiassantodomingo.net\/\"},{\"@type\":\"ListItem\",\"position\":2,\"name\":\"El Gobierno iniciar\u00e1 ma\u00f1ana el pago de la Regal\u00eda pascual a servidores p\u00fablicos\"}]},{\"@type\":\"WebSite\",\"@id\":\"https:\/\/blgnoticiassantodomingo.net\/#website\",\"url\":\"https:\/\/blgnoticiassantodomingo.net\/\",\"name\":\"BLG Noticias\",\"description\":\"Esto es Noticias\",\"publisher\":{\"@id\":\"https:\/\/blgnoticiassantodomingo.net\/#organization\"},\"potentialAction\":[{\"@type\":\"SearchAction\",\"target\":{\"@type\":\"EntryPoint\",\"urlTemplate\":\"https:\/\/blgnoticiassantodomingo.net\/?s={search_term_string}\"},\"query-input\":{\"@type\":\"PropertyValueSpecification\",\"valueRequired\":true,\"valueName\":\"search_term_string\"}}],\"inLanguage\":\"es\"},{\"@type\":\"Organization\",\"@id\":\"https:\/\/blgnoticiassantodomingo.net\/#organization\",\"name\":\"BLG Noticias\",\"url\":\"https:\/\/blgnoticiassantodomingo.net\/\",\"logo\":{\"@type\":\"ImageObject\",\"inLanguage\":\"es\",\"@id\":\"https:\/\/blgnoticiassantodomingo.net\/#\/schema\/logo\/image\/\",\"url\":\"https:\/\/blgnoticiassantodomingo.net\/wp-content\/uploads\/2023\/12\/Diseno-sin-titulo-3.jpg\",\"contentUrl\":\"https:\/\/blgnoticiassantodomingo.net\/wp-content\/uploads\/2023\/12\/Diseno-sin-titulo-3.jpg\",\"width\":500,\"height\":500,\"caption\":\"BLG Noticias\"},\"image\":{\"@id\":\"https:\/\/blgnoticiassantodomingo.net\/#\/schema\/logo\/image\/\"},\"sameAs\":[\"https:\/\/web.facebook.com\/BlgNoticias\/?locale=es_LA&_rdc=1&_rdr\",\"https:\/\/x.com\/BlgNoticias\",\"https:\/\/www.linkedin.com\/in\/brenda-l-santana-aa846279\/\"]},{\"@type\":\"Person\",\"@id\":\"https:\/\/blgnoticiassantodomingo.net\/#\/schema\/person\/e2fc21cf88acc63dbd134be981bff374\",\"name\":\"Brenda Guerrero\",\"image\":{\"@type\":\"ImageObject\",\"inLanguage\":\"es\",\"@id\":\"https:\/\/blgnoticiassantodomingo.net\/#\/schema\/person\/image\/\",\"url\":\"https:\/\/secure.gravatar.com\/avatar\/2f7fc4c3e3655be1580cb684bfd8ab19be702ae20879da1e072021daa02f9b8b?s=96&d=wp_user_avatar&r=g\",\"contentUrl\":\"https:\/\/secure.gravatar.com\/avatar\/2f7fc4c3e3655be1580cb684bfd8ab19be702ae20879da1e072021daa02f9b8b?s=96&d=wp_user_avatar&r=g\",\"caption\":\"Brenda Guerrero\"},\"description\":\"Periodista\",\"url\":\"https:\/\/blgnoticiassantodomingo.net\/index.php\/author\/brenda-guerrero\/\"}]}<\/script>\n<!-- \/ Yoast SEO plugin. -->","yoast_head_json":{"title":"El Gobierno iniciar\u00e1 ma\u00f1ana el pago de la Regal\u00eda pascual a servidores p\u00fablicos - BLG Noticias","robots":{"index":"index","follow":"follow","max-snippet":"max-snippet:-1","max-image-preview":"max-image-preview:large","max-video-preview":"max-video-preview:-1"},"canonical":"https:\/\/blgnoticiassantodomingo.net\/index.php\/2019\/12\/04\/el-gobierno-iniciara-manana-el-pago-de-la-regalia-pascual-a-servidores-publicos\/","og_locale":"es_ES","og_type":"article","og_title":"El Gobierno iniciar\u00e1 ma\u00f1ana el pago de la Regal\u00eda pascual a servidores p\u00fablicos - BLG Noticias","og_description":"19,922 &nbsp;millones de &nbsp;pesos ser\u00e1n desembolsados a &nbsp;trav\u00e9s de la Santo Domingo, R. D.&nbsp;El&nbsp;Gobierno&nbsp;a trav\u00e9s de laTesorer\u00eda Nacional &nbsp;iniciar\u00e1&nbsp;ma\u00f1ana&nbsp;la erogaci\u00f3n de&nbsp;19,922 millones&nbsp;de pesos&nbsp;por concepto de&nbsp;Regal\u00eda Pascual&nbsp;&nbsp;a&nbsp;los servidores del gobierno central y pensionados del Estado, tal y como ha sido tradici\u00f3n de los \u00faltimos 7 a\u00f1os del&nbsp;presidente Danilo Medina S\u00e1nchez.&nbsp; El Tesorero Nacional, &nbsp;Lic. Alberto Perdomo [&hellip;]","og_url":"https:\/\/blgnoticiassantodomingo.net\/index.php\/2019\/12\/04\/el-gobierno-iniciara-manana-el-pago-de-la-regalia-pascual-a-servidores-publicos\/","og_site_name":"BLG Noticias","article_publisher":"https:\/\/web.facebook.com\/BlgNoticias\/?locale=es_LA&_rdc=1&_rdr","article_published_time":"2019-12-04T17:43:21+00:00","article_modified_time":"2019-12-04T17:43:22+00:00","og_image":[{"width":2304,"height":1296,"url":"https:\/\/blgnoticiassantodomingo.net\/wp-content\/uploads\/2019\/12\/14319821-A1DE-4394-AE05-E929435D74B1.jpeg","type":"image\/jpeg"}],"author":"Brenda Guerrero","twitter_card":"summary_large_image","twitter_creator":"@BlgNoticias","twitter_site":"@BlgNoticias","twitter_misc":{"Escrito por":"Brenda Guerrero","Tiempo de lectura":"1 minuto"},"schema":{"@context":"https:\/\/schema.org","@graph":[{"@type":"Article","@id":"https:\/\/blgnoticiassantodomingo.net\/index.php\/2019\/12\/04\/el-gobierno-iniciara-manana-el-pago-de-la-regalia-pascual-a-servidores-publicos\/#article","isPartOf":{"@id":"https:\/\/blgnoticiassantodomingo.net\/index.php\/2019\/12\/04\/el-gobierno-iniciara-manana-el-pago-de-la-regalia-pascual-a-servidores-publicos\/"},"author":{"name":"Brenda Guerrero","@id":"https:\/\/blgnoticiassantodomingo.net\/#\/schema\/person\/e2fc21cf88acc63dbd134be981bff374"},"headline":"El Gobierno iniciar\u00e1 ma\u00f1ana el pago de la Regal\u00eda pascual a servidores p\u00fablicos","datePublished":"2019-12-04T17:43:21+00:00","dateModified":"2019-12-04T17:43:22+00:00","mainEntityOfPage":{"@id":"https:\/\/blgnoticiassantodomingo.net\/index.php\/2019\/12\/04\/el-gobierno-iniciara-manana-el-pago-de-la-regalia-pascual-a-servidores-publicos\/"},"wordCount":251,"commentCount":0,"publisher":{"@id":"https:\/\/blgnoticiassantodomingo.net\/#organization"},"image":{"@id":"https:\/\/blgnoticiassantodomingo.net\/index.php\/2019\/12\/04\/el-gobierno-iniciara-manana-el-pago-de-la-regalia-pascual-a-servidores-publicos\/#primaryimage"},"thumbnailUrl":"https:\/\/blgnoticiassantodomingo.net\/wp-content\/uploads\/2019\/12\/14319821-A1DE-4394-AE05-E929435D74B1.jpeg","keywords":["Alberto Perdomo Pi\u00f1a","Pago regal\u00eda pascual","Tesorer\u00eda Nacional"],"articleSection":["Nacionales"],"inLanguage":"es","potentialAction":[{"@type":"CommentAction","name":"Comment","target":["https:\/\/blgnoticiassantodomingo.net\/index.php\/2019\/12\/04\/el-gobierno-iniciara-manana-el-pago-de-la-regalia-pascual-a-servidores-publicos\/#respond"]}]},{"@type":"WebPage","@id":"https:\/\/blgnoticiassantodomingo.net\/index.php\/2019\/12\/04\/el-gobierno-iniciara-manana-el-pago-de-la-regalia-pascual-a-servidores-publicos\/","url":"https:\/\/blgnoticiassantodomingo.net\/index.php\/2019\/12\/04\/el-gobierno-iniciara-manana-el-pago-de-la-regalia-pascual-a-servidores-publicos\/","name":"El Gobierno iniciar\u00e1 ma\u00f1ana el pago de la Regal\u00eda pascual a servidores p\u00fablicos - BLG Noticias","isPartOf":{"@id":"https:\/\/blgnoticiassantodomingo.net\/#website"},"primaryImageOfPage":{"@id":"https:\/\/blgnoticiassantodomingo.net\/index.php\/2019\/12\/04\/el-gobierno-iniciara-manana-el-pago-de-la-regalia-pascual-a-servidores-publicos\/#primaryimage"},"image":{"@id":"https:\/\/blgnoticiassantodomingo.net\/index.php\/2019\/12\/04\/el-gobierno-iniciara-manana-el-pago-de-la-regalia-pascual-a-servidores-publicos\/#primaryimage"},"thumbnailUrl":"https:\/\/blgnoticiassantodomingo.net\/wp-content\/uploads\/2019\/12\/14319821-A1DE-4394-AE05-E929435D74B1.jpeg","datePublished":"2019-12-04T17:43:21+00:00","dateModified":"2019-12-04T17:43:22+00:00","breadcrumb":{"@id":"https:\/\/blgnoticiassantodomingo.net\/index.php\/2019\/12\/04\/el-gobierno-iniciara-manana-el-pago-de-la-regalia-pascual-a-servidores-publicos\/#breadcrumb"},"inLanguage":"es","potentialAction":[{"@type":"ReadAction","target":["https:\/\/blgnoticiassantodomingo.net\/index.php\/2019\/12\/04\/el-gobierno-iniciara-manana-el-pago-de-la-regalia-pascual-a-servidores-publicos\/"]}]},{"@type":"ImageObject","inLanguage":"es","@id":"https:\/\/blgnoticiassantodomingo.net\/index.php\/2019\/12\/04\/el-gobierno-iniciara-manana-el-pago-de-la-regalia-pascual-a-servidores-publicos\/#primaryimage","url":"https:\/\/blgnoticiassantodomingo.net\/wp-content\/uploads\/2019\/12\/14319821-A1DE-4394-AE05-E929435D74B1.jpeg","contentUrl":"https:\/\/blgnoticiassantodomingo.net\/wp-content\/uploads\/2019\/12\/14319821-A1DE-4394-AE05-E929435D74B1.jpeg","width":2304,"height":1296},{"@type":"BreadcrumbList","@id":"https:\/\/blgnoticiassantodomingo.net\/index.php\/2019\/12\/04\/el-gobierno-iniciara-manana-el-pago-de-la-regalia-pascual-a-servidores-publicos\/#breadcrumb","itemListElement":[{"@type":"ListItem","position":1,"name":"Portada","item":"https:\/\/blgnoticiassantodomingo.net\/"},{"@type":"ListItem","position":2,"name":"El Gobierno iniciar\u00e1 ma\u00f1ana el pago de la Regal\u00eda pascual a servidores p\u00fablicos"}]},{"@type":"WebSite","@id":"https:\/\/blgnoticiassantodomingo.net\/#website","url":"https:\/\/blgnoticiassantodomingo.net\/","name":"BLG Noticias","description":"Esto es Noticias","publisher":{"@id":"https:\/\/blgnoticiassantodomingo.net\/#organization"},"potentialAction":[{"@type":"SearchAction","target":{"@type":"EntryPoint","urlTemplate":"https:\/\/blgnoticiassantodomingo.net\/?s={search_term_string}"},"query-input":{"@type":"PropertyValueSpecification","valueRequired":true,"valueName":"search_term_string"}}],"inLanguage":"es"},{"@type":"Organization","@id":"https:\/\/blgnoticiassantodomingo.net\/#organization","name":"BLG Noticias","url":"https:\/\/blgnoticiassantodomingo.net\/","logo":{"@type":"ImageObject","inLanguage":"es","@id":"https:\/\/blgnoticiassantodomingo.net\/#\/schema\/logo\/image\/","url":"https:\/\/blgnoticiassantodomingo.net\/wp-content\/uploads\/2023\/12\/Diseno-sin-titulo-3.jpg","contentUrl":"https:\/\/blgnoticiassantodomingo.net\/wp-content\/uploads\/2023\/12\/Diseno-sin-titulo-3.jpg","width":500,"height":500,"caption":"BLG Noticias"},"image":{"@id":"https:\/\/blgnoticiassantodomingo.net\/#\/schema\/logo\/image\/"},"sameAs":["https:\/\/web.facebook.com\/BlgNoticias\/?locale=es_LA&_rdc=1&_rdr","https:\/\/x.com\/BlgNoticias","https:\/\/www.linkedin.com\/in\/brenda-l-santana-aa846279\/"]},{"@type":"Person","@id":"https:\/\/blgnoticiassantodomingo.net\/#\/schema\/person\/e2fc21cf88acc63dbd134be981bff374","name":"Brenda Guerrero","image":{"@type":"ImageObject","inLanguage":"es","@id":"https:\/\/blgnoticiassantodomingo.net\/#\/schema\/person\/image\/","url":"https:\/\/secure.gravatar.com\/avatar\/2f7fc4c3e3655be1580cb684bfd8ab19be702ae20879da1e072021daa02f9b8b?s=96&d=wp_user_avatar&r=g","contentUrl":"https:\/\/secure.gravatar.com\/avatar\/2f7fc4c3e3655be1580cb684bfd8ab19be702ae20879da1e072021daa02f9b8b?s=96&d=wp_user_avatar&r=g","caption":"Brenda Guerrero"},"description":"Periodista","url":"https:\/\/blgnoticiassantodomingo.net\/index.php\/author\/brenda-guerrero\/"}]}},"jetpack_featured_media_url":"https:\/\/blgnoticiassantodomingo.net\/wp-content\/uploads\/2019\/12\/14319821-A1DE-4394-AE05-E929435D74B1.jpeg","_links":{"self":[{"href":"https:\/\/blgnoticiassantodomingo.net\/index.php\/wp-json\/wp\/v2\/posts\/2981","targetHints":{"allow":["GET"]}}],"collection":[{"href":"https:\/\/blgnoticiassantodomingo.net\/index.php\/wp-json\/wp\/v2\/posts"}],"about":[{"href":"https:\/\/blgnoticiassantodomingo.net\/index.php\/wp-json\/wp\/v2\/types\/post"}],"author":[{"embeddable":true,"href":"https:\/\/blgnoticiassantodomingo.net\/index.php\/wp-json\/wp\/v2\/users\/2"}],"replies":[{"embeddable":true,"href":"https:\/\/blgnoticiassantodomingo.net\/index.php\/wp-json\/wp\/v2\/comments?post=2981"}],"version-history":[{"count":1,"href":"https:\/\/blgnoticiassantodomingo.net\/index.php\/wp-json\/wp\/v2\/posts\/2981\/revisions"}],"predecessor-version":[{"id":2983,"href":"https:\/\/blgnoticiassantodomingo.net\/index.php\/wp-json\/wp\/v2\/posts\/2981\/revisions\/2983"}],"wp:featuredmedia":[{"embeddable":true,"href":"https:\/\/blgnoticiassantodomingo.net\/index.php\/wp-json\/wp\/v2\/media\/2982"}],"wp:attachment":[{"href":"https:\/\/blgnoticiassantodomingo.net\/index.php\/wp-json\/wp\/v2\/media?parent=2981"}],"wp:term":[{"taxonomy":"category","embeddable":true,"href":"https:\/\/blgnoticiassantodomingo.net\/index.php\/wp-json\/wp\/v2\/categories?post=2981"},{"taxonomy":"post_tag","embeddable":true,"href":"https:\/\/blgnoticiassantodomingo.net\/index.php\/wp-json\/wp\/v2\/tags?post=2981"}],"curies":[{"name":"wp","href":"https:\/\/api.w.org\/{rel}","templated":true}]}}