{"id":29385,"date":"2021-11-12T09:10:22","date_gmt":"2021-11-12T13:10:22","guid":{"rendered":"https:\/\/blgnoticiassantodomingo.net\/?p=29385"},"modified":"2021-11-12T09:11:47","modified_gmt":"2021-11-12T13:11:47","slug":"paula-arenas-llega-sin-rodeos-al-latin-grammy","status":"publish","type":"post","link":"https:\/\/blgnoticiassantodomingo.net\/index.php\/2021\/11\/12\/paula-arenas-llega-sin-rodeos-al-latin-grammy\/","title":{"rendered":"Paula Arenas llega sin rodeos al Latin Grammy"},"content":{"rendered":"\n<p><strong>AP<\/strong><\/p>\n\n\n\n<p>A veces menos es m\u00e1s, y ese ha sido el caso para Paula Arenas. La cantautora colombiana cambi\u00f3 a un estilo ac\u00fastico y a una producci\u00f3n casera para su EP \u201cMis amores\u201d, que con apenas seis canciones le mereci\u00f3 cuatro nominaciones al Latin Grammy, incluyendo en las categor\u00edas principales de canci\u00f3n, grabaci\u00f3n y \u00e1lbum del a\u00f1o, as\u00ed como mejor \u00e1lbum pop vocal tradicional.<\/p>\n\n\n\n<p>\u201cEstoy que no me lo puedo creer, realmente es toda una sorpresa\u201d, dijo Arenas en una entrevista reciente por videollamada desde Miami, donde reside. \u201cNo me lo esperaba, es que yo soy una artista independiente, con un disco producido por otra mujer, adem\u00e1s ac\u00fastico. De verdad que jam\u00e1s en la vida me hab\u00eda esperado que eso hubiera pasado y pues, \u00a1guau! Estoy celebr\u00e1ndolo y lo celebrar\u00e9 completamente\u201d.<\/p>\n\n\n\n<p>Los Latin Grammy, en su 21ra edici\u00f3n, se entregar\u00e1n el jueves 18 de noviembre en Las Vegas en una ceremonia transmitida en vivo por Univision.<\/p>\n\n\n\n<p>Ya en 2019, Arenas hab\u00eda competido por tres premios con su \u00e1lbum debut, \u201cVisceral\u201d, y en 2017 hab\u00eda sido nominada en la codiciada categor\u00eda de mejor nuevo artista en 2017.<\/p>\n\n\n\n<p>Las seis canciones de \u201cMis amores\u201d incluyen la nominada a canci\u00f3n y grabaci\u00f3n del a\u00f1o \u201cA tu lado\u201d, coescrita con Mar\u00eda Elisa Ayerbe, adem\u00e1s de una versi\u00f3n de la cl\u00e1sica del vallenato \u201cLos caminos de la vida\u201d.<\/p>\n\n\n\n<p>Ayerbe adem\u00e1s coprodujo, mezcl\u00f3 y colabor\u00f3 en la ingenier\u00eda de grabaci\u00f3n del EP surgido en la pandemia, en una \u00e9poca en la que Arenas tambi\u00e9n se convirti\u00f3 en madre de su hijo Le\u00f3n, a quien dedica la canci\u00f3n hom\u00f3nima del \u00e1lbum.<\/p>\n\n\n\n<p>\u201cSomos amigas, yo soy una gran admiradora de su trabajo\u201d, dijo Arenas. \u201cMar\u00eda Luisa estaba muy cerca de m\u00ed todo ese tiempo, todo el tiempo del embarazo estuvimos trabajando\u201d.<\/p>\n\n\n\n<p>\u201cMis amores\u201d tambi\u00e9n cont\u00f3 con la producci\u00f3n de Sebastia?n Meji?a y el experimentado Julio Reyes Copello, con quien Arenas ha colaborado desde su sencillo \u201cNada\u201d de 2016.<\/p>\n\n\n\n<p>\u201cJulio es un maestro\u201d, dijo Arenas. \u201cAdem\u00e1s es mi maestro en lo personal, que conoce mejor mi voz, y siento que cuando grabo con Julio \u00e9l tiende a sacar mi mejor versi\u00f3n y por eso yo siempre estar\u00e9 agradecida\u201d.<\/p>\n\n\n\n<p>Arenas compuso en su mayor\u00eda los temas \u00edntimos del \u00e1lbum, con letras adicionales de Ayerbe, Kany Garci?a, Fernando Osorio, Reyes Copello y Juan Pablo Vega.<\/p>\n\n\n\n<p>\u201cRealmente la intenci\u00f3n era sacar m\u00fasica del alma, la intenci\u00f3n era sacar las canciones que yo hab\u00eda escrito durante la pandemia dedicadas a mi familia y hacerlas realidad\u201d, expres\u00f3. \u201cJustamente ese sonido ac\u00fastico, ese sentimiento que se logra en una sola toma, y eso fue lo que pas\u00f3. Mucho fue grabado en la casa. Realmente lo lindo de este disco es que se vivi\u00f3 en una realidad y se produjo en esa misma realidad\u201d.<\/p>\n\n\n\n<p>Arenas es la \u00fanica mujer solista nominada en las categor\u00edas principales este a\u00f1o (exceptuando por mejor nuevo artista). Evaluna Montaner figura en la categor\u00eda de grabaci\u00f3n del a\u00f1o, pero acompa\u00f1ada de su familia por \u201cAm\u00e9n\u201d.<\/p>\n\n\n\n<p>\u201cLa verdad es que hay que ser honestos y esta industria es absolutamente machista. Hay que partir de esa entrada. Esto es una industria de hombres y las pocas mujeres estamos tratando de abrir espacio\u201d, dijo Arenas. \u201cSomos pocas las que estamos tratando de abrir lo m\u00e1s que se puede y seguimos luchando. \u00bfQuisi\u00e9ramos que hubiera m\u00e1s? \u00a1Obvio que quisi\u00e9ramos! Es lo que so\u00f1amos y es con lo que estamos trabajando\u201d.<\/p>\n\n\n\n<p>Agreg\u00f3: \u201cMe siento muy orgullosa de llevar de verdad esta banderita femenina adelante\u201d.<\/p>\n\n\n\n<p>Las nominaciones tambi\u00e9n le han hecho sentir m\u00e1s respaldo en su carrera tras una d\u00e9cada trabajando como artista independiente.<\/p>\n\n\n\n<p>\u201cMe hace estar m\u00e1s segura de m\u00ed misma, decir \u2018s\u00ed vale la pena apostar en uno\u2019 porque ya no tengo a qui\u00e9n adjudicarle esto. Esto me lo adjudico a m\u00ed, al trabajo duro que hemos hecho con el equipo, a la gente que ha estado desde el principio, que ha cre\u00eddo siempre\u201d, dijo.<\/p>\n\n\n\n<p>\u201cA tu lado\u201d, nominada a canci\u00f3n y grabaci\u00f3n del a\u00f1o, la estuvo \u201cpersiguiendo durante mucho tiempo\u201d hasta que finalmente logr\u00f3 plasmarla en papel. Se la dedica a su esposo, el dise\u00f1ador Beto P\u00e9rez.<\/p>\n\n\n\n<p>\u201cEs un agradecimiento a mi esposo por ser ese hombre que no deja que yo deje de so\u00f1ar, que siempre est\u00e1 a mi lado apoy\u00e1ndome, movi\u00e9ndome las alas, levant\u00e1ndome para seguir. Es un agradecimiento para \u00e9l y para esas personas que se quedan a nuestro lado siempre como si fueran unas porristas anim\u00e1ndonos\u201d, dijo.<\/p>\n\n\n\n<p>En el caso de \u201cLos caminos de la vida\u201d, original del colombiano Omar Geles, Arenas dijo que es una canci\u00f3n que conoce desde ni\u00f1a y que siempre hab\u00eda querido interpretar. Busc\u00f3 hacerla a su manera, con guitarra ac\u00fastica y ritmo de balada.<\/p>\n\n\n\n<p>\u201cUna versi\u00f3n totalmente distinta a lo que es la original, con todo el respeto que se merece el vallenato que yo amo\u201d, dijo. \u201cCreo que es una canci\u00f3n que en cualquier estilo puede hacerse perfecto porque es preciosa y eso fue lo que hicimos\u201d.<\/p>\n\n\n\n<p>El EP tambi\u00e9n incluye \u201cRien\u201d, la versi\u00f3n en franc\u00e9s del tema \u201cNada\u201d con el que comienza \u201cVisceral\u201d.<\/p>\n\n\n\n<p>\u201cDurante muchos a\u00f1os yo cant\u00e9 en franc\u00e9s, me gan\u00e9 la vida cantando en franc\u00e9s, cantando Edith Piaf, sin saber una gota de franc\u00e9s y siempre quise como llevarlo a eso\u201d, dijo Arenas. \u201cMe pareci\u00f3 s\u00faper bien y que iba perfecto para este momento porque \u2018Nada\u2019 es una canci\u00f3n como de reconocimiento y tambi\u00e9n est\u00e1 bien reconocerme en ese idioma\u201d.<\/p>\n\n\n\n<p>En cuanto a la ceremonia de los Latin Grammy, no piensa perd\u00e9rsela: \u201cEstoy buscando vestido, toda la cosa, ah\u00ed estar\u00e9\u201d, dijo Arenas. Pero Le\u00f3n no ir\u00e1 con ella: \u201cSe queda con su abuela\u201d.<\/p>\n","protected":false},"excerpt":{"rendered":"<p>AP A veces menos es m\u00e1s, y ese ha sido el caso para Paula Arenas. La cantautora colombiana cambi\u00f3 a un estilo ac\u00fastico y a una producci\u00f3n casera para su EP \u201cMis amores\u201d, que con apenas seis canciones le mereci\u00f3 cuatro nominaciones al Latin Grammy, incluyendo en las categor\u00edas principales de canci\u00f3n, grabaci\u00f3n y \u00e1lbum [&hellip;]<\/p>\n","protected":false},"author":3,"featured_media":29386,"comment_status":"open","ping_status":"open","sticky":false,"template":"","format":"standard","meta":{"footnotes":""},"categories":[222],"tags":[470,6389],"class_list":{"0":"post-29385","1":"post","2":"type-post","3":"status-publish","4":"format-standard","5":"has-post-thumbnail","7":"category-arte-y-espectaculos","8":"tag-latin-grammy","9":"tag-paula-arenas"},"yoast_head":"<!-- This site is optimized with the Yoast SEO plugin v24.9 - https:\/\/yoast.com\/wordpress\/plugins\/seo\/ -->\n<title>Paula Arenas llega sin rodeos al Latin Grammy - BLG Noticias<\/title>\n<meta name=\"robots\" content=\"index, follow, max-snippet:-1, max-image-preview:large, max-video-preview:-1\" \/>\n<link rel=\"canonical\" href=\"https:\/\/blgnoticiassantodomingo.net\/index.php\/2021\/11\/12\/paula-arenas-llega-sin-rodeos-al-latin-grammy\/\" \/>\n<meta property=\"og:locale\" content=\"es_ES\" \/>\n<meta property=\"og:type\" content=\"article\" \/>\n<meta property=\"og:title\" content=\"Paula Arenas llega sin rodeos al Latin Grammy - BLG Noticias\" \/>\n<meta property=\"og:description\" content=\"AP A veces menos es m\u00e1s, y ese ha sido el caso para Paula Arenas. La cantautora colombiana cambi\u00f3 a un estilo ac\u00fastico y a una producci\u00f3n casera para su EP \u201cMis amores\u201d, que con apenas seis canciones le mereci\u00f3 cuatro nominaciones al Latin Grammy, incluyendo en las categor\u00edas principales de canci\u00f3n, grabaci\u00f3n y \u00e1lbum [&hellip;]\" \/>\n<meta property=\"og:url\" content=\"https:\/\/blgnoticiassantodomingo.net\/index.php\/2021\/11\/12\/paula-arenas-llega-sin-rodeos-al-latin-grammy\/\" \/>\n<meta property=\"og:site_name\" content=\"BLG Noticias\" \/>\n<meta property=\"article:publisher\" content=\"https:\/\/web.facebook.com\/BlgNoticias\/?locale=es_LA&amp;_rdc=1&amp;_rdr\" \/>\n<meta property=\"article:published_time\" content=\"2021-11-12T13:10:22+00:00\" \/>\n<meta property=\"article:modified_time\" content=\"2021-11-12T13:11:47+00:00\" \/>\n<meta property=\"og:image\" content=\"https:\/\/blgnoticiassantodomingo.net\/wp-content\/uploads\/2021\/11\/thumb_55737_932_582_0_0_crop.jpeg\" \/>\n\t<meta property=\"og:image:width\" content=\"932\" \/>\n\t<meta property=\"og:image:height\" content=\"582\" \/>\n\t<meta property=\"og:image:type\" content=\"image\/jpeg\" \/>\n<meta name=\"author\" content=\"Yerlin Payano\" \/>\n<meta name=\"twitter:card\" content=\"summary_large_image\" \/>\n<meta name=\"twitter:creator\" content=\"@BlgNoticias\" \/>\n<meta name=\"twitter:site\" content=\"@BlgNoticias\" \/>\n<meta name=\"twitter:label1\" content=\"Escrito por\" \/>\n\t<meta name=\"twitter:data1\" content=\"Yerlin Payano\" \/>\n\t<meta name=\"twitter:label2\" content=\"Tiempo de lectura\" \/>\n\t<meta name=\"twitter:data2\" content=\"5 minutos\" \/>\n<script type=\"application\/ld+json\" class=\"yoast-schema-graph\">{\"@context\":\"https:\/\/schema.org\",\"@graph\":[{\"@type\":\"Article\",\"@id\":\"https:\/\/blgnoticiassantodomingo.net\/index.php\/2021\/11\/12\/paula-arenas-llega-sin-rodeos-al-latin-grammy\/#article\",\"isPartOf\":{\"@id\":\"https:\/\/blgnoticiassantodomingo.net\/index.php\/2021\/11\/12\/paula-arenas-llega-sin-rodeos-al-latin-grammy\/\"},\"author\":{\"name\":\"Yerlin Payano\",\"@id\":\"https:\/\/blgnoticiassantodomingo.net\/#\/schema\/person\/03b67e608d24e551f208708811f9dec0\"},\"headline\":\"Paula Arenas llega sin rodeos al Latin Grammy\",\"datePublished\":\"2021-11-12T13:10:22+00:00\",\"dateModified\":\"2021-11-12T13:11:47+00:00\",\"mainEntityOfPage\":{\"@id\":\"https:\/\/blgnoticiassantodomingo.net\/index.php\/2021\/11\/12\/paula-arenas-llega-sin-rodeos-al-latin-grammy\/\"},\"wordCount\":1025,\"commentCount\":0,\"publisher\":{\"@id\":\"https:\/\/blgnoticiassantodomingo.net\/#organization\"},\"image\":{\"@id\":\"https:\/\/blgnoticiassantodomingo.net\/index.php\/2021\/11\/12\/paula-arenas-llega-sin-rodeos-al-latin-grammy\/#primaryimage\"},\"thumbnailUrl\":\"https:\/\/blgnoticiassantodomingo.net\/wp-content\/uploads\/2021\/11\/thumb_55737_932_582_0_0_crop.jpeg\",\"keywords\":[\"Latin Grammy\",\"Paula arenas\"],\"articleSection\":[\"Arte y Espectaculos\"],\"inLanguage\":\"es\",\"potentialAction\":[{\"@type\":\"CommentAction\",\"name\":\"Comment\",\"target\":[\"https:\/\/blgnoticiassantodomingo.net\/index.php\/2021\/11\/12\/paula-arenas-llega-sin-rodeos-al-latin-grammy\/#respond\"]}]},{\"@type\":\"WebPage\",\"@id\":\"https:\/\/blgnoticiassantodomingo.net\/index.php\/2021\/11\/12\/paula-arenas-llega-sin-rodeos-al-latin-grammy\/\",\"url\":\"https:\/\/blgnoticiassantodomingo.net\/index.php\/2021\/11\/12\/paula-arenas-llega-sin-rodeos-al-latin-grammy\/\",\"name\":\"Paula Arenas llega sin rodeos al Latin Grammy - BLG Noticias\",\"isPartOf\":{\"@id\":\"https:\/\/blgnoticiassantodomingo.net\/#website\"},\"primaryImageOfPage\":{\"@id\":\"https:\/\/blgnoticiassantodomingo.net\/index.php\/2021\/11\/12\/paula-arenas-llega-sin-rodeos-al-latin-grammy\/#primaryimage\"},\"image\":{\"@id\":\"https:\/\/blgnoticiassantodomingo.net\/index.php\/2021\/11\/12\/paula-arenas-llega-sin-rodeos-al-latin-grammy\/#primaryimage\"},\"thumbnailUrl\":\"https:\/\/blgnoticiassantodomingo.net\/wp-content\/uploads\/2021\/11\/thumb_55737_932_582_0_0_crop.jpeg\",\"datePublished\":\"2021-11-12T13:10:22+00:00\",\"dateModified\":\"2021-11-12T13:11:47+00:00\",\"breadcrumb\":{\"@id\":\"https:\/\/blgnoticiassantodomingo.net\/index.php\/2021\/11\/12\/paula-arenas-llega-sin-rodeos-al-latin-grammy\/#breadcrumb\"},\"inLanguage\":\"es\",\"potentialAction\":[{\"@type\":\"ReadAction\",\"target\":[\"https:\/\/blgnoticiassantodomingo.net\/index.php\/2021\/11\/12\/paula-arenas-llega-sin-rodeos-al-latin-grammy\/\"]}]},{\"@type\":\"ImageObject\",\"inLanguage\":\"es\",\"@id\":\"https:\/\/blgnoticiassantodomingo.net\/index.php\/2021\/11\/12\/paula-arenas-llega-sin-rodeos-al-latin-grammy\/#primaryimage\",\"url\":\"https:\/\/blgnoticiassantodomingo.net\/wp-content\/uploads\/2021\/11\/thumb_55737_932_582_0_0_crop.jpeg\",\"contentUrl\":\"https:\/\/blgnoticiassantodomingo.net\/wp-content\/uploads\/2021\/11\/thumb_55737_932_582_0_0_crop.jpeg\",\"width\":932,\"height\":582},{\"@type\":\"BreadcrumbList\",\"@id\":\"https:\/\/blgnoticiassantodomingo.net\/index.php\/2021\/11\/12\/paula-arenas-llega-sin-rodeos-al-latin-grammy\/#breadcrumb\",\"itemListElement\":[{\"@type\":\"ListItem\",\"position\":1,\"name\":\"Portada\",\"item\":\"https:\/\/blgnoticiassantodomingo.net\/\"},{\"@type\":\"ListItem\",\"position\":2,\"name\":\"Paula Arenas llega sin rodeos al Latin Grammy\"}]},{\"@type\":\"WebSite\",\"@id\":\"https:\/\/blgnoticiassantodomingo.net\/#website\",\"url\":\"https:\/\/blgnoticiassantodomingo.net\/\",\"name\":\"BLG Noticias\",\"description\":\"Esto es Noticias\",\"publisher\":{\"@id\":\"https:\/\/blgnoticiassantodomingo.net\/#organization\"},\"potentialAction\":[{\"@type\":\"SearchAction\",\"target\":{\"@type\":\"EntryPoint\",\"urlTemplate\":\"https:\/\/blgnoticiassantodomingo.net\/?s={search_term_string}\"},\"query-input\":{\"@type\":\"PropertyValueSpecification\",\"valueRequired\":true,\"valueName\":\"search_term_string\"}}],\"inLanguage\":\"es\"},{\"@type\":\"Organization\",\"@id\":\"https:\/\/blgnoticiassantodomingo.net\/#organization\",\"name\":\"BLG Noticias\",\"url\":\"https:\/\/blgnoticiassantodomingo.net\/\",\"logo\":{\"@type\":\"ImageObject\",\"inLanguage\":\"es\",\"@id\":\"https:\/\/blgnoticiassantodomingo.net\/#\/schema\/logo\/image\/\",\"url\":\"https:\/\/blgnoticiassantodomingo.net\/wp-content\/uploads\/2023\/12\/Diseno-sin-titulo-3.jpg\",\"contentUrl\":\"https:\/\/blgnoticiassantodomingo.net\/wp-content\/uploads\/2023\/12\/Diseno-sin-titulo-3.jpg\",\"width\":500,\"height\":500,\"caption\":\"BLG Noticias\"},\"image\":{\"@id\":\"https:\/\/blgnoticiassantodomingo.net\/#\/schema\/logo\/image\/\"},\"sameAs\":[\"https:\/\/web.facebook.com\/BlgNoticias\/?locale=es_LA&_rdc=1&_rdr\",\"https:\/\/x.com\/BlgNoticias\",\"https:\/\/www.linkedin.com\/in\/brenda-l-santana-aa846279\/\"]},{\"@type\":\"Person\",\"@id\":\"https:\/\/blgnoticiassantodomingo.net\/#\/schema\/person\/03b67e608d24e551f208708811f9dec0\",\"name\":\"Yerlin Payano\",\"image\":{\"@type\":\"ImageObject\",\"inLanguage\":\"es\",\"@id\":\"https:\/\/blgnoticiassantodomingo.net\/#\/schema\/person\/image\/\",\"url\":\"https:\/\/secure.gravatar.com\/avatar\/0df11eeed431210345b3a5364c9941af1e921c3e99c30e40a827773db05d19f2?s=96&d=wp_user_avatar&r=g\",\"contentUrl\":\"https:\/\/secure.gravatar.com\/avatar\/0df11eeed431210345b3a5364c9941af1e921c3e99c30e40a827773db05d19f2?s=96&d=wp_user_avatar&r=g\",\"caption\":\"Yerlin Payano\"},\"sameAs\":[\"http:\/\/blgnoticiassantodomingo.net\/\"],\"url\":\"https:\/\/blgnoticiassantodomingo.net\/index.php\/author\/yerlinpayano\/\"}]}<\/script>\n<!-- \/ Yoast SEO plugin. -->","yoast_head_json":{"title":"Paula Arenas llega sin rodeos al Latin Grammy - BLG Noticias","robots":{"index":"index","follow":"follow","max-snippet":"max-snippet:-1","max-image-preview":"max-image-preview:large","max-video-preview":"max-video-preview:-1"},"canonical":"https:\/\/blgnoticiassantodomingo.net\/index.php\/2021\/11\/12\/paula-arenas-llega-sin-rodeos-al-latin-grammy\/","og_locale":"es_ES","og_type":"article","og_title":"Paula Arenas llega sin rodeos al Latin Grammy - BLG Noticias","og_description":"AP A veces menos es m\u00e1s, y ese ha sido el caso para Paula Arenas. La cantautora colombiana cambi\u00f3 a un estilo ac\u00fastico y a una producci\u00f3n casera para su EP \u201cMis amores\u201d, que con apenas seis canciones le mereci\u00f3 cuatro nominaciones al Latin Grammy, incluyendo en las categor\u00edas principales de canci\u00f3n, grabaci\u00f3n y \u00e1lbum [&hellip;]","og_url":"https:\/\/blgnoticiassantodomingo.net\/index.php\/2021\/11\/12\/paula-arenas-llega-sin-rodeos-al-latin-grammy\/","og_site_name":"BLG Noticias","article_publisher":"https:\/\/web.facebook.com\/BlgNoticias\/?locale=es_LA&_rdc=1&_rdr","article_published_time":"2021-11-12T13:10:22+00:00","article_modified_time":"2021-11-12T13:11:47+00:00","og_image":[{"width":932,"height":582,"url":"https:\/\/blgnoticiassantodomingo.net\/wp-content\/uploads\/2021\/11\/thumb_55737_932_582_0_0_crop.jpeg","type":"image\/jpeg"}],"author":"Yerlin Payano","twitter_card":"summary_large_image","twitter_creator":"@BlgNoticias","twitter_site":"@BlgNoticias","twitter_misc":{"Escrito por":"Yerlin Payano","Tiempo de lectura":"5 minutos"},"schema":{"@context":"https:\/\/schema.org","@graph":[{"@type":"Article","@id":"https:\/\/blgnoticiassantodomingo.net\/index.php\/2021\/11\/12\/paula-arenas-llega-sin-rodeos-al-latin-grammy\/#article","isPartOf":{"@id":"https:\/\/blgnoticiassantodomingo.net\/index.php\/2021\/11\/12\/paula-arenas-llega-sin-rodeos-al-latin-grammy\/"},"author":{"name":"Yerlin Payano","@id":"https:\/\/blgnoticiassantodomingo.net\/#\/schema\/person\/03b67e608d24e551f208708811f9dec0"},"headline":"Paula Arenas llega sin rodeos al Latin Grammy","datePublished":"2021-11-12T13:10:22+00:00","dateModified":"2021-11-12T13:11:47+00:00","mainEntityOfPage":{"@id":"https:\/\/blgnoticiassantodomingo.net\/index.php\/2021\/11\/12\/paula-arenas-llega-sin-rodeos-al-latin-grammy\/"},"wordCount":1025,"commentCount":0,"publisher":{"@id":"https:\/\/blgnoticiassantodomingo.net\/#organization"},"image":{"@id":"https:\/\/blgnoticiassantodomingo.net\/index.php\/2021\/11\/12\/paula-arenas-llega-sin-rodeos-al-latin-grammy\/#primaryimage"},"thumbnailUrl":"https:\/\/blgnoticiassantodomingo.net\/wp-content\/uploads\/2021\/11\/thumb_55737_932_582_0_0_crop.jpeg","keywords":["Latin Grammy","Paula arenas"],"articleSection":["Arte y Espectaculos"],"inLanguage":"es","potentialAction":[{"@type":"CommentAction","name":"Comment","target":["https:\/\/blgnoticiassantodomingo.net\/index.php\/2021\/11\/12\/paula-arenas-llega-sin-rodeos-al-latin-grammy\/#respond"]}]},{"@type":"WebPage","@id":"https:\/\/blgnoticiassantodomingo.net\/index.php\/2021\/11\/12\/paula-arenas-llega-sin-rodeos-al-latin-grammy\/","url":"https:\/\/blgnoticiassantodomingo.net\/index.php\/2021\/11\/12\/paula-arenas-llega-sin-rodeos-al-latin-grammy\/","name":"Paula Arenas llega sin rodeos al Latin Grammy - BLG Noticias","isPartOf":{"@id":"https:\/\/blgnoticiassantodomingo.net\/#website"},"primaryImageOfPage":{"@id":"https:\/\/blgnoticiassantodomingo.net\/index.php\/2021\/11\/12\/paula-arenas-llega-sin-rodeos-al-latin-grammy\/#primaryimage"},"image":{"@id":"https:\/\/blgnoticiassantodomingo.net\/index.php\/2021\/11\/12\/paula-arenas-llega-sin-rodeos-al-latin-grammy\/#primaryimage"},"thumbnailUrl":"https:\/\/blgnoticiassantodomingo.net\/wp-content\/uploads\/2021\/11\/thumb_55737_932_582_0_0_crop.jpeg","datePublished":"2021-11-12T13:10:22+00:00","dateModified":"2021-11-12T13:11:47+00:00","breadcrumb":{"@id":"https:\/\/blgnoticiassantodomingo.net\/index.php\/2021\/11\/12\/paula-arenas-llega-sin-rodeos-al-latin-grammy\/#breadcrumb"},"inLanguage":"es","potentialAction":[{"@type":"ReadAction","target":["https:\/\/blgnoticiassantodomingo.net\/index.php\/2021\/11\/12\/paula-arenas-llega-sin-rodeos-al-latin-grammy\/"]}]},{"@type":"ImageObject","inLanguage":"es","@id":"https:\/\/blgnoticiassantodomingo.net\/index.php\/2021\/11\/12\/paula-arenas-llega-sin-rodeos-al-latin-grammy\/#primaryimage","url":"https:\/\/blgnoticiassantodomingo.net\/wp-content\/uploads\/2021\/11\/thumb_55737_932_582_0_0_crop.jpeg","contentUrl":"https:\/\/blgnoticiassantodomingo.net\/wp-content\/uploads\/2021\/11\/thumb_55737_932_582_0_0_crop.jpeg","width":932,"height":582},{"@type":"BreadcrumbList","@id":"https:\/\/blgnoticiassantodomingo.net\/index.php\/2021\/11\/12\/paula-arenas-llega-sin-rodeos-al-latin-grammy\/#breadcrumb","itemListElement":[{"@type":"ListItem","position":1,"name":"Portada","item":"https:\/\/blgnoticiassantodomingo.net\/"},{"@type":"ListItem","position":2,"name":"Paula Arenas llega sin rodeos al Latin Grammy"}]},{"@type":"WebSite","@id":"https:\/\/blgnoticiassantodomingo.net\/#website","url":"https:\/\/blgnoticiassantodomingo.net\/","name":"BLG Noticias","description":"Esto es Noticias","publisher":{"@id":"https:\/\/blgnoticiassantodomingo.net\/#organization"},"potentialAction":[{"@type":"SearchAction","target":{"@type":"EntryPoint","urlTemplate":"https:\/\/blgnoticiassantodomingo.net\/?s={search_term_string}"},"query-input":{"@type":"PropertyValueSpecification","valueRequired":true,"valueName":"search_term_string"}}],"inLanguage":"es"},{"@type":"Organization","@id":"https:\/\/blgnoticiassantodomingo.net\/#organization","name":"BLG Noticias","url":"https:\/\/blgnoticiassantodomingo.net\/","logo":{"@type":"ImageObject","inLanguage":"es","@id":"https:\/\/blgnoticiassantodomingo.net\/#\/schema\/logo\/image\/","url":"https:\/\/blgnoticiassantodomingo.net\/wp-content\/uploads\/2023\/12\/Diseno-sin-titulo-3.jpg","contentUrl":"https:\/\/blgnoticiassantodomingo.net\/wp-content\/uploads\/2023\/12\/Diseno-sin-titulo-3.jpg","width":500,"height":500,"caption":"BLG Noticias"},"image":{"@id":"https:\/\/blgnoticiassantodomingo.net\/#\/schema\/logo\/image\/"},"sameAs":["https:\/\/web.facebook.com\/BlgNoticias\/?locale=es_LA&_rdc=1&_rdr","https:\/\/x.com\/BlgNoticias","https:\/\/www.linkedin.com\/in\/brenda-l-santana-aa846279\/"]},{"@type":"Person","@id":"https:\/\/blgnoticiassantodomingo.net\/#\/schema\/person\/03b67e608d24e551f208708811f9dec0","name":"Yerlin Payano","image":{"@type":"ImageObject","inLanguage":"es","@id":"https:\/\/blgnoticiassantodomingo.net\/#\/schema\/person\/image\/","url":"https:\/\/secure.gravatar.com\/avatar\/0df11eeed431210345b3a5364c9941af1e921c3e99c30e40a827773db05d19f2?s=96&d=wp_user_avatar&r=g","contentUrl":"https:\/\/secure.gravatar.com\/avatar\/0df11eeed431210345b3a5364c9941af1e921c3e99c30e40a827773db05d19f2?s=96&d=wp_user_avatar&r=g","caption":"Yerlin Payano"},"sameAs":["http:\/\/blgnoticiassantodomingo.net\/"],"url":"https:\/\/blgnoticiassantodomingo.net\/index.php\/author\/yerlinpayano\/"}]}},"jetpack_featured_media_url":"https:\/\/blgnoticiassantodomingo.net\/wp-content\/uploads\/2021\/11\/thumb_55737_932_582_0_0_crop.jpeg","_links":{"self":[{"href":"https:\/\/blgnoticiassantodomingo.net\/index.php\/wp-json\/wp\/v2\/posts\/29385","targetHints":{"allow":["GET"]}}],"collection":[{"href":"https:\/\/blgnoticiassantodomingo.net\/index.php\/wp-json\/wp\/v2\/posts"}],"about":[{"href":"https:\/\/blgnoticiassantodomingo.net\/index.php\/wp-json\/wp\/v2\/types\/post"}],"author":[{"embeddable":true,"href":"https:\/\/blgnoticiassantodomingo.net\/index.php\/wp-json\/wp\/v2\/users\/3"}],"replies":[{"embeddable":true,"href":"https:\/\/blgnoticiassantodomingo.net\/index.php\/wp-json\/wp\/v2\/comments?post=29385"}],"version-history":[{"count":2,"href":"https:\/\/blgnoticiassantodomingo.net\/index.php\/wp-json\/wp\/v2\/posts\/29385\/revisions"}],"predecessor-version":[{"id":29388,"href":"https:\/\/blgnoticiassantodomingo.net\/index.php\/wp-json\/wp\/v2\/posts\/29385\/revisions\/29388"}],"wp:featuredmedia":[{"embeddable":true,"href":"https:\/\/blgnoticiassantodomingo.net\/index.php\/wp-json\/wp\/v2\/media\/29386"}],"wp:attachment":[{"href":"https:\/\/blgnoticiassantodomingo.net\/index.php\/wp-json\/wp\/v2\/media?parent=29385"}],"wp:term":[{"taxonomy":"category","embeddable":true,"href":"https:\/\/blgnoticiassantodomingo.net\/index.php\/wp-json\/wp\/v2\/categories?post=29385"},{"taxonomy":"post_tag","embeddable":true,"href":"https:\/\/blgnoticiassantodomingo.net\/index.php\/wp-json\/wp\/v2\/tags?post=29385"}],"curies":[{"name":"wp","href":"https:\/\/api.w.org\/{rel}","templated":true}]}}