{"id":2884,"date":"2019-12-03T13:28:17","date_gmt":"2019-12-03T13:28:17","guid":{"rendered":"http:\/\/blgnoticiassantodomingo.net\/?p=2884"},"modified":"2019-12-03T13:28:17","modified_gmt":"2019-12-03T13:28:17","slug":"cesar-el-abusador-sera-extraditado-hoy-o-a-mas-tardar-manana-a-estados-unidos","status":"publish","type":"post","link":"https:\/\/blgnoticiassantodomingo.net\/index.php\/2019\/12\/03\/cesar-el-abusador-sera-extraditado-hoy-o-a-mas-tardar-manana-a-estados-unidos\/","title":{"rendered":"C\u00e9sar \u201cel abusador\u201d ser\u00e1 extraditado hoy o a m\u00e1s tardar ma\u00f1ana a Estados Unidos ."},"content":{"rendered":"\n<p>C\u00e9sar Emilio Peralta ser\u00e1 extraditado hoy mismo, o a m\u00e1s tardar ma\u00f1ana, a los Estados Unidos, seg\u00fan confirm\u00f3 el general Henry Sanabria, Jefe de la Polic\u00eda de Cartagena, en Colombia.<\/p>\n\n\n\n<p>El general explic\u00f3 que \u201cEl Abusador\u201d permanece en Cartagena hasta que concluyan los tr\u00e1mites internos con las autoridades de los Estados Unidos para su entrega.<\/p>\n\n\n\n<p>El general dijo a LISTIN DIARIO que lo \u00fanico faltante para la entrega a los Estados Unidos del capo es un examen en el Instituto&nbsp;Nacional&nbsp;de Medicina Legal y&nbsp;Ciencias Forenses de Colombia, que es un requisito exigido por la Interpol para recibir al detenido.<\/p>\n\n\n\n<p>\u201cEstamos agilizando los tr\u00e1mites para que lo m\u00e1s pronto posible salga de territorio colombiano\u201d, dijo el general en conversaci\u00f3n telef\u00f3nica con este peri\u00f3dico.<\/p>\n\n\n\n<p>Ante esta espera, las medidas de seguridad han sido redobladas ya que \u201ctienen que ser bastante fuertes\u201d, dijo el general, producto de que tienen informaciones de que C\u00e9sar Emilio Peralta tiene la tendencia a pagar para fugarse o para que los rescaten.<\/p>\n\n\n\n<p>\u201cPor la tanto requerimos de un poderoso esquema de seguridad\u201d, insisti\u00f3 el general Henry Sanabria.<\/p>\n\n\n\n<p>El general Sanabria insisti\u00f3 en que est\u00e1n haciendo todas las gestiones posibles para sacar lo m\u00e1s pronto posible a C\u00e9sar Peralta del territorio colombiano, con ruta a los Estados Unidos.<\/p>\n\n\n\n<p>Ayer este diario avanz\u00f3 en exclusiva que el avi\u00f3n en el que ser\u00eda trasladado C\u00e9sar Peralta ya se encontraba en camino hacia Colombia, para llevarlo a una c\u00e1rcel de m\u00e1xima seguridad en los Estados Unidos.<\/p>\n\n\n\n<p>Peralta fue apresado en la habitaci\u00f3n 1104 del hotel Murano Elite de Bocagrande, en Cartagena de Indias, Colombia. Al momento en el que se allan\u00f3 la habitaci\u00f3n de hotel hab\u00eda cuatro personas m\u00e1s, aparte de Otto de la Vega.<\/p>\n\n\n\n<p>A ese grupo se le pidi\u00f3 sus documentos de identidad y al comprobar que no ten\u00edan antecedentes, con sistemas conectados a la base de datos de las autoridades,\u00a0 se les dej\u00f3 en libertad.<\/p>\n\n\n\n<p><strong>Carolina Pichardo<\/strong><br><\/p>\n","protected":false},"excerpt":{"rendered":"<p>C\u00e9sar Emilio Peralta ser\u00e1 extraditado hoy mismo, o a m\u00e1s tardar ma\u00f1ana, a los Estados Unidos, seg\u00fan confirm\u00f3 el general Henry Sanabria, Jefe de la Polic\u00eda de Cartagena, en Colombia. El general explic\u00f3 que \u201cEl Abusador\u201d permanece en Cartagena hasta que concluyan los tr\u00e1mites internos con las autoridades de los Estados Unidos para su entrega. [&hellip;]<\/p>\n","protected":false},"author":2,"featured_media":2885,"comment_status":"open","ping_status":"open","sticky":false,"template":"","format":"standard","meta":{"footnotes":""},"categories":[220],"tags":[],"class_list":{"0":"post-2884","1":"post","2":"type-post","3":"status-publish","4":"format-standard","5":"has-post-thumbnail","7":"category-nacionales"},"yoast_head":"<!-- This site is optimized with the Yoast SEO plugin v24.9 - https:\/\/yoast.com\/wordpress\/plugins\/seo\/ -->\n<title>C\u00e9sar \u201cel abusador\u201d ser\u00e1 extraditado hoy o a m\u00e1s tardar ma\u00f1ana a Estados Unidos . - BLG Noticias<\/title>\n<meta name=\"robots\" content=\"index, follow, max-snippet:-1, max-image-preview:large, max-video-preview:-1\" \/>\n<link rel=\"canonical\" href=\"https:\/\/blgnoticiassantodomingo.net\/index.php\/2019\/12\/03\/cesar-el-abusador-sera-extraditado-hoy-o-a-mas-tardar-manana-a-estados-unidos\/\" \/>\n<meta property=\"og:locale\" content=\"es_ES\" \/>\n<meta property=\"og:type\" content=\"article\" \/>\n<meta property=\"og:title\" content=\"C\u00e9sar \u201cel abusador\u201d ser\u00e1 extraditado hoy o a m\u00e1s tardar ma\u00f1ana a Estados Unidos . - BLG Noticias\" \/>\n<meta property=\"og:description\" content=\"C\u00e9sar Emilio Peralta ser\u00e1 extraditado hoy mismo, o a m\u00e1s tardar ma\u00f1ana, a los Estados Unidos, seg\u00fan confirm\u00f3 el general Henry Sanabria, Jefe de la Polic\u00eda de Cartagena, en Colombia. El general explic\u00f3 que \u201cEl Abusador\u201d permanece en Cartagena hasta que concluyan los tr\u00e1mites internos con las autoridades de los Estados Unidos para su entrega. [&hellip;]\" \/>\n<meta property=\"og:url\" content=\"https:\/\/blgnoticiassantodomingo.net\/index.php\/2019\/12\/03\/cesar-el-abusador-sera-extraditado-hoy-o-a-mas-tardar-manana-a-estados-unidos\/\" \/>\n<meta property=\"og:site_name\" content=\"BLG Noticias\" \/>\n<meta property=\"article:publisher\" content=\"https:\/\/web.facebook.com\/BlgNoticias\/?locale=es_LA&amp;_rdc=1&amp;_rdr\" \/>\n<meta property=\"article:published_time\" content=\"2019-12-03T13:28:17+00:00\" \/>\n<meta property=\"og:image\" content=\"https:\/\/blgnoticiassantodomingo.net\/wp-content\/uploads\/2019\/12\/201912031309591.jpeg\" \/>\n\t<meta property=\"og:image:width\" content=\"680\" \/>\n\t<meta property=\"og:image:height\" content=\"378\" \/>\n\t<meta property=\"og:image:type\" content=\"image\/jpeg\" \/>\n<meta name=\"author\" content=\"Brenda Guerrero\" \/>\n<meta name=\"twitter:card\" content=\"summary_large_image\" \/>\n<meta name=\"twitter:creator\" content=\"@BlgNoticias\" \/>\n<meta name=\"twitter:site\" content=\"@BlgNoticias\" \/>\n<meta name=\"twitter:label1\" content=\"Escrito por\" \/>\n\t<meta name=\"twitter:data1\" content=\"Brenda Guerrero\" \/>\n\t<meta name=\"twitter:label2\" content=\"Tiempo de lectura\" \/>\n\t<meta name=\"twitter:data2\" content=\"2 minutos\" \/>\n<script type=\"application\/ld+json\" class=\"yoast-schema-graph\">{\"@context\":\"https:\/\/schema.org\",\"@graph\":[{\"@type\":\"Article\",\"@id\":\"https:\/\/blgnoticiassantodomingo.net\/index.php\/2019\/12\/03\/cesar-el-abusador-sera-extraditado-hoy-o-a-mas-tardar-manana-a-estados-unidos\/#article\",\"isPartOf\":{\"@id\":\"https:\/\/blgnoticiassantodomingo.net\/index.php\/2019\/12\/03\/cesar-el-abusador-sera-extraditado-hoy-o-a-mas-tardar-manana-a-estados-unidos\/\"},\"author\":{\"name\":\"Brenda Guerrero\",\"@id\":\"https:\/\/blgnoticiassantodomingo.net\/#\/schema\/person\/e2fc21cf88acc63dbd134be981bff374\"},\"headline\":\"C\u00e9sar \u201cel abusador\u201d ser\u00e1 extraditado hoy o a m\u00e1s tardar ma\u00f1ana a Estados Unidos .\",\"datePublished\":\"2019-12-03T13:28:17+00:00\",\"mainEntityOfPage\":{\"@id\":\"https:\/\/blgnoticiassantodomingo.net\/index.php\/2019\/12\/03\/cesar-el-abusador-sera-extraditado-hoy-o-a-mas-tardar-manana-a-estados-unidos\/\"},\"wordCount\":364,\"commentCount\":0,\"publisher\":{\"@id\":\"https:\/\/blgnoticiassantodomingo.net\/#organization\"},\"image\":{\"@id\":\"https:\/\/blgnoticiassantodomingo.net\/index.php\/2019\/12\/03\/cesar-el-abusador-sera-extraditado-hoy-o-a-mas-tardar-manana-a-estados-unidos\/#primaryimage\"},\"thumbnailUrl\":\"https:\/\/blgnoticiassantodomingo.net\/wp-content\/uploads\/2019\/12\/201912031309591.jpeg\",\"articleSection\":[\"Nacionales\"],\"inLanguage\":\"es\",\"potentialAction\":[{\"@type\":\"CommentAction\",\"name\":\"Comment\",\"target\":[\"https:\/\/blgnoticiassantodomingo.net\/index.php\/2019\/12\/03\/cesar-el-abusador-sera-extraditado-hoy-o-a-mas-tardar-manana-a-estados-unidos\/#respond\"]}]},{\"@type\":\"WebPage\",\"@id\":\"https:\/\/blgnoticiassantodomingo.net\/index.php\/2019\/12\/03\/cesar-el-abusador-sera-extraditado-hoy-o-a-mas-tardar-manana-a-estados-unidos\/\",\"url\":\"https:\/\/blgnoticiassantodomingo.net\/index.php\/2019\/12\/03\/cesar-el-abusador-sera-extraditado-hoy-o-a-mas-tardar-manana-a-estados-unidos\/\",\"name\":\"C\u00e9sar \u201cel abusador\u201d ser\u00e1 extraditado hoy o a m\u00e1s tardar ma\u00f1ana a Estados Unidos . - BLG Noticias\",\"isPartOf\":{\"@id\":\"https:\/\/blgnoticiassantodomingo.net\/#website\"},\"primaryImageOfPage\":{\"@id\":\"https:\/\/blgnoticiassantodomingo.net\/index.php\/2019\/12\/03\/cesar-el-abusador-sera-extraditado-hoy-o-a-mas-tardar-manana-a-estados-unidos\/#primaryimage\"},\"image\":{\"@id\":\"https:\/\/blgnoticiassantodomingo.net\/index.php\/2019\/12\/03\/cesar-el-abusador-sera-extraditado-hoy-o-a-mas-tardar-manana-a-estados-unidos\/#primaryimage\"},\"thumbnailUrl\":\"https:\/\/blgnoticiassantodomingo.net\/wp-content\/uploads\/2019\/12\/201912031309591.jpeg\",\"datePublished\":\"2019-12-03T13:28:17+00:00\",\"breadcrumb\":{\"@id\":\"https:\/\/blgnoticiassantodomingo.net\/index.php\/2019\/12\/03\/cesar-el-abusador-sera-extraditado-hoy-o-a-mas-tardar-manana-a-estados-unidos\/#breadcrumb\"},\"inLanguage\":\"es\",\"potentialAction\":[{\"@type\":\"ReadAction\",\"target\":[\"https:\/\/blgnoticiassantodomingo.net\/index.php\/2019\/12\/03\/cesar-el-abusador-sera-extraditado-hoy-o-a-mas-tardar-manana-a-estados-unidos\/\"]}]},{\"@type\":\"ImageObject\",\"inLanguage\":\"es\",\"@id\":\"https:\/\/blgnoticiassantodomingo.net\/index.php\/2019\/12\/03\/cesar-el-abusador-sera-extraditado-hoy-o-a-mas-tardar-manana-a-estados-unidos\/#primaryimage\",\"url\":\"https:\/\/blgnoticiassantodomingo.net\/wp-content\/uploads\/2019\/12\/201912031309591.jpeg\",\"contentUrl\":\"https:\/\/blgnoticiassantodomingo.net\/wp-content\/uploads\/2019\/12\/201912031309591.jpeg\",\"width\":680,\"height\":378},{\"@type\":\"BreadcrumbList\",\"@id\":\"https:\/\/blgnoticiassantodomingo.net\/index.php\/2019\/12\/03\/cesar-el-abusador-sera-extraditado-hoy-o-a-mas-tardar-manana-a-estados-unidos\/#breadcrumb\",\"itemListElement\":[{\"@type\":\"ListItem\",\"position\":1,\"name\":\"Portada\",\"item\":\"https:\/\/blgnoticiassantodomingo.net\/\"},{\"@type\":\"ListItem\",\"position\":2,\"name\":\"C\u00e9sar \u201cel abusador\u201d ser\u00e1 extraditado hoy o a m\u00e1s tardar ma\u00f1ana a Estados Unidos .\"}]},{\"@type\":\"WebSite\",\"@id\":\"https:\/\/blgnoticiassantodomingo.net\/#website\",\"url\":\"https:\/\/blgnoticiassantodomingo.net\/\",\"name\":\"BLG Noticias\",\"description\":\"Esto es Noticias\",\"publisher\":{\"@id\":\"https:\/\/blgnoticiassantodomingo.net\/#organization\"},\"potentialAction\":[{\"@type\":\"SearchAction\",\"target\":{\"@type\":\"EntryPoint\",\"urlTemplate\":\"https:\/\/blgnoticiassantodomingo.net\/?s={search_term_string}\"},\"query-input\":{\"@type\":\"PropertyValueSpecification\",\"valueRequired\":true,\"valueName\":\"search_term_string\"}}],\"inLanguage\":\"es\"},{\"@type\":\"Organization\",\"@id\":\"https:\/\/blgnoticiassantodomingo.net\/#organization\",\"name\":\"BLG Noticias\",\"url\":\"https:\/\/blgnoticiassantodomingo.net\/\",\"logo\":{\"@type\":\"ImageObject\",\"inLanguage\":\"es\",\"@id\":\"https:\/\/blgnoticiassantodomingo.net\/#\/schema\/logo\/image\/\",\"url\":\"https:\/\/blgnoticiassantodomingo.net\/wp-content\/uploads\/2023\/12\/Diseno-sin-titulo-3.jpg\",\"contentUrl\":\"https:\/\/blgnoticiassantodomingo.net\/wp-content\/uploads\/2023\/12\/Diseno-sin-titulo-3.jpg\",\"width\":500,\"height\":500,\"caption\":\"BLG Noticias\"},\"image\":{\"@id\":\"https:\/\/blgnoticiassantodomingo.net\/#\/schema\/logo\/image\/\"},\"sameAs\":[\"https:\/\/web.facebook.com\/BlgNoticias\/?locale=es_LA&_rdc=1&_rdr\",\"https:\/\/x.com\/BlgNoticias\",\"https:\/\/www.linkedin.com\/in\/brenda-l-santana-aa846279\/\"]},{\"@type\":\"Person\",\"@id\":\"https:\/\/blgnoticiassantodomingo.net\/#\/schema\/person\/e2fc21cf88acc63dbd134be981bff374\",\"name\":\"Brenda Guerrero\",\"image\":{\"@type\":\"ImageObject\",\"inLanguage\":\"es\",\"@id\":\"https:\/\/blgnoticiassantodomingo.net\/#\/schema\/person\/image\/\",\"url\":\"https:\/\/secure.gravatar.com\/avatar\/2f7fc4c3e3655be1580cb684bfd8ab19be702ae20879da1e072021daa02f9b8b?s=96&d=wp_user_avatar&r=g\",\"contentUrl\":\"https:\/\/secure.gravatar.com\/avatar\/2f7fc4c3e3655be1580cb684bfd8ab19be702ae20879da1e072021daa02f9b8b?s=96&d=wp_user_avatar&r=g\",\"caption\":\"Brenda Guerrero\"},\"description\":\"Periodista\",\"url\":\"https:\/\/blgnoticiassantodomingo.net\/index.php\/author\/brenda-guerrero\/\"}]}<\/script>\n<!-- \/ Yoast SEO plugin. -->","yoast_head_json":{"title":"C\u00e9sar \u201cel abusador\u201d ser\u00e1 extraditado hoy o a m\u00e1s tardar ma\u00f1ana a Estados Unidos . - BLG Noticias","robots":{"index":"index","follow":"follow","max-snippet":"max-snippet:-1","max-image-preview":"max-image-preview:large","max-video-preview":"max-video-preview:-1"},"canonical":"https:\/\/blgnoticiassantodomingo.net\/index.php\/2019\/12\/03\/cesar-el-abusador-sera-extraditado-hoy-o-a-mas-tardar-manana-a-estados-unidos\/","og_locale":"es_ES","og_type":"article","og_title":"C\u00e9sar \u201cel abusador\u201d ser\u00e1 extraditado hoy o a m\u00e1s tardar ma\u00f1ana a Estados Unidos . - BLG Noticias","og_description":"C\u00e9sar Emilio Peralta ser\u00e1 extraditado hoy mismo, o a m\u00e1s tardar ma\u00f1ana, a los Estados Unidos, seg\u00fan confirm\u00f3 el general Henry Sanabria, Jefe de la Polic\u00eda de Cartagena, en Colombia. El general explic\u00f3 que \u201cEl Abusador\u201d permanece en Cartagena hasta que concluyan los tr\u00e1mites internos con las autoridades de los Estados Unidos para su entrega. [&hellip;]","og_url":"https:\/\/blgnoticiassantodomingo.net\/index.php\/2019\/12\/03\/cesar-el-abusador-sera-extraditado-hoy-o-a-mas-tardar-manana-a-estados-unidos\/","og_site_name":"BLG Noticias","article_publisher":"https:\/\/web.facebook.com\/BlgNoticias\/?locale=es_LA&_rdc=1&_rdr","article_published_time":"2019-12-03T13:28:17+00:00","og_image":[{"width":680,"height":378,"url":"https:\/\/blgnoticiassantodomingo.net\/wp-content\/uploads\/2019\/12\/201912031309591.jpeg","type":"image\/jpeg"}],"author":"Brenda Guerrero","twitter_card":"summary_large_image","twitter_creator":"@BlgNoticias","twitter_site":"@BlgNoticias","twitter_misc":{"Escrito por":"Brenda Guerrero","Tiempo de lectura":"2 minutos"},"schema":{"@context":"https:\/\/schema.org","@graph":[{"@type":"Article","@id":"https:\/\/blgnoticiassantodomingo.net\/index.php\/2019\/12\/03\/cesar-el-abusador-sera-extraditado-hoy-o-a-mas-tardar-manana-a-estados-unidos\/#article","isPartOf":{"@id":"https:\/\/blgnoticiassantodomingo.net\/index.php\/2019\/12\/03\/cesar-el-abusador-sera-extraditado-hoy-o-a-mas-tardar-manana-a-estados-unidos\/"},"author":{"name":"Brenda Guerrero","@id":"https:\/\/blgnoticiassantodomingo.net\/#\/schema\/person\/e2fc21cf88acc63dbd134be981bff374"},"headline":"C\u00e9sar \u201cel abusador\u201d ser\u00e1 extraditado hoy o a m\u00e1s tardar ma\u00f1ana a Estados Unidos .","datePublished":"2019-12-03T13:28:17+00:00","mainEntityOfPage":{"@id":"https:\/\/blgnoticiassantodomingo.net\/index.php\/2019\/12\/03\/cesar-el-abusador-sera-extraditado-hoy-o-a-mas-tardar-manana-a-estados-unidos\/"},"wordCount":364,"commentCount":0,"publisher":{"@id":"https:\/\/blgnoticiassantodomingo.net\/#organization"},"image":{"@id":"https:\/\/blgnoticiassantodomingo.net\/index.php\/2019\/12\/03\/cesar-el-abusador-sera-extraditado-hoy-o-a-mas-tardar-manana-a-estados-unidos\/#primaryimage"},"thumbnailUrl":"https:\/\/blgnoticiassantodomingo.net\/wp-content\/uploads\/2019\/12\/201912031309591.jpeg","articleSection":["Nacionales"],"inLanguage":"es","potentialAction":[{"@type":"CommentAction","name":"Comment","target":["https:\/\/blgnoticiassantodomingo.net\/index.php\/2019\/12\/03\/cesar-el-abusador-sera-extraditado-hoy-o-a-mas-tardar-manana-a-estados-unidos\/#respond"]}]},{"@type":"WebPage","@id":"https:\/\/blgnoticiassantodomingo.net\/index.php\/2019\/12\/03\/cesar-el-abusador-sera-extraditado-hoy-o-a-mas-tardar-manana-a-estados-unidos\/","url":"https:\/\/blgnoticiassantodomingo.net\/index.php\/2019\/12\/03\/cesar-el-abusador-sera-extraditado-hoy-o-a-mas-tardar-manana-a-estados-unidos\/","name":"C\u00e9sar \u201cel abusador\u201d ser\u00e1 extraditado hoy o a m\u00e1s tardar ma\u00f1ana a Estados Unidos . - BLG Noticias","isPartOf":{"@id":"https:\/\/blgnoticiassantodomingo.net\/#website"},"primaryImageOfPage":{"@id":"https:\/\/blgnoticiassantodomingo.net\/index.php\/2019\/12\/03\/cesar-el-abusador-sera-extraditado-hoy-o-a-mas-tardar-manana-a-estados-unidos\/#primaryimage"},"image":{"@id":"https:\/\/blgnoticiassantodomingo.net\/index.php\/2019\/12\/03\/cesar-el-abusador-sera-extraditado-hoy-o-a-mas-tardar-manana-a-estados-unidos\/#primaryimage"},"thumbnailUrl":"https:\/\/blgnoticiassantodomingo.net\/wp-content\/uploads\/2019\/12\/201912031309591.jpeg","datePublished":"2019-12-03T13:28:17+00:00","breadcrumb":{"@id":"https:\/\/blgnoticiassantodomingo.net\/index.php\/2019\/12\/03\/cesar-el-abusador-sera-extraditado-hoy-o-a-mas-tardar-manana-a-estados-unidos\/#breadcrumb"},"inLanguage":"es","potentialAction":[{"@type":"ReadAction","target":["https:\/\/blgnoticiassantodomingo.net\/index.php\/2019\/12\/03\/cesar-el-abusador-sera-extraditado-hoy-o-a-mas-tardar-manana-a-estados-unidos\/"]}]},{"@type":"ImageObject","inLanguage":"es","@id":"https:\/\/blgnoticiassantodomingo.net\/index.php\/2019\/12\/03\/cesar-el-abusador-sera-extraditado-hoy-o-a-mas-tardar-manana-a-estados-unidos\/#primaryimage","url":"https:\/\/blgnoticiassantodomingo.net\/wp-content\/uploads\/2019\/12\/201912031309591.jpeg","contentUrl":"https:\/\/blgnoticiassantodomingo.net\/wp-content\/uploads\/2019\/12\/201912031309591.jpeg","width":680,"height":378},{"@type":"BreadcrumbList","@id":"https:\/\/blgnoticiassantodomingo.net\/index.php\/2019\/12\/03\/cesar-el-abusador-sera-extraditado-hoy-o-a-mas-tardar-manana-a-estados-unidos\/#breadcrumb","itemListElement":[{"@type":"ListItem","position":1,"name":"Portada","item":"https:\/\/blgnoticiassantodomingo.net\/"},{"@type":"ListItem","position":2,"name":"C\u00e9sar \u201cel abusador\u201d ser\u00e1 extraditado hoy o a m\u00e1s tardar ma\u00f1ana a Estados Unidos ."}]},{"@type":"WebSite","@id":"https:\/\/blgnoticiassantodomingo.net\/#website","url":"https:\/\/blgnoticiassantodomingo.net\/","name":"BLG Noticias","description":"Esto es Noticias","publisher":{"@id":"https:\/\/blgnoticiassantodomingo.net\/#organization"},"potentialAction":[{"@type":"SearchAction","target":{"@type":"EntryPoint","urlTemplate":"https:\/\/blgnoticiassantodomingo.net\/?s={search_term_string}"},"query-input":{"@type":"PropertyValueSpecification","valueRequired":true,"valueName":"search_term_string"}}],"inLanguage":"es"},{"@type":"Organization","@id":"https:\/\/blgnoticiassantodomingo.net\/#organization","name":"BLG Noticias","url":"https:\/\/blgnoticiassantodomingo.net\/","logo":{"@type":"ImageObject","inLanguage":"es","@id":"https:\/\/blgnoticiassantodomingo.net\/#\/schema\/logo\/image\/","url":"https:\/\/blgnoticiassantodomingo.net\/wp-content\/uploads\/2023\/12\/Diseno-sin-titulo-3.jpg","contentUrl":"https:\/\/blgnoticiassantodomingo.net\/wp-content\/uploads\/2023\/12\/Diseno-sin-titulo-3.jpg","width":500,"height":500,"caption":"BLG Noticias"},"image":{"@id":"https:\/\/blgnoticiassantodomingo.net\/#\/schema\/logo\/image\/"},"sameAs":["https:\/\/web.facebook.com\/BlgNoticias\/?locale=es_LA&_rdc=1&_rdr","https:\/\/x.com\/BlgNoticias","https:\/\/www.linkedin.com\/in\/brenda-l-santana-aa846279\/"]},{"@type":"Person","@id":"https:\/\/blgnoticiassantodomingo.net\/#\/schema\/person\/e2fc21cf88acc63dbd134be981bff374","name":"Brenda Guerrero","image":{"@type":"ImageObject","inLanguage":"es","@id":"https:\/\/blgnoticiassantodomingo.net\/#\/schema\/person\/image\/","url":"https:\/\/secure.gravatar.com\/avatar\/2f7fc4c3e3655be1580cb684bfd8ab19be702ae20879da1e072021daa02f9b8b?s=96&d=wp_user_avatar&r=g","contentUrl":"https:\/\/secure.gravatar.com\/avatar\/2f7fc4c3e3655be1580cb684bfd8ab19be702ae20879da1e072021daa02f9b8b?s=96&d=wp_user_avatar&r=g","caption":"Brenda Guerrero"},"description":"Periodista","url":"https:\/\/blgnoticiassantodomingo.net\/index.php\/author\/brenda-guerrero\/"}]}},"jetpack_featured_media_url":"https:\/\/blgnoticiassantodomingo.net\/wp-content\/uploads\/2019\/12\/201912031309591.jpeg","_links":{"self":[{"href":"https:\/\/blgnoticiassantodomingo.net\/index.php\/wp-json\/wp\/v2\/posts\/2884","targetHints":{"allow":["GET"]}}],"collection":[{"href":"https:\/\/blgnoticiassantodomingo.net\/index.php\/wp-json\/wp\/v2\/posts"}],"about":[{"href":"https:\/\/blgnoticiassantodomingo.net\/index.php\/wp-json\/wp\/v2\/types\/post"}],"author":[{"embeddable":true,"href":"https:\/\/blgnoticiassantodomingo.net\/index.php\/wp-json\/wp\/v2\/users\/2"}],"replies":[{"embeddable":true,"href":"https:\/\/blgnoticiassantodomingo.net\/index.php\/wp-json\/wp\/v2\/comments?post=2884"}],"version-history":[{"count":1,"href":"https:\/\/blgnoticiassantodomingo.net\/index.php\/wp-json\/wp\/v2\/posts\/2884\/revisions"}],"predecessor-version":[{"id":2886,"href":"https:\/\/blgnoticiassantodomingo.net\/index.php\/wp-json\/wp\/v2\/posts\/2884\/revisions\/2886"}],"wp:featuredmedia":[{"embeddable":true,"href":"https:\/\/blgnoticiassantodomingo.net\/index.php\/wp-json\/wp\/v2\/media\/2885"}],"wp:attachment":[{"href":"https:\/\/blgnoticiassantodomingo.net\/index.php\/wp-json\/wp\/v2\/media?parent=2884"}],"wp:term":[{"taxonomy":"category","embeddable":true,"href":"https:\/\/blgnoticiassantodomingo.net\/index.php\/wp-json\/wp\/v2\/categories?post=2884"},{"taxonomy":"post_tag","embeddable":true,"href":"https:\/\/blgnoticiassantodomingo.net\/index.php\/wp-json\/wp\/v2\/tags?post=2884"}],"curies":[{"name":"wp","href":"https:\/\/api.w.org\/{rel}","templated":true}]}}