{"id":28340,"date":"2021-09-22T20:34:37","date_gmt":"2021-09-22T19:34:37","guid":{"rendered":"https:\/\/blgnoticiassantodomingo.net\/?p=28340"},"modified":"2021-09-22T20:34:38","modified_gmt":"2021-09-22T19:34:38","slug":"salud-publica-notifica-321-nuevos-casos-covid-y-dos-defunciones","status":"publish","type":"post","link":"https:\/\/blgnoticiassantodomingo.net\/index.php\/2021\/09\/22\/salud-publica-notifica-321-nuevos-casos-covid-y-dos-defunciones\/","title":{"rendered":"Salud P\u00fablica notifica 321 nuevos casos COVID y dos defunciones"},"content":{"rendered":"\n<p><strong>Santo Domingo.-<\/strong>&nbsp;Rep\u00fablica Dominicana notific\u00f3 este mi\u00e9rcoles 321 nuevos contagios de Covid-19 y dos defunciones por esa causa, pero aclar\u00f3 que solo una ocurri\u00f3 en las \u00faltimas 24 horas.<\/p>\n\n\n\n<p>El bolet\u00edn 552 de la Direcci\u00f3n General de Epidemiologia (DIGEPI) refleja 22 casos menos que el martes, cuando fueron reportados 343.<\/p>\n\n\n\n<p><strong>Casos activos<\/strong><\/p>\n\n\n\n<p>Los casos activos son 4,934, mientras 347,077 personas se han recuperado de la enfermedad.<\/p>\n\n\n\n<p>El informe indica que en las \u00faltimas 24 horas fueron procesadas 5,914 pruebas.<\/p>\n\n\n\n<p>En el Distrito Nacional fueron reportados 23 nuevos contagios, en la provincia Santo Domingo 46, Santiago 54, Valverde 27, Montecristi 23, S\u00e1nchez Ram\u00edrez 23, La Altagracia 21, Dajab\u00f3n 14, Peravia 14, Puerto Plata 8 y LaRomana 7.<\/p>\n\n\n\n<p>El total de muertos por COVID-19 en Rep\u00fablica Dominicana es de 4,031, el 25.16% de los cuales era hipertenso y el 15.70% diab\u00e9tico.<\/p>\n\n\n\n<p>Entre los infectados hay 1,409 trabajadores de la salud, 1,228 embarazadas y 38,050 menores de 20 a\u00f1os.<\/p>\n\n\n\n<p><strong>Ocupaci\u00f3n hospitalaria<\/strong><\/p>\n\n\n\n<p>En el pa\u00eds hay disponibilidad de 2,604 camas para pacientes de COVID, de las cuales 435 est\u00e1n ocupadas (17%).<\/p>\n\n\n\n<p>Hay disponibles 609 camas en unidades de cuidados intensivos, de las cuales 156 est\u00e1n ocupadas (26%), mientras que 519 ventiladores disponibles en la red hospitalaria, hay 91 ocupados (18%).<\/p>\n","protected":false},"excerpt":{"rendered":"<p>Santo Domingo.-&nbsp;Rep\u00fablica Dominicana notific\u00f3 este mi\u00e9rcoles 321 nuevos contagios de Covid-19 y dos defunciones por esa causa, pero aclar\u00f3 que solo una ocurri\u00f3 en las \u00faltimas 24 horas. El bolet\u00edn 552 de la Direcci\u00f3n General de Epidemiologia (DIGEPI) refleja 22 casos menos que el martes, cuando fueron reportados 343. Casos activos Los casos activos son [&hellip;]<\/p>\n","protected":false},"author":2,"featured_media":28341,"comment_status":"open","ping_status":"open","sticky":true,"template":"","format":"standard","meta":{"footnotes":""},"categories":[224],"tags":[1480,471],"class_list":{"0":"post-28340","1":"post","2":"type-post","3":"status-publish","4":"format-standard","5":"has-post-thumbnail","7":"category-salud","8":"tag-covid-19","9":"tag-salud-publica"},"yoast_head":"<!-- This site is optimized with the Yoast SEO plugin v24.9 - https:\/\/yoast.com\/wordpress\/plugins\/seo\/ -->\n<title>Salud P\u00fablica notifica 321 nuevos casos COVID y dos defunciones - BLG Noticias<\/title>\n<meta name=\"robots\" content=\"index, follow, max-snippet:-1, max-image-preview:large, max-video-preview:-1\" \/>\n<link rel=\"canonical\" href=\"https:\/\/blgnoticiassantodomingo.net\/index.php\/2021\/09\/22\/salud-publica-notifica-321-nuevos-casos-covid-y-dos-defunciones\/\" \/>\n<meta property=\"og:locale\" content=\"es_ES\" \/>\n<meta property=\"og:type\" content=\"article\" \/>\n<meta property=\"og:title\" content=\"Salud P\u00fablica notifica 321 nuevos casos COVID y dos defunciones - BLG Noticias\" \/>\n<meta property=\"og:description\" content=\"Santo Domingo.-&nbsp;Rep\u00fablica Dominicana notific\u00f3 este mi\u00e9rcoles 321 nuevos contagios de Covid-19 y dos defunciones por esa causa, pero aclar\u00f3 que solo una ocurri\u00f3 en las \u00faltimas 24 horas. El bolet\u00edn 552 de la Direcci\u00f3n General de Epidemiologia (DIGEPI) refleja 22 casos menos que el martes, cuando fueron reportados 343. Casos activos Los casos activos son [&hellip;]\" \/>\n<meta property=\"og:url\" content=\"https:\/\/blgnoticiassantodomingo.net\/index.php\/2021\/09\/22\/salud-publica-notifica-321-nuevos-casos-covid-y-dos-defunciones\/\" \/>\n<meta property=\"og:site_name\" content=\"BLG Noticias\" \/>\n<meta property=\"article:publisher\" content=\"https:\/\/web.facebook.com\/BlgNoticias\/?locale=es_LA&amp;_rdc=1&amp;_rdr\" \/>\n<meta property=\"article:published_time\" content=\"2021-09-22T19:34:37+00:00\" \/>\n<meta property=\"article:modified_time\" content=\"2021-09-22T19:34:38+00:00\" \/>\n<meta property=\"og:image\" content=\"https:\/\/blgnoticiassantodomingo.net\/wp-content\/uploads\/2021\/09\/cq5dam.web_.1280.1280.jpeg\" \/>\n\t<meta property=\"og:image:width\" content=\"710\" \/>\n\t<meta property=\"og:image:height\" content=\"396\" \/>\n\t<meta property=\"og:image:type\" content=\"image\/jpeg\" \/>\n<meta name=\"author\" content=\"Brenda Guerrero\" \/>\n<meta name=\"twitter:card\" content=\"summary_large_image\" \/>\n<meta name=\"twitter:creator\" content=\"@BlgNoticias\" \/>\n<meta name=\"twitter:site\" content=\"@BlgNoticias\" \/>\n<meta name=\"twitter:label1\" content=\"Escrito por\" \/>\n\t<meta name=\"twitter:data1\" content=\"Brenda Guerrero\" \/>\n\t<meta name=\"twitter:label2\" content=\"Tiempo de lectura\" \/>\n\t<meta name=\"twitter:data2\" content=\"1 minuto\" \/>\n<script type=\"application\/ld+json\" class=\"yoast-schema-graph\">{\"@context\":\"https:\/\/schema.org\",\"@graph\":[{\"@type\":\"Article\",\"@id\":\"https:\/\/blgnoticiassantodomingo.net\/index.php\/2021\/09\/22\/salud-publica-notifica-321-nuevos-casos-covid-y-dos-defunciones\/#article\",\"isPartOf\":{\"@id\":\"https:\/\/blgnoticiassantodomingo.net\/index.php\/2021\/09\/22\/salud-publica-notifica-321-nuevos-casos-covid-y-dos-defunciones\/\"},\"author\":{\"name\":\"Brenda Guerrero\",\"@id\":\"https:\/\/blgnoticiassantodomingo.net\/#\/schema\/person\/e2fc21cf88acc63dbd134be981bff374\"},\"headline\":\"Salud P\u00fablica notifica 321 nuevos casos COVID y dos defunciones\",\"datePublished\":\"2021-09-22T19:34:37+00:00\",\"dateModified\":\"2021-09-22T19:34:38+00:00\",\"mainEntityOfPage\":{\"@id\":\"https:\/\/blgnoticiassantodomingo.net\/index.php\/2021\/09\/22\/salud-publica-notifica-321-nuevos-casos-covid-y-dos-defunciones\/\"},\"wordCount\":196,\"commentCount\":0,\"publisher\":{\"@id\":\"https:\/\/blgnoticiassantodomingo.net\/#organization\"},\"image\":{\"@id\":\"https:\/\/blgnoticiassantodomingo.net\/index.php\/2021\/09\/22\/salud-publica-notifica-321-nuevos-casos-covid-y-dos-defunciones\/#primaryimage\"},\"thumbnailUrl\":\"https:\/\/blgnoticiassantodomingo.net\/wp-content\/uploads\/2021\/09\/cq5dam.web_.1280.1280.jpeg\",\"keywords\":[\"COVID-19\",\"Salud Publica\"],\"articleSection\":[\"Salud\"],\"inLanguage\":\"es\",\"potentialAction\":[{\"@type\":\"CommentAction\",\"name\":\"Comment\",\"target\":[\"https:\/\/blgnoticiassantodomingo.net\/index.php\/2021\/09\/22\/salud-publica-notifica-321-nuevos-casos-covid-y-dos-defunciones\/#respond\"]}]},{\"@type\":\"WebPage\",\"@id\":\"https:\/\/blgnoticiassantodomingo.net\/index.php\/2021\/09\/22\/salud-publica-notifica-321-nuevos-casos-covid-y-dos-defunciones\/\",\"url\":\"https:\/\/blgnoticiassantodomingo.net\/index.php\/2021\/09\/22\/salud-publica-notifica-321-nuevos-casos-covid-y-dos-defunciones\/\",\"name\":\"Salud P\u00fablica notifica 321 nuevos casos COVID y dos defunciones - BLG Noticias\",\"isPartOf\":{\"@id\":\"https:\/\/blgnoticiassantodomingo.net\/#website\"},\"primaryImageOfPage\":{\"@id\":\"https:\/\/blgnoticiassantodomingo.net\/index.php\/2021\/09\/22\/salud-publica-notifica-321-nuevos-casos-covid-y-dos-defunciones\/#primaryimage\"},\"image\":{\"@id\":\"https:\/\/blgnoticiassantodomingo.net\/index.php\/2021\/09\/22\/salud-publica-notifica-321-nuevos-casos-covid-y-dos-defunciones\/#primaryimage\"},\"thumbnailUrl\":\"https:\/\/blgnoticiassantodomingo.net\/wp-content\/uploads\/2021\/09\/cq5dam.web_.1280.1280.jpeg\",\"datePublished\":\"2021-09-22T19:34:37+00:00\",\"dateModified\":\"2021-09-22T19:34:38+00:00\",\"breadcrumb\":{\"@id\":\"https:\/\/blgnoticiassantodomingo.net\/index.php\/2021\/09\/22\/salud-publica-notifica-321-nuevos-casos-covid-y-dos-defunciones\/#breadcrumb\"},\"inLanguage\":\"es\",\"potentialAction\":[{\"@type\":\"ReadAction\",\"target\":[\"https:\/\/blgnoticiassantodomingo.net\/index.php\/2021\/09\/22\/salud-publica-notifica-321-nuevos-casos-covid-y-dos-defunciones\/\"]}]},{\"@type\":\"ImageObject\",\"inLanguage\":\"es\",\"@id\":\"https:\/\/blgnoticiassantodomingo.net\/index.php\/2021\/09\/22\/salud-publica-notifica-321-nuevos-casos-covid-y-dos-defunciones\/#primaryimage\",\"url\":\"https:\/\/blgnoticiassantodomingo.net\/wp-content\/uploads\/2021\/09\/cq5dam.web_.1280.1280.jpeg\",\"contentUrl\":\"https:\/\/blgnoticiassantodomingo.net\/wp-content\/uploads\/2021\/09\/cq5dam.web_.1280.1280.jpeg\",\"width\":710,\"height\":396},{\"@type\":\"BreadcrumbList\",\"@id\":\"https:\/\/blgnoticiassantodomingo.net\/index.php\/2021\/09\/22\/salud-publica-notifica-321-nuevos-casos-covid-y-dos-defunciones\/#breadcrumb\",\"itemListElement\":[{\"@type\":\"ListItem\",\"position\":1,\"name\":\"Portada\",\"item\":\"https:\/\/blgnoticiassantodomingo.net\/\"},{\"@type\":\"ListItem\",\"position\":2,\"name\":\"Salud P\u00fablica notifica 321 nuevos casos COVID y dos defunciones\"}]},{\"@type\":\"WebSite\",\"@id\":\"https:\/\/blgnoticiassantodomingo.net\/#website\",\"url\":\"https:\/\/blgnoticiassantodomingo.net\/\",\"name\":\"BLG Noticias\",\"description\":\"Esto es Noticias\",\"publisher\":{\"@id\":\"https:\/\/blgnoticiassantodomingo.net\/#organization\"},\"potentialAction\":[{\"@type\":\"SearchAction\",\"target\":{\"@type\":\"EntryPoint\",\"urlTemplate\":\"https:\/\/blgnoticiassantodomingo.net\/?s={search_term_string}\"},\"query-input\":{\"@type\":\"PropertyValueSpecification\",\"valueRequired\":true,\"valueName\":\"search_term_string\"}}],\"inLanguage\":\"es\"},{\"@type\":\"Organization\",\"@id\":\"https:\/\/blgnoticiassantodomingo.net\/#organization\",\"name\":\"BLG Noticias\",\"url\":\"https:\/\/blgnoticiassantodomingo.net\/\",\"logo\":{\"@type\":\"ImageObject\",\"inLanguage\":\"es\",\"@id\":\"https:\/\/blgnoticiassantodomingo.net\/#\/schema\/logo\/image\/\",\"url\":\"https:\/\/blgnoticiassantodomingo.net\/wp-content\/uploads\/2023\/12\/Diseno-sin-titulo-3.jpg\",\"contentUrl\":\"https:\/\/blgnoticiassantodomingo.net\/wp-content\/uploads\/2023\/12\/Diseno-sin-titulo-3.jpg\",\"width\":500,\"height\":500,\"caption\":\"BLG Noticias\"},\"image\":{\"@id\":\"https:\/\/blgnoticiassantodomingo.net\/#\/schema\/logo\/image\/\"},\"sameAs\":[\"https:\/\/web.facebook.com\/BlgNoticias\/?locale=es_LA&_rdc=1&_rdr\",\"https:\/\/x.com\/BlgNoticias\",\"https:\/\/www.linkedin.com\/in\/brenda-l-santana-aa846279\/\"]},{\"@type\":\"Person\",\"@id\":\"https:\/\/blgnoticiassantodomingo.net\/#\/schema\/person\/e2fc21cf88acc63dbd134be981bff374\",\"name\":\"Brenda Guerrero\",\"image\":{\"@type\":\"ImageObject\",\"inLanguage\":\"es\",\"@id\":\"https:\/\/blgnoticiassantodomingo.net\/#\/schema\/person\/image\/\",\"url\":\"https:\/\/secure.gravatar.com\/avatar\/2f7fc4c3e3655be1580cb684bfd8ab19be702ae20879da1e072021daa02f9b8b?s=96&d=wp_user_avatar&r=g\",\"contentUrl\":\"https:\/\/secure.gravatar.com\/avatar\/2f7fc4c3e3655be1580cb684bfd8ab19be702ae20879da1e072021daa02f9b8b?s=96&d=wp_user_avatar&r=g\",\"caption\":\"Brenda Guerrero\"},\"description\":\"Periodista\",\"url\":\"https:\/\/blgnoticiassantodomingo.net\/index.php\/author\/brenda-guerrero\/\"}]}<\/script>\n<!-- \/ Yoast SEO plugin. -->","yoast_head_json":{"title":"Salud P\u00fablica notifica 321 nuevos casos COVID y dos defunciones - BLG Noticias","robots":{"index":"index","follow":"follow","max-snippet":"max-snippet:-1","max-image-preview":"max-image-preview:large","max-video-preview":"max-video-preview:-1"},"canonical":"https:\/\/blgnoticiassantodomingo.net\/index.php\/2021\/09\/22\/salud-publica-notifica-321-nuevos-casos-covid-y-dos-defunciones\/","og_locale":"es_ES","og_type":"article","og_title":"Salud P\u00fablica notifica 321 nuevos casos COVID y dos defunciones - BLG Noticias","og_description":"Santo Domingo.-&nbsp;Rep\u00fablica Dominicana notific\u00f3 este mi\u00e9rcoles 321 nuevos contagios de Covid-19 y dos defunciones por esa causa, pero aclar\u00f3 que solo una ocurri\u00f3 en las \u00faltimas 24 horas. El bolet\u00edn 552 de la Direcci\u00f3n General de Epidemiologia (DIGEPI) refleja 22 casos menos que el martes, cuando fueron reportados 343. Casos activos Los casos activos son [&hellip;]","og_url":"https:\/\/blgnoticiassantodomingo.net\/index.php\/2021\/09\/22\/salud-publica-notifica-321-nuevos-casos-covid-y-dos-defunciones\/","og_site_name":"BLG Noticias","article_publisher":"https:\/\/web.facebook.com\/BlgNoticias\/?locale=es_LA&_rdc=1&_rdr","article_published_time":"2021-09-22T19:34:37+00:00","article_modified_time":"2021-09-22T19:34:38+00:00","og_image":[{"width":710,"height":396,"url":"https:\/\/blgnoticiassantodomingo.net\/wp-content\/uploads\/2021\/09\/cq5dam.web_.1280.1280.jpeg","type":"image\/jpeg"}],"author":"Brenda Guerrero","twitter_card":"summary_large_image","twitter_creator":"@BlgNoticias","twitter_site":"@BlgNoticias","twitter_misc":{"Escrito por":"Brenda Guerrero","Tiempo de lectura":"1 minuto"},"schema":{"@context":"https:\/\/schema.org","@graph":[{"@type":"Article","@id":"https:\/\/blgnoticiassantodomingo.net\/index.php\/2021\/09\/22\/salud-publica-notifica-321-nuevos-casos-covid-y-dos-defunciones\/#article","isPartOf":{"@id":"https:\/\/blgnoticiassantodomingo.net\/index.php\/2021\/09\/22\/salud-publica-notifica-321-nuevos-casos-covid-y-dos-defunciones\/"},"author":{"name":"Brenda Guerrero","@id":"https:\/\/blgnoticiassantodomingo.net\/#\/schema\/person\/e2fc21cf88acc63dbd134be981bff374"},"headline":"Salud P\u00fablica notifica 321 nuevos casos COVID y dos defunciones","datePublished":"2021-09-22T19:34:37+00:00","dateModified":"2021-09-22T19:34:38+00:00","mainEntityOfPage":{"@id":"https:\/\/blgnoticiassantodomingo.net\/index.php\/2021\/09\/22\/salud-publica-notifica-321-nuevos-casos-covid-y-dos-defunciones\/"},"wordCount":196,"commentCount":0,"publisher":{"@id":"https:\/\/blgnoticiassantodomingo.net\/#organization"},"image":{"@id":"https:\/\/blgnoticiassantodomingo.net\/index.php\/2021\/09\/22\/salud-publica-notifica-321-nuevos-casos-covid-y-dos-defunciones\/#primaryimage"},"thumbnailUrl":"https:\/\/blgnoticiassantodomingo.net\/wp-content\/uploads\/2021\/09\/cq5dam.web_.1280.1280.jpeg","keywords":["COVID-19","Salud Publica"],"articleSection":["Salud"],"inLanguage":"es","potentialAction":[{"@type":"CommentAction","name":"Comment","target":["https:\/\/blgnoticiassantodomingo.net\/index.php\/2021\/09\/22\/salud-publica-notifica-321-nuevos-casos-covid-y-dos-defunciones\/#respond"]}]},{"@type":"WebPage","@id":"https:\/\/blgnoticiassantodomingo.net\/index.php\/2021\/09\/22\/salud-publica-notifica-321-nuevos-casos-covid-y-dos-defunciones\/","url":"https:\/\/blgnoticiassantodomingo.net\/index.php\/2021\/09\/22\/salud-publica-notifica-321-nuevos-casos-covid-y-dos-defunciones\/","name":"Salud P\u00fablica notifica 321 nuevos casos COVID y dos defunciones - BLG Noticias","isPartOf":{"@id":"https:\/\/blgnoticiassantodomingo.net\/#website"},"primaryImageOfPage":{"@id":"https:\/\/blgnoticiassantodomingo.net\/index.php\/2021\/09\/22\/salud-publica-notifica-321-nuevos-casos-covid-y-dos-defunciones\/#primaryimage"},"image":{"@id":"https:\/\/blgnoticiassantodomingo.net\/index.php\/2021\/09\/22\/salud-publica-notifica-321-nuevos-casos-covid-y-dos-defunciones\/#primaryimage"},"thumbnailUrl":"https:\/\/blgnoticiassantodomingo.net\/wp-content\/uploads\/2021\/09\/cq5dam.web_.1280.1280.jpeg","datePublished":"2021-09-22T19:34:37+00:00","dateModified":"2021-09-22T19:34:38+00:00","breadcrumb":{"@id":"https:\/\/blgnoticiassantodomingo.net\/index.php\/2021\/09\/22\/salud-publica-notifica-321-nuevos-casos-covid-y-dos-defunciones\/#breadcrumb"},"inLanguage":"es","potentialAction":[{"@type":"ReadAction","target":["https:\/\/blgnoticiassantodomingo.net\/index.php\/2021\/09\/22\/salud-publica-notifica-321-nuevos-casos-covid-y-dos-defunciones\/"]}]},{"@type":"ImageObject","inLanguage":"es","@id":"https:\/\/blgnoticiassantodomingo.net\/index.php\/2021\/09\/22\/salud-publica-notifica-321-nuevos-casos-covid-y-dos-defunciones\/#primaryimage","url":"https:\/\/blgnoticiassantodomingo.net\/wp-content\/uploads\/2021\/09\/cq5dam.web_.1280.1280.jpeg","contentUrl":"https:\/\/blgnoticiassantodomingo.net\/wp-content\/uploads\/2021\/09\/cq5dam.web_.1280.1280.jpeg","width":710,"height":396},{"@type":"BreadcrumbList","@id":"https:\/\/blgnoticiassantodomingo.net\/index.php\/2021\/09\/22\/salud-publica-notifica-321-nuevos-casos-covid-y-dos-defunciones\/#breadcrumb","itemListElement":[{"@type":"ListItem","position":1,"name":"Portada","item":"https:\/\/blgnoticiassantodomingo.net\/"},{"@type":"ListItem","position":2,"name":"Salud P\u00fablica notifica 321 nuevos casos COVID y dos defunciones"}]},{"@type":"WebSite","@id":"https:\/\/blgnoticiassantodomingo.net\/#website","url":"https:\/\/blgnoticiassantodomingo.net\/","name":"BLG Noticias","description":"Esto es Noticias","publisher":{"@id":"https:\/\/blgnoticiassantodomingo.net\/#organization"},"potentialAction":[{"@type":"SearchAction","target":{"@type":"EntryPoint","urlTemplate":"https:\/\/blgnoticiassantodomingo.net\/?s={search_term_string}"},"query-input":{"@type":"PropertyValueSpecification","valueRequired":true,"valueName":"search_term_string"}}],"inLanguage":"es"},{"@type":"Organization","@id":"https:\/\/blgnoticiassantodomingo.net\/#organization","name":"BLG Noticias","url":"https:\/\/blgnoticiassantodomingo.net\/","logo":{"@type":"ImageObject","inLanguage":"es","@id":"https:\/\/blgnoticiassantodomingo.net\/#\/schema\/logo\/image\/","url":"https:\/\/blgnoticiassantodomingo.net\/wp-content\/uploads\/2023\/12\/Diseno-sin-titulo-3.jpg","contentUrl":"https:\/\/blgnoticiassantodomingo.net\/wp-content\/uploads\/2023\/12\/Diseno-sin-titulo-3.jpg","width":500,"height":500,"caption":"BLG Noticias"},"image":{"@id":"https:\/\/blgnoticiassantodomingo.net\/#\/schema\/logo\/image\/"},"sameAs":["https:\/\/web.facebook.com\/BlgNoticias\/?locale=es_LA&_rdc=1&_rdr","https:\/\/x.com\/BlgNoticias","https:\/\/www.linkedin.com\/in\/brenda-l-santana-aa846279\/"]},{"@type":"Person","@id":"https:\/\/blgnoticiassantodomingo.net\/#\/schema\/person\/e2fc21cf88acc63dbd134be981bff374","name":"Brenda Guerrero","image":{"@type":"ImageObject","inLanguage":"es","@id":"https:\/\/blgnoticiassantodomingo.net\/#\/schema\/person\/image\/","url":"https:\/\/secure.gravatar.com\/avatar\/2f7fc4c3e3655be1580cb684bfd8ab19be702ae20879da1e072021daa02f9b8b?s=96&d=wp_user_avatar&r=g","contentUrl":"https:\/\/secure.gravatar.com\/avatar\/2f7fc4c3e3655be1580cb684bfd8ab19be702ae20879da1e072021daa02f9b8b?s=96&d=wp_user_avatar&r=g","caption":"Brenda Guerrero"},"description":"Periodista","url":"https:\/\/blgnoticiassantodomingo.net\/index.php\/author\/brenda-guerrero\/"}]}},"jetpack_featured_media_url":"https:\/\/blgnoticiassantodomingo.net\/wp-content\/uploads\/2021\/09\/cq5dam.web_.1280.1280.jpeg","_links":{"self":[{"href":"https:\/\/blgnoticiassantodomingo.net\/index.php\/wp-json\/wp\/v2\/posts\/28340","targetHints":{"allow":["GET"]}}],"collection":[{"href":"https:\/\/blgnoticiassantodomingo.net\/index.php\/wp-json\/wp\/v2\/posts"}],"about":[{"href":"https:\/\/blgnoticiassantodomingo.net\/index.php\/wp-json\/wp\/v2\/types\/post"}],"author":[{"embeddable":true,"href":"https:\/\/blgnoticiassantodomingo.net\/index.php\/wp-json\/wp\/v2\/users\/2"}],"replies":[{"embeddable":true,"href":"https:\/\/blgnoticiassantodomingo.net\/index.php\/wp-json\/wp\/v2\/comments?post=28340"}],"version-history":[{"count":1,"href":"https:\/\/blgnoticiassantodomingo.net\/index.php\/wp-json\/wp\/v2\/posts\/28340\/revisions"}],"predecessor-version":[{"id":28342,"href":"https:\/\/blgnoticiassantodomingo.net\/index.php\/wp-json\/wp\/v2\/posts\/28340\/revisions\/28342"}],"wp:featuredmedia":[{"embeddable":true,"href":"https:\/\/blgnoticiassantodomingo.net\/index.php\/wp-json\/wp\/v2\/media\/28341"}],"wp:attachment":[{"href":"https:\/\/blgnoticiassantodomingo.net\/index.php\/wp-json\/wp\/v2\/media?parent=28340"}],"wp:term":[{"taxonomy":"category","embeddable":true,"href":"https:\/\/blgnoticiassantodomingo.net\/index.php\/wp-json\/wp\/v2\/categories?post=28340"},{"taxonomy":"post_tag","embeddable":true,"href":"https:\/\/blgnoticiassantodomingo.net\/index.php\/wp-json\/wp\/v2\/tags?post=28340"}],"curies":[{"name":"wp","href":"https:\/\/api.w.org\/{rel}","templated":true}]}}