{"id":27885,"date":"2021-09-02T20:07:10","date_gmt":"2021-09-02T19:07:10","guid":{"rendered":"https:\/\/blgnoticiassantodomingo.net\/?p=27885"},"modified":"2021-09-02T20:08:05","modified_gmt":"2021-09-02T19:08:05","slug":"jce-y-tse-coordinan-proyecto-para-eliminar-trabas-en-rectificaciones-de-actas","status":"publish","type":"post","link":"https:\/\/blgnoticiassantodomingo.net\/index.php\/2021\/09\/02\/jce-y-tse-coordinan-proyecto-para-eliminar-trabas-en-rectificaciones-de-actas\/","title":{"rendered":"JCE y TSE coordinan proyecto para eliminar trabas en rectificaciones de actas"},"content":{"rendered":"\n<p>Santo Domingo. La&nbsp;<strong>Junta Central Electoral<\/strong>&nbsp;(JCE) y el&nbsp;<strong>Tribunal Superior Electoral<\/strong>&nbsp;(TSE) acordaron dar seguimiento al&nbsp;<strong>Proyecto de Eliminaci\u00f3n de Trabas Burocr\u00e1ticas de las Rectificaciones de las Actas de Estado Civil<\/strong>, con el objetivo de dar facilidad al momento de solicitar este servicio.<\/p>\n\n\n\n<p>En el encuentro la&nbsp;<strong>JCE<\/strong>&nbsp;estuvo representada por los miembros titulares del Pleno, Samir Chami Isa y Patricia Lorenzo Paniagua; la directora nacional del Registro Civil, Rhina Diaz y el encargado de Juntas Electorales, Ram\u00f3n Urb\u00e1ez.<\/p>\n\n\n\n<p>Por el&nbsp;<strong>TSE<\/strong>&nbsp;la delegaci\u00f3n fue encabezada por Juan Alfredo Biaggi Lama, miembro titular del Pleno; la directora de la Comisi\u00f3n de Rectificaciones Enilda Ortiz, y el director de Inform\u00e1tica, Elvin Mendoza.<\/p>\n\n\n\n<p>Ambas representaciones resaltaron la importancia del proyecto, sobre todo lo concerniente al tiempo en dar respuestas a las solicitudes de rectificaci\u00f3n de actas, lo que genera tensi\u00f3n y perdida de recursos econ\u00f3micos, porque en la actualidad, para su gesti\u00f3n, el usuario debe trasladarse varias veces desde lugares muy lejanos.<\/p>\n\n\n\n<p>\u201cSabemos que nosotros, como Junta Central Electoral jugamos un papel muy importante, porque estas rectificaciones se manejan a nivel nacional y pr\u00e1cticamente las Juntas Electorales est\u00e1n preparadas para dar agilidad a las mismas\u201d, afirm\u00f3 Chami Isa.<br>En tanto el magistrado Biaggi resalt\u00f3 la necesidad de actualizar los protocolos para que fluya mejor la coordinaci\u00f3n entre las Juntas Electorales en los municipios para la canalizaci\u00f3n de las sentencias y la Comisi\u00f3n de Rectificaciones del TSE.<\/p>\n\n\n\n<p>\u201cLo que har\u00eda el Tribunal ser\u00eda que en dos d\u00edas se le dar\u00eda a Secretar\u00eda de la Junta Central Electoral y posteriormente a la Junta Electoral la certificaci\u00f3n que emane el Tribunal\u201d, afirm\u00f3.<\/p>\n\n\n\n<p>Dej\u00f3 entendido que de esta manera se puede llevar a cabo el proceso siempre y cuando se preserven los protocolos de seguridad para mantener la autenticidad del documento.<br>Durante su participaci\u00f3n la directora de Registro Civil de la JCE, Rhina D\u00edaz, sostuvo que el objetivo principal es evitar que el ciudadano este movi\u00e9ndose de un lugar a otro que implica dinero y tiempo.<\/p>\n\n\n\n<p>Enfatiz\u00f3 en varios casos ya resueltos que no han sido retirados de sus oficinas, porque el ciudadano no tiene para llegar a las oficinas de la JCE, sobre todo cuando son de lugares lejanos de la Capital.<\/p>\n\n\n\n<p>Una de las alternativas presentadas en la reuni\u00f3n fue explorar las posibilidades de trabajar los expedientes v\u00eda internet, cuidando siempre las documentaciones originales que deben ser confrontadas al momento de hacer las rectificaciones.<\/p>\n\n\n\n<p>\u201cDefinitivamente vamos caminando hacia la virtualidad\u201d, fueron las palabras finales de la miembro titular del Pleno, Patricia Lorenzo.<\/p>\n","protected":false},"excerpt":{"rendered":"<p>Santo Domingo. La&nbsp;Junta Central Electoral&nbsp;(JCE) y el&nbsp;Tribunal Superior Electoral&nbsp;(TSE) acordaron dar seguimiento al&nbsp;Proyecto de Eliminaci\u00f3n de Trabas Burocr\u00e1ticas de las Rectificaciones de las Actas de Estado Civil, con el objetivo de dar facilidad al momento de solicitar este servicio. En el encuentro la&nbsp;JCE&nbsp;estuvo representada por los miembros titulares del Pleno, Samir Chami Isa y Patricia [&hellip;]<\/p>\n","protected":false},"author":2,"featured_media":27888,"comment_status":"open","ping_status":"open","sticky":true,"template":"","format":"standard","meta":{"footnotes":""},"categories":[220],"tags":[239,5996,4261],"class_list":{"0":"post-27885","1":"post","2":"type-post","3":"status-publish","4":"format-standard","5":"has-post-thumbnail","7":"category-nacionales","8":"tag-jce","9":"tag-rectificaciones-de-actas","10":"tag-tse"},"yoast_head":"<!-- This site is optimized with the Yoast SEO plugin v24.9 - https:\/\/yoast.com\/wordpress\/plugins\/seo\/ -->\n<title>JCE y TSE coordinan proyecto para eliminar trabas en rectificaciones de actas - BLG Noticias<\/title>\n<meta name=\"robots\" content=\"index, follow, max-snippet:-1, max-image-preview:large, max-video-preview:-1\" \/>\n<link rel=\"canonical\" href=\"https:\/\/blgnoticiassantodomingo.net\/index.php\/2021\/09\/02\/jce-y-tse-coordinan-proyecto-para-eliminar-trabas-en-rectificaciones-de-actas\/\" \/>\n<meta property=\"og:locale\" content=\"es_ES\" \/>\n<meta property=\"og:type\" content=\"article\" \/>\n<meta property=\"og:title\" content=\"JCE y TSE coordinan proyecto para eliminar trabas en rectificaciones de actas - BLG Noticias\" \/>\n<meta property=\"og:description\" content=\"Santo Domingo. La&nbsp;Junta Central Electoral&nbsp;(JCE) y el&nbsp;Tribunal Superior Electoral&nbsp;(TSE) acordaron dar seguimiento al&nbsp;Proyecto de Eliminaci\u00f3n de Trabas Burocr\u00e1ticas de las Rectificaciones de las Actas de Estado Civil, con el objetivo de dar facilidad al momento de solicitar este servicio. En el encuentro la&nbsp;JCE&nbsp;estuvo representada por los miembros titulares del Pleno, Samir Chami Isa y Patricia [&hellip;]\" \/>\n<meta property=\"og:url\" content=\"https:\/\/blgnoticiassantodomingo.net\/index.php\/2021\/09\/02\/jce-y-tse-coordinan-proyecto-para-eliminar-trabas-en-rectificaciones-de-actas\/\" \/>\n<meta property=\"og:site_name\" content=\"BLG Noticias\" \/>\n<meta property=\"article:publisher\" content=\"https:\/\/web.facebook.com\/BlgNoticias\/?locale=es_LA&amp;_rdc=1&amp;_rdr\" \/>\n<meta property=\"article:published_time\" content=\"2021-09-02T19:07:10+00:00\" \/>\n<meta property=\"article:modified_time\" content=\"2021-09-02T19:08:05+00:00\" \/>\n<meta property=\"og:image\" content=\"https:\/\/blgnoticiassantodomingo.net\/wp-content\/uploads\/2021\/09\/900900p416EDNmainimg-WhatsApp-Image-2021-08-31-at-2.46.45-PM1.jpeg\" \/>\n\t<meta property=\"og:image:width\" content=\"900\" \/>\n\t<meta property=\"og:image:height\" content=\"505\" \/>\n\t<meta property=\"og:image:type\" content=\"image\/jpeg\" \/>\n<meta name=\"author\" content=\"Brenda Guerrero\" \/>\n<meta name=\"twitter:card\" content=\"summary_large_image\" \/>\n<meta name=\"twitter:creator\" content=\"@BlgNoticias\" \/>\n<meta name=\"twitter:site\" content=\"@BlgNoticias\" \/>\n<meta name=\"twitter:label1\" content=\"Escrito por\" \/>\n\t<meta name=\"twitter:data1\" content=\"Brenda Guerrero\" \/>\n\t<meta name=\"twitter:label2\" content=\"Tiempo de lectura\" \/>\n\t<meta name=\"twitter:data2\" content=\"2 minutos\" \/>\n<script type=\"application\/ld+json\" class=\"yoast-schema-graph\">{\"@context\":\"https:\/\/schema.org\",\"@graph\":[{\"@type\":\"Article\",\"@id\":\"https:\/\/blgnoticiassantodomingo.net\/index.php\/2021\/09\/02\/jce-y-tse-coordinan-proyecto-para-eliminar-trabas-en-rectificaciones-de-actas\/#article\",\"isPartOf\":{\"@id\":\"https:\/\/blgnoticiassantodomingo.net\/index.php\/2021\/09\/02\/jce-y-tse-coordinan-proyecto-para-eliminar-trabas-en-rectificaciones-de-actas\/\"},\"author\":{\"name\":\"Brenda Guerrero\",\"@id\":\"https:\/\/blgnoticiassantodomingo.net\/#\/schema\/person\/e2fc21cf88acc63dbd134be981bff374\"},\"headline\":\"JCE y TSE coordinan proyecto para eliminar trabas en rectificaciones de actas\",\"datePublished\":\"2021-09-02T19:07:10+00:00\",\"dateModified\":\"2021-09-02T19:08:05+00:00\",\"mainEntityOfPage\":{\"@id\":\"https:\/\/blgnoticiassantodomingo.net\/index.php\/2021\/09\/02\/jce-y-tse-coordinan-proyecto-para-eliminar-trabas-en-rectificaciones-de-actas\/\"},\"wordCount\":467,\"commentCount\":0,\"publisher\":{\"@id\":\"https:\/\/blgnoticiassantodomingo.net\/#organization\"},\"image\":{\"@id\":\"https:\/\/blgnoticiassantodomingo.net\/index.php\/2021\/09\/02\/jce-y-tse-coordinan-proyecto-para-eliminar-trabas-en-rectificaciones-de-actas\/#primaryimage\"},\"thumbnailUrl\":\"https:\/\/blgnoticiassantodomingo.net\/wp-content\/uploads\/2021\/09\/900900p416EDNmainimg-WhatsApp-Image-2021-08-31-at-2.46.45-PM1.jpeg\",\"keywords\":[\"JCE\",\"rectificaciones de actas\",\"TSE\"],\"articleSection\":[\"Nacionales\"],\"inLanguage\":\"es\",\"potentialAction\":[{\"@type\":\"CommentAction\",\"name\":\"Comment\",\"target\":[\"https:\/\/blgnoticiassantodomingo.net\/index.php\/2021\/09\/02\/jce-y-tse-coordinan-proyecto-para-eliminar-trabas-en-rectificaciones-de-actas\/#respond\"]}]},{\"@type\":\"WebPage\",\"@id\":\"https:\/\/blgnoticiassantodomingo.net\/index.php\/2021\/09\/02\/jce-y-tse-coordinan-proyecto-para-eliminar-trabas-en-rectificaciones-de-actas\/\",\"url\":\"https:\/\/blgnoticiassantodomingo.net\/index.php\/2021\/09\/02\/jce-y-tse-coordinan-proyecto-para-eliminar-trabas-en-rectificaciones-de-actas\/\",\"name\":\"JCE y TSE coordinan proyecto para eliminar trabas en rectificaciones de actas - BLG Noticias\",\"isPartOf\":{\"@id\":\"https:\/\/blgnoticiassantodomingo.net\/#website\"},\"primaryImageOfPage\":{\"@id\":\"https:\/\/blgnoticiassantodomingo.net\/index.php\/2021\/09\/02\/jce-y-tse-coordinan-proyecto-para-eliminar-trabas-en-rectificaciones-de-actas\/#primaryimage\"},\"image\":{\"@id\":\"https:\/\/blgnoticiassantodomingo.net\/index.php\/2021\/09\/02\/jce-y-tse-coordinan-proyecto-para-eliminar-trabas-en-rectificaciones-de-actas\/#primaryimage\"},\"thumbnailUrl\":\"https:\/\/blgnoticiassantodomingo.net\/wp-content\/uploads\/2021\/09\/900900p416EDNmainimg-WhatsApp-Image-2021-08-31-at-2.46.45-PM1.jpeg\",\"datePublished\":\"2021-09-02T19:07:10+00:00\",\"dateModified\":\"2021-09-02T19:08:05+00:00\",\"breadcrumb\":{\"@id\":\"https:\/\/blgnoticiassantodomingo.net\/index.php\/2021\/09\/02\/jce-y-tse-coordinan-proyecto-para-eliminar-trabas-en-rectificaciones-de-actas\/#breadcrumb\"},\"inLanguage\":\"es\",\"potentialAction\":[{\"@type\":\"ReadAction\",\"target\":[\"https:\/\/blgnoticiassantodomingo.net\/index.php\/2021\/09\/02\/jce-y-tse-coordinan-proyecto-para-eliminar-trabas-en-rectificaciones-de-actas\/\"]}]},{\"@type\":\"ImageObject\",\"inLanguage\":\"es\",\"@id\":\"https:\/\/blgnoticiassantodomingo.net\/index.php\/2021\/09\/02\/jce-y-tse-coordinan-proyecto-para-eliminar-trabas-en-rectificaciones-de-actas\/#primaryimage\",\"url\":\"https:\/\/blgnoticiassantodomingo.net\/wp-content\/uploads\/2021\/09\/900900p416EDNmainimg-WhatsApp-Image-2021-08-31-at-2.46.45-PM1.jpeg\",\"contentUrl\":\"https:\/\/blgnoticiassantodomingo.net\/wp-content\/uploads\/2021\/09\/900900p416EDNmainimg-WhatsApp-Image-2021-08-31-at-2.46.45-PM1.jpeg\",\"width\":900,\"height\":505},{\"@type\":\"BreadcrumbList\",\"@id\":\"https:\/\/blgnoticiassantodomingo.net\/index.php\/2021\/09\/02\/jce-y-tse-coordinan-proyecto-para-eliminar-trabas-en-rectificaciones-de-actas\/#breadcrumb\",\"itemListElement\":[{\"@type\":\"ListItem\",\"position\":1,\"name\":\"Portada\",\"item\":\"https:\/\/blgnoticiassantodomingo.net\/\"},{\"@type\":\"ListItem\",\"position\":2,\"name\":\"JCE y TSE coordinan proyecto para eliminar trabas en rectificaciones de actas\"}]},{\"@type\":\"WebSite\",\"@id\":\"https:\/\/blgnoticiassantodomingo.net\/#website\",\"url\":\"https:\/\/blgnoticiassantodomingo.net\/\",\"name\":\"BLG Noticias\",\"description\":\"Esto es Noticias\",\"publisher\":{\"@id\":\"https:\/\/blgnoticiassantodomingo.net\/#organization\"},\"potentialAction\":[{\"@type\":\"SearchAction\",\"target\":{\"@type\":\"EntryPoint\",\"urlTemplate\":\"https:\/\/blgnoticiassantodomingo.net\/?s={search_term_string}\"},\"query-input\":{\"@type\":\"PropertyValueSpecification\",\"valueRequired\":true,\"valueName\":\"search_term_string\"}}],\"inLanguage\":\"es\"},{\"@type\":\"Organization\",\"@id\":\"https:\/\/blgnoticiassantodomingo.net\/#organization\",\"name\":\"BLG Noticias\",\"url\":\"https:\/\/blgnoticiassantodomingo.net\/\",\"logo\":{\"@type\":\"ImageObject\",\"inLanguage\":\"es\",\"@id\":\"https:\/\/blgnoticiassantodomingo.net\/#\/schema\/logo\/image\/\",\"url\":\"https:\/\/blgnoticiassantodomingo.net\/wp-content\/uploads\/2023\/12\/Diseno-sin-titulo-3.jpg\",\"contentUrl\":\"https:\/\/blgnoticiassantodomingo.net\/wp-content\/uploads\/2023\/12\/Diseno-sin-titulo-3.jpg\",\"width\":500,\"height\":500,\"caption\":\"BLG Noticias\"},\"image\":{\"@id\":\"https:\/\/blgnoticiassantodomingo.net\/#\/schema\/logo\/image\/\"},\"sameAs\":[\"https:\/\/web.facebook.com\/BlgNoticias\/?locale=es_LA&_rdc=1&_rdr\",\"https:\/\/x.com\/BlgNoticias\",\"https:\/\/www.linkedin.com\/in\/brenda-l-santana-aa846279\/\"]},{\"@type\":\"Person\",\"@id\":\"https:\/\/blgnoticiassantodomingo.net\/#\/schema\/person\/e2fc21cf88acc63dbd134be981bff374\",\"name\":\"Brenda Guerrero\",\"image\":{\"@type\":\"ImageObject\",\"inLanguage\":\"es\",\"@id\":\"https:\/\/blgnoticiassantodomingo.net\/#\/schema\/person\/image\/\",\"url\":\"https:\/\/secure.gravatar.com\/avatar\/2f7fc4c3e3655be1580cb684bfd8ab19be702ae20879da1e072021daa02f9b8b?s=96&d=wp_user_avatar&r=g\",\"contentUrl\":\"https:\/\/secure.gravatar.com\/avatar\/2f7fc4c3e3655be1580cb684bfd8ab19be702ae20879da1e072021daa02f9b8b?s=96&d=wp_user_avatar&r=g\",\"caption\":\"Brenda Guerrero\"},\"description\":\"Periodista\",\"url\":\"https:\/\/blgnoticiassantodomingo.net\/index.php\/author\/brenda-guerrero\/\"}]}<\/script>\n<!-- \/ Yoast SEO plugin. -->","yoast_head_json":{"title":"JCE y TSE coordinan proyecto para eliminar trabas en rectificaciones de actas - BLG Noticias","robots":{"index":"index","follow":"follow","max-snippet":"max-snippet:-1","max-image-preview":"max-image-preview:large","max-video-preview":"max-video-preview:-1"},"canonical":"https:\/\/blgnoticiassantodomingo.net\/index.php\/2021\/09\/02\/jce-y-tse-coordinan-proyecto-para-eliminar-trabas-en-rectificaciones-de-actas\/","og_locale":"es_ES","og_type":"article","og_title":"JCE y TSE coordinan proyecto para eliminar trabas en rectificaciones de actas - BLG Noticias","og_description":"Santo Domingo. La&nbsp;Junta Central Electoral&nbsp;(JCE) y el&nbsp;Tribunal Superior Electoral&nbsp;(TSE) acordaron dar seguimiento al&nbsp;Proyecto de Eliminaci\u00f3n de Trabas Burocr\u00e1ticas de las Rectificaciones de las Actas de Estado Civil, con el objetivo de dar facilidad al momento de solicitar este servicio. En el encuentro la&nbsp;JCE&nbsp;estuvo representada por los miembros titulares del Pleno, Samir Chami Isa y Patricia [&hellip;]","og_url":"https:\/\/blgnoticiassantodomingo.net\/index.php\/2021\/09\/02\/jce-y-tse-coordinan-proyecto-para-eliminar-trabas-en-rectificaciones-de-actas\/","og_site_name":"BLG Noticias","article_publisher":"https:\/\/web.facebook.com\/BlgNoticias\/?locale=es_LA&_rdc=1&_rdr","article_published_time":"2021-09-02T19:07:10+00:00","article_modified_time":"2021-09-02T19:08:05+00:00","og_image":[{"width":900,"height":505,"url":"https:\/\/blgnoticiassantodomingo.net\/wp-content\/uploads\/2021\/09\/900900p416EDNmainimg-WhatsApp-Image-2021-08-31-at-2.46.45-PM1.jpeg","type":"image\/jpeg"}],"author":"Brenda Guerrero","twitter_card":"summary_large_image","twitter_creator":"@BlgNoticias","twitter_site":"@BlgNoticias","twitter_misc":{"Escrito por":"Brenda Guerrero","Tiempo de lectura":"2 minutos"},"schema":{"@context":"https:\/\/schema.org","@graph":[{"@type":"Article","@id":"https:\/\/blgnoticiassantodomingo.net\/index.php\/2021\/09\/02\/jce-y-tse-coordinan-proyecto-para-eliminar-trabas-en-rectificaciones-de-actas\/#article","isPartOf":{"@id":"https:\/\/blgnoticiassantodomingo.net\/index.php\/2021\/09\/02\/jce-y-tse-coordinan-proyecto-para-eliminar-trabas-en-rectificaciones-de-actas\/"},"author":{"name":"Brenda Guerrero","@id":"https:\/\/blgnoticiassantodomingo.net\/#\/schema\/person\/e2fc21cf88acc63dbd134be981bff374"},"headline":"JCE y TSE coordinan proyecto para eliminar trabas en rectificaciones de actas","datePublished":"2021-09-02T19:07:10+00:00","dateModified":"2021-09-02T19:08:05+00:00","mainEntityOfPage":{"@id":"https:\/\/blgnoticiassantodomingo.net\/index.php\/2021\/09\/02\/jce-y-tse-coordinan-proyecto-para-eliminar-trabas-en-rectificaciones-de-actas\/"},"wordCount":467,"commentCount":0,"publisher":{"@id":"https:\/\/blgnoticiassantodomingo.net\/#organization"},"image":{"@id":"https:\/\/blgnoticiassantodomingo.net\/index.php\/2021\/09\/02\/jce-y-tse-coordinan-proyecto-para-eliminar-trabas-en-rectificaciones-de-actas\/#primaryimage"},"thumbnailUrl":"https:\/\/blgnoticiassantodomingo.net\/wp-content\/uploads\/2021\/09\/900900p416EDNmainimg-WhatsApp-Image-2021-08-31-at-2.46.45-PM1.jpeg","keywords":["JCE","rectificaciones de actas","TSE"],"articleSection":["Nacionales"],"inLanguage":"es","potentialAction":[{"@type":"CommentAction","name":"Comment","target":["https:\/\/blgnoticiassantodomingo.net\/index.php\/2021\/09\/02\/jce-y-tse-coordinan-proyecto-para-eliminar-trabas-en-rectificaciones-de-actas\/#respond"]}]},{"@type":"WebPage","@id":"https:\/\/blgnoticiassantodomingo.net\/index.php\/2021\/09\/02\/jce-y-tse-coordinan-proyecto-para-eliminar-trabas-en-rectificaciones-de-actas\/","url":"https:\/\/blgnoticiassantodomingo.net\/index.php\/2021\/09\/02\/jce-y-tse-coordinan-proyecto-para-eliminar-trabas-en-rectificaciones-de-actas\/","name":"JCE y TSE coordinan proyecto para eliminar trabas en rectificaciones de actas - BLG Noticias","isPartOf":{"@id":"https:\/\/blgnoticiassantodomingo.net\/#website"},"primaryImageOfPage":{"@id":"https:\/\/blgnoticiassantodomingo.net\/index.php\/2021\/09\/02\/jce-y-tse-coordinan-proyecto-para-eliminar-trabas-en-rectificaciones-de-actas\/#primaryimage"},"image":{"@id":"https:\/\/blgnoticiassantodomingo.net\/index.php\/2021\/09\/02\/jce-y-tse-coordinan-proyecto-para-eliminar-trabas-en-rectificaciones-de-actas\/#primaryimage"},"thumbnailUrl":"https:\/\/blgnoticiassantodomingo.net\/wp-content\/uploads\/2021\/09\/900900p416EDNmainimg-WhatsApp-Image-2021-08-31-at-2.46.45-PM1.jpeg","datePublished":"2021-09-02T19:07:10+00:00","dateModified":"2021-09-02T19:08:05+00:00","breadcrumb":{"@id":"https:\/\/blgnoticiassantodomingo.net\/index.php\/2021\/09\/02\/jce-y-tse-coordinan-proyecto-para-eliminar-trabas-en-rectificaciones-de-actas\/#breadcrumb"},"inLanguage":"es","potentialAction":[{"@type":"ReadAction","target":["https:\/\/blgnoticiassantodomingo.net\/index.php\/2021\/09\/02\/jce-y-tse-coordinan-proyecto-para-eliminar-trabas-en-rectificaciones-de-actas\/"]}]},{"@type":"ImageObject","inLanguage":"es","@id":"https:\/\/blgnoticiassantodomingo.net\/index.php\/2021\/09\/02\/jce-y-tse-coordinan-proyecto-para-eliminar-trabas-en-rectificaciones-de-actas\/#primaryimage","url":"https:\/\/blgnoticiassantodomingo.net\/wp-content\/uploads\/2021\/09\/900900p416EDNmainimg-WhatsApp-Image-2021-08-31-at-2.46.45-PM1.jpeg","contentUrl":"https:\/\/blgnoticiassantodomingo.net\/wp-content\/uploads\/2021\/09\/900900p416EDNmainimg-WhatsApp-Image-2021-08-31-at-2.46.45-PM1.jpeg","width":900,"height":505},{"@type":"BreadcrumbList","@id":"https:\/\/blgnoticiassantodomingo.net\/index.php\/2021\/09\/02\/jce-y-tse-coordinan-proyecto-para-eliminar-trabas-en-rectificaciones-de-actas\/#breadcrumb","itemListElement":[{"@type":"ListItem","position":1,"name":"Portada","item":"https:\/\/blgnoticiassantodomingo.net\/"},{"@type":"ListItem","position":2,"name":"JCE y TSE coordinan proyecto para eliminar trabas en rectificaciones de actas"}]},{"@type":"WebSite","@id":"https:\/\/blgnoticiassantodomingo.net\/#website","url":"https:\/\/blgnoticiassantodomingo.net\/","name":"BLG Noticias","description":"Esto es Noticias","publisher":{"@id":"https:\/\/blgnoticiassantodomingo.net\/#organization"},"potentialAction":[{"@type":"SearchAction","target":{"@type":"EntryPoint","urlTemplate":"https:\/\/blgnoticiassantodomingo.net\/?s={search_term_string}"},"query-input":{"@type":"PropertyValueSpecification","valueRequired":true,"valueName":"search_term_string"}}],"inLanguage":"es"},{"@type":"Organization","@id":"https:\/\/blgnoticiassantodomingo.net\/#organization","name":"BLG Noticias","url":"https:\/\/blgnoticiassantodomingo.net\/","logo":{"@type":"ImageObject","inLanguage":"es","@id":"https:\/\/blgnoticiassantodomingo.net\/#\/schema\/logo\/image\/","url":"https:\/\/blgnoticiassantodomingo.net\/wp-content\/uploads\/2023\/12\/Diseno-sin-titulo-3.jpg","contentUrl":"https:\/\/blgnoticiassantodomingo.net\/wp-content\/uploads\/2023\/12\/Diseno-sin-titulo-3.jpg","width":500,"height":500,"caption":"BLG Noticias"},"image":{"@id":"https:\/\/blgnoticiassantodomingo.net\/#\/schema\/logo\/image\/"},"sameAs":["https:\/\/web.facebook.com\/BlgNoticias\/?locale=es_LA&_rdc=1&_rdr","https:\/\/x.com\/BlgNoticias","https:\/\/www.linkedin.com\/in\/brenda-l-santana-aa846279\/"]},{"@type":"Person","@id":"https:\/\/blgnoticiassantodomingo.net\/#\/schema\/person\/e2fc21cf88acc63dbd134be981bff374","name":"Brenda Guerrero","image":{"@type":"ImageObject","inLanguage":"es","@id":"https:\/\/blgnoticiassantodomingo.net\/#\/schema\/person\/image\/","url":"https:\/\/secure.gravatar.com\/avatar\/2f7fc4c3e3655be1580cb684bfd8ab19be702ae20879da1e072021daa02f9b8b?s=96&d=wp_user_avatar&r=g","contentUrl":"https:\/\/secure.gravatar.com\/avatar\/2f7fc4c3e3655be1580cb684bfd8ab19be702ae20879da1e072021daa02f9b8b?s=96&d=wp_user_avatar&r=g","caption":"Brenda Guerrero"},"description":"Periodista","url":"https:\/\/blgnoticiassantodomingo.net\/index.php\/author\/brenda-guerrero\/"}]}},"jetpack_featured_media_url":"https:\/\/blgnoticiassantodomingo.net\/wp-content\/uploads\/2021\/09\/900900p416EDNmainimg-WhatsApp-Image-2021-08-31-at-2.46.45-PM1.jpeg","_links":{"self":[{"href":"https:\/\/blgnoticiassantodomingo.net\/index.php\/wp-json\/wp\/v2\/posts\/27885","targetHints":{"allow":["GET"]}}],"collection":[{"href":"https:\/\/blgnoticiassantodomingo.net\/index.php\/wp-json\/wp\/v2\/posts"}],"about":[{"href":"https:\/\/blgnoticiassantodomingo.net\/index.php\/wp-json\/wp\/v2\/types\/post"}],"author":[{"embeddable":true,"href":"https:\/\/blgnoticiassantodomingo.net\/index.php\/wp-json\/wp\/v2\/users\/2"}],"replies":[{"embeddable":true,"href":"https:\/\/blgnoticiassantodomingo.net\/index.php\/wp-json\/wp\/v2\/comments?post=27885"}],"version-history":[{"count":1,"href":"https:\/\/blgnoticiassantodomingo.net\/index.php\/wp-json\/wp\/v2\/posts\/27885\/revisions"}],"predecessor-version":[{"id":27887,"href":"https:\/\/blgnoticiassantodomingo.net\/index.php\/wp-json\/wp\/v2\/posts\/27885\/revisions\/27887"}],"wp:featuredmedia":[{"embeddable":true,"href":"https:\/\/blgnoticiassantodomingo.net\/index.php\/wp-json\/wp\/v2\/media\/27888"}],"wp:attachment":[{"href":"https:\/\/blgnoticiassantodomingo.net\/index.php\/wp-json\/wp\/v2\/media?parent=27885"}],"wp:term":[{"taxonomy":"category","embeddable":true,"href":"https:\/\/blgnoticiassantodomingo.net\/index.php\/wp-json\/wp\/v2\/categories?post=27885"},{"taxonomy":"post_tag","embeddable":true,"href":"https:\/\/blgnoticiassantodomingo.net\/index.php\/wp-json\/wp\/v2\/tags?post=27885"}],"curies":[{"name":"wp","href":"https:\/\/api.w.org\/{rel}","templated":true}]}}