{"id":27682,"date":"2021-08-24T18:00:13","date_gmt":"2021-08-24T17:00:13","guid":{"rendered":"https:\/\/blgnoticiassantodomingo.net\/?p=27682"},"modified":"2021-08-24T18:00:14","modified_gmt":"2021-08-24T17:00:14","slug":"marileidy-paulino-correra-el-jueves-en-la-liga-diamante","status":"publish","type":"post","link":"https:\/\/blgnoticiassantodomingo.net\/index.php\/2021\/08\/24\/marileidy-paulino-correra-el-jueves-en-la-liga-diamante\/","title":{"rendered":"Marileidy Paulino correr\u00e1 el jueves en la Liga Diamante"},"content":{"rendered":"\n<p>Marileidy Paulino, doble medallista de plata de la Rep\u00fablica Dominicana durante los Juegos Ol\u00edmpicos de Tokio 2020, volver\u00e1 a la pista el jueves para competir en la Liga de Diamante.<\/p>\n\n\n\n<p>Con tan solo dos a\u00f1os en el olimpismo, la joven dominicana de 24 a\u00f1os se encuentra situada como la tercera mejor corredora del mundo en su categor\u00eda (400 metros planos femeninos), luego de su actuaci\u00f3n en Jap\u00f3n y ahora pone su vista en la Liga Diamante.<\/p>\n\n\n\n<p>Dicha liga representa la competencia de \u00e9lite m\u00e1s importante a\u00f1o a a\u00f1o de su disciplina.<\/p>\n\n\n\n<p>La dominicana est\u00e1 pautada para competir en las tres \u00faltimas carreras que tendr\u00e1 dicho circuito en el a\u00f1o.<\/p>\n\n\n\n<figure class=\"wp-block-image size-full is-resized is-style-rounded\"><img decoding=\"async\" src=\"https:\/\/blgnoticiassantodomingo.net\/wp-content\/uploads\/2021\/08\/2d0bddea-whatsapp-image-2021-08-06-at-9-09-22-am-610d349b11a4f.jpeg\" alt=\"\" class=\"wp-image-27684\" width=\"840\" height=\"563\" srcset=\"https:\/\/blgnoticiassantodomingo.net\/wp-content\/uploads\/2021\/08\/2d0bddea-whatsapp-image-2021-08-06-at-9-09-22-am-610d349b11a4f.jpeg 1024w, https:\/\/blgnoticiassantodomingo.net\/wp-content\/uploads\/2021\/08\/2d0bddea-whatsapp-image-2021-08-06-at-9-09-22-am-610d349b11a4f-300x201.jpeg 300w, https:\/\/blgnoticiassantodomingo.net\/wp-content\/uploads\/2021\/08\/2d0bddea-whatsapp-image-2021-08-06-at-9-09-22-am-610d349b11a4f-768x515.jpeg 768w\" sizes=\"(max-width: 840px) 100vw, 840px\" \/><figcaption><strong>Marileidy Paulino<\/strong><\/figcaption><\/figure>\n\n\n\n<p>Iniciar\u00e1 en la Atlet\u00edsima de Lausana en Suiza el pr\u00f3ximo jueves 26 de agosto, yendo dos d\u00edas despu\u00e9s a Paris, Francia, donde correr\u00eda la segunda competici\u00f3n el d\u00eda 28 de agosto. Concluir\u00eda regresando a Z\u00farich, Suiza, para volver a correr durante los d\u00edas 8 y 9 de septiembre.<\/p>\n\n\n\n<p>En lo que va de a\u00f1o, dentro de la categor\u00eda de los 400 metros planos femeninos, Paulino tiene uno de los mejores tiempos de clasificaci\u00f3n con 49.20 segundos, el cual logr\u00f3 en la final de dicha categor\u00eda en Tokio.<\/p>\n\n\n\n<p>La \u00fanica corredora con mejor tiempo es la dos veces medallista de oro, Shauanae Miller-Uibo con 48.36 segundos. El tercer mejor tiempo (49.22 segundos) lo posee Christine Mboma de Namibia, logrado durante el mes de abril.<\/p>\n\n\n\n<p>En 2021, los 400 metros planos femeninos han sido incluidos en dos eventos de la Liga Diamante, donde han resultado ganadoras la estadounidense Kendall Ellis en Gateshead, Gran Breta\u00f1a y la jamaiquina Stephenie McPherson durante el Gran Premio Brit\u00e1nico.<\/p>\n\n\n\n<p>Paulino&nbsp; viaj\u00f3 a Espa\u00f1a la semana pasada para continuar con su ciclo de entrenamiento junto a su compatriota, el tambi\u00e9n corredor Yancarlos Mart\u00ednez (quien tambi\u00e9n competir\u00e1 en el evento, pero en la modalidad de 200 metros planos masculino) y su entrenador Yaseen P\u00e9rez, seg\u00fan inform\u00f3 la Federaci\u00f3n Dominicana de Atletismo.<\/p>\n","protected":false},"excerpt":{"rendered":"<p>Marileidy Paulino, doble medallista de plata de la Rep\u00fablica Dominicana durante los Juegos Ol\u00edmpicos de Tokio 2020, volver\u00e1 a la pista el jueves para competir en la Liga de Diamante. Con tan solo dos a\u00f1os en el olimpismo, la joven dominicana de 24 a\u00f1os se encuentra situada como la tercera mejor corredora del mundo en [&hellip;]<\/p>\n","protected":false},"author":2,"featured_media":27683,"comment_status":"open","ping_status":"open","sticky":true,"template":"","format":"standard","meta":{"footnotes":""},"categories":[223],"tags":[5926,5841],"class_list":{"0":"post-27682","1":"post","2":"type-post","3":"status-publish","4":"format-standard","5":"has-post-thumbnail","7":"category-deportes","8":"tag-liga-diamante","9":"tag-marileidy-paulino"},"yoast_head":"<!-- This site is optimized with the Yoast SEO plugin v24.9 - https:\/\/yoast.com\/wordpress\/plugins\/seo\/ -->\n<title>Marileidy Paulino correr\u00e1 el jueves en la Liga Diamante - BLG Noticias<\/title>\n<meta name=\"robots\" content=\"index, follow, max-snippet:-1, max-image-preview:large, max-video-preview:-1\" \/>\n<link rel=\"canonical\" href=\"https:\/\/blgnoticiassantodomingo.net\/index.php\/2021\/08\/24\/marileidy-paulino-correra-el-jueves-en-la-liga-diamante\/\" \/>\n<meta property=\"og:locale\" content=\"es_ES\" \/>\n<meta property=\"og:type\" content=\"article\" \/>\n<meta property=\"og:title\" content=\"Marileidy Paulino correr\u00e1 el jueves en la Liga Diamante - BLG Noticias\" \/>\n<meta property=\"og:description\" content=\"Marileidy Paulino, doble medallista de plata de la Rep\u00fablica Dominicana durante los Juegos Ol\u00edmpicos de Tokio 2020, volver\u00e1 a la pista el jueves para competir en la Liga de Diamante. Con tan solo dos a\u00f1os en el olimpismo, la joven dominicana de 24 a\u00f1os se encuentra situada como la tercera mejor corredora del mundo en [&hellip;]\" \/>\n<meta property=\"og:url\" content=\"https:\/\/blgnoticiassantodomingo.net\/index.php\/2021\/08\/24\/marileidy-paulino-correra-el-jueves-en-la-liga-diamante\/\" \/>\n<meta property=\"og:site_name\" content=\"BLG Noticias\" \/>\n<meta property=\"article:publisher\" content=\"https:\/\/web.facebook.com\/BlgNoticias\/?locale=es_LA&amp;_rdc=1&amp;_rdr\" \/>\n<meta property=\"article:published_time\" content=\"2021-08-24T17:00:13+00:00\" \/>\n<meta property=\"article:modified_time\" content=\"2021-08-24T17:00:14+00:00\" \/>\n<meta property=\"og:image\" content=\"https:\/\/blgnoticiassantodomingo.net\/wp-content\/uploads\/2021\/08\/marileidy-medium.jpg\" \/>\n\t<meta property=\"og:image:width\" content=\"760\" \/>\n\t<meta property=\"og:image:height\" content=\"539\" \/>\n\t<meta property=\"og:image:type\" content=\"image\/jpeg\" \/>\n<meta name=\"author\" content=\"Brenda Guerrero\" \/>\n<meta name=\"twitter:card\" content=\"summary_large_image\" \/>\n<meta name=\"twitter:creator\" content=\"@BlgNoticias\" \/>\n<meta name=\"twitter:site\" content=\"@BlgNoticias\" \/>\n<meta name=\"twitter:label1\" content=\"Escrito por\" \/>\n\t<meta name=\"twitter:data1\" content=\"Brenda Guerrero\" \/>\n\t<meta name=\"twitter:label2\" content=\"Tiempo de lectura\" \/>\n\t<meta name=\"twitter:data2\" content=\"2 minutos\" \/>\n<script type=\"application\/ld+json\" class=\"yoast-schema-graph\">{\"@context\":\"https:\/\/schema.org\",\"@graph\":[{\"@type\":\"Article\",\"@id\":\"https:\/\/blgnoticiassantodomingo.net\/index.php\/2021\/08\/24\/marileidy-paulino-correra-el-jueves-en-la-liga-diamante\/#article\",\"isPartOf\":{\"@id\":\"https:\/\/blgnoticiassantodomingo.net\/index.php\/2021\/08\/24\/marileidy-paulino-correra-el-jueves-en-la-liga-diamante\/\"},\"author\":{\"name\":\"Brenda Guerrero\",\"@id\":\"https:\/\/blgnoticiassantodomingo.net\/#\/schema\/person\/e2fc21cf88acc63dbd134be981bff374\"},\"headline\":\"Marileidy Paulino correr\u00e1 el jueves en la Liga Diamante\",\"datePublished\":\"2021-08-24T17:00:13+00:00\",\"dateModified\":\"2021-08-24T17:00:14+00:00\",\"mainEntityOfPage\":{\"@id\":\"https:\/\/blgnoticiassantodomingo.net\/index.php\/2021\/08\/24\/marileidy-paulino-correra-el-jueves-en-la-liga-diamante\/\"},\"wordCount\":353,\"commentCount\":0,\"publisher\":{\"@id\":\"https:\/\/blgnoticiassantodomingo.net\/#organization\"},\"image\":{\"@id\":\"https:\/\/blgnoticiassantodomingo.net\/index.php\/2021\/08\/24\/marileidy-paulino-correra-el-jueves-en-la-liga-diamante\/#primaryimage\"},\"thumbnailUrl\":\"https:\/\/blgnoticiassantodomingo.net\/wp-content\/uploads\/2021\/08\/marileidy-medium.jpg\",\"keywords\":[\"Liga Diamante\",\"Marileidy paulino\"],\"articleSection\":[\"Deportes\"],\"inLanguage\":\"es\",\"potentialAction\":[{\"@type\":\"CommentAction\",\"name\":\"Comment\",\"target\":[\"https:\/\/blgnoticiassantodomingo.net\/index.php\/2021\/08\/24\/marileidy-paulino-correra-el-jueves-en-la-liga-diamante\/#respond\"]}]},{\"@type\":\"WebPage\",\"@id\":\"https:\/\/blgnoticiassantodomingo.net\/index.php\/2021\/08\/24\/marileidy-paulino-correra-el-jueves-en-la-liga-diamante\/\",\"url\":\"https:\/\/blgnoticiassantodomingo.net\/index.php\/2021\/08\/24\/marileidy-paulino-correra-el-jueves-en-la-liga-diamante\/\",\"name\":\"Marileidy Paulino correr\u00e1 el jueves en la Liga Diamante - BLG Noticias\",\"isPartOf\":{\"@id\":\"https:\/\/blgnoticiassantodomingo.net\/#website\"},\"primaryImageOfPage\":{\"@id\":\"https:\/\/blgnoticiassantodomingo.net\/index.php\/2021\/08\/24\/marileidy-paulino-correra-el-jueves-en-la-liga-diamante\/#primaryimage\"},\"image\":{\"@id\":\"https:\/\/blgnoticiassantodomingo.net\/index.php\/2021\/08\/24\/marileidy-paulino-correra-el-jueves-en-la-liga-diamante\/#primaryimage\"},\"thumbnailUrl\":\"https:\/\/blgnoticiassantodomingo.net\/wp-content\/uploads\/2021\/08\/marileidy-medium.jpg\",\"datePublished\":\"2021-08-24T17:00:13+00:00\",\"dateModified\":\"2021-08-24T17:00:14+00:00\",\"breadcrumb\":{\"@id\":\"https:\/\/blgnoticiassantodomingo.net\/index.php\/2021\/08\/24\/marileidy-paulino-correra-el-jueves-en-la-liga-diamante\/#breadcrumb\"},\"inLanguage\":\"es\",\"potentialAction\":[{\"@type\":\"ReadAction\",\"target\":[\"https:\/\/blgnoticiassantodomingo.net\/index.php\/2021\/08\/24\/marileidy-paulino-correra-el-jueves-en-la-liga-diamante\/\"]}]},{\"@type\":\"ImageObject\",\"inLanguage\":\"es\",\"@id\":\"https:\/\/blgnoticiassantodomingo.net\/index.php\/2021\/08\/24\/marileidy-paulino-correra-el-jueves-en-la-liga-diamante\/#primaryimage\",\"url\":\"https:\/\/blgnoticiassantodomingo.net\/wp-content\/uploads\/2021\/08\/marileidy-medium.jpg\",\"contentUrl\":\"https:\/\/blgnoticiassantodomingo.net\/wp-content\/uploads\/2021\/08\/marileidy-medium.jpg\",\"width\":760,\"height\":539},{\"@type\":\"BreadcrumbList\",\"@id\":\"https:\/\/blgnoticiassantodomingo.net\/index.php\/2021\/08\/24\/marileidy-paulino-correra-el-jueves-en-la-liga-diamante\/#breadcrumb\",\"itemListElement\":[{\"@type\":\"ListItem\",\"position\":1,\"name\":\"Portada\",\"item\":\"https:\/\/blgnoticiassantodomingo.net\/\"},{\"@type\":\"ListItem\",\"position\":2,\"name\":\"Marileidy Paulino correr\u00e1 el jueves en la Liga Diamante\"}]},{\"@type\":\"WebSite\",\"@id\":\"https:\/\/blgnoticiassantodomingo.net\/#website\",\"url\":\"https:\/\/blgnoticiassantodomingo.net\/\",\"name\":\"BLG Noticias\",\"description\":\"Esto es Noticias\",\"publisher\":{\"@id\":\"https:\/\/blgnoticiassantodomingo.net\/#organization\"},\"potentialAction\":[{\"@type\":\"SearchAction\",\"target\":{\"@type\":\"EntryPoint\",\"urlTemplate\":\"https:\/\/blgnoticiassantodomingo.net\/?s={search_term_string}\"},\"query-input\":{\"@type\":\"PropertyValueSpecification\",\"valueRequired\":true,\"valueName\":\"search_term_string\"}}],\"inLanguage\":\"es\"},{\"@type\":\"Organization\",\"@id\":\"https:\/\/blgnoticiassantodomingo.net\/#organization\",\"name\":\"BLG Noticias\",\"url\":\"https:\/\/blgnoticiassantodomingo.net\/\",\"logo\":{\"@type\":\"ImageObject\",\"inLanguage\":\"es\",\"@id\":\"https:\/\/blgnoticiassantodomingo.net\/#\/schema\/logo\/image\/\",\"url\":\"https:\/\/blgnoticiassantodomingo.net\/wp-content\/uploads\/2023\/12\/Diseno-sin-titulo-3.jpg\",\"contentUrl\":\"https:\/\/blgnoticiassantodomingo.net\/wp-content\/uploads\/2023\/12\/Diseno-sin-titulo-3.jpg\",\"width\":500,\"height\":500,\"caption\":\"BLG Noticias\"},\"image\":{\"@id\":\"https:\/\/blgnoticiassantodomingo.net\/#\/schema\/logo\/image\/\"},\"sameAs\":[\"https:\/\/web.facebook.com\/BlgNoticias\/?locale=es_LA&_rdc=1&_rdr\",\"https:\/\/x.com\/BlgNoticias\",\"https:\/\/www.linkedin.com\/in\/brenda-l-santana-aa846279\/\"]},{\"@type\":\"Person\",\"@id\":\"https:\/\/blgnoticiassantodomingo.net\/#\/schema\/person\/e2fc21cf88acc63dbd134be981bff374\",\"name\":\"Brenda Guerrero\",\"image\":{\"@type\":\"ImageObject\",\"inLanguage\":\"es\",\"@id\":\"https:\/\/blgnoticiassantodomingo.net\/#\/schema\/person\/image\/\",\"url\":\"https:\/\/secure.gravatar.com\/avatar\/2f7fc4c3e3655be1580cb684bfd8ab19be702ae20879da1e072021daa02f9b8b?s=96&d=wp_user_avatar&r=g\",\"contentUrl\":\"https:\/\/secure.gravatar.com\/avatar\/2f7fc4c3e3655be1580cb684bfd8ab19be702ae20879da1e072021daa02f9b8b?s=96&d=wp_user_avatar&r=g\",\"caption\":\"Brenda Guerrero\"},\"description\":\"Periodista\",\"url\":\"https:\/\/blgnoticiassantodomingo.net\/index.php\/author\/brenda-guerrero\/\"}]}<\/script>\n<!-- \/ Yoast SEO plugin. -->","yoast_head_json":{"title":"Marileidy Paulino correr\u00e1 el jueves en la Liga Diamante - BLG Noticias","robots":{"index":"index","follow":"follow","max-snippet":"max-snippet:-1","max-image-preview":"max-image-preview:large","max-video-preview":"max-video-preview:-1"},"canonical":"https:\/\/blgnoticiassantodomingo.net\/index.php\/2021\/08\/24\/marileidy-paulino-correra-el-jueves-en-la-liga-diamante\/","og_locale":"es_ES","og_type":"article","og_title":"Marileidy Paulino correr\u00e1 el jueves en la Liga Diamante - BLG Noticias","og_description":"Marileidy Paulino, doble medallista de plata de la Rep\u00fablica Dominicana durante los Juegos Ol\u00edmpicos de Tokio 2020, volver\u00e1 a la pista el jueves para competir en la Liga de Diamante. Con tan solo dos a\u00f1os en el olimpismo, la joven dominicana de 24 a\u00f1os se encuentra situada como la tercera mejor corredora del mundo en [&hellip;]","og_url":"https:\/\/blgnoticiassantodomingo.net\/index.php\/2021\/08\/24\/marileidy-paulino-correra-el-jueves-en-la-liga-diamante\/","og_site_name":"BLG Noticias","article_publisher":"https:\/\/web.facebook.com\/BlgNoticias\/?locale=es_LA&_rdc=1&_rdr","article_published_time":"2021-08-24T17:00:13+00:00","article_modified_time":"2021-08-24T17:00:14+00:00","og_image":[{"width":760,"height":539,"url":"https:\/\/blgnoticiassantodomingo.net\/wp-content\/uploads\/2021\/08\/marileidy-medium.jpg","type":"image\/jpeg"}],"author":"Brenda Guerrero","twitter_card":"summary_large_image","twitter_creator":"@BlgNoticias","twitter_site":"@BlgNoticias","twitter_misc":{"Escrito por":"Brenda Guerrero","Tiempo de lectura":"2 minutos"},"schema":{"@context":"https:\/\/schema.org","@graph":[{"@type":"Article","@id":"https:\/\/blgnoticiassantodomingo.net\/index.php\/2021\/08\/24\/marileidy-paulino-correra-el-jueves-en-la-liga-diamante\/#article","isPartOf":{"@id":"https:\/\/blgnoticiassantodomingo.net\/index.php\/2021\/08\/24\/marileidy-paulino-correra-el-jueves-en-la-liga-diamante\/"},"author":{"name":"Brenda Guerrero","@id":"https:\/\/blgnoticiassantodomingo.net\/#\/schema\/person\/e2fc21cf88acc63dbd134be981bff374"},"headline":"Marileidy Paulino correr\u00e1 el jueves en la Liga Diamante","datePublished":"2021-08-24T17:00:13+00:00","dateModified":"2021-08-24T17:00:14+00:00","mainEntityOfPage":{"@id":"https:\/\/blgnoticiassantodomingo.net\/index.php\/2021\/08\/24\/marileidy-paulino-correra-el-jueves-en-la-liga-diamante\/"},"wordCount":353,"commentCount":0,"publisher":{"@id":"https:\/\/blgnoticiassantodomingo.net\/#organization"},"image":{"@id":"https:\/\/blgnoticiassantodomingo.net\/index.php\/2021\/08\/24\/marileidy-paulino-correra-el-jueves-en-la-liga-diamante\/#primaryimage"},"thumbnailUrl":"https:\/\/blgnoticiassantodomingo.net\/wp-content\/uploads\/2021\/08\/marileidy-medium.jpg","keywords":["Liga Diamante","Marileidy paulino"],"articleSection":["Deportes"],"inLanguage":"es","potentialAction":[{"@type":"CommentAction","name":"Comment","target":["https:\/\/blgnoticiassantodomingo.net\/index.php\/2021\/08\/24\/marileidy-paulino-correra-el-jueves-en-la-liga-diamante\/#respond"]}]},{"@type":"WebPage","@id":"https:\/\/blgnoticiassantodomingo.net\/index.php\/2021\/08\/24\/marileidy-paulino-correra-el-jueves-en-la-liga-diamante\/","url":"https:\/\/blgnoticiassantodomingo.net\/index.php\/2021\/08\/24\/marileidy-paulino-correra-el-jueves-en-la-liga-diamante\/","name":"Marileidy Paulino correr\u00e1 el jueves en la Liga Diamante - BLG Noticias","isPartOf":{"@id":"https:\/\/blgnoticiassantodomingo.net\/#website"},"primaryImageOfPage":{"@id":"https:\/\/blgnoticiassantodomingo.net\/index.php\/2021\/08\/24\/marileidy-paulino-correra-el-jueves-en-la-liga-diamante\/#primaryimage"},"image":{"@id":"https:\/\/blgnoticiassantodomingo.net\/index.php\/2021\/08\/24\/marileidy-paulino-correra-el-jueves-en-la-liga-diamante\/#primaryimage"},"thumbnailUrl":"https:\/\/blgnoticiassantodomingo.net\/wp-content\/uploads\/2021\/08\/marileidy-medium.jpg","datePublished":"2021-08-24T17:00:13+00:00","dateModified":"2021-08-24T17:00:14+00:00","breadcrumb":{"@id":"https:\/\/blgnoticiassantodomingo.net\/index.php\/2021\/08\/24\/marileidy-paulino-correra-el-jueves-en-la-liga-diamante\/#breadcrumb"},"inLanguage":"es","potentialAction":[{"@type":"ReadAction","target":["https:\/\/blgnoticiassantodomingo.net\/index.php\/2021\/08\/24\/marileidy-paulino-correra-el-jueves-en-la-liga-diamante\/"]}]},{"@type":"ImageObject","inLanguage":"es","@id":"https:\/\/blgnoticiassantodomingo.net\/index.php\/2021\/08\/24\/marileidy-paulino-correra-el-jueves-en-la-liga-diamante\/#primaryimage","url":"https:\/\/blgnoticiassantodomingo.net\/wp-content\/uploads\/2021\/08\/marileidy-medium.jpg","contentUrl":"https:\/\/blgnoticiassantodomingo.net\/wp-content\/uploads\/2021\/08\/marileidy-medium.jpg","width":760,"height":539},{"@type":"BreadcrumbList","@id":"https:\/\/blgnoticiassantodomingo.net\/index.php\/2021\/08\/24\/marileidy-paulino-correra-el-jueves-en-la-liga-diamante\/#breadcrumb","itemListElement":[{"@type":"ListItem","position":1,"name":"Portada","item":"https:\/\/blgnoticiassantodomingo.net\/"},{"@type":"ListItem","position":2,"name":"Marileidy Paulino correr\u00e1 el jueves en la Liga Diamante"}]},{"@type":"WebSite","@id":"https:\/\/blgnoticiassantodomingo.net\/#website","url":"https:\/\/blgnoticiassantodomingo.net\/","name":"BLG Noticias","description":"Esto es Noticias","publisher":{"@id":"https:\/\/blgnoticiassantodomingo.net\/#organization"},"potentialAction":[{"@type":"SearchAction","target":{"@type":"EntryPoint","urlTemplate":"https:\/\/blgnoticiassantodomingo.net\/?s={search_term_string}"},"query-input":{"@type":"PropertyValueSpecification","valueRequired":true,"valueName":"search_term_string"}}],"inLanguage":"es"},{"@type":"Organization","@id":"https:\/\/blgnoticiassantodomingo.net\/#organization","name":"BLG Noticias","url":"https:\/\/blgnoticiassantodomingo.net\/","logo":{"@type":"ImageObject","inLanguage":"es","@id":"https:\/\/blgnoticiassantodomingo.net\/#\/schema\/logo\/image\/","url":"https:\/\/blgnoticiassantodomingo.net\/wp-content\/uploads\/2023\/12\/Diseno-sin-titulo-3.jpg","contentUrl":"https:\/\/blgnoticiassantodomingo.net\/wp-content\/uploads\/2023\/12\/Diseno-sin-titulo-3.jpg","width":500,"height":500,"caption":"BLG Noticias"},"image":{"@id":"https:\/\/blgnoticiassantodomingo.net\/#\/schema\/logo\/image\/"},"sameAs":["https:\/\/web.facebook.com\/BlgNoticias\/?locale=es_LA&_rdc=1&_rdr","https:\/\/x.com\/BlgNoticias","https:\/\/www.linkedin.com\/in\/brenda-l-santana-aa846279\/"]},{"@type":"Person","@id":"https:\/\/blgnoticiassantodomingo.net\/#\/schema\/person\/e2fc21cf88acc63dbd134be981bff374","name":"Brenda Guerrero","image":{"@type":"ImageObject","inLanguage":"es","@id":"https:\/\/blgnoticiassantodomingo.net\/#\/schema\/person\/image\/","url":"https:\/\/secure.gravatar.com\/avatar\/2f7fc4c3e3655be1580cb684bfd8ab19be702ae20879da1e072021daa02f9b8b?s=96&d=wp_user_avatar&r=g","contentUrl":"https:\/\/secure.gravatar.com\/avatar\/2f7fc4c3e3655be1580cb684bfd8ab19be702ae20879da1e072021daa02f9b8b?s=96&d=wp_user_avatar&r=g","caption":"Brenda Guerrero"},"description":"Periodista","url":"https:\/\/blgnoticiassantodomingo.net\/index.php\/author\/brenda-guerrero\/"}]}},"jetpack_featured_media_url":"https:\/\/blgnoticiassantodomingo.net\/wp-content\/uploads\/2021\/08\/marileidy-medium.jpg","_links":{"self":[{"href":"https:\/\/blgnoticiassantodomingo.net\/index.php\/wp-json\/wp\/v2\/posts\/27682","targetHints":{"allow":["GET"]}}],"collection":[{"href":"https:\/\/blgnoticiassantodomingo.net\/index.php\/wp-json\/wp\/v2\/posts"}],"about":[{"href":"https:\/\/blgnoticiassantodomingo.net\/index.php\/wp-json\/wp\/v2\/types\/post"}],"author":[{"embeddable":true,"href":"https:\/\/blgnoticiassantodomingo.net\/index.php\/wp-json\/wp\/v2\/users\/2"}],"replies":[{"embeddable":true,"href":"https:\/\/blgnoticiassantodomingo.net\/index.php\/wp-json\/wp\/v2\/comments?post=27682"}],"version-history":[{"count":1,"href":"https:\/\/blgnoticiassantodomingo.net\/index.php\/wp-json\/wp\/v2\/posts\/27682\/revisions"}],"predecessor-version":[{"id":27685,"href":"https:\/\/blgnoticiassantodomingo.net\/index.php\/wp-json\/wp\/v2\/posts\/27682\/revisions\/27685"}],"wp:featuredmedia":[{"embeddable":true,"href":"https:\/\/blgnoticiassantodomingo.net\/index.php\/wp-json\/wp\/v2\/media\/27683"}],"wp:attachment":[{"href":"https:\/\/blgnoticiassantodomingo.net\/index.php\/wp-json\/wp\/v2\/media?parent=27682"}],"wp:term":[{"taxonomy":"category","embeddable":true,"href":"https:\/\/blgnoticiassantodomingo.net\/index.php\/wp-json\/wp\/v2\/categories?post=27682"},{"taxonomy":"post_tag","embeddable":true,"href":"https:\/\/blgnoticiassantodomingo.net\/index.php\/wp-json\/wp\/v2\/tags?post=27682"}],"curies":[{"name":"wp","href":"https:\/\/api.w.org\/{rel}","templated":true}]}}