{"id":2734,"date":"2019-11-30T14:52:31","date_gmt":"2019-11-30T14:52:31","guid":{"rendered":"http:\/\/blgnoticiassantodomingo.net\/?p=2734"},"modified":"2019-11-30T14:55:09","modified_gmt":"2019-11-30T14:55:09","slug":"cierre-de-malecon-desde-la-avenida-abraham-lincoln-hasta-la-maximo-gomez","status":"publish","type":"post","link":"https:\/\/blgnoticiassantodomingo.net\/index.php\/2019\/11\/30\/cierre-de-malecon-desde-la-avenida-abraham-lincoln-hasta-la-maximo-gomez\/","title":{"rendered":"Cierre de Malec\u00f3n desde la Avenida Abraham Lincoln hasta la M\u00e1ximo G\u00f3mez"},"content":{"rendered":"\n<p>En la ma\u00f1ana de este s\u00e1bado ha sido cerrado el Malec\u00f3n de Santo Domingo desde la Avenida Abraham Lincoln hasta la M\u00e1ximo G\u00f3mez, el mismo se extender\u00e1 hasta la calle Socorro S\u00e1nchez. <br><\/p>\n\n\n\n<p>El cierre de estas importantes avenidas es autorizado por el Instituto Nacional de Transito y Transporte Terrestre&nbsp;(INTRANT) por motivo de marat\u00f3n que se realizar\u00e1 en los espacios ya mencionados.<\/p>\n\n\n\n<p>Recomendamos a los conductores utilizar v\u00edas alternativas para evadir el tramo cerrado y evitar taponamientos.<\/p>\n","protected":false},"excerpt":{"rendered":"<p>En la ma\u00f1ana de este s\u00e1bado ha sido cerrado el Malec\u00f3n de Santo Domingo desde la Avenida Abraham Lincoln hasta la M\u00e1ximo G\u00f3mez, el mismo se extender\u00e1 hasta la calle Socorro S\u00e1nchez. El cierre de estas importantes avenidas es autorizado por el Instituto Nacional de Transito y Transporte Terrestre&nbsp;(INTRANT) por motivo de marat\u00f3n que se [&hellip;]<\/p>\n","protected":false},"author":2,"featured_media":2735,"comment_status":"open","ping_status":"open","sticky":false,"template":"","format":"standard","meta":{"footnotes":""},"categories":[220],"tags":[741,740,742],"class_list":{"0":"post-2734","1":"post","2":"type-post","3":"status-publish","4":"format-standard","5":"has-post-thumbnail","7":"category-nacionales","8":"tag-intrant","9":"tag-maraton","10":"tag-taponamiento"},"yoast_head":"<!-- This site is optimized with the Yoast SEO plugin v24.9 - https:\/\/yoast.com\/wordpress\/plugins\/seo\/ -->\n<title>Cierre de Malec\u00f3n desde la Avenida Abraham Lincoln hasta la M\u00e1ximo G\u00f3mez - BLG Noticias<\/title>\n<meta name=\"robots\" content=\"index, follow, max-snippet:-1, max-image-preview:large, max-video-preview:-1\" \/>\n<link rel=\"canonical\" href=\"https:\/\/blgnoticiassantodomingo.net\/index.php\/2019\/11\/30\/cierre-de-malecon-desde-la-avenida-abraham-lincoln-hasta-la-maximo-gomez\/\" \/>\n<meta property=\"og:locale\" content=\"es_ES\" \/>\n<meta property=\"og:type\" content=\"article\" \/>\n<meta property=\"og:title\" content=\"Cierre de Malec\u00f3n desde la Avenida Abraham Lincoln hasta la M\u00e1ximo G\u00f3mez - BLG Noticias\" \/>\n<meta property=\"og:description\" content=\"En la ma\u00f1ana de este s\u00e1bado ha sido cerrado el Malec\u00f3n de Santo Domingo desde la Avenida Abraham Lincoln hasta la M\u00e1ximo G\u00f3mez, el mismo se extender\u00e1 hasta la calle Socorro S\u00e1nchez. El cierre de estas importantes avenidas es autorizado por el Instituto Nacional de Transito y Transporte Terrestre&nbsp;(INTRANT) por motivo de marat\u00f3n que se [&hellip;]\" \/>\n<meta property=\"og:url\" content=\"https:\/\/blgnoticiassantodomingo.net\/index.php\/2019\/11\/30\/cierre-de-malecon-desde-la-avenida-abraham-lincoln-hasta-la-maximo-gomez\/\" \/>\n<meta property=\"og:site_name\" content=\"BLG Noticias\" \/>\n<meta property=\"article:publisher\" content=\"https:\/\/web.facebook.com\/BlgNoticias\/?locale=es_LA&amp;_rdc=1&amp;_rdr\" \/>\n<meta property=\"article:published_time\" content=\"2019-11-30T14:52:31+00:00\" \/>\n<meta property=\"article:modified_time\" content=\"2019-11-30T14:55:09+00:00\" \/>\n<meta property=\"og:image\" content=\"https:\/\/blgnoticiassantodomingo.net\/wp-content\/uploads\/2019\/11\/4F8631C1-C601-47D2-B415-4A051F44DD87.jpeg\" \/>\n\t<meta property=\"og:image:width\" content=\"1280\" \/>\n\t<meta property=\"og:image:height\" content=\"960\" \/>\n\t<meta property=\"og:image:type\" content=\"image\/jpeg\" \/>\n<meta name=\"author\" content=\"Brenda Guerrero\" \/>\n<meta name=\"twitter:card\" content=\"summary_large_image\" \/>\n<meta name=\"twitter:creator\" content=\"@BlgNoticias\" \/>\n<meta name=\"twitter:site\" content=\"@BlgNoticias\" \/>\n<meta name=\"twitter:label1\" content=\"Escrito por\" \/>\n\t<meta name=\"twitter:data1\" content=\"Brenda Guerrero\" \/>\n<script type=\"application\/ld+json\" class=\"yoast-schema-graph\">{\"@context\":\"https:\/\/schema.org\",\"@graph\":[{\"@type\":\"Article\",\"@id\":\"https:\/\/blgnoticiassantodomingo.net\/index.php\/2019\/11\/30\/cierre-de-malecon-desde-la-avenida-abraham-lincoln-hasta-la-maximo-gomez\/#article\",\"isPartOf\":{\"@id\":\"https:\/\/blgnoticiassantodomingo.net\/index.php\/2019\/11\/30\/cierre-de-malecon-desde-la-avenida-abraham-lincoln-hasta-la-maximo-gomez\/\"},\"author\":{\"name\":\"Brenda Guerrero\",\"@id\":\"https:\/\/blgnoticiassantodomingo.net\/#\/schema\/person\/e2fc21cf88acc63dbd134be981bff374\"},\"headline\":\"Cierre de Malec\u00f3n desde la Avenida Abraham Lincoln hasta la M\u00e1ximo G\u00f3mez\",\"datePublished\":\"2019-11-30T14:52:31+00:00\",\"dateModified\":\"2019-11-30T14:55:09+00:00\",\"mainEntityOfPage\":{\"@id\":\"https:\/\/blgnoticiassantodomingo.net\/index.php\/2019\/11\/30\/cierre-de-malecon-desde-la-avenida-abraham-lincoln-hasta-la-maximo-gomez\/\"},\"wordCount\":101,\"commentCount\":0,\"publisher\":{\"@id\":\"https:\/\/blgnoticiassantodomingo.net\/#organization\"},\"image\":{\"@id\":\"https:\/\/blgnoticiassantodomingo.net\/index.php\/2019\/11\/30\/cierre-de-malecon-desde-la-avenida-abraham-lincoln-hasta-la-maximo-gomez\/#primaryimage\"},\"thumbnailUrl\":\"https:\/\/blgnoticiassantodomingo.net\/wp-content\/uploads\/2019\/11\/4F8631C1-C601-47D2-B415-4A051F44DD87.jpeg\",\"keywords\":[\"Intrant\",\"Maraton\",\"Taponamiento\"],\"articleSection\":[\"Nacionales\"],\"inLanguage\":\"es\",\"potentialAction\":[{\"@type\":\"CommentAction\",\"name\":\"Comment\",\"target\":[\"https:\/\/blgnoticiassantodomingo.net\/index.php\/2019\/11\/30\/cierre-de-malecon-desde-la-avenida-abraham-lincoln-hasta-la-maximo-gomez\/#respond\"]}]},{\"@type\":\"WebPage\",\"@id\":\"https:\/\/blgnoticiassantodomingo.net\/index.php\/2019\/11\/30\/cierre-de-malecon-desde-la-avenida-abraham-lincoln-hasta-la-maximo-gomez\/\",\"url\":\"https:\/\/blgnoticiassantodomingo.net\/index.php\/2019\/11\/30\/cierre-de-malecon-desde-la-avenida-abraham-lincoln-hasta-la-maximo-gomez\/\",\"name\":\"Cierre de Malec\u00f3n desde la Avenida Abraham Lincoln hasta la M\u00e1ximo G\u00f3mez - BLG Noticias\",\"isPartOf\":{\"@id\":\"https:\/\/blgnoticiassantodomingo.net\/#website\"},\"primaryImageOfPage\":{\"@id\":\"https:\/\/blgnoticiassantodomingo.net\/index.php\/2019\/11\/30\/cierre-de-malecon-desde-la-avenida-abraham-lincoln-hasta-la-maximo-gomez\/#primaryimage\"},\"image\":{\"@id\":\"https:\/\/blgnoticiassantodomingo.net\/index.php\/2019\/11\/30\/cierre-de-malecon-desde-la-avenida-abraham-lincoln-hasta-la-maximo-gomez\/#primaryimage\"},\"thumbnailUrl\":\"https:\/\/blgnoticiassantodomingo.net\/wp-content\/uploads\/2019\/11\/4F8631C1-C601-47D2-B415-4A051F44DD87.jpeg\",\"datePublished\":\"2019-11-30T14:52:31+00:00\",\"dateModified\":\"2019-11-30T14:55:09+00:00\",\"breadcrumb\":{\"@id\":\"https:\/\/blgnoticiassantodomingo.net\/index.php\/2019\/11\/30\/cierre-de-malecon-desde-la-avenida-abraham-lincoln-hasta-la-maximo-gomez\/#breadcrumb\"},\"inLanguage\":\"es\",\"potentialAction\":[{\"@type\":\"ReadAction\",\"target\":[\"https:\/\/blgnoticiassantodomingo.net\/index.php\/2019\/11\/30\/cierre-de-malecon-desde-la-avenida-abraham-lincoln-hasta-la-maximo-gomez\/\"]}]},{\"@type\":\"ImageObject\",\"inLanguage\":\"es\",\"@id\":\"https:\/\/blgnoticiassantodomingo.net\/index.php\/2019\/11\/30\/cierre-de-malecon-desde-la-avenida-abraham-lincoln-hasta-la-maximo-gomez\/#primaryimage\",\"url\":\"https:\/\/blgnoticiassantodomingo.net\/wp-content\/uploads\/2019\/11\/4F8631C1-C601-47D2-B415-4A051F44DD87.jpeg\",\"contentUrl\":\"https:\/\/blgnoticiassantodomingo.net\/wp-content\/uploads\/2019\/11\/4F8631C1-C601-47D2-B415-4A051F44DD87.jpeg\",\"width\":1280,\"height\":960},{\"@type\":\"BreadcrumbList\",\"@id\":\"https:\/\/blgnoticiassantodomingo.net\/index.php\/2019\/11\/30\/cierre-de-malecon-desde-la-avenida-abraham-lincoln-hasta-la-maximo-gomez\/#breadcrumb\",\"itemListElement\":[{\"@type\":\"ListItem\",\"position\":1,\"name\":\"Portada\",\"item\":\"https:\/\/blgnoticiassantodomingo.net\/\"},{\"@type\":\"ListItem\",\"position\":2,\"name\":\"Cierre de Malec\u00f3n desde la Avenida Abraham Lincoln hasta la M\u00e1ximo G\u00f3mez\"}]},{\"@type\":\"WebSite\",\"@id\":\"https:\/\/blgnoticiassantodomingo.net\/#website\",\"url\":\"https:\/\/blgnoticiassantodomingo.net\/\",\"name\":\"BLG Noticias\",\"description\":\"Esto es Noticias\",\"publisher\":{\"@id\":\"https:\/\/blgnoticiassantodomingo.net\/#organization\"},\"potentialAction\":[{\"@type\":\"SearchAction\",\"target\":{\"@type\":\"EntryPoint\",\"urlTemplate\":\"https:\/\/blgnoticiassantodomingo.net\/?s={search_term_string}\"},\"query-input\":{\"@type\":\"PropertyValueSpecification\",\"valueRequired\":true,\"valueName\":\"search_term_string\"}}],\"inLanguage\":\"es\"},{\"@type\":\"Organization\",\"@id\":\"https:\/\/blgnoticiassantodomingo.net\/#organization\",\"name\":\"BLG Noticias\",\"url\":\"https:\/\/blgnoticiassantodomingo.net\/\",\"logo\":{\"@type\":\"ImageObject\",\"inLanguage\":\"es\",\"@id\":\"https:\/\/blgnoticiassantodomingo.net\/#\/schema\/logo\/image\/\",\"url\":\"https:\/\/blgnoticiassantodomingo.net\/wp-content\/uploads\/2023\/12\/Diseno-sin-titulo-3.jpg\",\"contentUrl\":\"https:\/\/blgnoticiassantodomingo.net\/wp-content\/uploads\/2023\/12\/Diseno-sin-titulo-3.jpg\",\"width\":500,\"height\":500,\"caption\":\"BLG Noticias\"},\"image\":{\"@id\":\"https:\/\/blgnoticiassantodomingo.net\/#\/schema\/logo\/image\/\"},\"sameAs\":[\"https:\/\/web.facebook.com\/BlgNoticias\/?locale=es_LA&_rdc=1&_rdr\",\"https:\/\/x.com\/BlgNoticias\",\"https:\/\/www.linkedin.com\/in\/brenda-l-santana-aa846279\/\"]},{\"@type\":\"Person\",\"@id\":\"https:\/\/blgnoticiassantodomingo.net\/#\/schema\/person\/e2fc21cf88acc63dbd134be981bff374\",\"name\":\"Brenda Guerrero\",\"image\":{\"@type\":\"ImageObject\",\"inLanguage\":\"es\",\"@id\":\"https:\/\/blgnoticiassantodomingo.net\/#\/schema\/person\/image\/\",\"url\":\"https:\/\/secure.gravatar.com\/avatar\/2f7fc4c3e3655be1580cb684bfd8ab19be702ae20879da1e072021daa02f9b8b?s=96&d=wp_user_avatar&r=g\",\"contentUrl\":\"https:\/\/secure.gravatar.com\/avatar\/2f7fc4c3e3655be1580cb684bfd8ab19be702ae20879da1e072021daa02f9b8b?s=96&d=wp_user_avatar&r=g\",\"caption\":\"Brenda Guerrero\"},\"description\":\"Periodista\",\"url\":\"https:\/\/blgnoticiassantodomingo.net\/index.php\/author\/brenda-guerrero\/\"}]}<\/script>\n<!-- \/ Yoast SEO plugin. -->","yoast_head_json":{"title":"Cierre de Malec\u00f3n desde la Avenida Abraham Lincoln hasta la M\u00e1ximo G\u00f3mez - BLG Noticias","robots":{"index":"index","follow":"follow","max-snippet":"max-snippet:-1","max-image-preview":"max-image-preview:large","max-video-preview":"max-video-preview:-1"},"canonical":"https:\/\/blgnoticiassantodomingo.net\/index.php\/2019\/11\/30\/cierre-de-malecon-desde-la-avenida-abraham-lincoln-hasta-la-maximo-gomez\/","og_locale":"es_ES","og_type":"article","og_title":"Cierre de Malec\u00f3n desde la Avenida Abraham Lincoln hasta la M\u00e1ximo G\u00f3mez - BLG Noticias","og_description":"En la ma\u00f1ana de este s\u00e1bado ha sido cerrado el Malec\u00f3n de Santo Domingo desde la Avenida Abraham Lincoln hasta la M\u00e1ximo G\u00f3mez, el mismo se extender\u00e1 hasta la calle Socorro S\u00e1nchez. El cierre de estas importantes avenidas es autorizado por el Instituto Nacional de Transito y Transporte Terrestre&nbsp;(INTRANT) por motivo de marat\u00f3n que se [&hellip;]","og_url":"https:\/\/blgnoticiassantodomingo.net\/index.php\/2019\/11\/30\/cierre-de-malecon-desde-la-avenida-abraham-lincoln-hasta-la-maximo-gomez\/","og_site_name":"BLG Noticias","article_publisher":"https:\/\/web.facebook.com\/BlgNoticias\/?locale=es_LA&_rdc=1&_rdr","article_published_time":"2019-11-30T14:52:31+00:00","article_modified_time":"2019-11-30T14:55:09+00:00","og_image":[{"width":1280,"height":960,"url":"https:\/\/blgnoticiassantodomingo.net\/wp-content\/uploads\/2019\/11\/4F8631C1-C601-47D2-B415-4A051F44DD87.jpeg","type":"image\/jpeg"}],"author":"Brenda Guerrero","twitter_card":"summary_large_image","twitter_creator":"@BlgNoticias","twitter_site":"@BlgNoticias","twitter_misc":{"Escrito por":"Brenda Guerrero"},"schema":{"@context":"https:\/\/schema.org","@graph":[{"@type":"Article","@id":"https:\/\/blgnoticiassantodomingo.net\/index.php\/2019\/11\/30\/cierre-de-malecon-desde-la-avenida-abraham-lincoln-hasta-la-maximo-gomez\/#article","isPartOf":{"@id":"https:\/\/blgnoticiassantodomingo.net\/index.php\/2019\/11\/30\/cierre-de-malecon-desde-la-avenida-abraham-lincoln-hasta-la-maximo-gomez\/"},"author":{"name":"Brenda Guerrero","@id":"https:\/\/blgnoticiassantodomingo.net\/#\/schema\/person\/e2fc21cf88acc63dbd134be981bff374"},"headline":"Cierre de Malec\u00f3n desde la Avenida Abraham Lincoln hasta la M\u00e1ximo G\u00f3mez","datePublished":"2019-11-30T14:52:31+00:00","dateModified":"2019-11-30T14:55:09+00:00","mainEntityOfPage":{"@id":"https:\/\/blgnoticiassantodomingo.net\/index.php\/2019\/11\/30\/cierre-de-malecon-desde-la-avenida-abraham-lincoln-hasta-la-maximo-gomez\/"},"wordCount":101,"commentCount":0,"publisher":{"@id":"https:\/\/blgnoticiassantodomingo.net\/#organization"},"image":{"@id":"https:\/\/blgnoticiassantodomingo.net\/index.php\/2019\/11\/30\/cierre-de-malecon-desde-la-avenida-abraham-lincoln-hasta-la-maximo-gomez\/#primaryimage"},"thumbnailUrl":"https:\/\/blgnoticiassantodomingo.net\/wp-content\/uploads\/2019\/11\/4F8631C1-C601-47D2-B415-4A051F44DD87.jpeg","keywords":["Intrant","Maraton","Taponamiento"],"articleSection":["Nacionales"],"inLanguage":"es","potentialAction":[{"@type":"CommentAction","name":"Comment","target":["https:\/\/blgnoticiassantodomingo.net\/index.php\/2019\/11\/30\/cierre-de-malecon-desde-la-avenida-abraham-lincoln-hasta-la-maximo-gomez\/#respond"]}]},{"@type":"WebPage","@id":"https:\/\/blgnoticiassantodomingo.net\/index.php\/2019\/11\/30\/cierre-de-malecon-desde-la-avenida-abraham-lincoln-hasta-la-maximo-gomez\/","url":"https:\/\/blgnoticiassantodomingo.net\/index.php\/2019\/11\/30\/cierre-de-malecon-desde-la-avenida-abraham-lincoln-hasta-la-maximo-gomez\/","name":"Cierre de Malec\u00f3n desde la Avenida Abraham Lincoln hasta la M\u00e1ximo G\u00f3mez - BLG Noticias","isPartOf":{"@id":"https:\/\/blgnoticiassantodomingo.net\/#website"},"primaryImageOfPage":{"@id":"https:\/\/blgnoticiassantodomingo.net\/index.php\/2019\/11\/30\/cierre-de-malecon-desde-la-avenida-abraham-lincoln-hasta-la-maximo-gomez\/#primaryimage"},"image":{"@id":"https:\/\/blgnoticiassantodomingo.net\/index.php\/2019\/11\/30\/cierre-de-malecon-desde-la-avenida-abraham-lincoln-hasta-la-maximo-gomez\/#primaryimage"},"thumbnailUrl":"https:\/\/blgnoticiassantodomingo.net\/wp-content\/uploads\/2019\/11\/4F8631C1-C601-47D2-B415-4A051F44DD87.jpeg","datePublished":"2019-11-30T14:52:31+00:00","dateModified":"2019-11-30T14:55:09+00:00","breadcrumb":{"@id":"https:\/\/blgnoticiassantodomingo.net\/index.php\/2019\/11\/30\/cierre-de-malecon-desde-la-avenida-abraham-lincoln-hasta-la-maximo-gomez\/#breadcrumb"},"inLanguage":"es","potentialAction":[{"@type":"ReadAction","target":["https:\/\/blgnoticiassantodomingo.net\/index.php\/2019\/11\/30\/cierre-de-malecon-desde-la-avenida-abraham-lincoln-hasta-la-maximo-gomez\/"]}]},{"@type":"ImageObject","inLanguage":"es","@id":"https:\/\/blgnoticiassantodomingo.net\/index.php\/2019\/11\/30\/cierre-de-malecon-desde-la-avenida-abraham-lincoln-hasta-la-maximo-gomez\/#primaryimage","url":"https:\/\/blgnoticiassantodomingo.net\/wp-content\/uploads\/2019\/11\/4F8631C1-C601-47D2-B415-4A051F44DD87.jpeg","contentUrl":"https:\/\/blgnoticiassantodomingo.net\/wp-content\/uploads\/2019\/11\/4F8631C1-C601-47D2-B415-4A051F44DD87.jpeg","width":1280,"height":960},{"@type":"BreadcrumbList","@id":"https:\/\/blgnoticiassantodomingo.net\/index.php\/2019\/11\/30\/cierre-de-malecon-desde-la-avenida-abraham-lincoln-hasta-la-maximo-gomez\/#breadcrumb","itemListElement":[{"@type":"ListItem","position":1,"name":"Portada","item":"https:\/\/blgnoticiassantodomingo.net\/"},{"@type":"ListItem","position":2,"name":"Cierre de Malec\u00f3n desde la Avenida Abraham Lincoln hasta la M\u00e1ximo G\u00f3mez"}]},{"@type":"WebSite","@id":"https:\/\/blgnoticiassantodomingo.net\/#website","url":"https:\/\/blgnoticiassantodomingo.net\/","name":"BLG Noticias","description":"Esto es Noticias","publisher":{"@id":"https:\/\/blgnoticiassantodomingo.net\/#organization"},"potentialAction":[{"@type":"SearchAction","target":{"@type":"EntryPoint","urlTemplate":"https:\/\/blgnoticiassantodomingo.net\/?s={search_term_string}"},"query-input":{"@type":"PropertyValueSpecification","valueRequired":true,"valueName":"search_term_string"}}],"inLanguage":"es"},{"@type":"Organization","@id":"https:\/\/blgnoticiassantodomingo.net\/#organization","name":"BLG Noticias","url":"https:\/\/blgnoticiassantodomingo.net\/","logo":{"@type":"ImageObject","inLanguage":"es","@id":"https:\/\/blgnoticiassantodomingo.net\/#\/schema\/logo\/image\/","url":"https:\/\/blgnoticiassantodomingo.net\/wp-content\/uploads\/2023\/12\/Diseno-sin-titulo-3.jpg","contentUrl":"https:\/\/blgnoticiassantodomingo.net\/wp-content\/uploads\/2023\/12\/Diseno-sin-titulo-3.jpg","width":500,"height":500,"caption":"BLG Noticias"},"image":{"@id":"https:\/\/blgnoticiassantodomingo.net\/#\/schema\/logo\/image\/"},"sameAs":["https:\/\/web.facebook.com\/BlgNoticias\/?locale=es_LA&_rdc=1&_rdr","https:\/\/x.com\/BlgNoticias","https:\/\/www.linkedin.com\/in\/brenda-l-santana-aa846279\/"]},{"@type":"Person","@id":"https:\/\/blgnoticiassantodomingo.net\/#\/schema\/person\/e2fc21cf88acc63dbd134be981bff374","name":"Brenda Guerrero","image":{"@type":"ImageObject","inLanguage":"es","@id":"https:\/\/blgnoticiassantodomingo.net\/#\/schema\/person\/image\/","url":"https:\/\/secure.gravatar.com\/avatar\/2f7fc4c3e3655be1580cb684bfd8ab19be702ae20879da1e072021daa02f9b8b?s=96&d=wp_user_avatar&r=g","contentUrl":"https:\/\/secure.gravatar.com\/avatar\/2f7fc4c3e3655be1580cb684bfd8ab19be702ae20879da1e072021daa02f9b8b?s=96&d=wp_user_avatar&r=g","caption":"Brenda Guerrero"},"description":"Periodista","url":"https:\/\/blgnoticiassantodomingo.net\/index.php\/author\/brenda-guerrero\/"}]}},"jetpack_featured_media_url":"https:\/\/blgnoticiassantodomingo.net\/wp-content\/uploads\/2019\/11\/4F8631C1-C601-47D2-B415-4A051F44DD87.jpeg","_links":{"self":[{"href":"https:\/\/blgnoticiassantodomingo.net\/index.php\/wp-json\/wp\/v2\/posts\/2734","targetHints":{"allow":["GET"]}}],"collection":[{"href":"https:\/\/blgnoticiassantodomingo.net\/index.php\/wp-json\/wp\/v2\/posts"}],"about":[{"href":"https:\/\/blgnoticiassantodomingo.net\/index.php\/wp-json\/wp\/v2\/types\/post"}],"author":[{"embeddable":true,"href":"https:\/\/blgnoticiassantodomingo.net\/index.php\/wp-json\/wp\/v2\/users\/2"}],"replies":[{"embeddable":true,"href":"https:\/\/blgnoticiassantodomingo.net\/index.php\/wp-json\/wp\/v2\/comments?post=2734"}],"version-history":[{"count":2,"href":"https:\/\/blgnoticiassantodomingo.net\/index.php\/wp-json\/wp\/v2\/posts\/2734\/revisions"}],"predecessor-version":[{"id":2737,"href":"https:\/\/blgnoticiassantodomingo.net\/index.php\/wp-json\/wp\/v2\/posts\/2734\/revisions\/2737"}],"wp:featuredmedia":[{"embeddable":true,"href":"https:\/\/blgnoticiassantodomingo.net\/index.php\/wp-json\/wp\/v2\/media\/2735"}],"wp:attachment":[{"href":"https:\/\/blgnoticiassantodomingo.net\/index.php\/wp-json\/wp\/v2\/media?parent=2734"}],"wp:term":[{"taxonomy":"category","embeddable":true,"href":"https:\/\/blgnoticiassantodomingo.net\/index.php\/wp-json\/wp\/v2\/categories?post=2734"},{"taxonomy":"post_tag","embeddable":true,"href":"https:\/\/blgnoticiassantodomingo.net\/index.php\/wp-json\/wp\/v2\/tags?post=2734"}],"curies":[{"name":"wp","href":"https:\/\/api.w.org\/{rel}","templated":true}]}}