{"id":2713,"date":"2019-11-30T14:15:28","date_gmt":"2019-11-30T14:15:28","guid":{"rendered":"http:\/\/blgnoticiassantodomingo.net\/?p=2713"},"modified":"2019-11-30T14:15:29","modified_gmt":"2019-11-30T14:15:29","slug":"leonel-va-al-sur-a-apoyar-candidatos","status":"publish","type":"post","link":"https:\/\/blgnoticiassantodomingo.net\/index.php\/2019\/11\/30\/leonel-va-al-sur-a-apoyar-candidatos\/","title":{"rendered":"Leonel va al Sur a apoyar candidatos ."},"content":{"rendered":"\n<p>El expresidente&nbsp; Leonel Fern\u00e1ndez recorrer\u00e1 ma\u00f1ana domingo la parte sur del pa\u00eds para dejar formalmente iniciada la campa\u00f1a municipal, de cara al proceso electoral de febrero del 2020.<\/p>\n\n\n\n<p>El recorrido que encabezar\u00e1 Fern\u00e1ndez, candidato presidencial del partido Fuerza del Pueblo y el Reformista Social Cristiano (PRSC), es en respaldo a los candidatos de la FP y aliados,&nbsp; Las actividades se iniciar\u00e1n a las 10:00 de la ma\u00f1ana en El\u00edas Pi\u00f1a, para proseguir hacia Las Matas de Farf\u00e1n, San Juan de la Maguana, Azua, Peravia y San Crist\u00f3bal.<\/p>\n\n\n\n<p>Se recuerda que el anuncio fue hecho por la direcci\u00f3n pol\u00edtica de la Fuerza del Pueblo el pasado lunes, donde adem\u00e1s, se inform\u00f3 que en los pr\u00f3ximos d\u00edas se estar\u00e1n dando los nombres de los titulares de las 42 secretar\u00edas que conforman la estructura del partido.<\/p>\n\n\n\n<p>Fern\u00e1ndez estar\u00e1 en este y otros recorridos mostrando su apoyo a los diversos candidatos del partido que lidera, as\u00ed como los de las fuerzas aliadas. &nbsp;<\/p>\n\n\n\n<p>El expresidente Fern\u00e1ndez compiti\u00f3 por la candidatura presidencial en el Partido de la Liberaci\u00f3n Dominicana (PLD), pero la Junta Central Electoral declar\u00f3 ganador de la posici\u00f3n a su contrincante Gonzalo Castillo en las primarias abiertas del 6 de octubre.<\/p>\n\n\n\n<p>El d\u00eda 20 de ese mes, Fern\u00e1ndez pronunci\u00f3 un discurso por televisi\u00f3n en el que inform\u00f3 su renuncia del PLD y su integraci\u00f3n al PTD\/Fuerza del Pueblo.<\/p>\n\n\n\n<p><\/p>\n","protected":false},"excerpt":{"rendered":"<p>El expresidente&nbsp; Leonel Fern\u00e1ndez recorrer\u00e1 ma\u00f1ana domingo la parte sur del pa\u00eds para dejar formalmente iniciada la campa\u00f1a municipal, de cara al proceso electoral de febrero del 2020. El recorrido que encabezar\u00e1 Fern\u00e1ndez, candidato presidencial del partido Fuerza del Pueblo y el Reformista Social Cristiano (PRSC), es en respaldo a los candidatos de la FP [&hellip;]<\/p>\n","protected":false},"author":2,"featured_media":2714,"comment_status":"open","ping_status":"open","sticky":false,"template":"","format":"standard","meta":{"footnotes":""},"categories":[226],"tags":[],"class_list":{"0":"post-2713","1":"post","2":"type-post","3":"status-publish","4":"format-standard","5":"has-post-thumbnail","7":"category-politica"},"yoast_head":"<!-- This site is optimized with the Yoast SEO plugin v24.9 - https:\/\/yoast.com\/wordpress\/plugins\/seo\/ -->\n<title>Leonel va al Sur a apoyar candidatos . - BLG Noticias<\/title>\n<meta name=\"robots\" content=\"index, follow, max-snippet:-1, max-image-preview:large, max-video-preview:-1\" \/>\n<link rel=\"canonical\" href=\"https:\/\/blgnoticiassantodomingo.net\/index.php\/2019\/11\/30\/leonel-va-al-sur-a-apoyar-candidatos\/\" \/>\n<meta property=\"og:locale\" content=\"es_ES\" \/>\n<meta property=\"og:type\" content=\"article\" \/>\n<meta property=\"og:title\" content=\"Leonel va al Sur a apoyar candidatos . - BLG Noticias\" \/>\n<meta property=\"og:description\" content=\"El expresidente&nbsp; Leonel Fern\u00e1ndez recorrer\u00e1 ma\u00f1ana domingo la parte sur del pa\u00eds para dejar formalmente iniciada la campa\u00f1a municipal, de cara al proceso electoral de febrero del 2020. El recorrido que encabezar\u00e1 Fern\u00e1ndez, candidato presidencial del partido Fuerza del Pueblo y el Reformista Social Cristiano (PRSC), es en respaldo a los candidatos de la FP [&hellip;]\" \/>\n<meta property=\"og:url\" content=\"https:\/\/blgnoticiassantodomingo.net\/index.php\/2019\/11\/30\/leonel-va-al-sur-a-apoyar-candidatos\/\" \/>\n<meta property=\"og:site_name\" content=\"BLG Noticias\" \/>\n<meta property=\"article:publisher\" content=\"https:\/\/web.facebook.com\/BlgNoticias\/?locale=es_LA&amp;_rdc=1&amp;_rdr\" \/>\n<meta property=\"article:published_time\" content=\"2019-11-30T14:15:28+00:00\" \/>\n<meta property=\"article:modified_time\" content=\"2019-11-30T14:15:29+00:00\" \/>\n<meta property=\"og:image\" content=\"https:\/\/blgnoticiassantodomingo.net\/wp-content\/uploads\/2019\/11\/leonel-va-al-sur-a-apoyar-candidatos.jpeg\" \/>\n\t<meta property=\"og:image:width\" content=\"680\" \/>\n\t<meta property=\"og:image:height\" content=\"445\" \/>\n\t<meta property=\"og:image:type\" content=\"image\/jpeg\" \/>\n<meta name=\"author\" content=\"Brenda Guerrero\" \/>\n<meta name=\"twitter:card\" content=\"summary_large_image\" \/>\n<meta name=\"twitter:creator\" content=\"@BlgNoticias\" \/>\n<meta name=\"twitter:site\" content=\"@BlgNoticias\" \/>\n<meta name=\"twitter:label1\" content=\"Escrito por\" \/>\n\t<meta name=\"twitter:data1\" content=\"Brenda Guerrero\" \/>\n\t<meta name=\"twitter:label2\" content=\"Tiempo de lectura\" \/>\n\t<meta name=\"twitter:data2\" content=\"1 minuto\" \/>\n<script type=\"application\/ld+json\" class=\"yoast-schema-graph\">{\"@context\":\"https:\/\/schema.org\",\"@graph\":[{\"@type\":\"Article\",\"@id\":\"https:\/\/blgnoticiassantodomingo.net\/index.php\/2019\/11\/30\/leonel-va-al-sur-a-apoyar-candidatos\/#article\",\"isPartOf\":{\"@id\":\"https:\/\/blgnoticiassantodomingo.net\/index.php\/2019\/11\/30\/leonel-va-al-sur-a-apoyar-candidatos\/\"},\"author\":{\"name\":\"Brenda Guerrero\",\"@id\":\"https:\/\/blgnoticiassantodomingo.net\/#\/schema\/person\/e2fc21cf88acc63dbd134be981bff374\"},\"headline\":\"Leonel va al Sur a apoyar candidatos .\",\"datePublished\":\"2019-11-30T14:15:28+00:00\",\"dateModified\":\"2019-11-30T14:15:29+00:00\",\"mainEntityOfPage\":{\"@id\":\"https:\/\/blgnoticiassantodomingo.net\/index.php\/2019\/11\/30\/leonel-va-al-sur-a-apoyar-candidatos\/\"},\"wordCount\":256,\"commentCount\":0,\"publisher\":{\"@id\":\"https:\/\/blgnoticiassantodomingo.net\/#organization\"},\"image\":{\"@id\":\"https:\/\/blgnoticiassantodomingo.net\/index.php\/2019\/11\/30\/leonel-va-al-sur-a-apoyar-candidatos\/#primaryimage\"},\"thumbnailUrl\":\"https:\/\/blgnoticiassantodomingo.net\/wp-content\/uploads\/2019\/11\/leonel-va-al-sur-a-apoyar-candidatos.jpeg\",\"articleSection\":[\"Politica\"],\"inLanguage\":\"es\",\"potentialAction\":[{\"@type\":\"CommentAction\",\"name\":\"Comment\",\"target\":[\"https:\/\/blgnoticiassantodomingo.net\/index.php\/2019\/11\/30\/leonel-va-al-sur-a-apoyar-candidatos\/#respond\"]}]},{\"@type\":\"WebPage\",\"@id\":\"https:\/\/blgnoticiassantodomingo.net\/index.php\/2019\/11\/30\/leonel-va-al-sur-a-apoyar-candidatos\/\",\"url\":\"https:\/\/blgnoticiassantodomingo.net\/index.php\/2019\/11\/30\/leonel-va-al-sur-a-apoyar-candidatos\/\",\"name\":\"Leonel va al Sur a apoyar candidatos . - BLG Noticias\",\"isPartOf\":{\"@id\":\"https:\/\/blgnoticiassantodomingo.net\/#website\"},\"primaryImageOfPage\":{\"@id\":\"https:\/\/blgnoticiassantodomingo.net\/index.php\/2019\/11\/30\/leonel-va-al-sur-a-apoyar-candidatos\/#primaryimage\"},\"image\":{\"@id\":\"https:\/\/blgnoticiassantodomingo.net\/index.php\/2019\/11\/30\/leonel-va-al-sur-a-apoyar-candidatos\/#primaryimage\"},\"thumbnailUrl\":\"https:\/\/blgnoticiassantodomingo.net\/wp-content\/uploads\/2019\/11\/leonel-va-al-sur-a-apoyar-candidatos.jpeg\",\"datePublished\":\"2019-11-30T14:15:28+00:00\",\"dateModified\":\"2019-11-30T14:15:29+00:00\",\"breadcrumb\":{\"@id\":\"https:\/\/blgnoticiassantodomingo.net\/index.php\/2019\/11\/30\/leonel-va-al-sur-a-apoyar-candidatos\/#breadcrumb\"},\"inLanguage\":\"es\",\"potentialAction\":[{\"@type\":\"ReadAction\",\"target\":[\"https:\/\/blgnoticiassantodomingo.net\/index.php\/2019\/11\/30\/leonel-va-al-sur-a-apoyar-candidatos\/\"]}]},{\"@type\":\"ImageObject\",\"inLanguage\":\"es\",\"@id\":\"https:\/\/blgnoticiassantodomingo.net\/index.php\/2019\/11\/30\/leonel-va-al-sur-a-apoyar-candidatos\/#primaryimage\",\"url\":\"https:\/\/blgnoticiassantodomingo.net\/wp-content\/uploads\/2019\/11\/leonel-va-al-sur-a-apoyar-candidatos.jpeg\",\"contentUrl\":\"https:\/\/blgnoticiassantodomingo.net\/wp-content\/uploads\/2019\/11\/leonel-va-al-sur-a-apoyar-candidatos.jpeg\",\"width\":680,\"height\":445},{\"@type\":\"BreadcrumbList\",\"@id\":\"https:\/\/blgnoticiassantodomingo.net\/index.php\/2019\/11\/30\/leonel-va-al-sur-a-apoyar-candidatos\/#breadcrumb\",\"itemListElement\":[{\"@type\":\"ListItem\",\"position\":1,\"name\":\"Portada\",\"item\":\"https:\/\/blgnoticiassantodomingo.net\/\"},{\"@type\":\"ListItem\",\"position\":2,\"name\":\"Leonel va al Sur a apoyar candidatos .\"}]},{\"@type\":\"WebSite\",\"@id\":\"https:\/\/blgnoticiassantodomingo.net\/#website\",\"url\":\"https:\/\/blgnoticiassantodomingo.net\/\",\"name\":\"BLG Noticias\",\"description\":\"Esto es Noticias\",\"publisher\":{\"@id\":\"https:\/\/blgnoticiassantodomingo.net\/#organization\"},\"potentialAction\":[{\"@type\":\"SearchAction\",\"target\":{\"@type\":\"EntryPoint\",\"urlTemplate\":\"https:\/\/blgnoticiassantodomingo.net\/?s={search_term_string}\"},\"query-input\":{\"@type\":\"PropertyValueSpecification\",\"valueRequired\":true,\"valueName\":\"search_term_string\"}}],\"inLanguage\":\"es\"},{\"@type\":\"Organization\",\"@id\":\"https:\/\/blgnoticiassantodomingo.net\/#organization\",\"name\":\"BLG Noticias\",\"url\":\"https:\/\/blgnoticiassantodomingo.net\/\",\"logo\":{\"@type\":\"ImageObject\",\"inLanguage\":\"es\",\"@id\":\"https:\/\/blgnoticiassantodomingo.net\/#\/schema\/logo\/image\/\",\"url\":\"https:\/\/blgnoticiassantodomingo.net\/wp-content\/uploads\/2023\/12\/Diseno-sin-titulo-3.jpg\",\"contentUrl\":\"https:\/\/blgnoticiassantodomingo.net\/wp-content\/uploads\/2023\/12\/Diseno-sin-titulo-3.jpg\",\"width\":500,\"height\":500,\"caption\":\"BLG Noticias\"},\"image\":{\"@id\":\"https:\/\/blgnoticiassantodomingo.net\/#\/schema\/logo\/image\/\"},\"sameAs\":[\"https:\/\/web.facebook.com\/BlgNoticias\/?locale=es_LA&_rdc=1&_rdr\",\"https:\/\/x.com\/BlgNoticias\",\"https:\/\/www.linkedin.com\/in\/brenda-l-santana-aa846279\/\"]},{\"@type\":\"Person\",\"@id\":\"https:\/\/blgnoticiassantodomingo.net\/#\/schema\/person\/e2fc21cf88acc63dbd134be981bff374\",\"name\":\"Brenda Guerrero\",\"image\":{\"@type\":\"ImageObject\",\"inLanguage\":\"es\",\"@id\":\"https:\/\/blgnoticiassantodomingo.net\/#\/schema\/person\/image\/\",\"url\":\"https:\/\/secure.gravatar.com\/avatar\/2f7fc4c3e3655be1580cb684bfd8ab19be702ae20879da1e072021daa02f9b8b?s=96&d=wp_user_avatar&r=g\",\"contentUrl\":\"https:\/\/secure.gravatar.com\/avatar\/2f7fc4c3e3655be1580cb684bfd8ab19be702ae20879da1e072021daa02f9b8b?s=96&d=wp_user_avatar&r=g\",\"caption\":\"Brenda Guerrero\"},\"description\":\"Periodista\",\"url\":\"https:\/\/blgnoticiassantodomingo.net\/index.php\/author\/brenda-guerrero\/\"}]}<\/script>\n<!-- \/ Yoast SEO plugin. -->","yoast_head_json":{"title":"Leonel va al Sur a apoyar candidatos . - BLG Noticias","robots":{"index":"index","follow":"follow","max-snippet":"max-snippet:-1","max-image-preview":"max-image-preview:large","max-video-preview":"max-video-preview:-1"},"canonical":"https:\/\/blgnoticiassantodomingo.net\/index.php\/2019\/11\/30\/leonel-va-al-sur-a-apoyar-candidatos\/","og_locale":"es_ES","og_type":"article","og_title":"Leonel va al Sur a apoyar candidatos . - BLG Noticias","og_description":"El expresidente&nbsp; Leonel Fern\u00e1ndez recorrer\u00e1 ma\u00f1ana domingo la parte sur del pa\u00eds para dejar formalmente iniciada la campa\u00f1a municipal, de cara al proceso electoral de febrero del 2020. El recorrido que encabezar\u00e1 Fern\u00e1ndez, candidato presidencial del partido Fuerza del Pueblo y el Reformista Social Cristiano (PRSC), es en respaldo a los candidatos de la FP [&hellip;]","og_url":"https:\/\/blgnoticiassantodomingo.net\/index.php\/2019\/11\/30\/leonel-va-al-sur-a-apoyar-candidatos\/","og_site_name":"BLG Noticias","article_publisher":"https:\/\/web.facebook.com\/BlgNoticias\/?locale=es_LA&_rdc=1&_rdr","article_published_time":"2019-11-30T14:15:28+00:00","article_modified_time":"2019-11-30T14:15:29+00:00","og_image":[{"width":680,"height":445,"url":"https:\/\/blgnoticiassantodomingo.net\/wp-content\/uploads\/2019\/11\/leonel-va-al-sur-a-apoyar-candidatos.jpeg","type":"image\/jpeg"}],"author":"Brenda Guerrero","twitter_card":"summary_large_image","twitter_creator":"@BlgNoticias","twitter_site":"@BlgNoticias","twitter_misc":{"Escrito por":"Brenda Guerrero","Tiempo de lectura":"1 minuto"},"schema":{"@context":"https:\/\/schema.org","@graph":[{"@type":"Article","@id":"https:\/\/blgnoticiassantodomingo.net\/index.php\/2019\/11\/30\/leonel-va-al-sur-a-apoyar-candidatos\/#article","isPartOf":{"@id":"https:\/\/blgnoticiassantodomingo.net\/index.php\/2019\/11\/30\/leonel-va-al-sur-a-apoyar-candidatos\/"},"author":{"name":"Brenda Guerrero","@id":"https:\/\/blgnoticiassantodomingo.net\/#\/schema\/person\/e2fc21cf88acc63dbd134be981bff374"},"headline":"Leonel va al Sur a apoyar candidatos .","datePublished":"2019-11-30T14:15:28+00:00","dateModified":"2019-11-30T14:15:29+00:00","mainEntityOfPage":{"@id":"https:\/\/blgnoticiassantodomingo.net\/index.php\/2019\/11\/30\/leonel-va-al-sur-a-apoyar-candidatos\/"},"wordCount":256,"commentCount":0,"publisher":{"@id":"https:\/\/blgnoticiassantodomingo.net\/#organization"},"image":{"@id":"https:\/\/blgnoticiassantodomingo.net\/index.php\/2019\/11\/30\/leonel-va-al-sur-a-apoyar-candidatos\/#primaryimage"},"thumbnailUrl":"https:\/\/blgnoticiassantodomingo.net\/wp-content\/uploads\/2019\/11\/leonel-va-al-sur-a-apoyar-candidatos.jpeg","articleSection":["Politica"],"inLanguage":"es","potentialAction":[{"@type":"CommentAction","name":"Comment","target":["https:\/\/blgnoticiassantodomingo.net\/index.php\/2019\/11\/30\/leonel-va-al-sur-a-apoyar-candidatos\/#respond"]}]},{"@type":"WebPage","@id":"https:\/\/blgnoticiassantodomingo.net\/index.php\/2019\/11\/30\/leonel-va-al-sur-a-apoyar-candidatos\/","url":"https:\/\/blgnoticiassantodomingo.net\/index.php\/2019\/11\/30\/leonel-va-al-sur-a-apoyar-candidatos\/","name":"Leonel va al Sur a apoyar candidatos . - BLG Noticias","isPartOf":{"@id":"https:\/\/blgnoticiassantodomingo.net\/#website"},"primaryImageOfPage":{"@id":"https:\/\/blgnoticiassantodomingo.net\/index.php\/2019\/11\/30\/leonel-va-al-sur-a-apoyar-candidatos\/#primaryimage"},"image":{"@id":"https:\/\/blgnoticiassantodomingo.net\/index.php\/2019\/11\/30\/leonel-va-al-sur-a-apoyar-candidatos\/#primaryimage"},"thumbnailUrl":"https:\/\/blgnoticiassantodomingo.net\/wp-content\/uploads\/2019\/11\/leonel-va-al-sur-a-apoyar-candidatos.jpeg","datePublished":"2019-11-30T14:15:28+00:00","dateModified":"2019-11-30T14:15:29+00:00","breadcrumb":{"@id":"https:\/\/blgnoticiassantodomingo.net\/index.php\/2019\/11\/30\/leonel-va-al-sur-a-apoyar-candidatos\/#breadcrumb"},"inLanguage":"es","potentialAction":[{"@type":"ReadAction","target":["https:\/\/blgnoticiassantodomingo.net\/index.php\/2019\/11\/30\/leonel-va-al-sur-a-apoyar-candidatos\/"]}]},{"@type":"ImageObject","inLanguage":"es","@id":"https:\/\/blgnoticiassantodomingo.net\/index.php\/2019\/11\/30\/leonel-va-al-sur-a-apoyar-candidatos\/#primaryimage","url":"https:\/\/blgnoticiassantodomingo.net\/wp-content\/uploads\/2019\/11\/leonel-va-al-sur-a-apoyar-candidatos.jpeg","contentUrl":"https:\/\/blgnoticiassantodomingo.net\/wp-content\/uploads\/2019\/11\/leonel-va-al-sur-a-apoyar-candidatos.jpeg","width":680,"height":445},{"@type":"BreadcrumbList","@id":"https:\/\/blgnoticiassantodomingo.net\/index.php\/2019\/11\/30\/leonel-va-al-sur-a-apoyar-candidatos\/#breadcrumb","itemListElement":[{"@type":"ListItem","position":1,"name":"Portada","item":"https:\/\/blgnoticiassantodomingo.net\/"},{"@type":"ListItem","position":2,"name":"Leonel va al Sur a apoyar candidatos ."}]},{"@type":"WebSite","@id":"https:\/\/blgnoticiassantodomingo.net\/#website","url":"https:\/\/blgnoticiassantodomingo.net\/","name":"BLG Noticias","description":"Esto es Noticias","publisher":{"@id":"https:\/\/blgnoticiassantodomingo.net\/#organization"},"potentialAction":[{"@type":"SearchAction","target":{"@type":"EntryPoint","urlTemplate":"https:\/\/blgnoticiassantodomingo.net\/?s={search_term_string}"},"query-input":{"@type":"PropertyValueSpecification","valueRequired":true,"valueName":"search_term_string"}}],"inLanguage":"es"},{"@type":"Organization","@id":"https:\/\/blgnoticiassantodomingo.net\/#organization","name":"BLG Noticias","url":"https:\/\/blgnoticiassantodomingo.net\/","logo":{"@type":"ImageObject","inLanguage":"es","@id":"https:\/\/blgnoticiassantodomingo.net\/#\/schema\/logo\/image\/","url":"https:\/\/blgnoticiassantodomingo.net\/wp-content\/uploads\/2023\/12\/Diseno-sin-titulo-3.jpg","contentUrl":"https:\/\/blgnoticiassantodomingo.net\/wp-content\/uploads\/2023\/12\/Diseno-sin-titulo-3.jpg","width":500,"height":500,"caption":"BLG Noticias"},"image":{"@id":"https:\/\/blgnoticiassantodomingo.net\/#\/schema\/logo\/image\/"},"sameAs":["https:\/\/web.facebook.com\/BlgNoticias\/?locale=es_LA&_rdc=1&_rdr","https:\/\/x.com\/BlgNoticias","https:\/\/www.linkedin.com\/in\/brenda-l-santana-aa846279\/"]},{"@type":"Person","@id":"https:\/\/blgnoticiassantodomingo.net\/#\/schema\/person\/e2fc21cf88acc63dbd134be981bff374","name":"Brenda Guerrero","image":{"@type":"ImageObject","inLanguage":"es","@id":"https:\/\/blgnoticiassantodomingo.net\/#\/schema\/person\/image\/","url":"https:\/\/secure.gravatar.com\/avatar\/2f7fc4c3e3655be1580cb684bfd8ab19be702ae20879da1e072021daa02f9b8b?s=96&d=wp_user_avatar&r=g","contentUrl":"https:\/\/secure.gravatar.com\/avatar\/2f7fc4c3e3655be1580cb684bfd8ab19be702ae20879da1e072021daa02f9b8b?s=96&d=wp_user_avatar&r=g","caption":"Brenda Guerrero"},"description":"Periodista","url":"https:\/\/blgnoticiassantodomingo.net\/index.php\/author\/brenda-guerrero\/"}]}},"jetpack_featured_media_url":"https:\/\/blgnoticiassantodomingo.net\/wp-content\/uploads\/2019\/11\/leonel-va-al-sur-a-apoyar-candidatos.jpeg","_links":{"self":[{"href":"https:\/\/blgnoticiassantodomingo.net\/index.php\/wp-json\/wp\/v2\/posts\/2713","targetHints":{"allow":["GET"]}}],"collection":[{"href":"https:\/\/blgnoticiassantodomingo.net\/index.php\/wp-json\/wp\/v2\/posts"}],"about":[{"href":"https:\/\/blgnoticiassantodomingo.net\/index.php\/wp-json\/wp\/v2\/types\/post"}],"author":[{"embeddable":true,"href":"https:\/\/blgnoticiassantodomingo.net\/index.php\/wp-json\/wp\/v2\/users\/2"}],"replies":[{"embeddable":true,"href":"https:\/\/blgnoticiassantodomingo.net\/index.php\/wp-json\/wp\/v2\/comments?post=2713"}],"version-history":[{"count":1,"href":"https:\/\/blgnoticiassantodomingo.net\/index.php\/wp-json\/wp\/v2\/posts\/2713\/revisions"}],"predecessor-version":[{"id":2715,"href":"https:\/\/blgnoticiassantodomingo.net\/index.php\/wp-json\/wp\/v2\/posts\/2713\/revisions\/2715"}],"wp:featuredmedia":[{"embeddable":true,"href":"https:\/\/blgnoticiassantodomingo.net\/index.php\/wp-json\/wp\/v2\/media\/2714"}],"wp:attachment":[{"href":"https:\/\/blgnoticiassantodomingo.net\/index.php\/wp-json\/wp\/v2\/media?parent=2713"}],"wp:term":[{"taxonomy":"category","embeddable":true,"href":"https:\/\/blgnoticiassantodomingo.net\/index.php\/wp-json\/wp\/v2\/categories?post=2713"},{"taxonomy":"post_tag","embeddable":true,"href":"https:\/\/blgnoticiassantodomingo.net\/index.php\/wp-json\/wp\/v2\/tags?post=2713"}],"curies":[{"name":"wp","href":"https:\/\/api.w.org\/{rel}","templated":true}]}}