{"id":2704,"date":"2019-11-30T02:22:41","date_gmt":"2019-11-30T02:22:41","guid":{"rendered":"http:\/\/blgnoticiassantodomingo.net\/?p=2704"},"modified":"2019-11-30T02:22:45","modified_gmt":"2019-11-30T02:22:45","slug":"critico-italiano-pide-postular-a-marcio-veloz-maggiolo-al-premio-cervantes-en-rd","status":"publish","type":"post","link":"https:\/\/blgnoticiassantodomingo.net\/index.php\/2019\/11\/30\/critico-italiano-pide-postular-a-marcio-veloz-maggiolo-al-premio-cervantes-en-rd\/","title":{"rendered":"Cr\u00edtico italiano pide postular a Marcio Veloz Maggiolo al Premio Cervantes en RD"},"content":{"rendered":"\n<p><em>Danilo Manera dijo en el Centro Cultural Banreservas que la obra creativa del narrador y antrop\u00f3logo es la de mayor diversidad y base cient\u00edfica<\/em><\/p>\n\n\n\n<p>Un cr\u00edtico literario italiano, gestor en Europa de la literatura dominicana, propuso &nbsp; a la comunidad intelectual nacional, la postulaci\u00f3n del novelista, periodista y antrop\u00f3logo Marcio Veloz Maggiolo al Premio Cervantes.<\/p>\n\n\n\n<p>Danilo Manera habl\u00f3 anoche en el Centro Cultural Banreservas ante un p\u00fablico conformado por el propio Veloz Maggiolo, escritores, maestros y estudiantes, como parte de la muestra de la cultura Italia-RD.<\/p>\n\n\n\n<p>Manera sostiene que Veloz Maggiolo es el narrador dominicano m\u00e1s prol\u00edfico y consistente con que cuenta en toda su historia la literatura dominicana y afortunadamente se encuentra vivo y produciendo nuevas obras.<\/p>\n\n\n\n\n\n<p>El especialista fue presentado por el poeta Juan Freddy Armando, gerente de cultura del Banreservas y director del Centro.<\/p>\n\n\n\n<p>Manera manifest\u00f3 que el Premio Nobel de Literatura, tras las revelaciones sobre sus cuestionados procedimientos, ha dejado de ser de inter\u00e9s para los escritores de pa\u00edses que no son del centro de Europa, por lo que la equivalencia justa corresponde, para las letras en castellano, al Premio Cervantes.<\/p>\n\n\n\n<p>Entre los asistentes a la conferencia estaban los premios nacionales de Literatura Mateo Morrison (2010) y \u00c1ngela Hern\u00e1ndez, (2016) adem\u00e1s del narrador Luis Martin G\u00f3mez, anfitri\u00f3n de Manera.<\/p>\n\n\n\n<p>\u201cLos dominicanos tienen una valiosa cantidad de creadores de literatura y entre ellos Marcio Veloz Maggiolo sobresale como el escritor vivo m\u00e1s trascendente, lo que le hace merecedor de una postulaci\u00f3n al Premio Cervantes 2020\u201d, sostuvo.<\/p>\n\n\n\n<p>\u201cLa de Marcio Veloz Maggiolo es la m\u00e1s profusa, diversidad de g\u00e9neros, estilos y motivos creativos, que fundamenta su narrativa en el conocimiento de la&nbsp;<br><\/p>\n\n\n\n<p>conciencia antropol\u00f3gica, en sus ensue\u00f1os de escritor y su detallada observaci\u00f3n de la vida cotidiana\u201d, dijo el catedr\u00e1tico que se ha destacado por promover las letras dominicanas en Italia.<\/p>\n\n\n\n<p>El cr\u00edtico se extendi\u00f3 en las consideraciones sobre el flujo creativo de Veloz Maggiolo, al punto que el escritor dijo que hab\u00eda aprendido con la conferencia de Manera una intencionalidad de la que no estaba consciente.<\/p>\n\n\n\n<p><strong>Una obra inmensa<\/strong><\/p>\n\n\n\n<p>Manera record\u00f3 que Veloz Maggiolo ha ganado el Premio Nacional de Poes\u00eda 1961 con&nbsp;Intus y el Premio Nacional de Novela 1962, 1981, 1990 y 1992 por sus obras&nbsp;El buen ladr\u00f3n,&nbsp;La biograf\u00eda difusa de Sombra Casta\u00f1eda,&nbsp;Materia prima&nbsp;y&nbsp;Ritos de Cabaret.<\/p>\n\n\n\n<p>Otros galardones que ha recibido son: el Premio Nacional de Cuento 1981, por&nbsp;La f\u00e9rtil agon\u00eda del amor; Premio Caonabo de Oro 1994, otorgado por la Asociaci\u00f3n Dominicana de Periodistas y Escritores, Premio Feria Nacional del Libro en 1997, por&nbsp;Trujillo, Villa Francisca y otros fantasmas&nbsp;(ensayo, 1996); finalista del IV Premio de Novela Jos\u00e9 Manuel Lara Hern\u00e1ndez con su novela&nbsp;La mosca soldado&nbsp;(2004) y el Premio Nacional de Literatura 1996, por la obra de toda una vida.<br><\/p>\n","protected":false},"excerpt":{"rendered":"<p>Danilo Manera dijo en el Centro Cultural Banreservas que la obra creativa del narrador y antrop\u00f3logo es la de mayor diversidad y base cient\u00edfica Un cr\u00edtico literario italiano, gestor en Europa de la literatura dominicana, propuso &nbsp; a la comunidad intelectual nacional, la postulaci\u00f3n del novelista, periodista y antrop\u00f3logo Marcio Veloz Maggiolo al Premio Cervantes. [&hellip;]<\/p>\n","protected":false},"author":2,"featured_media":2705,"comment_status":"open","ping_status":"open","sticky":false,"template":"","format":"standard","meta":{"footnotes":""},"categories":[220],"tags":[],"class_list":{"0":"post-2704","1":"post","2":"type-post","3":"status-publish","4":"format-standard","5":"has-post-thumbnail","7":"category-nacionales"},"yoast_head":"<!-- This site is optimized with the Yoast SEO plugin v24.9 - https:\/\/yoast.com\/wordpress\/plugins\/seo\/ -->\n<title>Cr\u00edtico italiano pide postular a Marcio Veloz Maggiolo al Premio Cervantes en RD - BLG Noticias<\/title>\n<meta name=\"robots\" content=\"index, follow, max-snippet:-1, max-image-preview:large, max-video-preview:-1\" \/>\n<link rel=\"canonical\" href=\"https:\/\/blgnoticiassantodomingo.net\/index.php\/2019\/11\/30\/critico-italiano-pide-postular-a-marcio-veloz-maggiolo-al-premio-cervantes-en-rd\/\" \/>\n<meta property=\"og:locale\" content=\"es_ES\" \/>\n<meta property=\"og:type\" content=\"article\" \/>\n<meta property=\"og:title\" content=\"Cr\u00edtico italiano pide postular a Marcio Veloz Maggiolo al Premio Cervantes en RD - BLG Noticias\" \/>\n<meta property=\"og:description\" content=\"Danilo Manera dijo en el Centro Cultural Banreservas que la obra creativa del narrador y antrop\u00f3logo es la de mayor diversidad y base cient\u00edfica Un cr\u00edtico literario italiano, gestor en Europa de la literatura dominicana, propuso &nbsp; a la comunidad intelectual nacional, la postulaci\u00f3n del novelista, periodista y antrop\u00f3logo Marcio Veloz Maggiolo al Premio Cervantes. [&hellip;]\" \/>\n<meta property=\"og:url\" content=\"https:\/\/blgnoticiassantodomingo.net\/index.php\/2019\/11\/30\/critico-italiano-pide-postular-a-marcio-veloz-maggiolo-al-premio-cervantes-en-rd\/\" \/>\n<meta property=\"og:site_name\" content=\"BLG Noticias\" \/>\n<meta property=\"article:publisher\" content=\"https:\/\/web.facebook.com\/BlgNoticias\/?locale=es_LA&amp;_rdc=1&amp;_rdr\" \/>\n<meta property=\"article:published_time\" content=\"2019-11-30T02:22:41+00:00\" \/>\n<meta property=\"article:modified_time\" content=\"2019-11-30T02:22:45+00:00\" \/>\n<meta property=\"og:image\" content=\"https:\/\/blgnoticiassantodomingo.net\/wp-content\/uploads\/2019\/11\/Danilo-Manera-critico-y-catedratico-italiano-de-Literatura-Hispanoamericana.jpg\" \/>\n\t<meta property=\"og:image:width\" content=\"1974\" \/>\n\t<meta property=\"og:image:height\" content=\"3509\" \/>\n\t<meta property=\"og:image:type\" content=\"image\/jpeg\" \/>\n<meta name=\"author\" content=\"Brenda Guerrero\" \/>\n<meta name=\"twitter:card\" content=\"summary_large_image\" \/>\n<meta name=\"twitter:creator\" content=\"@BlgNoticias\" \/>\n<meta name=\"twitter:site\" content=\"@BlgNoticias\" \/>\n<meta name=\"twitter:label1\" content=\"Escrito por\" \/>\n\t<meta name=\"twitter:data1\" content=\"Brenda Guerrero\" \/>\n\t<meta name=\"twitter:label2\" content=\"Tiempo de lectura\" \/>\n\t<meta name=\"twitter:data2\" content=\"2 minutos\" \/>\n<script type=\"application\/ld+json\" class=\"yoast-schema-graph\">{\"@context\":\"https:\/\/schema.org\",\"@graph\":[{\"@type\":\"Article\",\"@id\":\"https:\/\/blgnoticiassantodomingo.net\/index.php\/2019\/11\/30\/critico-italiano-pide-postular-a-marcio-veloz-maggiolo-al-premio-cervantes-en-rd\/#article\",\"isPartOf\":{\"@id\":\"https:\/\/blgnoticiassantodomingo.net\/index.php\/2019\/11\/30\/critico-italiano-pide-postular-a-marcio-veloz-maggiolo-al-premio-cervantes-en-rd\/\"},\"author\":{\"name\":\"Brenda Guerrero\",\"@id\":\"https:\/\/blgnoticiassantodomingo.net\/#\/schema\/person\/e2fc21cf88acc63dbd134be981bff374\"},\"headline\":\"Cr\u00edtico italiano pide postular a Marcio Veloz Maggiolo al Premio Cervantes en RD\",\"datePublished\":\"2019-11-30T02:22:41+00:00\",\"dateModified\":\"2019-11-30T02:22:45+00:00\",\"mainEntityOfPage\":{\"@id\":\"https:\/\/blgnoticiassantodomingo.net\/index.php\/2019\/11\/30\/critico-italiano-pide-postular-a-marcio-veloz-maggiolo-al-premio-cervantes-en-rd\/\"},\"wordCount\":509,\"commentCount\":0,\"publisher\":{\"@id\":\"https:\/\/blgnoticiassantodomingo.net\/#organization\"},\"image\":{\"@id\":\"https:\/\/blgnoticiassantodomingo.net\/index.php\/2019\/11\/30\/critico-italiano-pide-postular-a-marcio-veloz-maggiolo-al-premio-cervantes-en-rd\/#primaryimage\"},\"thumbnailUrl\":\"https:\/\/blgnoticiassantodomingo.net\/wp-content\/uploads\/2019\/11\/Danilo-Manera-critico-y-catedratico-italiano-de-Literatura-Hispanoamericana.jpg\",\"articleSection\":[\"Nacionales\"],\"inLanguage\":\"es\",\"potentialAction\":[{\"@type\":\"CommentAction\",\"name\":\"Comment\",\"target\":[\"https:\/\/blgnoticiassantodomingo.net\/index.php\/2019\/11\/30\/critico-italiano-pide-postular-a-marcio-veloz-maggiolo-al-premio-cervantes-en-rd\/#respond\"]}]},{\"@type\":\"WebPage\",\"@id\":\"https:\/\/blgnoticiassantodomingo.net\/index.php\/2019\/11\/30\/critico-italiano-pide-postular-a-marcio-veloz-maggiolo-al-premio-cervantes-en-rd\/\",\"url\":\"https:\/\/blgnoticiassantodomingo.net\/index.php\/2019\/11\/30\/critico-italiano-pide-postular-a-marcio-veloz-maggiolo-al-premio-cervantes-en-rd\/\",\"name\":\"Cr\u00edtico italiano pide postular a Marcio Veloz Maggiolo al Premio Cervantes en RD - BLG Noticias\",\"isPartOf\":{\"@id\":\"https:\/\/blgnoticiassantodomingo.net\/#website\"},\"primaryImageOfPage\":{\"@id\":\"https:\/\/blgnoticiassantodomingo.net\/index.php\/2019\/11\/30\/critico-italiano-pide-postular-a-marcio-veloz-maggiolo-al-premio-cervantes-en-rd\/#primaryimage\"},\"image\":{\"@id\":\"https:\/\/blgnoticiassantodomingo.net\/index.php\/2019\/11\/30\/critico-italiano-pide-postular-a-marcio-veloz-maggiolo-al-premio-cervantes-en-rd\/#primaryimage\"},\"thumbnailUrl\":\"https:\/\/blgnoticiassantodomingo.net\/wp-content\/uploads\/2019\/11\/Danilo-Manera-critico-y-catedratico-italiano-de-Literatura-Hispanoamericana.jpg\",\"datePublished\":\"2019-11-30T02:22:41+00:00\",\"dateModified\":\"2019-11-30T02:22:45+00:00\",\"breadcrumb\":{\"@id\":\"https:\/\/blgnoticiassantodomingo.net\/index.php\/2019\/11\/30\/critico-italiano-pide-postular-a-marcio-veloz-maggiolo-al-premio-cervantes-en-rd\/#breadcrumb\"},\"inLanguage\":\"es\",\"potentialAction\":[{\"@type\":\"ReadAction\",\"target\":[\"https:\/\/blgnoticiassantodomingo.net\/index.php\/2019\/11\/30\/critico-italiano-pide-postular-a-marcio-veloz-maggiolo-al-premio-cervantes-en-rd\/\"]}]},{\"@type\":\"ImageObject\",\"inLanguage\":\"es\",\"@id\":\"https:\/\/blgnoticiassantodomingo.net\/index.php\/2019\/11\/30\/critico-italiano-pide-postular-a-marcio-veloz-maggiolo-al-premio-cervantes-en-rd\/#primaryimage\",\"url\":\"https:\/\/blgnoticiassantodomingo.net\/wp-content\/uploads\/2019\/11\/Danilo-Manera-critico-y-catedratico-italiano-de-Literatura-Hispanoamericana.jpg\",\"contentUrl\":\"https:\/\/blgnoticiassantodomingo.net\/wp-content\/uploads\/2019\/11\/Danilo-Manera-critico-y-catedratico-italiano-de-Literatura-Hispanoamericana.jpg\",\"width\":1974,\"height\":3509},{\"@type\":\"BreadcrumbList\",\"@id\":\"https:\/\/blgnoticiassantodomingo.net\/index.php\/2019\/11\/30\/critico-italiano-pide-postular-a-marcio-veloz-maggiolo-al-premio-cervantes-en-rd\/#breadcrumb\",\"itemListElement\":[{\"@type\":\"ListItem\",\"position\":1,\"name\":\"Portada\",\"item\":\"https:\/\/blgnoticiassantodomingo.net\/\"},{\"@type\":\"ListItem\",\"position\":2,\"name\":\"Cr\u00edtico italiano pide postular a Marcio Veloz Maggiolo al Premio Cervantes en RD\"}]},{\"@type\":\"WebSite\",\"@id\":\"https:\/\/blgnoticiassantodomingo.net\/#website\",\"url\":\"https:\/\/blgnoticiassantodomingo.net\/\",\"name\":\"BLG Noticias\",\"description\":\"Esto es Noticias\",\"publisher\":{\"@id\":\"https:\/\/blgnoticiassantodomingo.net\/#organization\"},\"potentialAction\":[{\"@type\":\"SearchAction\",\"target\":{\"@type\":\"EntryPoint\",\"urlTemplate\":\"https:\/\/blgnoticiassantodomingo.net\/?s={search_term_string}\"},\"query-input\":{\"@type\":\"PropertyValueSpecification\",\"valueRequired\":true,\"valueName\":\"search_term_string\"}}],\"inLanguage\":\"es\"},{\"@type\":\"Organization\",\"@id\":\"https:\/\/blgnoticiassantodomingo.net\/#organization\",\"name\":\"BLG Noticias\",\"url\":\"https:\/\/blgnoticiassantodomingo.net\/\",\"logo\":{\"@type\":\"ImageObject\",\"inLanguage\":\"es\",\"@id\":\"https:\/\/blgnoticiassantodomingo.net\/#\/schema\/logo\/image\/\",\"url\":\"https:\/\/blgnoticiassantodomingo.net\/wp-content\/uploads\/2023\/12\/Diseno-sin-titulo-3.jpg\",\"contentUrl\":\"https:\/\/blgnoticiassantodomingo.net\/wp-content\/uploads\/2023\/12\/Diseno-sin-titulo-3.jpg\",\"width\":500,\"height\":500,\"caption\":\"BLG Noticias\"},\"image\":{\"@id\":\"https:\/\/blgnoticiassantodomingo.net\/#\/schema\/logo\/image\/\"},\"sameAs\":[\"https:\/\/web.facebook.com\/BlgNoticias\/?locale=es_LA&_rdc=1&_rdr\",\"https:\/\/x.com\/BlgNoticias\",\"https:\/\/www.linkedin.com\/in\/brenda-l-santana-aa846279\/\"]},{\"@type\":\"Person\",\"@id\":\"https:\/\/blgnoticiassantodomingo.net\/#\/schema\/person\/e2fc21cf88acc63dbd134be981bff374\",\"name\":\"Brenda Guerrero\",\"image\":{\"@type\":\"ImageObject\",\"inLanguage\":\"es\",\"@id\":\"https:\/\/blgnoticiassantodomingo.net\/#\/schema\/person\/image\/\",\"url\":\"https:\/\/secure.gravatar.com\/avatar\/2f7fc4c3e3655be1580cb684bfd8ab19be702ae20879da1e072021daa02f9b8b?s=96&d=wp_user_avatar&r=g\",\"contentUrl\":\"https:\/\/secure.gravatar.com\/avatar\/2f7fc4c3e3655be1580cb684bfd8ab19be702ae20879da1e072021daa02f9b8b?s=96&d=wp_user_avatar&r=g\",\"caption\":\"Brenda Guerrero\"},\"description\":\"Periodista\",\"url\":\"https:\/\/blgnoticiassantodomingo.net\/index.php\/author\/brenda-guerrero\/\"}]}<\/script>\n<!-- \/ Yoast SEO plugin. -->","yoast_head_json":{"title":"Cr\u00edtico italiano pide postular a Marcio Veloz Maggiolo al Premio Cervantes en RD - BLG Noticias","robots":{"index":"index","follow":"follow","max-snippet":"max-snippet:-1","max-image-preview":"max-image-preview:large","max-video-preview":"max-video-preview:-1"},"canonical":"https:\/\/blgnoticiassantodomingo.net\/index.php\/2019\/11\/30\/critico-italiano-pide-postular-a-marcio-veloz-maggiolo-al-premio-cervantes-en-rd\/","og_locale":"es_ES","og_type":"article","og_title":"Cr\u00edtico italiano pide postular a Marcio Veloz Maggiolo al Premio Cervantes en RD - BLG Noticias","og_description":"Danilo Manera dijo en el Centro Cultural Banreservas que la obra creativa del narrador y antrop\u00f3logo es la de mayor diversidad y base cient\u00edfica Un cr\u00edtico literario italiano, gestor en Europa de la literatura dominicana, propuso &nbsp; a la comunidad intelectual nacional, la postulaci\u00f3n del novelista, periodista y antrop\u00f3logo Marcio Veloz Maggiolo al Premio Cervantes. [&hellip;]","og_url":"https:\/\/blgnoticiassantodomingo.net\/index.php\/2019\/11\/30\/critico-italiano-pide-postular-a-marcio-veloz-maggiolo-al-premio-cervantes-en-rd\/","og_site_name":"BLG Noticias","article_publisher":"https:\/\/web.facebook.com\/BlgNoticias\/?locale=es_LA&_rdc=1&_rdr","article_published_time":"2019-11-30T02:22:41+00:00","article_modified_time":"2019-11-30T02:22:45+00:00","og_image":[{"width":1974,"height":3509,"url":"https:\/\/blgnoticiassantodomingo.net\/wp-content\/uploads\/2019\/11\/Danilo-Manera-critico-y-catedratico-italiano-de-Literatura-Hispanoamericana.jpg","type":"image\/jpeg"}],"author":"Brenda Guerrero","twitter_card":"summary_large_image","twitter_creator":"@BlgNoticias","twitter_site":"@BlgNoticias","twitter_misc":{"Escrito por":"Brenda Guerrero","Tiempo de lectura":"2 minutos"},"schema":{"@context":"https:\/\/schema.org","@graph":[{"@type":"Article","@id":"https:\/\/blgnoticiassantodomingo.net\/index.php\/2019\/11\/30\/critico-italiano-pide-postular-a-marcio-veloz-maggiolo-al-premio-cervantes-en-rd\/#article","isPartOf":{"@id":"https:\/\/blgnoticiassantodomingo.net\/index.php\/2019\/11\/30\/critico-italiano-pide-postular-a-marcio-veloz-maggiolo-al-premio-cervantes-en-rd\/"},"author":{"name":"Brenda Guerrero","@id":"https:\/\/blgnoticiassantodomingo.net\/#\/schema\/person\/e2fc21cf88acc63dbd134be981bff374"},"headline":"Cr\u00edtico italiano pide postular a Marcio Veloz Maggiolo al Premio Cervantes en RD","datePublished":"2019-11-30T02:22:41+00:00","dateModified":"2019-11-30T02:22:45+00:00","mainEntityOfPage":{"@id":"https:\/\/blgnoticiassantodomingo.net\/index.php\/2019\/11\/30\/critico-italiano-pide-postular-a-marcio-veloz-maggiolo-al-premio-cervantes-en-rd\/"},"wordCount":509,"commentCount":0,"publisher":{"@id":"https:\/\/blgnoticiassantodomingo.net\/#organization"},"image":{"@id":"https:\/\/blgnoticiassantodomingo.net\/index.php\/2019\/11\/30\/critico-italiano-pide-postular-a-marcio-veloz-maggiolo-al-premio-cervantes-en-rd\/#primaryimage"},"thumbnailUrl":"https:\/\/blgnoticiassantodomingo.net\/wp-content\/uploads\/2019\/11\/Danilo-Manera-critico-y-catedratico-italiano-de-Literatura-Hispanoamericana.jpg","articleSection":["Nacionales"],"inLanguage":"es","potentialAction":[{"@type":"CommentAction","name":"Comment","target":["https:\/\/blgnoticiassantodomingo.net\/index.php\/2019\/11\/30\/critico-italiano-pide-postular-a-marcio-veloz-maggiolo-al-premio-cervantes-en-rd\/#respond"]}]},{"@type":"WebPage","@id":"https:\/\/blgnoticiassantodomingo.net\/index.php\/2019\/11\/30\/critico-italiano-pide-postular-a-marcio-veloz-maggiolo-al-premio-cervantes-en-rd\/","url":"https:\/\/blgnoticiassantodomingo.net\/index.php\/2019\/11\/30\/critico-italiano-pide-postular-a-marcio-veloz-maggiolo-al-premio-cervantes-en-rd\/","name":"Cr\u00edtico italiano pide postular a Marcio Veloz Maggiolo al Premio Cervantes en RD - BLG Noticias","isPartOf":{"@id":"https:\/\/blgnoticiassantodomingo.net\/#website"},"primaryImageOfPage":{"@id":"https:\/\/blgnoticiassantodomingo.net\/index.php\/2019\/11\/30\/critico-italiano-pide-postular-a-marcio-veloz-maggiolo-al-premio-cervantes-en-rd\/#primaryimage"},"image":{"@id":"https:\/\/blgnoticiassantodomingo.net\/index.php\/2019\/11\/30\/critico-italiano-pide-postular-a-marcio-veloz-maggiolo-al-premio-cervantes-en-rd\/#primaryimage"},"thumbnailUrl":"https:\/\/blgnoticiassantodomingo.net\/wp-content\/uploads\/2019\/11\/Danilo-Manera-critico-y-catedratico-italiano-de-Literatura-Hispanoamericana.jpg","datePublished":"2019-11-30T02:22:41+00:00","dateModified":"2019-11-30T02:22:45+00:00","breadcrumb":{"@id":"https:\/\/blgnoticiassantodomingo.net\/index.php\/2019\/11\/30\/critico-italiano-pide-postular-a-marcio-veloz-maggiolo-al-premio-cervantes-en-rd\/#breadcrumb"},"inLanguage":"es","potentialAction":[{"@type":"ReadAction","target":["https:\/\/blgnoticiassantodomingo.net\/index.php\/2019\/11\/30\/critico-italiano-pide-postular-a-marcio-veloz-maggiolo-al-premio-cervantes-en-rd\/"]}]},{"@type":"ImageObject","inLanguage":"es","@id":"https:\/\/blgnoticiassantodomingo.net\/index.php\/2019\/11\/30\/critico-italiano-pide-postular-a-marcio-veloz-maggiolo-al-premio-cervantes-en-rd\/#primaryimage","url":"https:\/\/blgnoticiassantodomingo.net\/wp-content\/uploads\/2019\/11\/Danilo-Manera-critico-y-catedratico-italiano-de-Literatura-Hispanoamericana.jpg","contentUrl":"https:\/\/blgnoticiassantodomingo.net\/wp-content\/uploads\/2019\/11\/Danilo-Manera-critico-y-catedratico-italiano-de-Literatura-Hispanoamericana.jpg","width":1974,"height":3509},{"@type":"BreadcrumbList","@id":"https:\/\/blgnoticiassantodomingo.net\/index.php\/2019\/11\/30\/critico-italiano-pide-postular-a-marcio-veloz-maggiolo-al-premio-cervantes-en-rd\/#breadcrumb","itemListElement":[{"@type":"ListItem","position":1,"name":"Portada","item":"https:\/\/blgnoticiassantodomingo.net\/"},{"@type":"ListItem","position":2,"name":"Cr\u00edtico italiano pide postular a Marcio Veloz Maggiolo al Premio Cervantes en RD"}]},{"@type":"WebSite","@id":"https:\/\/blgnoticiassantodomingo.net\/#website","url":"https:\/\/blgnoticiassantodomingo.net\/","name":"BLG Noticias","description":"Esto es Noticias","publisher":{"@id":"https:\/\/blgnoticiassantodomingo.net\/#organization"},"potentialAction":[{"@type":"SearchAction","target":{"@type":"EntryPoint","urlTemplate":"https:\/\/blgnoticiassantodomingo.net\/?s={search_term_string}"},"query-input":{"@type":"PropertyValueSpecification","valueRequired":true,"valueName":"search_term_string"}}],"inLanguage":"es"},{"@type":"Organization","@id":"https:\/\/blgnoticiassantodomingo.net\/#organization","name":"BLG Noticias","url":"https:\/\/blgnoticiassantodomingo.net\/","logo":{"@type":"ImageObject","inLanguage":"es","@id":"https:\/\/blgnoticiassantodomingo.net\/#\/schema\/logo\/image\/","url":"https:\/\/blgnoticiassantodomingo.net\/wp-content\/uploads\/2023\/12\/Diseno-sin-titulo-3.jpg","contentUrl":"https:\/\/blgnoticiassantodomingo.net\/wp-content\/uploads\/2023\/12\/Diseno-sin-titulo-3.jpg","width":500,"height":500,"caption":"BLG Noticias"},"image":{"@id":"https:\/\/blgnoticiassantodomingo.net\/#\/schema\/logo\/image\/"},"sameAs":["https:\/\/web.facebook.com\/BlgNoticias\/?locale=es_LA&_rdc=1&_rdr","https:\/\/x.com\/BlgNoticias","https:\/\/www.linkedin.com\/in\/brenda-l-santana-aa846279\/"]},{"@type":"Person","@id":"https:\/\/blgnoticiassantodomingo.net\/#\/schema\/person\/e2fc21cf88acc63dbd134be981bff374","name":"Brenda Guerrero","image":{"@type":"ImageObject","inLanguage":"es","@id":"https:\/\/blgnoticiassantodomingo.net\/#\/schema\/person\/image\/","url":"https:\/\/secure.gravatar.com\/avatar\/2f7fc4c3e3655be1580cb684bfd8ab19be702ae20879da1e072021daa02f9b8b?s=96&d=wp_user_avatar&r=g","contentUrl":"https:\/\/secure.gravatar.com\/avatar\/2f7fc4c3e3655be1580cb684bfd8ab19be702ae20879da1e072021daa02f9b8b?s=96&d=wp_user_avatar&r=g","caption":"Brenda Guerrero"},"description":"Periodista","url":"https:\/\/blgnoticiassantodomingo.net\/index.php\/author\/brenda-guerrero\/"}]}},"jetpack_featured_media_url":"https:\/\/blgnoticiassantodomingo.net\/wp-content\/uploads\/2019\/11\/Danilo-Manera-critico-y-catedratico-italiano-de-Literatura-Hispanoamericana.jpg","_links":{"self":[{"href":"https:\/\/blgnoticiassantodomingo.net\/index.php\/wp-json\/wp\/v2\/posts\/2704","targetHints":{"allow":["GET"]}}],"collection":[{"href":"https:\/\/blgnoticiassantodomingo.net\/index.php\/wp-json\/wp\/v2\/posts"}],"about":[{"href":"https:\/\/blgnoticiassantodomingo.net\/index.php\/wp-json\/wp\/v2\/types\/post"}],"author":[{"embeddable":true,"href":"https:\/\/blgnoticiassantodomingo.net\/index.php\/wp-json\/wp\/v2\/users\/2"}],"replies":[{"embeddable":true,"href":"https:\/\/blgnoticiassantodomingo.net\/index.php\/wp-json\/wp\/v2\/comments?post=2704"}],"version-history":[{"count":1,"href":"https:\/\/blgnoticiassantodomingo.net\/index.php\/wp-json\/wp\/v2\/posts\/2704\/revisions"}],"predecessor-version":[{"id":2707,"href":"https:\/\/blgnoticiassantodomingo.net\/index.php\/wp-json\/wp\/v2\/posts\/2704\/revisions\/2707"}],"wp:featuredmedia":[{"embeddable":true,"href":"https:\/\/blgnoticiassantodomingo.net\/index.php\/wp-json\/wp\/v2\/media\/2705"}],"wp:attachment":[{"href":"https:\/\/blgnoticiassantodomingo.net\/index.php\/wp-json\/wp\/v2\/media?parent=2704"}],"wp:term":[{"taxonomy":"category","embeddable":true,"href":"https:\/\/blgnoticiassantodomingo.net\/index.php\/wp-json\/wp\/v2\/categories?post=2704"},{"taxonomy":"post_tag","embeddable":true,"href":"https:\/\/blgnoticiassantodomingo.net\/index.php\/wp-json\/wp\/v2\/tags?post=2704"}],"curies":[{"name":"wp","href":"https:\/\/api.w.org\/{rel}","templated":true}]}}