{"id":26821,"date":"2021-07-06T17:36:16","date_gmt":"2021-07-06T16:36:16","guid":{"rendered":"http:\/\/blgnoticiassantodomingo.net\/?p=26821"},"modified":"2021-07-06T17:36:17","modified_gmt":"2021-07-06T16:36:17","slug":"declaracion-publica-de-lisandro-macarrulla","status":"publish","type":"post","link":"https:\/\/blgnoticiassantodomingo.net\/index.php\/2021\/07\/06\/declaracion-publica-de-lisandro-macarrulla\/","title":{"rendered":"Declaraci\u00f3n p\u00fablica de Lisandro Macarrulla"},"content":{"rendered":"\n<p>El ministro de la Presidencia, Lisandro Macarrulla, denunci\u00f3 hoy que est\u00e1 siendo objeto de una sistem\u00e1tica campa\u00f1a de difamaci\u00f3n e injuria, mediante acusaciones falsas para involucrar a la empresa de su familia en operaciones fraudulentas vinculadas a la construcci\u00f3n de la nueva c\u00e1rcel sustituta de La Victoria.<\/p>\n\n\n\n<p>Declar\u00f3 que esa campa\u00f1a de descr\u00e9dito ha sido financiada y ejecutada por sectores pol\u00edticos interesados en empa\u00f1ar la gesti\u00f3n que realiza el gobierno, y que instrumentalizando las leg\u00edtimas aspiraciones de justicia que tiene la sociedad dominicana, quieren generar un clima de distracci\u00f3n medi\u00e1tica que desv\u00ede la atenci\u00f3n ciudadana de la lucha contra la corrupci\u00f3n que realiza la Procuradur\u00eda General de la Rep\u00fablica.<\/p>\n\n\n\n<p>Asegur\u00f3 que a lo largo de su vida, todas sus actuaciones p\u00fablicas y privadas han sido hechas con transparencia, verticalidad y honradez, y que con esos mismos principios se manejan las empresas de su familia. Asimismo manifest\u00f3 que est\u00e1 dispuesto a someterse a cualquier escrutinio en ese sentido.<\/p>\n\n\n\n<p>\u201cPor a\u00f1os, he servido a mi pa\u00eds como empresario comprometido con los mejores intereses de la naci\u00f3n y no permitir\u00e9 que sectores pol\u00edticos interesados en da\u00f1ar y empa\u00f1ar la gran obra de gobierno del presidente Luis Abinader desmeriten y pongan en entredicho mi dignidad y honorabilidad\u00bb inform\u00f3 Macarrulla.<\/p>\n\n\n\n<p>\u201cEstoy dispuesto a demostrar las calumnias en el terreno de la legalidad y el debido proceso, que los rumores que han sido vertidos en mi contra en los \u00faltimos d\u00edas son absolutamente falaces y no podr\u00e1n mancillar, como se pretende, mi honor y el de mi familia, ni desestabilizar el rectil\u00edneo curso de la transparencia y la decencia del Gobierno Constitucional de nuestra Rep\u00fablica\u201d, expres\u00f3 Macarrulla.<\/p>\n","protected":false},"excerpt":{"rendered":"<p>El ministro de la Presidencia, Lisandro Macarrulla, denunci\u00f3 hoy que est\u00e1 siendo objeto de una sistem\u00e1tica campa\u00f1a de difamaci\u00f3n e injuria, mediante acusaciones falsas para involucrar a la empresa de su familia en operaciones fraudulentas vinculadas a la construcci\u00f3n de la nueva c\u00e1rcel sustituta de La Victoria. Declar\u00f3 que esa campa\u00f1a de descr\u00e9dito ha sido [&hellip;]<\/p>\n","protected":false},"author":2,"featured_media":26822,"comment_status":"open","ping_status":"open","sticky":false,"template":"","format":"standard","meta":{"footnotes":""},"categories":[220],"tags":[2355,5717],"class_list":{"0":"post-26821","1":"post","2":"type-post","3":"status-publish","4":"format-standard","5":"has-post-thumbnail","7":"category-nacionales","8":"tag-lisandro-macarrulla","9":"tag-ministro-de-la-presidencia"},"yoast_head":"<!-- This site is optimized with the Yoast SEO plugin v24.9 - https:\/\/yoast.com\/wordpress\/plugins\/seo\/ -->\n<title>Declaraci\u00f3n p\u00fablica de Lisandro Macarrulla - BLG Noticias<\/title>\n<meta name=\"robots\" content=\"index, follow, max-snippet:-1, max-image-preview:large, max-video-preview:-1\" \/>\n<link rel=\"canonical\" href=\"https:\/\/blgnoticiassantodomingo.net\/index.php\/2021\/07\/06\/declaracion-publica-de-lisandro-macarrulla\/\" \/>\n<meta property=\"og:locale\" content=\"es_ES\" \/>\n<meta property=\"og:type\" content=\"article\" \/>\n<meta property=\"og:title\" content=\"Declaraci\u00f3n p\u00fablica de Lisandro Macarrulla - BLG Noticias\" \/>\n<meta property=\"og:description\" content=\"El ministro de la Presidencia, Lisandro Macarrulla, denunci\u00f3 hoy que est\u00e1 siendo objeto de una sistem\u00e1tica campa\u00f1a de difamaci\u00f3n e injuria, mediante acusaciones falsas para involucrar a la empresa de su familia en operaciones fraudulentas vinculadas a la construcci\u00f3n de la nueva c\u00e1rcel sustituta de La Victoria. Declar\u00f3 que esa campa\u00f1a de descr\u00e9dito ha sido [&hellip;]\" \/>\n<meta property=\"og:url\" content=\"https:\/\/blgnoticiassantodomingo.net\/index.php\/2021\/07\/06\/declaracion-publica-de-lisandro-macarrulla\/\" \/>\n<meta property=\"og:site_name\" content=\"BLG Noticias\" \/>\n<meta property=\"article:publisher\" content=\"https:\/\/web.facebook.com\/BlgNoticias\/?locale=es_LA&amp;_rdc=1&amp;_rdr\" \/>\n<meta property=\"article:published_time\" content=\"2021-07-06T16:36:16+00:00\" \/>\n<meta property=\"article:modified_time\" content=\"2021-07-06T16:36:17+00:00\" \/>\n<meta property=\"og:image\" content=\"https:\/\/blgnoticiassantodomingo.net\/wp-content\/uploads\/2021\/07\/Lisandro-Macarrulla.jpeg\" \/>\n\t<meta property=\"og:image:width\" content=\"853\" \/>\n\t<meta property=\"og:image:height\" content=\"1280\" \/>\n\t<meta property=\"og:image:type\" content=\"image\/jpeg\" \/>\n<meta name=\"author\" content=\"Brenda Guerrero\" \/>\n<meta name=\"twitter:card\" content=\"summary_large_image\" \/>\n<meta name=\"twitter:creator\" content=\"@BlgNoticias\" \/>\n<meta name=\"twitter:site\" content=\"@BlgNoticias\" \/>\n<meta name=\"twitter:label1\" content=\"Escrito por\" \/>\n\t<meta name=\"twitter:data1\" content=\"Brenda Guerrero\" \/>\n\t<meta name=\"twitter:label2\" content=\"Tiempo de lectura\" \/>\n\t<meta name=\"twitter:data2\" content=\"2 minutos\" \/>\n<script type=\"application\/ld+json\" class=\"yoast-schema-graph\">{\"@context\":\"https:\/\/schema.org\",\"@graph\":[{\"@type\":\"Article\",\"@id\":\"https:\/\/blgnoticiassantodomingo.net\/index.php\/2021\/07\/06\/declaracion-publica-de-lisandro-macarrulla\/#article\",\"isPartOf\":{\"@id\":\"https:\/\/blgnoticiassantodomingo.net\/index.php\/2021\/07\/06\/declaracion-publica-de-lisandro-macarrulla\/\"},\"author\":{\"name\":\"Brenda Guerrero\",\"@id\":\"https:\/\/blgnoticiassantodomingo.net\/#\/schema\/person\/e2fc21cf88acc63dbd134be981bff374\"},\"headline\":\"Declaraci\u00f3n p\u00fablica de Lisandro Macarrulla\",\"datePublished\":\"2021-07-06T16:36:16+00:00\",\"dateModified\":\"2021-07-06T16:36:17+00:00\",\"mainEntityOfPage\":{\"@id\":\"https:\/\/blgnoticiassantodomingo.net\/index.php\/2021\/07\/06\/declaracion-publica-de-lisandro-macarrulla\/\"},\"wordCount\":307,\"commentCount\":0,\"publisher\":{\"@id\":\"https:\/\/blgnoticiassantodomingo.net\/#organization\"},\"image\":{\"@id\":\"https:\/\/blgnoticiassantodomingo.net\/index.php\/2021\/07\/06\/declaracion-publica-de-lisandro-macarrulla\/#primaryimage\"},\"thumbnailUrl\":\"https:\/\/blgnoticiassantodomingo.net\/wp-content\/uploads\/2021\/07\/Lisandro-Macarrulla.jpeg\",\"keywords\":[\"Lisandro Macarrulla\",\"Ministro de la Presidencia\"],\"articleSection\":[\"Nacionales\"],\"inLanguage\":\"es\",\"potentialAction\":[{\"@type\":\"CommentAction\",\"name\":\"Comment\",\"target\":[\"https:\/\/blgnoticiassantodomingo.net\/index.php\/2021\/07\/06\/declaracion-publica-de-lisandro-macarrulla\/#respond\"]}]},{\"@type\":\"WebPage\",\"@id\":\"https:\/\/blgnoticiassantodomingo.net\/index.php\/2021\/07\/06\/declaracion-publica-de-lisandro-macarrulla\/\",\"url\":\"https:\/\/blgnoticiassantodomingo.net\/index.php\/2021\/07\/06\/declaracion-publica-de-lisandro-macarrulla\/\",\"name\":\"Declaraci\u00f3n p\u00fablica de Lisandro Macarrulla - BLG Noticias\",\"isPartOf\":{\"@id\":\"https:\/\/blgnoticiassantodomingo.net\/#website\"},\"primaryImageOfPage\":{\"@id\":\"https:\/\/blgnoticiassantodomingo.net\/index.php\/2021\/07\/06\/declaracion-publica-de-lisandro-macarrulla\/#primaryimage\"},\"image\":{\"@id\":\"https:\/\/blgnoticiassantodomingo.net\/index.php\/2021\/07\/06\/declaracion-publica-de-lisandro-macarrulla\/#primaryimage\"},\"thumbnailUrl\":\"https:\/\/blgnoticiassantodomingo.net\/wp-content\/uploads\/2021\/07\/Lisandro-Macarrulla.jpeg\",\"datePublished\":\"2021-07-06T16:36:16+00:00\",\"dateModified\":\"2021-07-06T16:36:17+00:00\",\"breadcrumb\":{\"@id\":\"https:\/\/blgnoticiassantodomingo.net\/index.php\/2021\/07\/06\/declaracion-publica-de-lisandro-macarrulla\/#breadcrumb\"},\"inLanguage\":\"es\",\"potentialAction\":[{\"@type\":\"ReadAction\",\"target\":[\"https:\/\/blgnoticiassantodomingo.net\/index.php\/2021\/07\/06\/declaracion-publica-de-lisandro-macarrulla\/\"]}]},{\"@type\":\"ImageObject\",\"inLanguage\":\"es\",\"@id\":\"https:\/\/blgnoticiassantodomingo.net\/index.php\/2021\/07\/06\/declaracion-publica-de-lisandro-macarrulla\/#primaryimage\",\"url\":\"https:\/\/blgnoticiassantodomingo.net\/wp-content\/uploads\/2021\/07\/Lisandro-Macarrulla.jpeg\",\"contentUrl\":\"https:\/\/blgnoticiassantodomingo.net\/wp-content\/uploads\/2021\/07\/Lisandro-Macarrulla.jpeg\",\"width\":853,\"height\":1280},{\"@type\":\"BreadcrumbList\",\"@id\":\"https:\/\/blgnoticiassantodomingo.net\/index.php\/2021\/07\/06\/declaracion-publica-de-lisandro-macarrulla\/#breadcrumb\",\"itemListElement\":[{\"@type\":\"ListItem\",\"position\":1,\"name\":\"Portada\",\"item\":\"https:\/\/blgnoticiassantodomingo.net\/\"},{\"@type\":\"ListItem\",\"position\":2,\"name\":\"Declaraci\u00f3n p\u00fablica de Lisandro Macarrulla\"}]},{\"@type\":\"WebSite\",\"@id\":\"https:\/\/blgnoticiassantodomingo.net\/#website\",\"url\":\"https:\/\/blgnoticiassantodomingo.net\/\",\"name\":\"BLG Noticias\",\"description\":\"Esto es Noticias\",\"publisher\":{\"@id\":\"https:\/\/blgnoticiassantodomingo.net\/#organization\"},\"potentialAction\":[{\"@type\":\"SearchAction\",\"target\":{\"@type\":\"EntryPoint\",\"urlTemplate\":\"https:\/\/blgnoticiassantodomingo.net\/?s={search_term_string}\"},\"query-input\":{\"@type\":\"PropertyValueSpecification\",\"valueRequired\":true,\"valueName\":\"search_term_string\"}}],\"inLanguage\":\"es\"},{\"@type\":\"Organization\",\"@id\":\"https:\/\/blgnoticiassantodomingo.net\/#organization\",\"name\":\"BLG Noticias\",\"url\":\"https:\/\/blgnoticiassantodomingo.net\/\",\"logo\":{\"@type\":\"ImageObject\",\"inLanguage\":\"es\",\"@id\":\"https:\/\/blgnoticiassantodomingo.net\/#\/schema\/logo\/image\/\",\"url\":\"https:\/\/blgnoticiassantodomingo.net\/wp-content\/uploads\/2023\/12\/Diseno-sin-titulo-3.jpg\",\"contentUrl\":\"https:\/\/blgnoticiassantodomingo.net\/wp-content\/uploads\/2023\/12\/Diseno-sin-titulo-3.jpg\",\"width\":500,\"height\":500,\"caption\":\"BLG Noticias\"},\"image\":{\"@id\":\"https:\/\/blgnoticiassantodomingo.net\/#\/schema\/logo\/image\/\"},\"sameAs\":[\"https:\/\/web.facebook.com\/BlgNoticias\/?locale=es_LA&_rdc=1&_rdr\",\"https:\/\/x.com\/BlgNoticias\",\"https:\/\/www.linkedin.com\/in\/brenda-l-santana-aa846279\/\"]},{\"@type\":\"Person\",\"@id\":\"https:\/\/blgnoticiassantodomingo.net\/#\/schema\/person\/e2fc21cf88acc63dbd134be981bff374\",\"name\":\"Brenda Guerrero\",\"image\":{\"@type\":\"ImageObject\",\"inLanguage\":\"es\",\"@id\":\"https:\/\/blgnoticiassantodomingo.net\/#\/schema\/person\/image\/\",\"url\":\"https:\/\/secure.gravatar.com\/avatar\/2f7fc4c3e3655be1580cb684bfd8ab19be702ae20879da1e072021daa02f9b8b?s=96&d=wp_user_avatar&r=g\",\"contentUrl\":\"https:\/\/secure.gravatar.com\/avatar\/2f7fc4c3e3655be1580cb684bfd8ab19be702ae20879da1e072021daa02f9b8b?s=96&d=wp_user_avatar&r=g\",\"caption\":\"Brenda Guerrero\"},\"description\":\"Periodista\",\"url\":\"https:\/\/blgnoticiassantodomingo.net\/index.php\/author\/brenda-guerrero\/\"}]}<\/script>\n<!-- \/ Yoast SEO plugin. -->","yoast_head_json":{"title":"Declaraci\u00f3n p\u00fablica de Lisandro Macarrulla - BLG Noticias","robots":{"index":"index","follow":"follow","max-snippet":"max-snippet:-1","max-image-preview":"max-image-preview:large","max-video-preview":"max-video-preview:-1"},"canonical":"https:\/\/blgnoticiassantodomingo.net\/index.php\/2021\/07\/06\/declaracion-publica-de-lisandro-macarrulla\/","og_locale":"es_ES","og_type":"article","og_title":"Declaraci\u00f3n p\u00fablica de Lisandro Macarrulla - BLG Noticias","og_description":"El ministro de la Presidencia, Lisandro Macarrulla, denunci\u00f3 hoy que est\u00e1 siendo objeto de una sistem\u00e1tica campa\u00f1a de difamaci\u00f3n e injuria, mediante acusaciones falsas para involucrar a la empresa de su familia en operaciones fraudulentas vinculadas a la construcci\u00f3n de la nueva c\u00e1rcel sustituta de La Victoria. Declar\u00f3 que esa campa\u00f1a de descr\u00e9dito ha sido [&hellip;]","og_url":"https:\/\/blgnoticiassantodomingo.net\/index.php\/2021\/07\/06\/declaracion-publica-de-lisandro-macarrulla\/","og_site_name":"BLG Noticias","article_publisher":"https:\/\/web.facebook.com\/BlgNoticias\/?locale=es_LA&_rdc=1&_rdr","article_published_time":"2021-07-06T16:36:16+00:00","article_modified_time":"2021-07-06T16:36:17+00:00","og_image":[{"width":853,"height":1280,"url":"https:\/\/blgnoticiassantodomingo.net\/wp-content\/uploads\/2021\/07\/Lisandro-Macarrulla.jpeg","type":"image\/jpeg"}],"author":"Brenda Guerrero","twitter_card":"summary_large_image","twitter_creator":"@BlgNoticias","twitter_site":"@BlgNoticias","twitter_misc":{"Escrito por":"Brenda Guerrero","Tiempo de lectura":"2 minutos"},"schema":{"@context":"https:\/\/schema.org","@graph":[{"@type":"Article","@id":"https:\/\/blgnoticiassantodomingo.net\/index.php\/2021\/07\/06\/declaracion-publica-de-lisandro-macarrulla\/#article","isPartOf":{"@id":"https:\/\/blgnoticiassantodomingo.net\/index.php\/2021\/07\/06\/declaracion-publica-de-lisandro-macarrulla\/"},"author":{"name":"Brenda Guerrero","@id":"https:\/\/blgnoticiassantodomingo.net\/#\/schema\/person\/e2fc21cf88acc63dbd134be981bff374"},"headline":"Declaraci\u00f3n p\u00fablica de Lisandro Macarrulla","datePublished":"2021-07-06T16:36:16+00:00","dateModified":"2021-07-06T16:36:17+00:00","mainEntityOfPage":{"@id":"https:\/\/blgnoticiassantodomingo.net\/index.php\/2021\/07\/06\/declaracion-publica-de-lisandro-macarrulla\/"},"wordCount":307,"commentCount":0,"publisher":{"@id":"https:\/\/blgnoticiassantodomingo.net\/#organization"},"image":{"@id":"https:\/\/blgnoticiassantodomingo.net\/index.php\/2021\/07\/06\/declaracion-publica-de-lisandro-macarrulla\/#primaryimage"},"thumbnailUrl":"https:\/\/blgnoticiassantodomingo.net\/wp-content\/uploads\/2021\/07\/Lisandro-Macarrulla.jpeg","keywords":["Lisandro Macarrulla","Ministro de la Presidencia"],"articleSection":["Nacionales"],"inLanguage":"es","potentialAction":[{"@type":"CommentAction","name":"Comment","target":["https:\/\/blgnoticiassantodomingo.net\/index.php\/2021\/07\/06\/declaracion-publica-de-lisandro-macarrulla\/#respond"]}]},{"@type":"WebPage","@id":"https:\/\/blgnoticiassantodomingo.net\/index.php\/2021\/07\/06\/declaracion-publica-de-lisandro-macarrulla\/","url":"https:\/\/blgnoticiassantodomingo.net\/index.php\/2021\/07\/06\/declaracion-publica-de-lisandro-macarrulla\/","name":"Declaraci\u00f3n p\u00fablica de Lisandro Macarrulla - BLG Noticias","isPartOf":{"@id":"https:\/\/blgnoticiassantodomingo.net\/#website"},"primaryImageOfPage":{"@id":"https:\/\/blgnoticiassantodomingo.net\/index.php\/2021\/07\/06\/declaracion-publica-de-lisandro-macarrulla\/#primaryimage"},"image":{"@id":"https:\/\/blgnoticiassantodomingo.net\/index.php\/2021\/07\/06\/declaracion-publica-de-lisandro-macarrulla\/#primaryimage"},"thumbnailUrl":"https:\/\/blgnoticiassantodomingo.net\/wp-content\/uploads\/2021\/07\/Lisandro-Macarrulla.jpeg","datePublished":"2021-07-06T16:36:16+00:00","dateModified":"2021-07-06T16:36:17+00:00","breadcrumb":{"@id":"https:\/\/blgnoticiassantodomingo.net\/index.php\/2021\/07\/06\/declaracion-publica-de-lisandro-macarrulla\/#breadcrumb"},"inLanguage":"es","potentialAction":[{"@type":"ReadAction","target":["https:\/\/blgnoticiassantodomingo.net\/index.php\/2021\/07\/06\/declaracion-publica-de-lisandro-macarrulla\/"]}]},{"@type":"ImageObject","inLanguage":"es","@id":"https:\/\/blgnoticiassantodomingo.net\/index.php\/2021\/07\/06\/declaracion-publica-de-lisandro-macarrulla\/#primaryimage","url":"https:\/\/blgnoticiassantodomingo.net\/wp-content\/uploads\/2021\/07\/Lisandro-Macarrulla.jpeg","contentUrl":"https:\/\/blgnoticiassantodomingo.net\/wp-content\/uploads\/2021\/07\/Lisandro-Macarrulla.jpeg","width":853,"height":1280},{"@type":"BreadcrumbList","@id":"https:\/\/blgnoticiassantodomingo.net\/index.php\/2021\/07\/06\/declaracion-publica-de-lisandro-macarrulla\/#breadcrumb","itemListElement":[{"@type":"ListItem","position":1,"name":"Portada","item":"https:\/\/blgnoticiassantodomingo.net\/"},{"@type":"ListItem","position":2,"name":"Declaraci\u00f3n p\u00fablica de Lisandro Macarrulla"}]},{"@type":"WebSite","@id":"https:\/\/blgnoticiassantodomingo.net\/#website","url":"https:\/\/blgnoticiassantodomingo.net\/","name":"BLG Noticias","description":"Esto es Noticias","publisher":{"@id":"https:\/\/blgnoticiassantodomingo.net\/#organization"},"potentialAction":[{"@type":"SearchAction","target":{"@type":"EntryPoint","urlTemplate":"https:\/\/blgnoticiassantodomingo.net\/?s={search_term_string}"},"query-input":{"@type":"PropertyValueSpecification","valueRequired":true,"valueName":"search_term_string"}}],"inLanguage":"es"},{"@type":"Organization","@id":"https:\/\/blgnoticiassantodomingo.net\/#organization","name":"BLG Noticias","url":"https:\/\/blgnoticiassantodomingo.net\/","logo":{"@type":"ImageObject","inLanguage":"es","@id":"https:\/\/blgnoticiassantodomingo.net\/#\/schema\/logo\/image\/","url":"https:\/\/blgnoticiassantodomingo.net\/wp-content\/uploads\/2023\/12\/Diseno-sin-titulo-3.jpg","contentUrl":"https:\/\/blgnoticiassantodomingo.net\/wp-content\/uploads\/2023\/12\/Diseno-sin-titulo-3.jpg","width":500,"height":500,"caption":"BLG Noticias"},"image":{"@id":"https:\/\/blgnoticiassantodomingo.net\/#\/schema\/logo\/image\/"},"sameAs":["https:\/\/web.facebook.com\/BlgNoticias\/?locale=es_LA&_rdc=1&_rdr","https:\/\/x.com\/BlgNoticias","https:\/\/www.linkedin.com\/in\/brenda-l-santana-aa846279\/"]},{"@type":"Person","@id":"https:\/\/blgnoticiassantodomingo.net\/#\/schema\/person\/e2fc21cf88acc63dbd134be981bff374","name":"Brenda Guerrero","image":{"@type":"ImageObject","inLanguage":"es","@id":"https:\/\/blgnoticiassantodomingo.net\/#\/schema\/person\/image\/","url":"https:\/\/secure.gravatar.com\/avatar\/2f7fc4c3e3655be1580cb684bfd8ab19be702ae20879da1e072021daa02f9b8b?s=96&d=wp_user_avatar&r=g","contentUrl":"https:\/\/secure.gravatar.com\/avatar\/2f7fc4c3e3655be1580cb684bfd8ab19be702ae20879da1e072021daa02f9b8b?s=96&d=wp_user_avatar&r=g","caption":"Brenda Guerrero"},"description":"Periodista","url":"https:\/\/blgnoticiassantodomingo.net\/index.php\/author\/brenda-guerrero\/"}]}},"jetpack_featured_media_url":"https:\/\/blgnoticiassantodomingo.net\/wp-content\/uploads\/2021\/07\/Lisandro-Macarrulla.jpeg","_links":{"self":[{"href":"https:\/\/blgnoticiassantodomingo.net\/index.php\/wp-json\/wp\/v2\/posts\/26821","targetHints":{"allow":["GET"]}}],"collection":[{"href":"https:\/\/blgnoticiassantodomingo.net\/index.php\/wp-json\/wp\/v2\/posts"}],"about":[{"href":"https:\/\/blgnoticiassantodomingo.net\/index.php\/wp-json\/wp\/v2\/types\/post"}],"author":[{"embeddable":true,"href":"https:\/\/blgnoticiassantodomingo.net\/index.php\/wp-json\/wp\/v2\/users\/2"}],"replies":[{"embeddable":true,"href":"https:\/\/blgnoticiassantodomingo.net\/index.php\/wp-json\/wp\/v2\/comments?post=26821"}],"version-history":[{"count":1,"href":"https:\/\/blgnoticiassantodomingo.net\/index.php\/wp-json\/wp\/v2\/posts\/26821\/revisions"}],"predecessor-version":[{"id":26823,"href":"https:\/\/blgnoticiassantodomingo.net\/index.php\/wp-json\/wp\/v2\/posts\/26821\/revisions\/26823"}],"wp:featuredmedia":[{"embeddable":true,"href":"https:\/\/blgnoticiassantodomingo.net\/index.php\/wp-json\/wp\/v2\/media\/26822"}],"wp:attachment":[{"href":"https:\/\/blgnoticiassantodomingo.net\/index.php\/wp-json\/wp\/v2\/media?parent=26821"}],"wp:term":[{"taxonomy":"category","embeddable":true,"href":"https:\/\/blgnoticiassantodomingo.net\/index.php\/wp-json\/wp\/v2\/categories?post=26821"},{"taxonomy":"post_tag","embeddable":true,"href":"https:\/\/blgnoticiassantodomingo.net\/index.php\/wp-json\/wp\/v2\/tags?post=26821"}],"curies":[{"name":"wp","href":"https:\/\/api.w.org\/{rel}","templated":true}]}}