{"id":26476,"date":"2021-06-23T15:16:34","date_gmt":"2021-06-23T14:16:34","guid":{"rendered":"http:\/\/blgnoticiassantodomingo.net\/?p=26476"},"modified":"2021-06-23T15:16:35","modified_gmt":"2021-06-23T14:16:35","slug":"muere-orlando-ortiz-voz-oficial-de-cima-100","status":"publish","type":"post","link":"https:\/\/blgnoticiassantodomingo.net\/index.php\/2021\/06\/23\/muere-orlando-ortiz-voz-oficial-de-cima-100\/","title":{"rendered":"Muere Orlando Ortiz, voz oficial de Cima 100"},"content":{"rendered":"\n<p>Anoche se conoci\u00f3 la noticia sobre la muerte de&nbsp;<strong>Orlando Ortiz&nbsp;<\/strong>a causa del coronavirus, el hombre que fue la voz oficial de la emisora&nbsp;<strong>Cima 100<\/strong>.<\/p>\n\n\n\n<p>El popular&nbsp;<strong>locutor&nbsp;<\/strong>trabaj\u00f3 en Cima 100 desde el a\u00f1o 1978 y se retir\u00f3 en el 2007.<\/p>\n\n\n\n<p>Sin embargo, debido a la situaci\u00f3n sanitaria, producto de la pandemia del&nbsp;<strong>COVID-19<\/strong>, a la familia de Orlando Ortiz le cost\u00f3 trabajo localizar el cuerpo del locutor, luego que le informaron sobre la muerte, se dirigieron al Hospital Francisco Moscoso Puello el pasado jueves.<\/p>\n\n\n\n<p>De acuerdo a lo narrado por su hijo, Orlando Rafael Ortiz, el cuerpo de su padre hab\u00eda sido trasladado al hospital&nbsp;<strong>Ram\u00f3n de Lara<\/strong>, pero tampoco estaba ah\u00ed.<\/p>\n\n\n\n<p>Luego de varias visitas a diferentes centros de salud en busca del cuerpo del locutor, recibieron una llamada de una doctora, quien le dijo que Orlando Ortiz se encontraba en el Rodolfo de la Cruz Lara, en el municipio de&nbsp;<strong>Pedro Brand<\/strong>&nbsp;de Santo Domingo.<\/p>\n\n\n\n<p>Orlando Ortiz naci\u00f3 en&nbsp;<strong>Ban\u00ed<\/strong>, provincia Peravia, el 21 de agosto de 1943. Hijo de pastor Manuel Ortiz G\u00f3mez y Esther Mar\u00eda Santana B\u00e1ez. Se educ\u00f3 desde la primaria hasta la intermediaria en su pueblo natal, traslad\u00e1ndose despu\u00e9s a Santo Domingo donde concluy\u00f3 sus estudios del bachillerato.<\/p>\n\n\n\n<p>Autodidacta de la&nbsp;<strong>locuci\u00f3n<\/strong>, el 11 de abril de 1961 solicit\u00f3 una oportunidad a la&nbsp;<strong>Comisi\u00f3n Nacional de Espect\u00e1culos P\u00fablicos y Radiofon\u00eda<\/strong>, para ser examinado como locutor. Su solicitud fue aceptada y tom\u00f3 los ex\u00e1menes para aspirantes a locutores el 27 de enero de 1962, siendo aprobado por la Comisi\u00f3n.<\/p>\n\n\n\n<p>Los ex\u00e1menes eran impartidos en el local de la Escuela Normal \u201c<strong>Salom\u00e9 Ure\u00f1a<\/strong>\u201d, de la Padre Billini de Santo Domingo. Al obtener su carnet de locutor, inmediatamente comenz\u00f3 a desarrollar la fiebre de la locuci\u00f3n, iniciando su labor radial ese mismo a\u00f1o en Radio HIN, llevado de la mano por un vecino que trabajaba en la administraci\u00f3n de la emisora.<\/p>\n\n\n\n<p>Luego paso a trabajar en el noticiario I<strong>nformativo Nacional<\/strong>&nbsp;transmitido por Radio ABC. En los primeros meses de 1970 entr\u00f3 a formar parte del noticiario Clar\u00edn Informativo, de Radio Clar\u00edn, que hab\u00eda sido puesta al aire recientemente. Con la voz imponente, Ortiz estaba designado para ser uno de los mejores locutores noticiosos de la radio nacional.<\/p>\n\n\n\n<p>Su voz y depurado estilo le dieron a conocer y ya su fama hab\u00eda llegado a los o\u00eddos de los jefes de&nbsp;<strong>prensa&nbsp;<\/strong>de las emisoras capitale\u00f1as; es as\u00ed como Silvio Herasme Pe\u00f1a, lo contrata para leer noticias en el&nbsp;<strong>Reportero Universal<\/strong>, a trav\u00e9s de&nbsp;<strong>Radio Universal.<\/strong><\/p>\n\n\n\n<p>Su fama como accesional lector de noticias lo hizo recorrer todo el dial de la radio citadina, pasando as\u00ed por Noticiario Cristal,&nbsp;<strong>Noti-Tiempo<\/strong>, Noticiario Antillas y Noticiario Nacional de Rahintel.<\/p>\n","protected":false},"excerpt":{"rendered":"<p>Anoche se conoci\u00f3 la noticia sobre la muerte de&nbsp;Orlando Ortiz&nbsp;a causa del coronavirus, el hombre que fue la voz oficial de la emisora&nbsp;Cima 100. El popular&nbsp;locutor&nbsp;trabaj\u00f3 en Cima 100 desde el a\u00f1o 1978 y se retir\u00f3 en el 2007. Sin embargo, debido a la situaci\u00f3n sanitaria, producto de la pandemia del&nbsp;COVID-19, a la familia de [&hellip;]<\/p>\n","protected":false},"author":2,"featured_media":26477,"comment_status":"open","ping_status":"open","sticky":false,"template":"","format":"standard","meta":{"footnotes":""},"categories":[222],"tags":[5622,1197,1549,1492,5621],"class_list":{"0":"post-26476","1":"post","2":"type-post","3":"status-publish","4":"format-standard","5":"has-post-thumbnail","7":"category-arte-y-espectaculos","8":"tag-cima-100","9":"tag-coronavirus","10":"tag-locutor","11":"tag-muere","12":"tag-orlando-ortiz"},"yoast_head":"<!-- This site is optimized with the Yoast SEO plugin v24.9 - https:\/\/yoast.com\/wordpress\/plugins\/seo\/ -->\n<title>Muere Orlando Ortiz, voz oficial de Cima 100 - BLG Noticias<\/title>\n<meta name=\"robots\" content=\"index, follow, max-snippet:-1, max-image-preview:large, max-video-preview:-1\" \/>\n<link rel=\"canonical\" href=\"https:\/\/blgnoticiassantodomingo.net\/index.php\/2021\/06\/23\/muere-orlando-ortiz-voz-oficial-de-cima-100\/\" \/>\n<meta property=\"og:locale\" content=\"es_ES\" \/>\n<meta property=\"og:type\" content=\"article\" \/>\n<meta property=\"og:title\" content=\"Muere Orlando Ortiz, voz oficial de Cima 100 - BLG Noticias\" \/>\n<meta property=\"og:description\" content=\"Anoche se conoci\u00f3 la noticia sobre la muerte de&nbsp;Orlando Ortiz&nbsp;a causa del coronavirus, el hombre que fue la voz oficial de la emisora&nbsp;Cima 100. El popular&nbsp;locutor&nbsp;trabaj\u00f3 en Cima 100 desde el a\u00f1o 1978 y se retir\u00f3 en el 2007. Sin embargo, debido a la situaci\u00f3n sanitaria, producto de la pandemia del&nbsp;COVID-19, a la familia de [&hellip;]\" \/>\n<meta property=\"og:url\" content=\"https:\/\/blgnoticiassantodomingo.net\/index.php\/2021\/06\/23\/muere-orlando-ortiz-voz-oficial-de-cima-100\/\" \/>\n<meta property=\"og:site_name\" content=\"BLG Noticias\" \/>\n<meta property=\"article:publisher\" content=\"https:\/\/web.facebook.com\/BlgNoticias\/?locale=es_LA&amp;_rdc=1&amp;_rdr\" \/>\n<meta property=\"article:published_time\" content=\"2021-06-23T14:16:34+00:00\" \/>\n<meta property=\"article:modified_time\" content=\"2021-06-23T14:16:35+00:00\" \/>\n<meta property=\"og:image\" content=\"https:\/\/blgnoticiassantodomingo.net\/wp-content\/uploads\/2021\/06\/muere-el-locutor-orlando-ortiz-la-voz-de-cima-100.jpeg\" \/>\n\t<meta property=\"og:image:width\" content=\"299\" \/>\n\t<meta property=\"og:image:height\" content=\"460\" \/>\n\t<meta property=\"og:image:type\" content=\"image\/jpeg\" \/>\n<meta name=\"author\" content=\"Brenda Guerrero\" \/>\n<meta name=\"twitter:card\" content=\"summary_large_image\" \/>\n<meta name=\"twitter:creator\" content=\"@BlgNoticias\" \/>\n<meta name=\"twitter:site\" content=\"@BlgNoticias\" \/>\n<meta name=\"twitter:label1\" content=\"Escrito por\" \/>\n\t<meta name=\"twitter:data1\" content=\"Brenda Guerrero\" \/>\n\t<meta name=\"twitter:label2\" content=\"Tiempo de lectura\" \/>\n\t<meta name=\"twitter:data2\" content=\"2 minutos\" \/>\n<script type=\"application\/ld+json\" class=\"yoast-schema-graph\">{\"@context\":\"https:\/\/schema.org\",\"@graph\":[{\"@type\":\"Article\",\"@id\":\"https:\/\/blgnoticiassantodomingo.net\/index.php\/2021\/06\/23\/muere-orlando-ortiz-voz-oficial-de-cima-100\/#article\",\"isPartOf\":{\"@id\":\"https:\/\/blgnoticiassantodomingo.net\/index.php\/2021\/06\/23\/muere-orlando-ortiz-voz-oficial-de-cima-100\/\"},\"author\":{\"name\":\"Brenda Guerrero\",\"@id\":\"https:\/\/blgnoticiassantodomingo.net\/#\/schema\/person\/e2fc21cf88acc63dbd134be981bff374\"},\"headline\":\"Muere Orlando Ortiz, voz oficial de Cima 100\",\"datePublished\":\"2021-06-23T14:16:34+00:00\",\"dateModified\":\"2021-06-23T14:16:35+00:00\",\"mainEntityOfPage\":{\"@id\":\"https:\/\/blgnoticiassantodomingo.net\/index.php\/2021\/06\/23\/muere-orlando-ortiz-voz-oficial-de-cima-100\/\"},\"wordCount\":494,\"commentCount\":0,\"publisher\":{\"@id\":\"https:\/\/blgnoticiassantodomingo.net\/#organization\"},\"image\":{\"@id\":\"https:\/\/blgnoticiassantodomingo.net\/index.php\/2021\/06\/23\/muere-orlando-ortiz-voz-oficial-de-cima-100\/#primaryimage\"},\"thumbnailUrl\":\"https:\/\/blgnoticiassantodomingo.net\/wp-content\/uploads\/2021\/06\/muere-el-locutor-orlando-ortiz-la-voz-de-cima-100.jpeg\",\"keywords\":[\"cima 100\",\"Coronavirus\",\"Locutor\",\"Muere\",\"Orlando ortiz\"],\"articleSection\":[\"Arte y Espectaculos\"],\"inLanguage\":\"es\",\"potentialAction\":[{\"@type\":\"CommentAction\",\"name\":\"Comment\",\"target\":[\"https:\/\/blgnoticiassantodomingo.net\/index.php\/2021\/06\/23\/muere-orlando-ortiz-voz-oficial-de-cima-100\/#respond\"]}]},{\"@type\":\"WebPage\",\"@id\":\"https:\/\/blgnoticiassantodomingo.net\/index.php\/2021\/06\/23\/muere-orlando-ortiz-voz-oficial-de-cima-100\/\",\"url\":\"https:\/\/blgnoticiassantodomingo.net\/index.php\/2021\/06\/23\/muere-orlando-ortiz-voz-oficial-de-cima-100\/\",\"name\":\"Muere Orlando Ortiz, voz oficial de Cima 100 - BLG Noticias\",\"isPartOf\":{\"@id\":\"https:\/\/blgnoticiassantodomingo.net\/#website\"},\"primaryImageOfPage\":{\"@id\":\"https:\/\/blgnoticiassantodomingo.net\/index.php\/2021\/06\/23\/muere-orlando-ortiz-voz-oficial-de-cima-100\/#primaryimage\"},\"image\":{\"@id\":\"https:\/\/blgnoticiassantodomingo.net\/index.php\/2021\/06\/23\/muere-orlando-ortiz-voz-oficial-de-cima-100\/#primaryimage\"},\"thumbnailUrl\":\"https:\/\/blgnoticiassantodomingo.net\/wp-content\/uploads\/2021\/06\/muere-el-locutor-orlando-ortiz-la-voz-de-cima-100.jpeg\",\"datePublished\":\"2021-06-23T14:16:34+00:00\",\"dateModified\":\"2021-06-23T14:16:35+00:00\",\"breadcrumb\":{\"@id\":\"https:\/\/blgnoticiassantodomingo.net\/index.php\/2021\/06\/23\/muere-orlando-ortiz-voz-oficial-de-cima-100\/#breadcrumb\"},\"inLanguage\":\"es\",\"potentialAction\":[{\"@type\":\"ReadAction\",\"target\":[\"https:\/\/blgnoticiassantodomingo.net\/index.php\/2021\/06\/23\/muere-orlando-ortiz-voz-oficial-de-cima-100\/\"]}]},{\"@type\":\"ImageObject\",\"inLanguage\":\"es\",\"@id\":\"https:\/\/blgnoticiassantodomingo.net\/index.php\/2021\/06\/23\/muere-orlando-ortiz-voz-oficial-de-cima-100\/#primaryimage\",\"url\":\"https:\/\/blgnoticiassantodomingo.net\/wp-content\/uploads\/2021\/06\/muere-el-locutor-orlando-ortiz-la-voz-de-cima-100.jpeg\",\"contentUrl\":\"https:\/\/blgnoticiassantodomingo.net\/wp-content\/uploads\/2021\/06\/muere-el-locutor-orlando-ortiz-la-voz-de-cima-100.jpeg\",\"width\":299,\"height\":460},{\"@type\":\"BreadcrumbList\",\"@id\":\"https:\/\/blgnoticiassantodomingo.net\/index.php\/2021\/06\/23\/muere-orlando-ortiz-voz-oficial-de-cima-100\/#breadcrumb\",\"itemListElement\":[{\"@type\":\"ListItem\",\"position\":1,\"name\":\"Portada\",\"item\":\"https:\/\/blgnoticiassantodomingo.net\/\"},{\"@type\":\"ListItem\",\"position\":2,\"name\":\"Muere Orlando Ortiz, voz oficial de Cima 100\"}]},{\"@type\":\"WebSite\",\"@id\":\"https:\/\/blgnoticiassantodomingo.net\/#website\",\"url\":\"https:\/\/blgnoticiassantodomingo.net\/\",\"name\":\"BLG Noticias\",\"description\":\"Esto es Noticias\",\"publisher\":{\"@id\":\"https:\/\/blgnoticiassantodomingo.net\/#organization\"},\"potentialAction\":[{\"@type\":\"SearchAction\",\"target\":{\"@type\":\"EntryPoint\",\"urlTemplate\":\"https:\/\/blgnoticiassantodomingo.net\/?s={search_term_string}\"},\"query-input\":{\"@type\":\"PropertyValueSpecification\",\"valueRequired\":true,\"valueName\":\"search_term_string\"}}],\"inLanguage\":\"es\"},{\"@type\":\"Organization\",\"@id\":\"https:\/\/blgnoticiassantodomingo.net\/#organization\",\"name\":\"BLG Noticias\",\"url\":\"https:\/\/blgnoticiassantodomingo.net\/\",\"logo\":{\"@type\":\"ImageObject\",\"inLanguage\":\"es\",\"@id\":\"https:\/\/blgnoticiassantodomingo.net\/#\/schema\/logo\/image\/\",\"url\":\"https:\/\/blgnoticiassantodomingo.net\/wp-content\/uploads\/2023\/12\/Diseno-sin-titulo-3.jpg\",\"contentUrl\":\"https:\/\/blgnoticiassantodomingo.net\/wp-content\/uploads\/2023\/12\/Diseno-sin-titulo-3.jpg\",\"width\":500,\"height\":500,\"caption\":\"BLG Noticias\"},\"image\":{\"@id\":\"https:\/\/blgnoticiassantodomingo.net\/#\/schema\/logo\/image\/\"},\"sameAs\":[\"https:\/\/web.facebook.com\/BlgNoticias\/?locale=es_LA&_rdc=1&_rdr\",\"https:\/\/x.com\/BlgNoticias\",\"https:\/\/www.linkedin.com\/in\/brenda-l-santana-aa846279\/\"]},{\"@type\":\"Person\",\"@id\":\"https:\/\/blgnoticiassantodomingo.net\/#\/schema\/person\/e2fc21cf88acc63dbd134be981bff374\",\"name\":\"Brenda Guerrero\",\"image\":{\"@type\":\"ImageObject\",\"inLanguage\":\"es\",\"@id\":\"https:\/\/blgnoticiassantodomingo.net\/#\/schema\/person\/image\/\",\"url\":\"https:\/\/secure.gravatar.com\/avatar\/2f7fc4c3e3655be1580cb684bfd8ab19be702ae20879da1e072021daa02f9b8b?s=96&d=wp_user_avatar&r=g\",\"contentUrl\":\"https:\/\/secure.gravatar.com\/avatar\/2f7fc4c3e3655be1580cb684bfd8ab19be702ae20879da1e072021daa02f9b8b?s=96&d=wp_user_avatar&r=g\",\"caption\":\"Brenda Guerrero\"},\"description\":\"Periodista\",\"url\":\"https:\/\/blgnoticiassantodomingo.net\/index.php\/author\/brenda-guerrero\/\"}]}<\/script>\n<!-- \/ Yoast SEO plugin. -->","yoast_head_json":{"title":"Muere Orlando Ortiz, voz oficial de Cima 100 - BLG Noticias","robots":{"index":"index","follow":"follow","max-snippet":"max-snippet:-1","max-image-preview":"max-image-preview:large","max-video-preview":"max-video-preview:-1"},"canonical":"https:\/\/blgnoticiassantodomingo.net\/index.php\/2021\/06\/23\/muere-orlando-ortiz-voz-oficial-de-cima-100\/","og_locale":"es_ES","og_type":"article","og_title":"Muere Orlando Ortiz, voz oficial de Cima 100 - BLG Noticias","og_description":"Anoche se conoci\u00f3 la noticia sobre la muerte de&nbsp;Orlando Ortiz&nbsp;a causa del coronavirus, el hombre que fue la voz oficial de la emisora&nbsp;Cima 100. El popular&nbsp;locutor&nbsp;trabaj\u00f3 en Cima 100 desde el a\u00f1o 1978 y se retir\u00f3 en el 2007. Sin embargo, debido a la situaci\u00f3n sanitaria, producto de la pandemia del&nbsp;COVID-19, a la familia de [&hellip;]","og_url":"https:\/\/blgnoticiassantodomingo.net\/index.php\/2021\/06\/23\/muere-orlando-ortiz-voz-oficial-de-cima-100\/","og_site_name":"BLG Noticias","article_publisher":"https:\/\/web.facebook.com\/BlgNoticias\/?locale=es_LA&_rdc=1&_rdr","article_published_time":"2021-06-23T14:16:34+00:00","article_modified_time":"2021-06-23T14:16:35+00:00","og_image":[{"width":299,"height":460,"url":"https:\/\/blgnoticiassantodomingo.net\/wp-content\/uploads\/2021\/06\/muere-el-locutor-orlando-ortiz-la-voz-de-cima-100.jpeg","type":"image\/jpeg"}],"author":"Brenda Guerrero","twitter_card":"summary_large_image","twitter_creator":"@BlgNoticias","twitter_site":"@BlgNoticias","twitter_misc":{"Escrito por":"Brenda Guerrero","Tiempo de lectura":"2 minutos"},"schema":{"@context":"https:\/\/schema.org","@graph":[{"@type":"Article","@id":"https:\/\/blgnoticiassantodomingo.net\/index.php\/2021\/06\/23\/muere-orlando-ortiz-voz-oficial-de-cima-100\/#article","isPartOf":{"@id":"https:\/\/blgnoticiassantodomingo.net\/index.php\/2021\/06\/23\/muere-orlando-ortiz-voz-oficial-de-cima-100\/"},"author":{"name":"Brenda Guerrero","@id":"https:\/\/blgnoticiassantodomingo.net\/#\/schema\/person\/e2fc21cf88acc63dbd134be981bff374"},"headline":"Muere Orlando Ortiz, voz oficial de Cima 100","datePublished":"2021-06-23T14:16:34+00:00","dateModified":"2021-06-23T14:16:35+00:00","mainEntityOfPage":{"@id":"https:\/\/blgnoticiassantodomingo.net\/index.php\/2021\/06\/23\/muere-orlando-ortiz-voz-oficial-de-cima-100\/"},"wordCount":494,"commentCount":0,"publisher":{"@id":"https:\/\/blgnoticiassantodomingo.net\/#organization"},"image":{"@id":"https:\/\/blgnoticiassantodomingo.net\/index.php\/2021\/06\/23\/muere-orlando-ortiz-voz-oficial-de-cima-100\/#primaryimage"},"thumbnailUrl":"https:\/\/blgnoticiassantodomingo.net\/wp-content\/uploads\/2021\/06\/muere-el-locutor-orlando-ortiz-la-voz-de-cima-100.jpeg","keywords":["cima 100","Coronavirus","Locutor","Muere","Orlando ortiz"],"articleSection":["Arte y Espectaculos"],"inLanguage":"es","potentialAction":[{"@type":"CommentAction","name":"Comment","target":["https:\/\/blgnoticiassantodomingo.net\/index.php\/2021\/06\/23\/muere-orlando-ortiz-voz-oficial-de-cima-100\/#respond"]}]},{"@type":"WebPage","@id":"https:\/\/blgnoticiassantodomingo.net\/index.php\/2021\/06\/23\/muere-orlando-ortiz-voz-oficial-de-cima-100\/","url":"https:\/\/blgnoticiassantodomingo.net\/index.php\/2021\/06\/23\/muere-orlando-ortiz-voz-oficial-de-cima-100\/","name":"Muere Orlando Ortiz, voz oficial de Cima 100 - BLG Noticias","isPartOf":{"@id":"https:\/\/blgnoticiassantodomingo.net\/#website"},"primaryImageOfPage":{"@id":"https:\/\/blgnoticiassantodomingo.net\/index.php\/2021\/06\/23\/muere-orlando-ortiz-voz-oficial-de-cima-100\/#primaryimage"},"image":{"@id":"https:\/\/blgnoticiassantodomingo.net\/index.php\/2021\/06\/23\/muere-orlando-ortiz-voz-oficial-de-cima-100\/#primaryimage"},"thumbnailUrl":"https:\/\/blgnoticiassantodomingo.net\/wp-content\/uploads\/2021\/06\/muere-el-locutor-orlando-ortiz-la-voz-de-cima-100.jpeg","datePublished":"2021-06-23T14:16:34+00:00","dateModified":"2021-06-23T14:16:35+00:00","breadcrumb":{"@id":"https:\/\/blgnoticiassantodomingo.net\/index.php\/2021\/06\/23\/muere-orlando-ortiz-voz-oficial-de-cima-100\/#breadcrumb"},"inLanguage":"es","potentialAction":[{"@type":"ReadAction","target":["https:\/\/blgnoticiassantodomingo.net\/index.php\/2021\/06\/23\/muere-orlando-ortiz-voz-oficial-de-cima-100\/"]}]},{"@type":"ImageObject","inLanguage":"es","@id":"https:\/\/blgnoticiassantodomingo.net\/index.php\/2021\/06\/23\/muere-orlando-ortiz-voz-oficial-de-cima-100\/#primaryimage","url":"https:\/\/blgnoticiassantodomingo.net\/wp-content\/uploads\/2021\/06\/muere-el-locutor-orlando-ortiz-la-voz-de-cima-100.jpeg","contentUrl":"https:\/\/blgnoticiassantodomingo.net\/wp-content\/uploads\/2021\/06\/muere-el-locutor-orlando-ortiz-la-voz-de-cima-100.jpeg","width":299,"height":460},{"@type":"BreadcrumbList","@id":"https:\/\/blgnoticiassantodomingo.net\/index.php\/2021\/06\/23\/muere-orlando-ortiz-voz-oficial-de-cima-100\/#breadcrumb","itemListElement":[{"@type":"ListItem","position":1,"name":"Portada","item":"https:\/\/blgnoticiassantodomingo.net\/"},{"@type":"ListItem","position":2,"name":"Muere Orlando Ortiz, voz oficial de Cima 100"}]},{"@type":"WebSite","@id":"https:\/\/blgnoticiassantodomingo.net\/#website","url":"https:\/\/blgnoticiassantodomingo.net\/","name":"BLG Noticias","description":"Esto es Noticias","publisher":{"@id":"https:\/\/blgnoticiassantodomingo.net\/#organization"},"potentialAction":[{"@type":"SearchAction","target":{"@type":"EntryPoint","urlTemplate":"https:\/\/blgnoticiassantodomingo.net\/?s={search_term_string}"},"query-input":{"@type":"PropertyValueSpecification","valueRequired":true,"valueName":"search_term_string"}}],"inLanguage":"es"},{"@type":"Organization","@id":"https:\/\/blgnoticiassantodomingo.net\/#organization","name":"BLG Noticias","url":"https:\/\/blgnoticiassantodomingo.net\/","logo":{"@type":"ImageObject","inLanguage":"es","@id":"https:\/\/blgnoticiassantodomingo.net\/#\/schema\/logo\/image\/","url":"https:\/\/blgnoticiassantodomingo.net\/wp-content\/uploads\/2023\/12\/Diseno-sin-titulo-3.jpg","contentUrl":"https:\/\/blgnoticiassantodomingo.net\/wp-content\/uploads\/2023\/12\/Diseno-sin-titulo-3.jpg","width":500,"height":500,"caption":"BLG Noticias"},"image":{"@id":"https:\/\/blgnoticiassantodomingo.net\/#\/schema\/logo\/image\/"},"sameAs":["https:\/\/web.facebook.com\/BlgNoticias\/?locale=es_LA&_rdc=1&_rdr","https:\/\/x.com\/BlgNoticias","https:\/\/www.linkedin.com\/in\/brenda-l-santana-aa846279\/"]},{"@type":"Person","@id":"https:\/\/blgnoticiassantodomingo.net\/#\/schema\/person\/e2fc21cf88acc63dbd134be981bff374","name":"Brenda Guerrero","image":{"@type":"ImageObject","inLanguage":"es","@id":"https:\/\/blgnoticiassantodomingo.net\/#\/schema\/person\/image\/","url":"https:\/\/secure.gravatar.com\/avatar\/2f7fc4c3e3655be1580cb684bfd8ab19be702ae20879da1e072021daa02f9b8b?s=96&d=wp_user_avatar&r=g","contentUrl":"https:\/\/secure.gravatar.com\/avatar\/2f7fc4c3e3655be1580cb684bfd8ab19be702ae20879da1e072021daa02f9b8b?s=96&d=wp_user_avatar&r=g","caption":"Brenda Guerrero"},"description":"Periodista","url":"https:\/\/blgnoticiassantodomingo.net\/index.php\/author\/brenda-guerrero\/"}]}},"jetpack_featured_media_url":"https:\/\/blgnoticiassantodomingo.net\/wp-content\/uploads\/2021\/06\/muere-el-locutor-orlando-ortiz-la-voz-de-cima-100.jpeg","_links":{"self":[{"href":"https:\/\/blgnoticiassantodomingo.net\/index.php\/wp-json\/wp\/v2\/posts\/26476","targetHints":{"allow":["GET"]}}],"collection":[{"href":"https:\/\/blgnoticiassantodomingo.net\/index.php\/wp-json\/wp\/v2\/posts"}],"about":[{"href":"https:\/\/blgnoticiassantodomingo.net\/index.php\/wp-json\/wp\/v2\/types\/post"}],"author":[{"embeddable":true,"href":"https:\/\/blgnoticiassantodomingo.net\/index.php\/wp-json\/wp\/v2\/users\/2"}],"replies":[{"embeddable":true,"href":"https:\/\/blgnoticiassantodomingo.net\/index.php\/wp-json\/wp\/v2\/comments?post=26476"}],"version-history":[{"count":1,"href":"https:\/\/blgnoticiassantodomingo.net\/index.php\/wp-json\/wp\/v2\/posts\/26476\/revisions"}],"predecessor-version":[{"id":26478,"href":"https:\/\/blgnoticiassantodomingo.net\/index.php\/wp-json\/wp\/v2\/posts\/26476\/revisions\/26478"}],"wp:featuredmedia":[{"embeddable":true,"href":"https:\/\/blgnoticiassantodomingo.net\/index.php\/wp-json\/wp\/v2\/media\/26477"}],"wp:attachment":[{"href":"https:\/\/blgnoticiassantodomingo.net\/index.php\/wp-json\/wp\/v2\/media?parent=26476"}],"wp:term":[{"taxonomy":"category","embeddable":true,"href":"https:\/\/blgnoticiassantodomingo.net\/index.php\/wp-json\/wp\/v2\/categories?post=26476"},{"taxonomy":"post_tag","embeddable":true,"href":"https:\/\/blgnoticiassantodomingo.net\/index.php\/wp-json\/wp\/v2\/tags?post=26476"}],"curies":[{"name":"wp","href":"https:\/\/api.w.org\/{rel}","templated":true}]}}